{"id":15769,"date":"2024-05-07T21:55:50","date_gmt":"2024-05-08T00:55:50","guid":{"rendered":"https:\/\/apuntesdesanluis.com\/?p=15769"},"modified":"2024-05-07T21:59:39","modified_gmt":"2024-05-08T00:59:39","slug":"carta-abierta-a-la-vicepresidenta-de-la-nacion-victoria-e-villarruel","status":"publish","type":"post","link":"https:\/\/apuntesdesanluis.com\/index.php\/2024\/05\/07\/carta-abierta-a-la-vicepresidenta-de-la-nacion-victoria-e-villarruel\/","title":{"rendered":"CARTA ABIERTA A LA VICEPRESIDENTA DE LA NACI\u00d3N VICTORIA E. VILLARRUEL"},"content":{"rendered":"<h3><strong>SRA. VICEPRESIDENTA DE LA NACI\u00d3N:<\/strong><\/h3>\n<h3>Tras su reciente visita a nuestra provincia hemos conocido una fotograf\u00eda suya acompa\u00f1ada por el ex gobernador, ex presidente interino y ex senador nacional, Adolfo Rodr\u00edguez Sa\u00e1, su esposa Gisela Vartalitis e hijos. Foto tomada en ocasi\u00f3n de una cena a la que fue invitada en la enorme y fastuosa residencia ubicada en Potrero de los Funes.<\/h3>\n<p><img fetchpriority=\"high\" decoding=\"async\" class=\"wp-image-15646 aligncenter\" src=\"https:\/\/apuntesdesanluis.com\/wp-content\/uploads\/2024\/05\/ADOPLFO-Y-VILLARRUEL-300x189.jpg\" alt=\"\" width=\"675\" height=\"425\" srcset=\"https:\/\/apuntesdesanluis.com\/wp-content\/uploads\/2024\/05\/ADOPLFO-Y-VILLARRUEL-300x189.jpg 300w, https:\/\/apuntesdesanluis.com\/wp-content\/uploads\/2024\/05\/ADOPLFO-Y-VILLARRUEL.jpg 600w\" sizes=\"(max-width: 675px) 100vw, 675px\" \/><\/p>\n<h3>Ver las expresiones de alegr\u00eda que llenan la foto de referencia, me hacen pensar que Ud., Sra. Vicepresidenta, no conoce cabalmente la historia pol\u00edtica de su anfitri\u00f3n, de ah\u00ed que me atrevo a esta Carta Abierta.<\/h3>\n<h3>Adolfo Rodr\u00edguez Sa\u00e1 fue cinco veces elegido gobernador de San Luis, complet\u00f3 cuatro mandatos y renunci\u00f3 al quinto para asumir su breve presidencia nacional.\u00a0\u00a0 M\u00e1s adelante su hermano Alberto, tambi\u00e9n cumpli\u00f3 cuatro mandatos como gobernador, adem\u00e1s de varios como senador nacional. Durante cuarenta a\u00f1os estos dos hermanos dominaron a su antojo la pol\u00edtica provincial. No creo que renuncien a recuperar el poder al que son tan afectos.<\/h3>\n<h3>Desde el gobierno, esta familia y sus amigos, amasaron una fortuna dif\u00edcil de calcular y definir desde el llano, quiz\u00e1s si alguna vez la AFIP se decide, puede conocerse su dimensi\u00f3n y por qu\u00e9 no, su origen.<\/h3>\n<h3>No dir\u00e9 nada m\u00e1s de esa fortuna familiar, porque las denuncias por enriquecimiento fueron rechazadas por la justicia provincial y luego cajoneadas, archivadas, olvidadas por la justicia federal en San Luis. Este obrar de la justicia \u201cblanque\u00f3\u201d a fines de los \u00b490 los bienes existentes a esa fecha. De ah\u00ed en m\u00e1s el crecimiento exponencial de aquellos bienes as\u00ed \u201clegalizados\u201d llega a la enorme dimensi\u00f3n de la fortuna que tanto gustan ostentar.<\/h3>\n<h3>Quiz\u00e1s Ud. pudo darse una idea de lo que digo, al conocer la lujosa mansi\u00f3n en la que se realiz\u00f3 la cena. El terreno que ocupa puede albergar un barrio con algunas decenas de casas. Otro dato de c\u00f3mo Adolfo maneja estas cosas, lo da el hecho que hace unos a\u00f1os, la Polic\u00eda Provincial cumpl\u00eda la orden de no permitir el estacionamiento ni la permanencia de personas en la ruta entre la mansi\u00f3n y el Dique Potrero de los Funes, para que el bullicio de las personas no moleste a quienes la habitan.<\/h3>\n<h3>De tantas otras tropel\u00edas gubernamentales, se han escrito muchas p\u00e1ginas y hay temas para otras muchas; solo habr\u00e9 de referirme, a modo de ejemplo, a la violenta y cruel violaci\u00f3n de los derechos humanos ocurrida en el segundo mandato de Adolfo Rodr\u00edguez Sa\u00e1, en la que los tres poderes, Ejecutivo, Legislativo y Judicial jugaron arm\u00f3nicamente para torturar, esconder, callar, eludir la justica, garantizar la impunidad de los responsables. Ser\u00e9 lo m\u00e1s breve posible.<\/h3>\n<h3>All\u00e1 por octubre de 1989, se denunci\u00f3 la desaparici\u00f3n de Claudia Ren\u00e9 D\u00edaz, estudiante secundaria de 15 a\u00f1os. Pas\u00f3 el tiempo, sin que las investigaciones dieran resultado y en 1992 tras numerosas marchas exigiendo la aparici\u00f3n de Claudia, con presencia de la hermana Martha Pelloni, se detuvo a Nelson Rafael Madafs, un joven de 17 a\u00f1os que supo acompa\u00f1ar a Claudia desde el colegio hasta su casa.<\/h3>\n<h3>Al declarar Nelson desconocer el paradero de Claudia, comenz\u00f3 su largo martirio. Para arrancarle una confesi\u00f3n fue brutal, feroz y persistentemente torturado por la polic\u00eda con presencia y participaci\u00f3n en los golpes, seg\u00fan asegura Nelson, del juez interviniente N\u00e9stor Alfredo Ochoa.\u00a0 Tambi\u00e9n fueron detenidos brevemente y torturados el padre y hermanos de Nelson.<\/h3>\n<h3>No detallar\u00e9 las torturas sufridas, pero cr\u00e9ame Sra. Vicepresidenta, que fueron terribles, de una crueldad e intensidad inimaginables en un gobierno republicano y democr\u00e1tico, que nos duelen y averg\u00fcenzan a todos.<\/h3>\n<h3>Ante tanto dolor, Nelson firm\u00f3 la \u201cdeclaraci\u00f3n\u201d que le presentaron juez y polic\u00edas, diciendo que Claudia hab\u00eda fallecido a consecuencias de un aborto clandestino, se\u00f1alando lugares en los que hab\u00eda sido sepultada ilegalmente. El cuerpo del presunto delito nunca apareci\u00f3 y tras a\u00f1os de detenci\u00f3n y torturas fue liberado, incapacitado para el trabajo, enfermo, desnutrido y con la emocionalidad y memoria afectadas.<\/h3>\n<h3>Hasta la fecha, ni Adolfo Rodr\u00edguez Sa\u00e1, ni el juez, ni los polic\u00edas, ni los penitenciarios, mostraron arrepentimiento o pidieron perd\u00f3n.<\/h3>\n<h3>Pasaron los a\u00f1os y en 1998 Claudia D\u00edaz apareci\u00f3 en Caucete, Pcia. de San Juan, con una pareja violenta y cuatro hijos. Hab\u00eda escapado de su casa por los malos tratos recibidos de su padrastro.<\/h3>\n<h3>Se hizo un juicio civil, Expte 17-M-2000, y el Superior Tribunal de Justicia, en mayo de 2009, sin nombrar a los responsables, reconoce el martirio de Nelson a manos de personal policial y penitenciario, y determina una indemnizaci\u00f3n, bastante pobre, por cierto.<\/h3>\n<h3>Nunca se hizo un juicio penal contra los torturadores, los que se jubilaron en cargos jer\u00e1rquicos de sus carreras.<\/h3>\n<h3>Por cierto, que la prensa oficial, la familiar y otras temerosas del poder, callaron cuidadosamente lo ocurrido. Unos pocos medios nacionales se ocuparon, tard\u00edamente del caso. Se publicaron libros y numerosas notas period\u00edsticas de autores sanluise\u00f1os que narraron este caso, pero siempre con escasa distribuci\u00f3n y eco period\u00edstico. Pocos se animan a precisar los nombres y acciones de los responsables.<\/h3>\n<h3>Un silencio que aturde por esconder la crueldad e impunidad de la violaci\u00f3n de los Derechos Humanos de Nelson Rafael Madafs, que vive hoy en la pobreza.<\/h3>\n<h3>Reitero, Sra. Vicepresidenta, que en este caso, los tres poderes del estado trabajaron arm\u00f3nicamente para destruir a Nelson y tapar todo. El Ejecutivo como responsable de la Polic\u00eda y Servicio Penitenciario m\u00e1s el silencio e inacci\u00f3n del gobernador y su gabinete. El Judicial que no supo investigar, y que no reaccion\u00f3 ante un juez que presenci\u00f3, toler\u00f3 y particip\u00f3 de las torturas; ni fiscales ni jueces se animaron a actuar de oficio; el Superior Tribunal se cuid\u00f3 de dar nombres, como si Nelson hubiese sido v\u00edctima de fantasmas. El Legislativo nunca aprob\u00f3 los pedidos de informes y de interpelaci\u00f3n a los funcionarios responsables, tampoco aprob\u00f3 los juri pedidos al juez Ochoa.<\/h3>\n<h3>Todo ocurri\u00f3 con Adolfo Rodr\u00edguez Sa\u00e1 como gobernador.<\/h3>\n<h3>Sra. Vicepresidenta, este relato muestra en su brevedad, lo que catalogo como la casta feudal de los Rodr\u00edguez Sa\u00e1. Digo feudo porque los \u201cse\u00f1ores\u201d prostituyeron las instituciones republicanas aferr\u00e1ndose por d\u00e9cadas del poder, repartiendo se\u00f1or\u00edos menores en la estructura estatal, quienes siendo aplaudidores d\u00f3ciles y callados pod\u00edan ser manejados al antojo se\u00f1orial. Digo casta, porque se conform\u00f3 un grupo de funcionarios convencidos de sus bondades y capacidades, con derecho poco menos que a la perpetuidad impune y a la sucesi\u00f3n familiar.<\/h3>\n<h3>Estimo, Sra. Vicepresidenta, que Adolfo Rodr\u00edguez Sa\u00e1 la invit\u00f3 buscando ofrecer apoyo al gobierno nacional; quiz\u00e1s, como se comenta, a cambio de cargos electivos para su actual esposa Gisela Vartalitis.\u00a0 Creo que el haber aceptado esa invitaci\u00f3n es un dato de su educaci\u00f3n y cordialidad y de desconocer realidades, pero cr\u00e9ame que flaco favor le hace ese encuentro, al mensaje gubernamental contra los viejos vicios politiqueros.<\/h3>\n<h3>Si hablamos de casta pol\u00edtica, el adolfo-albertismo sanluise\u00f1o, constituye uno de los peores y m\u00e1s crueles ejemplos argentinos.<\/h3>\n<h3>Sra. Vicepresidenta, sus convicciones religiosas la trajeron d\u00edas atr\u00e1s a nuestra provincia, creo que ellas le permitir\u00e1n investigar y analizar con justicia y verdad estos hechos que detallo brevemente.<\/h3>\n<h3 style=\"text-align: center;\">Atentos saludos.<\/h3>\n<h3>San Luis, Mayo 7 de 2024<\/h3>\n<h3 style=\"text-align: right;\"><span style=\"color: #000000;\"><strong>Prof. Luis Alberto Moreno<\/strong><\/span><\/h3>\n<p>&nbsp;<\/p>\n<p>&nbsp;<\/p>\n<p>&nbsp;<\/p>\n","protected":false},"excerpt":{"rendered":"<p>SRA. VICEPRESIDENTA DE LA NACI\u00d3N: Tras su reciente visita a nuestra provincia hemos conocido una&#8230;<\/p>\n","protected":false},"author":1,"featured_media":15770,"comment_status":"closed","ping_status":"closed","sticky":false,"template":"","format":"standard","meta":{"footnotes":""},"categories":[9],"tags":[],"class_list":["post-15769","post","type-post","status-publish","format-standard","has-post-thumbnail","hentry","category-opinion"],"yoast_head":"<!-- This site is optimized with the Yoast SEO plugin v26.1.1 - https:\/\/yoast.com\/wordpress\/plugins\/seo\/ -->\n<title>CARTA ABIERTA A LA VICEPRESIDENTA DE LA NACI\u00d3N VICTORIA E. VILLARRUEL - Apuntes de San Luis<\/title>\n<meta name=\"robots\" content=\"index, follow, max-snippet:-1, max-image-preview:large, max-video-preview:-1\" \/>\n<link rel=\"canonical\" href=\"https:\/\/apuntesdesanluis.com\/index.php\/2024\/05\/07\/carta-abierta-a-la-vicepresidenta-de-la-nacion-victoria-e-villarruel\/\" \/>\n<meta property=\"og:locale\" content=\"es_ES\" \/>\n<meta property=\"og:type\" content=\"article\" \/>\n<meta property=\"og:title\" content=\"CARTA ABIERTA A LA VICEPRESIDENTA DE LA NACI\u00d3N VICTORIA E. VILLARRUEL - Apuntes de San Luis\" \/>\n<meta property=\"og:description\" content=\"SRA. VICEPRESIDENTA DE LA NACI\u00d3N: Tras su reciente visita a nuestra provincia hemos conocido una...\" \/>\n<meta property=\"og:url\" content=\"https:\/\/apuntesdesanluis.com\/index.php\/2024\/05\/07\/carta-abierta-a-la-vicepresidenta-de-la-nacion-victoria-e-villarruel\/\" \/>\n<meta property=\"og:site_name\" content=\"Apuntes de San Luis\" \/>\n<meta property=\"article:published_time\" content=\"2024-05-08T00:55:50+00:00\" \/>\n<meta property=\"article:modified_time\" content=\"2024-05-08T00:59:39+00:00\" \/>\n<meta property=\"og:image\" content=\"https:\/\/apuntesdesanluis.com\/wp-content\/uploads\/2024\/05\/tochi-moreno.png\" \/>\n\t<meta property=\"og:image:width\" content=\"665\" \/>\n\t<meta property=\"og:image:height\" content=\"407\" \/>\n\t<meta property=\"og:image:type\" content=\"image\/png\" \/>\n<meta name=\"author\" content=\"apuntesdesanluis.com\" \/>\n<meta name=\"twitter:card\" content=\"summary_large_image\" \/>\n<meta name=\"twitter:label1\" content=\"Escrito por\" \/>\n\t<meta name=\"twitter:data1\" content=\"apuntesdesanluis.com\" \/>\n\t<meta name=\"twitter:label2\" content=\"Tiempo de lectura\" \/>\n\t<meta name=\"twitter:data2\" content=\"6 minutos\" \/>\n<script type=\"application\/ld+json\" class=\"yoast-schema-graph\">{\"@context\":\"https:\/\/schema.org\",\"@graph\":[{\"@type\":\"Article\",\"@id\":\"https:\/\/apuntesdesanluis.com\/index.php\/2024\/05\/07\/carta-abierta-a-la-vicepresidenta-de-la-nacion-victoria-e-villarruel\/#article\",\"isPartOf\":{\"@id\":\"https:\/\/apuntesdesanluis.com\/index.php\/2024\/05\/07\/carta-abierta-a-la-vicepresidenta-de-la-nacion-victoria-e-villarruel\/\"},\"author\":{\"name\":\"apuntesdesanluis.com\",\"@id\":\"https:\/\/apuntesdesanluis.com\/#\/schema\/person\/b55151d52296fcce64d1a72538a70b90\"},\"headline\":\"CARTA ABIERTA A LA VICEPRESIDENTA DE LA NACI\u00d3N VICTORIA E. VILLARRUEL\",\"datePublished\":\"2024-05-08T00:55:50+00:00\",\"dateModified\":\"2024-05-08T00:59:39+00:00\",\"mainEntityOfPage\":{\"@id\":\"https:\/\/apuntesdesanluis.com\/index.php\/2024\/05\/07\/carta-abierta-a-la-vicepresidenta-de-la-nacion-victoria-e-villarruel\/\"},\"wordCount\":1285,\"publisher\":{\"@id\":\"https:\/\/apuntesdesanluis.com\/#\/schema\/person\/b55151d52296fcce64d1a72538a70b90\"},\"image\":{\"@id\":\"https:\/\/apuntesdesanluis.com\/index.php\/2024\/05\/07\/carta-abierta-a-la-vicepresidenta-de-la-nacion-victoria-e-villarruel\/#primaryimage\"},\"thumbnailUrl\":\"https:\/\/apuntesdesanluis.com\/wp-content\/uploads\/2024\/05\/tochi-moreno.png\",\"articleSection\":[\"Opini\u00f3n\"],\"inLanguage\":\"es-AR\"},{\"@type\":\"WebPage\",\"@id\":\"https:\/\/apuntesdesanluis.com\/index.php\/2024\/05\/07\/carta-abierta-a-la-vicepresidenta-de-la-nacion-victoria-e-villarruel\/\",\"url\":\"https:\/\/apuntesdesanluis.com\/index.php\/2024\/05\/07\/carta-abierta-a-la-vicepresidenta-de-la-nacion-victoria-e-villarruel\/\",\"name\":\"CARTA ABIERTA A LA VICEPRESIDENTA DE LA NACI\u00d3N VICTORIA E. VILLARRUEL - Apuntes de San Luis\",\"isPartOf\":{\"@id\":\"https:\/\/apuntesdesanluis.com\/#website\"},\"primaryImageOfPage\":{\"@id\":\"https:\/\/apuntesdesanluis.com\/index.php\/2024\/05\/07\/carta-abierta-a-la-vicepresidenta-de-la-nacion-victoria-e-villarruel\/#primaryimage\"},\"image\":{\"@id\":\"https:\/\/apuntesdesanluis.com\/index.php\/2024\/05\/07\/carta-abierta-a-la-vicepresidenta-de-la-nacion-victoria-e-villarruel\/#primaryimage\"},\"thumbnailUrl\":\"https:\/\/apuntesdesanluis.com\/wp-content\/uploads\/2024\/05\/tochi-moreno.png\",\"datePublished\":\"2024-05-08T00:55:50+00:00\",\"dateModified\":\"2024-05-08T00:59:39+00:00\",\"breadcrumb\":{\"@id\":\"https:\/\/apuntesdesanluis.com\/index.php\/2024\/05\/07\/carta-abierta-a-la-vicepresidenta-de-la-nacion-victoria-e-villarruel\/#breadcrumb\"},\"inLanguage\":\"es-AR\",\"potentialAction\":[{\"@type\":\"ReadAction\",\"target\":[\"https:\/\/apuntesdesanluis.com\/index.php\/2024\/05\/07\/carta-abierta-a-la-vicepresidenta-de-la-nacion-victoria-e-villarruel\/\"]}]},{\"@type\":\"ImageObject\",\"inLanguage\":\"es-AR\",\"@id\":\"https:\/\/apuntesdesanluis.com\/index.php\/2024\/05\/07\/carta-abierta-a-la-vicepresidenta-de-la-nacion-victoria-e-villarruel\/#primaryimage\",\"url\":\"https:\/\/apuntesdesanluis.com\/wp-content\/uploads\/2024\/05\/tochi-moreno.png\",\"contentUrl\":\"https:\/\/apuntesdesanluis.com\/wp-content\/uploads\/2024\/05\/tochi-moreno.png\",\"width\":665,\"height\":407},{\"@type\":\"BreadcrumbList\",\"@id\":\"https:\/\/apuntesdesanluis.com\/index.php\/2024\/05\/07\/carta-abierta-a-la-vicepresidenta-de-la-nacion-victoria-e-villarruel\/#breadcrumb\",\"itemListElement\":[{\"@type\":\"ListItem\",\"position\":1,\"name\":\"Inicio\",\"item\":\"https:\/\/apuntesdesanluis.com\/\"},{\"@type\":\"ListItem\",\"position\":2,\"name\":\"CARTA ABIERTA A LA VICEPRESIDENTA DE LA NACI\u00d3N VICTORIA E. VILLARRUEL\"}]},{\"@type\":\"WebSite\",\"@id\":\"https:\/\/apuntesdesanluis.com\/#website\",\"url\":\"https:\/\/apuntesdesanluis.com\/\",\"name\":\"Apuntes de San Luis\",\"description\":\"\",\"publisher\":{\"@id\":\"https:\/\/apuntesdesanluis.com\/#\/schema\/person\/b55151d52296fcce64d1a72538a70b90\"},\"potentialAction\":[{\"@type\":\"SearchAction\",\"target\":{\"@type\":\"EntryPoint\",\"urlTemplate\":\"https:\/\/apuntesdesanluis.com\/?s={search_term_string}\"},\"query-input\":{\"@type\":\"PropertyValueSpecification\",\"valueRequired\":true,\"valueName\":\"search_term_string\"}}],\"inLanguage\":\"es-AR\"},{\"@type\":[\"Person\",\"Organization\"],\"@id\":\"https:\/\/apuntesdesanluis.com\/#\/schema\/person\/b55151d52296fcce64d1a72538a70b90\",\"name\":\"apuntesdesanluis.com\",\"image\":{\"@type\":\"ImageObject\",\"inLanguage\":\"es-AR\",\"@id\":\"https:\/\/apuntesdesanluis.com\/#\/schema\/person\/image\/\",\"url\":\"https:\/\/apuntesdesanluis.com\/wp-content\/uploads\/2023\/07\/cropped-apuntesdesanluis.png\",\"contentUrl\":\"https:\/\/apuntesdesanluis.com\/wp-content\/uploads\/2023\/07\/cropped-apuntesdesanluis.png\",\"width\":450,\"height\":112,\"caption\":\"apuntesdesanluis.com\"},\"logo\":{\"@id\":\"https:\/\/apuntesdesanluis.com\/#\/schema\/person\/image\/\"},\"sameAs\":[\"https:\/\/apuntesdesanluis.com\"],\"url\":\"https:\/\/apuntesdesanluis.com\/index.php\/author\/apuntesdesanluis-com\/\"}]}<\/script>\n<!-- \/ Yoast SEO plugin. -->","yoast_head_json":{"title":"CARTA ABIERTA A LA VICEPRESIDENTA DE LA NACI\u00d3N VICTORIA E. VILLARRUEL - Apuntes de San Luis","robots":{"index":"index","follow":"follow","max-snippet":"max-snippet:-1","max-image-preview":"max-image-preview:large","max-video-preview":"max-video-preview:-1"},"canonical":"https:\/\/apuntesdesanluis.com\/index.php\/2024\/05\/07\/carta-abierta-a-la-vicepresidenta-de-la-nacion-victoria-e-villarruel\/","og_locale":"es_ES","og_type":"article","og_title":"CARTA ABIERTA A LA VICEPRESIDENTA DE LA NACI\u00d3N VICTORIA E. VILLARRUEL - Apuntes de San Luis","og_description":"SRA. VICEPRESIDENTA DE LA NACI\u00d3N: Tras su reciente visita a nuestra provincia hemos conocido una...","og_url":"https:\/\/apuntesdesanluis.com\/index.php\/2024\/05\/07\/carta-abierta-a-la-vicepresidenta-de-la-nacion-victoria-e-villarruel\/","og_site_name":"Apuntes de San Luis","article_published_time":"2024-05-08T00:55:50+00:00","article_modified_time":"2024-05-08T00:59:39+00:00","og_image":[{"width":665,"height":407,"url":"https:\/\/apuntesdesanluis.com\/wp-content\/uploads\/2024\/05\/tochi-moreno.png","type":"image\/png"}],"author":"apuntesdesanluis.com","twitter_card":"summary_large_image","twitter_misc":{"Escrito por":"apuntesdesanluis.com","Tiempo de lectura":"6 minutos"},"schema":{"@context":"https:\/\/schema.org","@graph":[{"@type":"Article","@id":"https:\/\/apuntesdesanluis.com\/index.php\/2024\/05\/07\/carta-abierta-a-la-vicepresidenta-de-la-nacion-victoria-e-villarruel\/#article","isPartOf":{"@id":"https:\/\/apuntesdesanluis.com\/index.php\/2024\/05\/07\/carta-abierta-a-la-vicepresidenta-de-la-nacion-victoria-e-villarruel\/"},"author":{"name":"apuntesdesanluis.com","@id":"https:\/\/apuntesdesanluis.com\/#\/schema\/person\/b55151d52296fcce64d1a72538a70b90"},"headline":"CARTA ABIERTA A LA VICEPRESIDENTA DE LA NACI\u00d3N VICTORIA E. VILLARRUEL","datePublished":"2024-05-08T00:55:50+00:00","dateModified":"2024-05-08T00:59:39+00:00","mainEntityOfPage":{"@id":"https:\/\/apuntesdesanluis.com\/index.php\/2024\/05\/07\/carta-abierta-a-la-vicepresidenta-de-la-nacion-victoria-e-villarruel\/"},"wordCount":1285,"publisher":{"@id":"https:\/\/apuntesdesanluis.com\/#\/schema\/person\/b55151d52296fcce64d1a72538a70b90"},"image":{"@id":"https:\/\/apuntesdesanluis.com\/index.php\/2024\/05\/07\/carta-abierta-a-la-vicepresidenta-de-la-nacion-victoria-e-villarruel\/#primaryimage"},"thumbnailUrl":"https:\/\/apuntesdesanluis.com\/wp-content\/uploads\/2024\/05\/tochi-moreno.png","articleSection":["Opini\u00f3n"],"inLanguage":"es-AR"},{"@type":"WebPage","@id":"https:\/\/apuntesdesanluis.com\/index.php\/2024\/05\/07\/carta-abierta-a-la-vicepresidenta-de-la-nacion-victoria-e-villarruel\/","url":"https:\/\/apuntesdesanluis.com\/index.php\/2024\/05\/07\/carta-abierta-a-la-vicepresidenta-de-la-nacion-victoria-e-villarruel\/","name":"CARTA ABIERTA A LA VICEPRESIDENTA DE LA NACI\u00d3N VICTORIA E. VILLARRUEL - Apuntes de San Luis","isPartOf":{"@id":"https:\/\/apuntesdesanluis.com\/#website"},"primaryImageOfPage":{"@id":"https:\/\/apuntesdesanluis.com\/index.php\/2024\/05\/07\/carta-abierta-a-la-vicepresidenta-de-la-nacion-victoria-e-villarruel\/#primaryimage"},"image":{"@id":"https:\/\/apuntesdesanluis.com\/index.php\/2024\/05\/07\/carta-abierta-a-la-vicepresidenta-de-la-nacion-victoria-e-villarruel\/#primaryimage"},"thumbnailUrl":"https:\/\/apuntesdesanluis.com\/wp-content\/uploads\/2024\/05\/tochi-moreno.png","datePublished":"2024-05-08T00:55:50+00:00","dateModified":"2024-05-08T00:59:39+00:00","breadcrumb":{"@id":"https:\/\/apuntesdesanluis.com\/index.php\/2024\/05\/07\/carta-abierta-a-la-vicepresidenta-de-la-nacion-victoria-e-villarruel\/#breadcrumb"},"inLanguage":"es-AR","potentialAction":[{"@type":"ReadAction","target":["https:\/\/apuntesdesanluis.com\/index.php\/2024\/05\/07\/carta-abierta-a-la-vicepresidenta-de-la-nacion-victoria-e-villarruel\/"]}]},{"@type":"ImageObject","inLanguage":"es-AR","@id":"https:\/\/apuntesdesanluis.com\/index.php\/2024\/05\/07\/carta-abierta-a-la-vicepresidenta-de-la-nacion-victoria-e-villarruel\/#primaryimage","url":"https:\/\/apuntesdesanluis.com\/wp-content\/uploads\/2024\/05\/tochi-moreno.png","contentUrl":"https:\/\/apuntesdesanluis.com\/wp-content\/uploads\/2024\/05\/tochi-moreno.png","width":665,"height":407},{"@type":"BreadcrumbList","@id":"https:\/\/apuntesdesanluis.com\/index.php\/2024\/05\/07\/carta-abierta-a-la-vicepresidenta-de-la-nacion-victoria-e-villarruel\/#breadcrumb","itemListElement":[{"@type":"ListItem","position":1,"name":"Inicio","item":"https:\/\/apuntesdesanluis.com\/"},{"@type":"ListItem","position":2,"name":"CARTA ABIERTA A LA VICEPRESIDENTA DE LA NACI\u00d3N VICTORIA E. VILLARRUEL"}]},{"@type":"WebSite","@id":"https:\/\/apuntesdesanluis.com\/#website","url":"https:\/\/apuntesdesanluis.com\/","name":"Apuntes de San Luis","description":"","publisher":{"@id":"https:\/\/apuntesdesanluis.com\/#\/schema\/person\/b55151d52296fcce64d1a72538a70b90"},"potentialAction":[{"@type":"SearchAction","target":{"@type":"EntryPoint","urlTemplate":"https:\/\/apuntesdesanluis.com\/?s={search_term_string}"},"query-input":{"@type":"PropertyValueSpecification","valueRequired":true,"valueName":"search_term_string"}}],"inLanguage":"es-AR"},{"@type":["Person","Organization"],"@id":"https:\/\/apuntesdesanluis.com\/#\/schema\/person\/b55151d52296fcce64d1a72538a70b90","name":"apuntesdesanluis.com","image":{"@type":"ImageObject","inLanguage":"es-AR","@id":"https:\/\/apuntesdesanluis.com\/#\/schema\/person\/image\/","url":"https:\/\/apuntesdesanluis.com\/wp-content\/uploads\/2023\/07\/cropped-apuntesdesanluis.png","contentUrl":"https:\/\/apuntesdesanluis.com\/wp-content\/uploads\/2023\/07\/cropped-apuntesdesanluis.png","width":450,"height":112,"caption":"apuntesdesanluis.com"},"logo":{"@id":"https:\/\/apuntesdesanluis.com\/#\/schema\/person\/image\/"},"sameAs":["https:\/\/apuntesdesanluis.com"],"url":"https:\/\/apuntesdesanluis.com\/index.php\/author\/apuntesdesanluis-com\/"}]}},"featured_image_urls":{"full":["https:\/\/apuntesdesanluis.com\/wp-content\/uploads\/2024\/05\/tochi-moreno.png",665,407,false],"thumbnail":["https:\/\/apuntesdesanluis.com\/wp-content\/uploads\/2024\/05\/tochi-moreno-150x150.png",150,150,true],"medium":["https:\/\/apuntesdesanluis.com\/wp-content\/uploads\/2024\/05\/tochi-moreno-300x184.png",300,184,true],"medium_large":["https:\/\/apuntesdesanluis.com\/wp-content\/uploads\/2024\/05\/tochi-moreno.png",640,392,false],"large":["https:\/\/apuntesdesanluis.com\/wp-content\/uploads\/2024\/05\/tochi-moreno.png",640,392,false],"1536x1536":["https:\/\/apuntesdesanluis.com\/wp-content\/uploads\/2024\/05\/tochi-moreno.png",665,407,false],"2048x2048":["https:\/\/apuntesdesanluis.com\/wp-content\/uploads\/2024\/05\/tochi-moreno.png",665,407,false],"newsever-slider-full":["https:\/\/apuntesdesanluis.com\/wp-content\/uploads\/2024\/05\/tochi-moreno.png",665,407,false],"newsever-featured":["https:\/\/apuntesdesanluis.com\/wp-content\/uploads\/2024\/05\/tochi-moreno.png",665,407,false],"newsever-medium":["https:\/\/apuntesdesanluis.com\/wp-content\/uploads\/2024\/05\/tochi-moreno.png",665,407,false]},"author_info":{"display_name":"apuntesdesanluis.com","author_link":"https:\/\/apuntesdesanluis.com\/index.php\/author\/apuntesdesanluis-com\/"},"category_info":"<a href=\"https:\/\/apuntesdesanluis.com\/index.php\/category\/opinion\/\" rel=\"category tag\">Opini\u00f3n<\/a>","tag_info":"Opini\u00f3n","comment_count":"0","_links":{"self":[{"href":"https:\/\/apuntesdesanluis.com\/index.php\/wp-json\/wp\/v2\/posts\/15769","targetHints":{"allow":["GET"]}}],"collection":[{"href":"https:\/\/apuntesdesanluis.com\/index.php\/wp-json\/wp\/v2\/posts"}],"about":[{"href":"https:\/\/apuntesdesanluis.com\/index.php\/wp-json\/wp\/v2\/types\/post"}],"author":[{"embeddable":true,"href":"https:\/\/apuntesdesanluis.com\/index.php\/wp-json\/wp\/v2\/users\/1"}],"replies":[{"embeddable":true,"href":"https:\/\/apuntesdesanluis.com\/index.php\/wp-json\/wp\/v2\/comments?post=15769"}],"version-history":[{"count":3,"href":"https:\/\/apuntesdesanluis.com\/index.php\/wp-json\/wp\/v2\/posts\/15769\/revisions"}],"predecessor-version":[{"id":15773,"href":"https:\/\/apuntesdesanluis.com\/index.php\/wp-json\/wp\/v2\/posts\/15769\/revisions\/15773"}],"wp:featuredmedia":[{"embeddable":true,"href":"https:\/\/apuntesdesanluis.com\/index.php\/wp-json\/wp\/v2\/media\/15770"}],"wp:attachment":[{"href":"https:\/\/apuntesdesanluis.com\/index.php\/wp-json\/wp\/v2\/media?parent=15769"}],"wp:term":[{"taxonomy":"category","embeddable":true,"href":"https:\/\/apuntesdesanluis.com\/index.php\/wp-json\/wp\/v2\/categories?post=15769"},{"taxonomy":"post_tag","embeddable":true,"href":"https:\/\/apuntesdesanluis.com\/index.php\/wp-json\/wp\/v2\/tags?post=15769"}],"curies":[{"name":"wp","href":"https:\/\/api.w.org\/{rel}","templated":true}]}}