{"id":15786,"date":"2024-05-07T22:59:05","date_gmt":"2024-05-08T01:59:05","guid":{"rendered":"https:\/\/apuntesdesanluis.com\/?p=15786"},"modified":"2024-05-07T22:59:05","modified_gmt":"2024-05-08T01:59:05","slug":"poggi-realizara-una-gira-institucional-por-todo-san-luis-que-durara-25-dias","status":"publish","type":"post","link":"https:\/\/apuntesdesanluis.com\/index.php\/2024\/05\/07\/poggi-realizara-una-gira-institucional-por-todo-san-luis-que-durara-25-dias\/","title":{"rendered":"POGGI REALIZAR\u00c1 UNA GIRA INSTITUCIONAL POR TODO SAN LUIS QUE DURAR\u00c1 25 D\u00cdAS"},"content":{"rendered":"<h3>El Gobernador <strong>Claudio Poggi<\/strong> mantendr\u00e1 el contacto cara a cara con los habitantes de la provincia, en una recorrida que comenzar\u00e1 el 3 de junio y se extender\u00e1 hasta el 28 de ese mes.<\/h3>\n<h3>Durante ese lapso visitar\u00e1 65 localidades, de norte a sur y de este a oeste. Poggi encabezar\u00e1 la gira en colectivo y junto a todo su gabinete de ministros.<\/h3>\n<h3>\u201cEl gobernador Claudio Poggi quiere conocer en primera persona lo que pasa en cada pueblo, paraje y ciudad de San Luis. Esa cercan\u00eda, un sello distintivo en sus gestiones, le ha permitido luego tomar decisiones que se tradujeron en pol\u00edticas pensadas para el bien com\u00fan de los habitantes de cada departamento provincial\u201d, inform\u00f3 la agencia de noticias del gobierno.<\/h3>\n<h3>La gira ser\u00e1 coordinada con intendentes, legisladores departamentales y figuras p\u00fablicas de cada lugar. La actividad incluir\u00e1 la visita diaria a 3 o 4 localidades e incluso podr\u00eda pernoctar en alguna de ellas. Comenzar\u00e1 el 3 de junio y estar\u00e1 visitando pueblos y ciudades hasta el d\u00eda 28.<\/h3>\n<p>&nbsp;<\/p>\n<p>&nbsp;<\/p>\n<p>&nbsp;<\/p>\n<p>&nbsp;<\/p>\n<p>&nbsp;<\/p>\n<p>&nbsp;<\/p>\n<p>&nbsp;<\/p>\n<p>&nbsp;<\/p>\n<p>&nbsp;<\/p>\n","protected":false},"excerpt":{"rendered":"<p>El Gobernador Claudio Poggi mantendr\u00e1 el contacto cara a cara con los habitantes de la&#8230;<\/p>\n","protected":false},"author":1,"featured_media":15787,"comment_status":"closed","ping_status":"closed","sticky":false,"template":"","format":"standard","meta":{"footnotes":""},"categories":[6],"tags":[],"class_list":["post-15786","post","type-post","status-publish","format-standard","has-post-thumbnail","hentry","category-ciudad-provincia"],"yoast_head":"<!-- This site is optimized with the Yoast SEO plugin v26.1.1 - https:\/\/yoast.com\/wordpress\/plugins\/seo\/ -->\n<title>POGGI REALIZAR\u00c1 UNA GIRA INSTITUCIONAL POR TODO SAN LUIS QUE DURAR\u00c1 25 D\u00cdAS - Apuntes de San Luis<\/title>\n<meta name=\"robots\" content=\"index, follow, max-snippet:-1, max-image-preview:large, max-video-preview:-1\" \/>\n<link rel=\"canonical\" href=\"https:\/\/apuntesdesanluis.com\/index.php\/2024\/05\/07\/poggi-realizara-una-gira-institucional-por-todo-san-luis-que-durara-25-dias\/\" \/>\n<meta property=\"og:locale\" content=\"es_ES\" \/>\n<meta property=\"og:type\" content=\"article\" \/>\n<meta property=\"og:title\" content=\"POGGI REALIZAR\u00c1 UNA GIRA INSTITUCIONAL POR TODO SAN LUIS QUE DURAR\u00c1 25 D\u00cdAS - Apuntes de San Luis\" \/>\n<meta property=\"og:description\" content=\"El Gobernador Claudio Poggi mantendr\u00e1 el contacto cara a cara con los habitantes de la...\" \/>\n<meta property=\"og:url\" content=\"https:\/\/apuntesdesanluis.com\/index.php\/2024\/05\/07\/poggi-realizara-una-gira-institucional-por-todo-san-luis-que-durara-25-dias\/\" \/>\n<meta property=\"og:site_name\" content=\"Apuntes de San Luis\" \/>\n<meta property=\"article:published_time\" content=\"2024-05-08T01:59:05+00:00\" \/>\n<meta property=\"og:image\" content=\"https:\/\/apuntesdesanluis.com\/wp-content\/uploads\/2024\/05\/poggi-1.png\" \/>\n\t<meta property=\"og:image:width\" content=\"599\" \/>\n\t<meta property=\"og:image:height\" content=\"348\" \/>\n\t<meta property=\"og:image:type\" content=\"image\/png\" \/>\n<meta name=\"author\" content=\"apuntesdesanluis.com\" \/>\n<meta name=\"twitter:card\" content=\"summary_large_image\" \/>\n<meta name=\"twitter:label1\" content=\"Escrito por\" \/>\n\t<meta name=\"twitter:data1\" content=\"apuntesdesanluis.com\" \/>\n\t<meta name=\"twitter:label2\" content=\"Tiempo de lectura\" \/>\n\t<meta name=\"twitter:data2\" content=\"1 minuto\" \/>\n<script type=\"application\/ld+json\" class=\"yoast-schema-graph\">{\"@context\":\"https:\/\/schema.org\",\"@graph\":[{\"@type\":\"Article\",\"@id\":\"https:\/\/apuntesdesanluis.com\/index.php\/2024\/05\/07\/poggi-realizara-una-gira-institucional-por-todo-san-luis-que-durara-25-dias\/#article\",\"isPartOf\":{\"@id\":\"https:\/\/apuntesdesanluis.com\/index.php\/2024\/05\/07\/poggi-realizara-una-gira-institucional-por-todo-san-luis-que-durara-25-dias\/\"},\"author\":{\"name\":\"apuntesdesanluis.com\",\"@id\":\"https:\/\/apuntesdesanluis.com\/#\/schema\/person\/b55151d52296fcce64d1a72538a70b90\"},\"headline\":\"POGGI REALIZAR\u00c1 UNA GIRA INSTITUCIONAL POR TODO SAN LUIS QUE DURAR\u00c1 25 D\u00cdAS\",\"datePublished\":\"2024-05-08T01:59:05+00:00\",\"mainEntityOfPage\":{\"@id\":\"https:\/\/apuntesdesanluis.com\/index.php\/2024\/05\/07\/poggi-realizara-una-gira-institucional-por-todo-san-luis-que-durara-25-dias\/\"},\"wordCount\":191,\"publisher\":{\"@id\":\"https:\/\/apuntesdesanluis.com\/#\/schema\/person\/b55151d52296fcce64d1a72538a70b90\"},\"image\":{\"@id\":\"https:\/\/apuntesdesanluis.com\/index.php\/2024\/05\/07\/poggi-realizara-una-gira-institucional-por-todo-san-luis-que-durara-25-dias\/#primaryimage\"},\"thumbnailUrl\":\"https:\/\/apuntesdesanluis.com\/wp-content\/uploads\/2024\/05\/poggi-1.png\",\"articleSection\":[\"Ciudad\/Provincia\"],\"inLanguage\":\"es-AR\"},{\"@type\":\"WebPage\",\"@id\":\"https:\/\/apuntesdesanluis.com\/index.php\/2024\/05\/07\/poggi-realizara-una-gira-institucional-por-todo-san-luis-que-durara-25-dias\/\",\"url\":\"https:\/\/apuntesdesanluis.com\/index.php\/2024\/05\/07\/poggi-realizara-una-gira-institucional-por-todo-san-luis-que-durara-25-dias\/\",\"name\":\"POGGI REALIZAR\u00c1 UNA GIRA INSTITUCIONAL POR TODO SAN LUIS QUE DURAR\u00c1 25 D\u00cdAS - Apuntes de San Luis\",\"isPartOf\":{\"@id\":\"https:\/\/apuntesdesanluis.com\/#website\"},\"primaryImageOfPage\":{\"@id\":\"https:\/\/apuntesdesanluis.com\/index.php\/2024\/05\/07\/poggi-realizara-una-gira-institucional-por-todo-san-luis-que-durara-25-dias\/#primaryimage\"},\"image\":{\"@id\":\"https:\/\/apuntesdesanluis.com\/index.php\/2024\/05\/07\/poggi-realizara-una-gira-institucional-por-todo-san-luis-que-durara-25-dias\/#primaryimage\"},\"thumbnailUrl\":\"https:\/\/apuntesdesanluis.com\/wp-content\/uploads\/2024\/05\/poggi-1.png\",\"datePublished\":\"2024-05-08T01:59:05+00:00\",\"breadcrumb\":{\"@id\":\"https:\/\/apuntesdesanluis.com\/index.php\/2024\/05\/07\/poggi-realizara-una-gira-institucional-por-todo-san-luis-que-durara-25-dias\/#breadcrumb\"},\"inLanguage\":\"es-AR\",\"potentialAction\":[{\"@type\":\"ReadAction\",\"target\":[\"https:\/\/apuntesdesanluis.com\/index.php\/2024\/05\/07\/poggi-realizara-una-gira-institucional-por-todo-san-luis-que-durara-25-dias\/\"]}]},{\"@type\":\"ImageObject\",\"inLanguage\":\"es-AR\",\"@id\":\"https:\/\/apuntesdesanluis.com\/index.php\/2024\/05\/07\/poggi-realizara-una-gira-institucional-por-todo-san-luis-que-durara-25-dias\/#primaryimage\",\"url\":\"https:\/\/apuntesdesanluis.com\/wp-content\/uploads\/2024\/05\/poggi-1.png\",\"contentUrl\":\"https:\/\/apuntesdesanluis.com\/wp-content\/uploads\/2024\/05\/poggi-1.png\",\"width\":599,\"height\":348},{\"@type\":\"BreadcrumbList\",\"@id\":\"https:\/\/apuntesdesanluis.com\/index.php\/2024\/05\/07\/poggi-realizara-una-gira-institucional-por-todo-san-luis-que-durara-25-dias\/#breadcrumb\",\"itemListElement\":[{\"@type\":\"ListItem\",\"position\":1,\"name\":\"Inicio\",\"item\":\"https:\/\/apuntesdesanluis.com\/\"},{\"@type\":\"ListItem\",\"position\":2,\"name\":\"POGGI REALIZAR\u00c1 UNA GIRA INSTITUCIONAL POR TODO SAN LUIS QUE DURAR\u00c1 25 D\u00cdAS\"}]},{\"@type\":\"WebSite\",\"@id\":\"https:\/\/apuntesdesanluis.com\/#website\",\"url\":\"https:\/\/apuntesdesanluis.com\/\",\"name\":\"Apuntes de San Luis\",\"description\":\"\",\"publisher\":{\"@id\":\"https:\/\/apuntesdesanluis.com\/#\/schema\/person\/b55151d52296fcce64d1a72538a70b90\"},\"potentialAction\":[{\"@type\":\"SearchAction\",\"target\":{\"@type\":\"EntryPoint\",\"urlTemplate\":\"https:\/\/apuntesdesanluis.com\/?s={search_term_string}\"},\"query-input\":{\"@type\":\"PropertyValueSpecification\",\"valueRequired\":true,\"valueName\":\"search_term_string\"}}],\"inLanguage\":\"es-AR\"},{\"@type\":[\"Person\",\"Organization\"],\"@id\":\"https:\/\/apuntesdesanluis.com\/#\/schema\/person\/b55151d52296fcce64d1a72538a70b90\",\"name\":\"apuntesdesanluis.com\",\"image\":{\"@type\":\"ImageObject\",\"inLanguage\":\"es-AR\",\"@id\":\"https:\/\/apuntesdesanluis.com\/#\/schema\/person\/image\/\",\"url\":\"https:\/\/apuntesdesanluis.com\/wp-content\/uploads\/2023\/07\/cropped-apuntesdesanluis.png\",\"contentUrl\":\"https:\/\/apuntesdesanluis.com\/wp-content\/uploads\/2023\/07\/cropped-apuntesdesanluis.png\",\"width\":450,\"height\":112,\"caption\":\"apuntesdesanluis.com\"},\"logo\":{\"@id\":\"https:\/\/apuntesdesanluis.com\/#\/schema\/person\/image\/\"},\"sameAs\":[\"https:\/\/apuntesdesanluis.com\"],\"url\":\"https:\/\/apuntesdesanluis.com\/index.php\/author\/apuntesdesanluis-com\/\"}]}<\/script>\n<!-- \/ Yoast SEO plugin. -->","yoast_head_json":{"title":"POGGI REALIZAR\u00c1 UNA GIRA INSTITUCIONAL POR TODO SAN LUIS QUE DURAR\u00c1 25 D\u00cdAS - Apuntes de San Luis","robots":{"index":"index","follow":"follow","max-snippet":"max-snippet:-1","max-image-preview":"max-image-preview:large","max-video-preview":"max-video-preview:-1"},"canonical":"https:\/\/apuntesdesanluis.com\/index.php\/2024\/05\/07\/poggi-realizara-una-gira-institucional-por-todo-san-luis-que-durara-25-dias\/","og_locale":"es_ES","og_type":"article","og_title":"POGGI REALIZAR\u00c1 UNA GIRA INSTITUCIONAL POR TODO SAN LUIS QUE DURAR\u00c1 25 D\u00cdAS - Apuntes de San Luis","og_description":"El Gobernador Claudio Poggi mantendr\u00e1 el contacto cara a cara con los habitantes de la...","og_url":"https:\/\/apuntesdesanluis.com\/index.php\/2024\/05\/07\/poggi-realizara-una-gira-institucional-por-todo-san-luis-que-durara-25-dias\/","og_site_name":"Apuntes de San Luis","article_published_time":"2024-05-08T01:59:05+00:00","og_image":[{"width":599,"height":348,"url":"https:\/\/apuntesdesanluis.com\/wp-content\/uploads\/2024\/05\/poggi-1.png","type":"image\/png"}],"author":"apuntesdesanluis.com","twitter_card":"summary_large_image","twitter_misc":{"Escrito por":"apuntesdesanluis.com","Tiempo de lectura":"1 minuto"},"schema":{"@context":"https:\/\/schema.org","@graph":[{"@type":"Article","@id":"https:\/\/apuntesdesanluis.com\/index.php\/2024\/05\/07\/poggi-realizara-una-gira-institucional-por-todo-san-luis-que-durara-25-dias\/#article","isPartOf":{"@id":"https:\/\/apuntesdesanluis.com\/index.php\/2024\/05\/07\/poggi-realizara-una-gira-institucional-por-todo-san-luis-que-durara-25-dias\/"},"author":{"name":"apuntesdesanluis.com","@id":"https:\/\/apuntesdesanluis.com\/#\/schema\/person\/b55151d52296fcce64d1a72538a70b90"},"headline":"POGGI REALIZAR\u00c1 UNA GIRA INSTITUCIONAL POR TODO SAN LUIS QUE DURAR\u00c1 25 D\u00cdAS","datePublished":"2024-05-08T01:59:05+00:00","mainEntityOfPage":{"@id":"https:\/\/apuntesdesanluis.com\/index.php\/2024\/05\/07\/poggi-realizara-una-gira-institucional-por-todo-san-luis-que-durara-25-dias\/"},"wordCount":191,"publisher":{"@id":"https:\/\/apuntesdesanluis.com\/#\/schema\/person\/b55151d52296fcce64d1a72538a70b90"},"image":{"@id":"https:\/\/apuntesdesanluis.com\/index.php\/2024\/05\/07\/poggi-realizara-una-gira-institucional-por-todo-san-luis-que-durara-25-dias\/#primaryimage"},"thumbnailUrl":"https:\/\/apuntesdesanluis.com\/wp-content\/uploads\/2024\/05\/poggi-1.png","articleSection":["Ciudad\/Provincia"],"inLanguage":"es-AR"},{"@type":"WebPage","@id":"https:\/\/apuntesdesanluis.com\/index.php\/2024\/05\/07\/poggi-realizara-una-gira-institucional-por-todo-san-luis-que-durara-25-dias\/","url":"https:\/\/apuntesdesanluis.com\/index.php\/2024\/05\/07\/poggi-realizara-una-gira-institucional-por-todo-san-luis-que-durara-25-dias\/","name":"POGGI REALIZAR\u00c1 UNA GIRA INSTITUCIONAL POR TODO SAN LUIS QUE DURAR\u00c1 25 D\u00cdAS - Apuntes de San Luis","isPartOf":{"@id":"https:\/\/apuntesdesanluis.com\/#website"},"primaryImageOfPage":{"@id":"https:\/\/apuntesdesanluis.com\/index.php\/2024\/05\/07\/poggi-realizara-una-gira-institucional-por-todo-san-luis-que-durara-25-dias\/#primaryimage"},"image":{"@id":"https:\/\/apuntesdesanluis.com\/index.php\/2024\/05\/07\/poggi-realizara-una-gira-institucional-por-todo-san-luis-que-durara-25-dias\/#primaryimage"},"thumbnailUrl":"https:\/\/apuntesdesanluis.com\/wp-content\/uploads\/2024\/05\/poggi-1.png","datePublished":"2024-05-08T01:59:05+00:00","breadcrumb":{"@id":"https:\/\/apuntesdesanluis.com\/index.php\/2024\/05\/07\/poggi-realizara-una-gira-institucional-por-todo-san-luis-que-durara-25-dias\/#breadcrumb"},"inLanguage":"es-AR","potentialAction":[{"@type":"ReadAction","target":["https:\/\/apuntesdesanluis.com\/index.php\/2024\/05\/07\/poggi-realizara-una-gira-institucional-por-todo-san-luis-que-durara-25-dias\/"]}]},{"@type":"ImageObject","inLanguage":"es-AR","@id":"https:\/\/apuntesdesanluis.com\/index.php\/2024\/05\/07\/poggi-realizara-una-gira-institucional-por-todo-san-luis-que-durara-25-dias\/#primaryimage","url":"https:\/\/apuntesdesanluis.com\/wp-content\/uploads\/2024\/05\/poggi-1.png","contentUrl":"https:\/\/apuntesdesanluis.com\/wp-content\/uploads\/2024\/05\/poggi-1.png","width":599,"height":348},{"@type":"BreadcrumbList","@id":"https:\/\/apuntesdesanluis.com\/index.php\/2024\/05\/07\/poggi-realizara-una-gira-institucional-por-todo-san-luis-que-durara-25-dias\/#breadcrumb","itemListElement":[{"@type":"ListItem","position":1,"name":"Inicio","item":"https:\/\/apuntesdesanluis.com\/"},{"@type":"ListItem","position":2,"name":"POGGI REALIZAR\u00c1 UNA GIRA INSTITUCIONAL POR TODO SAN LUIS QUE DURAR\u00c1 25 D\u00cdAS"}]},{"@type":"WebSite","@id":"https:\/\/apuntesdesanluis.com\/#website","url":"https:\/\/apuntesdesanluis.com\/","name":"Apuntes de San Luis","description":"","publisher":{"@id":"https:\/\/apuntesdesanluis.com\/#\/schema\/person\/b55151d52296fcce64d1a72538a70b90"},"potentialAction":[{"@type":"SearchAction","target":{"@type":"EntryPoint","urlTemplate":"https:\/\/apuntesdesanluis.com\/?s={search_term_string}"},"query-input":{"@type":"PropertyValueSpecification","valueRequired":true,"valueName":"search_term_string"}}],"inLanguage":"es-AR"},{"@type":["Person","Organization"],"@id":"https:\/\/apuntesdesanluis.com\/#\/schema\/person\/b55151d52296fcce64d1a72538a70b90","name":"apuntesdesanluis.com","image":{"@type":"ImageObject","inLanguage":"es-AR","@id":"https:\/\/apuntesdesanluis.com\/#\/schema\/person\/image\/","url":"https:\/\/apuntesdesanluis.com\/wp-content\/uploads\/2023\/07\/cropped-apuntesdesanluis.png","contentUrl":"https:\/\/apuntesdesanluis.com\/wp-content\/uploads\/2023\/07\/cropped-apuntesdesanluis.png","width":450,"height":112,"caption":"apuntesdesanluis.com"},"logo":{"@id":"https:\/\/apuntesdesanluis.com\/#\/schema\/person\/image\/"},"sameAs":["https:\/\/apuntesdesanluis.com"],"url":"https:\/\/apuntesdesanluis.com\/index.php\/author\/apuntesdesanluis-com\/"}]}},"featured_image_urls":{"full":["https:\/\/apuntesdesanluis.com\/wp-content\/uploads\/2024\/05\/poggi-1.png",599,348,false],"thumbnail":["https:\/\/apuntesdesanluis.com\/wp-content\/uploads\/2024\/05\/poggi-1-150x150.png",150,150,true],"medium":["https:\/\/apuntesdesanluis.com\/wp-content\/uploads\/2024\/05\/poggi-1-300x174.png",300,174,true],"medium_large":["https:\/\/apuntesdesanluis.com\/wp-content\/uploads\/2024\/05\/poggi-1.png",599,348,false],"large":["https:\/\/apuntesdesanluis.com\/wp-content\/uploads\/2024\/05\/poggi-1.png",599,348,false],"1536x1536":["https:\/\/apuntesdesanluis.com\/wp-content\/uploads\/2024\/05\/poggi-1.png",599,348,false],"2048x2048":["https:\/\/apuntesdesanluis.com\/wp-content\/uploads\/2024\/05\/poggi-1.png",599,348,false],"newsever-slider-full":["https:\/\/apuntesdesanluis.com\/wp-content\/uploads\/2024\/05\/poggi-1.png",599,348,false],"newsever-featured":["https:\/\/apuntesdesanluis.com\/wp-content\/uploads\/2024\/05\/poggi-1.png",599,348,false],"newsever-medium":["https:\/\/apuntesdesanluis.com\/wp-content\/uploads\/2024\/05\/poggi-1.png",599,348,false]},"author_info":{"display_name":"apuntesdesanluis.com","author_link":"https:\/\/apuntesdesanluis.com\/index.php\/author\/apuntesdesanluis-com\/"},"category_info":"<a href=\"https:\/\/apuntesdesanluis.com\/index.php\/category\/ciudad-provincia\/\" rel=\"category tag\">Ciudad\/Provincia<\/a>","tag_info":"Ciudad\/Provincia","comment_count":"0","_links":{"self":[{"href":"https:\/\/apuntesdesanluis.com\/index.php\/wp-json\/wp\/v2\/posts\/15786","targetHints":{"allow":["GET"]}}],"collection":[{"href":"https:\/\/apuntesdesanluis.com\/index.php\/wp-json\/wp\/v2\/posts"}],"about":[{"href":"https:\/\/apuntesdesanluis.com\/index.php\/wp-json\/wp\/v2\/types\/post"}],"author":[{"embeddable":true,"href":"https:\/\/apuntesdesanluis.com\/index.php\/wp-json\/wp\/v2\/users\/1"}],"replies":[{"embeddable":true,"href":"https:\/\/apuntesdesanluis.com\/index.php\/wp-json\/wp\/v2\/comments?post=15786"}],"version-history":[{"count":1,"href":"https:\/\/apuntesdesanluis.com\/index.php\/wp-json\/wp\/v2\/posts\/15786\/revisions"}],"predecessor-version":[{"id":15788,"href":"https:\/\/apuntesdesanluis.com\/index.php\/wp-json\/wp\/v2\/posts\/15786\/revisions\/15788"}],"wp:featuredmedia":[{"embeddable":true,"href":"https:\/\/apuntesdesanluis.com\/index.php\/wp-json\/wp\/v2\/media\/15787"}],"wp:attachment":[{"href":"https:\/\/apuntesdesanluis.com\/index.php\/wp-json\/wp\/v2\/media?parent=15786"}],"wp:term":[{"taxonomy":"category","embeddable":true,"href":"https:\/\/apuntesdesanluis.com\/index.php\/wp-json\/wp\/v2\/categories?post=15786"},{"taxonomy":"post_tag","embeddable":true,"href":"https:\/\/apuntesdesanluis.com\/index.php\/wp-json\/wp\/v2\/tags?post=15786"}],"curies":[{"name":"wp","href":"https:\/\/api.w.org\/{rel}","templated":true}]}}