{"id":15792,"date":"2024-05-07T19:23:27","date_gmt":"2024-05-07T22:23:27","guid":{"rendered":"https:\/\/apuntesdesanluis.com\/?p=15792"},"modified":"2024-05-08T00:44:56","modified_gmt":"2024-05-08T03:44:56","slug":"firmaron-convenio-interinstitucional-para-fortalecer-la-capacitacion-judicial","status":"publish","type":"post","link":"https:\/\/apuntesdesanluis.com\/index.php\/2024\/05\/07\/firmaron-convenio-interinstitucional-para-fortalecer-la-capacitacion-judicial\/","title":{"rendered":"FIRMARON CONVENIO INTERINSTITUCIONAL PARA FORTALECER LA CAPACITACI\u00d3N JUDICIAL"},"content":{"rendered":"<h3>El <strong>Superior Tribunal de Justicia<\/strong> firm\u00f3 un convenio con la Municipalidad de Villa Mercedes, el <strong>Colegio de Abogados y Procuradores de Villa Mercedes<\/strong> y la <strong>Facultad de Ciencias Econ\u00f3micas, Jur\u00eddicas y Sociales de la Universidad Nacional de San Luis<\/strong>, para realizar seminarios, conferencias y talleres que permitan capacitar a profesionales del derecho y a la comunidad en general.<\/h3>\n<h3>Con el objetivo de promover la capacitaci\u00f3n en temas de actualidad\u00a0 jur\u00eddica para los profesionales del derecho, estudiantes avanzados de las carreras jur\u00eddicas, empleados, funcionarios y magistrados del Poder Judicial y la comunidad en general, el Superior Tribunal de Justicia firm\u00f3 un acuerdo de cooperaci\u00f3n\u00a0 a trav\u00e9s del cual las partes se comprometieron a organizar seminarios, conferencias y talleres para fortalecer la comunidad jur\u00eddica local y mejorar el servicio de justicia.<\/h3>\n<h3>El acto se realiz\u00f3 este martes en la Sala de Acuerdos del edificio judicial mercedino. Participaron el Dr. Eduardo Allende, presidente del Superior\u00a0 Tribunal de Justicia de la Provincia de San Luis; el Dr. Maximiliano Frontera, intendente municipal; la Dra. Mariela Blengino y el Dr. Mart\u00edn Fea, ambos en representaci\u00f3n del Colegio de Abogados y Procuradores de Villa Mercedes y la Mgtr. Roxanna Camiletti, Decana de la Facultad de Ciencias Econ\u00f3micas, Jur\u00eddicas y Sociales de la Universidad Nacional de San Luis.<\/h3>\n<h3>Este acuerdo reconoce la importancia de la formaci\u00f3n continua y el intercambio de conocimientos en el \u00e1mbito jur\u00eddico y representa un compromiso conjunto de las instituciones participantes con el fortalecimiento del sistema legal y el acceso a la justicia en la ciudad de Villa Mercedes.<\/h3>\n<h3><img fetchpriority=\"high\" decoding=\"async\" class=\"wp-image-15795 aligncenter\" src=\"https:\/\/apuntesdesanluis.com\/wp-content\/uploads\/2024\/05\/CONVENIO-FIRMA-300x170.jpg\" alt=\"\" width=\"715\" height=\"405\" srcset=\"https:\/\/apuntesdesanluis.com\/wp-content\/uploads\/2024\/05\/CONVENIO-FIRMA-300x170.jpg 300w, https:\/\/apuntesdesanluis.com\/wp-content\/uploads\/2024\/05\/CONVENIO-FIRMA.jpg 600w\" sizes=\"(max-width: 715px) 100vw, 715px\" \/><\/h3>\n<h3>El convenio prev\u00e9 que el trabajo mancomunado \u201ccontribuir\u00e1 al desarrollo profesional, social y econ\u00f3mico de la comunidad,\u00a0 promoviendo una administraci\u00f3n de justicia m\u00e1s equitativa y eficiente para todos sus ciudadanos\u201d y establece que las tem\u00e1ticas a tratar ser\u00e1n definidas de manera conjunta por las partes, quienes conformar\u00e1n una mesa de trabajo para proponer disertantes, temarios y fechas para las actividades.<\/h3>\n<h3>Asimismo, se determinan, entre otros,\u00a0 los siguientes aportes por parte de cada una de las instituciones intervinientes:<\/h3>\n<h3>El Municipio brindar\u00e1 su infraestructura edilicia y equipamiento disponible para que se desarrollen las jornadas en los espacios f\u00edsicos que se encuentren a disposici\u00f3n en las fechas fijadas para cada actividad. A su vez, aporta su equipo de profesionales para conformar los distintos cuerpos docentes de las actividades a realizar. A trav\u00e9s de su equipo de prensa colaborar\u00e1 con la difusi\u00f3n de los eventos.<\/h3>\n<h3>Por su parte, la Universidad Nacional de San Luis, a trav\u00e9s de su Facultad de Ciencias Econ\u00f3micas, Jur\u00eddicas y Sociales, tambi\u00e9n prestar\u00e1 su infraestructura edilicia y equipamiento, en caso de ser necesario. Asimismo, cursar\u00e1 invitaciones a docentes a participar de las jornadas como disertantes.\u00a0 A trav\u00e9s de su Subsecretar\u00eda de comunicaci\u00f3n, ceremonial y protocolo\u00a0\u00a0 asume la colaboraci\u00f3n en la difusi\u00f3n de los eventos entre los graduados, alumnos y la comunidad educativa en general.<\/h3>\n<h3>El Poder Judicial de San Luis se compromete en facilitar que se lleven a cabo las capacitaciones, incentivando a sus funcionarios y empleados a que participen, tanto en calidad de disertantes como de asistentes, promoviendo a que jueces y abogados de otras provincias acudan a Villa Mercedes a disertar, y colaborando con la disponibilidad de recursos materiales\u00a0 y\u00a0 los tecnol\u00f3gicos\u00a0 a fin de garantizar la virtualidad, as\u00ed como la utilizaci\u00f3n de espacios edilicios.<\/h3>\n<h3>En tanto que, el Colegio de Abogados y Procuradores de Villa trabajar\u00e1 activamente en el dise\u00f1o de cada jornada, en incentivar a los colegas matriculados a participar de las mismas tanto como disertantes como exponentes y en la difusi\u00f3n de los eventos.<\/h3>\n<h3>Participaron de la firma del convenio integrantes de la Municipalidad de Villa Mercedes y de la Facultad de Ciencias Econ\u00f3micas, Jur\u00eddicas y Sociales de la Universidad Nacional de San Luis.<\/h3>\n<h3>Previo a rubricar el convenio, el Dr. Eduardo Allende reflexion\u00f3: \u201cCreo que es importante que, cada uno, desde nuestro lugar aunemos esfuerzos para capacitar a toda la comunidad jur\u00eddica de Villa Mercedes\u201d.<\/h3>\n<h3>\u201cRealmente creo que hay que destacar esta iniciativa donde cada uno ponemos un granito de arena y trabajamos en beneficio de todos\u201d, manifest\u00f3 el presidente del Superior Tribunal de Justicia de San Luis.<\/h3>\n<h3>\u201cLas necesidades sociales ameritan m\u00e1s que nunca que todas las patas de estas mesas est\u00e9n unificadas en criterios y capacitadas\u201d, dijo la Dra. Mariela Blengino, presidenta del Colegio de Abogados y Procuradores de Villa Mercedes.<\/h3>\n<h3>\u201cEstamos muy contentos. Hay que estar a la altura de las circunstancias, el Poder Judicial, el Municipio, la Universidad y el Colegio de Abogados nos hemos mancomunado para proyectar positivamente capacitaciones que, obviamente, son una herramienta necesaria para nuestros profesionales\u201d, dijo el intendente municipal, Dr. Maximiliano Frontera.<\/h3>\n<h3>Por su parte, la Mgtr.\u00a0 Roxanna Camiletti,\u00a0 Decana de la Facultad de Ciencias Econ\u00f3micas, Jur\u00eddicas y Sociales de la Universidad Nacional de San Luis tambi\u00e9n destac\u00f3 el trabajo en conjunto entre las instituciones firmantes: \u201cEso es lo que tenemos que seguir haciendo en beneficio de nuestros estudiantes, de nuestros j\u00f3venes y de toda la comunidad en general\u201d.<\/h3>\n<p>&nbsp;<\/p>\n<p>&nbsp;<\/p>\n<p>&nbsp;<\/p>\n<p>&nbsp;<\/p>\n<p>&nbsp;<\/p>\n<p>&nbsp;<\/p>\n","protected":false},"excerpt":{"rendered":"<p>El Superior Tribunal de Justicia firm\u00f3 un convenio con la Municipalidad de Villa Mercedes, el&#8230;<\/p>\n","protected":false},"author":1,"featured_media":15794,"comment_status":"closed","ping_status":"closed","sticky":false,"template":"","format":"standard","meta":{"footnotes":""},"categories":[6],"tags":[],"class_list":["post-15792","post","type-post","status-publish","format-standard","has-post-thumbnail","hentry","category-ciudad-provincia"],"yoast_head":"<!-- This site is optimized with the Yoast SEO plugin v26.1.1 - https:\/\/yoast.com\/wordpress\/plugins\/seo\/ -->\n<title>FIRMARON CONVENIO INTERINSTITUCIONAL PARA FORTALECER LA CAPACITACI\u00d3N JUDICIAL - Apuntes de San Luis<\/title>\n<meta name=\"robots\" content=\"index, follow, max-snippet:-1, max-image-preview:large, max-video-preview:-1\" \/>\n<link rel=\"canonical\" href=\"https:\/\/apuntesdesanluis.com\/index.php\/2024\/05\/07\/firmaron-convenio-interinstitucional-para-fortalecer-la-capacitacion-judicial\/\" \/>\n<meta property=\"og:locale\" content=\"es_ES\" \/>\n<meta property=\"og:type\" content=\"article\" \/>\n<meta property=\"og:title\" content=\"FIRMARON CONVENIO INTERINSTITUCIONAL PARA FORTALECER LA CAPACITACI\u00d3N JUDICIAL - Apuntes de San Luis\" \/>\n<meta property=\"og:description\" content=\"El Superior Tribunal de Justicia firm\u00f3 un convenio con la Municipalidad de Villa Mercedes, el...\" \/>\n<meta property=\"og:url\" content=\"https:\/\/apuntesdesanluis.com\/index.php\/2024\/05\/07\/firmaron-convenio-interinstitucional-para-fortalecer-la-capacitacion-judicial\/\" \/>\n<meta property=\"og:site_name\" content=\"Apuntes de San Luis\" \/>\n<meta property=\"article:published_time\" content=\"2024-05-07T22:23:27+00:00\" \/>\n<meta property=\"article:modified_time\" content=\"2024-05-08T03:44:56+00:00\" \/>\n<meta property=\"og:image\" content=\"https:\/\/apuntesdesanluis.com\/wp-content\/uploads\/2024\/05\/CONVENIO.png\" \/>\n\t<meta property=\"og:image:width\" content=\"600\" \/>\n\t<meta property=\"og:image:height\" content=\"324\" \/>\n\t<meta property=\"og:image:type\" content=\"image\/png\" \/>\n<meta name=\"author\" content=\"apuntesdesanluis.com\" \/>\n<meta name=\"twitter:card\" content=\"summary_large_image\" \/>\n<meta name=\"twitter:label1\" content=\"Escrito por\" \/>\n\t<meta name=\"twitter:data1\" content=\"apuntesdesanluis.com\" \/>\n\t<meta name=\"twitter:label2\" content=\"Tiempo de lectura\" \/>\n\t<meta name=\"twitter:data2\" content=\"4 minutos\" \/>\n<script type=\"application\/ld+json\" class=\"yoast-schema-graph\">{\"@context\":\"https:\/\/schema.org\",\"@graph\":[{\"@type\":\"Article\",\"@id\":\"https:\/\/apuntesdesanluis.com\/index.php\/2024\/05\/07\/firmaron-convenio-interinstitucional-para-fortalecer-la-capacitacion-judicial\/#article\",\"isPartOf\":{\"@id\":\"https:\/\/apuntesdesanluis.com\/index.php\/2024\/05\/07\/firmaron-convenio-interinstitucional-para-fortalecer-la-capacitacion-judicial\/\"},\"author\":{\"name\":\"apuntesdesanluis.com\",\"@id\":\"https:\/\/apuntesdesanluis.com\/#\/schema\/person\/b55151d52296fcce64d1a72538a70b90\"},\"headline\":\"FIRMARON CONVENIO INTERINSTITUCIONAL PARA FORTALECER LA CAPACITACI\u00d3N JUDICIAL\",\"datePublished\":\"2024-05-07T22:23:27+00:00\",\"dateModified\":\"2024-05-08T03:44:56+00:00\",\"mainEntityOfPage\":{\"@id\":\"https:\/\/apuntesdesanluis.com\/index.php\/2024\/05\/07\/firmaron-convenio-interinstitucional-para-fortalecer-la-capacitacion-judicial\/\"},\"wordCount\":879,\"publisher\":{\"@id\":\"https:\/\/apuntesdesanluis.com\/#\/schema\/person\/b55151d52296fcce64d1a72538a70b90\"},\"image\":{\"@id\":\"https:\/\/apuntesdesanluis.com\/index.php\/2024\/05\/07\/firmaron-convenio-interinstitucional-para-fortalecer-la-capacitacion-judicial\/#primaryimage\"},\"thumbnailUrl\":\"https:\/\/apuntesdesanluis.com\/wp-content\/uploads\/2024\/05\/CONVENIO.png\",\"articleSection\":[\"Ciudad\/Provincia\"],\"inLanguage\":\"es-AR\"},{\"@type\":\"WebPage\",\"@id\":\"https:\/\/apuntesdesanluis.com\/index.php\/2024\/05\/07\/firmaron-convenio-interinstitucional-para-fortalecer-la-capacitacion-judicial\/\",\"url\":\"https:\/\/apuntesdesanluis.com\/index.php\/2024\/05\/07\/firmaron-convenio-interinstitucional-para-fortalecer-la-capacitacion-judicial\/\",\"name\":\"FIRMARON CONVENIO INTERINSTITUCIONAL PARA FORTALECER LA CAPACITACI\u00d3N JUDICIAL - Apuntes de San Luis\",\"isPartOf\":{\"@id\":\"https:\/\/apuntesdesanluis.com\/#website\"},\"primaryImageOfPage\":{\"@id\":\"https:\/\/apuntesdesanluis.com\/index.php\/2024\/05\/07\/firmaron-convenio-interinstitucional-para-fortalecer-la-capacitacion-judicial\/#primaryimage\"},\"image\":{\"@id\":\"https:\/\/apuntesdesanluis.com\/index.php\/2024\/05\/07\/firmaron-convenio-interinstitucional-para-fortalecer-la-capacitacion-judicial\/#primaryimage\"},\"thumbnailUrl\":\"https:\/\/apuntesdesanluis.com\/wp-content\/uploads\/2024\/05\/CONVENIO.png\",\"datePublished\":\"2024-05-07T22:23:27+00:00\",\"dateModified\":\"2024-05-08T03:44:56+00:00\",\"breadcrumb\":{\"@id\":\"https:\/\/apuntesdesanluis.com\/index.php\/2024\/05\/07\/firmaron-convenio-interinstitucional-para-fortalecer-la-capacitacion-judicial\/#breadcrumb\"},\"inLanguage\":\"es-AR\",\"potentialAction\":[{\"@type\":\"ReadAction\",\"target\":[\"https:\/\/apuntesdesanluis.com\/index.php\/2024\/05\/07\/firmaron-convenio-interinstitucional-para-fortalecer-la-capacitacion-judicial\/\"]}]},{\"@type\":\"ImageObject\",\"inLanguage\":\"es-AR\",\"@id\":\"https:\/\/apuntesdesanluis.com\/index.php\/2024\/05\/07\/firmaron-convenio-interinstitucional-para-fortalecer-la-capacitacion-judicial\/#primaryimage\",\"url\":\"https:\/\/apuntesdesanluis.com\/wp-content\/uploads\/2024\/05\/CONVENIO.png\",\"contentUrl\":\"https:\/\/apuntesdesanluis.com\/wp-content\/uploads\/2024\/05\/CONVENIO.png\",\"width\":600,\"height\":324},{\"@type\":\"BreadcrumbList\",\"@id\":\"https:\/\/apuntesdesanluis.com\/index.php\/2024\/05\/07\/firmaron-convenio-interinstitucional-para-fortalecer-la-capacitacion-judicial\/#breadcrumb\",\"itemListElement\":[{\"@type\":\"ListItem\",\"position\":1,\"name\":\"Inicio\",\"item\":\"https:\/\/apuntesdesanluis.com\/\"},{\"@type\":\"ListItem\",\"position\":2,\"name\":\"FIRMARON CONVENIO INTERINSTITUCIONAL PARA FORTALECER LA CAPACITACI\u00d3N JUDICIAL\"}]},{\"@type\":\"WebSite\",\"@id\":\"https:\/\/apuntesdesanluis.com\/#website\",\"url\":\"https:\/\/apuntesdesanluis.com\/\",\"name\":\"Apuntes de San Luis\",\"description\":\"\",\"publisher\":{\"@id\":\"https:\/\/apuntesdesanluis.com\/#\/schema\/person\/b55151d52296fcce64d1a72538a70b90\"},\"potentialAction\":[{\"@type\":\"SearchAction\",\"target\":{\"@type\":\"EntryPoint\",\"urlTemplate\":\"https:\/\/apuntesdesanluis.com\/?s={search_term_string}\"},\"query-input\":{\"@type\":\"PropertyValueSpecification\",\"valueRequired\":true,\"valueName\":\"search_term_string\"}}],\"inLanguage\":\"es-AR\"},{\"@type\":[\"Person\",\"Organization\"],\"@id\":\"https:\/\/apuntesdesanluis.com\/#\/schema\/person\/b55151d52296fcce64d1a72538a70b90\",\"name\":\"apuntesdesanluis.com\",\"image\":{\"@type\":\"ImageObject\",\"inLanguage\":\"es-AR\",\"@id\":\"https:\/\/apuntesdesanluis.com\/#\/schema\/person\/image\/\",\"url\":\"https:\/\/apuntesdesanluis.com\/wp-content\/uploads\/2023\/07\/cropped-apuntesdesanluis.png\",\"contentUrl\":\"https:\/\/apuntesdesanluis.com\/wp-content\/uploads\/2023\/07\/cropped-apuntesdesanluis.png\",\"width\":450,\"height\":112,\"caption\":\"apuntesdesanluis.com\"},\"logo\":{\"@id\":\"https:\/\/apuntesdesanluis.com\/#\/schema\/person\/image\/\"},\"sameAs\":[\"https:\/\/apuntesdesanluis.com\"],\"url\":\"https:\/\/apuntesdesanluis.com\/index.php\/author\/apuntesdesanluis-com\/\"}]}<\/script>\n<!-- \/ Yoast SEO plugin. -->","yoast_head_json":{"title":"FIRMARON CONVENIO INTERINSTITUCIONAL PARA FORTALECER LA CAPACITACI\u00d3N JUDICIAL - Apuntes de San Luis","robots":{"index":"index","follow":"follow","max-snippet":"max-snippet:-1","max-image-preview":"max-image-preview:large","max-video-preview":"max-video-preview:-1"},"canonical":"https:\/\/apuntesdesanluis.com\/index.php\/2024\/05\/07\/firmaron-convenio-interinstitucional-para-fortalecer-la-capacitacion-judicial\/","og_locale":"es_ES","og_type":"article","og_title":"FIRMARON CONVENIO INTERINSTITUCIONAL PARA FORTALECER LA CAPACITACI\u00d3N JUDICIAL - Apuntes de San Luis","og_description":"El Superior Tribunal de Justicia firm\u00f3 un convenio con la Municipalidad de Villa Mercedes, el...","og_url":"https:\/\/apuntesdesanluis.com\/index.php\/2024\/05\/07\/firmaron-convenio-interinstitucional-para-fortalecer-la-capacitacion-judicial\/","og_site_name":"Apuntes de San Luis","article_published_time":"2024-05-07T22:23:27+00:00","article_modified_time":"2024-05-08T03:44:56+00:00","og_image":[{"width":600,"height":324,"url":"https:\/\/apuntesdesanluis.com\/wp-content\/uploads\/2024\/05\/CONVENIO.png","type":"image\/png"}],"author":"apuntesdesanluis.com","twitter_card":"summary_large_image","twitter_misc":{"Escrito por":"apuntesdesanluis.com","Tiempo de lectura":"4 minutos"},"schema":{"@context":"https:\/\/schema.org","@graph":[{"@type":"Article","@id":"https:\/\/apuntesdesanluis.com\/index.php\/2024\/05\/07\/firmaron-convenio-interinstitucional-para-fortalecer-la-capacitacion-judicial\/#article","isPartOf":{"@id":"https:\/\/apuntesdesanluis.com\/index.php\/2024\/05\/07\/firmaron-convenio-interinstitucional-para-fortalecer-la-capacitacion-judicial\/"},"author":{"name":"apuntesdesanluis.com","@id":"https:\/\/apuntesdesanluis.com\/#\/schema\/person\/b55151d52296fcce64d1a72538a70b90"},"headline":"FIRMARON CONVENIO INTERINSTITUCIONAL PARA FORTALECER LA CAPACITACI\u00d3N JUDICIAL","datePublished":"2024-05-07T22:23:27+00:00","dateModified":"2024-05-08T03:44:56+00:00","mainEntityOfPage":{"@id":"https:\/\/apuntesdesanluis.com\/index.php\/2024\/05\/07\/firmaron-convenio-interinstitucional-para-fortalecer-la-capacitacion-judicial\/"},"wordCount":879,"publisher":{"@id":"https:\/\/apuntesdesanluis.com\/#\/schema\/person\/b55151d52296fcce64d1a72538a70b90"},"image":{"@id":"https:\/\/apuntesdesanluis.com\/index.php\/2024\/05\/07\/firmaron-convenio-interinstitucional-para-fortalecer-la-capacitacion-judicial\/#primaryimage"},"thumbnailUrl":"https:\/\/apuntesdesanluis.com\/wp-content\/uploads\/2024\/05\/CONVENIO.png","articleSection":["Ciudad\/Provincia"],"inLanguage":"es-AR"},{"@type":"WebPage","@id":"https:\/\/apuntesdesanluis.com\/index.php\/2024\/05\/07\/firmaron-convenio-interinstitucional-para-fortalecer-la-capacitacion-judicial\/","url":"https:\/\/apuntesdesanluis.com\/index.php\/2024\/05\/07\/firmaron-convenio-interinstitucional-para-fortalecer-la-capacitacion-judicial\/","name":"FIRMARON CONVENIO INTERINSTITUCIONAL PARA FORTALECER LA CAPACITACI\u00d3N JUDICIAL - Apuntes de San Luis","isPartOf":{"@id":"https:\/\/apuntesdesanluis.com\/#website"},"primaryImageOfPage":{"@id":"https:\/\/apuntesdesanluis.com\/index.php\/2024\/05\/07\/firmaron-convenio-interinstitucional-para-fortalecer-la-capacitacion-judicial\/#primaryimage"},"image":{"@id":"https:\/\/apuntesdesanluis.com\/index.php\/2024\/05\/07\/firmaron-convenio-interinstitucional-para-fortalecer-la-capacitacion-judicial\/#primaryimage"},"thumbnailUrl":"https:\/\/apuntesdesanluis.com\/wp-content\/uploads\/2024\/05\/CONVENIO.png","datePublished":"2024-05-07T22:23:27+00:00","dateModified":"2024-05-08T03:44:56+00:00","breadcrumb":{"@id":"https:\/\/apuntesdesanluis.com\/index.php\/2024\/05\/07\/firmaron-convenio-interinstitucional-para-fortalecer-la-capacitacion-judicial\/#breadcrumb"},"inLanguage":"es-AR","potentialAction":[{"@type":"ReadAction","target":["https:\/\/apuntesdesanluis.com\/index.php\/2024\/05\/07\/firmaron-convenio-interinstitucional-para-fortalecer-la-capacitacion-judicial\/"]}]},{"@type":"ImageObject","inLanguage":"es-AR","@id":"https:\/\/apuntesdesanluis.com\/index.php\/2024\/05\/07\/firmaron-convenio-interinstitucional-para-fortalecer-la-capacitacion-judicial\/#primaryimage","url":"https:\/\/apuntesdesanluis.com\/wp-content\/uploads\/2024\/05\/CONVENIO.png","contentUrl":"https:\/\/apuntesdesanluis.com\/wp-content\/uploads\/2024\/05\/CONVENIO.png","width":600,"height":324},{"@type":"BreadcrumbList","@id":"https:\/\/apuntesdesanluis.com\/index.php\/2024\/05\/07\/firmaron-convenio-interinstitucional-para-fortalecer-la-capacitacion-judicial\/#breadcrumb","itemListElement":[{"@type":"ListItem","position":1,"name":"Inicio","item":"https:\/\/apuntesdesanluis.com\/"},{"@type":"ListItem","position":2,"name":"FIRMARON CONVENIO INTERINSTITUCIONAL PARA FORTALECER LA CAPACITACI\u00d3N JUDICIAL"}]},{"@type":"WebSite","@id":"https:\/\/apuntesdesanluis.com\/#website","url":"https:\/\/apuntesdesanluis.com\/","name":"Apuntes de San Luis","description":"","publisher":{"@id":"https:\/\/apuntesdesanluis.com\/#\/schema\/person\/b55151d52296fcce64d1a72538a70b90"},"potentialAction":[{"@type":"SearchAction","target":{"@type":"EntryPoint","urlTemplate":"https:\/\/apuntesdesanluis.com\/?s={search_term_string}"},"query-input":{"@type":"PropertyValueSpecification","valueRequired":true,"valueName":"search_term_string"}}],"inLanguage":"es-AR"},{"@type":["Person","Organization"],"@id":"https:\/\/apuntesdesanluis.com\/#\/schema\/person\/b55151d52296fcce64d1a72538a70b90","name":"apuntesdesanluis.com","image":{"@type":"ImageObject","inLanguage":"es-AR","@id":"https:\/\/apuntesdesanluis.com\/#\/schema\/person\/image\/","url":"https:\/\/apuntesdesanluis.com\/wp-content\/uploads\/2023\/07\/cropped-apuntesdesanluis.png","contentUrl":"https:\/\/apuntesdesanluis.com\/wp-content\/uploads\/2023\/07\/cropped-apuntesdesanluis.png","width":450,"height":112,"caption":"apuntesdesanluis.com"},"logo":{"@id":"https:\/\/apuntesdesanluis.com\/#\/schema\/person\/image\/"},"sameAs":["https:\/\/apuntesdesanluis.com"],"url":"https:\/\/apuntesdesanluis.com\/index.php\/author\/apuntesdesanluis-com\/"}]}},"featured_image_urls":{"full":["https:\/\/apuntesdesanluis.com\/wp-content\/uploads\/2024\/05\/CONVENIO.png",600,324,false],"thumbnail":["https:\/\/apuntesdesanluis.com\/wp-content\/uploads\/2024\/05\/CONVENIO-150x150.png",150,150,true],"medium":["https:\/\/apuntesdesanluis.com\/wp-content\/uploads\/2024\/05\/CONVENIO-300x162.png",300,162,true],"medium_large":["https:\/\/apuntesdesanluis.com\/wp-content\/uploads\/2024\/05\/CONVENIO.png",600,324,false],"large":["https:\/\/apuntesdesanluis.com\/wp-content\/uploads\/2024\/05\/CONVENIO.png",600,324,false],"1536x1536":["https:\/\/apuntesdesanluis.com\/wp-content\/uploads\/2024\/05\/CONVENIO.png",600,324,false],"2048x2048":["https:\/\/apuntesdesanluis.com\/wp-content\/uploads\/2024\/05\/CONVENIO.png",600,324,false],"newsever-slider-full":["https:\/\/apuntesdesanluis.com\/wp-content\/uploads\/2024\/05\/CONVENIO.png",600,324,false],"newsever-featured":["https:\/\/apuntesdesanluis.com\/wp-content\/uploads\/2024\/05\/CONVENIO.png",600,324,false],"newsever-medium":["https:\/\/apuntesdesanluis.com\/wp-content\/uploads\/2024\/05\/CONVENIO.png",600,324,false]},"author_info":{"display_name":"apuntesdesanluis.com","author_link":"https:\/\/apuntesdesanluis.com\/index.php\/author\/apuntesdesanluis-com\/"},"category_info":"<a href=\"https:\/\/apuntesdesanluis.com\/index.php\/category\/ciudad-provincia\/\" rel=\"category tag\">Ciudad\/Provincia<\/a>","tag_info":"Ciudad\/Provincia","comment_count":"0","_links":{"self":[{"href":"https:\/\/apuntesdesanluis.com\/index.php\/wp-json\/wp\/v2\/posts\/15792","targetHints":{"allow":["GET"]}}],"collection":[{"href":"https:\/\/apuntesdesanluis.com\/index.php\/wp-json\/wp\/v2\/posts"}],"about":[{"href":"https:\/\/apuntesdesanluis.com\/index.php\/wp-json\/wp\/v2\/types\/post"}],"author":[{"embeddable":true,"href":"https:\/\/apuntesdesanluis.com\/index.php\/wp-json\/wp\/v2\/users\/1"}],"replies":[{"embeddable":true,"href":"https:\/\/apuntesdesanluis.com\/index.php\/wp-json\/wp\/v2\/comments?post=15792"}],"version-history":[{"count":3,"href":"https:\/\/apuntesdesanluis.com\/index.php\/wp-json\/wp\/v2\/posts\/15792\/revisions"}],"predecessor-version":[{"id":15797,"href":"https:\/\/apuntesdesanluis.com\/index.php\/wp-json\/wp\/v2\/posts\/15792\/revisions\/15797"}],"wp:featuredmedia":[{"embeddable":true,"href":"https:\/\/apuntesdesanluis.com\/index.php\/wp-json\/wp\/v2\/media\/15794"}],"wp:attachment":[{"href":"https:\/\/apuntesdesanluis.com\/index.php\/wp-json\/wp\/v2\/media?parent=15792"}],"wp:term":[{"taxonomy":"category","embeddable":true,"href":"https:\/\/apuntesdesanluis.com\/index.php\/wp-json\/wp\/v2\/categories?post=15792"},{"taxonomy":"post_tag","embeddable":true,"href":"https:\/\/apuntesdesanluis.com\/index.php\/wp-json\/wp\/v2\/tags?post=15792"}],"curies":[{"name":"wp","href":"https:\/\/api.w.org\/{rel}","templated":true}]}}