{"id":15798,"date":"2024-05-07T23:31:46","date_gmt":"2024-05-08T02:31:46","guid":{"rendered":"https:\/\/apuntesdesanluis.com\/?p=15798"},"modified":"2024-05-07T23:31:46","modified_gmt":"2024-05-08T02:31:46","slug":"el-senado-inicio-el-tratamiento-en-comision-de-la-ley-de-bases-y-el-paquete-fiscal","status":"publish","type":"post","link":"https:\/\/apuntesdesanluis.com\/index.php\/2024\/05\/07\/el-senado-inicio-el-tratamiento-en-comision-de-la-ley-de-bases-y-el-paquete-fiscal\/","title":{"rendered":"EL SENADO INICI\u00d3 EL TRATAMIENTO EN COMISI\u00d3N DE LA LEY DE BASES Y EL PAQUETE FISCAL"},"content":{"rendered":"<h3>El Senado de la Naci\u00f3n inici\u00f3 esta tarde el tratamiento de la ley de Bases y el paquete fiscal en el plenario de comisiones con un clima de tensi\u00f3n por las maniobras kirchneristas para obturar el recorrido de los proyectos e incertidumbre por la celeridad que urge al oficialismo por conseguir el dictamen el pr\u00f3ximo jueves -hoy lejano- que le permita desembarcar en el recinto senatorial una semana m\u00e1s tarde, el 16, a pocos d\u00edas del Pacto de Mayo.<\/h3>\n<h3>El encuentro, que se desarroll\u00f3 en el Sal\u00f3n Azul del Congreso de la Naci\u00f3n, arranc\u00f3 pasadas las 14 con una r\u00e1pida embestida del bloque K en la C\u00e1mara alta que plante\u00f3 la nulidad del texto que ingres\u00f3 al Senado. El ataque se apalanca en la denuncia que horas antes realiz\u00f3 el titular de Uni\u00f3n por la Patria en Diputados, Germ\u00e1n Mart\u00ednez, quien asegur\u00f3 que el proyecto remitido al Senado es diferente al aprobado la semana pasada.<\/h3>\n<h3>Varios senadores K apuntaron fuertemente contra el oficialismo, ante la atenta mirada del ministro del Interior, Guillermo Francos, que aguardaba dar el puntapi\u00e9 a la rueda de exposiciones en defensa de ley de Bases y el paquete fiscal. Entre los representantes provinciales opositores que se expresaron al respecto fueron Silvia Sapag (Neuqu\u00e9n) que calific\u00f3 el texto \u201cun papelucho\u201d. Lo propio hizo Juliana Di Tullio (Buenos Aires) que afirm\u00f3 que \u201ces trucho\u201d, mientras que Anabel Fern\u00e1ndez Sagasti (Mendoza) lo rotul\u00f3 como &#8220;un delito&#8221;.<\/h3>\n<h3>Al cruce de estos le salieron dos opositores dialoguistas. Uno de ellos fue el senador Juan Carlos Romero (Salta), de Cambio Federal, y Maximiliano Abad (Buenos Aires), de la Uni\u00f3n C\u00edvica Radical (UCR). Romero pidi\u00f3 que el plenario se aboque a escuchar las exposiciones de los enviados por el Poder Ejecutivo. Por su parte, Abad, se pregunt\u00f3: \u201cNo entiendo a qu\u00e9 se refieren. \u00bfQu\u00e9 salida plantean?\u201d.<\/h3>\n<h3>Tras un comienzo picante, Abdala le dio la palabra a Francos que realiz\u00f3 una breve defensa de ambos mega proyectos y los contextualiz\u00f3 -a modo de correcci\u00f3n- en el marco en que todos los gobiernos, desde 1983 a la actualidad, tuvieron que resolver \u201cproblemas heredados\u201d. Tambi\u00e9n se refiri\u00f3 a la denuncia del bloque K: &#8220;Yo estuve en la C\u00e1mara de Diputados y no vi nada raro. Se expresaron todos los sectores pol\u00edticos&#8221;.<\/h3>\n<h3>A su vez, protagoniz\u00f3 un ida y vuelta con el senador Jos\u00e9 Mayans (Formosa), quien le pidi\u00f3 que explicara las declaraciones del presidente Javier Milei que semanas atr\u00e1s tild\u00f3 al Congreso como un \u201cnido de ratas\u201d. Al respecto, Francos se desmarc\u00f3 de la postura del mandatario: \u201cYo no creo que sean un nido de ratas. Me hago cargo de mi palabras y entiendo los cuestionamientos que hace el Presidente\u201d.<\/h3>\n<h3>Luego, disertaron el vicejefe de Gabinete, Jos\u00e9 Rolandi, y la secretaria de Planeamiento Estrat\u00e9gico, Mar\u00eda Ibarz\u00e1bal Murphy. Tanto Rolandi como Irbaz\u00e1bal se someter\u00e1n el mi\u00e9rcoles a otro plenario de comisiones en las que deber\u00e1n profundizar a\u00fan m\u00e1s en los detalles e inquietudes que lleven los senadores. No obstantes, ambos funcionarios nacionales explicaron a grandes rasgos los puntos nodales de ambos proyectos.<\/h3>\n<h3>EL RIGI, EL CAP\u00cdTULO M\u00c1S CUESTIONADO<\/h3>\n<h3>Tras las exposiciones de Francos, Rolandi y Ibarzabal Murphy, una de las voces m\u00e1s s\u00f3lidas a la hora de responder por parte del oficialismo, Abdala abri\u00f3 la ronda de preguntas, acci\u00f3n que acapara la mayor parte del encuentro y que se extendi\u00f3 hasta casi las 19.30. El cap\u00edtulo dedicado al R\u00e9gimen de Incentivo para Grandes Inversiones (RIGI) fue foco de cr\u00edticas e interrogantes transversales de senadores de todos los bloques.<\/h3>\n<h3>Con el RIGI, La Libertad Avanza se propone habilitar un programa de beneficios a inversiones mayores a los 200 millones de d\u00f3lares para acelerar la toma de decisiones de inversi\u00f3n brindando un marco de seguridad jur\u00eddica. El radical Mart\u00edn Lousteau (CABA) fue uno de los m\u00e1s rigurosos a la hora de posar la lupa sobre el RIGI puntualizando en cuestiones t\u00e9cnicas arancelarias.<\/h3>\n<h3>A su cuestionamiento se pleg\u00f3 Guadalupe Tagliaferri (CABA), del PRO, y la kirchnerista Fern\u00e1ndez Sagasti, quiz\u00e1s, la m\u00e1s pirot\u00e9cnica contra el r\u00e9gimen que tuvo la luz de Diputados. La mendocina dej\u00f3 entrever que el cap\u00edtulo habr\u00eda &#8220;salido de una oficina oscura&#8221; de la ciudad de Buenos Aires. En esa l\u00ednea, afirm\u00f3 que quien lo redact\u00f3 no sabe de &#8220;federalismo&#8221;.<\/h3>\n<h3>Otro eje que deriv\u00f3 en la intervenci\u00f3n de Di Tullio, pero que no involucra al RIGI, fue la reforma laboral. En el bloque del Frente del Todos en el Senado y mismo tiempo en que se desarrollaba la reuni\u00f3n plenaria, un pu\u00f1ado legisladores recibieron a H\u00e9ctor Daer y Carlos Acu\u00f1a, triunviros de la Confederaci\u00f3n General del Trabajo (CGT), que el pr\u00f3ximo jueves realizar\u00e1 su segundo paro nacional contra el Poder Ejecutivo.<\/h3>\n<h3>En su intervenci\u00f3n, Di Tullio, con l\u00ednea directa con la ex presidenta Cristina Kirchner, adelant\u00f3 que pedir\u00e1 mediante una nota la presencia ante el plenario de comisiones de las centrales obreras de la Argentina, la CGT y las dos CTA (Aut\u00f3noma y de los Trabajadores), y tambi\u00e9n de la Organizaci\u00f3n Internacional del Trabajo (OIT).<\/h3>\n<h3>Si bien no dej\u00f3 en claro cu\u00e1ndo, a la salida del encuentro, Daer sostuvo que podr\u00eda ser la semana pr\u00f3xima. Esto pone contra las cuerdas a la administraci\u00f3n mile\u00edsta y alterar\u00eda el calendario diagramado por el oficialismo que, entusiasmado por el envi\u00f3n de Diputados y apretado por el Pacto de Mayo, aspiraba a conseguir el dictamen este jueves.<\/h3>\n<h3>C\u00d3MO SIGUE EL CRONOGRAMA<\/h3>\n<h3>La actividad continuar\u00e1 ma\u00f1ana mi\u00e9rcoles a las 10 con las exposiciones del secretario de Energ\u00eda, Eduardo Rodr\u00edguez Chirillo, y el secretario de Trabajo, Julio Cordero. A su vez, se realizar\u00e1 la reuni\u00f3n, en solitario, de la comisi\u00f3n de Presupuesto por el paquete fiscal con la presencia del secretario de Hacienda, Carlos Guberman. El paquete fiscal ya tiene un pie en Diputados por la negativa varios gobernadores patag\u00f3nicos frente a la restituci\u00f3n del impuesto a las Ganancias.<\/h3>\n<p>&nbsp;<\/p>\n<p>&nbsp;<\/p>\n<p>&nbsp;<\/p>\n<p>&nbsp;<\/p>\n<p>&nbsp;<\/p>\n<p>&nbsp;<\/p>\n","protected":false},"excerpt":{"rendered":"<p>El Senado de la Naci\u00f3n inici\u00f3 esta tarde el tratamiento de la ley de Bases&#8230;<\/p>\n","protected":false},"author":1,"featured_media":15799,"comment_status":"closed","ping_status":"closed","sticky":false,"template":"","format":"standard","meta":{"footnotes":""},"categories":[5],"tags":[],"class_list":["post-15798","post","type-post","status-publish","format-standard","has-post-thumbnail","hentry","category-nacionales-internacionales"],"yoast_head":"<!-- This site is optimized with the Yoast SEO plugin v26.1.1 - https:\/\/yoast.com\/wordpress\/plugins\/seo\/ -->\n<title>EL SENADO INICI\u00d3 EL TRATAMIENTO EN COMISI\u00d3N DE LA LEY DE BASES Y EL PAQUETE FISCAL - Apuntes de San Luis<\/title>\n<meta name=\"robots\" content=\"index, follow, max-snippet:-1, max-image-preview:large, max-video-preview:-1\" \/>\n<link rel=\"canonical\" href=\"https:\/\/apuntesdesanluis.com\/index.php\/2024\/05\/07\/el-senado-inicio-el-tratamiento-en-comision-de-la-ley-de-bases-y-el-paquete-fiscal\/\" \/>\n<meta property=\"og:locale\" content=\"es_ES\" \/>\n<meta property=\"og:type\" content=\"article\" \/>\n<meta property=\"og:title\" content=\"EL SENADO INICI\u00d3 EL TRATAMIENTO EN COMISI\u00d3N DE LA LEY DE BASES Y EL PAQUETE FISCAL - Apuntes de San Luis\" \/>\n<meta property=\"og:description\" content=\"El Senado de la Naci\u00f3n inici\u00f3 esta tarde el tratamiento de la ley de Bases...\" \/>\n<meta property=\"og:url\" content=\"https:\/\/apuntesdesanluis.com\/index.php\/2024\/05\/07\/el-senado-inicio-el-tratamiento-en-comision-de-la-ley-de-bases-y-el-paquete-fiscal\/\" \/>\n<meta property=\"og:site_name\" content=\"Apuntes de San Luis\" \/>\n<meta property=\"article:published_time\" content=\"2024-05-08T02:31:46+00:00\" \/>\n<meta property=\"og:image\" content=\"https:\/\/apuntesdesanluis.com\/wp-content\/uploads\/2024\/05\/FRANCOS-Y-BARTOLO.png\" \/>\n\t<meta property=\"og:image:width\" content=\"676\" \/>\n\t<meta property=\"og:image:height\" content=\"418\" \/>\n\t<meta property=\"og:image:type\" content=\"image\/png\" \/>\n<meta name=\"author\" content=\"apuntesdesanluis.com\" \/>\n<meta name=\"twitter:card\" content=\"summary_large_image\" \/>\n<meta name=\"twitter:label1\" content=\"Escrito por\" \/>\n\t<meta name=\"twitter:data1\" content=\"apuntesdesanluis.com\" \/>\n\t<meta name=\"twitter:label2\" content=\"Tiempo de lectura\" \/>\n\t<meta name=\"twitter:data2\" content=\"5 minutos\" \/>\n<script type=\"application\/ld+json\" class=\"yoast-schema-graph\">{\"@context\":\"https:\/\/schema.org\",\"@graph\":[{\"@type\":\"Article\",\"@id\":\"https:\/\/apuntesdesanluis.com\/index.php\/2024\/05\/07\/el-senado-inicio-el-tratamiento-en-comision-de-la-ley-de-bases-y-el-paquete-fiscal\/#article\",\"isPartOf\":{\"@id\":\"https:\/\/apuntesdesanluis.com\/index.php\/2024\/05\/07\/el-senado-inicio-el-tratamiento-en-comision-de-la-ley-de-bases-y-el-paquete-fiscal\/\"},\"author\":{\"name\":\"apuntesdesanluis.com\",\"@id\":\"https:\/\/apuntesdesanluis.com\/#\/schema\/person\/b55151d52296fcce64d1a72538a70b90\"},\"headline\":\"EL SENADO INICI\u00d3 EL TRATAMIENTO EN COMISI\u00d3N DE LA LEY DE BASES Y EL PAQUETE FISCAL\",\"datePublished\":\"2024-05-08T02:31:46+00:00\",\"mainEntityOfPage\":{\"@id\":\"https:\/\/apuntesdesanluis.com\/index.php\/2024\/05\/07\/el-senado-inicio-el-tratamiento-en-comision-de-la-ley-de-bases-y-el-paquete-fiscal\/\"},\"wordCount\":1062,\"publisher\":{\"@id\":\"https:\/\/apuntesdesanluis.com\/#\/schema\/person\/b55151d52296fcce64d1a72538a70b90\"},\"image\":{\"@id\":\"https:\/\/apuntesdesanluis.com\/index.php\/2024\/05\/07\/el-senado-inicio-el-tratamiento-en-comision-de-la-ley-de-bases-y-el-paquete-fiscal\/#primaryimage\"},\"thumbnailUrl\":\"https:\/\/apuntesdesanluis.com\/wp-content\/uploads\/2024\/05\/FRANCOS-Y-BARTOLO.png\",\"articleSection\":[\"Nacionales\/Internacionales\"],\"inLanguage\":\"es-AR\"},{\"@type\":\"WebPage\",\"@id\":\"https:\/\/apuntesdesanluis.com\/index.php\/2024\/05\/07\/el-senado-inicio-el-tratamiento-en-comision-de-la-ley-de-bases-y-el-paquete-fiscal\/\",\"url\":\"https:\/\/apuntesdesanluis.com\/index.php\/2024\/05\/07\/el-senado-inicio-el-tratamiento-en-comision-de-la-ley-de-bases-y-el-paquete-fiscal\/\",\"name\":\"EL SENADO INICI\u00d3 EL TRATAMIENTO EN COMISI\u00d3N DE LA LEY DE BASES Y EL PAQUETE FISCAL - Apuntes de San Luis\",\"isPartOf\":{\"@id\":\"https:\/\/apuntesdesanluis.com\/#website\"},\"primaryImageOfPage\":{\"@id\":\"https:\/\/apuntesdesanluis.com\/index.php\/2024\/05\/07\/el-senado-inicio-el-tratamiento-en-comision-de-la-ley-de-bases-y-el-paquete-fiscal\/#primaryimage\"},\"image\":{\"@id\":\"https:\/\/apuntesdesanluis.com\/index.php\/2024\/05\/07\/el-senado-inicio-el-tratamiento-en-comision-de-la-ley-de-bases-y-el-paquete-fiscal\/#primaryimage\"},\"thumbnailUrl\":\"https:\/\/apuntesdesanluis.com\/wp-content\/uploads\/2024\/05\/FRANCOS-Y-BARTOLO.png\",\"datePublished\":\"2024-05-08T02:31:46+00:00\",\"breadcrumb\":{\"@id\":\"https:\/\/apuntesdesanluis.com\/index.php\/2024\/05\/07\/el-senado-inicio-el-tratamiento-en-comision-de-la-ley-de-bases-y-el-paquete-fiscal\/#breadcrumb\"},\"inLanguage\":\"es-AR\",\"potentialAction\":[{\"@type\":\"ReadAction\",\"target\":[\"https:\/\/apuntesdesanluis.com\/index.php\/2024\/05\/07\/el-senado-inicio-el-tratamiento-en-comision-de-la-ley-de-bases-y-el-paquete-fiscal\/\"]}]},{\"@type\":\"ImageObject\",\"inLanguage\":\"es-AR\",\"@id\":\"https:\/\/apuntesdesanluis.com\/index.php\/2024\/05\/07\/el-senado-inicio-el-tratamiento-en-comision-de-la-ley-de-bases-y-el-paquete-fiscal\/#primaryimage\",\"url\":\"https:\/\/apuntesdesanluis.com\/wp-content\/uploads\/2024\/05\/FRANCOS-Y-BARTOLO.png\",\"contentUrl\":\"https:\/\/apuntesdesanluis.com\/wp-content\/uploads\/2024\/05\/FRANCOS-Y-BARTOLO.png\",\"width\":676,\"height\":418},{\"@type\":\"BreadcrumbList\",\"@id\":\"https:\/\/apuntesdesanluis.com\/index.php\/2024\/05\/07\/el-senado-inicio-el-tratamiento-en-comision-de-la-ley-de-bases-y-el-paquete-fiscal\/#breadcrumb\",\"itemListElement\":[{\"@type\":\"ListItem\",\"position\":1,\"name\":\"Inicio\",\"item\":\"https:\/\/apuntesdesanluis.com\/\"},{\"@type\":\"ListItem\",\"position\":2,\"name\":\"EL SENADO INICI\u00d3 EL TRATAMIENTO EN COMISI\u00d3N DE LA LEY DE BASES Y EL PAQUETE FISCAL\"}]},{\"@type\":\"WebSite\",\"@id\":\"https:\/\/apuntesdesanluis.com\/#website\",\"url\":\"https:\/\/apuntesdesanluis.com\/\",\"name\":\"Apuntes de San Luis\",\"description\":\"\",\"publisher\":{\"@id\":\"https:\/\/apuntesdesanluis.com\/#\/schema\/person\/b55151d52296fcce64d1a72538a70b90\"},\"potentialAction\":[{\"@type\":\"SearchAction\",\"target\":{\"@type\":\"EntryPoint\",\"urlTemplate\":\"https:\/\/apuntesdesanluis.com\/?s={search_term_string}\"},\"query-input\":{\"@type\":\"PropertyValueSpecification\",\"valueRequired\":true,\"valueName\":\"search_term_string\"}}],\"inLanguage\":\"es-AR\"},{\"@type\":[\"Person\",\"Organization\"],\"@id\":\"https:\/\/apuntesdesanluis.com\/#\/schema\/person\/b55151d52296fcce64d1a72538a70b90\",\"name\":\"apuntesdesanluis.com\",\"image\":{\"@type\":\"ImageObject\",\"inLanguage\":\"es-AR\",\"@id\":\"https:\/\/apuntesdesanluis.com\/#\/schema\/person\/image\/\",\"url\":\"https:\/\/apuntesdesanluis.com\/wp-content\/uploads\/2023\/07\/cropped-apuntesdesanluis.png\",\"contentUrl\":\"https:\/\/apuntesdesanluis.com\/wp-content\/uploads\/2023\/07\/cropped-apuntesdesanluis.png\",\"width\":450,\"height\":112,\"caption\":\"apuntesdesanluis.com\"},\"logo\":{\"@id\":\"https:\/\/apuntesdesanluis.com\/#\/schema\/person\/image\/\"},\"sameAs\":[\"https:\/\/apuntesdesanluis.com\"],\"url\":\"https:\/\/apuntesdesanluis.com\/index.php\/author\/apuntesdesanluis-com\/\"}]}<\/script>\n<!-- \/ Yoast SEO plugin. -->","yoast_head_json":{"title":"EL SENADO INICI\u00d3 EL TRATAMIENTO EN COMISI\u00d3N DE LA LEY DE BASES Y EL PAQUETE FISCAL - Apuntes de San Luis","robots":{"index":"index","follow":"follow","max-snippet":"max-snippet:-1","max-image-preview":"max-image-preview:large","max-video-preview":"max-video-preview:-1"},"canonical":"https:\/\/apuntesdesanluis.com\/index.php\/2024\/05\/07\/el-senado-inicio-el-tratamiento-en-comision-de-la-ley-de-bases-y-el-paquete-fiscal\/","og_locale":"es_ES","og_type":"article","og_title":"EL SENADO INICI\u00d3 EL TRATAMIENTO EN COMISI\u00d3N DE LA LEY DE BASES Y EL PAQUETE FISCAL - Apuntes de San Luis","og_description":"El Senado de la Naci\u00f3n inici\u00f3 esta tarde el tratamiento de la ley de Bases...","og_url":"https:\/\/apuntesdesanluis.com\/index.php\/2024\/05\/07\/el-senado-inicio-el-tratamiento-en-comision-de-la-ley-de-bases-y-el-paquete-fiscal\/","og_site_name":"Apuntes de San Luis","article_published_time":"2024-05-08T02:31:46+00:00","og_image":[{"width":676,"height":418,"url":"https:\/\/apuntesdesanluis.com\/wp-content\/uploads\/2024\/05\/FRANCOS-Y-BARTOLO.png","type":"image\/png"}],"author":"apuntesdesanluis.com","twitter_card":"summary_large_image","twitter_misc":{"Escrito por":"apuntesdesanluis.com","Tiempo de lectura":"5 minutos"},"schema":{"@context":"https:\/\/schema.org","@graph":[{"@type":"Article","@id":"https:\/\/apuntesdesanluis.com\/index.php\/2024\/05\/07\/el-senado-inicio-el-tratamiento-en-comision-de-la-ley-de-bases-y-el-paquete-fiscal\/#article","isPartOf":{"@id":"https:\/\/apuntesdesanluis.com\/index.php\/2024\/05\/07\/el-senado-inicio-el-tratamiento-en-comision-de-la-ley-de-bases-y-el-paquete-fiscal\/"},"author":{"name":"apuntesdesanluis.com","@id":"https:\/\/apuntesdesanluis.com\/#\/schema\/person\/b55151d52296fcce64d1a72538a70b90"},"headline":"EL SENADO INICI\u00d3 EL TRATAMIENTO EN COMISI\u00d3N DE LA LEY DE BASES Y EL PAQUETE FISCAL","datePublished":"2024-05-08T02:31:46+00:00","mainEntityOfPage":{"@id":"https:\/\/apuntesdesanluis.com\/index.php\/2024\/05\/07\/el-senado-inicio-el-tratamiento-en-comision-de-la-ley-de-bases-y-el-paquete-fiscal\/"},"wordCount":1062,"publisher":{"@id":"https:\/\/apuntesdesanluis.com\/#\/schema\/person\/b55151d52296fcce64d1a72538a70b90"},"image":{"@id":"https:\/\/apuntesdesanluis.com\/index.php\/2024\/05\/07\/el-senado-inicio-el-tratamiento-en-comision-de-la-ley-de-bases-y-el-paquete-fiscal\/#primaryimage"},"thumbnailUrl":"https:\/\/apuntesdesanluis.com\/wp-content\/uploads\/2024\/05\/FRANCOS-Y-BARTOLO.png","articleSection":["Nacionales\/Internacionales"],"inLanguage":"es-AR"},{"@type":"WebPage","@id":"https:\/\/apuntesdesanluis.com\/index.php\/2024\/05\/07\/el-senado-inicio-el-tratamiento-en-comision-de-la-ley-de-bases-y-el-paquete-fiscal\/","url":"https:\/\/apuntesdesanluis.com\/index.php\/2024\/05\/07\/el-senado-inicio-el-tratamiento-en-comision-de-la-ley-de-bases-y-el-paquete-fiscal\/","name":"EL SENADO INICI\u00d3 EL TRATAMIENTO EN COMISI\u00d3N DE LA LEY DE BASES Y EL PAQUETE FISCAL - Apuntes de San Luis","isPartOf":{"@id":"https:\/\/apuntesdesanluis.com\/#website"},"primaryImageOfPage":{"@id":"https:\/\/apuntesdesanluis.com\/index.php\/2024\/05\/07\/el-senado-inicio-el-tratamiento-en-comision-de-la-ley-de-bases-y-el-paquete-fiscal\/#primaryimage"},"image":{"@id":"https:\/\/apuntesdesanluis.com\/index.php\/2024\/05\/07\/el-senado-inicio-el-tratamiento-en-comision-de-la-ley-de-bases-y-el-paquete-fiscal\/#primaryimage"},"thumbnailUrl":"https:\/\/apuntesdesanluis.com\/wp-content\/uploads\/2024\/05\/FRANCOS-Y-BARTOLO.png","datePublished":"2024-05-08T02:31:46+00:00","breadcrumb":{"@id":"https:\/\/apuntesdesanluis.com\/index.php\/2024\/05\/07\/el-senado-inicio-el-tratamiento-en-comision-de-la-ley-de-bases-y-el-paquete-fiscal\/#breadcrumb"},"inLanguage":"es-AR","potentialAction":[{"@type":"ReadAction","target":["https:\/\/apuntesdesanluis.com\/index.php\/2024\/05\/07\/el-senado-inicio-el-tratamiento-en-comision-de-la-ley-de-bases-y-el-paquete-fiscal\/"]}]},{"@type":"ImageObject","inLanguage":"es-AR","@id":"https:\/\/apuntesdesanluis.com\/index.php\/2024\/05\/07\/el-senado-inicio-el-tratamiento-en-comision-de-la-ley-de-bases-y-el-paquete-fiscal\/#primaryimage","url":"https:\/\/apuntesdesanluis.com\/wp-content\/uploads\/2024\/05\/FRANCOS-Y-BARTOLO.png","contentUrl":"https:\/\/apuntesdesanluis.com\/wp-content\/uploads\/2024\/05\/FRANCOS-Y-BARTOLO.png","width":676,"height":418},{"@type":"BreadcrumbList","@id":"https:\/\/apuntesdesanluis.com\/index.php\/2024\/05\/07\/el-senado-inicio-el-tratamiento-en-comision-de-la-ley-de-bases-y-el-paquete-fiscal\/#breadcrumb","itemListElement":[{"@type":"ListItem","position":1,"name":"Inicio","item":"https:\/\/apuntesdesanluis.com\/"},{"@type":"ListItem","position":2,"name":"EL SENADO INICI\u00d3 EL TRATAMIENTO EN COMISI\u00d3N DE LA LEY DE BASES Y EL PAQUETE FISCAL"}]},{"@type":"WebSite","@id":"https:\/\/apuntesdesanluis.com\/#website","url":"https:\/\/apuntesdesanluis.com\/","name":"Apuntes de San Luis","description":"","publisher":{"@id":"https:\/\/apuntesdesanluis.com\/#\/schema\/person\/b55151d52296fcce64d1a72538a70b90"},"potentialAction":[{"@type":"SearchAction","target":{"@type":"EntryPoint","urlTemplate":"https:\/\/apuntesdesanluis.com\/?s={search_term_string}"},"query-input":{"@type":"PropertyValueSpecification","valueRequired":true,"valueName":"search_term_string"}}],"inLanguage":"es-AR"},{"@type":["Person","Organization"],"@id":"https:\/\/apuntesdesanluis.com\/#\/schema\/person\/b55151d52296fcce64d1a72538a70b90","name":"apuntesdesanluis.com","image":{"@type":"ImageObject","inLanguage":"es-AR","@id":"https:\/\/apuntesdesanluis.com\/#\/schema\/person\/image\/","url":"https:\/\/apuntesdesanluis.com\/wp-content\/uploads\/2023\/07\/cropped-apuntesdesanluis.png","contentUrl":"https:\/\/apuntesdesanluis.com\/wp-content\/uploads\/2023\/07\/cropped-apuntesdesanluis.png","width":450,"height":112,"caption":"apuntesdesanluis.com"},"logo":{"@id":"https:\/\/apuntesdesanluis.com\/#\/schema\/person\/image\/"},"sameAs":["https:\/\/apuntesdesanluis.com"],"url":"https:\/\/apuntesdesanluis.com\/index.php\/author\/apuntesdesanluis-com\/"}]}},"featured_image_urls":{"full":["https:\/\/apuntesdesanluis.com\/wp-content\/uploads\/2024\/05\/FRANCOS-Y-BARTOLO.png",676,418,false],"thumbnail":["https:\/\/apuntesdesanluis.com\/wp-content\/uploads\/2024\/05\/FRANCOS-Y-BARTOLO-150x150.png",150,150,true],"medium":["https:\/\/apuntesdesanluis.com\/wp-content\/uploads\/2024\/05\/FRANCOS-Y-BARTOLO-300x186.png",300,186,true],"medium_large":["https:\/\/apuntesdesanluis.com\/wp-content\/uploads\/2024\/05\/FRANCOS-Y-BARTOLO.png",640,396,false],"large":["https:\/\/apuntesdesanluis.com\/wp-content\/uploads\/2024\/05\/FRANCOS-Y-BARTOLO.png",640,396,false],"1536x1536":["https:\/\/apuntesdesanluis.com\/wp-content\/uploads\/2024\/05\/FRANCOS-Y-BARTOLO.png",676,418,false],"2048x2048":["https:\/\/apuntesdesanluis.com\/wp-content\/uploads\/2024\/05\/FRANCOS-Y-BARTOLO.png",676,418,false],"newsever-slider-full":["https:\/\/apuntesdesanluis.com\/wp-content\/uploads\/2024\/05\/FRANCOS-Y-BARTOLO.png",676,418,false],"newsever-featured":["https:\/\/apuntesdesanluis.com\/wp-content\/uploads\/2024\/05\/FRANCOS-Y-BARTOLO.png",676,418,false],"newsever-medium":["https:\/\/apuntesdesanluis.com\/wp-content\/uploads\/2024\/05\/FRANCOS-Y-BARTOLO.png",676,418,false]},"author_info":{"display_name":"apuntesdesanluis.com","author_link":"https:\/\/apuntesdesanluis.com\/index.php\/author\/apuntesdesanluis-com\/"},"category_info":"<a href=\"https:\/\/apuntesdesanluis.com\/index.php\/category\/nacionales-internacionales\/\" rel=\"category tag\">Nacionales\/Internacionales<\/a>","tag_info":"Nacionales\/Internacionales","comment_count":"0","_links":{"self":[{"href":"https:\/\/apuntesdesanluis.com\/index.php\/wp-json\/wp\/v2\/posts\/15798","targetHints":{"allow":["GET"]}}],"collection":[{"href":"https:\/\/apuntesdesanluis.com\/index.php\/wp-json\/wp\/v2\/posts"}],"about":[{"href":"https:\/\/apuntesdesanluis.com\/index.php\/wp-json\/wp\/v2\/types\/post"}],"author":[{"embeddable":true,"href":"https:\/\/apuntesdesanluis.com\/index.php\/wp-json\/wp\/v2\/users\/1"}],"replies":[{"embeddable":true,"href":"https:\/\/apuntesdesanluis.com\/index.php\/wp-json\/wp\/v2\/comments?post=15798"}],"version-history":[{"count":1,"href":"https:\/\/apuntesdesanluis.com\/index.php\/wp-json\/wp\/v2\/posts\/15798\/revisions"}],"predecessor-version":[{"id":15800,"href":"https:\/\/apuntesdesanluis.com\/index.php\/wp-json\/wp\/v2\/posts\/15798\/revisions\/15800"}],"wp:featuredmedia":[{"embeddable":true,"href":"https:\/\/apuntesdesanluis.com\/index.php\/wp-json\/wp\/v2\/media\/15799"}],"wp:attachment":[{"href":"https:\/\/apuntesdesanluis.com\/index.php\/wp-json\/wp\/v2\/media?parent=15798"}],"wp:term":[{"taxonomy":"category","embeddable":true,"href":"https:\/\/apuntesdesanluis.com\/index.php\/wp-json\/wp\/v2\/categories?post=15798"},{"taxonomy":"post_tag","embeddable":true,"href":"https:\/\/apuntesdesanluis.com\/index.php\/wp-json\/wp\/v2\/tags?post=15798"}],"curies":[{"name":"wp","href":"https:\/\/api.w.org\/{rel}","templated":true}]}}