{"id":1580,"date":"2023-08-14T20:41:29","date_gmt":"2023-08-14T23:41:29","guid":{"rendered":"https:\/\/apuntesdesanluis.com\/?p=1580"},"modified":"2023-08-14T22:16:57","modified_gmt":"2023-08-15T01:16:57","slug":"la-inflacion-de-julio-en-san-luis-fue-del-59-acumulando-551-en-7-meses","status":"publish","type":"post","link":"https:\/\/apuntesdesanluis.com\/index.php\/2023\/08\/14\/la-inflacion-de-julio-en-san-luis-fue-del-59-acumulando-551-en-7-meses\/","title":{"rendered":"LA INFLACI\u00d3N DE JULIO EN SAN LUIS FUE DEL 5,9%, ACUMULANDO 55,1% EN 7 MESES"},"content":{"rendered":"<h3>La <strong>Direcci\u00f3n Provincial de Estad\u00edsticas y Censos<\/strong> dio a conocer que la variaci\u00f3n porcentual mensual en nuestra provincia en el mes de julio ascendi\u00f3 a<strong> 5,9%<\/strong>, llevando el acumulado de los primeros siete (7) meses del a\u00f1o a <strong>55,1%<\/strong> y la variaci\u00f3n interanual a <strong>105,4%<\/strong>. Este martes se dar\u00eda a conocer el \u00edndice de inflaci\u00f3n a nivel nacional.<\/h3>\n<p><img fetchpriority=\"high\" decoding=\"async\" class=\"wp-image-1581 aligncenter\" src=\"https:\/\/apuntesdesanluis.com\/wp-content\/uploads\/2023\/08\/variacion-interanual-300x84.png\" alt=\"\" width=\"739\" height=\"207\" srcset=\"https:\/\/apuntesdesanluis.com\/wp-content\/uploads\/2023\/08\/variacion-interanual-300x84.png 300w, https:\/\/apuntesdesanluis.com\/wp-content\/uploads\/2023\/08\/variacion-interanual.png 715w\" sizes=\"(max-width: 739px) 100vw, 739px\" \/><\/p>\n<h3>En San Luis, en el mes de julio el cap\u00edtulo con mayor incremento fue \u201cVivienda y servicios b\u00e1sicos\u201d con un impacto del 9,3%, con respecto al mes anterior. Tal variaci\u00f3n se explica por las subas en los servicios de la red gas y electricidad, as\u00ed como tambi\u00e9n en los combustibles.<\/h3>\n<h3>De esta manera, \u201cVivienda y servicios b\u00e1sicos\u201d acumula en los \u00faltimos 12 meses un 93,0% y en lo que va del a\u00f1o un 47,4%.<\/h3>\n<h3>Asimismo, \u201cAtenci\u00f3n m\u00e9dica y gastos para la salud\u201d con 9,0% es el segundo cap\u00edtulo con mayor incidencia en el Nivel General. Esto es debido a los aumentos en las cuotas de medicina prepaga, y en productos medicinales y accesorios terap\u00e9uticos.<\/h3>\n<p><img decoding=\"async\" class=\"wp-image-1582 aligncenter\" src=\"https:\/\/apuntesdesanluis.com\/wp-content\/uploads\/2023\/08\/inflacion-en-san-luis-300x177.png\" alt=\"\" width=\"737\" height=\"435\" srcset=\"https:\/\/apuntesdesanluis.com\/wp-content\/uploads\/2023\/08\/inflacion-en-san-luis-300x177.png 300w, https:\/\/apuntesdesanluis.com\/wp-content\/uploads\/2023\/08\/inflacion-en-san-luis.png 743w\" sizes=\"(max-width: 737px) 100vw, 737px\" \/><\/p>\n<h3>El Nivel General del \u00cdndice de Precios al Consumidor San Luis, se elev\u00f3 5,9% en el mes de julio de 2023, con una variaci\u00f3n acumulada de 55,1%, y con respecto a la variaci\u00f3n del mismo periodo del a\u00f1o anterior se posiciona en 105,4%, lo que demuestra una tendencia ascendente en la inflaci\u00f3n interanual.<\/h3>\n<h3>VER INFORME COMPLETO: <a href=\"http:\/\/www.estadistica.sanluis.gov.ar\/wp-content\/uploads\/IPC-Julio-2023.pdf\"><strong>IPC julio San Luis<\/strong><\/a><\/h3>\n<p>&nbsp;<\/p>\n","protected":false},"excerpt":{"rendered":"<p>La Direcci\u00f3n Provincial de Estad\u00edsticas y Censos dio a conocer que la variaci\u00f3n porcentual mensual&#8230;<\/p>\n","protected":false},"author":1,"featured_media":1583,"comment_status":"closed","ping_status":"closed","sticky":false,"template":"","format":"standard","meta":{"footnotes":""},"categories":[6],"tags":[],"class_list":["post-1580","post","type-post","status-publish","format-standard","has-post-thumbnail","hentry","category-ciudad-provincia"],"yoast_head":"<!-- This site is optimized with the Yoast SEO plugin v26.1.1 - https:\/\/yoast.com\/wordpress\/plugins\/seo\/ -->\n<title>LA INFLACI\u00d3N DE JULIO EN SAN LUIS FUE DEL 5,9%, ACUMULANDO 55,1% EN 7 MESES - Apuntes de San Luis<\/title>\n<meta name=\"robots\" content=\"index, follow, max-snippet:-1, max-image-preview:large, max-video-preview:-1\" \/>\n<link rel=\"canonical\" href=\"https:\/\/apuntesdesanluis.com\/index.php\/2023\/08\/14\/la-inflacion-de-julio-en-san-luis-fue-del-59-acumulando-551-en-7-meses\/\" \/>\n<meta property=\"og:locale\" content=\"es_ES\" \/>\n<meta property=\"og:type\" content=\"article\" \/>\n<meta property=\"og:title\" content=\"LA INFLACI\u00d3N DE JULIO EN SAN LUIS FUE DEL 5,9%, ACUMULANDO 55,1% EN 7 MESES - Apuntes de San Luis\" \/>\n<meta property=\"og:description\" content=\"La Direcci\u00f3n Provincial de Estad\u00edsticas y Censos dio a conocer que la variaci\u00f3n porcentual mensual...\" \/>\n<meta property=\"og:url\" content=\"https:\/\/apuntesdesanluis.com\/index.php\/2023\/08\/14\/la-inflacion-de-julio-en-san-luis-fue-del-59-acumulando-551-en-7-meses\/\" \/>\n<meta property=\"og:site_name\" content=\"Apuntes de San Luis\" \/>\n<meta property=\"article:published_time\" content=\"2023-08-14T23:41:29+00:00\" \/>\n<meta property=\"article:modified_time\" content=\"2023-08-15T01:16:57+00:00\" \/>\n<meta property=\"og:image\" content=\"https:\/\/apuntesdesanluis.com\/wp-content\/uploads\/2023\/08\/inflacion-julio.png\" \/>\n\t<meta property=\"og:image:width\" content=\"557\" \/>\n\t<meta property=\"og:image:height\" content=\"342\" \/>\n\t<meta property=\"og:image:type\" content=\"image\/png\" \/>\n<meta name=\"author\" content=\"apuntesdesanluis.com\" \/>\n<meta name=\"twitter:card\" content=\"summary_large_image\" \/>\n<meta name=\"twitter:label1\" content=\"Escrito por\" \/>\n\t<meta name=\"twitter:data1\" content=\"apuntesdesanluis.com\" \/>\n\t<meta name=\"twitter:label2\" content=\"Tiempo de lectura\" \/>\n\t<meta name=\"twitter:data2\" content=\"2 minutos\" \/>\n<script type=\"application\/ld+json\" class=\"yoast-schema-graph\">{\"@context\":\"https:\/\/schema.org\",\"@graph\":[{\"@type\":\"Article\",\"@id\":\"https:\/\/apuntesdesanluis.com\/index.php\/2023\/08\/14\/la-inflacion-de-julio-en-san-luis-fue-del-59-acumulando-551-en-7-meses\/#article\",\"isPartOf\":{\"@id\":\"https:\/\/apuntesdesanluis.com\/index.php\/2023\/08\/14\/la-inflacion-de-julio-en-san-luis-fue-del-59-acumulando-551-en-7-meses\/\"},\"author\":{\"name\":\"apuntesdesanluis.com\",\"@id\":\"https:\/\/apuntesdesanluis.com\/#\/schema\/person\/b55151d52296fcce64d1a72538a70b90\"},\"headline\":\"LA INFLACI\u00d3N DE JULIO EN SAN LUIS FUE DEL 5,9%, ACUMULANDO 55,1% EN 7 MESES\",\"datePublished\":\"2023-08-14T23:41:29+00:00\",\"dateModified\":\"2023-08-15T01:16:57+00:00\",\"mainEntityOfPage\":{\"@id\":\"https:\/\/apuntesdesanluis.com\/index.php\/2023\/08\/14\/la-inflacion-de-julio-en-san-luis-fue-del-59-acumulando-551-en-7-meses\/\"},\"wordCount\":254,\"publisher\":{\"@id\":\"https:\/\/apuntesdesanluis.com\/#\/schema\/person\/b55151d52296fcce64d1a72538a70b90\"},\"image\":{\"@id\":\"https:\/\/apuntesdesanluis.com\/index.php\/2023\/08\/14\/la-inflacion-de-julio-en-san-luis-fue-del-59-acumulando-551-en-7-meses\/#primaryimage\"},\"thumbnailUrl\":\"https:\/\/apuntesdesanluis.com\/wp-content\/uploads\/2023\/08\/inflacion-julio.png\",\"articleSection\":[\"Ciudad\/Provincia\"],\"inLanguage\":\"es-AR\"},{\"@type\":\"WebPage\",\"@id\":\"https:\/\/apuntesdesanluis.com\/index.php\/2023\/08\/14\/la-inflacion-de-julio-en-san-luis-fue-del-59-acumulando-551-en-7-meses\/\",\"url\":\"https:\/\/apuntesdesanluis.com\/index.php\/2023\/08\/14\/la-inflacion-de-julio-en-san-luis-fue-del-59-acumulando-551-en-7-meses\/\",\"name\":\"LA INFLACI\u00d3N DE JULIO EN SAN LUIS FUE DEL 5,9%, ACUMULANDO 55,1% EN 7 MESES - Apuntes de San Luis\",\"isPartOf\":{\"@id\":\"https:\/\/apuntesdesanluis.com\/#website\"},\"primaryImageOfPage\":{\"@id\":\"https:\/\/apuntesdesanluis.com\/index.php\/2023\/08\/14\/la-inflacion-de-julio-en-san-luis-fue-del-59-acumulando-551-en-7-meses\/#primaryimage\"},\"image\":{\"@id\":\"https:\/\/apuntesdesanluis.com\/index.php\/2023\/08\/14\/la-inflacion-de-julio-en-san-luis-fue-del-59-acumulando-551-en-7-meses\/#primaryimage\"},\"thumbnailUrl\":\"https:\/\/apuntesdesanluis.com\/wp-content\/uploads\/2023\/08\/inflacion-julio.png\",\"datePublished\":\"2023-08-14T23:41:29+00:00\",\"dateModified\":\"2023-08-15T01:16:57+00:00\",\"breadcrumb\":{\"@id\":\"https:\/\/apuntesdesanluis.com\/index.php\/2023\/08\/14\/la-inflacion-de-julio-en-san-luis-fue-del-59-acumulando-551-en-7-meses\/#breadcrumb\"},\"inLanguage\":\"es-AR\",\"potentialAction\":[{\"@type\":\"ReadAction\",\"target\":[\"https:\/\/apuntesdesanluis.com\/index.php\/2023\/08\/14\/la-inflacion-de-julio-en-san-luis-fue-del-59-acumulando-551-en-7-meses\/\"]}]},{\"@type\":\"ImageObject\",\"inLanguage\":\"es-AR\",\"@id\":\"https:\/\/apuntesdesanluis.com\/index.php\/2023\/08\/14\/la-inflacion-de-julio-en-san-luis-fue-del-59-acumulando-551-en-7-meses\/#primaryimage\",\"url\":\"https:\/\/apuntesdesanluis.com\/wp-content\/uploads\/2023\/08\/inflacion-julio.png\",\"contentUrl\":\"https:\/\/apuntesdesanluis.com\/wp-content\/uploads\/2023\/08\/inflacion-julio.png\",\"width\":557,\"height\":342},{\"@type\":\"BreadcrumbList\",\"@id\":\"https:\/\/apuntesdesanluis.com\/index.php\/2023\/08\/14\/la-inflacion-de-julio-en-san-luis-fue-del-59-acumulando-551-en-7-meses\/#breadcrumb\",\"itemListElement\":[{\"@type\":\"ListItem\",\"position\":1,\"name\":\"Inicio\",\"item\":\"https:\/\/apuntesdesanluis.com\/\"},{\"@type\":\"ListItem\",\"position\":2,\"name\":\"LA INFLACI\u00d3N DE JULIO EN SAN LUIS FUE DEL 5,9%, ACUMULANDO 55,1% EN 7 MESES\"}]},{\"@type\":\"WebSite\",\"@id\":\"https:\/\/apuntesdesanluis.com\/#website\",\"url\":\"https:\/\/apuntesdesanluis.com\/\",\"name\":\"Apuntes de San Luis\",\"description\":\"\",\"publisher\":{\"@id\":\"https:\/\/apuntesdesanluis.com\/#\/schema\/person\/b55151d52296fcce64d1a72538a70b90\"},\"potentialAction\":[{\"@type\":\"SearchAction\",\"target\":{\"@type\":\"EntryPoint\",\"urlTemplate\":\"https:\/\/apuntesdesanluis.com\/?s={search_term_string}\"},\"query-input\":{\"@type\":\"PropertyValueSpecification\",\"valueRequired\":true,\"valueName\":\"search_term_string\"}}],\"inLanguage\":\"es-AR\"},{\"@type\":[\"Person\",\"Organization\"],\"@id\":\"https:\/\/apuntesdesanluis.com\/#\/schema\/person\/b55151d52296fcce64d1a72538a70b90\",\"name\":\"apuntesdesanluis.com\",\"image\":{\"@type\":\"ImageObject\",\"inLanguage\":\"es-AR\",\"@id\":\"https:\/\/apuntesdesanluis.com\/#\/schema\/person\/image\/\",\"url\":\"https:\/\/apuntesdesanluis.com\/wp-content\/uploads\/2023\/07\/cropped-apuntesdesanluis.png\",\"contentUrl\":\"https:\/\/apuntesdesanluis.com\/wp-content\/uploads\/2023\/07\/cropped-apuntesdesanluis.png\",\"width\":450,\"height\":112,\"caption\":\"apuntesdesanluis.com\"},\"logo\":{\"@id\":\"https:\/\/apuntesdesanluis.com\/#\/schema\/person\/image\/\"},\"sameAs\":[\"https:\/\/apuntesdesanluis.com\"],\"url\":\"https:\/\/apuntesdesanluis.com\/index.php\/author\/apuntesdesanluis-com\/\"}]}<\/script>\n<!-- \/ Yoast SEO plugin. -->","yoast_head_json":{"title":"LA INFLACI\u00d3N DE JULIO EN SAN LUIS FUE DEL 5,9%, ACUMULANDO 55,1% EN 7 MESES - Apuntes de San Luis","robots":{"index":"index","follow":"follow","max-snippet":"max-snippet:-1","max-image-preview":"max-image-preview:large","max-video-preview":"max-video-preview:-1"},"canonical":"https:\/\/apuntesdesanluis.com\/index.php\/2023\/08\/14\/la-inflacion-de-julio-en-san-luis-fue-del-59-acumulando-551-en-7-meses\/","og_locale":"es_ES","og_type":"article","og_title":"LA INFLACI\u00d3N DE JULIO EN SAN LUIS FUE DEL 5,9%, ACUMULANDO 55,1% EN 7 MESES - Apuntes de San Luis","og_description":"La Direcci\u00f3n Provincial de Estad\u00edsticas y Censos dio a conocer que la variaci\u00f3n porcentual mensual...","og_url":"https:\/\/apuntesdesanluis.com\/index.php\/2023\/08\/14\/la-inflacion-de-julio-en-san-luis-fue-del-59-acumulando-551-en-7-meses\/","og_site_name":"Apuntes de San Luis","article_published_time":"2023-08-14T23:41:29+00:00","article_modified_time":"2023-08-15T01:16:57+00:00","og_image":[{"width":557,"height":342,"url":"https:\/\/apuntesdesanluis.com\/wp-content\/uploads\/2023\/08\/inflacion-julio.png","type":"image\/png"}],"author":"apuntesdesanluis.com","twitter_card":"summary_large_image","twitter_misc":{"Escrito por":"apuntesdesanluis.com","Tiempo de lectura":"2 minutos"},"schema":{"@context":"https:\/\/schema.org","@graph":[{"@type":"Article","@id":"https:\/\/apuntesdesanluis.com\/index.php\/2023\/08\/14\/la-inflacion-de-julio-en-san-luis-fue-del-59-acumulando-551-en-7-meses\/#article","isPartOf":{"@id":"https:\/\/apuntesdesanluis.com\/index.php\/2023\/08\/14\/la-inflacion-de-julio-en-san-luis-fue-del-59-acumulando-551-en-7-meses\/"},"author":{"name":"apuntesdesanluis.com","@id":"https:\/\/apuntesdesanluis.com\/#\/schema\/person\/b55151d52296fcce64d1a72538a70b90"},"headline":"LA INFLACI\u00d3N DE JULIO EN SAN LUIS FUE DEL 5,9%, ACUMULANDO 55,1% EN 7 MESES","datePublished":"2023-08-14T23:41:29+00:00","dateModified":"2023-08-15T01:16:57+00:00","mainEntityOfPage":{"@id":"https:\/\/apuntesdesanluis.com\/index.php\/2023\/08\/14\/la-inflacion-de-julio-en-san-luis-fue-del-59-acumulando-551-en-7-meses\/"},"wordCount":254,"publisher":{"@id":"https:\/\/apuntesdesanluis.com\/#\/schema\/person\/b55151d52296fcce64d1a72538a70b90"},"image":{"@id":"https:\/\/apuntesdesanluis.com\/index.php\/2023\/08\/14\/la-inflacion-de-julio-en-san-luis-fue-del-59-acumulando-551-en-7-meses\/#primaryimage"},"thumbnailUrl":"https:\/\/apuntesdesanluis.com\/wp-content\/uploads\/2023\/08\/inflacion-julio.png","articleSection":["Ciudad\/Provincia"],"inLanguage":"es-AR"},{"@type":"WebPage","@id":"https:\/\/apuntesdesanluis.com\/index.php\/2023\/08\/14\/la-inflacion-de-julio-en-san-luis-fue-del-59-acumulando-551-en-7-meses\/","url":"https:\/\/apuntesdesanluis.com\/index.php\/2023\/08\/14\/la-inflacion-de-julio-en-san-luis-fue-del-59-acumulando-551-en-7-meses\/","name":"LA INFLACI\u00d3N DE JULIO EN SAN LUIS FUE DEL 5,9%, ACUMULANDO 55,1% EN 7 MESES - Apuntes de San Luis","isPartOf":{"@id":"https:\/\/apuntesdesanluis.com\/#website"},"primaryImageOfPage":{"@id":"https:\/\/apuntesdesanluis.com\/index.php\/2023\/08\/14\/la-inflacion-de-julio-en-san-luis-fue-del-59-acumulando-551-en-7-meses\/#primaryimage"},"image":{"@id":"https:\/\/apuntesdesanluis.com\/index.php\/2023\/08\/14\/la-inflacion-de-julio-en-san-luis-fue-del-59-acumulando-551-en-7-meses\/#primaryimage"},"thumbnailUrl":"https:\/\/apuntesdesanluis.com\/wp-content\/uploads\/2023\/08\/inflacion-julio.png","datePublished":"2023-08-14T23:41:29+00:00","dateModified":"2023-08-15T01:16:57+00:00","breadcrumb":{"@id":"https:\/\/apuntesdesanluis.com\/index.php\/2023\/08\/14\/la-inflacion-de-julio-en-san-luis-fue-del-59-acumulando-551-en-7-meses\/#breadcrumb"},"inLanguage":"es-AR","potentialAction":[{"@type":"ReadAction","target":["https:\/\/apuntesdesanluis.com\/index.php\/2023\/08\/14\/la-inflacion-de-julio-en-san-luis-fue-del-59-acumulando-551-en-7-meses\/"]}]},{"@type":"ImageObject","inLanguage":"es-AR","@id":"https:\/\/apuntesdesanluis.com\/index.php\/2023\/08\/14\/la-inflacion-de-julio-en-san-luis-fue-del-59-acumulando-551-en-7-meses\/#primaryimage","url":"https:\/\/apuntesdesanluis.com\/wp-content\/uploads\/2023\/08\/inflacion-julio.png","contentUrl":"https:\/\/apuntesdesanluis.com\/wp-content\/uploads\/2023\/08\/inflacion-julio.png","width":557,"height":342},{"@type":"BreadcrumbList","@id":"https:\/\/apuntesdesanluis.com\/index.php\/2023\/08\/14\/la-inflacion-de-julio-en-san-luis-fue-del-59-acumulando-551-en-7-meses\/#breadcrumb","itemListElement":[{"@type":"ListItem","position":1,"name":"Inicio","item":"https:\/\/apuntesdesanluis.com\/"},{"@type":"ListItem","position":2,"name":"LA INFLACI\u00d3N DE JULIO EN SAN LUIS FUE DEL 5,9%, ACUMULANDO 55,1% EN 7 MESES"}]},{"@type":"WebSite","@id":"https:\/\/apuntesdesanluis.com\/#website","url":"https:\/\/apuntesdesanluis.com\/","name":"Apuntes de San Luis","description":"","publisher":{"@id":"https:\/\/apuntesdesanluis.com\/#\/schema\/person\/b55151d52296fcce64d1a72538a70b90"},"potentialAction":[{"@type":"SearchAction","target":{"@type":"EntryPoint","urlTemplate":"https:\/\/apuntesdesanluis.com\/?s={search_term_string}"},"query-input":{"@type":"PropertyValueSpecification","valueRequired":true,"valueName":"search_term_string"}}],"inLanguage":"es-AR"},{"@type":["Person","Organization"],"@id":"https:\/\/apuntesdesanluis.com\/#\/schema\/person\/b55151d52296fcce64d1a72538a70b90","name":"apuntesdesanluis.com","image":{"@type":"ImageObject","inLanguage":"es-AR","@id":"https:\/\/apuntesdesanluis.com\/#\/schema\/person\/image\/","url":"https:\/\/apuntesdesanluis.com\/wp-content\/uploads\/2023\/07\/cropped-apuntesdesanluis.png","contentUrl":"https:\/\/apuntesdesanluis.com\/wp-content\/uploads\/2023\/07\/cropped-apuntesdesanluis.png","width":450,"height":112,"caption":"apuntesdesanluis.com"},"logo":{"@id":"https:\/\/apuntesdesanluis.com\/#\/schema\/person\/image\/"},"sameAs":["https:\/\/apuntesdesanluis.com"],"url":"https:\/\/apuntesdesanluis.com\/index.php\/author\/apuntesdesanluis-com\/"}]}},"featured_image_urls":{"full":["https:\/\/apuntesdesanluis.com\/wp-content\/uploads\/2023\/08\/inflacion-julio.png",557,342,false],"thumbnail":["https:\/\/apuntesdesanluis.com\/wp-content\/uploads\/2023\/08\/inflacion-julio-150x150.png",150,150,true],"medium":["https:\/\/apuntesdesanluis.com\/wp-content\/uploads\/2023\/08\/inflacion-julio-300x184.png",300,184,true],"medium_large":["https:\/\/apuntesdesanluis.com\/wp-content\/uploads\/2023\/08\/inflacion-julio.png",557,342,false],"large":["https:\/\/apuntesdesanluis.com\/wp-content\/uploads\/2023\/08\/inflacion-julio.png",557,342,false],"1536x1536":["https:\/\/apuntesdesanluis.com\/wp-content\/uploads\/2023\/08\/inflacion-julio.png",557,342,false],"2048x2048":["https:\/\/apuntesdesanluis.com\/wp-content\/uploads\/2023\/08\/inflacion-julio.png",557,342,false],"newsever-slider-full":["https:\/\/apuntesdesanluis.com\/wp-content\/uploads\/2023\/08\/inflacion-julio.png",557,342,false],"newsever-featured":["https:\/\/apuntesdesanluis.com\/wp-content\/uploads\/2023\/08\/inflacion-julio.png",557,342,false],"newsever-medium":["https:\/\/apuntesdesanluis.com\/wp-content\/uploads\/2023\/08\/inflacion-julio.png",557,342,false]},"author_info":{"display_name":"apuntesdesanluis.com","author_link":"https:\/\/apuntesdesanluis.com\/index.php\/author\/apuntesdesanluis-com\/"},"category_info":"<a href=\"https:\/\/apuntesdesanluis.com\/index.php\/category\/ciudad-provincia\/\" rel=\"category tag\">Ciudad\/Provincia<\/a>","tag_info":"Ciudad\/Provincia","comment_count":"0","_links":{"self":[{"href":"https:\/\/apuntesdesanluis.com\/index.php\/wp-json\/wp\/v2\/posts\/1580","targetHints":{"allow":["GET"]}}],"collection":[{"href":"https:\/\/apuntesdesanluis.com\/index.php\/wp-json\/wp\/v2\/posts"}],"about":[{"href":"https:\/\/apuntesdesanluis.com\/index.php\/wp-json\/wp\/v2\/types\/post"}],"author":[{"embeddable":true,"href":"https:\/\/apuntesdesanluis.com\/index.php\/wp-json\/wp\/v2\/users\/1"}],"replies":[{"embeddable":true,"href":"https:\/\/apuntesdesanluis.com\/index.php\/wp-json\/wp\/v2\/comments?post=1580"}],"version-history":[{"count":4,"href":"https:\/\/apuntesdesanluis.com\/index.php\/wp-json\/wp\/v2\/posts\/1580\/revisions"}],"predecessor-version":[{"id":1591,"href":"https:\/\/apuntesdesanluis.com\/index.php\/wp-json\/wp\/v2\/posts\/1580\/revisions\/1591"}],"wp:featuredmedia":[{"embeddable":true,"href":"https:\/\/apuntesdesanluis.com\/index.php\/wp-json\/wp\/v2\/media\/1583"}],"wp:attachment":[{"href":"https:\/\/apuntesdesanluis.com\/index.php\/wp-json\/wp\/v2\/media?parent=1580"}],"wp:term":[{"taxonomy":"category","embeddable":true,"href":"https:\/\/apuntesdesanluis.com\/index.php\/wp-json\/wp\/v2\/categories?post=1580"},{"taxonomy":"post_tag","embeddable":true,"href":"https:\/\/apuntesdesanluis.com\/index.php\/wp-json\/wp\/v2\/tags?post=1580"}],"curies":[{"name":"wp","href":"https:\/\/api.w.org\/{rel}","templated":true}]}}