{"id":15801,"date":"2024-05-07T23:35:57","date_gmt":"2024-05-08T02:35:57","guid":{"rendered":"https:\/\/apuntesdesanluis.com\/?p=15801"},"modified":"2024-05-07T23:35:57","modified_gmt":"2024-05-08T02:35:57","slug":"astrazeneca-retira-su-vacuna-para-el-covid-19-en-todo-el-mundo","status":"publish","type":"post","link":"https:\/\/apuntesdesanluis.com\/index.php\/2024\/05\/07\/astrazeneca-retira-su-vacuna-para-el-covid-19-en-todo-el-mundo\/","title":{"rendered":"ASTRAZENECA RETIRA SU VACUNA PARA EL COVID-19 EN TODO EL MUNDO"},"content":{"rendered":"<h3>La farmac\u00e9utica anglo-sueca <strong>AstraZeneca<\/strong> est\u00e1 retirando su vacuna para el Covid-19 en todo el mundo, inform\u00f3 el martes The Telegraph.<\/h3>\n<h3>La vacuna ya no puede utilizarse en la Uni\u00f3n Europea despu\u00e9s de que la empresa retirara voluntariamente su &#8220;autorizaci\u00f3n de comercializaci\u00f3n&#8221;, seg\u00fan el informe.<\/h3>\n<h3>La solicitud de retirada de la vacuna se present\u00f3 el 5 de marzo y entr\u00f3 en vigor el 7 de mayo, seg\u00fan el informe, que a\u00f1ad\u00eda que en los pr\u00f3ximos meses se presentar\u00edan solicitudes similares en el Reino Unido y otros pa\u00edses que hab\u00edan aprobado la vacuna, conocida como Vaxzevria.<\/h3>\n<h3>AstraZeneca no respondi\u00f3 inmediatamente a una solicitud de Reuters para hacer comentarios fuera del horario laboral habitual.<\/h3>\n<h3>El pasado 30 de abril, la farmac\u00e9utica hab\u00eda admitido en documentos legales los efectos secundarios de su vacuna contra el coronavirus, seg\u00fan denunciaron los abogados representantes de personas del Reino Unido afectados por el s\u00edndrome de trombosis con trombocitopenia (TTS) tras recibir la dosis de esa empresa.<\/h3>\n<h3>A pesar de ello, la farmac\u00e9utica mantuvo su posici\u00f3n respecto a estos efectos secundarios &#8220;poco comunes&#8221;.<\/h3>\n<h3>Seg\u00fan reportes de medios brit\u00e1nicos, AstraZeneca admiti\u00f3 en documentos legales la posibilidad de que su vacuna contra el Covid-19 pudiera estar asociada a un efecto secundario poco com\u00fan.<\/h3>\n<p>&nbsp;<\/p>\n<p>&nbsp;<\/p>\n<p>&nbsp;<\/p>\n<p>&nbsp;<\/p>\n<p>&nbsp;<\/p>\n<p>&nbsp;<\/p>\n<p>&nbsp;<\/p>\n","protected":false},"excerpt":{"rendered":"<p>La farmac\u00e9utica anglo-sueca AstraZeneca est\u00e1 retirando su vacuna para el Covid-19 en todo el mundo,&#8230;<\/p>\n","protected":false},"author":1,"featured_media":15802,"comment_status":"closed","ping_status":"closed","sticky":false,"template":"","format":"standard","meta":{"footnotes":""},"categories":[5],"tags":[],"class_list":["post-15801","post","type-post","status-publish","format-standard","has-post-thumbnail","hentry","category-nacionales-internacionales"],"yoast_head":"<!-- This site is optimized with the Yoast SEO plugin v26.1.1 - https:\/\/yoast.com\/wordpress\/plugins\/seo\/ -->\n<title>ASTRAZENECA RETIRA SU VACUNA PARA EL COVID-19 EN TODO EL MUNDO - Apuntes de San Luis<\/title>\n<meta name=\"robots\" content=\"index, follow, max-snippet:-1, max-image-preview:large, max-video-preview:-1\" \/>\n<link rel=\"canonical\" href=\"https:\/\/apuntesdesanluis.com\/index.php\/2024\/05\/07\/astrazeneca-retira-su-vacuna-para-el-covid-19-en-todo-el-mundo\/\" \/>\n<meta property=\"og:locale\" content=\"es_ES\" \/>\n<meta property=\"og:type\" content=\"article\" \/>\n<meta property=\"og:title\" content=\"ASTRAZENECA RETIRA SU VACUNA PARA EL COVID-19 EN TODO EL MUNDO - Apuntes de San Luis\" \/>\n<meta property=\"og:description\" content=\"La farmac\u00e9utica anglo-sueca AstraZeneca est\u00e1 retirando su vacuna para el Covid-19 en todo el mundo,...\" \/>\n<meta property=\"og:url\" content=\"https:\/\/apuntesdesanluis.com\/index.php\/2024\/05\/07\/astrazeneca-retira-su-vacuna-para-el-covid-19-en-todo-el-mundo\/\" \/>\n<meta property=\"og:site_name\" content=\"Apuntes de San Luis\" \/>\n<meta property=\"article:published_time\" content=\"2024-05-08T02:35:57+00:00\" \/>\n<meta property=\"og:image\" content=\"https:\/\/apuntesdesanluis.com\/wp-content\/uploads\/2024\/05\/ASTRAZENECA.png\" \/>\n\t<meta property=\"og:image:width\" content=\"748\" \/>\n\t<meta property=\"og:image:height\" content=\"433\" \/>\n\t<meta property=\"og:image:type\" content=\"image\/png\" \/>\n<meta name=\"author\" content=\"apuntesdesanluis.com\" \/>\n<meta name=\"twitter:card\" content=\"summary_large_image\" \/>\n<meta name=\"twitter:label1\" content=\"Escrito por\" \/>\n\t<meta name=\"twitter:data1\" content=\"apuntesdesanluis.com\" \/>\n\t<meta name=\"twitter:label2\" content=\"Tiempo de lectura\" \/>\n\t<meta name=\"twitter:data2\" content=\"1 minuto\" \/>\n<script type=\"application\/ld+json\" class=\"yoast-schema-graph\">{\"@context\":\"https:\/\/schema.org\",\"@graph\":[{\"@type\":\"Article\",\"@id\":\"https:\/\/apuntesdesanluis.com\/index.php\/2024\/05\/07\/astrazeneca-retira-su-vacuna-para-el-covid-19-en-todo-el-mundo\/#article\",\"isPartOf\":{\"@id\":\"https:\/\/apuntesdesanluis.com\/index.php\/2024\/05\/07\/astrazeneca-retira-su-vacuna-para-el-covid-19-en-todo-el-mundo\/\"},\"author\":{\"name\":\"apuntesdesanluis.com\",\"@id\":\"https:\/\/apuntesdesanluis.com\/#\/schema\/person\/b55151d52296fcce64d1a72538a70b90\"},\"headline\":\"ASTRAZENECA RETIRA SU VACUNA PARA EL COVID-19 EN TODO EL MUNDO\",\"datePublished\":\"2024-05-08T02:35:57+00:00\",\"mainEntityOfPage\":{\"@id\":\"https:\/\/apuntesdesanluis.com\/index.php\/2024\/05\/07\/astrazeneca-retira-su-vacuna-para-el-covid-19-en-todo-el-mundo\/\"},\"wordCount\":239,\"publisher\":{\"@id\":\"https:\/\/apuntesdesanluis.com\/#\/schema\/person\/b55151d52296fcce64d1a72538a70b90\"},\"image\":{\"@id\":\"https:\/\/apuntesdesanluis.com\/index.php\/2024\/05\/07\/astrazeneca-retira-su-vacuna-para-el-covid-19-en-todo-el-mundo\/#primaryimage\"},\"thumbnailUrl\":\"https:\/\/apuntesdesanluis.com\/wp-content\/uploads\/2024\/05\/ASTRAZENECA.png\",\"articleSection\":[\"Nacionales\/Internacionales\"],\"inLanguage\":\"es-AR\"},{\"@type\":\"WebPage\",\"@id\":\"https:\/\/apuntesdesanluis.com\/index.php\/2024\/05\/07\/astrazeneca-retira-su-vacuna-para-el-covid-19-en-todo-el-mundo\/\",\"url\":\"https:\/\/apuntesdesanluis.com\/index.php\/2024\/05\/07\/astrazeneca-retira-su-vacuna-para-el-covid-19-en-todo-el-mundo\/\",\"name\":\"ASTRAZENECA RETIRA SU VACUNA PARA EL COVID-19 EN TODO EL MUNDO - Apuntes de San Luis\",\"isPartOf\":{\"@id\":\"https:\/\/apuntesdesanluis.com\/#website\"},\"primaryImageOfPage\":{\"@id\":\"https:\/\/apuntesdesanluis.com\/index.php\/2024\/05\/07\/astrazeneca-retira-su-vacuna-para-el-covid-19-en-todo-el-mundo\/#primaryimage\"},\"image\":{\"@id\":\"https:\/\/apuntesdesanluis.com\/index.php\/2024\/05\/07\/astrazeneca-retira-su-vacuna-para-el-covid-19-en-todo-el-mundo\/#primaryimage\"},\"thumbnailUrl\":\"https:\/\/apuntesdesanluis.com\/wp-content\/uploads\/2024\/05\/ASTRAZENECA.png\",\"datePublished\":\"2024-05-08T02:35:57+00:00\",\"breadcrumb\":{\"@id\":\"https:\/\/apuntesdesanluis.com\/index.php\/2024\/05\/07\/astrazeneca-retira-su-vacuna-para-el-covid-19-en-todo-el-mundo\/#breadcrumb\"},\"inLanguage\":\"es-AR\",\"potentialAction\":[{\"@type\":\"ReadAction\",\"target\":[\"https:\/\/apuntesdesanluis.com\/index.php\/2024\/05\/07\/astrazeneca-retira-su-vacuna-para-el-covid-19-en-todo-el-mundo\/\"]}]},{\"@type\":\"ImageObject\",\"inLanguage\":\"es-AR\",\"@id\":\"https:\/\/apuntesdesanluis.com\/index.php\/2024\/05\/07\/astrazeneca-retira-su-vacuna-para-el-covid-19-en-todo-el-mundo\/#primaryimage\",\"url\":\"https:\/\/apuntesdesanluis.com\/wp-content\/uploads\/2024\/05\/ASTRAZENECA.png\",\"contentUrl\":\"https:\/\/apuntesdesanluis.com\/wp-content\/uploads\/2024\/05\/ASTRAZENECA.png\",\"width\":748,\"height\":433},{\"@type\":\"BreadcrumbList\",\"@id\":\"https:\/\/apuntesdesanluis.com\/index.php\/2024\/05\/07\/astrazeneca-retira-su-vacuna-para-el-covid-19-en-todo-el-mundo\/#breadcrumb\",\"itemListElement\":[{\"@type\":\"ListItem\",\"position\":1,\"name\":\"Inicio\",\"item\":\"https:\/\/apuntesdesanluis.com\/\"},{\"@type\":\"ListItem\",\"position\":2,\"name\":\"ASTRAZENECA RETIRA SU VACUNA PARA EL COVID-19 EN TODO EL MUNDO\"}]},{\"@type\":\"WebSite\",\"@id\":\"https:\/\/apuntesdesanluis.com\/#website\",\"url\":\"https:\/\/apuntesdesanluis.com\/\",\"name\":\"Apuntes de San Luis\",\"description\":\"\",\"publisher\":{\"@id\":\"https:\/\/apuntesdesanluis.com\/#\/schema\/person\/b55151d52296fcce64d1a72538a70b90\"},\"potentialAction\":[{\"@type\":\"SearchAction\",\"target\":{\"@type\":\"EntryPoint\",\"urlTemplate\":\"https:\/\/apuntesdesanluis.com\/?s={search_term_string}\"},\"query-input\":{\"@type\":\"PropertyValueSpecification\",\"valueRequired\":true,\"valueName\":\"search_term_string\"}}],\"inLanguage\":\"es-AR\"},{\"@type\":[\"Person\",\"Organization\"],\"@id\":\"https:\/\/apuntesdesanluis.com\/#\/schema\/person\/b55151d52296fcce64d1a72538a70b90\",\"name\":\"apuntesdesanluis.com\",\"image\":{\"@type\":\"ImageObject\",\"inLanguage\":\"es-AR\",\"@id\":\"https:\/\/apuntesdesanluis.com\/#\/schema\/person\/image\/\",\"url\":\"https:\/\/apuntesdesanluis.com\/wp-content\/uploads\/2023\/07\/cropped-apuntesdesanluis.png\",\"contentUrl\":\"https:\/\/apuntesdesanluis.com\/wp-content\/uploads\/2023\/07\/cropped-apuntesdesanluis.png\",\"width\":450,\"height\":112,\"caption\":\"apuntesdesanluis.com\"},\"logo\":{\"@id\":\"https:\/\/apuntesdesanluis.com\/#\/schema\/person\/image\/\"},\"sameAs\":[\"https:\/\/apuntesdesanluis.com\"],\"url\":\"https:\/\/apuntesdesanluis.com\/index.php\/author\/apuntesdesanluis-com\/\"}]}<\/script>\n<!-- \/ Yoast SEO plugin. -->","yoast_head_json":{"title":"ASTRAZENECA RETIRA SU VACUNA PARA EL COVID-19 EN TODO EL MUNDO - Apuntes de San Luis","robots":{"index":"index","follow":"follow","max-snippet":"max-snippet:-1","max-image-preview":"max-image-preview:large","max-video-preview":"max-video-preview:-1"},"canonical":"https:\/\/apuntesdesanluis.com\/index.php\/2024\/05\/07\/astrazeneca-retira-su-vacuna-para-el-covid-19-en-todo-el-mundo\/","og_locale":"es_ES","og_type":"article","og_title":"ASTRAZENECA RETIRA SU VACUNA PARA EL COVID-19 EN TODO EL MUNDO - Apuntes de San Luis","og_description":"La farmac\u00e9utica anglo-sueca AstraZeneca est\u00e1 retirando su vacuna para el Covid-19 en todo el mundo,...","og_url":"https:\/\/apuntesdesanluis.com\/index.php\/2024\/05\/07\/astrazeneca-retira-su-vacuna-para-el-covid-19-en-todo-el-mundo\/","og_site_name":"Apuntes de San Luis","article_published_time":"2024-05-08T02:35:57+00:00","og_image":[{"width":748,"height":433,"url":"https:\/\/apuntesdesanluis.com\/wp-content\/uploads\/2024\/05\/ASTRAZENECA.png","type":"image\/png"}],"author":"apuntesdesanluis.com","twitter_card":"summary_large_image","twitter_misc":{"Escrito por":"apuntesdesanluis.com","Tiempo de lectura":"1 minuto"},"schema":{"@context":"https:\/\/schema.org","@graph":[{"@type":"Article","@id":"https:\/\/apuntesdesanluis.com\/index.php\/2024\/05\/07\/astrazeneca-retira-su-vacuna-para-el-covid-19-en-todo-el-mundo\/#article","isPartOf":{"@id":"https:\/\/apuntesdesanluis.com\/index.php\/2024\/05\/07\/astrazeneca-retira-su-vacuna-para-el-covid-19-en-todo-el-mundo\/"},"author":{"name":"apuntesdesanluis.com","@id":"https:\/\/apuntesdesanluis.com\/#\/schema\/person\/b55151d52296fcce64d1a72538a70b90"},"headline":"ASTRAZENECA RETIRA SU VACUNA PARA EL COVID-19 EN TODO EL MUNDO","datePublished":"2024-05-08T02:35:57+00:00","mainEntityOfPage":{"@id":"https:\/\/apuntesdesanluis.com\/index.php\/2024\/05\/07\/astrazeneca-retira-su-vacuna-para-el-covid-19-en-todo-el-mundo\/"},"wordCount":239,"publisher":{"@id":"https:\/\/apuntesdesanluis.com\/#\/schema\/person\/b55151d52296fcce64d1a72538a70b90"},"image":{"@id":"https:\/\/apuntesdesanluis.com\/index.php\/2024\/05\/07\/astrazeneca-retira-su-vacuna-para-el-covid-19-en-todo-el-mundo\/#primaryimage"},"thumbnailUrl":"https:\/\/apuntesdesanluis.com\/wp-content\/uploads\/2024\/05\/ASTRAZENECA.png","articleSection":["Nacionales\/Internacionales"],"inLanguage":"es-AR"},{"@type":"WebPage","@id":"https:\/\/apuntesdesanluis.com\/index.php\/2024\/05\/07\/astrazeneca-retira-su-vacuna-para-el-covid-19-en-todo-el-mundo\/","url":"https:\/\/apuntesdesanluis.com\/index.php\/2024\/05\/07\/astrazeneca-retira-su-vacuna-para-el-covid-19-en-todo-el-mundo\/","name":"ASTRAZENECA RETIRA SU VACUNA PARA EL COVID-19 EN TODO EL MUNDO - Apuntes de San Luis","isPartOf":{"@id":"https:\/\/apuntesdesanluis.com\/#website"},"primaryImageOfPage":{"@id":"https:\/\/apuntesdesanluis.com\/index.php\/2024\/05\/07\/astrazeneca-retira-su-vacuna-para-el-covid-19-en-todo-el-mundo\/#primaryimage"},"image":{"@id":"https:\/\/apuntesdesanluis.com\/index.php\/2024\/05\/07\/astrazeneca-retira-su-vacuna-para-el-covid-19-en-todo-el-mundo\/#primaryimage"},"thumbnailUrl":"https:\/\/apuntesdesanluis.com\/wp-content\/uploads\/2024\/05\/ASTRAZENECA.png","datePublished":"2024-05-08T02:35:57+00:00","breadcrumb":{"@id":"https:\/\/apuntesdesanluis.com\/index.php\/2024\/05\/07\/astrazeneca-retira-su-vacuna-para-el-covid-19-en-todo-el-mundo\/#breadcrumb"},"inLanguage":"es-AR","potentialAction":[{"@type":"ReadAction","target":["https:\/\/apuntesdesanluis.com\/index.php\/2024\/05\/07\/astrazeneca-retira-su-vacuna-para-el-covid-19-en-todo-el-mundo\/"]}]},{"@type":"ImageObject","inLanguage":"es-AR","@id":"https:\/\/apuntesdesanluis.com\/index.php\/2024\/05\/07\/astrazeneca-retira-su-vacuna-para-el-covid-19-en-todo-el-mundo\/#primaryimage","url":"https:\/\/apuntesdesanluis.com\/wp-content\/uploads\/2024\/05\/ASTRAZENECA.png","contentUrl":"https:\/\/apuntesdesanluis.com\/wp-content\/uploads\/2024\/05\/ASTRAZENECA.png","width":748,"height":433},{"@type":"BreadcrumbList","@id":"https:\/\/apuntesdesanluis.com\/index.php\/2024\/05\/07\/astrazeneca-retira-su-vacuna-para-el-covid-19-en-todo-el-mundo\/#breadcrumb","itemListElement":[{"@type":"ListItem","position":1,"name":"Inicio","item":"https:\/\/apuntesdesanluis.com\/"},{"@type":"ListItem","position":2,"name":"ASTRAZENECA RETIRA SU VACUNA PARA EL COVID-19 EN TODO EL MUNDO"}]},{"@type":"WebSite","@id":"https:\/\/apuntesdesanluis.com\/#website","url":"https:\/\/apuntesdesanluis.com\/","name":"Apuntes de San Luis","description":"","publisher":{"@id":"https:\/\/apuntesdesanluis.com\/#\/schema\/person\/b55151d52296fcce64d1a72538a70b90"},"potentialAction":[{"@type":"SearchAction","target":{"@type":"EntryPoint","urlTemplate":"https:\/\/apuntesdesanluis.com\/?s={search_term_string}"},"query-input":{"@type":"PropertyValueSpecification","valueRequired":true,"valueName":"search_term_string"}}],"inLanguage":"es-AR"},{"@type":["Person","Organization"],"@id":"https:\/\/apuntesdesanluis.com\/#\/schema\/person\/b55151d52296fcce64d1a72538a70b90","name":"apuntesdesanluis.com","image":{"@type":"ImageObject","inLanguage":"es-AR","@id":"https:\/\/apuntesdesanluis.com\/#\/schema\/person\/image\/","url":"https:\/\/apuntesdesanluis.com\/wp-content\/uploads\/2023\/07\/cropped-apuntesdesanluis.png","contentUrl":"https:\/\/apuntesdesanluis.com\/wp-content\/uploads\/2023\/07\/cropped-apuntesdesanluis.png","width":450,"height":112,"caption":"apuntesdesanluis.com"},"logo":{"@id":"https:\/\/apuntesdesanluis.com\/#\/schema\/person\/image\/"},"sameAs":["https:\/\/apuntesdesanluis.com"],"url":"https:\/\/apuntesdesanluis.com\/index.php\/author\/apuntesdesanluis-com\/"}]}},"featured_image_urls":{"full":["https:\/\/apuntesdesanluis.com\/wp-content\/uploads\/2024\/05\/ASTRAZENECA.png",748,433,false],"thumbnail":["https:\/\/apuntesdesanluis.com\/wp-content\/uploads\/2024\/05\/ASTRAZENECA-150x150.png",150,150,true],"medium":["https:\/\/apuntesdesanluis.com\/wp-content\/uploads\/2024\/05\/ASTRAZENECA-300x174.png",300,174,true],"medium_large":["https:\/\/apuntesdesanluis.com\/wp-content\/uploads\/2024\/05\/ASTRAZENECA.png",640,370,false],"large":["https:\/\/apuntesdesanluis.com\/wp-content\/uploads\/2024\/05\/ASTRAZENECA.png",640,370,false],"1536x1536":["https:\/\/apuntesdesanluis.com\/wp-content\/uploads\/2024\/05\/ASTRAZENECA.png",748,433,false],"2048x2048":["https:\/\/apuntesdesanluis.com\/wp-content\/uploads\/2024\/05\/ASTRAZENECA.png",748,433,false],"newsever-slider-full":["https:\/\/apuntesdesanluis.com\/wp-content\/uploads\/2024\/05\/ASTRAZENECA.png",748,433,false],"newsever-featured":["https:\/\/apuntesdesanluis.com\/wp-content\/uploads\/2024\/05\/ASTRAZENECA.png",748,433,false],"newsever-medium":["https:\/\/apuntesdesanluis.com\/wp-content\/uploads\/2024\/05\/ASTRAZENECA-720x433.png",720,433,true]},"author_info":{"display_name":"apuntesdesanluis.com","author_link":"https:\/\/apuntesdesanluis.com\/index.php\/author\/apuntesdesanluis-com\/"},"category_info":"<a href=\"https:\/\/apuntesdesanluis.com\/index.php\/category\/nacionales-internacionales\/\" rel=\"category tag\">Nacionales\/Internacionales<\/a>","tag_info":"Nacionales\/Internacionales","comment_count":"0","_links":{"self":[{"href":"https:\/\/apuntesdesanluis.com\/index.php\/wp-json\/wp\/v2\/posts\/15801","targetHints":{"allow":["GET"]}}],"collection":[{"href":"https:\/\/apuntesdesanluis.com\/index.php\/wp-json\/wp\/v2\/posts"}],"about":[{"href":"https:\/\/apuntesdesanluis.com\/index.php\/wp-json\/wp\/v2\/types\/post"}],"author":[{"embeddable":true,"href":"https:\/\/apuntesdesanluis.com\/index.php\/wp-json\/wp\/v2\/users\/1"}],"replies":[{"embeddable":true,"href":"https:\/\/apuntesdesanluis.com\/index.php\/wp-json\/wp\/v2\/comments?post=15801"}],"version-history":[{"count":1,"href":"https:\/\/apuntesdesanluis.com\/index.php\/wp-json\/wp\/v2\/posts\/15801\/revisions"}],"predecessor-version":[{"id":15803,"href":"https:\/\/apuntesdesanluis.com\/index.php\/wp-json\/wp\/v2\/posts\/15801\/revisions\/15803"}],"wp:featuredmedia":[{"embeddable":true,"href":"https:\/\/apuntesdesanluis.com\/index.php\/wp-json\/wp\/v2\/media\/15802"}],"wp:attachment":[{"href":"https:\/\/apuntesdesanluis.com\/index.php\/wp-json\/wp\/v2\/media?parent=15801"}],"wp:term":[{"taxonomy":"category","embeddable":true,"href":"https:\/\/apuntesdesanluis.com\/index.php\/wp-json\/wp\/v2\/categories?post=15801"},{"taxonomy":"post_tag","embeddable":true,"href":"https:\/\/apuntesdesanluis.com\/index.php\/wp-json\/wp\/v2\/tags?post=15801"}],"curies":[{"name":"wp","href":"https:\/\/api.w.org\/{rel}","templated":true}]}}