{"id":15811,"date":"2024-05-07T21:28:24","date_gmt":"2024-05-08T00:28:24","guid":{"rendered":"https:\/\/apuntesdesanluis.com\/?p=15811"},"modified":"2024-05-08T00:32:02","modified_gmt":"2024-05-08T03:32:02","slug":"crearan-un-sistema-web-para-apoyar-a-las-cooperativas-de-la-provincia","status":"publish","type":"post","link":"https:\/\/apuntesdesanluis.com\/index.php\/2024\/05\/07\/crearan-un-sistema-web-para-apoyar-a-las-cooperativas-de-la-provincia\/","title":{"rendered":"CREAR\u00c1N UN SISTEMA WEB PARA APOYAR A LAS COOPERATIVAS DE LA PROVINCIA"},"content":{"rendered":"<h3>La propuesta del Vicerrector de la <strong>Universidad Nacional de San Luis<\/strong> (UNSL), Mgter. <strong>H\u00e9ctor Flores<\/strong>, busca que las cooperativas puedan interrelacionarse y darse a conocer a la comunidad. Esta posibilidad estar\u00e1 abierta a todo San Luis y ser\u00e1 gratuita.<\/h3>\n<h3>La plataforma fomenta la comercializaci\u00f3n no solo entre cooperativas sino tambi\u00e9n hacia la comunidad. En este mercado digital, este tipo de asociaciones ofrecer\u00e1n sus productos y servicios y quienes deseen, podr\u00e1n acceder a sus contactos.<\/h3>\n<h3>Esta iniciativa surge a partir del primer encuentro provincial de cooperativas, realizado el a\u00f1o pasado en el Microcine de la UNSL. En este evento, distintas localidades de San Luis participaron y planificaron acciones conjuntas. Esto, adem\u00e1s, permiti\u00f3 que surgieran necesidades en com\u00fan, pese a las distinciones entre cada tipo de cooperativas.<\/h3>\n<h3><img fetchpriority=\"high\" decoding=\"async\" class=\"wp-image-15813 aligncenter\" src=\"https:\/\/apuntesdesanluis.com\/wp-content\/uploads\/2024\/05\/manuel-castillo-300x204.png\" alt=\"\" width=\"559\" height=\"380\" srcset=\"https:\/\/apuntesdesanluis.com\/wp-content\/uploads\/2024\/05\/manuel-castillo-300x204.png 300w, https:\/\/apuntesdesanluis.com\/wp-content\/uploads\/2024\/05\/manuel-castillo.png 684w\" sizes=\"(max-width: 559px) 100vw, 559px\" \/><\/h3>\n<h4 style=\"text-align: center;\"><em>Manuel Castillo, Secretario de Extensi\u00f3n.<\/em><\/h4>\n<h3>Asimismo, en mayo de este a\u00f1o est\u00e1 previsto realizar un segundo encuentro, en el que presentar\u00e1n el sistema web de mercado cooperativo. En este sentido, el secretario de Extensi\u00f3n, Abg. <strong>Manuel Castillo<\/strong>, afirm\u00f3 que esto para la Universidad es una \u00absinergia, un c\u00edrculo virtuoso\u00bb. \u00abComo Universidad logramos informaci\u00f3n de la demanda que existe y es as\u00ed como producimos conocimiento, investigaciones y la posibilidad de que el estudiantado conozca este mundo y se forme\u00bb, agreg\u00f3.<\/h3>\n<h3>Del mismo modo, Castillo afirm\u00f3: \u00abpara las cooperativas a veces es dificultoso acceder a ciertos conocimientos de planificaci\u00f3n, proyectos, asesoramiento. Es por eso que hay profesionales de la UNSL que est\u00e1n a disposici\u00f3n para brindar este apoyo. Las organizaciones precooperativas tambi\u00e9n pueden acceder al asesoramiento, acompa\u00f1amos en la tramitaci\u00f3n necesaria para la matr\u00edcula\u00bb.<\/h3>\n<p>&nbsp;<\/p>\n<p>&nbsp;<\/p>\n<p>&nbsp;<\/p>\n","protected":false},"excerpt":{"rendered":"<p>La propuesta del Vicerrector de la Universidad Nacional de San Luis (UNSL), Mgter. H\u00e9ctor Flores,&#8230;<\/p>\n","protected":false},"author":1,"featured_media":15812,"comment_status":"closed","ping_status":"closed","sticky":false,"template":"","format":"standard","meta":{"footnotes":""},"categories":[6],"tags":[],"class_list":["post-15811","post","type-post","status-publish","format-standard","has-post-thumbnail","hentry","category-ciudad-provincia"],"yoast_head":"<!-- This site is optimized with the Yoast SEO plugin v26.1.1 - https:\/\/yoast.com\/wordpress\/plugins\/seo\/ -->\n<title>CREAR\u00c1N UN SISTEMA WEB PARA APOYAR A LAS COOPERATIVAS DE LA PROVINCIA - Apuntes de San Luis<\/title>\n<meta name=\"robots\" content=\"index, follow, max-snippet:-1, max-image-preview:large, max-video-preview:-1\" \/>\n<link rel=\"canonical\" href=\"https:\/\/apuntesdesanluis.com\/index.php\/2024\/05\/07\/crearan-un-sistema-web-para-apoyar-a-las-cooperativas-de-la-provincia\/\" \/>\n<meta property=\"og:locale\" content=\"es_ES\" \/>\n<meta property=\"og:type\" content=\"article\" \/>\n<meta property=\"og:title\" content=\"CREAR\u00c1N UN SISTEMA WEB PARA APOYAR A LAS COOPERATIVAS DE LA PROVINCIA - Apuntes de San Luis\" \/>\n<meta property=\"og:description\" content=\"La propuesta del Vicerrector de la Universidad Nacional de San Luis (UNSL), Mgter. H\u00e9ctor Flores,...\" \/>\n<meta property=\"og:url\" content=\"https:\/\/apuntesdesanluis.com\/index.php\/2024\/05\/07\/crearan-un-sistema-web-para-apoyar-a-las-cooperativas-de-la-provincia\/\" \/>\n<meta property=\"og:site_name\" content=\"Apuntes de San Luis\" \/>\n<meta property=\"article:published_time\" content=\"2024-05-08T00:28:24+00:00\" \/>\n<meta property=\"article:modified_time\" content=\"2024-05-08T03:32:02+00:00\" \/>\n<meta property=\"og:image\" content=\"https:\/\/apuntesdesanluis.com\/wp-content\/uploads\/2024\/05\/flores-publico.png\" \/>\n\t<meta property=\"og:image:width\" content=\"734\" \/>\n\t<meta property=\"og:image:height\" content=\"373\" \/>\n\t<meta property=\"og:image:type\" content=\"image\/png\" \/>\n<meta name=\"author\" content=\"apuntesdesanluis.com\" \/>\n<meta name=\"twitter:card\" content=\"summary_large_image\" \/>\n<meta name=\"twitter:label1\" content=\"Escrito por\" \/>\n\t<meta name=\"twitter:data1\" content=\"apuntesdesanluis.com\" \/>\n\t<meta name=\"twitter:label2\" content=\"Tiempo de lectura\" \/>\n\t<meta name=\"twitter:data2\" content=\"2 minutos\" \/>\n<script type=\"application\/ld+json\" class=\"yoast-schema-graph\">{\"@context\":\"https:\/\/schema.org\",\"@graph\":[{\"@type\":\"Article\",\"@id\":\"https:\/\/apuntesdesanluis.com\/index.php\/2024\/05\/07\/crearan-un-sistema-web-para-apoyar-a-las-cooperativas-de-la-provincia\/#article\",\"isPartOf\":{\"@id\":\"https:\/\/apuntesdesanluis.com\/index.php\/2024\/05\/07\/crearan-un-sistema-web-para-apoyar-a-las-cooperativas-de-la-provincia\/\"},\"author\":{\"name\":\"apuntesdesanluis.com\",\"@id\":\"https:\/\/apuntesdesanluis.com\/#\/schema\/person\/b55151d52296fcce64d1a72538a70b90\"},\"headline\":\"CREAR\u00c1N UN SISTEMA WEB PARA APOYAR A LAS COOPERATIVAS DE LA PROVINCIA\",\"datePublished\":\"2024-05-08T00:28:24+00:00\",\"dateModified\":\"2024-05-08T03:32:02+00:00\",\"mainEntityOfPage\":{\"@id\":\"https:\/\/apuntesdesanluis.com\/index.php\/2024\/05\/07\/crearan-un-sistema-web-para-apoyar-a-las-cooperativas-de-la-provincia\/\"},\"wordCount\":294,\"publisher\":{\"@id\":\"https:\/\/apuntesdesanluis.com\/#\/schema\/person\/b55151d52296fcce64d1a72538a70b90\"},\"image\":{\"@id\":\"https:\/\/apuntesdesanluis.com\/index.php\/2024\/05\/07\/crearan-un-sistema-web-para-apoyar-a-las-cooperativas-de-la-provincia\/#primaryimage\"},\"thumbnailUrl\":\"https:\/\/apuntesdesanluis.com\/wp-content\/uploads\/2024\/05\/flores-publico.png\",\"articleSection\":[\"Ciudad\/Provincia\"],\"inLanguage\":\"es-AR\"},{\"@type\":\"WebPage\",\"@id\":\"https:\/\/apuntesdesanluis.com\/index.php\/2024\/05\/07\/crearan-un-sistema-web-para-apoyar-a-las-cooperativas-de-la-provincia\/\",\"url\":\"https:\/\/apuntesdesanluis.com\/index.php\/2024\/05\/07\/crearan-un-sistema-web-para-apoyar-a-las-cooperativas-de-la-provincia\/\",\"name\":\"CREAR\u00c1N UN SISTEMA WEB PARA APOYAR A LAS COOPERATIVAS DE LA PROVINCIA - Apuntes de San Luis\",\"isPartOf\":{\"@id\":\"https:\/\/apuntesdesanluis.com\/#website\"},\"primaryImageOfPage\":{\"@id\":\"https:\/\/apuntesdesanluis.com\/index.php\/2024\/05\/07\/crearan-un-sistema-web-para-apoyar-a-las-cooperativas-de-la-provincia\/#primaryimage\"},\"image\":{\"@id\":\"https:\/\/apuntesdesanluis.com\/index.php\/2024\/05\/07\/crearan-un-sistema-web-para-apoyar-a-las-cooperativas-de-la-provincia\/#primaryimage\"},\"thumbnailUrl\":\"https:\/\/apuntesdesanluis.com\/wp-content\/uploads\/2024\/05\/flores-publico.png\",\"datePublished\":\"2024-05-08T00:28:24+00:00\",\"dateModified\":\"2024-05-08T03:32:02+00:00\",\"breadcrumb\":{\"@id\":\"https:\/\/apuntesdesanluis.com\/index.php\/2024\/05\/07\/crearan-un-sistema-web-para-apoyar-a-las-cooperativas-de-la-provincia\/#breadcrumb\"},\"inLanguage\":\"es-AR\",\"potentialAction\":[{\"@type\":\"ReadAction\",\"target\":[\"https:\/\/apuntesdesanluis.com\/index.php\/2024\/05\/07\/crearan-un-sistema-web-para-apoyar-a-las-cooperativas-de-la-provincia\/\"]}]},{\"@type\":\"ImageObject\",\"inLanguage\":\"es-AR\",\"@id\":\"https:\/\/apuntesdesanluis.com\/index.php\/2024\/05\/07\/crearan-un-sistema-web-para-apoyar-a-las-cooperativas-de-la-provincia\/#primaryimage\",\"url\":\"https:\/\/apuntesdesanluis.com\/wp-content\/uploads\/2024\/05\/flores-publico.png\",\"contentUrl\":\"https:\/\/apuntesdesanluis.com\/wp-content\/uploads\/2024\/05\/flores-publico.png\",\"width\":734,\"height\":373},{\"@type\":\"BreadcrumbList\",\"@id\":\"https:\/\/apuntesdesanluis.com\/index.php\/2024\/05\/07\/crearan-un-sistema-web-para-apoyar-a-las-cooperativas-de-la-provincia\/#breadcrumb\",\"itemListElement\":[{\"@type\":\"ListItem\",\"position\":1,\"name\":\"Inicio\",\"item\":\"https:\/\/apuntesdesanluis.com\/\"},{\"@type\":\"ListItem\",\"position\":2,\"name\":\"CREAR\u00c1N UN SISTEMA WEB PARA APOYAR A LAS COOPERATIVAS DE LA PROVINCIA\"}]},{\"@type\":\"WebSite\",\"@id\":\"https:\/\/apuntesdesanluis.com\/#website\",\"url\":\"https:\/\/apuntesdesanluis.com\/\",\"name\":\"Apuntes de San Luis\",\"description\":\"\",\"publisher\":{\"@id\":\"https:\/\/apuntesdesanluis.com\/#\/schema\/person\/b55151d52296fcce64d1a72538a70b90\"},\"potentialAction\":[{\"@type\":\"SearchAction\",\"target\":{\"@type\":\"EntryPoint\",\"urlTemplate\":\"https:\/\/apuntesdesanluis.com\/?s={search_term_string}\"},\"query-input\":{\"@type\":\"PropertyValueSpecification\",\"valueRequired\":true,\"valueName\":\"search_term_string\"}}],\"inLanguage\":\"es-AR\"},{\"@type\":[\"Person\",\"Organization\"],\"@id\":\"https:\/\/apuntesdesanluis.com\/#\/schema\/person\/b55151d52296fcce64d1a72538a70b90\",\"name\":\"apuntesdesanluis.com\",\"image\":{\"@type\":\"ImageObject\",\"inLanguage\":\"es-AR\",\"@id\":\"https:\/\/apuntesdesanluis.com\/#\/schema\/person\/image\/\",\"url\":\"https:\/\/apuntesdesanluis.com\/wp-content\/uploads\/2023\/07\/cropped-apuntesdesanluis.png\",\"contentUrl\":\"https:\/\/apuntesdesanluis.com\/wp-content\/uploads\/2023\/07\/cropped-apuntesdesanluis.png\",\"width\":450,\"height\":112,\"caption\":\"apuntesdesanluis.com\"},\"logo\":{\"@id\":\"https:\/\/apuntesdesanluis.com\/#\/schema\/person\/image\/\"},\"sameAs\":[\"https:\/\/apuntesdesanluis.com\"],\"url\":\"https:\/\/apuntesdesanluis.com\/index.php\/author\/apuntesdesanluis-com\/\"}]}<\/script>\n<!-- \/ Yoast SEO plugin. -->","yoast_head_json":{"title":"CREAR\u00c1N UN SISTEMA WEB PARA APOYAR A LAS COOPERATIVAS DE LA PROVINCIA - Apuntes de San Luis","robots":{"index":"index","follow":"follow","max-snippet":"max-snippet:-1","max-image-preview":"max-image-preview:large","max-video-preview":"max-video-preview:-1"},"canonical":"https:\/\/apuntesdesanluis.com\/index.php\/2024\/05\/07\/crearan-un-sistema-web-para-apoyar-a-las-cooperativas-de-la-provincia\/","og_locale":"es_ES","og_type":"article","og_title":"CREAR\u00c1N UN SISTEMA WEB PARA APOYAR A LAS COOPERATIVAS DE LA PROVINCIA - Apuntes de San Luis","og_description":"La propuesta del Vicerrector de la Universidad Nacional de San Luis (UNSL), Mgter. H\u00e9ctor Flores,...","og_url":"https:\/\/apuntesdesanluis.com\/index.php\/2024\/05\/07\/crearan-un-sistema-web-para-apoyar-a-las-cooperativas-de-la-provincia\/","og_site_name":"Apuntes de San Luis","article_published_time":"2024-05-08T00:28:24+00:00","article_modified_time":"2024-05-08T03:32:02+00:00","og_image":[{"width":734,"height":373,"url":"https:\/\/apuntesdesanluis.com\/wp-content\/uploads\/2024\/05\/flores-publico.png","type":"image\/png"}],"author":"apuntesdesanluis.com","twitter_card":"summary_large_image","twitter_misc":{"Escrito por":"apuntesdesanluis.com","Tiempo de lectura":"2 minutos"},"schema":{"@context":"https:\/\/schema.org","@graph":[{"@type":"Article","@id":"https:\/\/apuntesdesanluis.com\/index.php\/2024\/05\/07\/crearan-un-sistema-web-para-apoyar-a-las-cooperativas-de-la-provincia\/#article","isPartOf":{"@id":"https:\/\/apuntesdesanluis.com\/index.php\/2024\/05\/07\/crearan-un-sistema-web-para-apoyar-a-las-cooperativas-de-la-provincia\/"},"author":{"name":"apuntesdesanluis.com","@id":"https:\/\/apuntesdesanluis.com\/#\/schema\/person\/b55151d52296fcce64d1a72538a70b90"},"headline":"CREAR\u00c1N UN SISTEMA WEB PARA APOYAR A LAS COOPERATIVAS DE LA PROVINCIA","datePublished":"2024-05-08T00:28:24+00:00","dateModified":"2024-05-08T03:32:02+00:00","mainEntityOfPage":{"@id":"https:\/\/apuntesdesanluis.com\/index.php\/2024\/05\/07\/crearan-un-sistema-web-para-apoyar-a-las-cooperativas-de-la-provincia\/"},"wordCount":294,"publisher":{"@id":"https:\/\/apuntesdesanluis.com\/#\/schema\/person\/b55151d52296fcce64d1a72538a70b90"},"image":{"@id":"https:\/\/apuntesdesanluis.com\/index.php\/2024\/05\/07\/crearan-un-sistema-web-para-apoyar-a-las-cooperativas-de-la-provincia\/#primaryimage"},"thumbnailUrl":"https:\/\/apuntesdesanluis.com\/wp-content\/uploads\/2024\/05\/flores-publico.png","articleSection":["Ciudad\/Provincia"],"inLanguage":"es-AR"},{"@type":"WebPage","@id":"https:\/\/apuntesdesanluis.com\/index.php\/2024\/05\/07\/crearan-un-sistema-web-para-apoyar-a-las-cooperativas-de-la-provincia\/","url":"https:\/\/apuntesdesanluis.com\/index.php\/2024\/05\/07\/crearan-un-sistema-web-para-apoyar-a-las-cooperativas-de-la-provincia\/","name":"CREAR\u00c1N UN SISTEMA WEB PARA APOYAR A LAS COOPERATIVAS DE LA PROVINCIA - Apuntes de San Luis","isPartOf":{"@id":"https:\/\/apuntesdesanluis.com\/#website"},"primaryImageOfPage":{"@id":"https:\/\/apuntesdesanluis.com\/index.php\/2024\/05\/07\/crearan-un-sistema-web-para-apoyar-a-las-cooperativas-de-la-provincia\/#primaryimage"},"image":{"@id":"https:\/\/apuntesdesanluis.com\/index.php\/2024\/05\/07\/crearan-un-sistema-web-para-apoyar-a-las-cooperativas-de-la-provincia\/#primaryimage"},"thumbnailUrl":"https:\/\/apuntesdesanluis.com\/wp-content\/uploads\/2024\/05\/flores-publico.png","datePublished":"2024-05-08T00:28:24+00:00","dateModified":"2024-05-08T03:32:02+00:00","breadcrumb":{"@id":"https:\/\/apuntesdesanluis.com\/index.php\/2024\/05\/07\/crearan-un-sistema-web-para-apoyar-a-las-cooperativas-de-la-provincia\/#breadcrumb"},"inLanguage":"es-AR","potentialAction":[{"@type":"ReadAction","target":["https:\/\/apuntesdesanluis.com\/index.php\/2024\/05\/07\/crearan-un-sistema-web-para-apoyar-a-las-cooperativas-de-la-provincia\/"]}]},{"@type":"ImageObject","inLanguage":"es-AR","@id":"https:\/\/apuntesdesanluis.com\/index.php\/2024\/05\/07\/crearan-un-sistema-web-para-apoyar-a-las-cooperativas-de-la-provincia\/#primaryimage","url":"https:\/\/apuntesdesanluis.com\/wp-content\/uploads\/2024\/05\/flores-publico.png","contentUrl":"https:\/\/apuntesdesanluis.com\/wp-content\/uploads\/2024\/05\/flores-publico.png","width":734,"height":373},{"@type":"BreadcrumbList","@id":"https:\/\/apuntesdesanluis.com\/index.php\/2024\/05\/07\/crearan-un-sistema-web-para-apoyar-a-las-cooperativas-de-la-provincia\/#breadcrumb","itemListElement":[{"@type":"ListItem","position":1,"name":"Inicio","item":"https:\/\/apuntesdesanluis.com\/"},{"@type":"ListItem","position":2,"name":"CREAR\u00c1N UN SISTEMA WEB PARA APOYAR A LAS COOPERATIVAS DE LA PROVINCIA"}]},{"@type":"WebSite","@id":"https:\/\/apuntesdesanluis.com\/#website","url":"https:\/\/apuntesdesanluis.com\/","name":"Apuntes de San Luis","description":"","publisher":{"@id":"https:\/\/apuntesdesanluis.com\/#\/schema\/person\/b55151d52296fcce64d1a72538a70b90"},"potentialAction":[{"@type":"SearchAction","target":{"@type":"EntryPoint","urlTemplate":"https:\/\/apuntesdesanluis.com\/?s={search_term_string}"},"query-input":{"@type":"PropertyValueSpecification","valueRequired":true,"valueName":"search_term_string"}}],"inLanguage":"es-AR"},{"@type":["Person","Organization"],"@id":"https:\/\/apuntesdesanluis.com\/#\/schema\/person\/b55151d52296fcce64d1a72538a70b90","name":"apuntesdesanluis.com","image":{"@type":"ImageObject","inLanguage":"es-AR","@id":"https:\/\/apuntesdesanluis.com\/#\/schema\/person\/image\/","url":"https:\/\/apuntesdesanluis.com\/wp-content\/uploads\/2023\/07\/cropped-apuntesdesanluis.png","contentUrl":"https:\/\/apuntesdesanluis.com\/wp-content\/uploads\/2023\/07\/cropped-apuntesdesanluis.png","width":450,"height":112,"caption":"apuntesdesanluis.com"},"logo":{"@id":"https:\/\/apuntesdesanluis.com\/#\/schema\/person\/image\/"},"sameAs":["https:\/\/apuntesdesanluis.com"],"url":"https:\/\/apuntesdesanluis.com\/index.php\/author\/apuntesdesanluis-com\/"}]}},"featured_image_urls":{"full":["https:\/\/apuntesdesanluis.com\/wp-content\/uploads\/2024\/05\/flores-publico.png",734,373,false],"thumbnail":["https:\/\/apuntesdesanluis.com\/wp-content\/uploads\/2024\/05\/flores-publico-150x150.png",150,150,true],"medium":["https:\/\/apuntesdesanluis.com\/wp-content\/uploads\/2024\/05\/flores-publico-300x152.png",300,152,true],"medium_large":["https:\/\/apuntesdesanluis.com\/wp-content\/uploads\/2024\/05\/flores-publico.png",640,325,false],"large":["https:\/\/apuntesdesanluis.com\/wp-content\/uploads\/2024\/05\/flores-publico.png",640,325,false],"1536x1536":["https:\/\/apuntesdesanluis.com\/wp-content\/uploads\/2024\/05\/flores-publico.png",734,373,false],"2048x2048":["https:\/\/apuntesdesanluis.com\/wp-content\/uploads\/2024\/05\/flores-publico.png",734,373,false],"newsever-slider-full":["https:\/\/apuntesdesanluis.com\/wp-content\/uploads\/2024\/05\/flores-publico.png",734,373,false],"newsever-featured":["https:\/\/apuntesdesanluis.com\/wp-content\/uploads\/2024\/05\/flores-publico.png",734,373,false],"newsever-medium":["https:\/\/apuntesdesanluis.com\/wp-content\/uploads\/2024\/05\/flores-publico-720x373.png",720,373,true]},"author_info":{"display_name":"apuntesdesanluis.com","author_link":"https:\/\/apuntesdesanluis.com\/index.php\/author\/apuntesdesanluis-com\/"},"category_info":"<a href=\"https:\/\/apuntesdesanluis.com\/index.php\/category\/ciudad-provincia\/\" rel=\"category tag\">Ciudad\/Provincia<\/a>","tag_info":"Ciudad\/Provincia","comment_count":"0","_links":{"self":[{"href":"https:\/\/apuntesdesanluis.com\/index.php\/wp-json\/wp\/v2\/posts\/15811","targetHints":{"allow":["GET"]}}],"collection":[{"href":"https:\/\/apuntesdesanluis.com\/index.php\/wp-json\/wp\/v2\/posts"}],"about":[{"href":"https:\/\/apuntesdesanluis.com\/index.php\/wp-json\/wp\/v2\/types\/post"}],"author":[{"embeddable":true,"href":"https:\/\/apuntesdesanluis.com\/index.php\/wp-json\/wp\/v2\/users\/1"}],"replies":[{"embeddable":true,"href":"https:\/\/apuntesdesanluis.com\/index.php\/wp-json\/wp\/v2\/comments?post=15811"}],"version-history":[{"count":1,"href":"https:\/\/apuntesdesanluis.com\/index.php\/wp-json\/wp\/v2\/posts\/15811\/revisions"}],"predecessor-version":[{"id":15814,"href":"https:\/\/apuntesdesanluis.com\/index.php\/wp-json\/wp\/v2\/posts\/15811\/revisions\/15814"}],"wp:featuredmedia":[{"embeddable":true,"href":"https:\/\/apuntesdesanluis.com\/index.php\/wp-json\/wp\/v2\/media\/15812"}],"wp:attachment":[{"href":"https:\/\/apuntesdesanluis.com\/index.php\/wp-json\/wp\/v2\/media?parent=15811"}],"wp:term":[{"taxonomy":"category","embeddable":true,"href":"https:\/\/apuntesdesanluis.com\/index.php\/wp-json\/wp\/v2\/categories?post=15811"},{"taxonomy":"post_tag","embeddable":true,"href":"https:\/\/apuntesdesanluis.com\/index.php\/wp-json\/wp\/v2\/tags?post=15811"}],"curies":[{"name":"wp","href":"https:\/\/api.w.org\/{rel}","templated":true}]}}