{"id":15815,"date":"2024-05-08T00:42:50","date_gmt":"2024-05-08T03:42:50","guid":{"rendered":"https:\/\/apuntesdesanluis.com\/?p=15815"},"modified":"2024-05-08T00:42:50","modified_gmt":"2024-05-08T03:42:50","slug":"la-unsl-es-sede-de-un-debate-continental-sobre-educacion-superior","status":"publish","type":"post","link":"https:\/\/apuntesdesanluis.com\/index.php\/2024\/05\/08\/la-unsl-es-sede-de-un-debate-continental-sobre-educacion-superior\/","title":{"rendered":"LA UNSL ES SEDE DE UN DEBATE CONTINENTAL SOBRE EDUCACI\u00d3N SUPERIOR"},"content":{"rendered":"<h3>Se desarrolla en la Universidad Nacional de San Luis la <strong>III Conferencia General del Espacio Latinoamericano y Caribe\u00f1o de Educaci\u00f3n Superior (ENLACES)<\/strong>: Defender La Educaci\u00f3n Superior Como Bien P\u00fablico, Derecho Humano Y Responsabilidad de Los Estados.<\/h3>\n<h3>La actividad contar\u00e1 con cinco (5) mesas, donde se presentar\u00e1 un informe y reflexiones post CRES + 5 de Brasilia, se debatir\u00e1 sobre la integraci\u00f3n regional como motor de la internacionalizaci\u00f3n de la Educaci\u00f3n Superior y se abordar\u00e1n los aportes y miradas de las redes de Latinoam\u00e9rica y el Caribe sobre el plan de acci\u00f3n de la CRES + 5.<\/h3>\n<h3>Tambi\u00e9n se presentar\u00e1n informes sobre la situaci\u00f3n de los pa\u00edses en materia de Educaci\u00f3n Superior, con el objetivo de avanzar en una agenda rumbo a la CRES 2028 y se hablar\u00e1 sobre la ciencia y tecnolog\u00eda como condici\u00f3n de desarrollo de los pa\u00edses.<\/h3>\n<h3>ENLACES re\u00fane 16 pa\u00edses, organizaciones nacionales y regionales, redes e instituciones de Educaci\u00f3n Superior. El encuentro, retoma valores sociales y humanos establecidos en la Conferencia Regional de Educaci\u00f3n Superior del 2008. La organizaci\u00f3n educativa, que es presidida hasta el momento por el rector <strong>V\u00edctor Mori\u00f1igo<\/strong>, tambi\u00e9n elegir\u00e1 sus nuevas autoridades.<\/h3>\n<h3>En este marco, este martes a las 19:30 horas, en el Cine Teatro San Luis, se realiz\u00f3 la Gala de cierre por los 50 a\u00f1os de la UNSL. En tanto que el mi\u00e9rcoles a las 8:30 horas, en el Sal\u00f3n de la Puntanidad, se desarrollar\u00e1n conferencias y mesas de trabajo de ENLACES. El 9 de mayo a las 8:30 horas, en el Sal\u00f3n de la Puntanidad, sesionar\u00e1 el Plenario del Espacio.<\/h3>\n<p><img fetchpriority=\"high\" decoding=\"async\" class=\"wp-image-15816 aligncenter\" src=\"https:\/\/apuntesdesanluis.com\/wp-content\/uploads\/2024\/05\/enlaces-300x169.png\" alt=\"\" width=\"680\" height=\"383\" srcset=\"https:\/\/apuntesdesanluis.com\/wp-content\/uploads\/2024\/05\/enlaces-300x169.png 300w, https:\/\/apuntesdesanluis.com\/wp-content\/uploads\/2024\/05\/enlaces.png 606w\" sizes=\"(max-width: 680px) 100vw, 680px\" \/><\/p>\n<h3><strong>PARTICIPANTES<\/strong><\/h3>\n<h3>Participan autoridades de la Provincia, de la Secretar\u00eda de Educaci\u00f3n de la Naci\u00f3n, del Instituto Internacional de la UNESCO para la Educaci\u00f3n Superior en Am\u00e9rica Latina y el Caribe (IESALC), del Consejo Interuniversitario Nacional (CIN), de la Coordinaci\u00f3n de la formaci\u00f3n del personal de nivel superior (CAPES), del Centro Universitario de Investigaciones Biom\u00e9dicas (CUIB), de la Asociaci\u00f3n de Universidades Grupo Montevideo (AUGM) y el ex ministro de Educaci\u00f3n de Uruguay.<\/h3>\n<h3>Asimismo ser\u00e1n parte de la Uni\u00f3n de Universidades de Am\u00e9rica Latina y el Caribe (UDUALC), del Consejo Superior Universitario Centroamericano (CSUC), de la Confederaci\u00f3n de Trabajadores de las Universidades de las Am\u00e9ricas (CONTUA), de la Federaci\u00f3n de Docentes Universitarios de Am\u00e9rica del Sur (FESIDUAS), de la Organizaci\u00f3n Continental Latinoamericana y Caribe\u00f1a de Estudiantes (OCLAE) y de la Asociaci\u00f3n Nacional de Directores de Instituciones Federales de Educaci\u00f3n Superior de Brasil (ANDIFES).<\/h3>\n<h3>Tambi\u00e9n asisten desde la Asociaci\u00f3n Nacional de Universidades e Instituciones de Educaci\u00f3n Superior (ANUIES), del Consorcio de Universidades del Estado de Chile (CUECH), de la Asociaci\u00f3n Colombiana de Universidades (ASCUN), de la Universidad de La Rep\u00fablica de Uruguay (UDELAR), de la Universidad de La Habana, del Gobierno de Cuba, de Ecuador y de Argentina.<\/h3>\n<h3>Acced\u00e9 al Programa completo desde el siguiente <strong><a href=\"https:\/\/noticias.unsl.edu.ar\/wp-content\/uploads\/2024\/05\/ENLACES_Agenda-III-Congreso-General_May5_2024.pdf\" target=\"_blank\" rel=\"noopener\"><span style=\"color: #3366ff;\">ENLACE<\/span><\/a><\/strong>.<\/h3>\n<p>&nbsp;<\/p>\n<p>&nbsp;<\/p>\n<p>&nbsp;<\/p>\n","protected":false},"excerpt":{"rendered":"<p>Se desarrolla en la Universidad Nacional de San Luis la III Conferencia General del Espacio&#8230;<\/p>\n","protected":false},"author":1,"featured_media":1302,"comment_status":"closed","ping_status":"closed","sticky":false,"template":"","format":"standard","meta":{"footnotes":""},"categories":[6],"tags":[],"class_list":["post-15815","post","type-post","status-publish","format-standard","has-post-thumbnail","hentry","category-ciudad-provincia"],"yoast_head":"<!-- This site is optimized with the Yoast SEO plugin v26.1.1 - https:\/\/yoast.com\/wordpress\/plugins\/seo\/ -->\n<title>LA UNSL ES SEDE DE UN DEBATE CONTINENTAL SOBRE EDUCACI\u00d3N SUPERIOR - Apuntes de San Luis<\/title>\n<meta name=\"robots\" content=\"index, follow, max-snippet:-1, max-image-preview:large, max-video-preview:-1\" \/>\n<link rel=\"canonical\" href=\"https:\/\/apuntesdesanluis.com\/index.php\/2024\/05\/08\/la-unsl-es-sede-de-un-debate-continental-sobre-educacion-superior\/\" \/>\n<meta property=\"og:locale\" content=\"es_ES\" \/>\n<meta property=\"og:type\" content=\"article\" \/>\n<meta property=\"og:title\" content=\"LA UNSL ES SEDE DE UN DEBATE CONTINENTAL SOBRE EDUCACI\u00d3N SUPERIOR - Apuntes de San Luis\" \/>\n<meta property=\"og:description\" content=\"Se desarrolla en la Universidad Nacional de San Luis la III Conferencia General del Espacio...\" \/>\n<meta property=\"og:url\" content=\"https:\/\/apuntesdesanluis.com\/index.php\/2024\/05\/08\/la-unsl-es-sede-de-un-debate-continental-sobre-educacion-superior\/\" \/>\n<meta property=\"og:site_name\" content=\"Apuntes de San Luis\" \/>\n<meta property=\"article:published_time\" content=\"2024-05-08T03:42:50+00:00\" \/>\n<meta property=\"og:image\" content=\"https:\/\/apuntesdesanluis.com\/wp-content\/uploads\/2023\/08\/unsl-1.png\" \/>\n\t<meta property=\"og:image:width\" content=\"600\" \/>\n\t<meta property=\"og:image:height\" content=\"386\" \/>\n\t<meta property=\"og:image:type\" content=\"image\/png\" \/>\n<meta name=\"author\" content=\"apuntesdesanluis.com\" \/>\n<meta name=\"twitter:card\" content=\"summary_large_image\" \/>\n<meta name=\"twitter:label1\" content=\"Escrito por\" \/>\n\t<meta name=\"twitter:data1\" content=\"apuntesdesanluis.com\" \/>\n\t<meta name=\"twitter:label2\" content=\"Tiempo de lectura\" \/>\n\t<meta name=\"twitter:data2\" content=\"3 minutos\" \/>\n<script type=\"application\/ld+json\" class=\"yoast-schema-graph\">{\"@context\":\"https:\/\/schema.org\",\"@graph\":[{\"@type\":\"Article\",\"@id\":\"https:\/\/apuntesdesanluis.com\/index.php\/2024\/05\/08\/la-unsl-es-sede-de-un-debate-continental-sobre-educacion-superior\/#article\",\"isPartOf\":{\"@id\":\"https:\/\/apuntesdesanluis.com\/index.php\/2024\/05\/08\/la-unsl-es-sede-de-un-debate-continental-sobre-educacion-superior\/\"},\"author\":{\"name\":\"apuntesdesanluis.com\",\"@id\":\"https:\/\/apuntesdesanluis.com\/#\/schema\/person\/b55151d52296fcce64d1a72538a70b90\"},\"headline\":\"LA UNSL ES SEDE DE UN DEBATE CONTINENTAL SOBRE EDUCACI\u00d3N SUPERIOR\",\"datePublished\":\"2024-05-08T03:42:50+00:00\",\"mainEntityOfPage\":{\"@id\":\"https:\/\/apuntesdesanluis.com\/index.php\/2024\/05\/08\/la-unsl-es-sede-de-un-debate-continental-sobre-educacion-superior\/\"},\"wordCount\":522,\"publisher\":{\"@id\":\"https:\/\/apuntesdesanluis.com\/#\/schema\/person\/b55151d52296fcce64d1a72538a70b90\"},\"image\":{\"@id\":\"https:\/\/apuntesdesanluis.com\/index.php\/2024\/05\/08\/la-unsl-es-sede-de-un-debate-continental-sobre-educacion-superior\/#primaryimage\"},\"thumbnailUrl\":\"https:\/\/apuntesdesanluis.com\/wp-content\/uploads\/2023\/08\/unsl-1.png\",\"articleSection\":[\"Ciudad\/Provincia\"],\"inLanguage\":\"es-AR\"},{\"@type\":\"WebPage\",\"@id\":\"https:\/\/apuntesdesanluis.com\/index.php\/2024\/05\/08\/la-unsl-es-sede-de-un-debate-continental-sobre-educacion-superior\/\",\"url\":\"https:\/\/apuntesdesanluis.com\/index.php\/2024\/05\/08\/la-unsl-es-sede-de-un-debate-continental-sobre-educacion-superior\/\",\"name\":\"LA UNSL ES SEDE DE UN DEBATE CONTINENTAL SOBRE EDUCACI\u00d3N SUPERIOR - Apuntes de San Luis\",\"isPartOf\":{\"@id\":\"https:\/\/apuntesdesanluis.com\/#website\"},\"primaryImageOfPage\":{\"@id\":\"https:\/\/apuntesdesanluis.com\/index.php\/2024\/05\/08\/la-unsl-es-sede-de-un-debate-continental-sobre-educacion-superior\/#primaryimage\"},\"image\":{\"@id\":\"https:\/\/apuntesdesanluis.com\/index.php\/2024\/05\/08\/la-unsl-es-sede-de-un-debate-continental-sobre-educacion-superior\/#primaryimage\"},\"thumbnailUrl\":\"https:\/\/apuntesdesanluis.com\/wp-content\/uploads\/2023\/08\/unsl-1.png\",\"datePublished\":\"2024-05-08T03:42:50+00:00\",\"breadcrumb\":{\"@id\":\"https:\/\/apuntesdesanluis.com\/index.php\/2024\/05\/08\/la-unsl-es-sede-de-un-debate-continental-sobre-educacion-superior\/#breadcrumb\"},\"inLanguage\":\"es-AR\",\"potentialAction\":[{\"@type\":\"ReadAction\",\"target\":[\"https:\/\/apuntesdesanluis.com\/index.php\/2024\/05\/08\/la-unsl-es-sede-de-un-debate-continental-sobre-educacion-superior\/\"]}]},{\"@type\":\"ImageObject\",\"inLanguage\":\"es-AR\",\"@id\":\"https:\/\/apuntesdesanluis.com\/index.php\/2024\/05\/08\/la-unsl-es-sede-de-un-debate-continental-sobre-educacion-superior\/#primaryimage\",\"url\":\"https:\/\/apuntesdesanluis.com\/wp-content\/uploads\/2023\/08\/unsl-1.png\",\"contentUrl\":\"https:\/\/apuntesdesanluis.com\/wp-content\/uploads\/2023\/08\/unsl-1.png\",\"width\":600,\"height\":386},{\"@type\":\"BreadcrumbList\",\"@id\":\"https:\/\/apuntesdesanluis.com\/index.php\/2024\/05\/08\/la-unsl-es-sede-de-un-debate-continental-sobre-educacion-superior\/#breadcrumb\",\"itemListElement\":[{\"@type\":\"ListItem\",\"position\":1,\"name\":\"Inicio\",\"item\":\"https:\/\/apuntesdesanluis.com\/\"},{\"@type\":\"ListItem\",\"position\":2,\"name\":\"LA UNSL ES SEDE DE UN DEBATE CONTINENTAL SOBRE EDUCACI\u00d3N SUPERIOR\"}]},{\"@type\":\"WebSite\",\"@id\":\"https:\/\/apuntesdesanluis.com\/#website\",\"url\":\"https:\/\/apuntesdesanluis.com\/\",\"name\":\"Apuntes de San Luis\",\"description\":\"\",\"publisher\":{\"@id\":\"https:\/\/apuntesdesanluis.com\/#\/schema\/person\/b55151d52296fcce64d1a72538a70b90\"},\"potentialAction\":[{\"@type\":\"SearchAction\",\"target\":{\"@type\":\"EntryPoint\",\"urlTemplate\":\"https:\/\/apuntesdesanluis.com\/?s={search_term_string}\"},\"query-input\":{\"@type\":\"PropertyValueSpecification\",\"valueRequired\":true,\"valueName\":\"search_term_string\"}}],\"inLanguage\":\"es-AR\"},{\"@type\":[\"Person\",\"Organization\"],\"@id\":\"https:\/\/apuntesdesanluis.com\/#\/schema\/person\/b55151d52296fcce64d1a72538a70b90\",\"name\":\"apuntesdesanluis.com\",\"image\":{\"@type\":\"ImageObject\",\"inLanguage\":\"es-AR\",\"@id\":\"https:\/\/apuntesdesanluis.com\/#\/schema\/person\/image\/\",\"url\":\"https:\/\/apuntesdesanluis.com\/wp-content\/uploads\/2023\/07\/cropped-apuntesdesanluis.png\",\"contentUrl\":\"https:\/\/apuntesdesanluis.com\/wp-content\/uploads\/2023\/07\/cropped-apuntesdesanluis.png\",\"width\":450,\"height\":112,\"caption\":\"apuntesdesanluis.com\"},\"logo\":{\"@id\":\"https:\/\/apuntesdesanluis.com\/#\/schema\/person\/image\/\"},\"sameAs\":[\"https:\/\/apuntesdesanluis.com\"],\"url\":\"https:\/\/apuntesdesanluis.com\/index.php\/author\/apuntesdesanluis-com\/\"}]}<\/script>\n<!-- \/ Yoast SEO plugin. -->","yoast_head_json":{"title":"LA UNSL ES SEDE DE UN DEBATE CONTINENTAL SOBRE EDUCACI\u00d3N SUPERIOR - Apuntes de San Luis","robots":{"index":"index","follow":"follow","max-snippet":"max-snippet:-1","max-image-preview":"max-image-preview:large","max-video-preview":"max-video-preview:-1"},"canonical":"https:\/\/apuntesdesanluis.com\/index.php\/2024\/05\/08\/la-unsl-es-sede-de-un-debate-continental-sobre-educacion-superior\/","og_locale":"es_ES","og_type":"article","og_title":"LA UNSL ES SEDE DE UN DEBATE CONTINENTAL SOBRE EDUCACI\u00d3N SUPERIOR - Apuntes de San Luis","og_description":"Se desarrolla en la Universidad Nacional de San Luis la III Conferencia General del Espacio...","og_url":"https:\/\/apuntesdesanluis.com\/index.php\/2024\/05\/08\/la-unsl-es-sede-de-un-debate-continental-sobre-educacion-superior\/","og_site_name":"Apuntes de San Luis","article_published_time":"2024-05-08T03:42:50+00:00","og_image":[{"width":600,"height":386,"url":"https:\/\/apuntesdesanluis.com\/wp-content\/uploads\/2023\/08\/unsl-1.png","type":"image\/png"}],"author":"apuntesdesanluis.com","twitter_card":"summary_large_image","twitter_misc":{"Escrito por":"apuntesdesanluis.com","Tiempo de lectura":"3 minutos"},"schema":{"@context":"https:\/\/schema.org","@graph":[{"@type":"Article","@id":"https:\/\/apuntesdesanluis.com\/index.php\/2024\/05\/08\/la-unsl-es-sede-de-un-debate-continental-sobre-educacion-superior\/#article","isPartOf":{"@id":"https:\/\/apuntesdesanluis.com\/index.php\/2024\/05\/08\/la-unsl-es-sede-de-un-debate-continental-sobre-educacion-superior\/"},"author":{"name":"apuntesdesanluis.com","@id":"https:\/\/apuntesdesanluis.com\/#\/schema\/person\/b55151d52296fcce64d1a72538a70b90"},"headline":"LA UNSL ES SEDE DE UN DEBATE CONTINENTAL SOBRE EDUCACI\u00d3N SUPERIOR","datePublished":"2024-05-08T03:42:50+00:00","mainEntityOfPage":{"@id":"https:\/\/apuntesdesanluis.com\/index.php\/2024\/05\/08\/la-unsl-es-sede-de-un-debate-continental-sobre-educacion-superior\/"},"wordCount":522,"publisher":{"@id":"https:\/\/apuntesdesanluis.com\/#\/schema\/person\/b55151d52296fcce64d1a72538a70b90"},"image":{"@id":"https:\/\/apuntesdesanluis.com\/index.php\/2024\/05\/08\/la-unsl-es-sede-de-un-debate-continental-sobre-educacion-superior\/#primaryimage"},"thumbnailUrl":"https:\/\/apuntesdesanluis.com\/wp-content\/uploads\/2023\/08\/unsl-1.png","articleSection":["Ciudad\/Provincia"],"inLanguage":"es-AR"},{"@type":"WebPage","@id":"https:\/\/apuntesdesanluis.com\/index.php\/2024\/05\/08\/la-unsl-es-sede-de-un-debate-continental-sobre-educacion-superior\/","url":"https:\/\/apuntesdesanluis.com\/index.php\/2024\/05\/08\/la-unsl-es-sede-de-un-debate-continental-sobre-educacion-superior\/","name":"LA UNSL ES SEDE DE UN DEBATE CONTINENTAL SOBRE EDUCACI\u00d3N SUPERIOR - Apuntes de San Luis","isPartOf":{"@id":"https:\/\/apuntesdesanluis.com\/#website"},"primaryImageOfPage":{"@id":"https:\/\/apuntesdesanluis.com\/index.php\/2024\/05\/08\/la-unsl-es-sede-de-un-debate-continental-sobre-educacion-superior\/#primaryimage"},"image":{"@id":"https:\/\/apuntesdesanluis.com\/index.php\/2024\/05\/08\/la-unsl-es-sede-de-un-debate-continental-sobre-educacion-superior\/#primaryimage"},"thumbnailUrl":"https:\/\/apuntesdesanluis.com\/wp-content\/uploads\/2023\/08\/unsl-1.png","datePublished":"2024-05-08T03:42:50+00:00","breadcrumb":{"@id":"https:\/\/apuntesdesanluis.com\/index.php\/2024\/05\/08\/la-unsl-es-sede-de-un-debate-continental-sobre-educacion-superior\/#breadcrumb"},"inLanguage":"es-AR","potentialAction":[{"@type":"ReadAction","target":["https:\/\/apuntesdesanluis.com\/index.php\/2024\/05\/08\/la-unsl-es-sede-de-un-debate-continental-sobre-educacion-superior\/"]}]},{"@type":"ImageObject","inLanguage":"es-AR","@id":"https:\/\/apuntesdesanluis.com\/index.php\/2024\/05\/08\/la-unsl-es-sede-de-un-debate-continental-sobre-educacion-superior\/#primaryimage","url":"https:\/\/apuntesdesanluis.com\/wp-content\/uploads\/2023\/08\/unsl-1.png","contentUrl":"https:\/\/apuntesdesanluis.com\/wp-content\/uploads\/2023\/08\/unsl-1.png","width":600,"height":386},{"@type":"BreadcrumbList","@id":"https:\/\/apuntesdesanluis.com\/index.php\/2024\/05\/08\/la-unsl-es-sede-de-un-debate-continental-sobre-educacion-superior\/#breadcrumb","itemListElement":[{"@type":"ListItem","position":1,"name":"Inicio","item":"https:\/\/apuntesdesanluis.com\/"},{"@type":"ListItem","position":2,"name":"LA UNSL ES SEDE DE UN DEBATE CONTINENTAL SOBRE EDUCACI\u00d3N SUPERIOR"}]},{"@type":"WebSite","@id":"https:\/\/apuntesdesanluis.com\/#website","url":"https:\/\/apuntesdesanluis.com\/","name":"Apuntes de San Luis","description":"","publisher":{"@id":"https:\/\/apuntesdesanluis.com\/#\/schema\/person\/b55151d52296fcce64d1a72538a70b90"},"potentialAction":[{"@type":"SearchAction","target":{"@type":"EntryPoint","urlTemplate":"https:\/\/apuntesdesanluis.com\/?s={search_term_string}"},"query-input":{"@type":"PropertyValueSpecification","valueRequired":true,"valueName":"search_term_string"}}],"inLanguage":"es-AR"},{"@type":["Person","Organization"],"@id":"https:\/\/apuntesdesanluis.com\/#\/schema\/person\/b55151d52296fcce64d1a72538a70b90","name":"apuntesdesanluis.com","image":{"@type":"ImageObject","inLanguage":"es-AR","@id":"https:\/\/apuntesdesanluis.com\/#\/schema\/person\/image\/","url":"https:\/\/apuntesdesanluis.com\/wp-content\/uploads\/2023\/07\/cropped-apuntesdesanluis.png","contentUrl":"https:\/\/apuntesdesanluis.com\/wp-content\/uploads\/2023\/07\/cropped-apuntesdesanluis.png","width":450,"height":112,"caption":"apuntesdesanluis.com"},"logo":{"@id":"https:\/\/apuntesdesanluis.com\/#\/schema\/person\/image\/"},"sameAs":["https:\/\/apuntesdesanluis.com"],"url":"https:\/\/apuntesdesanluis.com\/index.php\/author\/apuntesdesanluis-com\/"}]}},"featured_image_urls":{"full":["https:\/\/apuntesdesanluis.com\/wp-content\/uploads\/2023\/08\/unsl-1.png",600,386,false],"thumbnail":["https:\/\/apuntesdesanluis.com\/wp-content\/uploads\/2023\/08\/unsl-1-150x150.png",150,150,true],"medium":["https:\/\/apuntesdesanluis.com\/wp-content\/uploads\/2023\/08\/unsl-1-300x193.png",300,193,true],"medium_large":["https:\/\/apuntesdesanluis.com\/wp-content\/uploads\/2023\/08\/unsl-1.png",600,386,false],"large":["https:\/\/apuntesdesanluis.com\/wp-content\/uploads\/2023\/08\/unsl-1.png",600,386,false],"1536x1536":["https:\/\/apuntesdesanluis.com\/wp-content\/uploads\/2023\/08\/unsl-1.png",600,386,false],"2048x2048":["https:\/\/apuntesdesanluis.com\/wp-content\/uploads\/2023\/08\/unsl-1.png",600,386,false],"newsever-slider-full":["https:\/\/apuntesdesanluis.com\/wp-content\/uploads\/2023\/08\/unsl-1.png",600,386,false],"newsever-featured":["https:\/\/apuntesdesanluis.com\/wp-content\/uploads\/2023\/08\/unsl-1.png",600,386,false],"newsever-medium":["https:\/\/apuntesdesanluis.com\/wp-content\/uploads\/2023\/08\/unsl-1.png",600,386,false]},"author_info":{"display_name":"apuntesdesanluis.com","author_link":"https:\/\/apuntesdesanluis.com\/index.php\/author\/apuntesdesanluis-com\/"},"category_info":"<a href=\"https:\/\/apuntesdesanluis.com\/index.php\/category\/ciudad-provincia\/\" rel=\"category tag\">Ciudad\/Provincia<\/a>","tag_info":"Ciudad\/Provincia","comment_count":"0","_links":{"self":[{"href":"https:\/\/apuntesdesanluis.com\/index.php\/wp-json\/wp\/v2\/posts\/15815","targetHints":{"allow":["GET"]}}],"collection":[{"href":"https:\/\/apuntesdesanluis.com\/index.php\/wp-json\/wp\/v2\/posts"}],"about":[{"href":"https:\/\/apuntesdesanluis.com\/index.php\/wp-json\/wp\/v2\/types\/post"}],"author":[{"embeddable":true,"href":"https:\/\/apuntesdesanluis.com\/index.php\/wp-json\/wp\/v2\/users\/1"}],"replies":[{"embeddable":true,"href":"https:\/\/apuntesdesanluis.com\/index.php\/wp-json\/wp\/v2\/comments?post=15815"}],"version-history":[{"count":1,"href":"https:\/\/apuntesdesanluis.com\/index.php\/wp-json\/wp\/v2\/posts\/15815\/revisions"}],"predecessor-version":[{"id":15817,"href":"https:\/\/apuntesdesanluis.com\/index.php\/wp-json\/wp\/v2\/posts\/15815\/revisions\/15817"}],"wp:featuredmedia":[{"embeddable":true,"href":"https:\/\/apuntesdesanluis.com\/index.php\/wp-json\/wp\/v2\/media\/1302"}],"wp:attachment":[{"href":"https:\/\/apuntesdesanluis.com\/index.php\/wp-json\/wp\/v2\/media?parent=15815"}],"wp:term":[{"taxonomy":"category","embeddable":true,"href":"https:\/\/apuntesdesanluis.com\/index.php\/wp-json\/wp\/v2\/categories?post=15815"},{"taxonomy":"post_tag","embeddable":true,"href":"https:\/\/apuntesdesanluis.com\/index.php\/wp-json\/wp\/v2\/tags?post=15815"}],"curies":[{"name":"wp","href":"https:\/\/api.w.org\/{rel}","templated":true}]}}