{"id":15823,"date":"2024-05-08T19:29:36","date_gmt":"2024-05-08T22:29:36","guid":{"rendered":"https:\/\/apuntesdesanluis.com\/?p=15823"},"modified":"2024-05-08T19:29:37","modified_gmt":"2024-05-08T22:29:37","slug":"en-san-luis-la-mesa-intersindical-convoco-a-una-concentracion-al-mediodia","status":"publish","type":"post","link":"https:\/\/apuntesdesanluis.com\/index.php\/2024\/05\/08\/en-san-luis-la-mesa-intersindical-convoco-a-una-concentracion-al-mediodia\/","title":{"rendered":"EN SAN LUIS LA MESA INTERSINDICAL CONVOC\u00d3 A UNA CONCENTRACI\u00d3N AL MEDIOD\u00cdA"},"content":{"rendered":"<h3>En el marco del paro general de este jueves 9 de mayo, las principales centrales sindicales de nuestra provincia convocaron a una concentraci\u00f3n que se realizar\u00e1 a las 12:00 hs en la ciudad capital.<\/h3>\n<h3>Asimismo, la Mesa Intersindical emiti\u00f3 el siguiente comunicado:<\/h3>\n<h3>\u201cLa pol\u00edtica instrumentada por el gobierno nacional desde su asunci\u00f3n plasmadas en el DNU 70-2023 y otros decretos, ha tenido como resultado, el crecimiento de la pobreza en 8 puntos, condenando al 52% de la poblaci\u00f3n del pa\u00eds a la pobreza, generando 3,2 millones de pobres s\u00f3lo en 4 meses.<\/h3>\n<h3>El mercado interno est\u00e1 destruy\u00e9ndose: en ese per\u00edodo, seg\u00fan la CAME, las ventas minoristas cayeron 18,7% promedio, alcanzando el 31,3% en medicamentos. La propia UIA denuncia una baja acumulada de 8,3% en la producci\u00f3n industrial s\u00f3lo en el primer bimestre del a\u00f1o. Hubo 80 mil bajas en planes sociales, 200 mil con reducci\u00f3n a la mitad de la remuneraci\u00f3n y congelamiento en el ingreso con una inflaci\u00f3n del 98,2% de diciembre a marzo. Crecen los despidos en el estado y el sector privado, y los salarios perdieron en promedio, la mitad del poder adquisitivo que ten\u00edan en noviembre.<\/h3>\n<h3>Esta situaci\u00f3n empeorar\u00e1 con la aprobaci\u00f3n de la Ley \u00d3mnibus que incluye la eliminaci\u00f3n del monotributo social, flexibilizaci\u00f3n laboral, privatizaciones, jubilaciones sin moratoria y elevaci\u00f3n de la edad, impuesto al salario y reducci\u00f3n de licencia por maternidad, mientras se reduce el impuesto a la riqueza, se permite el empleo informal y el despido discriminatorio, se dan beneficios tributarios y cambiarios a monopolios excluyendo PyMEs, blanqueo de capitales de origen dudoso (fuga, evasi\u00f3n o delito), etc.<\/h3>\n<h3>Frente a esta situaci\u00f3n, la Mesa Intersindical de la Provincia de San Luis, convoca a una concentraci\u00f3n a las 12:00 en el Correo Central de San Luis, en el marco del Paro General del 9 de mayo convocado por las tres centrales sindicales y las organizaciones sociales&#8221;.<\/h3>\n<ul>\n<li>\n<h3>Por trabajo.<\/h3>\n<\/li>\n<li>\n<h3>Por la recuperaci\u00f3n de los ingresos populares frente a la escalada inflacionaria.<\/h3>\n<\/li>\n<li>\n<h3>Contra la pol\u00edtica de ajuste y declinaci\u00f3n de la soberan\u00eda nacional.<\/h3>\n<\/li>\n<li>\n<h3>NO al DNU 70\/2023<\/h3>\n<\/li>\n<li>\n<h3>NO a la Ley \u00d3mnibus<\/h3>\n<\/li>\n<li>\n<h3>NO al protocolo de criminalizaci\u00f3n de la protesta.<\/h3>\n<\/li>\n<\/ul>\n<h3>Confederaci\u00f3n General del Trabajo (CGT) &#8211; Central de Trabajadores de la Argentina Aut\u00f3noma (CTA-A) &#8211; CTA de los Trabajadores (CTA-T) &#8211; Uni\u00f3n de Trabajadores de la Econom\u00eda Popular (UTEP).<\/h3>\n<p><img fetchpriority=\"high\" decoding=\"async\" class=\"wp-image-15824 aligncenter\" src=\"https:\/\/apuntesdesanluis.com\/wp-content\/uploads\/2024\/05\/441822769_945823077542816_6179188479750709312_n-300x225.jpg\" alt=\"\" width=\"595\" height=\"446\" srcset=\"https:\/\/apuntesdesanluis.com\/wp-content\/uploads\/2024\/05\/441822769_945823077542816_6179188479750709312_n-300x225.jpg 300w, https:\/\/apuntesdesanluis.com\/wp-content\/uploads\/2024\/05\/441822769_945823077542816_6179188479750709312_n.jpg 600w\" sizes=\"(max-width: 595px) 100vw, 595px\" \/><\/p>\n<p>&nbsp;<\/p>\n<p>&nbsp;<\/p>\n","protected":false},"excerpt":{"rendered":"<p>En el marco del paro general de este jueves 9 de mayo, las principales centrales&#8230;<\/p>\n","protected":false},"author":1,"featured_media":15825,"comment_status":"closed","ping_status":"closed","sticky":false,"template":"","format":"standard","meta":{"footnotes":""},"categories":[6],"tags":[],"class_list":["post-15823","post","type-post","status-publish","format-standard","has-post-thumbnail","hentry","category-ciudad-provincia"],"yoast_head":"<!-- This site is optimized with the Yoast SEO plugin v26.1.1 - https:\/\/yoast.com\/wordpress\/plugins\/seo\/ -->\n<title>EN SAN LUIS LA MESA INTERSINDICAL CONVOC\u00d3 A UNA CONCENTRACI\u00d3N AL MEDIOD\u00cdA - Apuntes de San Luis<\/title>\n<meta name=\"robots\" content=\"index, follow, max-snippet:-1, max-image-preview:large, max-video-preview:-1\" \/>\n<link rel=\"canonical\" href=\"https:\/\/apuntesdesanluis.com\/index.php\/2024\/05\/08\/en-san-luis-la-mesa-intersindical-convoco-a-una-concentracion-al-mediodia\/\" \/>\n<meta property=\"og:locale\" content=\"es_ES\" \/>\n<meta property=\"og:type\" content=\"article\" \/>\n<meta property=\"og:title\" content=\"EN SAN LUIS LA MESA INTERSINDICAL CONVOC\u00d3 A UNA CONCENTRACI\u00d3N AL MEDIOD\u00cdA - Apuntes de San Luis\" \/>\n<meta property=\"og:description\" content=\"En el marco del paro general de este jueves 9 de mayo, las principales centrales...\" \/>\n<meta property=\"og:url\" content=\"https:\/\/apuntesdesanluis.com\/index.php\/2024\/05\/08\/en-san-luis-la-mesa-intersindical-convoco-a-una-concentracion-al-mediodia\/\" \/>\n<meta property=\"og:site_name\" content=\"Apuntes de San Luis\" \/>\n<meta property=\"article:published_time\" content=\"2024-05-08T22:29:36+00:00\" \/>\n<meta property=\"article:modified_time\" content=\"2024-05-08T22:29:37+00:00\" \/>\n<meta property=\"og:image\" content=\"https:\/\/apuntesdesanluis.com\/wp-content\/uploads\/2024\/05\/Intersindical.jpg\" \/>\n\t<meta property=\"og:image:width\" content=\"600\" \/>\n\t<meta property=\"og:image:height\" content=\"352\" \/>\n\t<meta property=\"og:image:type\" content=\"image\/jpeg\" \/>\n<meta name=\"author\" content=\"apuntesdesanluis.com\" \/>\n<meta name=\"twitter:card\" content=\"summary_large_image\" \/>\n<meta name=\"twitter:label1\" content=\"Escrito por\" \/>\n\t<meta name=\"twitter:data1\" content=\"apuntesdesanluis.com\" \/>\n\t<meta name=\"twitter:label2\" content=\"Tiempo de lectura\" \/>\n\t<meta name=\"twitter:data2\" content=\"2 minutos\" \/>\n<script type=\"application\/ld+json\" class=\"yoast-schema-graph\">{\"@context\":\"https:\/\/schema.org\",\"@graph\":[{\"@type\":\"Article\",\"@id\":\"https:\/\/apuntesdesanluis.com\/index.php\/2024\/05\/08\/en-san-luis-la-mesa-intersindical-convoco-a-una-concentracion-al-mediodia\/#article\",\"isPartOf\":{\"@id\":\"https:\/\/apuntesdesanluis.com\/index.php\/2024\/05\/08\/en-san-luis-la-mesa-intersindical-convoco-a-una-concentracion-al-mediodia\/\"},\"author\":{\"name\":\"apuntesdesanluis.com\",\"@id\":\"https:\/\/apuntesdesanluis.com\/#\/schema\/person\/b55151d52296fcce64d1a72538a70b90\"},\"headline\":\"EN SAN LUIS LA MESA INTERSINDICAL CONVOC\u00d3 A UNA CONCENTRACI\u00d3N AL MEDIOD\u00cdA\",\"datePublished\":\"2024-05-08T22:29:36+00:00\",\"dateModified\":\"2024-05-08T22:29:37+00:00\",\"mainEntityOfPage\":{\"@id\":\"https:\/\/apuntesdesanluis.com\/index.php\/2024\/05\/08\/en-san-luis-la-mesa-intersindical-convoco-a-una-concentracion-al-mediodia\/\"},\"wordCount\":418,\"publisher\":{\"@id\":\"https:\/\/apuntesdesanluis.com\/#\/schema\/person\/b55151d52296fcce64d1a72538a70b90\"},\"image\":{\"@id\":\"https:\/\/apuntesdesanluis.com\/index.php\/2024\/05\/08\/en-san-luis-la-mesa-intersindical-convoco-a-una-concentracion-al-mediodia\/#primaryimage\"},\"thumbnailUrl\":\"https:\/\/apuntesdesanluis.com\/wp-content\/uploads\/2024\/05\/Intersindical.jpg\",\"articleSection\":[\"Ciudad\/Provincia\"],\"inLanguage\":\"es-AR\"},{\"@type\":\"WebPage\",\"@id\":\"https:\/\/apuntesdesanluis.com\/index.php\/2024\/05\/08\/en-san-luis-la-mesa-intersindical-convoco-a-una-concentracion-al-mediodia\/\",\"url\":\"https:\/\/apuntesdesanluis.com\/index.php\/2024\/05\/08\/en-san-luis-la-mesa-intersindical-convoco-a-una-concentracion-al-mediodia\/\",\"name\":\"EN SAN LUIS LA MESA INTERSINDICAL CONVOC\u00d3 A UNA CONCENTRACI\u00d3N AL MEDIOD\u00cdA - Apuntes de San Luis\",\"isPartOf\":{\"@id\":\"https:\/\/apuntesdesanluis.com\/#website\"},\"primaryImageOfPage\":{\"@id\":\"https:\/\/apuntesdesanluis.com\/index.php\/2024\/05\/08\/en-san-luis-la-mesa-intersindical-convoco-a-una-concentracion-al-mediodia\/#primaryimage\"},\"image\":{\"@id\":\"https:\/\/apuntesdesanluis.com\/index.php\/2024\/05\/08\/en-san-luis-la-mesa-intersindical-convoco-a-una-concentracion-al-mediodia\/#primaryimage\"},\"thumbnailUrl\":\"https:\/\/apuntesdesanluis.com\/wp-content\/uploads\/2024\/05\/Intersindical.jpg\",\"datePublished\":\"2024-05-08T22:29:36+00:00\",\"dateModified\":\"2024-05-08T22:29:37+00:00\",\"breadcrumb\":{\"@id\":\"https:\/\/apuntesdesanluis.com\/index.php\/2024\/05\/08\/en-san-luis-la-mesa-intersindical-convoco-a-una-concentracion-al-mediodia\/#breadcrumb\"},\"inLanguage\":\"es-AR\",\"potentialAction\":[{\"@type\":\"ReadAction\",\"target\":[\"https:\/\/apuntesdesanluis.com\/index.php\/2024\/05\/08\/en-san-luis-la-mesa-intersindical-convoco-a-una-concentracion-al-mediodia\/\"]}]},{\"@type\":\"ImageObject\",\"inLanguage\":\"es-AR\",\"@id\":\"https:\/\/apuntesdesanluis.com\/index.php\/2024\/05\/08\/en-san-luis-la-mesa-intersindical-convoco-a-una-concentracion-al-mediodia\/#primaryimage\",\"url\":\"https:\/\/apuntesdesanluis.com\/wp-content\/uploads\/2024\/05\/Intersindical.jpg\",\"contentUrl\":\"https:\/\/apuntesdesanluis.com\/wp-content\/uploads\/2024\/05\/Intersindical.jpg\",\"width\":600,\"height\":352},{\"@type\":\"BreadcrumbList\",\"@id\":\"https:\/\/apuntesdesanluis.com\/index.php\/2024\/05\/08\/en-san-luis-la-mesa-intersindical-convoco-a-una-concentracion-al-mediodia\/#breadcrumb\",\"itemListElement\":[{\"@type\":\"ListItem\",\"position\":1,\"name\":\"Inicio\",\"item\":\"https:\/\/apuntesdesanluis.com\/\"},{\"@type\":\"ListItem\",\"position\":2,\"name\":\"EN SAN LUIS LA MESA INTERSINDICAL CONVOC\u00d3 A UNA CONCENTRACI\u00d3N AL MEDIOD\u00cdA\"}]},{\"@type\":\"WebSite\",\"@id\":\"https:\/\/apuntesdesanluis.com\/#website\",\"url\":\"https:\/\/apuntesdesanluis.com\/\",\"name\":\"Apuntes de San Luis\",\"description\":\"\",\"publisher\":{\"@id\":\"https:\/\/apuntesdesanluis.com\/#\/schema\/person\/b55151d52296fcce64d1a72538a70b90\"},\"potentialAction\":[{\"@type\":\"SearchAction\",\"target\":{\"@type\":\"EntryPoint\",\"urlTemplate\":\"https:\/\/apuntesdesanluis.com\/?s={search_term_string}\"},\"query-input\":{\"@type\":\"PropertyValueSpecification\",\"valueRequired\":true,\"valueName\":\"search_term_string\"}}],\"inLanguage\":\"es-AR\"},{\"@type\":[\"Person\",\"Organization\"],\"@id\":\"https:\/\/apuntesdesanluis.com\/#\/schema\/person\/b55151d52296fcce64d1a72538a70b90\",\"name\":\"apuntesdesanluis.com\",\"image\":{\"@type\":\"ImageObject\",\"inLanguage\":\"es-AR\",\"@id\":\"https:\/\/apuntesdesanluis.com\/#\/schema\/person\/image\/\",\"url\":\"https:\/\/apuntesdesanluis.com\/wp-content\/uploads\/2023\/07\/cropped-apuntesdesanluis.png\",\"contentUrl\":\"https:\/\/apuntesdesanluis.com\/wp-content\/uploads\/2023\/07\/cropped-apuntesdesanluis.png\",\"width\":450,\"height\":112,\"caption\":\"apuntesdesanluis.com\"},\"logo\":{\"@id\":\"https:\/\/apuntesdesanluis.com\/#\/schema\/person\/image\/\"},\"sameAs\":[\"https:\/\/apuntesdesanluis.com\"],\"url\":\"https:\/\/apuntesdesanluis.com\/index.php\/author\/apuntesdesanluis-com\/\"}]}<\/script>\n<!-- \/ Yoast SEO plugin. -->","yoast_head_json":{"title":"EN SAN LUIS LA MESA INTERSINDICAL CONVOC\u00d3 A UNA CONCENTRACI\u00d3N AL MEDIOD\u00cdA - Apuntes de San Luis","robots":{"index":"index","follow":"follow","max-snippet":"max-snippet:-1","max-image-preview":"max-image-preview:large","max-video-preview":"max-video-preview:-1"},"canonical":"https:\/\/apuntesdesanluis.com\/index.php\/2024\/05\/08\/en-san-luis-la-mesa-intersindical-convoco-a-una-concentracion-al-mediodia\/","og_locale":"es_ES","og_type":"article","og_title":"EN SAN LUIS LA MESA INTERSINDICAL CONVOC\u00d3 A UNA CONCENTRACI\u00d3N AL MEDIOD\u00cdA - Apuntes de San Luis","og_description":"En el marco del paro general de este jueves 9 de mayo, las principales centrales...","og_url":"https:\/\/apuntesdesanluis.com\/index.php\/2024\/05\/08\/en-san-luis-la-mesa-intersindical-convoco-a-una-concentracion-al-mediodia\/","og_site_name":"Apuntes de San Luis","article_published_time":"2024-05-08T22:29:36+00:00","article_modified_time":"2024-05-08T22:29:37+00:00","og_image":[{"width":600,"height":352,"url":"https:\/\/apuntesdesanluis.com\/wp-content\/uploads\/2024\/05\/Intersindical.jpg","type":"image\/jpeg"}],"author":"apuntesdesanluis.com","twitter_card":"summary_large_image","twitter_misc":{"Escrito por":"apuntesdesanluis.com","Tiempo de lectura":"2 minutos"},"schema":{"@context":"https:\/\/schema.org","@graph":[{"@type":"Article","@id":"https:\/\/apuntesdesanluis.com\/index.php\/2024\/05\/08\/en-san-luis-la-mesa-intersindical-convoco-a-una-concentracion-al-mediodia\/#article","isPartOf":{"@id":"https:\/\/apuntesdesanluis.com\/index.php\/2024\/05\/08\/en-san-luis-la-mesa-intersindical-convoco-a-una-concentracion-al-mediodia\/"},"author":{"name":"apuntesdesanluis.com","@id":"https:\/\/apuntesdesanluis.com\/#\/schema\/person\/b55151d52296fcce64d1a72538a70b90"},"headline":"EN SAN LUIS LA MESA INTERSINDICAL CONVOC\u00d3 A UNA CONCENTRACI\u00d3N AL MEDIOD\u00cdA","datePublished":"2024-05-08T22:29:36+00:00","dateModified":"2024-05-08T22:29:37+00:00","mainEntityOfPage":{"@id":"https:\/\/apuntesdesanluis.com\/index.php\/2024\/05\/08\/en-san-luis-la-mesa-intersindical-convoco-a-una-concentracion-al-mediodia\/"},"wordCount":418,"publisher":{"@id":"https:\/\/apuntesdesanluis.com\/#\/schema\/person\/b55151d52296fcce64d1a72538a70b90"},"image":{"@id":"https:\/\/apuntesdesanluis.com\/index.php\/2024\/05\/08\/en-san-luis-la-mesa-intersindical-convoco-a-una-concentracion-al-mediodia\/#primaryimage"},"thumbnailUrl":"https:\/\/apuntesdesanluis.com\/wp-content\/uploads\/2024\/05\/Intersindical.jpg","articleSection":["Ciudad\/Provincia"],"inLanguage":"es-AR"},{"@type":"WebPage","@id":"https:\/\/apuntesdesanluis.com\/index.php\/2024\/05\/08\/en-san-luis-la-mesa-intersindical-convoco-a-una-concentracion-al-mediodia\/","url":"https:\/\/apuntesdesanluis.com\/index.php\/2024\/05\/08\/en-san-luis-la-mesa-intersindical-convoco-a-una-concentracion-al-mediodia\/","name":"EN SAN LUIS LA MESA INTERSINDICAL CONVOC\u00d3 A UNA CONCENTRACI\u00d3N AL MEDIOD\u00cdA - Apuntes de San Luis","isPartOf":{"@id":"https:\/\/apuntesdesanluis.com\/#website"},"primaryImageOfPage":{"@id":"https:\/\/apuntesdesanluis.com\/index.php\/2024\/05\/08\/en-san-luis-la-mesa-intersindical-convoco-a-una-concentracion-al-mediodia\/#primaryimage"},"image":{"@id":"https:\/\/apuntesdesanluis.com\/index.php\/2024\/05\/08\/en-san-luis-la-mesa-intersindical-convoco-a-una-concentracion-al-mediodia\/#primaryimage"},"thumbnailUrl":"https:\/\/apuntesdesanluis.com\/wp-content\/uploads\/2024\/05\/Intersindical.jpg","datePublished":"2024-05-08T22:29:36+00:00","dateModified":"2024-05-08T22:29:37+00:00","breadcrumb":{"@id":"https:\/\/apuntesdesanluis.com\/index.php\/2024\/05\/08\/en-san-luis-la-mesa-intersindical-convoco-a-una-concentracion-al-mediodia\/#breadcrumb"},"inLanguage":"es-AR","potentialAction":[{"@type":"ReadAction","target":["https:\/\/apuntesdesanluis.com\/index.php\/2024\/05\/08\/en-san-luis-la-mesa-intersindical-convoco-a-una-concentracion-al-mediodia\/"]}]},{"@type":"ImageObject","inLanguage":"es-AR","@id":"https:\/\/apuntesdesanluis.com\/index.php\/2024\/05\/08\/en-san-luis-la-mesa-intersindical-convoco-a-una-concentracion-al-mediodia\/#primaryimage","url":"https:\/\/apuntesdesanluis.com\/wp-content\/uploads\/2024\/05\/Intersindical.jpg","contentUrl":"https:\/\/apuntesdesanluis.com\/wp-content\/uploads\/2024\/05\/Intersindical.jpg","width":600,"height":352},{"@type":"BreadcrumbList","@id":"https:\/\/apuntesdesanluis.com\/index.php\/2024\/05\/08\/en-san-luis-la-mesa-intersindical-convoco-a-una-concentracion-al-mediodia\/#breadcrumb","itemListElement":[{"@type":"ListItem","position":1,"name":"Inicio","item":"https:\/\/apuntesdesanluis.com\/"},{"@type":"ListItem","position":2,"name":"EN SAN LUIS LA MESA INTERSINDICAL CONVOC\u00d3 A UNA CONCENTRACI\u00d3N AL MEDIOD\u00cdA"}]},{"@type":"WebSite","@id":"https:\/\/apuntesdesanluis.com\/#website","url":"https:\/\/apuntesdesanluis.com\/","name":"Apuntes de San Luis","description":"","publisher":{"@id":"https:\/\/apuntesdesanluis.com\/#\/schema\/person\/b55151d52296fcce64d1a72538a70b90"},"potentialAction":[{"@type":"SearchAction","target":{"@type":"EntryPoint","urlTemplate":"https:\/\/apuntesdesanluis.com\/?s={search_term_string}"},"query-input":{"@type":"PropertyValueSpecification","valueRequired":true,"valueName":"search_term_string"}}],"inLanguage":"es-AR"},{"@type":["Person","Organization"],"@id":"https:\/\/apuntesdesanluis.com\/#\/schema\/person\/b55151d52296fcce64d1a72538a70b90","name":"apuntesdesanluis.com","image":{"@type":"ImageObject","inLanguage":"es-AR","@id":"https:\/\/apuntesdesanluis.com\/#\/schema\/person\/image\/","url":"https:\/\/apuntesdesanluis.com\/wp-content\/uploads\/2023\/07\/cropped-apuntesdesanluis.png","contentUrl":"https:\/\/apuntesdesanluis.com\/wp-content\/uploads\/2023\/07\/cropped-apuntesdesanluis.png","width":450,"height":112,"caption":"apuntesdesanluis.com"},"logo":{"@id":"https:\/\/apuntesdesanluis.com\/#\/schema\/person\/image\/"},"sameAs":["https:\/\/apuntesdesanluis.com"],"url":"https:\/\/apuntesdesanluis.com\/index.php\/author\/apuntesdesanluis-com\/"}]}},"featured_image_urls":{"full":["https:\/\/apuntesdesanluis.com\/wp-content\/uploads\/2024\/05\/Intersindical.jpg",600,352,false],"thumbnail":["https:\/\/apuntesdesanluis.com\/wp-content\/uploads\/2024\/05\/Intersindical-150x150.jpg",150,150,true],"medium":["https:\/\/apuntesdesanluis.com\/wp-content\/uploads\/2024\/05\/Intersindical-300x176.jpg",300,176,true],"medium_large":["https:\/\/apuntesdesanluis.com\/wp-content\/uploads\/2024\/05\/Intersindical.jpg",600,352,false],"large":["https:\/\/apuntesdesanluis.com\/wp-content\/uploads\/2024\/05\/Intersindical.jpg",600,352,false],"1536x1536":["https:\/\/apuntesdesanluis.com\/wp-content\/uploads\/2024\/05\/Intersindical.jpg",600,352,false],"2048x2048":["https:\/\/apuntesdesanluis.com\/wp-content\/uploads\/2024\/05\/Intersindical.jpg",600,352,false],"newsever-slider-full":["https:\/\/apuntesdesanluis.com\/wp-content\/uploads\/2024\/05\/Intersindical.jpg",600,352,false],"newsever-featured":["https:\/\/apuntesdesanluis.com\/wp-content\/uploads\/2024\/05\/Intersindical.jpg",600,352,false],"newsever-medium":["https:\/\/apuntesdesanluis.com\/wp-content\/uploads\/2024\/05\/Intersindical.jpg",600,352,false]},"author_info":{"display_name":"apuntesdesanluis.com","author_link":"https:\/\/apuntesdesanluis.com\/index.php\/author\/apuntesdesanluis-com\/"},"category_info":"<a href=\"https:\/\/apuntesdesanluis.com\/index.php\/category\/ciudad-provincia\/\" rel=\"category tag\">Ciudad\/Provincia<\/a>","tag_info":"Ciudad\/Provincia","comment_count":"0","_links":{"self":[{"href":"https:\/\/apuntesdesanluis.com\/index.php\/wp-json\/wp\/v2\/posts\/15823","targetHints":{"allow":["GET"]}}],"collection":[{"href":"https:\/\/apuntesdesanluis.com\/index.php\/wp-json\/wp\/v2\/posts"}],"about":[{"href":"https:\/\/apuntesdesanluis.com\/index.php\/wp-json\/wp\/v2\/types\/post"}],"author":[{"embeddable":true,"href":"https:\/\/apuntesdesanluis.com\/index.php\/wp-json\/wp\/v2\/users\/1"}],"replies":[{"embeddable":true,"href":"https:\/\/apuntesdesanluis.com\/index.php\/wp-json\/wp\/v2\/comments?post=15823"}],"version-history":[{"count":1,"href":"https:\/\/apuntesdesanluis.com\/index.php\/wp-json\/wp\/v2\/posts\/15823\/revisions"}],"predecessor-version":[{"id":15826,"href":"https:\/\/apuntesdesanluis.com\/index.php\/wp-json\/wp\/v2\/posts\/15823\/revisions\/15826"}],"wp:featuredmedia":[{"embeddable":true,"href":"https:\/\/apuntesdesanluis.com\/index.php\/wp-json\/wp\/v2\/media\/15825"}],"wp:attachment":[{"href":"https:\/\/apuntesdesanluis.com\/index.php\/wp-json\/wp\/v2\/media?parent=15823"}],"wp:term":[{"taxonomy":"category","embeddable":true,"href":"https:\/\/apuntesdesanluis.com\/index.php\/wp-json\/wp\/v2\/categories?post=15823"},{"taxonomy":"post_tag","embeddable":true,"href":"https:\/\/apuntesdesanluis.com\/index.php\/wp-json\/wp\/v2\/tags?post=15823"}],"curies":[{"name":"wp","href":"https:\/\/api.w.org\/{rel}","templated":true}]}}