{"id":15827,"date":"2024-05-08T19:51:41","date_gmt":"2024-05-08T22:51:41","guid":{"rendered":"https:\/\/apuntesdesanluis.com\/?p=15827"},"modified":"2024-05-08T19:53:00","modified_gmt":"2024-05-08T22:53:00","slug":"docentes-y-nocentes-de-la-unvime-comunicaron-que-se-pliegan-al-paro","status":"publish","type":"post","link":"https:\/\/apuntesdesanluis.com\/index.php\/2024\/05\/08\/docentes-y-nocentes-de-la-unvime-comunicaron-que-se-pliegan-al-paro\/","title":{"rendered":"DOCENTES Y NOCENTES DE LA UNVIME COMUNICARON QUE SE PLIEGAN AL PARO"},"content":{"rendered":"<h3>La <strong>Asociaci\u00f3n de Docentes e Investigadores de la Universidad Nacional de Villa Mercedes<\/strong> indic\u00f3 a trav\u00e9s de un pronunciamiento su adhesi\u00f3n al paro general dispuesto por la CGT para este jueves.<\/h3>\n<h3>\u201cADOI-UNViMe, organizaci\u00f3n de base de CONADU, adhiere al paro sin asistencia a los lugares de trabajo en el marco del Paro Nacional del d\u00eda 9 de Mayo convocado por todas las centrales sindicales del pa\u00eds, en repudio de las medidas del gobierno nacional que nos traen un brutal ataque a la clase trabajadora, paritarias docentes libres, aumento de presupuesto para las universidades. salario digno y restituci\u00f3n del FONID\u201d.<\/h3>\n<p><img fetchpriority=\"high\" decoding=\"async\" class=\"wp-image-15828 aligncenter\" src=\"https:\/\/apuntesdesanluis.com\/wp-content\/uploads\/2024\/05\/ADOI-PARA-237x300.jpg\" alt=\"\" width=\"504\" height=\"638\" srcset=\"https:\/\/apuntesdesanluis.com\/wp-content\/uploads\/2024\/05\/ADOI-PARA-237x300.jpg 237w, https:\/\/apuntesdesanluis.com\/wp-content\/uploads\/2024\/05\/ADOI-PARA.jpg 600w\" sizes=\"(max-width: 504px) 100vw, 504px\" \/><\/p>\n<h3>El gremio que conduce el ing. Arnoldo Pucci evalu\u00f3 que seguramente la medida tendr\u00e1 un elevado acatamiento del sector docente, &#8220;teniendo en cuenta que adem\u00e1s de las razones de orden general que motivaron la adpci\u00f3n de esta medida de fuerza, los trabajadores de la educaci\u00f3n hemos sufrido una p\u00e9rdida superior al 50% en nuestro poder adquisitivo, que colocan a buena parte por debajo de la l\u00ednea de pobreza&#8221;.<\/h3>\n<h3>Por su parte la <strong>Federaci\u00f3n Nacional de Trabajadores de Universidades Nacionales<\/strong> (FATUN) y su gremio de base &#8211; <strong>SiTUNViMe &#8211;<\/strong>tambi\u00e9n adelant\u00f3 su adhesi\u00f3n a la huelga, sin asistencia a los lugares de trabajo.<\/h3>\n<p><img decoding=\"async\" class=\"wp-image-15830 aligncenter\" src=\"https:\/\/apuntesdesanluis.com\/wp-content\/uploads\/2024\/05\/FATUN-300x300.jpg\" alt=\"\" width=\"499\" height=\"499\" srcset=\"https:\/\/apuntesdesanluis.com\/wp-content\/uploads\/2024\/05\/FATUN-300x300.jpg 300w, https:\/\/apuntesdesanluis.com\/wp-content\/uploads\/2024\/05\/FATUN-150x150.jpg 150w, https:\/\/apuntesdesanluis.com\/wp-content\/uploads\/2024\/05\/FATUN.jpg 600w\" sizes=\"(max-width: 499px) 100vw, 499px\" \/><\/p>\n<p>&nbsp;<\/p>\n<p>&nbsp;<\/p>\n<p>&nbsp;<\/p>\n","protected":false},"excerpt":{"rendered":"<p>La Asociaci\u00f3n de Docentes e Investigadores de la Universidad Nacional de Villa Mercedes indic\u00f3 a&#8230;<\/p>\n","protected":false},"author":1,"featured_media":15829,"comment_status":"closed","ping_status":"closed","sticky":false,"template":"","format":"standard","meta":{"footnotes":""},"categories":[6],"tags":[],"class_list":["post-15827","post","type-post","status-publish","format-standard","has-post-thumbnail","hentry","category-ciudad-provincia"],"yoast_head":"<!-- This site is optimized with the Yoast SEO plugin v26.1.1 - https:\/\/yoast.com\/wordpress\/plugins\/seo\/ -->\n<title>DOCENTES Y NOCENTES DE LA UNVIME COMUNICARON QUE SE PLIEGAN AL PARO - Apuntes de San Luis<\/title>\n<meta name=\"robots\" content=\"index, follow, max-snippet:-1, max-image-preview:large, max-video-preview:-1\" \/>\n<link rel=\"canonical\" href=\"https:\/\/apuntesdesanluis.com\/index.php\/2024\/05\/08\/docentes-y-nocentes-de-la-unvime-comunicaron-que-se-pliegan-al-paro\/\" \/>\n<meta property=\"og:locale\" content=\"es_ES\" \/>\n<meta property=\"og:type\" content=\"article\" \/>\n<meta property=\"og:title\" content=\"DOCENTES Y NOCENTES DE LA UNVIME COMUNICARON QUE SE PLIEGAN AL PARO - Apuntes de San Luis\" \/>\n<meta property=\"og:description\" content=\"La Asociaci\u00f3n de Docentes e Investigadores de la Universidad Nacional de Villa Mercedes indic\u00f3 a...\" \/>\n<meta property=\"og:url\" content=\"https:\/\/apuntesdesanluis.com\/index.php\/2024\/05\/08\/docentes-y-nocentes-de-la-unvime-comunicaron-que-se-pliegan-al-paro\/\" \/>\n<meta property=\"og:site_name\" content=\"Apuntes de San Luis\" \/>\n<meta property=\"article:published_time\" content=\"2024-05-08T22:51:41+00:00\" \/>\n<meta property=\"article:modified_time\" content=\"2024-05-08T22:53:00+00:00\" \/>\n<meta property=\"og:image\" content=\"https:\/\/apuntesdesanluis.com\/wp-content\/uploads\/2024\/05\/PARO-ADOI.jpg\" \/>\n\t<meta property=\"og:image:width\" content=\"595\" \/>\n\t<meta property=\"og:image:height\" content=\"396\" \/>\n\t<meta property=\"og:image:type\" content=\"image\/jpeg\" \/>\n<meta name=\"author\" content=\"apuntesdesanluis.com\" \/>\n<meta name=\"twitter:card\" content=\"summary_large_image\" \/>\n<meta name=\"twitter:label1\" content=\"Escrito por\" \/>\n\t<meta name=\"twitter:data1\" content=\"apuntesdesanluis.com\" \/>\n\t<meta name=\"twitter:label2\" content=\"Tiempo de lectura\" \/>\n\t<meta name=\"twitter:data2\" content=\"2 minutos\" \/>\n<script type=\"application\/ld+json\" class=\"yoast-schema-graph\">{\"@context\":\"https:\/\/schema.org\",\"@graph\":[{\"@type\":\"Article\",\"@id\":\"https:\/\/apuntesdesanluis.com\/index.php\/2024\/05\/08\/docentes-y-nocentes-de-la-unvime-comunicaron-que-se-pliegan-al-paro\/#article\",\"isPartOf\":{\"@id\":\"https:\/\/apuntesdesanluis.com\/index.php\/2024\/05\/08\/docentes-y-nocentes-de-la-unvime-comunicaron-que-se-pliegan-al-paro\/\"},\"author\":{\"name\":\"apuntesdesanluis.com\",\"@id\":\"https:\/\/apuntesdesanluis.com\/#\/schema\/person\/b55151d52296fcce64d1a72538a70b90\"},\"headline\":\"DOCENTES Y NOCENTES DE LA UNVIME COMUNICARON QUE SE PLIEGAN AL PARO\",\"datePublished\":\"2024-05-08T22:51:41+00:00\",\"dateModified\":\"2024-05-08T22:53:00+00:00\",\"mainEntityOfPage\":{\"@id\":\"https:\/\/apuntesdesanluis.com\/index.php\/2024\/05\/08\/docentes-y-nocentes-de-la-unvime-comunicaron-que-se-pliegan-al-paro\/\"},\"wordCount\":228,\"publisher\":{\"@id\":\"https:\/\/apuntesdesanluis.com\/#\/schema\/person\/b55151d52296fcce64d1a72538a70b90\"},\"image\":{\"@id\":\"https:\/\/apuntesdesanluis.com\/index.php\/2024\/05\/08\/docentes-y-nocentes-de-la-unvime-comunicaron-que-se-pliegan-al-paro\/#primaryimage\"},\"thumbnailUrl\":\"https:\/\/apuntesdesanluis.com\/wp-content\/uploads\/2024\/05\/PARO-ADOI.jpg\",\"articleSection\":[\"Ciudad\/Provincia\"],\"inLanguage\":\"es-AR\"},{\"@type\":\"WebPage\",\"@id\":\"https:\/\/apuntesdesanluis.com\/index.php\/2024\/05\/08\/docentes-y-nocentes-de-la-unvime-comunicaron-que-se-pliegan-al-paro\/\",\"url\":\"https:\/\/apuntesdesanluis.com\/index.php\/2024\/05\/08\/docentes-y-nocentes-de-la-unvime-comunicaron-que-se-pliegan-al-paro\/\",\"name\":\"DOCENTES Y NOCENTES DE LA UNVIME COMUNICARON QUE SE PLIEGAN AL PARO - Apuntes de San Luis\",\"isPartOf\":{\"@id\":\"https:\/\/apuntesdesanluis.com\/#website\"},\"primaryImageOfPage\":{\"@id\":\"https:\/\/apuntesdesanluis.com\/index.php\/2024\/05\/08\/docentes-y-nocentes-de-la-unvime-comunicaron-que-se-pliegan-al-paro\/#primaryimage\"},\"image\":{\"@id\":\"https:\/\/apuntesdesanluis.com\/index.php\/2024\/05\/08\/docentes-y-nocentes-de-la-unvime-comunicaron-que-se-pliegan-al-paro\/#primaryimage\"},\"thumbnailUrl\":\"https:\/\/apuntesdesanluis.com\/wp-content\/uploads\/2024\/05\/PARO-ADOI.jpg\",\"datePublished\":\"2024-05-08T22:51:41+00:00\",\"dateModified\":\"2024-05-08T22:53:00+00:00\",\"breadcrumb\":{\"@id\":\"https:\/\/apuntesdesanluis.com\/index.php\/2024\/05\/08\/docentes-y-nocentes-de-la-unvime-comunicaron-que-se-pliegan-al-paro\/#breadcrumb\"},\"inLanguage\":\"es-AR\",\"potentialAction\":[{\"@type\":\"ReadAction\",\"target\":[\"https:\/\/apuntesdesanluis.com\/index.php\/2024\/05\/08\/docentes-y-nocentes-de-la-unvime-comunicaron-que-se-pliegan-al-paro\/\"]}]},{\"@type\":\"ImageObject\",\"inLanguage\":\"es-AR\",\"@id\":\"https:\/\/apuntesdesanluis.com\/index.php\/2024\/05\/08\/docentes-y-nocentes-de-la-unvime-comunicaron-que-se-pliegan-al-paro\/#primaryimage\",\"url\":\"https:\/\/apuntesdesanluis.com\/wp-content\/uploads\/2024\/05\/PARO-ADOI.jpg\",\"contentUrl\":\"https:\/\/apuntesdesanluis.com\/wp-content\/uploads\/2024\/05\/PARO-ADOI.jpg\",\"width\":595,\"height\":396},{\"@type\":\"BreadcrumbList\",\"@id\":\"https:\/\/apuntesdesanluis.com\/index.php\/2024\/05\/08\/docentes-y-nocentes-de-la-unvime-comunicaron-que-se-pliegan-al-paro\/#breadcrumb\",\"itemListElement\":[{\"@type\":\"ListItem\",\"position\":1,\"name\":\"Inicio\",\"item\":\"https:\/\/apuntesdesanluis.com\/\"},{\"@type\":\"ListItem\",\"position\":2,\"name\":\"DOCENTES Y NOCENTES DE LA UNVIME COMUNICARON QUE SE PLIEGAN AL PARO\"}]},{\"@type\":\"WebSite\",\"@id\":\"https:\/\/apuntesdesanluis.com\/#website\",\"url\":\"https:\/\/apuntesdesanluis.com\/\",\"name\":\"Apuntes de San Luis\",\"description\":\"\",\"publisher\":{\"@id\":\"https:\/\/apuntesdesanluis.com\/#\/schema\/person\/b55151d52296fcce64d1a72538a70b90\"},\"potentialAction\":[{\"@type\":\"SearchAction\",\"target\":{\"@type\":\"EntryPoint\",\"urlTemplate\":\"https:\/\/apuntesdesanluis.com\/?s={search_term_string}\"},\"query-input\":{\"@type\":\"PropertyValueSpecification\",\"valueRequired\":true,\"valueName\":\"search_term_string\"}}],\"inLanguage\":\"es-AR\"},{\"@type\":[\"Person\",\"Organization\"],\"@id\":\"https:\/\/apuntesdesanluis.com\/#\/schema\/person\/b55151d52296fcce64d1a72538a70b90\",\"name\":\"apuntesdesanluis.com\",\"image\":{\"@type\":\"ImageObject\",\"inLanguage\":\"es-AR\",\"@id\":\"https:\/\/apuntesdesanluis.com\/#\/schema\/person\/image\/\",\"url\":\"https:\/\/apuntesdesanluis.com\/wp-content\/uploads\/2023\/07\/cropped-apuntesdesanluis.png\",\"contentUrl\":\"https:\/\/apuntesdesanluis.com\/wp-content\/uploads\/2023\/07\/cropped-apuntesdesanluis.png\",\"width\":450,\"height\":112,\"caption\":\"apuntesdesanluis.com\"},\"logo\":{\"@id\":\"https:\/\/apuntesdesanluis.com\/#\/schema\/person\/image\/\"},\"sameAs\":[\"https:\/\/apuntesdesanluis.com\"],\"url\":\"https:\/\/apuntesdesanluis.com\/index.php\/author\/apuntesdesanluis-com\/\"}]}<\/script>\n<!-- \/ Yoast SEO plugin. -->","yoast_head_json":{"title":"DOCENTES Y NOCENTES DE LA UNVIME COMUNICARON QUE SE PLIEGAN AL PARO - Apuntes de San Luis","robots":{"index":"index","follow":"follow","max-snippet":"max-snippet:-1","max-image-preview":"max-image-preview:large","max-video-preview":"max-video-preview:-1"},"canonical":"https:\/\/apuntesdesanluis.com\/index.php\/2024\/05\/08\/docentes-y-nocentes-de-la-unvime-comunicaron-que-se-pliegan-al-paro\/","og_locale":"es_ES","og_type":"article","og_title":"DOCENTES Y NOCENTES DE LA UNVIME COMUNICARON QUE SE PLIEGAN AL PARO - Apuntes de San Luis","og_description":"La Asociaci\u00f3n de Docentes e Investigadores de la Universidad Nacional de Villa Mercedes indic\u00f3 a...","og_url":"https:\/\/apuntesdesanluis.com\/index.php\/2024\/05\/08\/docentes-y-nocentes-de-la-unvime-comunicaron-que-se-pliegan-al-paro\/","og_site_name":"Apuntes de San Luis","article_published_time":"2024-05-08T22:51:41+00:00","article_modified_time":"2024-05-08T22:53:00+00:00","og_image":[{"width":595,"height":396,"url":"https:\/\/apuntesdesanluis.com\/wp-content\/uploads\/2024\/05\/PARO-ADOI.jpg","type":"image\/jpeg"}],"author":"apuntesdesanluis.com","twitter_card":"summary_large_image","twitter_misc":{"Escrito por":"apuntesdesanluis.com","Tiempo de lectura":"2 minutos"},"schema":{"@context":"https:\/\/schema.org","@graph":[{"@type":"Article","@id":"https:\/\/apuntesdesanluis.com\/index.php\/2024\/05\/08\/docentes-y-nocentes-de-la-unvime-comunicaron-que-se-pliegan-al-paro\/#article","isPartOf":{"@id":"https:\/\/apuntesdesanluis.com\/index.php\/2024\/05\/08\/docentes-y-nocentes-de-la-unvime-comunicaron-que-se-pliegan-al-paro\/"},"author":{"name":"apuntesdesanluis.com","@id":"https:\/\/apuntesdesanluis.com\/#\/schema\/person\/b55151d52296fcce64d1a72538a70b90"},"headline":"DOCENTES Y NOCENTES DE LA UNVIME COMUNICARON QUE SE PLIEGAN AL PARO","datePublished":"2024-05-08T22:51:41+00:00","dateModified":"2024-05-08T22:53:00+00:00","mainEntityOfPage":{"@id":"https:\/\/apuntesdesanluis.com\/index.php\/2024\/05\/08\/docentes-y-nocentes-de-la-unvime-comunicaron-que-se-pliegan-al-paro\/"},"wordCount":228,"publisher":{"@id":"https:\/\/apuntesdesanluis.com\/#\/schema\/person\/b55151d52296fcce64d1a72538a70b90"},"image":{"@id":"https:\/\/apuntesdesanluis.com\/index.php\/2024\/05\/08\/docentes-y-nocentes-de-la-unvime-comunicaron-que-se-pliegan-al-paro\/#primaryimage"},"thumbnailUrl":"https:\/\/apuntesdesanluis.com\/wp-content\/uploads\/2024\/05\/PARO-ADOI.jpg","articleSection":["Ciudad\/Provincia"],"inLanguage":"es-AR"},{"@type":"WebPage","@id":"https:\/\/apuntesdesanluis.com\/index.php\/2024\/05\/08\/docentes-y-nocentes-de-la-unvime-comunicaron-que-se-pliegan-al-paro\/","url":"https:\/\/apuntesdesanluis.com\/index.php\/2024\/05\/08\/docentes-y-nocentes-de-la-unvime-comunicaron-que-se-pliegan-al-paro\/","name":"DOCENTES Y NOCENTES DE LA UNVIME COMUNICARON QUE SE PLIEGAN AL PARO - Apuntes de San Luis","isPartOf":{"@id":"https:\/\/apuntesdesanluis.com\/#website"},"primaryImageOfPage":{"@id":"https:\/\/apuntesdesanluis.com\/index.php\/2024\/05\/08\/docentes-y-nocentes-de-la-unvime-comunicaron-que-se-pliegan-al-paro\/#primaryimage"},"image":{"@id":"https:\/\/apuntesdesanluis.com\/index.php\/2024\/05\/08\/docentes-y-nocentes-de-la-unvime-comunicaron-que-se-pliegan-al-paro\/#primaryimage"},"thumbnailUrl":"https:\/\/apuntesdesanluis.com\/wp-content\/uploads\/2024\/05\/PARO-ADOI.jpg","datePublished":"2024-05-08T22:51:41+00:00","dateModified":"2024-05-08T22:53:00+00:00","breadcrumb":{"@id":"https:\/\/apuntesdesanluis.com\/index.php\/2024\/05\/08\/docentes-y-nocentes-de-la-unvime-comunicaron-que-se-pliegan-al-paro\/#breadcrumb"},"inLanguage":"es-AR","potentialAction":[{"@type":"ReadAction","target":["https:\/\/apuntesdesanluis.com\/index.php\/2024\/05\/08\/docentes-y-nocentes-de-la-unvime-comunicaron-que-se-pliegan-al-paro\/"]}]},{"@type":"ImageObject","inLanguage":"es-AR","@id":"https:\/\/apuntesdesanluis.com\/index.php\/2024\/05\/08\/docentes-y-nocentes-de-la-unvime-comunicaron-que-se-pliegan-al-paro\/#primaryimage","url":"https:\/\/apuntesdesanluis.com\/wp-content\/uploads\/2024\/05\/PARO-ADOI.jpg","contentUrl":"https:\/\/apuntesdesanluis.com\/wp-content\/uploads\/2024\/05\/PARO-ADOI.jpg","width":595,"height":396},{"@type":"BreadcrumbList","@id":"https:\/\/apuntesdesanluis.com\/index.php\/2024\/05\/08\/docentes-y-nocentes-de-la-unvime-comunicaron-que-se-pliegan-al-paro\/#breadcrumb","itemListElement":[{"@type":"ListItem","position":1,"name":"Inicio","item":"https:\/\/apuntesdesanluis.com\/"},{"@type":"ListItem","position":2,"name":"DOCENTES Y NOCENTES DE LA UNVIME COMUNICARON QUE SE PLIEGAN AL PARO"}]},{"@type":"WebSite","@id":"https:\/\/apuntesdesanluis.com\/#website","url":"https:\/\/apuntesdesanluis.com\/","name":"Apuntes de San Luis","description":"","publisher":{"@id":"https:\/\/apuntesdesanluis.com\/#\/schema\/person\/b55151d52296fcce64d1a72538a70b90"},"potentialAction":[{"@type":"SearchAction","target":{"@type":"EntryPoint","urlTemplate":"https:\/\/apuntesdesanluis.com\/?s={search_term_string}"},"query-input":{"@type":"PropertyValueSpecification","valueRequired":true,"valueName":"search_term_string"}}],"inLanguage":"es-AR"},{"@type":["Person","Organization"],"@id":"https:\/\/apuntesdesanluis.com\/#\/schema\/person\/b55151d52296fcce64d1a72538a70b90","name":"apuntesdesanluis.com","image":{"@type":"ImageObject","inLanguage":"es-AR","@id":"https:\/\/apuntesdesanluis.com\/#\/schema\/person\/image\/","url":"https:\/\/apuntesdesanluis.com\/wp-content\/uploads\/2023\/07\/cropped-apuntesdesanluis.png","contentUrl":"https:\/\/apuntesdesanluis.com\/wp-content\/uploads\/2023\/07\/cropped-apuntesdesanluis.png","width":450,"height":112,"caption":"apuntesdesanluis.com"},"logo":{"@id":"https:\/\/apuntesdesanluis.com\/#\/schema\/person\/image\/"},"sameAs":["https:\/\/apuntesdesanluis.com"],"url":"https:\/\/apuntesdesanluis.com\/index.php\/author\/apuntesdesanluis-com\/"}]}},"featured_image_urls":{"full":["https:\/\/apuntesdesanluis.com\/wp-content\/uploads\/2024\/05\/PARO-ADOI.jpg",595,396,false],"thumbnail":["https:\/\/apuntesdesanluis.com\/wp-content\/uploads\/2024\/05\/PARO-ADOI-150x150.jpg",150,150,true],"medium":["https:\/\/apuntesdesanluis.com\/wp-content\/uploads\/2024\/05\/PARO-ADOI-300x200.jpg",300,200,true],"medium_large":["https:\/\/apuntesdesanluis.com\/wp-content\/uploads\/2024\/05\/PARO-ADOI.jpg",595,396,false],"large":["https:\/\/apuntesdesanluis.com\/wp-content\/uploads\/2024\/05\/PARO-ADOI.jpg",595,396,false],"1536x1536":["https:\/\/apuntesdesanluis.com\/wp-content\/uploads\/2024\/05\/PARO-ADOI.jpg",595,396,false],"2048x2048":["https:\/\/apuntesdesanluis.com\/wp-content\/uploads\/2024\/05\/PARO-ADOI.jpg",595,396,false],"newsever-slider-full":["https:\/\/apuntesdesanluis.com\/wp-content\/uploads\/2024\/05\/PARO-ADOI.jpg",595,396,false],"newsever-featured":["https:\/\/apuntesdesanluis.com\/wp-content\/uploads\/2024\/05\/PARO-ADOI.jpg",595,396,false],"newsever-medium":["https:\/\/apuntesdesanluis.com\/wp-content\/uploads\/2024\/05\/PARO-ADOI.jpg",595,396,false]},"author_info":{"display_name":"apuntesdesanluis.com","author_link":"https:\/\/apuntesdesanluis.com\/index.php\/author\/apuntesdesanluis-com\/"},"category_info":"<a href=\"https:\/\/apuntesdesanluis.com\/index.php\/category\/ciudad-provincia\/\" rel=\"category tag\">Ciudad\/Provincia<\/a>","tag_info":"Ciudad\/Provincia","comment_count":"0","_links":{"self":[{"href":"https:\/\/apuntesdesanluis.com\/index.php\/wp-json\/wp\/v2\/posts\/15827","targetHints":{"allow":["GET"]}}],"collection":[{"href":"https:\/\/apuntesdesanluis.com\/index.php\/wp-json\/wp\/v2\/posts"}],"about":[{"href":"https:\/\/apuntesdesanluis.com\/index.php\/wp-json\/wp\/v2\/types\/post"}],"author":[{"embeddable":true,"href":"https:\/\/apuntesdesanluis.com\/index.php\/wp-json\/wp\/v2\/users\/1"}],"replies":[{"embeddable":true,"href":"https:\/\/apuntesdesanluis.com\/index.php\/wp-json\/wp\/v2\/comments?post=15827"}],"version-history":[{"count":3,"href":"https:\/\/apuntesdesanluis.com\/index.php\/wp-json\/wp\/v2\/posts\/15827\/revisions"}],"predecessor-version":[{"id":15833,"href":"https:\/\/apuntesdesanluis.com\/index.php\/wp-json\/wp\/v2\/posts\/15827\/revisions\/15833"}],"wp:featuredmedia":[{"embeddable":true,"href":"https:\/\/apuntesdesanluis.com\/index.php\/wp-json\/wp\/v2\/media\/15829"}],"wp:attachment":[{"href":"https:\/\/apuntesdesanluis.com\/index.php\/wp-json\/wp\/v2\/media?parent=15827"}],"wp:term":[{"taxonomy":"category","embeddable":true,"href":"https:\/\/apuntesdesanluis.com\/index.php\/wp-json\/wp\/v2\/categories?post=15827"},{"taxonomy":"post_tag","embeddable":true,"href":"https:\/\/apuntesdesanluis.com\/index.php\/wp-json\/wp\/v2\/tags?post=15827"}],"curies":[{"name":"wp","href":"https:\/\/api.w.org\/{rel}","templated":true}]}}