{"id":15834,"date":"2024-05-08T22:27:44","date_gmt":"2024-05-09T01:27:44","guid":{"rendered":"https:\/\/apuntesdesanluis.com\/?p=15834"},"modified":"2024-05-08T22:27:44","modified_gmt":"2024-05-09T01:27:44","slug":"comenzo-a-deliberar-la-iii-conferencia-de-enlaces-que-se-desarrolla-en-san-luis","status":"publish","type":"post","link":"https:\/\/apuntesdesanluis.com\/index.php\/2024\/05\/08\/comenzo-a-deliberar-la-iii-conferencia-de-enlaces-que-se-desarrolla-en-san-luis\/","title":{"rendered":"COMENZ\u00d3 A DELIBERAR LA III CONFERENCIA DE ENLACES QUE SE DESARROLLA EN SAN LUIS"},"content":{"rendered":"<h3>La ceremonia de apertura se cumpli\u00f3 en el Sal\u00f3n Malvinas Argentinas de Terrazas del Portezuelo de la ciudad de San Luis. Durante la jornada, referentes de 16 pa\u00edses de la regi\u00f3n debatieron acerca del futuro de las universidades y de estos espacios, a trav\u00e9s de una serie de mesas redondas.<\/h3>\n<h3>La mesa acad\u00e9mica estuvo conformada por el gobernador de la Provincia, C.P.N. Claudio Poggi; el director del Instituto Internacional de la UNESCO para la Educaci\u00f3n Superior en Am\u00e9rica Latina y el Caribe (UNESCO IESALC), Dr. Francesc Pedr\u00f3; el presidente del Consejo Directivo de ENLACES, Dr. Oscar Dom\u00ednguez y el rector de la Universidad Nacional de San Luis (UNSL), C.P.N. V\u00edctor Mori\u00f1igo, actual presidente del Consejo Interuniversitario Nacional (CIN) y de la tercera conferencia de ENLACES.<\/h3>\n<p><img fetchpriority=\"high\" decoding=\"async\" class=\"wp-image-15837 aligncenter\" src=\"https:\/\/apuntesdesanluis.com\/wp-content\/uploads\/2024\/05\/ENLACES-279x300.jpg\" alt=\"\" width=\"587\" height=\"631\" srcset=\"https:\/\/apuntesdesanluis.com\/wp-content\/uploads\/2024\/05\/ENLACES-279x300.jpg 279w, https:\/\/apuntesdesanluis.com\/wp-content\/uploads\/2024\/05\/ENLACES.jpg 520w\" sizes=\"(max-width: 587px) 100vw, 587px\" \/><\/p>\n<h3>Como entidad anfitriona de este trascendente encuentro, pronunci\u00f3 palabras de bienvenida el Rector de la UNSL, quien destac\u00f3 este hito hist\u00f3rico en el que San Luis es sede de este evento de gran relevancia.<\/h3>\n<h3>\u00abHoy tengo un gran orgullo de poner a mi querido San Luis en la agenda de la educaci\u00f3n superior mundial. Estamos hoy en el mapa de la educaci\u00f3n superior gracias a que ENLACES vino hoy a visitarnos y de poder ser, al menos por tres (3) d\u00edas, la capital de las discusiones que hoy se llevan adelante aqu\u00ed\u00bb, expres\u00f3 Mori\u00f1igo.<\/h3>\n<h3>De igual manera, el presidente del CIN enfatiz\u00f3 que este hecho permite que, a futuro, San Luis pueda ser para la historia una universidad como la de C\u00f3rdoba, la de Cuba y\/o Cartagena, por las decisiones trascendentales que en este marco se puedan llegar a tomar. Al respecto dijo: \u00abLas acciones de hoy van en consonancia con un encuentro que tuvimos en Brasilia en el 2018 (CRES+5), trabajamos por la integraci\u00f3n regional e interregional\u00bb.<\/h3>\n<h3>El funcionario explic\u00f3 que ENLACES es un espacio de di\u00e1logo y de deliberaci\u00f3n: \u00abDebatimos la dif\u00edcil tarea que tienen las universidades p\u00fablicas de Latinoam\u00e9rica y el Caribe de brindar una universidad comprometida con la gente, que colabore con el buen vivir de la sociedad, que trabaje en temas de agenda p\u00fablica y que colabore con la agenda p\u00fablica de quienes ha elegido la gente, estamos al servicio de la comunidad (..) Tenemos el compromiso de generar egresados, con un alto nivel disciplinar, pero tambi\u00e9n con una \u00e9tica comprometida con el alrededor\u00bb.<\/h3>\n<h3>Frente al contexto actual de Argentina, Mori\u00f1igo manifest\u00f3 que la llegada de los representantes de cada pa\u00eds es oportuna y necesaria. \u00abComo argentinos nunca pensamos tener que estar revalidando t\u00edtulos de la importancia de la universidad para la sociedad. Cada uno de quienes est\u00e1n aqu\u00ed ha expresado un sentido de solidaridad para Argentina y nos ha llegado apoyo de todos los consejos de rectores y rectoras de toda Latinoam\u00e9rica (\u2026) estoy convencido que no hay educaci\u00f3n sin libertad\u00bb.<\/h3>\n<p><img decoding=\"async\" class=\"wp-image-15838 aligncenter\" src=\"https:\/\/apuntesdesanluis.com\/wp-content\/uploads\/2024\/05\/CONF.-ENLACES-PUBLICO-300x161.png\" alt=\"\" width=\"589\" height=\"316\" srcset=\"https:\/\/apuntesdesanluis.com\/wp-content\/uploads\/2024\/05\/CONF.-ENLACES-PUBLICO-300x161.png 300w, https:\/\/apuntesdesanluis.com\/wp-content\/uploads\/2024\/05\/CONF.-ENLACES-PUBLICO.png 600w\" sizes=\"(max-width: 589px) 100vw, 589px\" \/><\/p>\n<h3>Por su parte, el representante del IESALC, instituto internacional perteneciente a la UNESCO, afirm\u00f3 que la UNESCO fue un organismo que colabor\u00f3 en los or\u00edgenes de ENLACES.<\/h3>\n<h3>Francisc Pedr\u00f3 apoy\u00f3 este espacio de intercambio: \u00abENLACES es para la UNESCO la principal voz de la educaci\u00f3n superior en Am\u00e9rica Latina y el Caribe. Este espacio colabora en forjar consensos y ayuda a construir agenda colectiva, con el desaf\u00edo de la cooperaci\u00f3n acad\u00e9mica, en materia de investigaci\u00f3n y movilidad (\u2026) desde el absoluto respeto e independencia, pueden contar con IESALC\u00bb.<\/h3>\n<h3><strong>POGGI<\/strong><\/h3>\n<h3>En este marco, el Gobernador de la Provincia brind\u00f3 una c\u00e1lida bienvenida, agradeci\u00f3 a cada representante y felicit\u00f3 el rol del Rector de la UNSL por su desempe\u00f1o en el posicionamiento de San Luis, a nivel nacional e internacional. Desde este sentir, expres\u00f3: \u00abnuestra Provincia representa un 1% de la poblaci\u00f3n de Argentina, pero es muy pujante. Contamos con tres (3) universidades nacionales. Estamos convencidos que la educaci\u00f3n, el acceso al conocimiento, es el camino. Uno de los puntos que nos hemos propuesto en nuestra gesti\u00f3n es mejorar la articulaci\u00f3n entre los niveles secundarios y el nivel superior\u00bb.<\/h3>\n<p><img decoding=\"async\" class=\"wp-image-15849 aligncenter\" src=\"https:\/\/apuntesdesanluis.com\/wp-content\/uploads\/2024\/05\/poggi-en-enlaces-300x181.png\" alt=\"\" width=\"573\" height=\"346\" srcset=\"https:\/\/apuntesdesanluis.com\/wp-content\/uploads\/2024\/05\/poggi-en-enlaces-300x181.png 300w, https:\/\/apuntesdesanluis.com\/wp-content\/uploads\/2024\/05\/poggi-en-enlaces.png 600w\" sizes=\"(max-width: 573px) 100vw, 573px\" \/><\/p>\n<h3>Este evento culminar\u00e1 este viernes con la elecci\u00f3n de autoridades para el per\u00edodo 2024 \u2013 2026. Asimismo, el presidente del Consejo Directivo de ENLACES, indic\u00f3 que este espacio se gener\u00f3 con el objetivo de ser un faro en una regi\u00f3n en la que la educaci\u00f3n es la llave maestra para el desarrollo y la igualdad de oportunidades.<\/h3>\n<h3>Dom\u00ednguez destac\u00f3: \u00abENLACES es la convicci\u00f3n de que juntos podemos alcanzar mayores logros que individualmente, nuestros desaf\u00edos y acciones trascienden las fronteras nacionales y las articulaciones de nuestras organizaciones. Al colaborar, podemos cosechar el fruto de una educaci\u00f3n superior m\u00e1s inclusiva, innovadora y relevante para nuestro tiempo\u00bb.<\/h3>\n<h3>Adem\u00e1s, Dom\u00ednguez contextualiz\u00f3 que en estos \u00faltimos cinco (5) a\u00f1os los pa\u00edses han experimentado grandes tensiones como la pandemia por Covid-19, guerras en diferentes partes del mundo y, particularmente, amenazas en la democracia, que desmejoran las condiciones socioecon\u00f3micas y culturales de nuestras sociedades. Mencion\u00f3 la relevancia de este evento: \u00abesta III Conferencia es un hito crucial porque deliberaremos acerca de la integraci\u00f3n, nuestros contextos nacionales, la investigaci\u00f3n, la equidad en el acceso y permanencia, entre otros\u00bb.<\/h3>\n<h3>En este punto, concluy\u00f3: \u00abNuestro objetivo es claro: forjar un espacio com\u00fan donde la excelencia acad\u00e9mica se enaltezca con la equidad y la diversidad cultural. Queremos construir puentes, no solo discutiremos ideas, sino que actuaremos en pol\u00edticas y programas concretos que impulsen la transformaci\u00f3n, para construir un futuro en el que la educaci\u00f3n sea un motor de justicia social y desarrollo sostenible en Am\u00e9rica Latina\u00bb.<\/h3>\n<h3>Entre otras personalidades, participa de estas deliberaciones <strong>Piera Fern\u00e1ndez<\/strong>, presidenta de la Federaci\u00f3n Universitaria Argentina (FUA), que proviene de la Universidad Nacional de R\u00edo Cuarto.<\/h3>\n<p><img loading=\"lazy\" decoding=\"async\" class=\"wp-image-15839 aligncenter\" src=\"https:\/\/apuntesdesanluis.com\/wp-content\/uploads\/2024\/05\/VICTOR-MORINIGO-300x180.jpg\" alt=\"\" width=\"488\" height=\"293\" srcset=\"https:\/\/apuntesdesanluis.com\/wp-content\/uploads\/2024\/05\/VICTOR-MORINIGO-300x180.jpg 300w, https:\/\/apuntesdesanluis.com\/wp-content\/uploads\/2024\/05\/VICTOR-MORINIGO.jpg 600w\" sizes=\"(max-width: 488px) 100vw, 488px\" \/><\/p>\n<!--[if lt IE 9]><script>document.createElement('audio');<\/script><![endif]-->\n\t<div class=\"wp-playlist wp-audio-playlist wp-playlist-light\">\n\t\t\t<div class=\"wp-playlist-current-item\"><\/div>\n\t\t<audio controls=\"controls\" preload=\"none\" width=\"618\"\n\t\t\t><\/audio>\n\t<div class=\"wp-playlist-next\"><\/div>\n\t<div class=\"wp-playlist-prev\"><\/div>\n\t<noscript>\n\t<ol>\n\t\t<li><a href='https:\/\/apuntesdesanluis.com\/wp-content\/uploads\/2024\/05\/Rector-Victor-Morinigo-Congreso.mp3'>Rector Victor Mori\u00f1igo - Congreso<\/a><\/li>\t<\/ol>\n\t<\/noscript>\n\t<script type=\"application\/json\" class=\"wp-playlist-script\">{\"type\":\"audio\",\"tracklist\":true,\"tracknumbers\":true,\"images\":true,\"artists\":true,\"tracks\":[{\"src\":\"https:\\\/\\\/apuntesdesanluis.com\\\/wp-content\\\/uploads\\\/2024\\\/05\\\/Rector-Victor-Morinigo-Congreso.mp3\",\"type\":\"audio\\\/mpeg\",\"title\":\"Rector Victor Mori\\u00f1igo - Congreso\",\"caption\":\"\",\"description\":\"\\\"Rector Victor Mori\\u00f1igo - Congreso\\\". Lanzamiento: 2024. G\\u00e9nero: Otro.\",\"meta\":{\"genre\":\"Otro\",\"year\":\"2024\",\"length_formatted\":\"1:52\"},\"image\":{\"src\":\"https:\\\/\\\/apuntesdesanluis.com\\\/wp-includes\\\/images\\\/media\\\/audio.svg\",\"width\":48,\"height\":64},\"thumb\":{\"src\":\"https:\\\/\\\/apuntesdesanluis.com\\\/wp-includes\\\/images\\\/media\\\/audio.svg\",\"width\":48,\"height\":64}}]}<\/script>\n<\/div>\n\t\n<p><img loading=\"lazy\" decoding=\"async\" class=\"wp-image-15841 aligncenter\" src=\"https:\/\/apuntesdesanluis.com\/wp-content\/uploads\/2024\/05\/d50fe31c-a65e-4437-909b-f9d00a21621a-300x184.jpg\" alt=\"\" width=\"496\" height=\"304\" srcset=\"https:\/\/apuntesdesanluis.com\/wp-content\/uploads\/2024\/05\/d50fe31c-a65e-4437-909b-f9d00a21621a-300x184.jpg 300w, https:\/\/apuntesdesanluis.com\/wp-content\/uploads\/2024\/05\/d50fe31c-a65e-4437-909b-f9d00a21621a.jpg 600w\" sizes=\"(max-width: 496px) 100vw, 496px\" \/><\/p>\n<p>&nbsp;<\/p>\n<div class=\"wp-playlist wp-audio-playlist wp-playlist-light\">\n\t\t\t<div class=\"wp-playlist-current-item\"><\/div>\n\t\t<audio controls=\"controls\" preload=\"none\" width=\"618\"\n\t\t\t><\/audio>\n\t<div class=\"wp-playlist-next\"><\/div>\n\t<div class=\"wp-playlist-prev\"><\/div>\n\t<noscript>\n\t<ol>\n\t\t<li><a href='https:\/\/apuntesdesanluis.com\/wp-content\/uploads\/2024\/05\/Francis-Pedro.mp3'>Francis Pedr\u00f3<\/a><\/li>\t<\/ol>\n\t<\/noscript>\n\t<script type=\"application\/json\" class=\"wp-playlist-script\">{\"type\":\"audio\",\"tracklist\":true,\"tracknumbers\":true,\"images\":true,\"artists\":true,\"tracks\":[{\"src\":\"https:\\\/\\\/apuntesdesanluis.com\\\/wp-content\\\/uploads\\\/2024\\\/05\\\/Francis-Pedro.mp3\",\"type\":\"audio\\\/mpeg\",\"title\":\"Francis Pedr\\u00f3\",\"caption\":\"\",\"description\":\"\\\"Francis Pedr\\u00f3\\\". G\\u00e9nero: Otro.\",\"meta\":{\"genre\":\"Otro\",\"length_formatted\":\"5:26\"},\"image\":{\"src\":\"https:\\\/\\\/apuntesdesanluis.com\\\/wp-includes\\\/images\\\/media\\\/audio.svg\",\"width\":48,\"height\":64},\"thumb\":{\"src\":\"https:\\\/\\\/apuntesdesanluis.com\\\/wp-includes\\\/images\\\/media\\\/audio.svg\",\"width\":48,\"height\":64}}]}<\/script>\n<\/div>\n\t\n<p><img loading=\"lazy\" decoding=\"async\" class=\"wp-image-15843 aligncenter\" src=\"https:\/\/apuntesdesanluis.com\/wp-content\/uploads\/2024\/05\/poggi-2-300x169.png\" alt=\"\" width=\"506\" height=\"285\" srcset=\"https:\/\/apuntesdesanluis.com\/wp-content\/uploads\/2024\/05\/poggi-2-300x169.png 300w, https:\/\/apuntesdesanluis.com\/wp-content\/uploads\/2024\/05\/poggi-2-768x431.png 768w, https:\/\/apuntesdesanluis.com\/wp-content\/uploads\/2024\/05\/poggi-2.png 778w\" sizes=\"(max-width: 506px) 100vw, 506px\" \/><\/p>\n<!--[if lt IE 9]><script>document.createElement('audio');<\/script><![endif]-->\n<audio class=\"wp-audio-shortcode\" id=\"audio-15834-1\" preload=\"none\" style=\"width: 100%;\" controls=\"controls\"><source type=\"audio\/mpeg\" src=\"https:\/\/apuntesdesanluis.com\/wp-content\/uploads\/2024\/05\/Claudio-Poggi.mp3?_=1\" \/><a href=\"https:\/\/apuntesdesanluis.com\/wp-content\/uploads\/2024\/05\/Claudio-Poggi.mp3\">https:\/\/apuntesdesanluis.com\/wp-content\/uploads\/2024\/05\/Claudio-Poggi.mp3<\/a><\/audio>\n<p><img loading=\"lazy\" decoding=\"async\" class=\"wp-image-15845 aligncenter\" src=\"https:\/\/apuntesdesanluis.com\/wp-content\/uploads\/2024\/05\/agustina-rodriguez-saa-300x194.png\" alt=\"\" width=\"506\" height=\"327\" srcset=\"https:\/\/apuntesdesanluis.com\/wp-content\/uploads\/2024\/05\/agustina-rodriguez-saa-300x194.png 300w, https:\/\/apuntesdesanluis.com\/wp-content\/uploads\/2024\/05\/agustina-rodriguez-saa.png 650w\" sizes=\"(max-width: 506px) 100vw, 506px\" \/><\/p>\n<audio class=\"wp-audio-shortcode\" id=\"audio-15834-2\" preload=\"none\" style=\"width: 100%;\" controls=\"controls\"><source type=\"audio\/mpeg\" src=\"https:\/\/apuntesdesanluis.com\/wp-content\/uploads\/2024\/05\/Agustina-Rodriguez-Saa.mp3?_=2\" \/><a href=\"https:\/\/apuntesdesanluis.com\/wp-content\/uploads\/2024\/05\/Agustina-Rodriguez-Saa.mp3\">https:\/\/apuntesdesanluis.com\/wp-content\/uploads\/2024\/05\/Agustina-Rodriguez-Saa.mp3<\/a><\/audio>\n<p><img loading=\"lazy\" decoding=\"async\" class=\"wp-image-15847 aligncenter\" src=\"https:\/\/apuntesdesanluis.com\/wp-content\/uploads\/2024\/05\/4a7c8147-719d-4fff-b793-8c492d3efa25-300x225.jpg\" alt=\"\" width=\"507\" height=\"380\" srcset=\"https:\/\/apuntesdesanluis.com\/wp-content\/uploads\/2024\/05\/4a7c8147-719d-4fff-b793-8c492d3efa25-300x225.jpg 300w, https:\/\/apuntesdesanluis.com\/wp-content\/uploads\/2024\/05\/4a7c8147-719d-4fff-b793-8c492d3efa25-1024x768.jpg 1024w, https:\/\/apuntesdesanluis.com\/wp-content\/uploads\/2024\/05\/4a7c8147-719d-4fff-b793-8c492d3efa25-768x576.jpg 768w, https:\/\/apuntesdesanluis.com\/wp-content\/uploads\/2024\/05\/4a7c8147-719d-4fff-b793-8c492d3efa25.jpg 1280w\" sizes=\"(max-width: 507px) 100vw, 507px\" \/><\/p>\n<div class=\"wp-playlist wp-audio-playlist wp-playlist-light\">\n\t\t\t<div class=\"wp-playlist-current-item\"><\/div>\n\t\t<audio controls=\"controls\" preload=\"none\" width=\"618\"\n\t\t\t><\/audio>\n\t<div class=\"wp-playlist-next\"><\/div>\n\t<div class=\"wp-playlist-prev\"><\/div>\n\t<noscript>\n\t<ol>\n\t\t<li><a href='https:\/\/apuntesdesanluis.com\/wp-content\/uploads\/2024\/05\/Piera-Fernandez.-Pta.-De-la-FUA.mp3'>Piera Fern\u00e1ndez. Pta. De la FUA<\/a><\/li>\t<\/ol>\n\t<\/noscript>\n\t<script type=\"application\/json\" class=\"wp-playlist-script\">{\"type\":\"audio\",\"tracklist\":true,\"tracknumbers\":true,\"images\":true,\"artists\":true,\"tracks\":[{\"src\":\"https:\\\/\\\/apuntesdesanluis.com\\\/wp-content\\\/uploads\\\/2024\\\/05\\\/Piera-Fernandez.-Pta.-De-la-FUA.mp3\",\"type\":\"audio\\\/mpeg\",\"title\":\"Piera Fern\\u00e1ndez. Pta. De la FUA\",\"caption\":\"\",\"description\":\"\\\"Piera Fern\\u00e1ndez. Pta. De la FUA\\\". G\\u00e9nero: Otro.\",\"meta\":{\"genre\":\"Otro\",\"length_formatted\":\"6:06\"},\"image\":{\"src\":\"https:\\\/\\\/apuntesdesanluis.com\\\/wp-includes\\\/images\\\/media\\\/audio.svg\",\"width\":48,\"height\":64},\"thumb\":{\"src\":\"https:\\\/\\\/apuntesdesanluis.com\\\/wp-includes\\\/images\\\/media\\\/audio.svg\",\"width\":48,\"height\":64}}]}<\/script>\n<\/div>\n\t\n<p>&nbsp;<\/p>\n<p>&nbsp;<\/p>\n<p>&nbsp;<\/p>\n","protected":false},"excerpt":{"rendered":"<p>La ceremonia de apertura se cumpli\u00f3 en el Sal\u00f3n Malvinas Argentinas de Terrazas del Portezuelo&#8230;<\/p>\n","protected":false},"author":1,"featured_media":15836,"comment_status":"closed","ping_status":"closed","sticky":false,"template":"","format":"standard","meta":{"footnotes":""},"categories":[6],"tags":[],"class_list":["post-15834","post","type-post","status-publish","format-standard","has-post-thumbnail","hentry","category-ciudad-provincia"],"yoast_head":"<!-- This site is optimized with the Yoast SEO plugin v26.1.1 - https:\/\/yoast.com\/wordpress\/plugins\/seo\/ -->\n<title>COMENZ\u00d3 A DELIBERAR LA III CONFERENCIA DE ENLACES QUE SE DESARROLLA EN SAN LUIS - Apuntes de San Luis<\/title>\n<meta name=\"robots\" content=\"index, follow, max-snippet:-1, max-image-preview:large, max-video-preview:-1\" \/>\n<link rel=\"canonical\" href=\"https:\/\/apuntesdesanluis.com\/index.php\/2024\/05\/08\/comenzo-a-deliberar-la-iii-conferencia-de-enlaces-que-se-desarrolla-en-san-luis\/\" \/>\n<meta property=\"og:locale\" content=\"es_ES\" \/>\n<meta property=\"og:type\" content=\"article\" \/>\n<meta property=\"og:title\" content=\"COMENZ\u00d3 A DELIBERAR LA III CONFERENCIA DE ENLACES QUE SE DESARROLLA EN SAN LUIS - Apuntes de San Luis\" \/>\n<meta property=\"og:description\" content=\"La ceremonia de apertura se cumpli\u00f3 en el Sal\u00f3n Malvinas Argentinas de Terrazas del Portezuelo...\" \/>\n<meta property=\"og:url\" content=\"https:\/\/apuntesdesanluis.com\/index.php\/2024\/05\/08\/comenzo-a-deliberar-la-iii-conferencia-de-enlaces-que-se-desarrolla-en-san-luis\/\" \/>\n<meta property=\"og:site_name\" content=\"Apuntes de San Luis\" \/>\n<meta property=\"article:published_time\" content=\"2024-05-09T01:27:44+00:00\" \/>\n<meta property=\"og:image\" content=\"https:\/\/apuntesdesanluis.com\/wp-content\/uploads\/2024\/05\/CONFERENCIA-ENLACES.png\" \/>\n\t<meta property=\"og:image:width\" content=\"977\" \/>\n\t<meta property=\"og:image:height\" content=\"492\" \/>\n\t<meta property=\"og:image:type\" content=\"image\/png\" \/>\n<meta name=\"author\" content=\"apuntesdesanluis.com\" \/>\n<meta name=\"twitter:card\" content=\"summary_large_image\" \/>\n<meta name=\"twitter:label1\" content=\"Escrito por\" \/>\n\t<meta name=\"twitter:data1\" content=\"apuntesdesanluis.com\" \/>\n\t<meta name=\"twitter:label2\" content=\"Tiempo de lectura\" \/>\n\t<meta name=\"twitter:data2\" content=\"6 minutos\" \/>\n<script type=\"application\/ld+json\" class=\"yoast-schema-graph\">{\"@context\":\"https:\/\/schema.org\",\"@graph\":[{\"@type\":\"Article\",\"@id\":\"https:\/\/apuntesdesanluis.com\/index.php\/2024\/05\/08\/comenzo-a-deliberar-la-iii-conferencia-de-enlaces-que-se-desarrolla-en-san-luis\/#article\",\"isPartOf\":{\"@id\":\"https:\/\/apuntesdesanluis.com\/index.php\/2024\/05\/08\/comenzo-a-deliberar-la-iii-conferencia-de-enlaces-que-se-desarrolla-en-san-luis\/\"},\"author\":{\"name\":\"apuntesdesanluis.com\",\"@id\":\"https:\/\/apuntesdesanluis.com\/#\/schema\/person\/b55151d52296fcce64d1a72538a70b90\"},\"headline\":\"COMENZ\u00d3 A DELIBERAR LA III CONFERENCIA DE ENLACES QUE SE DESARROLLA EN SAN LUIS\",\"datePublished\":\"2024-05-09T01:27:44+00:00\",\"mainEntityOfPage\":{\"@id\":\"https:\/\/apuntesdesanluis.com\/index.php\/2024\/05\/08\/comenzo-a-deliberar-la-iii-conferencia-de-enlaces-que-se-desarrolla-en-san-luis\/\"},\"wordCount\":1025,\"publisher\":{\"@id\":\"https:\/\/apuntesdesanluis.com\/#\/schema\/person\/b55151d52296fcce64d1a72538a70b90\"},\"image\":{\"@id\":\"https:\/\/apuntesdesanluis.com\/index.php\/2024\/05\/08\/comenzo-a-deliberar-la-iii-conferencia-de-enlaces-que-se-desarrolla-en-san-luis\/#primaryimage\"},\"thumbnailUrl\":\"https:\/\/apuntesdesanluis.com\/wp-content\/uploads\/2024\/05\/CONFERENCIA-ENLACES.png\",\"articleSection\":[\"Ciudad\/Provincia\"],\"inLanguage\":\"es-AR\"},{\"@type\":\"WebPage\",\"@id\":\"https:\/\/apuntesdesanluis.com\/index.php\/2024\/05\/08\/comenzo-a-deliberar-la-iii-conferencia-de-enlaces-que-se-desarrolla-en-san-luis\/\",\"url\":\"https:\/\/apuntesdesanluis.com\/index.php\/2024\/05\/08\/comenzo-a-deliberar-la-iii-conferencia-de-enlaces-que-se-desarrolla-en-san-luis\/\",\"name\":\"COMENZ\u00d3 A DELIBERAR LA III CONFERENCIA DE ENLACES QUE SE DESARROLLA EN SAN LUIS - Apuntes de San Luis\",\"isPartOf\":{\"@id\":\"https:\/\/apuntesdesanluis.com\/#website\"},\"primaryImageOfPage\":{\"@id\":\"https:\/\/apuntesdesanluis.com\/index.php\/2024\/05\/08\/comenzo-a-deliberar-la-iii-conferencia-de-enlaces-que-se-desarrolla-en-san-luis\/#primaryimage\"},\"image\":{\"@id\":\"https:\/\/apuntesdesanluis.com\/index.php\/2024\/05\/08\/comenzo-a-deliberar-la-iii-conferencia-de-enlaces-que-se-desarrolla-en-san-luis\/#primaryimage\"},\"thumbnailUrl\":\"https:\/\/apuntesdesanluis.com\/wp-content\/uploads\/2024\/05\/CONFERENCIA-ENLACES.png\",\"datePublished\":\"2024-05-09T01:27:44+00:00\",\"breadcrumb\":{\"@id\":\"https:\/\/apuntesdesanluis.com\/index.php\/2024\/05\/08\/comenzo-a-deliberar-la-iii-conferencia-de-enlaces-que-se-desarrolla-en-san-luis\/#breadcrumb\"},\"inLanguage\":\"es-AR\",\"potentialAction\":[{\"@type\":\"ReadAction\",\"target\":[\"https:\/\/apuntesdesanluis.com\/index.php\/2024\/05\/08\/comenzo-a-deliberar-la-iii-conferencia-de-enlaces-que-se-desarrolla-en-san-luis\/\"]}]},{\"@type\":\"ImageObject\",\"inLanguage\":\"es-AR\",\"@id\":\"https:\/\/apuntesdesanluis.com\/index.php\/2024\/05\/08\/comenzo-a-deliberar-la-iii-conferencia-de-enlaces-que-se-desarrolla-en-san-luis\/#primaryimage\",\"url\":\"https:\/\/apuntesdesanluis.com\/wp-content\/uploads\/2024\/05\/CONFERENCIA-ENLACES.png\",\"contentUrl\":\"https:\/\/apuntesdesanluis.com\/wp-content\/uploads\/2024\/05\/CONFERENCIA-ENLACES.png\",\"width\":977,\"height\":492},{\"@type\":\"BreadcrumbList\",\"@id\":\"https:\/\/apuntesdesanluis.com\/index.php\/2024\/05\/08\/comenzo-a-deliberar-la-iii-conferencia-de-enlaces-que-se-desarrolla-en-san-luis\/#breadcrumb\",\"itemListElement\":[{\"@type\":\"ListItem\",\"position\":1,\"name\":\"Inicio\",\"item\":\"https:\/\/apuntesdesanluis.com\/\"},{\"@type\":\"ListItem\",\"position\":2,\"name\":\"COMENZ\u00d3 A DELIBERAR LA III CONFERENCIA DE ENLACES QUE SE DESARROLLA EN SAN LUIS\"}]},{\"@type\":\"WebSite\",\"@id\":\"https:\/\/apuntesdesanluis.com\/#website\",\"url\":\"https:\/\/apuntesdesanluis.com\/\",\"name\":\"Apuntes de San Luis\",\"description\":\"\",\"publisher\":{\"@id\":\"https:\/\/apuntesdesanluis.com\/#\/schema\/person\/b55151d52296fcce64d1a72538a70b90\"},\"potentialAction\":[{\"@type\":\"SearchAction\",\"target\":{\"@type\":\"EntryPoint\",\"urlTemplate\":\"https:\/\/apuntesdesanluis.com\/?s={search_term_string}\"},\"query-input\":{\"@type\":\"PropertyValueSpecification\",\"valueRequired\":true,\"valueName\":\"search_term_string\"}}],\"inLanguage\":\"es-AR\"},{\"@type\":[\"Person\",\"Organization\"],\"@id\":\"https:\/\/apuntesdesanluis.com\/#\/schema\/person\/b55151d52296fcce64d1a72538a70b90\",\"name\":\"apuntesdesanluis.com\",\"image\":{\"@type\":\"ImageObject\",\"inLanguage\":\"es-AR\",\"@id\":\"https:\/\/apuntesdesanluis.com\/#\/schema\/person\/image\/\",\"url\":\"https:\/\/apuntesdesanluis.com\/wp-content\/uploads\/2023\/07\/cropped-apuntesdesanluis.png\",\"contentUrl\":\"https:\/\/apuntesdesanluis.com\/wp-content\/uploads\/2023\/07\/cropped-apuntesdesanluis.png\",\"width\":450,\"height\":112,\"caption\":\"apuntesdesanluis.com\"},\"logo\":{\"@id\":\"https:\/\/apuntesdesanluis.com\/#\/schema\/person\/image\/\"},\"sameAs\":[\"https:\/\/apuntesdesanluis.com\"],\"url\":\"https:\/\/apuntesdesanluis.com\/index.php\/author\/apuntesdesanluis-com\/\"}]}<\/script>\n<!-- \/ Yoast SEO plugin. -->","yoast_head_json":{"title":"COMENZ\u00d3 A DELIBERAR LA III CONFERENCIA DE ENLACES QUE SE DESARROLLA EN SAN LUIS - Apuntes de San Luis","robots":{"index":"index","follow":"follow","max-snippet":"max-snippet:-1","max-image-preview":"max-image-preview:large","max-video-preview":"max-video-preview:-1"},"canonical":"https:\/\/apuntesdesanluis.com\/index.php\/2024\/05\/08\/comenzo-a-deliberar-la-iii-conferencia-de-enlaces-que-se-desarrolla-en-san-luis\/","og_locale":"es_ES","og_type":"article","og_title":"COMENZ\u00d3 A DELIBERAR LA III CONFERENCIA DE ENLACES QUE SE DESARROLLA EN SAN LUIS - Apuntes de San Luis","og_description":"La ceremonia de apertura se cumpli\u00f3 en el Sal\u00f3n Malvinas Argentinas de Terrazas del Portezuelo...","og_url":"https:\/\/apuntesdesanluis.com\/index.php\/2024\/05\/08\/comenzo-a-deliberar-la-iii-conferencia-de-enlaces-que-se-desarrolla-en-san-luis\/","og_site_name":"Apuntes de San Luis","article_published_time":"2024-05-09T01:27:44+00:00","og_image":[{"width":977,"height":492,"url":"https:\/\/apuntesdesanluis.com\/wp-content\/uploads\/2024\/05\/CONFERENCIA-ENLACES.png","type":"image\/png"}],"author":"apuntesdesanluis.com","twitter_card":"summary_large_image","twitter_misc":{"Escrito por":"apuntesdesanluis.com","Tiempo de lectura":"6 minutos"},"schema":{"@context":"https:\/\/schema.org","@graph":[{"@type":"Article","@id":"https:\/\/apuntesdesanluis.com\/index.php\/2024\/05\/08\/comenzo-a-deliberar-la-iii-conferencia-de-enlaces-que-se-desarrolla-en-san-luis\/#article","isPartOf":{"@id":"https:\/\/apuntesdesanluis.com\/index.php\/2024\/05\/08\/comenzo-a-deliberar-la-iii-conferencia-de-enlaces-que-se-desarrolla-en-san-luis\/"},"author":{"name":"apuntesdesanluis.com","@id":"https:\/\/apuntesdesanluis.com\/#\/schema\/person\/b55151d52296fcce64d1a72538a70b90"},"headline":"COMENZ\u00d3 A DELIBERAR LA III CONFERENCIA DE ENLACES QUE SE DESARROLLA EN SAN LUIS","datePublished":"2024-05-09T01:27:44+00:00","mainEntityOfPage":{"@id":"https:\/\/apuntesdesanluis.com\/index.php\/2024\/05\/08\/comenzo-a-deliberar-la-iii-conferencia-de-enlaces-que-se-desarrolla-en-san-luis\/"},"wordCount":1025,"publisher":{"@id":"https:\/\/apuntesdesanluis.com\/#\/schema\/person\/b55151d52296fcce64d1a72538a70b90"},"image":{"@id":"https:\/\/apuntesdesanluis.com\/index.php\/2024\/05\/08\/comenzo-a-deliberar-la-iii-conferencia-de-enlaces-que-se-desarrolla-en-san-luis\/#primaryimage"},"thumbnailUrl":"https:\/\/apuntesdesanluis.com\/wp-content\/uploads\/2024\/05\/CONFERENCIA-ENLACES.png","articleSection":["Ciudad\/Provincia"],"inLanguage":"es-AR"},{"@type":"WebPage","@id":"https:\/\/apuntesdesanluis.com\/index.php\/2024\/05\/08\/comenzo-a-deliberar-la-iii-conferencia-de-enlaces-que-se-desarrolla-en-san-luis\/","url":"https:\/\/apuntesdesanluis.com\/index.php\/2024\/05\/08\/comenzo-a-deliberar-la-iii-conferencia-de-enlaces-que-se-desarrolla-en-san-luis\/","name":"COMENZ\u00d3 A DELIBERAR LA III CONFERENCIA DE ENLACES QUE SE DESARROLLA EN SAN LUIS - Apuntes de San Luis","isPartOf":{"@id":"https:\/\/apuntesdesanluis.com\/#website"},"primaryImageOfPage":{"@id":"https:\/\/apuntesdesanluis.com\/index.php\/2024\/05\/08\/comenzo-a-deliberar-la-iii-conferencia-de-enlaces-que-se-desarrolla-en-san-luis\/#primaryimage"},"image":{"@id":"https:\/\/apuntesdesanluis.com\/index.php\/2024\/05\/08\/comenzo-a-deliberar-la-iii-conferencia-de-enlaces-que-se-desarrolla-en-san-luis\/#primaryimage"},"thumbnailUrl":"https:\/\/apuntesdesanluis.com\/wp-content\/uploads\/2024\/05\/CONFERENCIA-ENLACES.png","datePublished":"2024-05-09T01:27:44+00:00","breadcrumb":{"@id":"https:\/\/apuntesdesanluis.com\/index.php\/2024\/05\/08\/comenzo-a-deliberar-la-iii-conferencia-de-enlaces-que-se-desarrolla-en-san-luis\/#breadcrumb"},"inLanguage":"es-AR","potentialAction":[{"@type":"ReadAction","target":["https:\/\/apuntesdesanluis.com\/index.php\/2024\/05\/08\/comenzo-a-deliberar-la-iii-conferencia-de-enlaces-que-se-desarrolla-en-san-luis\/"]}]},{"@type":"ImageObject","inLanguage":"es-AR","@id":"https:\/\/apuntesdesanluis.com\/index.php\/2024\/05\/08\/comenzo-a-deliberar-la-iii-conferencia-de-enlaces-que-se-desarrolla-en-san-luis\/#primaryimage","url":"https:\/\/apuntesdesanluis.com\/wp-content\/uploads\/2024\/05\/CONFERENCIA-ENLACES.png","contentUrl":"https:\/\/apuntesdesanluis.com\/wp-content\/uploads\/2024\/05\/CONFERENCIA-ENLACES.png","width":977,"height":492},{"@type":"BreadcrumbList","@id":"https:\/\/apuntesdesanluis.com\/index.php\/2024\/05\/08\/comenzo-a-deliberar-la-iii-conferencia-de-enlaces-que-se-desarrolla-en-san-luis\/#breadcrumb","itemListElement":[{"@type":"ListItem","position":1,"name":"Inicio","item":"https:\/\/apuntesdesanluis.com\/"},{"@type":"ListItem","position":2,"name":"COMENZ\u00d3 A DELIBERAR LA III CONFERENCIA DE ENLACES QUE SE DESARROLLA EN SAN LUIS"}]},{"@type":"WebSite","@id":"https:\/\/apuntesdesanluis.com\/#website","url":"https:\/\/apuntesdesanluis.com\/","name":"Apuntes de San Luis","description":"","publisher":{"@id":"https:\/\/apuntesdesanluis.com\/#\/schema\/person\/b55151d52296fcce64d1a72538a70b90"},"potentialAction":[{"@type":"SearchAction","target":{"@type":"EntryPoint","urlTemplate":"https:\/\/apuntesdesanluis.com\/?s={search_term_string}"},"query-input":{"@type":"PropertyValueSpecification","valueRequired":true,"valueName":"search_term_string"}}],"inLanguage":"es-AR"},{"@type":["Person","Organization"],"@id":"https:\/\/apuntesdesanluis.com\/#\/schema\/person\/b55151d52296fcce64d1a72538a70b90","name":"apuntesdesanluis.com","image":{"@type":"ImageObject","inLanguage":"es-AR","@id":"https:\/\/apuntesdesanluis.com\/#\/schema\/person\/image\/","url":"https:\/\/apuntesdesanluis.com\/wp-content\/uploads\/2023\/07\/cropped-apuntesdesanluis.png","contentUrl":"https:\/\/apuntesdesanluis.com\/wp-content\/uploads\/2023\/07\/cropped-apuntesdesanluis.png","width":450,"height":112,"caption":"apuntesdesanluis.com"},"logo":{"@id":"https:\/\/apuntesdesanluis.com\/#\/schema\/person\/image\/"},"sameAs":["https:\/\/apuntesdesanluis.com"],"url":"https:\/\/apuntesdesanluis.com\/index.php\/author\/apuntesdesanluis-com\/"}]}},"featured_image_urls":{"full":["https:\/\/apuntesdesanluis.com\/wp-content\/uploads\/2024\/05\/CONFERENCIA-ENLACES.png",977,492,false],"thumbnail":["https:\/\/apuntesdesanluis.com\/wp-content\/uploads\/2024\/05\/CONFERENCIA-ENLACES-150x150.png",150,150,true],"medium":["https:\/\/apuntesdesanluis.com\/wp-content\/uploads\/2024\/05\/CONFERENCIA-ENLACES-300x151.png",300,151,true],"medium_large":["https:\/\/apuntesdesanluis.com\/wp-content\/uploads\/2024\/05\/CONFERENCIA-ENLACES-768x387.png",640,323,true],"large":["https:\/\/apuntesdesanluis.com\/wp-content\/uploads\/2024\/05\/CONFERENCIA-ENLACES.png",640,322,false],"1536x1536":["https:\/\/apuntesdesanluis.com\/wp-content\/uploads\/2024\/05\/CONFERENCIA-ENLACES.png",977,492,false],"2048x2048":["https:\/\/apuntesdesanluis.com\/wp-content\/uploads\/2024\/05\/CONFERENCIA-ENLACES.png",977,492,false],"newsever-slider-full":["https:\/\/apuntesdesanluis.com\/wp-content\/uploads\/2024\/05\/CONFERENCIA-ENLACES.png",977,492,false],"newsever-featured":["https:\/\/apuntesdesanluis.com\/wp-content\/uploads\/2024\/05\/CONFERENCIA-ENLACES.png",977,492,false],"newsever-medium":["https:\/\/apuntesdesanluis.com\/wp-content\/uploads\/2024\/05\/CONFERENCIA-ENLACES-720x475.png",720,475,true]},"author_info":{"display_name":"apuntesdesanluis.com","author_link":"https:\/\/apuntesdesanluis.com\/index.php\/author\/apuntesdesanluis-com\/"},"category_info":"<a href=\"https:\/\/apuntesdesanluis.com\/index.php\/category\/ciudad-provincia\/\" rel=\"category tag\">Ciudad\/Provincia<\/a>","tag_info":"Ciudad\/Provincia","comment_count":"0","_links":{"self":[{"href":"https:\/\/apuntesdesanluis.com\/index.php\/wp-json\/wp\/v2\/posts\/15834","targetHints":{"allow":["GET"]}}],"collection":[{"href":"https:\/\/apuntesdesanluis.com\/index.php\/wp-json\/wp\/v2\/posts"}],"about":[{"href":"https:\/\/apuntesdesanluis.com\/index.php\/wp-json\/wp\/v2\/types\/post"}],"author":[{"embeddable":true,"href":"https:\/\/apuntesdesanluis.com\/index.php\/wp-json\/wp\/v2\/users\/1"}],"replies":[{"embeddable":true,"href":"https:\/\/apuntesdesanluis.com\/index.php\/wp-json\/wp\/v2\/comments?post=15834"}],"version-history":[{"count":2,"href":"https:\/\/apuntesdesanluis.com\/index.php\/wp-json\/wp\/v2\/posts\/15834\/revisions"}],"predecessor-version":[{"id":15850,"href":"https:\/\/apuntesdesanluis.com\/index.php\/wp-json\/wp\/v2\/posts\/15834\/revisions\/15850"}],"wp:featuredmedia":[{"embeddable":true,"href":"https:\/\/apuntesdesanluis.com\/index.php\/wp-json\/wp\/v2\/media\/15836"}],"wp:attachment":[{"href":"https:\/\/apuntesdesanluis.com\/index.php\/wp-json\/wp\/v2\/media?parent=15834"}],"wp:term":[{"taxonomy":"category","embeddable":true,"href":"https:\/\/apuntesdesanluis.com\/index.php\/wp-json\/wp\/v2\/categories?post=15834"},{"taxonomy":"post_tag","embeddable":true,"href":"https:\/\/apuntesdesanluis.com\/index.php\/wp-json\/wp\/v2\/tags?post=15834"}],"curies":[{"name":"wp","href":"https:\/\/api.w.org\/{rel}","templated":true}]}}