{"id":15859,"date":"2024-05-08T23:39:06","date_gmt":"2024-05-09T02:39:06","guid":{"rendered":"https:\/\/apuntesdesanluis.com\/?p=15859"},"modified":"2024-05-08T23:39:06","modified_gmt":"2024-05-09T02:39:06","slug":"el-poder-adquisitivo-cae-en-picada-en-cuatro-meses-perdio-mas-de-30-puntos-frente-a-la-inflacion","status":"publish","type":"post","link":"https:\/\/apuntesdesanluis.com\/index.php\/2024\/05\/08\/el-poder-adquisitivo-cae-en-picada-en-cuatro-meses-perdio-mas-de-30-puntos-frente-a-la-inflacion\/","title":{"rendered":"EL PODER ADQUISITIVO CAE EN PICADA: EN CUATRO MESES PERDI\u00d3 M\u00c1S DE 30 PUNTOS FRENTE A LA INFLACI\u00d3N"},"content":{"rendered":"<h3>Seg\u00fan datos oficiales del INDEC y de la Secretar\u00eda de Trabajo, la suba de precios le gana por goleada a los sueldos.<\/h3>\n<h3>El poder adquisitivo sigue cayendo en picada. Entre diciembre y marzo, los sueldos subieron 58% mientras que la inflaci\u00f3n en el mismo per\u00edodo fue del 90%. Es decir, el reacomodamiento de los ingresos se ubic\u00f3 m\u00e1s de treinta puntos con relaci\u00f3n al costo de vida.<\/h3>\n<h3>Los datos surgen del INDEC y el RIPTE (Remuneraci\u00f3n Imponible de Trabajadores Estables) que elabora la secretaria de Seguridad Social, que engloba a 10 millones de trabajadores formales del sector p\u00fablico y privado.<\/h3>\n<h3>En cuatro meses, los salarios tuvieron un alza nominal del 57.9% (8,3% diciembre, 14,7% enero, 11,5% en febrero y 14% marzo) y la inflaci\u00f3n en diciembre-enero-febrero-marzo fue del 90,1%, lo que representa una ca\u00edda del 16,9%, seg\u00fan los datos del INDEC.<\/h3>\n<h3>En medio de estos datos muy negativos, los salarios formales con aportes a la Seguridad Social tuvieron en marzo una mejora con relaci\u00f3n a la inflaci\u00f3n. Aumentaron un 14% versus una suba de los precios del 11%.<\/h3>\n<h3>En 2023 los salarios cerraron con un promedio que pas\u00f3 de $194.175,11 en diciembre 2022 a $484.298,40 en igual mes de 2023. Representa un incremento del 149,4% versus una inflaci\u00f3n del 211,4%. Equivale a una p\u00e9rdida del poder adquisitivo de 60 puntos.<\/h3>\n<h3>As\u00ed, desde el inicio del 2023 hasta ahora los sueldos perdieron casi la mitad de lo que subi\u00f3 el costo de vida.<\/h3>\n<h3>Esa ca\u00edda se produjo con mayor fuerza tras la devaluaci\u00f3n de agosto del anterior Gobierno y la disparada de la inflaci\u00f3n, que se acentu\u00f3 en diciembre con la depreciaci\u00f3n del actual Gobierno y la fuerte suba de los precios.<\/h3>\n<h3>En marzo, el salario promedio formal fue de $705.832,58, un valor que se ubic\u00f3 por debajo del de la canasta familiar de pobreza que, para un matrimonio con 2 hijos menores, valuada por el INDEC en $773.385,10, sin considerar el alquiler.<\/h3>\n<h3>En ese marco, subieron los trabajadores con empleo formal y aportes a la Seguridad Social que viven en hogares pobres.<\/h3>\n<h3>Con relaci\u00f3n a fines de 2015, el RIPTE acumula una p\u00e9rdida de m\u00e1s del 30% de los cuales 20 puntos corresponden al gobierno de Mauricio Macri y 10 puntos al de Alberto Fern\u00e1ndez y ahora se agrega esta ca\u00edda de los 4 primeros meses de la gesti\u00f3n de Javier Milei.<\/h3>\n<h3>El RIPTE (o el \u00cdndice de Salarios de INDEC) es una de las variables que se toma en cuenta para el c\u00e1lculo de la movilidad previsional junto a la evoluci\u00f3n de la recaudaci\u00f3n tributaria que va a la Seguridad Social, descontando el incremento del padr\u00f3n de beneficiarios.<\/h3>\n<p>&nbsp;<\/p>\n<p>&nbsp;<\/p>\n<p>&nbsp;<\/p>\n<p>&nbsp;<\/p>\n<p>&nbsp;<\/p>\n<p>&nbsp;<\/p>\n","protected":false},"excerpt":{"rendered":"<p>Seg\u00fan datos oficiales del INDEC y de la Secretar\u00eda de Trabajo, la suba de precios&#8230;<\/p>\n","protected":false},"author":1,"featured_media":15860,"comment_status":"closed","ping_status":"closed","sticky":false,"template":"","format":"standard","meta":{"footnotes":""},"categories":[5],"tags":[],"class_list":["post-15859","post","type-post","status-publish","format-standard","has-post-thumbnail","hentry","category-nacionales-internacionales"],"yoast_head":"<!-- This site is optimized with the Yoast SEO plugin v26.1.1 - https:\/\/yoast.com\/wordpress\/plugins\/seo\/ -->\n<title>EL PODER ADQUISITIVO CAE EN PICADA: EN CUATRO MESES PERDI\u00d3 M\u00c1S DE 30 PUNTOS FRENTE A LA INFLACI\u00d3N - Apuntes de San Luis<\/title>\n<meta name=\"robots\" content=\"index, follow, max-snippet:-1, max-image-preview:large, max-video-preview:-1\" \/>\n<link rel=\"canonical\" href=\"https:\/\/apuntesdesanluis.com\/index.php\/2024\/05\/08\/el-poder-adquisitivo-cae-en-picada-en-cuatro-meses-perdio-mas-de-30-puntos-frente-a-la-inflacion\/\" \/>\n<meta property=\"og:locale\" content=\"es_ES\" \/>\n<meta property=\"og:type\" content=\"article\" \/>\n<meta property=\"og:title\" content=\"EL PODER ADQUISITIVO CAE EN PICADA: EN CUATRO MESES PERDI\u00d3 M\u00c1S DE 30 PUNTOS FRENTE A LA INFLACI\u00d3N - Apuntes de San Luis\" \/>\n<meta property=\"og:description\" content=\"Seg\u00fan datos oficiales del INDEC y de la Secretar\u00eda de Trabajo, la suba de precios...\" \/>\n<meta property=\"og:url\" content=\"https:\/\/apuntesdesanluis.com\/index.php\/2024\/05\/08\/el-poder-adquisitivo-cae-en-picada-en-cuatro-meses-perdio-mas-de-30-puntos-frente-a-la-inflacion\/\" \/>\n<meta property=\"og:site_name\" content=\"Apuntes de San Luis\" \/>\n<meta property=\"article:published_time\" content=\"2024-05-09T02:39:06+00:00\" \/>\n<meta property=\"og:image\" content=\"https:\/\/apuntesdesanluis.com\/wp-content\/uploads\/2024\/05\/PODER-ADQUISITIVO.png\" \/>\n\t<meta property=\"og:image:width\" content=\"700\" \/>\n\t<meta property=\"og:image:height\" content=\"451\" \/>\n\t<meta property=\"og:image:type\" content=\"image\/png\" \/>\n<meta name=\"author\" content=\"apuntesdesanluis.com\" \/>\n<meta name=\"twitter:card\" content=\"summary_large_image\" \/>\n<meta name=\"twitter:label1\" content=\"Escrito por\" \/>\n\t<meta name=\"twitter:data1\" content=\"apuntesdesanluis.com\" \/>\n\t<meta name=\"twitter:label2\" content=\"Tiempo de lectura\" \/>\n\t<meta name=\"twitter:data2\" content=\"3 minutos\" \/>\n<script type=\"application\/ld+json\" class=\"yoast-schema-graph\">{\"@context\":\"https:\/\/schema.org\",\"@graph\":[{\"@type\":\"Article\",\"@id\":\"https:\/\/apuntesdesanluis.com\/index.php\/2024\/05\/08\/el-poder-adquisitivo-cae-en-picada-en-cuatro-meses-perdio-mas-de-30-puntos-frente-a-la-inflacion\/#article\",\"isPartOf\":{\"@id\":\"https:\/\/apuntesdesanluis.com\/index.php\/2024\/05\/08\/el-poder-adquisitivo-cae-en-picada-en-cuatro-meses-perdio-mas-de-30-puntos-frente-a-la-inflacion\/\"},\"author\":{\"name\":\"apuntesdesanluis.com\",\"@id\":\"https:\/\/apuntesdesanluis.com\/#\/schema\/person\/b55151d52296fcce64d1a72538a70b90\"},\"headline\":\"EL PODER ADQUISITIVO CAE EN PICADA: EN CUATRO MESES PERDI\u00d3 M\u00c1S DE 30 PUNTOS FRENTE A LA INFLACI\u00d3N\",\"datePublished\":\"2024-05-09T02:39:06+00:00\",\"mainEntityOfPage\":{\"@id\":\"https:\/\/apuntesdesanluis.com\/index.php\/2024\/05\/08\/el-poder-adquisitivo-cae-en-picada-en-cuatro-meses-perdio-mas-de-30-puntos-frente-a-la-inflacion\/\"},\"wordCount\":464,\"publisher\":{\"@id\":\"https:\/\/apuntesdesanluis.com\/#\/schema\/person\/b55151d52296fcce64d1a72538a70b90\"},\"image\":{\"@id\":\"https:\/\/apuntesdesanluis.com\/index.php\/2024\/05\/08\/el-poder-adquisitivo-cae-en-picada-en-cuatro-meses-perdio-mas-de-30-puntos-frente-a-la-inflacion\/#primaryimage\"},\"thumbnailUrl\":\"https:\/\/apuntesdesanluis.com\/wp-content\/uploads\/2024\/05\/PODER-ADQUISITIVO.png\",\"articleSection\":[\"Nacionales\/Internacionales\"],\"inLanguage\":\"es-AR\"},{\"@type\":\"WebPage\",\"@id\":\"https:\/\/apuntesdesanluis.com\/index.php\/2024\/05\/08\/el-poder-adquisitivo-cae-en-picada-en-cuatro-meses-perdio-mas-de-30-puntos-frente-a-la-inflacion\/\",\"url\":\"https:\/\/apuntesdesanluis.com\/index.php\/2024\/05\/08\/el-poder-adquisitivo-cae-en-picada-en-cuatro-meses-perdio-mas-de-30-puntos-frente-a-la-inflacion\/\",\"name\":\"EL PODER ADQUISITIVO CAE EN PICADA: EN CUATRO MESES PERDI\u00d3 M\u00c1S DE 30 PUNTOS FRENTE A LA INFLACI\u00d3N - Apuntes de San Luis\",\"isPartOf\":{\"@id\":\"https:\/\/apuntesdesanluis.com\/#website\"},\"primaryImageOfPage\":{\"@id\":\"https:\/\/apuntesdesanluis.com\/index.php\/2024\/05\/08\/el-poder-adquisitivo-cae-en-picada-en-cuatro-meses-perdio-mas-de-30-puntos-frente-a-la-inflacion\/#primaryimage\"},\"image\":{\"@id\":\"https:\/\/apuntesdesanluis.com\/index.php\/2024\/05\/08\/el-poder-adquisitivo-cae-en-picada-en-cuatro-meses-perdio-mas-de-30-puntos-frente-a-la-inflacion\/#primaryimage\"},\"thumbnailUrl\":\"https:\/\/apuntesdesanluis.com\/wp-content\/uploads\/2024\/05\/PODER-ADQUISITIVO.png\",\"datePublished\":\"2024-05-09T02:39:06+00:00\",\"breadcrumb\":{\"@id\":\"https:\/\/apuntesdesanluis.com\/index.php\/2024\/05\/08\/el-poder-adquisitivo-cae-en-picada-en-cuatro-meses-perdio-mas-de-30-puntos-frente-a-la-inflacion\/#breadcrumb\"},\"inLanguage\":\"es-AR\",\"potentialAction\":[{\"@type\":\"ReadAction\",\"target\":[\"https:\/\/apuntesdesanluis.com\/index.php\/2024\/05\/08\/el-poder-adquisitivo-cae-en-picada-en-cuatro-meses-perdio-mas-de-30-puntos-frente-a-la-inflacion\/\"]}]},{\"@type\":\"ImageObject\",\"inLanguage\":\"es-AR\",\"@id\":\"https:\/\/apuntesdesanluis.com\/index.php\/2024\/05\/08\/el-poder-adquisitivo-cae-en-picada-en-cuatro-meses-perdio-mas-de-30-puntos-frente-a-la-inflacion\/#primaryimage\",\"url\":\"https:\/\/apuntesdesanluis.com\/wp-content\/uploads\/2024\/05\/PODER-ADQUISITIVO.png\",\"contentUrl\":\"https:\/\/apuntesdesanluis.com\/wp-content\/uploads\/2024\/05\/PODER-ADQUISITIVO.png\",\"width\":700,\"height\":451},{\"@type\":\"BreadcrumbList\",\"@id\":\"https:\/\/apuntesdesanluis.com\/index.php\/2024\/05\/08\/el-poder-adquisitivo-cae-en-picada-en-cuatro-meses-perdio-mas-de-30-puntos-frente-a-la-inflacion\/#breadcrumb\",\"itemListElement\":[{\"@type\":\"ListItem\",\"position\":1,\"name\":\"Inicio\",\"item\":\"https:\/\/apuntesdesanluis.com\/\"},{\"@type\":\"ListItem\",\"position\":2,\"name\":\"EL PODER ADQUISITIVO CAE EN PICADA: EN CUATRO MESES PERDI\u00d3 M\u00c1S DE 30 PUNTOS FRENTE A LA INFLACI\u00d3N\"}]},{\"@type\":\"WebSite\",\"@id\":\"https:\/\/apuntesdesanluis.com\/#website\",\"url\":\"https:\/\/apuntesdesanluis.com\/\",\"name\":\"Apuntes de San Luis\",\"description\":\"\",\"publisher\":{\"@id\":\"https:\/\/apuntesdesanluis.com\/#\/schema\/person\/b55151d52296fcce64d1a72538a70b90\"},\"potentialAction\":[{\"@type\":\"SearchAction\",\"target\":{\"@type\":\"EntryPoint\",\"urlTemplate\":\"https:\/\/apuntesdesanluis.com\/?s={search_term_string}\"},\"query-input\":{\"@type\":\"PropertyValueSpecification\",\"valueRequired\":true,\"valueName\":\"search_term_string\"}}],\"inLanguage\":\"es-AR\"},{\"@type\":[\"Person\",\"Organization\"],\"@id\":\"https:\/\/apuntesdesanluis.com\/#\/schema\/person\/b55151d52296fcce64d1a72538a70b90\",\"name\":\"apuntesdesanluis.com\",\"image\":{\"@type\":\"ImageObject\",\"inLanguage\":\"es-AR\",\"@id\":\"https:\/\/apuntesdesanluis.com\/#\/schema\/person\/image\/\",\"url\":\"https:\/\/apuntesdesanluis.com\/wp-content\/uploads\/2023\/07\/cropped-apuntesdesanluis.png\",\"contentUrl\":\"https:\/\/apuntesdesanluis.com\/wp-content\/uploads\/2023\/07\/cropped-apuntesdesanluis.png\",\"width\":450,\"height\":112,\"caption\":\"apuntesdesanluis.com\"},\"logo\":{\"@id\":\"https:\/\/apuntesdesanluis.com\/#\/schema\/person\/image\/\"},\"sameAs\":[\"https:\/\/apuntesdesanluis.com\"],\"url\":\"https:\/\/apuntesdesanluis.com\/index.php\/author\/apuntesdesanluis-com\/\"}]}<\/script>\n<!-- \/ Yoast SEO plugin. -->","yoast_head_json":{"title":"EL PODER ADQUISITIVO CAE EN PICADA: EN CUATRO MESES PERDI\u00d3 M\u00c1S DE 30 PUNTOS FRENTE A LA INFLACI\u00d3N - Apuntes de San Luis","robots":{"index":"index","follow":"follow","max-snippet":"max-snippet:-1","max-image-preview":"max-image-preview:large","max-video-preview":"max-video-preview:-1"},"canonical":"https:\/\/apuntesdesanluis.com\/index.php\/2024\/05\/08\/el-poder-adquisitivo-cae-en-picada-en-cuatro-meses-perdio-mas-de-30-puntos-frente-a-la-inflacion\/","og_locale":"es_ES","og_type":"article","og_title":"EL PODER ADQUISITIVO CAE EN PICADA: EN CUATRO MESES PERDI\u00d3 M\u00c1S DE 30 PUNTOS FRENTE A LA INFLACI\u00d3N - Apuntes de San Luis","og_description":"Seg\u00fan datos oficiales del INDEC y de la Secretar\u00eda de Trabajo, la suba de precios...","og_url":"https:\/\/apuntesdesanluis.com\/index.php\/2024\/05\/08\/el-poder-adquisitivo-cae-en-picada-en-cuatro-meses-perdio-mas-de-30-puntos-frente-a-la-inflacion\/","og_site_name":"Apuntes de San Luis","article_published_time":"2024-05-09T02:39:06+00:00","og_image":[{"width":700,"height":451,"url":"https:\/\/apuntesdesanluis.com\/wp-content\/uploads\/2024\/05\/PODER-ADQUISITIVO.png","type":"image\/png"}],"author":"apuntesdesanluis.com","twitter_card":"summary_large_image","twitter_misc":{"Escrito por":"apuntesdesanluis.com","Tiempo de lectura":"3 minutos"},"schema":{"@context":"https:\/\/schema.org","@graph":[{"@type":"Article","@id":"https:\/\/apuntesdesanluis.com\/index.php\/2024\/05\/08\/el-poder-adquisitivo-cae-en-picada-en-cuatro-meses-perdio-mas-de-30-puntos-frente-a-la-inflacion\/#article","isPartOf":{"@id":"https:\/\/apuntesdesanluis.com\/index.php\/2024\/05\/08\/el-poder-adquisitivo-cae-en-picada-en-cuatro-meses-perdio-mas-de-30-puntos-frente-a-la-inflacion\/"},"author":{"name":"apuntesdesanluis.com","@id":"https:\/\/apuntesdesanluis.com\/#\/schema\/person\/b55151d52296fcce64d1a72538a70b90"},"headline":"EL PODER ADQUISITIVO CAE EN PICADA: EN CUATRO MESES PERDI\u00d3 M\u00c1S DE 30 PUNTOS FRENTE A LA INFLACI\u00d3N","datePublished":"2024-05-09T02:39:06+00:00","mainEntityOfPage":{"@id":"https:\/\/apuntesdesanluis.com\/index.php\/2024\/05\/08\/el-poder-adquisitivo-cae-en-picada-en-cuatro-meses-perdio-mas-de-30-puntos-frente-a-la-inflacion\/"},"wordCount":464,"publisher":{"@id":"https:\/\/apuntesdesanluis.com\/#\/schema\/person\/b55151d52296fcce64d1a72538a70b90"},"image":{"@id":"https:\/\/apuntesdesanluis.com\/index.php\/2024\/05\/08\/el-poder-adquisitivo-cae-en-picada-en-cuatro-meses-perdio-mas-de-30-puntos-frente-a-la-inflacion\/#primaryimage"},"thumbnailUrl":"https:\/\/apuntesdesanluis.com\/wp-content\/uploads\/2024\/05\/PODER-ADQUISITIVO.png","articleSection":["Nacionales\/Internacionales"],"inLanguage":"es-AR"},{"@type":"WebPage","@id":"https:\/\/apuntesdesanluis.com\/index.php\/2024\/05\/08\/el-poder-adquisitivo-cae-en-picada-en-cuatro-meses-perdio-mas-de-30-puntos-frente-a-la-inflacion\/","url":"https:\/\/apuntesdesanluis.com\/index.php\/2024\/05\/08\/el-poder-adquisitivo-cae-en-picada-en-cuatro-meses-perdio-mas-de-30-puntos-frente-a-la-inflacion\/","name":"EL PODER ADQUISITIVO CAE EN PICADA: EN CUATRO MESES PERDI\u00d3 M\u00c1S DE 30 PUNTOS FRENTE A LA INFLACI\u00d3N - Apuntes de San Luis","isPartOf":{"@id":"https:\/\/apuntesdesanluis.com\/#website"},"primaryImageOfPage":{"@id":"https:\/\/apuntesdesanluis.com\/index.php\/2024\/05\/08\/el-poder-adquisitivo-cae-en-picada-en-cuatro-meses-perdio-mas-de-30-puntos-frente-a-la-inflacion\/#primaryimage"},"image":{"@id":"https:\/\/apuntesdesanluis.com\/index.php\/2024\/05\/08\/el-poder-adquisitivo-cae-en-picada-en-cuatro-meses-perdio-mas-de-30-puntos-frente-a-la-inflacion\/#primaryimage"},"thumbnailUrl":"https:\/\/apuntesdesanluis.com\/wp-content\/uploads\/2024\/05\/PODER-ADQUISITIVO.png","datePublished":"2024-05-09T02:39:06+00:00","breadcrumb":{"@id":"https:\/\/apuntesdesanluis.com\/index.php\/2024\/05\/08\/el-poder-adquisitivo-cae-en-picada-en-cuatro-meses-perdio-mas-de-30-puntos-frente-a-la-inflacion\/#breadcrumb"},"inLanguage":"es-AR","potentialAction":[{"@type":"ReadAction","target":["https:\/\/apuntesdesanluis.com\/index.php\/2024\/05\/08\/el-poder-adquisitivo-cae-en-picada-en-cuatro-meses-perdio-mas-de-30-puntos-frente-a-la-inflacion\/"]}]},{"@type":"ImageObject","inLanguage":"es-AR","@id":"https:\/\/apuntesdesanluis.com\/index.php\/2024\/05\/08\/el-poder-adquisitivo-cae-en-picada-en-cuatro-meses-perdio-mas-de-30-puntos-frente-a-la-inflacion\/#primaryimage","url":"https:\/\/apuntesdesanluis.com\/wp-content\/uploads\/2024\/05\/PODER-ADQUISITIVO.png","contentUrl":"https:\/\/apuntesdesanluis.com\/wp-content\/uploads\/2024\/05\/PODER-ADQUISITIVO.png","width":700,"height":451},{"@type":"BreadcrumbList","@id":"https:\/\/apuntesdesanluis.com\/index.php\/2024\/05\/08\/el-poder-adquisitivo-cae-en-picada-en-cuatro-meses-perdio-mas-de-30-puntos-frente-a-la-inflacion\/#breadcrumb","itemListElement":[{"@type":"ListItem","position":1,"name":"Inicio","item":"https:\/\/apuntesdesanluis.com\/"},{"@type":"ListItem","position":2,"name":"EL PODER ADQUISITIVO CAE EN PICADA: EN CUATRO MESES PERDI\u00d3 M\u00c1S DE 30 PUNTOS FRENTE A LA INFLACI\u00d3N"}]},{"@type":"WebSite","@id":"https:\/\/apuntesdesanluis.com\/#website","url":"https:\/\/apuntesdesanluis.com\/","name":"Apuntes de San Luis","description":"","publisher":{"@id":"https:\/\/apuntesdesanluis.com\/#\/schema\/person\/b55151d52296fcce64d1a72538a70b90"},"potentialAction":[{"@type":"SearchAction","target":{"@type":"EntryPoint","urlTemplate":"https:\/\/apuntesdesanluis.com\/?s={search_term_string}"},"query-input":{"@type":"PropertyValueSpecification","valueRequired":true,"valueName":"search_term_string"}}],"inLanguage":"es-AR"},{"@type":["Person","Organization"],"@id":"https:\/\/apuntesdesanluis.com\/#\/schema\/person\/b55151d52296fcce64d1a72538a70b90","name":"apuntesdesanluis.com","image":{"@type":"ImageObject","inLanguage":"es-AR","@id":"https:\/\/apuntesdesanluis.com\/#\/schema\/person\/image\/","url":"https:\/\/apuntesdesanluis.com\/wp-content\/uploads\/2023\/07\/cropped-apuntesdesanluis.png","contentUrl":"https:\/\/apuntesdesanluis.com\/wp-content\/uploads\/2023\/07\/cropped-apuntesdesanluis.png","width":450,"height":112,"caption":"apuntesdesanluis.com"},"logo":{"@id":"https:\/\/apuntesdesanluis.com\/#\/schema\/person\/image\/"},"sameAs":["https:\/\/apuntesdesanluis.com"],"url":"https:\/\/apuntesdesanluis.com\/index.php\/author\/apuntesdesanluis-com\/"}]}},"featured_image_urls":{"full":["https:\/\/apuntesdesanluis.com\/wp-content\/uploads\/2024\/05\/PODER-ADQUISITIVO.png",700,451,false],"thumbnail":["https:\/\/apuntesdesanluis.com\/wp-content\/uploads\/2024\/05\/PODER-ADQUISITIVO-150x150.png",150,150,true],"medium":["https:\/\/apuntesdesanluis.com\/wp-content\/uploads\/2024\/05\/PODER-ADQUISITIVO-300x193.png",300,193,true],"medium_large":["https:\/\/apuntesdesanluis.com\/wp-content\/uploads\/2024\/05\/PODER-ADQUISITIVO.png",640,412,false],"large":["https:\/\/apuntesdesanluis.com\/wp-content\/uploads\/2024\/05\/PODER-ADQUISITIVO.png",640,412,false],"1536x1536":["https:\/\/apuntesdesanluis.com\/wp-content\/uploads\/2024\/05\/PODER-ADQUISITIVO.png",700,451,false],"2048x2048":["https:\/\/apuntesdesanluis.com\/wp-content\/uploads\/2024\/05\/PODER-ADQUISITIVO.png",700,451,false],"newsever-slider-full":["https:\/\/apuntesdesanluis.com\/wp-content\/uploads\/2024\/05\/PODER-ADQUISITIVO.png",700,451,false],"newsever-featured":["https:\/\/apuntesdesanluis.com\/wp-content\/uploads\/2024\/05\/PODER-ADQUISITIVO.png",700,451,false],"newsever-medium":["https:\/\/apuntesdesanluis.com\/wp-content\/uploads\/2024\/05\/PODER-ADQUISITIVO.png",700,451,false]},"author_info":{"display_name":"apuntesdesanluis.com","author_link":"https:\/\/apuntesdesanluis.com\/index.php\/author\/apuntesdesanluis-com\/"},"category_info":"<a href=\"https:\/\/apuntesdesanluis.com\/index.php\/category\/nacionales-internacionales\/\" rel=\"category tag\">Nacionales\/Internacionales<\/a>","tag_info":"Nacionales\/Internacionales","comment_count":"0","_links":{"self":[{"href":"https:\/\/apuntesdesanluis.com\/index.php\/wp-json\/wp\/v2\/posts\/15859","targetHints":{"allow":["GET"]}}],"collection":[{"href":"https:\/\/apuntesdesanluis.com\/index.php\/wp-json\/wp\/v2\/posts"}],"about":[{"href":"https:\/\/apuntesdesanluis.com\/index.php\/wp-json\/wp\/v2\/types\/post"}],"author":[{"embeddable":true,"href":"https:\/\/apuntesdesanluis.com\/index.php\/wp-json\/wp\/v2\/users\/1"}],"replies":[{"embeddable":true,"href":"https:\/\/apuntesdesanluis.com\/index.php\/wp-json\/wp\/v2\/comments?post=15859"}],"version-history":[{"count":1,"href":"https:\/\/apuntesdesanluis.com\/index.php\/wp-json\/wp\/v2\/posts\/15859\/revisions"}],"predecessor-version":[{"id":15861,"href":"https:\/\/apuntesdesanluis.com\/index.php\/wp-json\/wp\/v2\/posts\/15859\/revisions\/15861"}],"wp:featuredmedia":[{"embeddable":true,"href":"https:\/\/apuntesdesanluis.com\/index.php\/wp-json\/wp\/v2\/media\/15860"}],"wp:attachment":[{"href":"https:\/\/apuntesdesanluis.com\/index.php\/wp-json\/wp\/v2\/media?parent=15859"}],"wp:term":[{"taxonomy":"category","embeddable":true,"href":"https:\/\/apuntesdesanluis.com\/index.php\/wp-json\/wp\/v2\/categories?post=15859"},{"taxonomy":"post_tag","embeddable":true,"href":"https:\/\/apuntesdesanluis.com\/index.php\/wp-json\/wp\/v2\/tags?post=15859"}],"curies":[{"name":"wp","href":"https:\/\/api.w.org\/{rel}","templated":true}]}}