{"id":1586,"date":"2023-08-14T22:12:45","date_gmt":"2023-08-15T01:12:45","guid":{"rendered":"https:\/\/apuntesdesanluis.com\/?p=1586"},"modified":"2023-08-14T22:12:45","modified_gmt":"2023-08-15T01:12:45","slug":"de-villanos-y-revoluciones","status":"publish","type":"post","link":"https:\/\/apuntesdesanluis.com\/index.php\/2023\/08\/14\/de-villanos-y-revoluciones\/","title":{"rendered":"DE VILLANOS Y REVOLUCIONES"},"content":{"rendered":"<h3>Por <strong><em>Branko Aime *<\/em><\/strong><\/h3>\n<h3><img fetchpriority=\"high\" decoding=\"async\" class=\"wp-image-1588 aligncenter\" src=\"https:\/\/apuntesdesanluis.com\/wp-content\/uploads\/2023\/08\/branko-aime-300x238.png\" alt=\"\" width=\"538\" height=\"427\" srcset=\"https:\/\/apuntesdesanluis.com\/wp-content\/uploads\/2023\/08\/branko-aime-300x238.png 300w, https:\/\/apuntesdesanluis.com\/wp-content\/uploads\/2023\/08\/branko-aime.png 577w\" sizes=\"(max-width: 538px) 100vw, 538px\" \/><\/h3>\n<h3>\u201cLa diferencia entre un genio y un loco es el \u00e9xito. Nos vemos en octubre\u201d. Un mantra, o mejor, un slogan que <strong>Javier Milei<\/strong> utiliza como cierre en entrevistas para posicionar su candidatura a la presidencia argentina. Sin ir m\u00e1s lejos, as\u00ed cerr\u00f3 su entrevista con Marcelo Bonelli en Arriba Argentinos este lunes 14, luego de su victoria en las PASO.<\/h3>\n<h3>La frase es contundente, dura, directa, como todo su discurso. Pero como todo en su est\u00e9tica e imagen de marca, se cae a pedazos con el m\u00e1s m\u00ednimo an\u00e1lisis. \u201cThe distance between insanity and genius is measured only by success\u201d que se puede traducir como \u00abLa distancia entre la locura y la genialidad se mide solo por el \u00e9xito\u00bb es una frase del villano Eliot Carver, de \u201cEl ma\u00f1ana nunca muere\u201d, una pel\u00edcula de James Bond del a\u00f1o 1997.<\/h3>\n<h3>El autor de la frase es Bruce Feirstein, un escritor estadounidense conocido por su s\u00e1tira. De hecho, \u201cEl ma\u00f1ana nunca muere\u201d es una pieza de culto entre las pel\u00edculas de James Bond, catalogada como una pel\u00edcula demasiado cercana a la realidad para ser parte del universo del Agente 007.<\/h3>\n<h3>Eliot Carver es un multimillonario de la industria de medios y su objetivo es incitar una guerra entre Inglaterra y China para destruir el gobierno chino y lograr un monopolio de los medios de comunicaci\u00f3n de ese pa\u00eds. En 1997 esto se consideraba una s\u00e1tira. El neoliberalismo ha recorrido un largo camino.<\/h3>\n<h3>Las comparaciones est\u00e1n de m\u00e1s, se vienen haciendo desde hace casi diez a\u00f1os. Magnates, multimillonarios que ocupan lugares de poder, que parecen poco m\u00e1s que payasos graciosos en los medios de comunicaci\u00f3n; que gritan, se ponen rojos, dicen disparates y ganan elecciones.<\/h3>\n<h3>Comparar a Javier Milei con un personaje de James Bond es un chiste f\u00e1cil y viejo, como el neoliberalismo argentino. Ya lo vimos en Estados Unidos, ya lo vimos en Brasil, y seguimos creyendo que este pa\u00eds es inmune, que somos distintos, \u00fanicos. Pero viene Javier Milei citando a un villano de Bond y no lo vemos.<\/h3>\n<h3>\u00bfY c\u00f3mo podr\u00edamos verlo? Si tampoco escuchamos. No escuchamos que va a quitar los derechos laborales. Salimos de vacaciones pagas despu\u00e9s de votar a Millei sin escuchar que vamos a perder ese derecho. Salimos de rendir examen en la universidad p\u00fablica y gratuita y vamos a votar a Milei sin entender que va a cerrarla. Salimos de atendernos en el hospital p\u00fablico y vamos a votar a Milei sin entender que va a privatizarlo. En San Luis salimos por redes sociales con el wifi gratuito, festejando el triunfo de Milei sin entender que van a cortar el cable.<\/h3>\n<h3>Creemos que nos mienten, que exageran, que el peluca no es as\u00ed, es la casta que lo quiere bajar. Pero el peluca no miente, lo dice muy claro. Dice que va a privatizar, que va destruir la salud, la educaci\u00f3n, la econom\u00eda, el estado, la aberraci\u00f3n de la justicia social, que si alguien quiere derechos tiene que pagarlos pero lo seguimos votando.<\/h3>\n<h3>Y hay una raz\u00f3n, contundente, dura y directa, y tenemos que hacernos cargo de eso. La pol\u00edtica nos defraud\u00f3. La casta existe, est\u00e1 en el poder y no lo quiere soltar, y mientras sigamos dej\u00e1ndola parasitar, van a seguir surgiendo otros Javier Milei.<\/h3>\n<h3>Pero el error est\u00e1 en pensar que la soluci\u00f3n es apol\u00edtica. La \u00fanica herramienta de transformaci\u00f3n social es la pol\u00edtica, entonces tenemos que arrebatarle esa herramienta a la casta y usarla. Para que no haya m\u00e1s Milei no tiene que haber m\u00e1s casta y para que no haya m\u00e1s casta hay que limpiar los lugares de poder y ocuparlos.<\/h3>\n<h3>Esos pol\u00edticos acobachados, derrotados, viejos y parasitarios tienen que entregar la llave y dejar que los de abajo realicen la transformaci\u00f3n social. La soluci\u00f3n no son los magnates, los multimillonarios y los villanos de James Bond, es la militancia, la solidaridad y la justicia social, y eso solo puede llegar desde las bases.<\/h3>\n<h3><\/h3>\n<h4><strong><em>* Lic. en Comunicaci\u00f3n. Docente. Observatorio de Campa\u00f1a UNLC.<\/em><\/strong><\/h4>\n","protected":false},"excerpt":{"rendered":"<p>Por Branko Aime * \u201cLa diferencia entre un genio y un loco es el \u00e9xito&#8230;.<\/p>\n","protected":false},"author":1,"featured_media":1587,"comment_status":"closed","ping_status":"closed","sticky":false,"template":"","format":"standard","meta":{"footnotes":""},"categories":[9],"tags":[],"class_list":["post-1586","post","type-post","status-publish","format-standard","has-post-thumbnail","hentry","category-opinion"],"yoast_head":"<!-- This site is optimized with the Yoast SEO plugin v26.1.1 - https:\/\/yoast.com\/wordpress\/plugins\/seo\/ -->\n<title>DE VILLANOS Y REVOLUCIONES - Apuntes de San Luis<\/title>\n<meta name=\"robots\" content=\"index, follow, max-snippet:-1, max-image-preview:large, max-video-preview:-1\" \/>\n<link rel=\"canonical\" href=\"https:\/\/apuntesdesanluis.com\/index.php\/2023\/08\/14\/de-villanos-y-revoluciones\/\" \/>\n<meta property=\"og:locale\" content=\"es_ES\" \/>\n<meta property=\"og:type\" content=\"article\" \/>\n<meta property=\"og:title\" content=\"DE VILLANOS Y REVOLUCIONES - Apuntes de San Luis\" \/>\n<meta property=\"og:description\" content=\"Por Branko Aime * \u201cLa diferencia entre un genio y un loco es el \u00e9xito....\" \/>\n<meta property=\"og:url\" content=\"https:\/\/apuntesdesanluis.com\/index.php\/2023\/08\/14\/de-villanos-y-revoluciones\/\" \/>\n<meta property=\"og:site_name\" content=\"Apuntes de San Luis\" \/>\n<meta property=\"article:published_time\" content=\"2023-08-15T01:12:45+00:00\" \/>\n<meta property=\"og:image\" content=\"https:\/\/apuntesdesanluis.com\/wp-content\/uploads\/2023\/08\/milei-2.png\" \/>\n\t<meta property=\"og:image:width\" content=\"601\" \/>\n\t<meta property=\"og:image:height\" content=\"372\" \/>\n\t<meta property=\"og:image:type\" content=\"image\/png\" \/>\n<meta name=\"author\" content=\"apuntesdesanluis.com\" \/>\n<meta name=\"twitter:card\" content=\"summary_large_image\" \/>\n<meta name=\"twitter:label1\" content=\"Escrito por\" \/>\n\t<meta name=\"twitter:data1\" content=\"apuntesdesanluis.com\" \/>\n\t<meta name=\"twitter:label2\" content=\"Tiempo de lectura\" \/>\n\t<meta name=\"twitter:data2\" content=\"4 minutos\" \/>\n<script type=\"application\/ld+json\" class=\"yoast-schema-graph\">{\"@context\":\"https:\/\/schema.org\",\"@graph\":[{\"@type\":\"Article\",\"@id\":\"https:\/\/apuntesdesanluis.com\/index.php\/2023\/08\/14\/de-villanos-y-revoluciones\/#article\",\"isPartOf\":{\"@id\":\"https:\/\/apuntesdesanluis.com\/index.php\/2023\/08\/14\/de-villanos-y-revoluciones\/\"},\"author\":{\"name\":\"apuntesdesanluis.com\",\"@id\":\"https:\/\/apuntesdesanluis.com\/#\/schema\/person\/b55151d52296fcce64d1a72538a70b90\"},\"headline\":\"DE VILLANOS Y REVOLUCIONES\",\"datePublished\":\"2023-08-15T01:12:45+00:00\",\"mainEntityOfPage\":{\"@id\":\"https:\/\/apuntesdesanluis.com\/index.php\/2023\/08\/14\/de-villanos-y-revoluciones\/\"},\"wordCount\":711,\"publisher\":{\"@id\":\"https:\/\/apuntesdesanluis.com\/#\/schema\/person\/b55151d52296fcce64d1a72538a70b90\"},\"image\":{\"@id\":\"https:\/\/apuntesdesanluis.com\/index.php\/2023\/08\/14\/de-villanos-y-revoluciones\/#primaryimage\"},\"thumbnailUrl\":\"https:\/\/apuntesdesanluis.com\/wp-content\/uploads\/2023\/08\/milei-2.png\",\"articleSection\":[\"Opini\u00f3n\"],\"inLanguage\":\"es-AR\"},{\"@type\":\"WebPage\",\"@id\":\"https:\/\/apuntesdesanluis.com\/index.php\/2023\/08\/14\/de-villanos-y-revoluciones\/\",\"url\":\"https:\/\/apuntesdesanluis.com\/index.php\/2023\/08\/14\/de-villanos-y-revoluciones\/\",\"name\":\"DE VILLANOS Y REVOLUCIONES - Apuntes de San Luis\",\"isPartOf\":{\"@id\":\"https:\/\/apuntesdesanluis.com\/#website\"},\"primaryImageOfPage\":{\"@id\":\"https:\/\/apuntesdesanluis.com\/index.php\/2023\/08\/14\/de-villanos-y-revoluciones\/#primaryimage\"},\"image\":{\"@id\":\"https:\/\/apuntesdesanluis.com\/index.php\/2023\/08\/14\/de-villanos-y-revoluciones\/#primaryimage\"},\"thumbnailUrl\":\"https:\/\/apuntesdesanluis.com\/wp-content\/uploads\/2023\/08\/milei-2.png\",\"datePublished\":\"2023-08-15T01:12:45+00:00\",\"breadcrumb\":{\"@id\":\"https:\/\/apuntesdesanluis.com\/index.php\/2023\/08\/14\/de-villanos-y-revoluciones\/#breadcrumb\"},\"inLanguage\":\"es-AR\",\"potentialAction\":[{\"@type\":\"ReadAction\",\"target\":[\"https:\/\/apuntesdesanluis.com\/index.php\/2023\/08\/14\/de-villanos-y-revoluciones\/\"]}]},{\"@type\":\"ImageObject\",\"inLanguage\":\"es-AR\",\"@id\":\"https:\/\/apuntesdesanluis.com\/index.php\/2023\/08\/14\/de-villanos-y-revoluciones\/#primaryimage\",\"url\":\"https:\/\/apuntesdesanluis.com\/wp-content\/uploads\/2023\/08\/milei-2.png\",\"contentUrl\":\"https:\/\/apuntesdesanluis.com\/wp-content\/uploads\/2023\/08\/milei-2.png\",\"width\":601,\"height\":372},{\"@type\":\"BreadcrumbList\",\"@id\":\"https:\/\/apuntesdesanluis.com\/index.php\/2023\/08\/14\/de-villanos-y-revoluciones\/#breadcrumb\",\"itemListElement\":[{\"@type\":\"ListItem\",\"position\":1,\"name\":\"Inicio\",\"item\":\"https:\/\/apuntesdesanluis.com\/\"},{\"@type\":\"ListItem\",\"position\":2,\"name\":\"DE VILLANOS Y REVOLUCIONES\"}]},{\"@type\":\"WebSite\",\"@id\":\"https:\/\/apuntesdesanluis.com\/#website\",\"url\":\"https:\/\/apuntesdesanluis.com\/\",\"name\":\"Apuntes de San Luis\",\"description\":\"\",\"publisher\":{\"@id\":\"https:\/\/apuntesdesanluis.com\/#\/schema\/person\/b55151d52296fcce64d1a72538a70b90\"},\"potentialAction\":[{\"@type\":\"SearchAction\",\"target\":{\"@type\":\"EntryPoint\",\"urlTemplate\":\"https:\/\/apuntesdesanluis.com\/?s={search_term_string}\"},\"query-input\":{\"@type\":\"PropertyValueSpecification\",\"valueRequired\":true,\"valueName\":\"search_term_string\"}}],\"inLanguage\":\"es-AR\"},{\"@type\":[\"Person\",\"Organization\"],\"@id\":\"https:\/\/apuntesdesanluis.com\/#\/schema\/person\/b55151d52296fcce64d1a72538a70b90\",\"name\":\"apuntesdesanluis.com\",\"image\":{\"@type\":\"ImageObject\",\"inLanguage\":\"es-AR\",\"@id\":\"https:\/\/apuntesdesanluis.com\/#\/schema\/person\/image\/\",\"url\":\"https:\/\/apuntesdesanluis.com\/wp-content\/uploads\/2023\/07\/cropped-apuntesdesanluis.png\",\"contentUrl\":\"https:\/\/apuntesdesanluis.com\/wp-content\/uploads\/2023\/07\/cropped-apuntesdesanluis.png\",\"width\":450,\"height\":112,\"caption\":\"apuntesdesanluis.com\"},\"logo\":{\"@id\":\"https:\/\/apuntesdesanluis.com\/#\/schema\/person\/image\/\"},\"sameAs\":[\"https:\/\/apuntesdesanluis.com\"],\"url\":\"https:\/\/apuntesdesanluis.com\/index.php\/author\/apuntesdesanluis-com\/\"}]}<\/script>\n<!-- \/ Yoast SEO plugin. -->","yoast_head_json":{"title":"DE VILLANOS Y REVOLUCIONES - Apuntes de San Luis","robots":{"index":"index","follow":"follow","max-snippet":"max-snippet:-1","max-image-preview":"max-image-preview:large","max-video-preview":"max-video-preview:-1"},"canonical":"https:\/\/apuntesdesanluis.com\/index.php\/2023\/08\/14\/de-villanos-y-revoluciones\/","og_locale":"es_ES","og_type":"article","og_title":"DE VILLANOS Y REVOLUCIONES - Apuntes de San Luis","og_description":"Por Branko Aime * \u201cLa diferencia entre un genio y un loco es el \u00e9xito....","og_url":"https:\/\/apuntesdesanluis.com\/index.php\/2023\/08\/14\/de-villanos-y-revoluciones\/","og_site_name":"Apuntes de San Luis","article_published_time":"2023-08-15T01:12:45+00:00","og_image":[{"width":601,"height":372,"url":"https:\/\/apuntesdesanluis.com\/wp-content\/uploads\/2023\/08\/milei-2.png","type":"image\/png"}],"author":"apuntesdesanluis.com","twitter_card":"summary_large_image","twitter_misc":{"Escrito por":"apuntesdesanluis.com","Tiempo de lectura":"4 minutos"},"schema":{"@context":"https:\/\/schema.org","@graph":[{"@type":"Article","@id":"https:\/\/apuntesdesanluis.com\/index.php\/2023\/08\/14\/de-villanos-y-revoluciones\/#article","isPartOf":{"@id":"https:\/\/apuntesdesanluis.com\/index.php\/2023\/08\/14\/de-villanos-y-revoluciones\/"},"author":{"name":"apuntesdesanluis.com","@id":"https:\/\/apuntesdesanluis.com\/#\/schema\/person\/b55151d52296fcce64d1a72538a70b90"},"headline":"DE VILLANOS Y REVOLUCIONES","datePublished":"2023-08-15T01:12:45+00:00","mainEntityOfPage":{"@id":"https:\/\/apuntesdesanluis.com\/index.php\/2023\/08\/14\/de-villanos-y-revoluciones\/"},"wordCount":711,"publisher":{"@id":"https:\/\/apuntesdesanluis.com\/#\/schema\/person\/b55151d52296fcce64d1a72538a70b90"},"image":{"@id":"https:\/\/apuntesdesanluis.com\/index.php\/2023\/08\/14\/de-villanos-y-revoluciones\/#primaryimage"},"thumbnailUrl":"https:\/\/apuntesdesanluis.com\/wp-content\/uploads\/2023\/08\/milei-2.png","articleSection":["Opini\u00f3n"],"inLanguage":"es-AR"},{"@type":"WebPage","@id":"https:\/\/apuntesdesanluis.com\/index.php\/2023\/08\/14\/de-villanos-y-revoluciones\/","url":"https:\/\/apuntesdesanluis.com\/index.php\/2023\/08\/14\/de-villanos-y-revoluciones\/","name":"DE VILLANOS Y REVOLUCIONES - Apuntes de San Luis","isPartOf":{"@id":"https:\/\/apuntesdesanluis.com\/#website"},"primaryImageOfPage":{"@id":"https:\/\/apuntesdesanluis.com\/index.php\/2023\/08\/14\/de-villanos-y-revoluciones\/#primaryimage"},"image":{"@id":"https:\/\/apuntesdesanluis.com\/index.php\/2023\/08\/14\/de-villanos-y-revoluciones\/#primaryimage"},"thumbnailUrl":"https:\/\/apuntesdesanluis.com\/wp-content\/uploads\/2023\/08\/milei-2.png","datePublished":"2023-08-15T01:12:45+00:00","breadcrumb":{"@id":"https:\/\/apuntesdesanluis.com\/index.php\/2023\/08\/14\/de-villanos-y-revoluciones\/#breadcrumb"},"inLanguage":"es-AR","potentialAction":[{"@type":"ReadAction","target":["https:\/\/apuntesdesanluis.com\/index.php\/2023\/08\/14\/de-villanos-y-revoluciones\/"]}]},{"@type":"ImageObject","inLanguage":"es-AR","@id":"https:\/\/apuntesdesanluis.com\/index.php\/2023\/08\/14\/de-villanos-y-revoluciones\/#primaryimage","url":"https:\/\/apuntesdesanluis.com\/wp-content\/uploads\/2023\/08\/milei-2.png","contentUrl":"https:\/\/apuntesdesanluis.com\/wp-content\/uploads\/2023\/08\/milei-2.png","width":601,"height":372},{"@type":"BreadcrumbList","@id":"https:\/\/apuntesdesanluis.com\/index.php\/2023\/08\/14\/de-villanos-y-revoluciones\/#breadcrumb","itemListElement":[{"@type":"ListItem","position":1,"name":"Inicio","item":"https:\/\/apuntesdesanluis.com\/"},{"@type":"ListItem","position":2,"name":"DE VILLANOS Y REVOLUCIONES"}]},{"@type":"WebSite","@id":"https:\/\/apuntesdesanluis.com\/#website","url":"https:\/\/apuntesdesanluis.com\/","name":"Apuntes de San Luis","description":"","publisher":{"@id":"https:\/\/apuntesdesanluis.com\/#\/schema\/person\/b55151d52296fcce64d1a72538a70b90"},"potentialAction":[{"@type":"SearchAction","target":{"@type":"EntryPoint","urlTemplate":"https:\/\/apuntesdesanluis.com\/?s={search_term_string}"},"query-input":{"@type":"PropertyValueSpecification","valueRequired":true,"valueName":"search_term_string"}}],"inLanguage":"es-AR"},{"@type":["Person","Organization"],"@id":"https:\/\/apuntesdesanluis.com\/#\/schema\/person\/b55151d52296fcce64d1a72538a70b90","name":"apuntesdesanluis.com","image":{"@type":"ImageObject","inLanguage":"es-AR","@id":"https:\/\/apuntesdesanluis.com\/#\/schema\/person\/image\/","url":"https:\/\/apuntesdesanluis.com\/wp-content\/uploads\/2023\/07\/cropped-apuntesdesanluis.png","contentUrl":"https:\/\/apuntesdesanluis.com\/wp-content\/uploads\/2023\/07\/cropped-apuntesdesanluis.png","width":450,"height":112,"caption":"apuntesdesanluis.com"},"logo":{"@id":"https:\/\/apuntesdesanluis.com\/#\/schema\/person\/image\/"},"sameAs":["https:\/\/apuntesdesanluis.com"],"url":"https:\/\/apuntesdesanluis.com\/index.php\/author\/apuntesdesanluis-com\/"}]}},"featured_image_urls":{"full":["https:\/\/apuntesdesanluis.com\/wp-content\/uploads\/2023\/08\/milei-2.png",601,372,false],"thumbnail":["https:\/\/apuntesdesanluis.com\/wp-content\/uploads\/2023\/08\/milei-2-150x150.png",150,150,true],"medium":["https:\/\/apuntesdesanluis.com\/wp-content\/uploads\/2023\/08\/milei-2-300x186.png",300,186,true],"medium_large":["https:\/\/apuntesdesanluis.com\/wp-content\/uploads\/2023\/08\/milei-2.png",601,372,false],"large":["https:\/\/apuntesdesanluis.com\/wp-content\/uploads\/2023\/08\/milei-2.png",601,372,false],"1536x1536":["https:\/\/apuntesdesanluis.com\/wp-content\/uploads\/2023\/08\/milei-2.png",601,372,false],"2048x2048":["https:\/\/apuntesdesanluis.com\/wp-content\/uploads\/2023\/08\/milei-2.png",601,372,false],"newsever-slider-full":["https:\/\/apuntesdesanluis.com\/wp-content\/uploads\/2023\/08\/milei-2.png",601,372,false],"newsever-featured":["https:\/\/apuntesdesanluis.com\/wp-content\/uploads\/2023\/08\/milei-2.png",601,372,false],"newsever-medium":["https:\/\/apuntesdesanluis.com\/wp-content\/uploads\/2023\/08\/milei-2.png",601,372,false]},"author_info":{"display_name":"apuntesdesanluis.com","author_link":"https:\/\/apuntesdesanluis.com\/index.php\/author\/apuntesdesanluis-com\/"},"category_info":"<a href=\"https:\/\/apuntesdesanluis.com\/index.php\/category\/opinion\/\" rel=\"category tag\">Opini\u00f3n<\/a>","tag_info":"Opini\u00f3n","comment_count":"0","_links":{"self":[{"href":"https:\/\/apuntesdesanluis.com\/index.php\/wp-json\/wp\/v2\/posts\/1586","targetHints":{"allow":["GET"]}}],"collection":[{"href":"https:\/\/apuntesdesanluis.com\/index.php\/wp-json\/wp\/v2\/posts"}],"about":[{"href":"https:\/\/apuntesdesanluis.com\/index.php\/wp-json\/wp\/v2\/types\/post"}],"author":[{"embeddable":true,"href":"https:\/\/apuntesdesanluis.com\/index.php\/wp-json\/wp\/v2\/users\/1"}],"replies":[{"embeddable":true,"href":"https:\/\/apuntesdesanluis.com\/index.php\/wp-json\/wp\/v2\/comments?post=1586"}],"version-history":[{"count":1,"href":"https:\/\/apuntesdesanluis.com\/index.php\/wp-json\/wp\/v2\/posts\/1586\/revisions"}],"predecessor-version":[{"id":1589,"href":"https:\/\/apuntesdesanluis.com\/index.php\/wp-json\/wp\/v2\/posts\/1586\/revisions\/1589"}],"wp:featuredmedia":[{"embeddable":true,"href":"https:\/\/apuntesdesanluis.com\/index.php\/wp-json\/wp\/v2\/media\/1587"}],"wp:attachment":[{"href":"https:\/\/apuntesdesanluis.com\/index.php\/wp-json\/wp\/v2\/media?parent=1586"}],"wp:term":[{"taxonomy":"category","embeddable":true,"href":"https:\/\/apuntesdesanluis.com\/index.php\/wp-json\/wp\/v2\/categories?post=1586"},{"taxonomy":"post_tag","embeddable":true,"href":"https:\/\/apuntesdesanluis.com\/index.php\/wp-json\/wp\/v2\/tags?post=1586"}],"curies":[{"name":"wp","href":"https:\/\/api.w.org\/{rel}","templated":true}]}}