{"id":15883,"date":"2024-05-09T19:30:05","date_gmt":"2024-05-09T22:30:05","guid":{"rendered":"https:\/\/apuntesdesanluis.com\/?p=15883"},"modified":"2024-05-10T00:31:16","modified_gmt":"2024-05-10T03:31:16","slug":"acusan-a-dirigentes-de-ate-y-camioneros-por-el-escrache-realizado-en-el-domicilio-del-gobernador","status":"publish","type":"post","link":"https:\/\/apuntesdesanluis.com\/index.php\/2024\/05\/09\/acusan-a-dirigentes-de-ate-y-camioneros-por-el-escrache-realizado-en-el-domicilio-del-gobernador\/","title":{"rendered":"ACUSAN A DIRIGENTES DE ATE Y CAMIONEROS POR EL ESCRACHE REALIZADO EN EL DOMICILIO DEL GOBERNADOR"},"content":{"rendered":"<h3>El Gobierno expres\u00f3 su preocupaci\u00f3n por el \u201cacto mafioso\u201d de dirigentes gremiales que fueron este jueves al domicilio del gobernador <strong>Claudio Poggi<\/strong>, en avenida Illia, \u201cen un evidente intento por alterar la paz social\u201d.<\/h3>\n<h3>\u201cEl escrache es un m\u00e9todo antidemocr\u00e1tico de protesta, intimidatorio, que busca alterar la paz social. El cambio que expres\u00f3 San Luis fue el de una sociedad que le dice No a los violentos. No podemos permitir ni tolerar estas acciones que buscan alterar y promover la violencia. La gravedad del hecho es que hayan ido al domicilio privado del Gobernador y no a la Casa de Gobierno, que es el lugar donde democr\u00e1ticamente deber\u00edan haberse manifestado\u201d, expres\u00f3 el secretario de Comunicaci\u00f3n, <strong>Diego Masci<\/strong>.<\/h3>\n<p><img fetchpriority=\"high\" decoding=\"async\" class=\"wp-image-15889 aligncenter\" src=\"https:\/\/apuntesdesanluis.com\/wp-content\/uploads\/2024\/05\/diego-masci-300x204.png\" alt=\"\" width=\"581\" height=\"395\" srcset=\"https:\/\/apuntesdesanluis.com\/wp-content\/uploads\/2024\/05\/diego-masci-300x204.png 300w, https:\/\/apuntesdesanluis.com\/wp-content\/uploads\/2024\/05\/diego-masci.png 600w\" sizes=\"(max-width: 581px) 100vw, 581px\" \/><\/p>\n<h3>\u201cLa acci\u00f3n fue organizada por <strong>Fernando Gatica<\/strong> y <strong>Jos\u00e9 Far\u00edas<\/strong>, dirigentes de ATE y Camioneros, respectivamente; que son arietes del ex gobernador <strong>Alberto Rodr\u00edguez Sa\u00e1<\/strong>\u201d, se\u00f1al\u00f3.<\/h3>\n<h3>\u201cEs un acto democr\u00e1tico manifestarse frente a la Casa de Gobierno, y es un acto mafioso y de apriete ir al domicilio privado del gobernador\u201d, enfatizaron desde la Secretar\u00eda de Comunicaci\u00f3n del Gobierno de San Luis.<\/h3>\n<p><img decoding=\"async\" class=\"wp-image-15885 aligncenter\" src=\"https:\/\/apuntesdesanluis.com\/wp-content\/uploads\/2024\/05\/escracha-dpto-poggi-300x173.jpg\" alt=\"\" width=\"571\" height=\"329\" srcset=\"https:\/\/apuntesdesanluis.com\/wp-content\/uploads\/2024\/05\/escracha-dpto-poggi-300x173.jpg 300w, https:\/\/apuntesdesanluis.com\/wp-content\/uploads\/2024\/05\/escracha-dpto-poggi.jpg 600w\" sizes=\"(max-width: 571px) 100vw, 571px\" \/><\/p>\n<h3><strong>RICARDO ENDEIZA<\/strong><\/h3>\n<h3>El vicegobernador <strong>Ricardo Endeiza<\/strong> se pronunci\u00f3 sobre el escrache en el domicilio del gobernador Claudio Poggi calific\u00e1ndolo como \u201cun acto antidemocr\u00e1tico de intimidaci\u00f3n\u201d.<\/h3>\n<h3>\u201cSomos respetuosos del derecho de protestar, del derecho de huelga ambos amparados por nuestra Constituci\u00f3n, pero de ninguna manera los mismos se ejercen licita y civilizadamente yendo a realizar un \u00b4escrache a la casa donde vive el gobernador y su familia\u201d, consider\u00f3 el vicegobernador.<\/h3>\n<p><img decoding=\"async\" class=\"wp-image-6359 aligncenter\" src=\"https:\/\/apuntesdesanluis.com\/wp-content\/uploads\/2023\/11\/ricardo-endeiza-300x170.png\" alt=\"\" width=\"566\" height=\"321\" srcset=\"https:\/\/apuntesdesanluis.com\/wp-content\/uploads\/2023\/11\/ricardo-endeiza-300x170.png 300w, https:\/\/apuntesdesanluis.com\/wp-content\/uploads\/2023\/11\/ricardo-endeiza.png 599w\" sizes=\"(max-width: 566px) 100vw, 566px\" \/><\/p>\n<h3>Asimismo, destac\u00f3 la actitud del resto de las organizaciones sindicales que no se plegaron a la acci\u00f3n: \u201cTambi\u00e9n lo ha entendido la inmensa mayor\u00eda de los dirigentes gremiales que no se sumaron a esta tropel\u00eda\u201d.<\/h3>\n<h3>\u201cEse no es el San Luis que la inmensa mayor\u00eda de los habitantes de la provincia queremos. El apriete, el escrache, la agresi\u00f3n cobarde son formas de actuar que repudiamos y que nunca m\u00e1s deben darse en nuestra amada Provincia\u201d, cerr\u00f3.<\/h3>\n<h3><strong>JOS\u00c9 GIRAUDO<\/strong><\/h3>\n<h3>Por su parte el Secretario de Asuntos Institucionales y Enlace Parlamentario,<strong> Jos\u00e9 Giraudo<\/strong>, indic\u00f3: \u201cLos escraches tienen su ra\u00edz en el fascismo y todos estamos convencidos como sociedad que los grupos violentos no tienen cabida en nuestra democracia\u201d.<\/h3>\n<p><img loading=\"lazy\" decoding=\"async\" class=\"wp-image-14722 aligncenter\" src=\"https:\/\/apuntesdesanluis.com\/wp-content\/uploads\/2024\/04\/jose-giraudo-300x177.png\" alt=\"\" width=\"510\" height=\"301\" srcset=\"https:\/\/apuntesdesanluis.com\/wp-content\/uploads\/2024\/04\/jose-giraudo-300x177.png 300w, https:\/\/apuntesdesanluis.com\/wp-content\/uploads\/2024\/04\/jose-giraudo.png 558w\" sizes=\"(max-width: 510px) 100vw, 510px\" \/><\/p>\n<h3>\u201cLa actitud que tom\u00f3 ese pu\u00f1ado de dirigentes est\u00e1 absolutamente re\u00f1ida con los valores de nuestro pueblo y con el respeto al mandato popular que el mismo entreg\u00f3, a trav\u00e9s de las urnas, el pasado 11 de junio\u201d.<\/h3>\n<h3>Enfatiz\u00f3 que \u201cla \u00fanica explicaci\u00f3n que le encuentro es el rencor y el odio que tiene Alberto Rodr\u00edguez Sa\u00e1, quien como todav\u00eda no entiende que la realidad no se puede fabricar desde su diario, manda a sus seguidores a cometer estas tropel\u00edas. \u00c9l, el \u00b4Luis XVI\u00b4 de la modernidad puntana, por su despotismo pseudoilustrado, es el \u00fanico responsable de este atropello a la voluntad popular\u201d.<\/h3>\n<h3>Finalmente, Giraudo expres\u00f3 su \u201csolidaridad con el Gobernador Claudio Poggi y su familia\u201d.<\/h3>\n<h3><strong>CASTRO LUNA<\/strong><\/h3>\n<h3>Por otro lado el senador del Departamento Pedernera, <strong>Adolfo Castro Luna<\/strong>, sostuvo que \u201cel escrache realizado este jueves en el domicilio particular del gobernador constituye un acto de autoritarismo y violencia inaceptables en una sociedad democr\u00e1tica\u201d.<\/h3>\n<p><img loading=\"lazy\" decoding=\"async\" class=\"wp-image-9458 aligncenter\" src=\"https:\/\/apuntesdesanluis.com\/wp-content\/uploads\/2024\/01\/castro-luna-300x170.png\" alt=\"\" width=\"521\" height=\"295\" srcset=\"https:\/\/apuntesdesanluis.com\/wp-content\/uploads\/2024\/01\/castro-luna-300x170.png 300w, https:\/\/apuntesdesanluis.com\/wp-content\/uploads\/2024\/01\/castro-luna.png 600w\" sizes=\"(max-width: 521px) 100vw, 521px\" \/><\/p>\n<h3>\u201cEvidentemente hay sectores muy min\u00fasculos de la sociedad que han perdido representatividad y privilegios, que se niegan a reconocer que la sociedad el a\u00f1o pasado decidi\u00f3 expresar su vocaci\u00f3n de cambio. De recuperar la institucionalidad y emprender un nuevo camino. Por eso, porque cada vez tienen menos peso en la agenda p\u00fablica, se expresan a trav\u00e9s de estas actitudes violentas que son absolutamente repudiables\u201d, expres\u00f3.<\/h3>\n<h3><strong>OLIVERO<\/strong><\/h3>\n<h3>Tambi\u00e9n conden\u00f3 el escrache y se solidariz\u00f3 con el gobernador Claudio Poggi el senador provincial por el Departameno Mart\u00edn de Pueyrred\u00f3n, <strong>Mart\u00edn Olivero<\/strong>, a trav\u00e9s de un posteo en redes sociales.<\/h3>\n<p><img loading=\"lazy\" decoding=\"async\" class=\"wp-image-15886 aligncenter\" src=\"https:\/\/apuntesdesanluis.com\/wp-content\/uploads\/2024\/05\/olivero-300x287.png\" alt=\"\" width=\"544\" height=\"520\" srcset=\"https:\/\/apuntesdesanluis.com\/wp-content\/uploads\/2024\/05\/olivero-300x287.png 300w, https:\/\/apuntesdesanluis.com\/wp-content\/uploads\/2024\/05\/olivero.png 512w\" sizes=\"(max-width: 544px) 100vw, 544px\" \/><\/p>\n<h3><\/h3>\n<h3><span style=\"color: #3366ff;\"><strong>M\u00c1S REPERCUSIONES<\/strong><\/span><\/h3>\n<p><img loading=\"lazy\" decoding=\"async\" class=\"wp-image-15951 aligncenter\" src=\"https:\/\/apuntesdesanluis.com\/wp-content\/uploads\/2024\/05\/COMUNICADO-INTERBLOQUE-CAMBIA-SAN-LUIS-290x300.png\" alt=\"\" width=\"522\" height=\"540\" srcset=\"https:\/\/apuntesdesanluis.com\/wp-content\/uploads\/2024\/05\/COMUNICADO-INTERBLOQUE-CAMBIA-SAN-LUIS-290x300.png 290w, https:\/\/apuntesdesanluis.com\/wp-content\/uploads\/2024\/05\/COMUNICADO-INTERBLOQUE-CAMBIA-SAN-LUIS.png 538w\" sizes=\"(max-width: 522px) 100vw, 522px\" \/><\/p>\n<p><img loading=\"lazy\" decoding=\"async\" class=\"wp-image-15952 aligncenter\" src=\"https:\/\/apuntesdesanluis.com\/wp-content\/uploads\/2024\/05\/Imagen-de-WhatsApp-2024-05-09-a-las-22.43.45_ccfa5b2a-171x300.jpg\" alt=\"\" width=\"528\" height=\"927\" srcset=\"https:\/\/apuntesdesanluis.com\/wp-content\/uploads\/2024\/05\/Imagen-de-WhatsApp-2024-05-09-a-las-22.43.45_ccfa5b2a-171x300.jpg 171w, https:\/\/apuntesdesanluis.com\/wp-content\/uploads\/2024\/05\/Imagen-de-WhatsApp-2024-05-09-a-las-22.43.45_ccfa5b2a.jpg 720w\" sizes=\"(max-width: 528px) 100vw, 528px\" \/><\/p>\n<p><img loading=\"lazy\" decoding=\"async\" class=\"wp-image-15953 aligncenter\" src=\"https:\/\/apuntesdesanluis.com\/wp-content\/uploads\/2024\/05\/DANIEL-VILCHEZ-300x240.png\" alt=\"\" width=\"511\" height=\"409\" srcset=\"https:\/\/apuntesdesanluis.com\/wp-content\/uploads\/2024\/05\/DANIEL-VILCHEZ-300x240.png 300w, https:\/\/apuntesdesanluis.com\/wp-content\/uploads\/2024\/05\/DANIEL-VILCHEZ.png 685w\" sizes=\"(max-width: 511px) 100vw, 511px\" \/><\/p>\n<p>&nbsp;<\/p>\n<p>&nbsp;<\/p>\n<p>&nbsp;<\/p>\n<p>&nbsp;<\/p>\n<p>&nbsp;<\/p>\n<p>&nbsp;<\/p>\n","protected":false},"excerpt":{"rendered":"<p>El Gobierno expres\u00f3 su preocupaci\u00f3n por el \u201cacto mafioso\u201d de dirigentes gremiales que fueron este&#8230;<\/p>\n","protected":false},"author":1,"featured_media":15884,"comment_status":"closed","ping_status":"closed","sticky":false,"template":"","format":"standard","meta":{"footnotes":""},"categories":[6],"tags":[],"class_list":["post-15883","post","type-post","status-publish","format-standard","has-post-thumbnail","hentry","category-ciudad-provincia"],"yoast_head":"<!-- This site is optimized with the Yoast SEO plugin v26.1.1 - https:\/\/yoast.com\/wordpress\/plugins\/seo\/ -->\n<title>ACUSAN A DIRIGENTES DE ATE Y CAMIONEROS POR EL ESCRACHE REALIZADO EN EL DOMICILIO DEL GOBERNADOR - Apuntes de San Luis<\/title>\n<meta name=\"robots\" content=\"index, follow, max-snippet:-1, max-image-preview:large, max-video-preview:-1\" \/>\n<link rel=\"canonical\" href=\"https:\/\/apuntesdesanluis.com\/index.php\/2024\/05\/09\/acusan-a-dirigentes-de-ate-y-camioneros-por-el-escrache-realizado-en-el-domicilio-del-gobernador\/\" \/>\n<meta property=\"og:locale\" content=\"es_ES\" \/>\n<meta property=\"og:type\" content=\"article\" \/>\n<meta property=\"og:title\" content=\"ACUSAN A DIRIGENTES DE ATE Y CAMIONEROS POR EL ESCRACHE REALIZADO EN EL DOMICILIO DEL GOBERNADOR - Apuntes de San Luis\" \/>\n<meta property=\"og:description\" content=\"El Gobierno expres\u00f3 su preocupaci\u00f3n por el \u201cacto mafioso\u201d de dirigentes gremiales que fueron este...\" \/>\n<meta property=\"og:url\" content=\"https:\/\/apuntesdesanluis.com\/index.php\/2024\/05\/09\/acusan-a-dirigentes-de-ate-y-camioneros-por-el-escrache-realizado-en-el-domicilio-del-gobernador\/\" \/>\n<meta property=\"og:site_name\" content=\"Apuntes de San Luis\" \/>\n<meta property=\"article:published_time\" content=\"2024-05-09T22:30:05+00:00\" \/>\n<meta property=\"article:modified_time\" content=\"2024-05-10T03:31:16+00:00\" \/>\n<meta property=\"og:image\" content=\"https:\/\/apuntesdesanluis.com\/wp-content\/uploads\/2024\/05\/escrache.png\" \/>\n\t<meta property=\"og:image:width\" content=\"600\" \/>\n\t<meta property=\"og:image:height\" content=\"333\" \/>\n\t<meta property=\"og:image:type\" content=\"image\/png\" \/>\n<meta name=\"author\" content=\"apuntesdesanluis.com\" \/>\n<meta name=\"twitter:card\" content=\"summary_large_image\" \/>\n<meta name=\"twitter:label1\" content=\"Escrito por\" \/>\n\t<meta name=\"twitter:data1\" content=\"apuntesdesanluis.com\" \/>\n\t<meta name=\"twitter:label2\" content=\"Tiempo de lectura\" \/>\n\t<meta name=\"twitter:data2\" content=\"5 minutos\" \/>\n<script type=\"application\/ld+json\" class=\"yoast-schema-graph\">{\"@context\":\"https:\/\/schema.org\",\"@graph\":[{\"@type\":\"Article\",\"@id\":\"https:\/\/apuntesdesanluis.com\/index.php\/2024\/05\/09\/acusan-a-dirigentes-de-ate-y-camioneros-por-el-escrache-realizado-en-el-domicilio-del-gobernador\/#article\",\"isPartOf\":{\"@id\":\"https:\/\/apuntesdesanluis.com\/index.php\/2024\/05\/09\/acusan-a-dirigentes-de-ate-y-camioneros-por-el-escrache-realizado-en-el-domicilio-del-gobernador\/\"},\"author\":{\"name\":\"apuntesdesanluis.com\",\"@id\":\"https:\/\/apuntesdesanluis.com\/#\/schema\/person\/b55151d52296fcce64d1a72538a70b90\"},\"headline\":\"ACUSAN A DIRIGENTES DE ATE Y CAMIONEROS POR EL ESCRACHE REALIZADO EN EL DOMICILIO DEL GOBERNADOR\",\"datePublished\":\"2024-05-09T22:30:05+00:00\",\"dateModified\":\"2024-05-10T03:31:16+00:00\",\"mainEntityOfPage\":{\"@id\":\"https:\/\/apuntesdesanluis.com\/index.php\/2024\/05\/09\/acusan-a-dirigentes-de-ate-y-camioneros-por-el-escrache-realizado-en-el-domicilio-del-gobernador\/\"},\"wordCount\":682,\"publisher\":{\"@id\":\"https:\/\/apuntesdesanluis.com\/#\/schema\/person\/b55151d52296fcce64d1a72538a70b90\"},\"image\":{\"@id\":\"https:\/\/apuntesdesanluis.com\/index.php\/2024\/05\/09\/acusan-a-dirigentes-de-ate-y-camioneros-por-el-escrache-realizado-en-el-domicilio-del-gobernador\/#primaryimage\"},\"thumbnailUrl\":\"https:\/\/apuntesdesanluis.com\/wp-content\/uploads\/2024\/05\/escrache.png\",\"articleSection\":[\"Ciudad\/Provincia\"],\"inLanguage\":\"es-AR\"},{\"@type\":\"WebPage\",\"@id\":\"https:\/\/apuntesdesanluis.com\/index.php\/2024\/05\/09\/acusan-a-dirigentes-de-ate-y-camioneros-por-el-escrache-realizado-en-el-domicilio-del-gobernador\/\",\"url\":\"https:\/\/apuntesdesanluis.com\/index.php\/2024\/05\/09\/acusan-a-dirigentes-de-ate-y-camioneros-por-el-escrache-realizado-en-el-domicilio-del-gobernador\/\",\"name\":\"ACUSAN A DIRIGENTES DE ATE Y CAMIONEROS POR EL ESCRACHE REALIZADO EN EL DOMICILIO DEL GOBERNADOR - Apuntes de San Luis\",\"isPartOf\":{\"@id\":\"https:\/\/apuntesdesanluis.com\/#website\"},\"primaryImageOfPage\":{\"@id\":\"https:\/\/apuntesdesanluis.com\/index.php\/2024\/05\/09\/acusan-a-dirigentes-de-ate-y-camioneros-por-el-escrache-realizado-en-el-domicilio-del-gobernador\/#primaryimage\"},\"image\":{\"@id\":\"https:\/\/apuntesdesanluis.com\/index.php\/2024\/05\/09\/acusan-a-dirigentes-de-ate-y-camioneros-por-el-escrache-realizado-en-el-domicilio-del-gobernador\/#primaryimage\"},\"thumbnailUrl\":\"https:\/\/apuntesdesanluis.com\/wp-content\/uploads\/2024\/05\/escrache.png\",\"datePublished\":\"2024-05-09T22:30:05+00:00\",\"dateModified\":\"2024-05-10T03:31:16+00:00\",\"breadcrumb\":{\"@id\":\"https:\/\/apuntesdesanluis.com\/index.php\/2024\/05\/09\/acusan-a-dirigentes-de-ate-y-camioneros-por-el-escrache-realizado-en-el-domicilio-del-gobernador\/#breadcrumb\"},\"inLanguage\":\"es-AR\",\"potentialAction\":[{\"@type\":\"ReadAction\",\"target\":[\"https:\/\/apuntesdesanluis.com\/index.php\/2024\/05\/09\/acusan-a-dirigentes-de-ate-y-camioneros-por-el-escrache-realizado-en-el-domicilio-del-gobernador\/\"]}]},{\"@type\":\"ImageObject\",\"inLanguage\":\"es-AR\",\"@id\":\"https:\/\/apuntesdesanluis.com\/index.php\/2024\/05\/09\/acusan-a-dirigentes-de-ate-y-camioneros-por-el-escrache-realizado-en-el-domicilio-del-gobernador\/#primaryimage\",\"url\":\"https:\/\/apuntesdesanluis.com\/wp-content\/uploads\/2024\/05\/escrache.png\",\"contentUrl\":\"https:\/\/apuntesdesanluis.com\/wp-content\/uploads\/2024\/05\/escrache.png\",\"width\":600,\"height\":333},{\"@type\":\"BreadcrumbList\",\"@id\":\"https:\/\/apuntesdesanluis.com\/index.php\/2024\/05\/09\/acusan-a-dirigentes-de-ate-y-camioneros-por-el-escrache-realizado-en-el-domicilio-del-gobernador\/#breadcrumb\",\"itemListElement\":[{\"@type\":\"ListItem\",\"position\":1,\"name\":\"Inicio\",\"item\":\"https:\/\/apuntesdesanluis.com\/\"},{\"@type\":\"ListItem\",\"position\":2,\"name\":\"ACUSAN A DIRIGENTES DE ATE Y CAMIONEROS POR EL ESCRACHE REALIZADO EN EL DOMICILIO DEL GOBERNADOR\"}]},{\"@type\":\"WebSite\",\"@id\":\"https:\/\/apuntesdesanluis.com\/#website\",\"url\":\"https:\/\/apuntesdesanluis.com\/\",\"name\":\"Apuntes de San Luis\",\"description\":\"\",\"publisher\":{\"@id\":\"https:\/\/apuntesdesanluis.com\/#\/schema\/person\/b55151d52296fcce64d1a72538a70b90\"},\"potentialAction\":[{\"@type\":\"SearchAction\",\"target\":{\"@type\":\"EntryPoint\",\"urlTemplate\":\"https:\/\/apuntesdesanluis.com\/?s={search_term_string}\"},\"query-input\":{\"@type\":\"PropertyValueSpecification\",\"valueRequired\":true,\"valueName\":\"search_term_string\"}}],\"inLanguage\":\"es-AR\"},{\"@type\":[\"Person\",\"Organization\"],\"@id\":\"https:\/\/apuntesdesanluis.com\/#\/schema\/person\/b55151d52296fcce64d1a72538a70b90\",\"name\":\"apuntesdesanluis.com\",\"image\":{\"@type\":\"ImageObject\",\"inLanguage\":\"es-AR\",\"@id\":\"https:\/\/apuntesdesanluis.com\/#\/schema\/person\/image\/\",\"url\":\"https:\/\/apuntesdesanluis.com\/wp-content\/uploads\/2023\/07\/cropped-apuntesdesanluis.png\",\"contentUrl\":\"https:\/\/apuntesdesanluis.com\/wp-content\/uploads\/2023\/07\/cropped-apuntesdesanluis.png\",\"width\":450,\"height\":112,\"caption\":\"apuntesdesanluis.com\"},\"logo\":{\"@id\":\"https:\/\/apuntesdesanluis.com\/#\/schema\/person\/image\/\"},\"sameAs\":[\"https:\/\/apuntesdesanluis.com\"],\"url\":\"https:\/\/apuntesdesanluis.com\/index.php\/author\/apuntesdesanluis-com\/\"}]}<\/script>\n<!-- \/ Yoast SEO plugin. -->","yoast_head_json":{"title":"ACUSAN A DIRIGENTES DE ATE Y CAMIONEROS POR EL ESCRACHE REALIZADO EN EL DOMICILIO DEL GOBERNADOR - Apuntes de San Luis","robots":{"index":"index","follow":"follow","max-snippet":"max-snippet:-1","max-image-preview":"max-image-preview:large","max-video-preview":"max-video-preview:-1"},"canonical":"https:\/\/apuntesdesanluis.com\/index.php\/2024\/05\/09\/acusan-a-dirigentes-de-ate-y-camioneros-por-el-escrache-realizado-en-el-domicilio-del-gobernador\/","og_locale":"es_ES","og_type":"article","og_title":"ACUSAN A DIRIGENTES DE ATE Y CAMIONEROS POR EL ESCRACHE REALIZADO EN EL DOMICILIO DEL GOBERNADOR - Apuntes de San Luis","og_description":"El Gobierno expres\u00f3 su preocupaci\u00f3n por el \u201cacto mafioso\u201d de dirigentes gremiales que fueron este...","og_url":"https:\/\/apuntesdesanluis.com\/index.php\/2024\/05\/09\/acusan-a-dirigentes-de-ate-y-camioneros-por-el-escrache-realizado-en-el-domicilio-del-gobernador\/","og_site_name":"Apuntes de San Luis","article_published_time":"2024-05-09T22:30:05+00:00","article_modified_time":"2024-05-10T03:31:16+00:00","og_image":[{"width":600,"height":333,"url":"https:\/\/apuntesdesanluis.com\/wp-content\/uploads\/2024\/05\/escrache.png","type":"image\/png"}],"author":"apuntesdesanluis.com","twitter_card":"summary_large_image","twitter_misc":{"Escrito por":"apuntesdesanluis.com","Tiempo de lectura":"5 minutos"},"schema":{"@context":"https:\/\/schema.org","@graph":[{"@type":"Article","@id":"https:\/\/apuntesdesanluis.com\/index.php\/2024\/05\/09\/acusan-a-dirigentes-de-ate-y-camioneros-por-el-escrache-realizado-en-el-domicilio-del-gobernador\/#article","isPartOf":{"@id":"https:\/\/apuntesdesanluis.com\/index.php\/2024\/05\/09\/acusan-a-dirigentes-de-ate-y-camioneros-por-el-escrache-realizado-en-el-domicilio-del-gobernador\/"},"author":{"name":"apuntesdesanluis.com","@id":"https:\/\/apuntesdesanluis.com\/#\/schema\/person\/b55151d52296fcce64d1a72538a70b90"},"headline":"ACUSAN A DIRIGENTES DE ATE Y CAMIONEROS POR EL ESCRACHE REALIZADO EN EL DOMICILIO DEL GOBERNADOR","datePublished":"2024-05-09T22:30:05+00:00","dateModified":"2024-05-10T03:31:16+00:00","mainEntityOfPage":{"@id":"https:\/\/apuntesdesanluis.com\/index.php\/2024\/05\/09\/acusan-a-dirigentes-de-ate-y-camioneros-por-el-escrache-realizado-en-el-domicilio-del-gobernador\/"},"wordCount":682,"publisher":{"@id":"https:\/\/apuntesdesanluis.com\/#\/schema\/person\/b55151d52296fcce64d1a72538a70b90"},"image":{"@id":"https:\/\/apuntesdesanluis.com\/index.php\/2024\/05\/09\/acusan-a-dirigentes-de-ate-y-camioneros-por-el-escrache-realizado-en-el-domicilio-del-gobernador\/#primaryimage"},"thumbnailUrl":"https:\/\/apuntesdesanluis.com\/wp-content\/uploads\/2024\/05\/escrache.png","articleSection":["Ciudad\/Provincia"],"inLanguage":"es-AR"},{"@type":"WebPage","@id":"https:\/\/apuntesdesanluis.com\/index.php\/2024\/05\/09\/acusan-a-dirigentes-de-ate-y-camioneros-por-el-escrache-realizado-en-el-domicilio-del-gobernador\/","url":"https:\/\/apuntesdesanluis.com\/index.php\/2024\/05\/09\/acusan-a-dirigentes-de-ate-y-camioneros-por-el-escrache-realizado-en-el-domicilio-del-gobernador\/","name":"ACUSAN A DIRIGENTES DE ATE Y CAMIONEROS POR EL ESCRACHE REALIZADO EN EL DOMICILIO DEL GOBERNADOR - Apuntes de San Luis","isPartOf":{"@id":"https:\/\/apuntesdesanluis.com\/#website"},"primaryImageOfPage":{"@id":"https:\/\/apuntesdesanluis.com\/index.php\/2024\/05\/09\/acusan-a-dirigentes-de-ate-y-camioneros-por-el-escrache-realizado-en-el-domicilio-del-gobernador\/#primaryimage"},"image":{"@id":"https:\/\/apuntesdesanluis.com\/index.php\/2024\/05\/09\/acusan-a-dirigentes-de-ate-y-camioneros-por-el-escrache-realizado-en-el-domicilio-del-gobernador\/#primaryimage"},"thumbnailUrl":"https:\/\/apuntesdesanluis.com\/wp-content\/uploads\/2024\/05\/escrache.png","datePublished":"2024-05-09T22:30:05+00:00","dateModified":"2024-05-10T03:31:16+00:00","breadcrumb":{"@id":"https:\/\/apuntesdesanluis.com\/index.php\/2024\/05\/09\/acusan-a-dirigentes-de-ate-y-camioneros-por-el-escrache-realizado-en-el-domicilio-del-gobernador\/#breadcrumb"},"inLanguage":"es-AR","potentialAction":[{"@type":"ReadAction","target":["https:\/\/apuntesdesanluis.com\/index.php\/2024\/05\/09\/acusan-a-dirigentes-de-ate-y-camioneros-por-el-escrache-realizado-en-el-domicilio-del-gobernador\/"]}]},{"@type":"ImageObject","inLanguage":"es-AR","@id":"https:\/\/apuntesdesanluis.com\/index.php\/2024\/05\/09\/acusan-a-dirigentes-de-ate-y-camioneros-por-el-escrache-realizado-en-el-domicilio-del-gobernador\/#primaryimage","url":"https:\/\/apuntesdesanluis.com\/wp-content\/uploads\/2024\/05\/escrache.png","contentUrl":"https:\/\/apuntesdesanluis.com\/wp-content\/uploads\/2024\/05\/escrache.png","width":600,"height":333},{"@type":"BreadcrumbList","@id":"https:\/\/apuntesdesanluis.com\/index.php\/2024\/05\/09\/acusan-a-dirigentes-de-ate-y-camioneros-por-el-escrache-realizado-en-el-domicilio-del-gobernador\/#breadcrumb","itemListElement":[{"@type":"ListItem","position":1,"name":"Inicio","item":"https:\/\/apuntesdesanluis.com\/"},{"@type":"ListItem","position":2,"name":"ACUSAN A DIRIGENTES DE ATE Y CAMIONEROS POR EL ESCRACHE REALIZADO EN EL DOMICILIO DEL GOBERNADOR"}]},{"@type":"WebSite","@id":"https:\/\/apuntesdesanluis.com\/#website","url":"https:\/\/apuntesdesanluis.com\/","name":"Apuntes de San Luis","description":"","publisher":{"@id":"https:\/\/apuntesdesanluis.com\/#\/schema\/person\/b55151d52296fcce64d1a72538a70b90"},"potentialAction":[{"@type":"SearchAction","target":{"@type":"EntryPoint","urlTemplate":"https:\/\/apuntesdesanluis.com\/?s={search_term_string}"},"query-input":{"@type":"PropertyValueSpecification","valueRequired":true,"valueName":"search_term_string"}}],"inLanguage":"es-AR"},{"@type":["Person","Organization"],"@id":"https:\/\/apuntesdesanluis.com\/#\/schema\/person\/b55151d52296fcce64d1a72538a70b90","name":"apuntesdesanluis.com","image":{"@type":"ImageObject","inLanguage":"es-AR","@id":"https:\/\/apuntesdesanluis.com\/#\/schema\/person\/image\/","url":"https:\/\/apuntesdesanluis.com\/wp-content\/uploads\/2023\/07\/cropped-apuntesdesanluis.png","contentUrl":"https:\/\/apuntesdesanluis.com\/wp-content\/uploads\/2023\/07\/cropped-apuntesdesanluis.png","width":450,"height":112,"caption":"apuntesdesanluis.com"},"logo":{"@id":"https:\/\/apuntesdesanluis.com\/#\/schema\/person\/image\/"},"sameAs":["https:\/\/apuntesdesanluis.com"],"url":"https:\/\/apuntesdesanluis.com\/index.php\/author\/apuntesdesanluis-com\/"}]}},"featured_image_urls":{"full":["https:\/\/apuntesdesanluis.com\/wp-content\/uploads\/2024\/05\/escrache.png",600,333,false],"thumbnail":["https:\/\/apuntesdesanluis.com\/wp-content\/uploads\/2024\/05\/escrache-150x150.png",150,150,true],"medium":["https:\/\/apuntesdesanluis.com\/wp-content\/uploads\/2024\/05\/escrache-300x167.png",300,167,true],"medium_large":["https:\/\/apuntesdesanluis.com\/wp-content\/uploads\/2024\/05\/escrache.png",600,333,false],"large":["https:\/\/apuntesdesanluis.com\/wp-content\/uploads\/2024\/05\/escrache.png",600,333,false],"1536x1536":["https:\/\/apuntesdesanluis.com\/wp-content\/uploads\/2024\/05\/escrache.png",600,333,false],"2048x2048":["https:\/\/apuntesdesanluis.com\/wp-content\/uploads\/2024\/05\/escrache.png",600,333,false],"newsever-slider-full":["https:\/\/apuntesdesanluis.com\/wp-content\/uploads\/2024\/05\/escrache.png",600,333,false],"newsever-featured":["https:\/\/apuntesdesanluis.com\/wp-content\/uploads\/2024\/05\/escrache.png",600,333,false],"newsever-medium":["https:\/\/apuntesdesanluis.com\/wp-content\/uploads\/2024\/05\/escrache.png",600,333,false]},"author_info":{"display_name":"apuntesdesanluis.com","author_link":"https:\/\/apuntesdesanluis.com\/index.php\/author\/apuntesdesanluis-com\/"},"category_info":"<a href=\"https:\/\/apuntesdesanluis.com\/index.php\/category\/ciudad-provincia\/\" rel=\"category tag\">Ciudad\/Provincia<\/a>","tag_info":"Ciudad\/Provincia","comment_count":"0","_links":{"self":[{"href":"https:\/\/apuntesdesanluis.com\/index.php\/wp-json\/wp\/v2\/posts\/15883","targetHints":{"allow":["GET"]}}],"collection":[{"href":"https:\/\/apuntesdesanluis.com\/index.php\/wp-json\/wp\/v2\/posts"}],"about":[{"href":"https:\/\/apuntesdesanluis.com\/index.php\/wp-json\/wp\/v2\/types\/post"}],"author":[{"embeddable":true,"href":"https:\/\/apuntesdesanluis.com\/index.php\/wp-json\/wp\/v2\/users\/1"}],"replies":[{"embeddable":true,"href":"https:\/\/apuntesdesanluis.com\/index.php\/wp-json\/wp\/v2\/comments?post=15883"}],"version-history":[{"count":8,"href":"https:\/\/apuntesdesanluis.com\/index.php\/wp-json\/wp\/v2\/posts\/15883\/revisions"}],"predecessor-version":[{"id":15958,"href":"https:\/\/apuntesdesanluis.com\/index.php\/wp-json\/wp\/v2\/posts\/15883\/revisions\/15958"}],"wp:featuredmedia":[{"embeddable":true,"href":"https:\/\/apuntesdesanluis.com\/index.php\/wp-json\/wp\/v2\/media\/15884"}],"wp:attachment":[{"href":"https:\/\/apuntesdesanluis.com\/index.php\/wp-json\/wp\/v2\/media?parent=15883"}],"wp:term":[{"taxonomy":"category","embeddable":true,"href":"https:\/\/apuntesdesanluis.com\/index.php\/wp-json\/wp\/v2\/categories?post=15883"},{"taxonomy":"post_tag","embeddable":true,"href":"https:\/\/apuntesdesanluis.com\/index.php\/wp-json\/wp\/v2\/tags?post=15883"}],"curies":[{"name":"wp","href":"https:\/\/api.w.org\/{rel}","templated":true}]}}