{"id":15896,"date":"2024-05-09T20:06:33","date_gmt":"2024-05-09T23:06:33","guid":{"rendered":"https:\/\/apuntesdesanluis.com\/?p=15896"},"modified":"2024-05-09T20:06:33","modified_gmt":"2024-05-09T23:06:33","slug":"condenaron-a-un-hombre-a-6-anos-de-prision-por-abusar-sexualmente-de-una-menor","status":"publish","type":"post","link":"https:\/\/apuntesdesanluis.com\/index.php\/2024\/05\/09\/condenaron-a-un-hombre-a-6-anos-de-prision-por-abusar-sexualmente-de-una-menor\/","title":{"rendered":"CONDENARON A UN HOMBRE A 6 A\u00d1OS DE PRISI\u00d3N POR ABUSAR SEXUALMENTE DE UNA MENOR"},"content":{"rendered":"<h3><strong>Javier Enrique Arce<\/strong> fue condenado a sufrir la pena de seis a\u00f1os de prisi\u00f3n, en el Servicio Penitenciario Provincial.<\/h3>\n<h3>Este jueves, el tribunal integrado por la Dra. Daniela Estrada y los Dres. Sebasti\u00e1n Cadelago Filippi y Mauro D`Agata Henr\u00edquez emiti\u00f3 el veredicto en marco de una causa donde se juzg\u00f3 a un hombre por un delito contra la integridad sexual.<\/h3>\n<h3>El hecho investigado fue denunciado el 31 de enero de 2019, en perjuicio de una ni\u00f1a de 14 a\u00f1os.<\/h3>\n<h3>Hoy al mediod\u00eda, el Dr. H\u00e9ctor Lazzari \u2013Secretario de la Oficina Judicial del Colegio de Jueces en lo Penal \u2013\u00a0 dio lectura al veredicto N\u00ba 21, con el que tribunal resolvi\u00f3:<\/h3>\n<h3>Declarar a Javier Enrique Arce autor penalmente responsable del delito de abuso sexual con acceso carnal (un hecho, Art. 45 y 119, primer y tercer p\u00e1rrafo del C\u00f3digo Penal Argentino) y condenarlo a sufrir la pena de seis a\u00f1os de prisi\u00f3n, ordenando su inmediata detenci\u00f3n y el traslado al Servicio Penitenciario Provincial.<\/h3>\n<h3>Asimismo, entre otros puntos, en el fallo se orden\u00f3 realizar las comunicaciones pertinentes al Registro Nacional de Reincidencia y atento la naturaleza del delito, al Registro Provincial y Banco Provincial de ADN.<\/h3>\n<h3>Para obtener m\u00e1s informaci\u00f3n sobre este caso ingrese al siguiente enlace:<\/h3>\n<h3><span style=\"color: #3366ff;\"><a style=\"color: #3366ff;\" href=\"https:\/\/www.periodicojudicial.gov.ar\/villa-mercedes-juzgan-a-un-hombre-por-delitos-contra-la-integridad-sexual-2\/\">https:\/\/www.periodicojudicial.gov.ar\/villa-mercedes-juzgan-a-un-hombre-por-delitos-contra-la-integridad-sexual-2\/<\/a>\u00a0<\/span><\/h3>\n<p>&nbsp;<\/p>\n<p>&nbsp;<\/p>\n<p>&nbsp;<\/p>\n","protected":false},"excerpt":{"rendered":"<p>Javier Enrique Arce fue condenado a sufrir la pena de seis a\u00f1os de prisi\u00f3n, en&#8230;<\/p>\n","protected":false},"author":1,"featured_media":15897,"comment_status":"closed","ping_status":"closed","sticky":false,"template":"","format":"standard","meta":{"footnotes":""},"categories":[6],"tags":[],"class_list":["post-15896","post","type-post","status-publish","format-standard","has-post-thumbnail","hentry","category-ciudad-provincia"],"yoast_head":"<!-- This site is optimized with the Yoast SEO plugin v26.1.1 - https:\/\/yoast.com\/wordpress\/plugins\/seo\/ -->\n<title>CONDENARON A UN HOMBRE A 6 A\u00d1OS DE PRISI\u00d3N POR ABUSAR SEXUALMENTE DE UNA MENOR - Apuntes de San Luis<\/title>\n<meta name=\"robots\" content=\"index, follow, max-snippet:-1, max-image-preview:large, max-video-preview:-1\" \/>\n<link rel=\"canonical\" href=\"https:\/\/apuntesdesanluis.com\/index.php\/2024\/05\/09\/condenaron-a-un-hombre-a-6-anos-de-prision-por-abusar-sexualmente-de-una-menor\/\" \/>\n<meta property=\"og:locale\" content=\"es_ES\" \/>\n<meta property=\"og:type\" content=\"article\" \/>\n<meta property=\"og:title\" content=\"CONDENARON A UN HOMBRE A 6 A\u00d1OS DE PRISI\u00d3N POR ABUSAR SEXUALMENTE DE UNA MENOR - Apuntes de San Luis\" \/>\n<meta property=\"og:description\" content=\"Javier Enrique Arce fue condenado a sufrir la pena de seis a\u00f1os de prisi\u00f3n, en...\" \/>\n<meta property=\"og:url\" content=\"https:\/\/apuntesdesanluis.com\/index.php\/2024\/05\/09\/condenaron-a-un-hombre-a-6-anos-de-prision-por-abusar-sexualmente-de-una-menor\/\" \/>\n<meta property=\"og:site_name\" content=\"Apuntes de San Luis\" \/>\n<meta property=\"article:published_time\" content=\"2024-05-09T23:06:33+00:00\" \/>\n<meta property=\"og:image\" content=\"https:\/\/apuntesdesanluis.com\/wp-content\/uploads\/2024\/05\/AUDIENCIA-2.png\" \/>\n\t<meta property=\"og:image:width\" content=\"600\" \/>\n\t<meta property=\"og:image:height\" content=\"323\" \/>\n\t<meta property=\"og:image:type\" content=\"image\/png\" \/>\n<meta name=\"author\" content=\"apuntesdesanluis.com\" \/>\n<meta name=\"twitter:card\" content=\"summary_large_image\" \/>\n<meta name=\"twitter:label1\" content=\"Escrito por\" \/>\n\t<meta name=\"twitter:data1\" content=\"apuntesdesanluis.com\" \/>\n\t<meta name=\"twitter:label2\" content=\"Tiempo de lectura\" \/>\n\t<meta name=\"twitter:data2\" content=\"1 minuto\" \/>\n<script type=\"application\/ld+json\" class=\"yoast-schema-graph\">{\"@context\":\"https:\/\/schema.org\",\"@graph\":[{\"@type\":\"Article\",\"@id\":\"https:\/\/apuntesdesanluis.com\/index.php\/2024\/05\/09\/condenaron-a-un-hombre-a-6-anos-de-prision-por-abusar-sexualmente-de-una-menor\/#article\",\"isPartOf\":{\"@id\":\"https:\/\/apuntesdesanluis.com\/index.php\/2024\/05\/09\/condenaron-a-un-hombre-a-6-anos-de-prision-por-abusar-sexualmente-de-una-menor\/\"},\"author\":{\"name\":\"apuntesdesanluis.com\",\"@id\":\"https:\/\/apuntesdesanluis.com\/#\/schema\/person\/b55151d52296fcce64d1a72538a70b90\"},\"headline\":\"CONDENARON A UN HOMBRE A 6 A\u00d1OS DE PRISI\u00d3N POR ABUSAR SEXUALMENTE DE UNA MENOR\",\"datePublished\":\"2024-05-09T23:06:33+00:00\",\"mainEntityOfPage\":{\"@id\":\"https:\/\/apuntesdesanluis.com\/index.php\/2024\/05\/09\/condenaron-a-un-hombre-a-6-anos-de-prision-por-abusar-sexualmente-de-una-menor\/\"},\"wordCount\":239,\"publisher\":{\"@id\":\"https:\/\/apuntesdesanluis.com\/#\/schema\/person\/b55151d52296fcce64d1a72538a70b90\"},\"image\":{\"@id\":\"https:\/\/apuntesdesanluis.com\/index.php\/2024\/05\/09\/condenaron-a-un-hombre-a-6-anos-de-prision-por-abusar-sexualmente-de-una-menor\/#primaryimage\"},\"thumbnailUrl\":\"https:\/\/apuntesdesanluis.com\/wp-content\/uploads\/2024\/05\/AUDIENCIA-2.png\",\"articleSection\":[\"Ciudad\/Provincia\"],\"inLanguage\":\"es-AR\"},{\"@type\":\"WebPage\",\"@id\":\"https:\/\/apuntesdesanluis.com\/index.php\/2024\/05\/09\/condenaron-a-un-hombre-a-6-anos-de-prision-por-abusar-sexualmente-de-una-menor\/\",\"url\":\"https:\/\/apuntesdesanluis.com\/index.php\/2024\/05\/09\/condenaron-a-un-hombre-a-6-anos-de-prision-por-abusar-sexualmente-de-una-menor\/\",\"name\":\"CONDENARON A UN HOMBRE A 6 A\u00d1OS DE PRISI\u00d3N POR ABUSAR SEXUALMENTE DE UNA MENOR - Apuntes de San Luis\",\"isPartOf\":{\"@id\":\"https:\/\/apuntesdesanluis.com\/#website\"},\"primaryImageOfPage\":{\"@id\":\"https:\/\/apuntesdesanluis.com\/index.php\/2024\/05\/09\/condenaron-a-un-hombre-a-6-anos-de-prision-por-abusar-sexualmente-de-una-menor\/#primaryimage\"},\"image\":{\"@id\":\"https:\/\/apuntesdesanluis.com\/index.php\/2024\/05\/09\/condenaron-a-un-hombre-a-6-anos-de-prision-por-abusar-sexualmente-de-una-menor\/#primaryimage\"},\"thumbnailUrl\":\"https:\/\/apuntesdesanluis.com\/wp-content\/uploads\/2024\/05\/AUDIENCIA-2.png\",\"datePublished\":\"2024-05-09T23:06:33+00:00\",\"breadcrumb\":{\"@id\":\"https:\/\/apuntesdesanluis.com\/index.php\/2024\/05\/09\/condenaron-a-un-hombre-a-6-anos-de-prision-por-abusar-sexualmente-de-una-menor\/#breadcrumb\"},\"inLanguage\":\"es-AR\",\"potentialAction\":[{\"@type\":\"ReadAction\",\"target\":[\"https:\/\/apuntesdesanluis.com\/index.php\/2024\/05\/09\/condenaron-a-un-hombre-a-6-anos-de-prision-por-abusar-sexualmente-de-una-menor\/\"]}]},{\"@type\":\"ImageObject\",\"inLanguage\":\"es-AR\",\"@id\":\"https:\/\/apuntesdesanluis.com\/index.php\/2024\/05\/09\/condenaron-a-un-hombre-a-6-anos-de-prision-por-abusar-sexualmente-de-una-menor\/#primaryimage\",\"url\":\"https:\/\/apuntesdesanluis.com\/wp-content\/uploads\/2024\/05\/AUDIENCIA-2.png\",\"contentUrl\":\"https:\/\/apuntesdesanluis.com\/wp-content\/uploads\/2024\/05\/AUDIENCIA-2.png\",\"width\":600,\"height\":323},{\"@type\":\"BreadcrumbList\",\"@id\":\"https:\/\/apuntesdesanluis.com\/index.php\/2024\/05\/09\/condenaron-a-un-hombre-a-6-anos-de-prision-por-abusar-sexualmente-de-una-menor\/#breadcrumb\",\"itemListElement\":[{\"@type\":\"ListItem\",\"position\":1,\"name\":\"Inicio\",\"item\":\"https:\/\/apuntesdesanluis.com\/\"},{\"@type\":\"ListItem\",\"position\":2,\"name\":\"CONDENARON A UN HOMBRE A 6 A\u00d1OS DE PRISI\u00d3N POR ABUSAR SEXUALMENTE DE UNA MENOR\"}]},{\"@type\":\"WebSite\",\"@id\":\"https:\/\/apuntesdesanluis.com\/#website\",\"url\":\"https:\/\/apuntesdesanluis.com\/\",\"name\":\"Apuntes de San Luis\",\"description\":\"\",\"publisher\":{\"@id\":\"https:\/\/apuntesdesanluis.com\/#\/schema\/person\/b55151d52296fcce64d1a72538a70b90\"},\"potentialAction\":[{\"@type\":\"SearchAction\",\"target\":{\"@type\":\"EntryPoint\",\"urlTemplate\":\"https:\/\/apuntesdesanluis.com\/?s={search_term_string}\"},\"query-input\":{\"@type\":\"PropertyValueSpecification\",\"valueRequired\":true,\"valueName\":\"search_term_string\"}}],\"inLanguage\":\"es-AR\"},{\"@type\":[\"Person\",\"Organization\"],\"@id\":\"https:\/\/apuntesdesanluis.com\/#\/schema\/person\/b55151d52296fcce64d1a72538a70b90\",\"name\":\"apuntesdesanluis.com\",\"image\":{\"@type\":\"ImageObject\",\"inLanguage\":\"es-AR\",\"@id\":\"https:\/\/apuntesdesanluis.com\/#\/schema\/person\/image\/\",\"url\":\"https:\/\/apuntesdesanluis.com\/wp-content\/uploads\/2023\/07\/cropped-apuntesdesanluis.png\",\"contentUrl\":\"https:\/\/apuntesdesanluis.com\/wp-content\/uploads\/2023\/07\/cropped-apuntesdesanluis.png\",\"width\":450,\"height\":112,\"caption\":\"apuntesdesanluis.com\"},\"logo\":{\"@id\":\"https:\/\/apuntesdesanluis.com\/#\/schema\/person\/image\/\"},\"sameAs\":[\"https:\/\/apuntesdesanluis.com\"],\"url\":\"https:\/\/apuntesdesanluis.com\/index.php\/author\/apuntesdesanluis-com\/\"}]}<\/script>\n<!-- \/ Yoast SEO plugin. -->","yoast_head_json":{"title":"CONDENARON A UN HOMBRE A 6 A\u00d1OS DE PRISI\u00d3N POR ABUSAR SEXUALMENTE DE UNA MENOR - Apuntes de San Luis","robots":{"index":"index","follow":"follow","max-snippet":"max-snippet:-1","max-image-preview":"max-image-preview:large","max-video-preview":"max-video-preview:-1"},"canonical":"https:\/\/apuntesdesanluis.com\/index.php\/2024\/05\/09\/condenaron-a-un-hombre-a-6-anos-de-prision-por-abusar-sexualmente-de-una-menor\/","og_locale":"es_ES","og_type":"article","og_title":"CONDENARON A UN HOMBRE A 6 A\u00d1OS DE PRISI\u00d3N POR ABUSAR SEXUALMENTE DE UNA MENOR - Apuntes de San Luis","og_description":"Javier Enrique Arce fue condenado a sufrir la pena de seis a\u00f1os de prisi\u00f3n, en...","og_url":"https:\/\/apuntesdesanluis.com\/index.php\/2024\/05\/09\/condenaron-a-un-hombre-a-6-anos-de-prision-por-abusar-sexualmente-de-una-menor\/","og_site_name":"Apuntes de San Luis","article_published_time":"2024-05-09T23:06:33+00:00","og_image":[{"width":600,"height":323,"url":"https:\/\/apuntesdesanluis.com\/wp-content\/uploads\/2024\/05\/AUDIENCIA-2.png","type":"image\/png"}],"author":"apuntesdesanluis.com","twitter_card":"summary_large_image","twitter_misc":{"Escrito por":"apuntesdesanluis.com","Tiempo de lectura":"1 minuto"},"schema":{"@context":"https:\/\/schema.org","@graph":[{"@type":"Article","@id":"https:\/\/apuntesdesanluis.com\/index.php\/2024\/05\/09\/condenaron-a-un-hombre-a-6-anos-de-prision-por-abusar-sexualmente-de-una-menor\/#article","isPartOf":{"@id":"https:\/\/apuntesdesanluis.com\/index.php\/2024\/05\/09\/condenaron-a-un-hombre-a-6-anos-de-prision-por-abusar-sexualmente-de-una-menor\/"},"author":{"name":"apuntesdesanluis.com","@id":"https:\/\/apuntesdesanluis.com\/#\/schema\/person\/b55151d52296fcce64d1a72538a70b90"},"headline":"CONDENARON A UN HOMBRE A 6 A\u00d1OS DE PRISI\u00d3N POR ABUSAR SEXUALMENTE DE UNA MENOR","datePublished":"2024-05-09T23:06:33+00:00","mainEntityOfPage":{"@id":"https:\/\/apuntesdesanluis.com\/index.php\/2024\/05\/09\/condenaron-a-un-hombre-a-6-anos-de-prision-por-abusar-sexualmente-de-una-menor\/"},"wordCount":239,"publisher":{"@id":"https:\/\/apuntesdesanluis.com\/#\/schema\/person\/b55151d52296fcce64d1a72538a70b90"},"image":{"@id":"https:\/\/apuntesdesanluis.com\/index.php\/2024\/05\/09\/condenaron-a-un-hombre-a-6-anos-de-prision-por-abusar-sexualmente-de-una-menor\/#primaryimage"},"thumbnailUrl":"https:\/\/apuntesdesanluis.com\/wp-content\/uploads\/2024\/05\/AUDIENCIA-2.png","articleSection":["Ciudad\/Provincia"],"inLanguage":"es-AR"},{"@type":"WebPage","@id":"https:\/\/apuntesdesanluis.com\/index.php\/2024\/05\/09\/condenaron-a-un-hombre-a-6-anos-de-prision-por-abusar-sexualmente-de-una-menor\/","url":"https:\/\/apuntesdesanluis.com\/index.php\/2024\/05\/09\/condenaron-a-un-hombre-a-6-anos-de-prision-por-abusar-sexualmente-de-una-menor\/","name":"CONDENARON A UN HOMBRE A 6 A\u00d1OS DE PRISI\u00d3N POR ABUSAR SEXUALMENTE DE UNA MENOR - Apuntes de San Luis","isPartOf":{"@id":"https:\/\/apuntesdesanluis.com\/#website"},"primaryImageOfPage":{"@id":"https:\/\/apuntesdesanluis.com\/index.php\/2024\/05\/09\/condenaron-a-un-hombre-a-6-anos-de-prision-por-abusar-sexualmente-de-una-menor\/#primaryimage"},"image":{"@id":"https:\/\/apuntesdesanluis.com\/index.php\/2024\/05\/09\/condenaron-a-un-hombre-a-6-anos-de-prision-por-abusar-sexualmente-de-una-menor\/#primaryimage"},"thumbnailUrl":"https:\/\/apuntesdesanluis.com\/wp-content\/uploads\/2024\/05\/AUDIENCIA-2.png","datePublished":"2024-05-09T23:06:33+00:00","breadcrumb":{"@id":"https:\/\/apuntesdesanluis.com\/index.php\/2024\/05\/09\/condenaron-a-un-hombre-a-6-anos-de-prision-por-abusar-sexualmente-de-una-menor\/#breadcrumb"},"inLanguage":"es-AR","potentialAction":[{"@type":"ReadAction","target":["https:\/\/apuntesdesanluis.com\/index.php\/2024\/05\/09\/condenaron-a-un-hombre-a-6-anos-de-prision-por-abusar-sexualmente-de-una-menor\/"]}]},{"@type":"ImageObject","inLanguage":"es-AR","@id":"https:\/\/apuntesdesanluis.com\/index.php\/2024\/05\/09\/condenaron-a-un-hombre-a-6-anos-de-prision-por-abusar-sexualmente-de-una-menor\/#primaryimage","url":"https:\/\/apuntesdesanluis.com\/wp-content\/uploads\/2024\/05\/AUDIENCIA-2.png","contentUrl":"https:\/\/apuntesdesanluis.com\/wp-content\/uploads\/2024\/05\/AUDIENCIA-2.png","width":600,"height":323},{"@type":"BreadcrumbList","@id":"https:\/\/apuntesdesanluis.com\/index.php\/2024\/05\/09\/condenaron-a-un-hombre-a-6-anos-de-prision-por-abusar-sexualmente-de-una-menor\/#breadcrumb","itemListElement":[{"@type":"ListItem","position":1,"name":"Inicio","item":"https:\/\/apuntesdesanluis.com\/"},{"@type":"ListItem","position":2,"name":"CONDENARON A UN HOMBRE A 6 A\u00d1OS DE PRISI\u00d3N POR ABUSAR SEXUALMENTE DE UNA MENOR"}]},{"@type":"WebSite","@id":"https:\/\/apuntesdesanluis.com\/#website","url":"https:\/\/apuntesdesanluis.com\/","name":"Apuntes de San Luis","description":"","publisher":{"@id":"https:\/\/apuntesdesanluis.com\/#\/schema\/person\/b55151d52296fcce64d1a72538a70b90"},"potentialAction":[{"@type":"SearchAction","target":{"@type":"EntryPoint","urlTemplate":"https:\/\/apuntesdesanluis.com\/?s={search_term_string}"},"query-input":{"@type":"PropertyValueSpecification","valueRequired":true,"valueName":"search_term_string"}}],"inLanguage":"es-AR"},{"@type":["Person","Organization"],"@id":"https:\/\/apuntesdesanluis.com\/#\/schema\/person\/b55151d52296fcce64d1a72538a70b90","name":"apuntesdesanluis.com","image":{"@type":"ImageObject","inLanguage":"es-AR","@id":"https:\/\/apuntesdesanluis.com\/#\/schema\/person\/image\/","url":"https:\/\/apuntesdesanluis.com\/wp-content\/uploads\/2023\/07\/cropped-apuntesdesanluis.png","contentUrl":"https:\/\/apuntesdesanluis.com\/wp-content\/uploads\/2023\/07\/cropped-apuntesdesanluis.png","width":450,"height":112,"caption":"apuntesdesanluis.com"},"logo":{"@id":"https:\/\/apuntesdesanluis.com\/#\/schema\/person\/image\/"},"sameAs":["https:\/\/apuntesdesanluis.com"],"url":"https:\/\/apuntesdesanluis.com\/index.php\/author\/apuntesdesanluis-com\/"}]}},"featured_image_urls":{"full":["https:\/\/apuntesdesanluis.com\/wp-content\/uploads\/2024\/05\/AUDIENCIA-2.png",600,323,false],"thumbnail":["https:\/\/apuntesdesanluis.com\/wp-content\/uploads\/2024\/05\/AUDIENCIA-2-150x150.png",150,150,true],"medium":["https:\/\/apuntesdesanluis.com\/wp-content\/uploads\/2024\/05\/AUDIENCIA-2-300x162.png",300,162,true],"medium_large":["https:\/\/apuntesdesanluis.com\/wp-content\/uploads\/2024\/05\/AUDIENCIA-2.png",600,323,false],"large":["https:\/\/apuntesdesanluis.com\/wp-content\/uploads\/2024\/05\/AUDIENCIA-2.png",600,323,false],"1536x1536":["https:\/\/apuntesdesanluis.com\/wp-content\/uploads\/2024\/05\/AUDIENCIA-2.png",600,323,false],"2048x2048":["https:\/\/apuntesdesanluis.com\/wp-content\/uploads\/2024\/05\/AUDIENCIA-2.png",600,323,false],"newsever-slider-full":["https:\/\/apuntesdesanluis.com\/wp-content\/uploads\/2024\/05\/AUDIENCIA-2.png",600,323,false],"newsever-featured":["https:\/\/apuntesdesanluis.com\/wp-content\/uploads\/2024\/05\/AUDIENCIA-2.png",600,323,false],"newsever-medium":["https:\/\/apuntesdesanluis.com\/wp-content\/uploads\/2024\/05\/AUDIENCIA-2.png",600,323,false]},"author_info":{"display_name":"apuntesdesanluis.com","author_link":"https:\/\/apuntesdesanluis.com\/index.php\/author\/apuntesdesanluis-com\/"},"category_info":"<a href=\"https:\/\/apuntesdesanluis.com\/index.php\/category\/ciudad-provincia\/\" rel=\"category tag\">Ciudad\/Provincia<\/a>","tag_info":"Ciudad\/Provincia","comment_count":"0","_links":{"self":[{"href":"https:\/\/apuntesdesanluis.com\/index.php\/wp-json\/wp\/v2\/posts\/15896","targetHints":{"allow":["GET"]}}],"collection":[{"href":"https:\/\/apuntesdesanluis.com\/index.php\/wp-json\/wp\/v2\/posts"}],"about":[{"href":"https:\/\/apuntesdesanluis.com\/index.php\/wp-json\/wp\/v2\/types\/post"}],"author":[{"embeddable":true,"href":"https:\/\/apuntesdesanluis.com\/index.php\/wp-json\/wp\/v2\/users\/1"}],"replies":[{"embeddable":true,"href":"https:\/\/apuntesdesanluis.com\/index.php\/wp-json\/wp\/v2\/comments?post=15896"}],"version-history":[{"count":1,"href":"https:\/\/apuntesdesanluis.com\/index.php\/wp-json\/wp\/v2\/posts\/15896\/revisions"}],"predecessor-version":[{"id":15898,"href":"https:\/\/apuntesdesanluis.com\/index.php\/wp-json\/wp\/v2\/posts\/15896\/revisions\/15898"}],"wp:featuredmedia":[{"embeddable":true,"href":"https:\/\/apuntesdesanluis.com\/index.php\/wp-json\/wp\/v2\/media\/15897"}],"wp:attachment":[{"href":"https:\/\/apuntesdesanluis.com\/index.php\/wp-json\/wp\/v2\/media?parent=15896"}],"wp:term":[{"taxonomy":"category","embeddable":true,"href":"https:\/\/apuntesdesanluis.com\/index.php\/wp-json\/wp\/v2\/categories?post=15896"},{"taxonomy":"post_tag","embeddable":true,"href":"https:\/\/apuntesdesanluis.com\/index.php\/wp-json\/wp\/v2\/tags?post=15896"}],"curies":[{"name":"wp","href":"https:\/\/api.w.org\/{rel}","templated":true}]}}