{"id":15899,"date":"2024-05-09T20:18:03","date_gmt":"2024-05-09T23:18:03","guid":{"rendered":"https:\/\/apuntesdesanluis.com\/?p=15899"},"modified":"2024-05-09T20:26:40","modified_gmt":"2024-05-09T23:26:40","slug":"enlaces-reafirmo-su-defensa-de-la-educacion-publica-argentina","status":"publish","type":"post","link":"https:\/\/apuntesdesanluis.com\/index.php\/2024\/05\/09\/enlaces-reafirmo-su-defensa-de-la-educacion-publica-argentina\/","title":{"rendered":"ENLACES REAFIRM\u00d3 SU \u201cDEFENSA DE LA EDUCACI\u00d3N P\u00daBLICA ARGENTINA\u201d"},"content":{"rendered":"<h3>El Espacio Latinoamericano y Caribe\u00f1o de Educaci\u00f3n Superior declar\u00f3 de manera un\u00e1nime y con firmeza, que \u201cla educaci\u00f3n es un derecho humano inalienable y un bien social incuestionable, que debe ser responsabilidad del Estado y jam\u00e1s una mercanc\u00eda\u201d.<\/h3>\n<h3>El documento completo expresa:<\/h3>\n<h3>Reunidos en San Luis, Argentina, durante nuestra III Conferencia General de ENLACES, declaramos de manera un\u00e1nime y con firmeza que la educaci\u00f3n es un derecho humano inalienable y un bien social incuestionable, que debe ser responsabilidad del Estado, incluso en t\u00e9rminos presupuestarios y jam\u00e1s una mercanc\u00eda.<\/h3>\n<h3>Consejos de Rectores de la regi\u00f3n junto a hist\u00f3ricas Redes Universitarias y la representaci\u00f3n de los claustros (estudiantes, docentes, y no docentes trabajadores de apoyo), decimos NO a cualquier medida, acci\u00f3n o pol\u00edtica que ponga en riesgo la Universidad P\u00fablica y su autonom\u00eda.<\/h3>\n<h3>Hoy asistimos a medidas que socavan la Educaci\u00f3n P\u00fablica Superior y paralizan, provocando un da\u00f1o irreparable, al sistema cient\u00edfico tecnol\u00f3gico argentino. Esto pone en riesgo la soberan\u00eda nacional fundada en el conocimiento, la ciencia, la tecnolog\u00eda, las humanidades, la extensi\u00f3n y las artes. Ning\u00fan gobierno tiene el derecho ni goza de legitimidad social para destruir este importante instrumento de desarrollo social y econ\u00f3mico de nuestros pa\u00edses.<\/h3>\n<h3>No hay corporativismo en esta defensa, hay convencimiento de que un desarrollo estrat\u00e9gico del pa\u00eds y la regi\u00f3n es posible con m\u00e1s y mejor Educaci\u00f3n P\u00fablica. Porque las universidades han sido motor fundamental en la construcci\u00f3n de la sociedad latinoamericana. Porque en sus aulas se han amalgamado durante d\u00e9cadas proyectos de pa\u00eds y se han forjado identidades nacionales.<\/h3>\n<h3>Desde ENLACES declaramos que creemos en la pluralidad de ideas, en la construcci\u00f3n de consensos en base al respeto y la diferencia porque la educaci\u00f3n p\u00fablica sigue siendo la gran impulsora de la movilidad social y la garant\u00eda de cobijar en su seno a todas las expresiones culturales religiosas, pol\u00edticas y sociales.<\/h3>\n<h3>No vamos a claudicar en la defensa de la Universidad P\u00fablica porque no solo defendemos la universidad de hoy, sino la universidad de ma\u00f1ana, para garantizar que las generaciones futuras puedan aspirar a un futuro mejor.<\/h3>\n<h3>Estamos convencidos que la universidad es autonom\u00eda, pertinencia social, trabajo, ciencia, arte, cultura que habita en cada rinc\u00f3n de nuestra Am\u00e9rica profunda.<\/h3>\n<h3>En consecuencia, la III Conferencia General de ENLACES expresa su solidaridad con la Universidad P\u00fablica Argentina, y afirmamos que el futuro de nuestros j\u00f3venes no est\u00e1 en manos de ning\u00fan gobierno, sino que las soluciones a nuestros problemas en gran medida residen en las acciones de las Universidades P\u00fablicas.<\/h3>\n<h4 style=\"text-align: right;\"><em>San Luis, 9 de mayo de 2024<\/em><\/h4>\n<h3><strong>CIERRE<\/strong><\/h3>\n<h3>En el segundo d\u00eda de encuentro, culmin\u00f3 la III Conferencia General del Espacio Latinoamericano y Caribe\u00f1o de Educaci\u00f3n Superior (ENLACES), con distintas actividades y la elecci\u00f3n de nuevas autoridades.<\/h3>\n<h3>En esta convocatoria en la que San Luis fue sede, se traz\u00f3 una l\u00ednea de recomendaciones desde el Comit\u00e9 Directivo, con la libre elecci\u00f3n de posicionamiento por parte de las nuevas autoridades. En esta hoja de ruta, se estrecharon fuertes compromisos de futuro inmediato, con un punto en com\u00fan: fortalecer las redes de cooperaci\u00f3n, con el lema de \u201cbienestar, equidad e igualdad\u201d.<\/h3>\n<p><img fetchpriority=\"high\" decoding=\"async\" class=\"wp-image-15902 aligncenter\" src=\"https:\/\/apuntesdesanluis.com\/wp-content\/uploads\/2024\/05\/DELIB.-ENLACES-300x136.png\" alt=\"\" width=\"607\" height=\"275\" srcset=\"https:\/\/apuntesdesanluis.com\/wp-content\/uploads\/2024\/05\/DELIB.-ENLACES-300x136.png 300w, https:\/\/apuntesdesanluis.com\/wp-content\/uploads\/2024\/05\/DELIB.-ENLACES.png 600w\" sizes=\"(max-width: 607px) 100vw, 607px\" \/><\/p>\n<h3>Bajo la propuesta de bienestar, equidad e igualdad, tambi\u00e9n se propuso un plan de becas e investigaci\u00f3n aplicable a la sociedad y el observatorio relacionado a temas acad\u00e9micos y de acreditaci\u00f3n.<\/h3>\n<h3>A su vez, un punto central sesionado fue la formaci\u00f3n de alianzas, en este sentido se firm\u00f3 un convenio con la Universidad Federal de R\u00edo de Janeiro, el acuerdo de ENLACES con el Consejo Universitario Iberoamericano (CUIB) y la integraci\u00f3n del Consejo de Rectores por la Integraci\u00f3n de la Subregi\u00f3n Centro Oeste de Sudam\u00e9rica (CRISCOS) a ENLACES.<\/h3>\n<h3>Finalmente, se hizo entrega de reconocimientos y asumieron las nuevas autoridades.<\/h3>\n<h3>Por unanimidad, la rectora de la Universidad Federal de Minas Gerais (UFMG), Dra. Sandra Goulart, fue elegida como la nueva presidenta del Consejo Directivo de ENLACES, y el secretario General del Consejo Superior Universitario Centroamericano (CSUCA), Dr. Juan Carlos Alvarado Cerezo, fue elegido como presidente de la IV Conferencia General del Espacio.<\/h3>\n<p>&nbsp;<\/p>\n<p>&nbsp;<\/p>\n<p>&nbsp;<\/p>\n<p>&nbsp;<\/p>\n<p>&nbsp;<\/p>\n<p>&nbsp;<\/p>\n<p>&nbsp;<\/p>\n<p>&nbsp;<\/p>\n<p>&nbsp;<\/p>\n<p>&nbsp;<\/p>\n","protected":false},"excerpt":{"rendered":"<p>El Espacio Latinoamericano y Caribe\u00f1o de Educaci\u00f3n Superior declar\u00f3 de manera un\u00e1nime y con firmeza,&#8230;<\/p>\n","protected":false},"author":1,"featured_media":15900,"comment_status":"closed","ping_status":"closed","sticky":false,"template":"","format":"standard","meta":{"footnotes":""},"categories":[6],"tags":[],"class_list":["post-15899","post","type-post","status-publish","format-standard","has-post-thumbnail","hentry","category-ciudad-provincia"],"yoast_head":"<!-- This site is optimized with the Yoast SEO plugin v26.1.1 - https:\/\/yoast.com\/wordpress\/plugins\/seo\/ -->\n<title>ENLACES REAFIRM\u00d3 SU \u201cDEFENSA DE LA EDUCACI\u00d3N P\u00daBLICA ARGENTINA\u201d - Apuntes de San Luis<\/title>\n<meta name=\"robots\" content=\"index, follow, max-snippet:-1, max-image-preview:large, max-video-preview:-1\" \/>\n<link rel=\"canonical\" href=\"https:\/\/apuntesdesanluis.com\/index.php\/2024\/05\/09\/enlaces-reafirmo-su-defensa-de-la-educacion-publica-argentina\/\" \/>\n<meta property=\"og:locale\" content=\"es_ES\" \/>\n<meta property=\"og:type\" content=\"article\" \/>\n<meta property=\"og:title\" content=\"ENLACES REAFIRM\u00d3 SU \u201cDEFENSA DE LA EDUCACI\u00d3N P\u00daBLICA ARGENTINA\u201d - Apuntes de San Luis\" \/>\n<meta property=\"og:description\" content=\"El Espacio Latinoamericano y Caribe\u00f1o de Educaci\u00f3n Superior declar\u00f3 de manera un\u00e1nime y con firmeza,...\" \/>\n<meta property=\"og:url\" content=\"https:\/\/apuntesdesanluis.com\/index.php\/2024\/05\/09\/enlaces-reafirmo-su-defensa-de-la-educacion-publica-argentina\/\" \/>\n<meta property=\"og:site_name\" content=\"Apuntes de San Luis\" \/>\n<meta property=\"article:published_time\" content=\"2024-05-09T23:18:03+00:00\" \/>\n<meta property=\"article:modified_time\" content=\"2024-05-09T23:26:40+00:00\" \/>\n<meta property=\"og:image\" content=\"https:\/\/apuntesdesanluis.com\/wp-content\/uploads\/2024\/05\/ENLACES-FOTO-GRUPAL.png\" \/>\n\t<meta property=\"og:image:width\" content=\"600\" \/>\n\t<meta property=\"og:image:height\" content=\"309\" \/>\n\t<meta property=\"og:image:type\" content=\"image\/png\" \/>\n<meta name=\"author\" content=\"apuntesdesanluis.com\" \/>\n<meta name=\"twitter:card\" content=\"summary_large_image\" \/>\n<meta name=\"twitter:label1\" content=\"Escrito por\" \/>\n\t<meta name=\"twitter:data1\" content=\"apuntesdesanluis.com\" \/>\n\t<meta name=\"twitter:label2\" content=\"Tiempo de lectura\" \/>\n\t<meta name=\"twitter:data2\" content=\"4 minutos\" \/>\n<script type=\"application\/ld+json\" class=\"yoast-schema-graph\">{\"@context\":\"https:\/\/schema.org\",\"@graph\":[{\"@type\":\"Article\",\"@id\":\"https:\/\/apuntesdesanluis.com\/index.php\/2024\/05\/09\/enlaces-reafirmo-su-defensa-de-la-educacion-publica-argentina\/#article\",\"isPartOf\":{\"@id\":\"https:\/\/apuntesdesanluis.com\/index.php\/2024\/05\/09\/enlaces-reafirmo-su-defensa-de-la-educacion-publica-argentina\/\"},\"author\":{\"name\":\"apuntesdesanluis.com\",\"@id\":\"https:\/\/apuntesdesanluis.com\/#\/schema\/person\/b55151d52296fcce64d1a72538a70b90\"},\"headline\":\"ENLACES REAFIRM\u00d3 SU \u201cDEFENSA DE LA EDUCACI\u00d3N P\u00daBLICA ARGENTINA\u201d\",\"datePublished\":\"2024-05-09T23:18:03+00:00\",\"dateModified\":\"2024-05-09T23:26:40+00:00\",\"mainEntityOfPage\":{\"@id\":\"https:\/\/apuntesdesanluis.com\/index.php\/2024\/05\/09\/enlaces-reafirmo-su-defensa-de-la-educacion-publica-argentina\/\"},\"wordCount\":753,\"publisher\":{\"@id\":\"https:\/\/apuntesdesanluis.com\/#\/schema\/person\/b55151d52296fcce64d1a72538a70b90\"},\"image\":{\"@id\":\"https:\/\/apuntesdesanluis.com\/index.php\/2024\/05\/09\/enlaces-reafirmo-su-defensa-de-la-educacion-publica-argentina\/#primaryimage\"},\"thumbnailUrl\":\"https:\/\/apuntesdesanluis.com\/wp-content\/uploads\/2024\/05\/ENLACES-FOTO-GRUPAL.png\",\"articleSection\":[\"Ciudad\/Provincia\"],\"inLanguage\":\"es-AR\"},{\"@type\":\"WebPage\",\"@id\":\"https:\/\/apuntesdesanluis.com\/index.php\/2024\/05\/09\/enlaces-reafirmo-su-defensa-de-la-educacion-publica-argentina\/\",\"url\":\"https:\/\/apuntesdesanluis.com\/index.php\/2024\/05\/09\/enlaces-reafirmo-su-defensa-de-la-educacion-publica-argentina\/\",\"name\":\"ENLACES REAFIRM\u00d3 SU \u201cDEFENSA DE LA EDUCACI\u00d3N P\u00daBLICA ARGENTINA\u201d - Apuntes de San Luis\",\"isPartOf\":{\"@id\":\"https:\/\/apuntesdesanluis.com\/#website\"},\"primaryImageOfPage\":{\"@id\":\"https:\/\/apuntesdesanluis.com\/index.php\/2024\/05\/09\/enlaces-reafirmo-su-defensa-de-la-educacion-publica-argentina\/#primaryimage\"},\"image\":{\"@id\":\"https:\/\/apuntesdesanluis.com\/index.php\/2024\/05\/09\/enlaces-reafirmo-su-defensa-de-la-educacion-publica-argentina\/#primaryimage\"},\"thumbnailUrl\":\"https:\/\/apuntesdesanluis.com\/wp-content\/uploads\/2024\/05\/ENLACES-FOTO-GRUPAL.png\",\"datePublished\":\"2024-05-09T23:18:03+00:00\",\"dateModified\":\"2024-05-09T23:26:40+00:00\",\"breadcrumb\":{\"@id\":\"https:\/\/apuntesdesanluis.com\/index.php\/2024\/05\/09\/enlaces-reafirmo-su-defensa-de-la-educacion-publica-argentina\/#breadcrumb\"},\"inLanguage\":\"es-AR\",\"potentialAction\":[{\"@type\":\"ReadAction\",\"target\":[\"https:\/\/apuntesdesanluis.com\/index.php\/2024\/05\/09\/enlaces-reafirmo-su-defensa-de-la-educacion-publica-argentina\/\"]}]},{\"@type\":\"ImageObject\",\"inLanguage\":\"es-AR\",\"@id\":\"https:\/\/apuntesdesanluis.com\/index.php\/2024\/05\/09\/enlaces-reafirmo-su-defensa-de-la-educacion-publica-argentina\/#primaryimage\",\"url\":\"https:\/\/apuntesdesanluis.com\/wp-content\/uploads\/2024\/05\/ENLACES-FOTO-GRUPAL.png\",\"contentUrl\":\"https:\/\/apuntesdesanluis.com\/wp-content\/uploads\/2024\/05\/ENLACES-FOTO-GRUPAL.png\",\"width\":600,\"height\":309},{\"@type\":\"BreadcrumbList\",\"@id\":\"https:\/\/apuntesdesanluis.com\/index.php\/2024\/05\/09\/enlaces-reafirmo-su-defensa-de-la-educacion-publica-argentina\/#breadcrumb\",\"itemListElement\":[{\"@type\":\"ListItem\",\"position\":1,\"name\":\"Inicio\",\"item\":\"https:\/\/apuntesdesanluis.com\/\"},{\"@type\":\"ListItem\",\"position\":2,\"name\":\"ENLACES REAFIRM\u00d3 SU \u201cDEFENSA DE LA EDUCACI\u00d3N P\u00daBLICA ARGENTINA\u201d\"}]},{\"@type\":\"WebSite\",\"@id\":\"https:\/\/apuntesdesanluis.com\/#website\",\"url\":\"https:\/\/apuntesdesanluis.com\/\",\"name\":\"Apuntes de San Luis\",\"description\":\"\",\"publisher\":{\"@id\":\"https:\/\/apuntesdesanluis.com\/#\/schema\/person\/b55151d52296fcce64d1a72538a70b90\"},\"potentialAction\":[{\"@type\":\"SearchAction\",\"target\":{\"@type\":\"EntryPoint\",\"urlTemplate\":\"https:\/\/apuntesdesanluis.com\/?s={search_term_string}\"},\"query-input\":{\"@type\":\"PropertyValueSpecification\",\"valueRequired\":true,\"valueName\":\"search_term_string\"}}],\"inLanguage\":\"es-AR\"},{\"@type\":[\"Person\",\"Organization\"],\"@id\":\"https:\/\/apuntesdesanluis.com\/#\/schema\/person\/b55151d52296fcce64d1a72538a70b90\",\"name\":\"apuntesdesanluis.com\",\"image\":{\"@type\":\"ImageObject\",\"inLanguage\":\"es-AR\",\"@id\":\"https:\/\/apuntesdesanluis.com\/#\/schema\/person\/image\/\",\"url\":\"https:\/\/apuntesdesanluis.com\/wp-content\/uploads\/2023\/07\/cropped-apuntesdesanluis.png\",\"contentUrl\":\"https:\/\/apuntesdesanluis.com\/wp-content\/uploads\/2023\/07\/cropped-apuntesdesanluis.png\",\"width\":450,\"height\":112,\"caption\":\"apuntesdesanluis.com\"},\"logo\":{\"@id\":\"https:\/\/apuntesdesanluis.com\/#\/schema\/person\/image\/\"},\"sameAs\":[\"https:\/\/apuntesdesanluis.com\"],\"url\":\"https:\/\/apuntesdesanluis.com\/index.php\/author\/apuntesdesanluis-com\/\"}]}<\/script>\n<!-- \/ Yoast SEO plugin. -->","yoast_head_json":{"title":"ENLACES REAFIRM\u00d3 SU \u201cDEFENSA DE LA EDUCACI\u00d3N P\u00daBLICA ARGENTINA\u201d - Apuntes de San Luis","robots":{"index":"index","follow":"follow","max-snippet":"max-snippet:-1","max-image-preview":"max-image-preview:large","max-video-preview":"max-video-preview:-1"},"canonical":"https:\/\/apuntesdesanluis.com\/index.php\/2024\/05\/09\/enlaces-reafirmo-su-defensa-de-la-educacion-publica-argentina\/","og_locale":"es_ES","og_type":"article","og_title":"ENLACES REAFIRM\u00d3 SU \u201cDEFENSA DE LA EDUCACI\u00d3N P\u00daBLICA ARGENTINA\u201d - Apuntes de San Luis","og_description":"El Espacio Latinoamericano y Caribe\u00f1o de Educaci\u00f3n Superior declar\u00f3 de manera un\u00e1nime y con firmeza,...","og_url":"https:\/\/apuntesdesanluis.com\/index.php\/2024\/05\/09\/enlaces-reafirmo-su-defensa-de-la-educacion-publica-argentina\/","og_site_name":"Apuntes de San Luis","article_published_time":"2024-05-09T23:18:03+00:00","article_modified_time":"2024-05-09T23:26:40+00:00","og_image":[{"width":600,"height":309,"url":"https:\/\/apuntesdesanluis.com\/wp-content\/uploads\/2024\/05\/ENLACES-FOTO-GRUPAL.png","type":"image\/png"}],"author":"apuntesdesanluis.com","twitter_card":"summary_large_image","twitter_misc":{"Escrito por":"apuntesdesanluis.com","Tiempo de lectura":"4 minutos"},"schema":{"@context":"https:\/\/schema.org","@graph":[{"@type":"Article","@id":"https:\/\/apuntesdesanluis.com\/index.php\/2024\/05\/09\/enlaces-reafirmo-su-defensa-de-la-educacion-publica-argentina\/#article","isPartOf":{"@id":"https:\/\/apuntesdesanluis.com\/index.php\/2024\/05\/09\/enlaces-reafirmo-su-defensa-de-la-educacion-publica-argentina\/"},"author":{"name":"apuntesdesanluis.com","@id":"https:\/\/apuntesdesanluis.com\/#\/schema\/person\/b55151d52296fcce64d1a72538a70b90"},"headline":"ENLACES REAFIRM\u00d3 SU \u201cDEFENSA DE LA EDUCACI\u00d3N P\u00daBLICA ARGENTINA\u201d","datePublished":"2024-05-09T23:18:03+00:00","dateModified":"2024-05-09T23:26:40+00:00","mainEntityOfPage":{"@id":"https:\/\/apuntesdesanluis.com\/index.php\/2024\/05\/09\/enlaces-reafirmo-su-defensa-de-la-educacion-publica-argentina\/"},"wordCount":753,"publisher":{"@id":"https:\/\/apuntesdesanluis.com\/#\/schema\/person\/b55151d52296fcce64d1a72538a70b90"},"image":{"@id":"https:\/\/apuntesdesanluis.com\/index.php\/2024\/05\/09\/enlaces-reafirmo-su-defensa-de-la-educacion-publica-argentina\/#primaryimage"},"thumbnailUrl":"https:\/\/apuntesdesanluis.com\/wp-content\/uploads\/2024\/05\/ENLACES-FOTO-GRUPAL.png","articleSection":["Ciudad\/Provincia"],"inLanguage":"es-AR"},{"@type":"WebPage","@id":"https:\/\/apuntesdesanluis.com\/index.php\/2024\/05\/09\/enlaces-reafirmo-su-defensa-de-la-educacion-publica-argentina\/","url":"https:\/\/apuntesdesanluis.com\/index.php\/2024\/05\/09\/enlaces-reafirmo-su-defensa-de-la-educacion-publica-argentina\/","name":"ENLACES REAFIRM\u00d3 SU \u201cDEFENSA DE LA EDUCACI\u00d3N P\u00daBLICA ARGENTINA\u201d - Apuntes de San Luis","isPartOf":{"@id":"https:\/\/apuntesdesanluis.com\/#website"},"primaryImageOfPage":{"@id":"https:\/\/apuntesdesanluis.com\/index.php\/2024\/05\/09\/enlaces-reafirmo-su-defensa-de-la-educacion-publica-argentina\/#primaryimage"},"image":{"@id":"https:\/\/apuntesdesanluis.com\/index.php\/2024\/05\/09\/enlaces-reafirmo-su-defensa-de-la-educacion-publica-argentina\/#primaryimage"},"thumbnailUrl":"https:\/\/apuntesdesanluis.com\/wp-content\/uploads\/2024\/05\/ENLACES-FOTO-GRUPAL.png","datePublished":"2024-05-09T23:18:03+00:00","dateModified":"2024-05-09T23:26:40+00:00","breadcrumb":{"@id":"https:\/\/apuntesdesanluis.com\/index.php\/2024\/05\/09\/enlaces-reafirmo-su-defensa-de-la-educacion-publica-argentina\/#breadcrumb"},"inLanguage":"es-AR","potentialAction":[{"@type":"ReadAction","target":["https:\/\/apuntesdesanluis.com\/index.php\/2024\/05\/09\/enlaces-reafirmo-su-defensa-de-la-educacion-publica-argentina\/"]}]},{"@type":"ImageObject","inLanguage":"es-AR","@id":"https:\/\/apuntesdesanluis.com\/index.php\/2024\/05\/09\/enlaces-reafirmo-su-defensa-de-la-educacion-publica-argentina\/#primaryimage","url":"https:\/\/apuntesdesanluis.com\/wp-content\/uploads\/2024\/05\/ENLACES-FOTO-GRUPAL.png","contentUrl":"https:\/\/apuntesdesanluis.com\/wp-content\/uploads\/2024\/05\/ENLACES-FOTO-GRUPAL.png","width":600,"height":309},{"@type":"BreadcrumbList","@id":"https:\/\/apuntesdesanluis.com\/index.php\/2024\/05\/09\/enlaces-reafirmo-su-defensa-de-la-educacion-publica-argentina\/#breadcrumb","itemListElement":[{"@type":"ListItem","position":1,"name":"Inicio","item":"https:\/\/apuntesdesanluis.com\/"},{"@type":"ListItem","position":2,"name":"ENLACES REAFIRM\u00d3 SU \u201cDEFENSA DE LA EDUCACI\u00d3N P\u00daBLICA ARGENTINA\u201d"}]},{"@type":"WebSite","@id":"https:\/\/apuntesdesanluis.com\/#website","url":"https:\/\/apuntesdesanluis.com\/","name":"Apuntes de San Luis","description":"","publisher":{"@id":"https:\/\/apuntesdesanluis.com\/#\/schema\/person\/b55151d52296fcce64d1a72538a70b90"},"potentialAction":[{"@type":"SearchAction","target":{"@type":"EntryPoint","urlTemplate":"https:\/\/apuntesdesanluis.com\/?s={search_term_string}"},"query-input":{"@type":"PropertyValueSpecification","valueRequired":true,"valueName":"search_term_string"}}],"inLanguage":"es-AR"},{"@type":["Person","Organization"],"@id":"https:\/\/apuntesdesanluis.com\/#\/schema\/person\/b55151d52296fcce64d1a72538a70b90","name":"apuntesdesanluis.com","image":{"@type":"ImageObject","inLanguage":"es-AR","@id":"https:\/\/apuntesdesanluis.com\/#\/schema\/person\/image\/","url":"https:\/\/apuntesdesanluis.com\/wp-content\/uploads\/2023\/07\/cropped-apuntesdesanluis.png","contentUrl":"https:\/\/apuntesdesanluis.com\/wp-content\/uploads\/2023\/07\/cropped-apuntesdesanluis.png","width":450,"height":112,"caption":"apuntesdesanluis.com"},"logo":{"@id":"https:\/\/apuntesdesanluis.com\/#\/schema\/person\/image\/"},"sameAs":["https:\/\/apuntesdesanluis.com"],"url":"https:\/\/apuntesdesanluis.com\/index.php\/author\/apuntesdesanluis-com\/"}]}},"featured_image_urls":{"full":["https:\/\/apuntesdesanluis.com\/wp-content\/uploads\/2024\/05\/ENLACES-FOTO-GRUPAL.png",600,309,false],"thumbnail":["https:\/\/apuntesdesanluis.com\/wp-content\/uploads\/2024\/05\/ENLACES-FOTO-GRUPAL-150x150.png",150,150,true],"medium":["https:\/\/apuntesdesanluis.com\/wp-content\/uploads\/2024\/05\/ENLACES-FOTO-GRUPAL-300x155.png",300,155,true],"medium_large":["https:\/\/apuntesdesanluis.com\/wp-content\/uploads\/2024\/05\/ENLACES-FOTO-GRUPAL.png",600,309,false],"large":["https:\/\/apuntesdesanluis.com\/wp-content\/uploads\/2024\/05\/ENLACES-FOTO-GRUPAL.png",600,309,false],"1536x1536":["https:\/\/apuntesdesanluis.com\/wp-content\/uploads\/2024\/05\/ENLACES-FOTO-GRUPAL.png",600,309,false],"2048x2048":["https:\/\/apuntesdesanluis.com\/wp-content\/uploads\/2024\/05\/ENLACES-FOTO-GRUPAL.png",600,309,false],"newsever-slider-full":["https:\/\/apuntesdesanluis.com\/wp-content\/uploads\/2024\/05\/ENLACES-FOTO-GRUPAL.png",600,309,false],"newsever-featured":["https:\/\/apuntesdesanluis.com\/wp-content\/uploads\/2024\/05\/ENLACES-FOTO-GRUPAL.png",600,309,false],"newsever-medium":["https:\/\/apuntesdesanluis.com\/wp-content\/uploads\/2024\/05\/ENLACES-FOTO-GRUPAL.png",600,309,false]},"author_info":{"display_name":"apuntesdesanluis.com","author_link":"https:\/\/apuntesdesanluis.com\/index.php\/author\/apuntesdesanluis-com\/"},"category_info":"<a href=\"https:\/\/apuntesdesanluis.com\/index.php\/category\/ciudad-provincia\/\" rel=\"category tag\">Ciudad\/Provincia<\/a>","tag_info":"Ciudad\/Provincia","comment_count":"0","_links":{"self":[{"href":"https:\/\/apuntesdesanluis.com\/index.php\/wp-json\/wp\/v2\/posts\/15899","targetHints":{"allow":["GET"]}}],"collection":[{"href":"https:\/\/apuntesdesanluis.com\/index.php\/wp-json\/wp\/v2\/posts"}],"about":[{"href":"https:\/\/apuntesdesanluis.com\/index.php\/wp-json\/wp\/v2\/types\/post"}],"author":[{"embeddable":true,"href":"https:\/\/apuntesdesanluis.com\/index.php\/wp-json\/wp\/v2\/users\/1"}],"replies":[{"embeddable":true,"href":"https:\/\/apuntesdesanluis.com\/index.php\/wp-json\/wp\/v2\/comments?post=15899"}],"version-history":[{"count":3,"href":"https:\/\/apuntesdesanluis.com\/index.php\/wp-json\/wp\/v2\/posts\/15899\/revisions"}],"predecessor-version":[{"id":15904,"href":"https:\/\/apuntesdesanluis.com\/index.php\/wp-json\/wp\/v2\/posts\/15899\/revisions\/15904"}],"wp:featuredmedia":[{"embeddable":true,"href":"https:\/\/apuntesdesanluis.com\/index.php\/wp-json\/wp\/v2\/media\/15900"}],"wp:attachment":[{"href":"https:\/\/apuntesdesanluis.com\/index.php\/wp-json\/wp\/v2\/media?parent=15899"}],"wp:term":[{"taxonomy":"category","embeddable":true,"href":"https:\/\/apuntesdesanluis.com\/index.php\/wp-json\/wp\/v2\/categories?post=15899"},{"taxonomy":"post_tag","embeddable":true,"href":"https:\/\/apuntesdesanluis.com\/index.php\/wp-json\/wp\/v2\/tags?post=15899"}],"curies":[{"name":"wp","href":"https:\/\/api.w.org\/{rel}","templated":true}]}}