{"id":15909,"date":"2024-05-09T20:43:35","date_gmt":"2024-05-09T23:43:35","guid":{"rendered":"https:\/\/apuntesdesanluis.com\/?p=15909"},"modified":"2024-05-10T00:10:00","modified_gmt":"2024-05-10T03:10:00","slug":"activaron-nuevo-sistema-de-alarma-ciudadana-en-el-barrio-pringles-de-villa-mercedes","status":"publish","type":"post","link":"https:\/\/apuntesdesanluis.com\/index.php\/2024\/05\/09\/activaron-nuevo-sistema-de-alarma-ciudadana-en-el-barrio-pringles-de-villa-mercedes\/","title":{"rendered":"ACTIVARON NUEVO SISTEMA DE \u2018ALARMA CIUDADANA\u00b4, EN EL BARRIO PRINGLES DE VILLA MERCEDES"},"content":{"rendered":"<h3>Este jueves por la tarde, el ministerio de Seguridad activ\u00f3 la aplicaci\u00f3n en Villa Mercedes, durante un encuentro con los vecinos.<\/h3>\n<h3>El barrio Pringles de Villa Mercedes ya est\u00e1 bajo la \u00f3rbita del sistema de Alarma Ciudadana. En la esquina de Italia e Hip\u00f3lito Yrigoyen se instal\u00f3 el primer equipo, que cuenta con una sirena que puede ser activada por los vecinos o desde el centro de control del 911, ante alguna situaci\u00f3n que puede estar relacionada con alg\u00fan il\u00edcito, accidente de tr\u00e1nsito o cualquier emergencia que requiera la intervenci\u00f3n no solo de la Polic\u00eda, sino tambi\u00e9n de bomberos, ambulancia e, incluso, personal municipal. El sistema se complementa con una aplicaci\u00f3n para utilizar con el tel\u00e9fono.<\/h3>\n<h3>La ministro de Seguridad, <strong>Nancy Sosa<\/strong>, fue quien durante la tarde de este jueves puso en marcha esta nueva pol\u00edtica de Estado. En la presentaci\u00f3n, remarc\u00f3 que \u201cesto es una inversi\u00f3n del Gobierno provincial en pos de m\u00e1s seguridad, ahora es sumamente importante la participaci\u00f3n de los vecinos. De hecho, esto no funciona sin la participaci\u00f3n de los vecinos. Se trata de un sistema tecnol\u00f3gico que, gracias a la colaboraci\u00f3n de la Agencia de Ciencia y Tecnolog\u00eda a cargo del licenciado Pablo Guerreiro, se ha podido integrar la alarma que tiempo atr\u00e1s se activaba a trav\u00e9s de un pulsador manual, con algo que tiene todo el mundo, el tel\u00e9fono celular\u201d.<\/h3>\n<h3><img fetchpriority=\"high\" decoding=\"async\" class=\"wp-image-15911 aligncenter\" src=\"https:\/\/apuntesdesanluis.com\/wp-content\/uploads\/2024\/05\/ministra-nancy-sosa-300x212.png\" alt=\"\" width=\"533\" height=\"377\" srcset=\"https:\/\/apuntesdesanluis.com\/wp-content\/uploads\/2024\/05\/ministra-nancy-sosa-300x212.png 300w, https:\/\/apuntesdesanluis.com\/wp-content\/uploads\/2024\/05\/ministra-nancy-sosa.png 600w\" sizes=\"(max-width: 533px) 100vw, 533px\" \/><\/h3>\n<h3>La funcionaria agreg\u00f3 que \u201cel equipo que se instala en los postes se conecta directamente con el 911, momento en el que se activa la emergencia y se empiezan a generar la respuesta y los despachos, es decir qui\u00e9n va a llegar en respuesta de la emergencia. Los operadores del sistema sabr\u00e1n en qu\u00e9 lugar se produjo la situaci\u00f3n y se comunicar\u00e1n con quien accion\u00f3 la alarma. As\u00ed se reducen los tiempos de respuesta\u201d.<\/h3>\n<h3>Lo realizado este jueves es la primera etapa \u201cen la que trabajamos el Gobierno, la Municipalidad y la comunidad en conjunto. Tenemos que entender que el abordaje de la seguridad requiere que todos tenemos que comprometernos e involucrarnos.<\/h3>\n<h3>El intendente de Villa Mercedes, Maximiliano Frontera, que particip\u00f3 del acto junto con la viceintendenta Silvina Galetto, resalt\u00f3 \u201cel agradecimiento al gobernador de la Provincia, Claudio Poggi, y a la ministra, porque hace poquitos d\u00edas los vecinos estaban en la calle manifestando por la inseguridad, principalmente en este barrio. Cuando Nancy (Sosa) me llam\u00f3 por tel\u00e9fono para plantear lo de \u2018Alarma Ciudadana\u2019, pedimos empezar por el barrio Pringles\u201d.<\/h3>\n<h3>\u201cQuiero llevarle tranquilidad a la comunidad \u2013continu\u00f3 el edil-, porque estamos trabajando en forma conjunta Gobierno y municipio. La inseguridad no tiene bandera pol\u00edtica, por lo que vamos a seguir trabajando en este caso y seguir\u00e9 acompa\u00f1ando al Gobernador en todo lo que sea para el bien de nuestra ciudad\u201d.<\/h3>\n<h3>Por \u00faltimo, David Mediavilla, vecino del barrio Pringles, utiliz\u00f3 frente a los presentes y por primera vez la aplicaci\u00f3n, accion\u00e1ndose al instante la sirena, para recibir segundos despu\u00e9s el llamado del 911 para conocer qu\u00e9 situaci\u00f3n acontec\u00eda. Al enterarse el operador de que se trataba de una prueba, brind\u00f3 la informaci\u00f3n que en tiempo real hab\u00eda llegado a su mesa de trabajo.<\/h3>\n<h3>Se espera en breve continuar con la colocaci\u00f3n de m\u00e1s alarmas en diversos puntos de Villa Mercedes, estim\u00e1ndose que el alcance de las sirenas, que cumplen adem\u00e1s un efecto disuasorio, es de aproximadamente 200 metros a la redonda.<\/h3>\n<p>&nbsp;<\/p>\n<p>&nbsp;<\/p>\n<p>&nbsp;<\/p>\n<p>&nbsp;<\/p>\n<p>&nbsp;<\/p>\n<p>&nbsp;<\/p>\n","protected":false},"excerpt":{"rendered":"<p>Este jueves por la tarde, el ministerio de Seguridad activ\u00f3 la aplicaci\u00f3n en Villa Mercedes,&#8230;<\/p>\n","protected":false},"author":1,"featured_media":15910,"comment_status":"closed","ping_status":"closed","sticky":false,"template":"","format":"standard","meta":{"footnotes":""},"categories":[6],"tags":[],"class_list":["post-15909","post","type-post","status-publish","format-standard","has-post-thumbnail","hentry","category-ciudad-provincia"],"yoast_head":"<!-- This site is optimized with the Yoast SEO plugin v26.1.1 - https:\/\/yoast.com\/wordpress\/plugins\/seo\/ -->\n<title>ACTIVARON NUEVO SISTEMA DE \u2018ALARMA CIUDADANA\u00b4, EN EL BARRIO PRINGLES DE VILLA MERCEDES - Apuntes de San Luis<\/title>\n<meta name=\"robots\" content=\"index, follow, max-snippet:-1, max-image-preview:large, max-video-preview:-1\" \/>\n<link rel=\"canonical\" href=\"https:\/\/apuntesdesanluis.com\/index.php\/2024\/05\/09\/activaron-nuevo-sistema-de-alarma-ciudadana-en-el-barrio-pringles-de-villa-mercedes\/\" \/>\n<meta property=\"og:locale\" content=\"es_ES\" \/>\n<meta property=\"og:type\" content=\"article\" \/>\n<meta property=\"og:title\" content=\"ACTIVARON NUEVO SISTEMA DE \u2018ALARMA CIUDADANA\u00b4, EN EL BARRIO PRINGLES DE VILLA MERCEDES - Apuntes de San Luis\" \/>\n<meta property=\"og:description\" content=\"Este jueves por la tarde, el ministerio de Seguridad activ\u00f3 la aplicaci\u00f3n en Villa Mercedes,...\" \/>\n<meta property=\"og:url\" content=\"https:\/\/apuntesdesanluis.com\/index.php\/2024\/05\/09\/activaron-nuevo-sistema-de-alarma-ciudadana-en-el-barrio-pringles-de-villa-mercedes\/\" \/>\n<meta property=\"og:site_name\" content=\"Apuntes de San Luis\" \/>\n<meta property=\"article:published_time\" content=\"2024-05-09T23:43:35+00:00\" \/>\n<meta property=\"article:modified_time\" content=\"2024-05-10T03:10:00+00:00\" \/>\n<meta property=\"og:image\" content=\"https:\/\/apuntesdesanluis.com\/wp-content\/uploads\/2024\/05\/nancy-sosa.png\" \/>\n\t<meta property=\"og:image:width\" content=\"600\" \/>\n\t<meta property=\"og:image:height\" content=\"333\" \/>\n\t<meta property=\"og:image:type\" content=\"image\/png\" \/>\n<meta name=\"author\" content=\"apuntesdesanluis.com\" \/>\n<meta name=\"twitter:card\" content=\"summary_large_image\" \/>\n<meta name=\"twitter:label1\" content=\"Escrito por\" \/>\n\t<meta name=\"twitter:data1\" content=\"apuntesdesanluis.com\" \/>\n\t<meta name=\"twitter:label2\" content=\"Tiempo de lectura\" \/>\n\t<meta name=\"twitter:data2\" content=\"3 minutos\" \/>\n<script type=\"application\/ld+json\" class=\"yoast-schema-graph\">{\"@context\":\"https:\/\/schema.org\",\"@graph\":[{\"@type\":\"Article\",\"@id\":\"https:\/\/apuntesdesanluis.com\/index.php\/2024\/05\/09\/activaron-nuevo-sistema-de-alarma-ciudadana-en-el-barrio-pringles-de-villa-mercedes\/#article\",\"isPartOf\":{\"@id\":\"https:\/\/apuntesdesanluis.com\/index.php\/2024\/05\/09\/activaron-nuevo-sistema-de-alarma-ciudadana-en-el-barrio-pringles-de-villa-mercedes\/\"},\"author\":{\"name\":\"apuntesdesanluis.com\",\"@id\":\"https:\/\/apuntesdesanluis.com\/#\/schema\/person\/b55151d52296fcce64d1a72538a70b90\"},\"headline\":\"ACTIVARON NUEVO SISTEMA DE \u2018ALARMA CIUDADANA\u00b4, EN EL BARRIO PRINGLES DE VILLA MERCEDES\",\"datePublished\":\"2024-05-09T23:43:35+00:00\",\"dateModified\":\"2024-05-10T03:10:00+00:00\",\"mainEntityOfPage\":{\"@id\":\"https:\/\/apuntesdesanluis.com\/index.php\/2024\/05\/09\/activaron-nuevo-sistema-de-alarma-ciudadana-en-el-barrio-pringles-de-villa-mercedes\/\"},\"wordCount\":613,\"publisher\":{\"@id\":\"https:\/\/apuntesdesanluis.com\/#\/schema\/person\/b55151d52296fcce64d1a72538a70b90\"},\"image\":{\"@id\":\"https:\/\/apuntesdesanluis.com\/index.php\/2024\/05\/09\/activaron-nuevo-sistema-de-alarma-ciudadana-en-el-barrio-pringles-de-villa-mercedes\/#primaryimage\"},\"thumbnailUrl\":\"https:\/\/apuntesdesanluis.com\/wp-content\/uploads\/2024\/05\/nancy-sosa.png\",\"articleSection\":[\"Ciudad\/Provincia\"],\"inLanguage\":\"es-AR\"},{\"@type\":\"WebPage\",\"@id\":\"https:\/\/apuntesdesanluis.com\/index.php\/2024\/05\/09\/activaron-nuevo-sistema-de-alarma-ciudadana-en-el-barrio-pringles-de-villa-mercedes\/\",\"url\":\"https:\/\/apuntesdesanluis.com\/index.php\/2024\/05\/09\/activaron-nuevo-sistema-de-alarma-ciudadana-en-el-barrio-pringles-de-villa-mercedes\/\",\"name\":\"ACTIVARON NUEVO SISTEMA DE \u2018ALARMA CIUDADANA\u00b4, EN EL BARRIO PRINGLES DE VILLA MERCEDES - Apuntes de San Luis\",\"isPartOf\":{\"@id\":\"https:\/\/apuntesdesanluis.com\/#website\"},\"primaryImageOfPage\":{\"@id\":\"https:\/\/apuntesdesanluis.com\/index.php\/2024\/05\/09\/activaron-nuevo-sistema-de-alarma-ciudadana-en-el-barrio-pringles-de-villa-mercedes\/#primaryimage\"},\"image\":{\"@id\":\"https:\/\/apuntesdesanluis.com\/index.php\/2024\/05\/09\/activaron-nuevo-sistema-de-alarma-ciudadana-en-el-barrio-pringles-de-villa-mercedes\/#primaryimage\"},\"thumbnailUrl\":\"https:\/\/apuntesdesanluis.com\/wp-content\/uploads\/2024\/05\/nancy-sosa.png\",\"datePublished\":\"2024-05-09T23:43:35+00:00\",\"dateModified\":\"2024-05-10T03:10:00+00:00\",\"breadcrumb\":{\"@id\":\"https:\/\/apuntesdesanluis.com\/index.php\/2024\/05\/09\/activaron-nuevo-sistema-de-alarma-ciudadana-en-el-barrio-pringles-de-villa-mercedes\/#breadcrumb\"},\"inLanguage\":\"es-AR\",\"potentialAction\":[{\"@type\":\"ReadAction\",\"target\":[\"https:\/\/apuntesdesanluis.com\/index.php\/2024\/05\/09\/activaron-nuevo-sistema-de-alarma-ciudadana-en-el-barrio-pringles-de-villa-mercedes\/\"]}]},{\"@type\":\"ImageObject\",\"inLanguage\":\"es-AR\",\"@id\":\"https:\/\/apuntesdesanluis.com\/index.php\/2024\/05\/09\/activaron-nuevo-sistema-de-alarma-ciudadana-en-el-barrio-pringles-de-villa-mercedes\/#primaryimage\",\"url\":\"https:\/\/apuntesdesanluis.com\/wp-content\/uploads\/2024\/05\/nancy-sosa.png\",\"contentUrl\":\"https:\/\/apuntesdesanluis.com\/wp-content\/uploads\/2024\/05\/nancy-sosa.png\",\"width\":600,\"height\":333},{\"@type\":\"BreadcrumbList\",\"@id\":\"https:\/\/apuntesdesanluis.com\/index.php\/2024\/05\/09\/activaron-nuevo-sistema-de-alarma-ciudadana-en-el-barrio-pringles-de-villa-mercedes\/#breadcrumb\",\"itemListElement\":[{\"@type\":\"ListItem\",\"position\":1,\"name\":\"Inicio\",\"item\":\"https:\/\/apuntesdesanluis.com\/\"},{\"@type\":\"ListItem\",\"position\":2,\"name\":\"ACTIVARON NUEVO SISTEMA DE \u2018ALARMA CIUDADANA\u00b4, EN EL BARRIO PRINGLES DE VILLA MERCEDES\"}]},{\"@type\":\"WebSite\",\"@id\":\"https:\/\/apuntesdesanluis.com\/#website\",\"url\":\"https:\/\/apuntesdesanluis.com\/\",\"name\":\"Apuntes de San Luis\",\"description\":\"\",\"publisher\":{\"@id\":\"https:\/\/apuntesdesanluis.com\/#\/schema\/person\/b55151d52296fcce64d1a72538a70b90\"},\"potentialAction\":[{\"@type\":\"SearchAction\",\"target\":{\"@type\":\"EntryPoint\",\"urlTemplate\":\"https:\/\/apuntesdesanluis.com\/?s={search_term_string}\"},\"query-input\":{\"@type\":\"PropertyValueSpecification\",\"valueRequired\":true,\"valueName\":\"search_term_string\"}}],\"inLanguage\":\"es-AR\"},{\"@type\":[\"Person\",\"Organization\"],\"@id\":\"https:\/\/apuntesdesanluis.com\/#\/schema\/person\/b55151d52296fcce64d1a72538a70b90\",\"name\":\"apuntesdesanluis.com\",\"image\":{\"@type\":\"ImageObject\",\"inLanguage\":\"es-AR\",\"@id\":\"https:\/\/apuntesdesanluis.com\/#\/schema\/person\/image\/\",\"url\":\"https:\/\/apuntesdesanluis.com\/wp-content\/uploads\/2023\/07\/cropped-apuntesdesanluis.png\",\"contentUrl\":\"https:\/\/apuntesdesanluis.com\/wp-content\/uploads\/2023\/07\/cropped-apuntesdesanluis.png\",\"width\":450,\"height\":112,\"caption\":\"apuntesdesanluis.com\"},\"logo\":{\"@id\":\"https:\/\/apuntesdesanluis.com\/#\/schema\/person\/image\/\"},\"sameAs\":[\"https:\/\/apuntesdesanluis.com\"],\"url\":\"https:\/\/apuntesdesanluis.com\/index.php\/author\/apuntesdesanluis-com\/\"}]}<\/script>\n<!-- \/ Yoast SEO plugin. -->","yoast_head_json":{"title":"ACTIVARON NUEVO SISTEMA DE \u2018ALARMA CIUDADANA\u00b4, EN EL BARRIO PRINGLES DE VILLA MERCEDES - Apuntes de San Luis","robots":{"index":"index","follow":"follow","max-snippet":"max-snippet:-1","max-image-preview":"max-image-preview:large","max-video-preview":"max-video-preview:-1"},"canonical":"https:\/\/apuntesdesanluis.com\/index.php\/2024\/05\/09\/activaron-nuevo-sistema-de-alarma-ciudadana-en-el-barrio-pringles-de-villa-mercedes\/","og_locale":"es_ES","og_type":"article","og_title":"ACTIVARON NUEVO SISTEMA DE \u2018ALARMA CIUDADANA\u00b4, EN EL BARRIO PRINGLES DE VILLA MERCEDES - Apuntes de San Luis","og_description":"Este jueves por la tarde, el ministerio de Seguridad activ\u00f3 la aplicaci\u00f3n en Villa Mercedes,...","og_url":"https:\/\/apuntesdesanluis.com\/index.php\/2024\/05\/09\/activaron-nuevo-sistema-de-alarma-ciudadana-en-el-barrio-pringles-de-villa-mercedes\/","og_site_name":"Apuntes de San Luis","article_published_time":"2024-05-09T23:43:35+00:00","article_modified_time":"2024-05-10T03:10:00+00:00","og_image":[{"width":600,"height":333,"url":"https:\/\/apuntesdesanluis.com\/wp-content\/uploads\/2024\/05\/nancy-sosa.png","type":"image\/png"}],"author":"apuntesdesanluis.com","twitter_card":"summary_large_image","twitter_misc":{"Escrito por":"apuntesdesanluis.com","Tiempo de lectura":"3 minutos"},"schema":{"@context":"https:\/\/schema.org","@graph":[{"@type":"Article","@id":"https:\/\/apuntesdesanluis.com\/index.php\/2024\/05\/09\/activaron-nuevo-sistema-de-alarma-ciudadana-en-el-barrio-pringles-de-villa-mercedes\/#article","isPartOf":{"@id":"https:\/\/apuntesdesanluis.com\/index.php\/2024\/05\/09\/activaron-nuevo-sistema-de-alarma-ciudadana-en-el-barrio-pringles-de-villa-mercedes\/"},"author":{"name":"apuntesdesanluis.com","@id":"https:\/\/apuntesdesanluis.com\/#\/schema\/person\/b55151d52296fcce64d1a72538a70b90"},"headline":"ACTIVARON NUEVO SISTEMA DE \u2018ALARMA CIUDADANA\u00b4, EN EL BARRIO PRINGLES DE VILLA MERCEDES","datePublished":"2024-05-09T23:43:35+00:00","dateModified":"2024-05-10T03:10:00+00:00","mainEntityOfPage":{"@id":"https:\/\/apuntesdesanluis.com\/index.php\/2024\/05\/09\/activaron-nuevo-sistema-de-alarma-ciudadana-en-el-barrio-pringles-de-villa-mercedes\/"},"wordCount":613,"publisher":{"@id":"https:\/\/apuntesdesanluis.com\/#\/schema\/person\/b55151d52296fcce64d1a72538a70b90"},"image":{"@id":"https:\/\/apuntesdesanluis.com\/index.php\/2024\/05\/09\/activaron-nuevo-sistema-de-alarma-ciudadana-en-el-barrio-pringles-de-villa-mercedes\/#primaryimage"},"thumbnailUrl":"https:\/\/apuntesdesanluis.com\/wp-content\/uploads\/2024\/05\/nancy-sosa.png","articleSection":["Ciudad\/Provincia"],"inLanguage":"es-AR"},{"@type":"WebPage","@id":"https:\/\/apuntesdesanluis.com\/index.php\/2024\/05\/09\/activaron-nuevo-sistema-de-alarma-ciudadana-en-el-barrio-pringles-de-villa-mercedes\/","url":"https:\/\/apuntesdesanluis.com\/index.php\/2024\/05\/09\/activaron-nuevo-sistema-de-alarma-ciudadana-en-el-barrio-pringles-de-villa-mercedes\/","name":"ACTIVARON NUEVO SISTEMA DE \u2018ALARMA CIUDADANA\u00b4, EN EL BARRIO PRINGLES DE VILLA MERCEDES - Apuntes de San Luis","isPartOf":{"@id":"https:\/\/apuntesdesanluis.com\/#website"},"primaryImageOfPage":{"@id":"https:\/\/apuntesdesanluis.com\/index.php\/2024\/05\/09\/activaron-nuevo-sistema-de-alarma-ciudadana-en-el-barrio-pringles-de-villa-mercedes\/#primaryimage"},"image":{"@id":"https:\/\/apuntesdesanluis.com\/index.php\/2024\/05\/09\/activaron-nuevo-sistema-de-alarma-ciudadana-en-el-barrio-pringles-de-villa-mercedes\/#primaryimage"},"thumbnailUrl":"https:\/\/apuntesdesanluis.com\/wp-content\/uploads\/2024\/05\/nancy-sosa.png","datePublished":"2024-05-09T23:43:35+00:00","dateModified":"2024-05-10T03:10:00+00:00","breadcrumb":{"@id":"https:\/\/apuntesdesanluis.com\/index.php\/2024\/05\/09\/activaron-nuevo-sistema-de-alarma-ciudadana-en-el-barrio-pringles-de-villa-mercedes\/#breadcrumb"},"inLanguage":"es-AR","potentialAction":[{"@type":"ReadAction","target":["https:\/\/apuntesdesanluis.com\/index.php\/2024\/05\/09\/activaron-nuevo-sistema-de-alarma-ciudadana-en-el-barrio-pringles-de-villa-mercedes\/"]}]},{"@type":"ImageObject","inLanguage":"es-AR","@id":"https:\/\/apuntesdesanluis.com\/index.php\/2024\/05\/09\/activaron-nuevo-sistema-de-alarma-ciudadana-en-el-barrio-pringles-de-villa-mercedes\/#primaryimage","url":"https:\/\/apuntesdesanluis.com\/wp-content\/uploads\/2024\/05\/nancy-sosa.png","contentUrl":"https:\/\/apuntesdesanluis.com\/wp-content\/uploads\/2024\/05\/nancy-sosa.png","width":600,"height":333},{"@type":"BreadcrumbList","@id":"https:\/\/apuntesdesanluis.com\/index.php\/2024\/05\/09\/activaron-nuevo-sistema-de-alarma-ciudadana-en-el-barrio-pringles-de-villa-mercedes\/#breadcrumb","itemListElement":[{"@type":"ListItem","position":1,"name":"Inicio","item":"https:\/\/apuntesdesanluis.com\/"},{"@type":"ListItem","position":2,"name":"ACTIVARON NUEVO SISTEMA DE \u2018ALARMA CIUDADANA\u00b4, EN EL BARRIO PRINGLES DE VILLA MERCEDES"}]},{"@type":"WebSite","@id":"https:\/\/apuntesdesanluis.com\/#website","url":"https:\/\/apuntesdesanluis.com\/","name":"Apuntes de San Luis","description":"","publisher":{"@id":"https:\/\/apuntesdesanluis.com\/#\/schema\/person\/b55151d52296fcce64d1a72538a70b90"},"potentialAction":[{"@type":"SearchAction","target":{"@type":"EntryPoint","urlTemplate":"https:\/\/apuntesdesanluis.com\/?s={search_term_string}"},"query-input":{"@type":"PropertyValueSpecification","valueRequired":true,"valueName":"search_term_string"}}],"inLanguage":"es-AR"},{"@type":["Person","Organization"],"@id":"https:\/\/apuntesdesanluis.com\/#\/schema\/person\/b55151d52296fcce64d1a72538a70b90","name":"apuntesdesanluis.com","image":{"@type":"ImageObject","inLanguage":"es-AR","@id":"https:\/\/apuntesdesanluis.com\/#\/schema\/person\/image\/","url":"https:\/\/apuntesdesanluis.com\/wp-content\/uploads\/2023\/07\/cropped-apuntesdesanluis.png","contentUrl":"https:\/\/apuntesdesanluis.com\/wp-content\/uploads\/2023\/07\/cropped-apuntesdesanluis.png","width":450,"height":112,"caption":"apuntesdesanluis.com"},"logo":{"@id":"https:\/\/apuntesdesanluis.com\/#\/schema\/person\/image\/"},"sameAs":["https:\/\/apuntesdesanluis.com"],"url":"https:\/\/apuntesdesanluis.com\/index.php\/author\/apuntesdesanluis-com\/"}]}},"featured_image_urls":{"full":["https:\/\/apuntesdesanluis.com\/wp-content\/uploads\/2024\/05\/nancy-sosa.png",600,333,false],"thumbnail":["https:\/\/apuntesdesanluis.com\/wp-content\/uploads\/2024\/05\/nancy-sosa-150x150.png",150,150,true],"medium":["https:\/\/apuntesdesanluis.com\/wp-content\/uploads\/2024\/05\/nancy-sosa-300x167.png",300,167,true],"medium_large":["https:\/\/apuntesdesanluis.com\/wp-content\/uploads\/2024\/05\/nancy-sosa.png",600,333,false],"large":["https:\/\/apuntesdesanluis.com\/wp-content\/uploads\/2024\/05\/nancy-sosa.png",600,333,false],"1536x1536":["https:\/\/apuntesdesanluis.com\/wp-content\/uploads\/2024\/05\/nancy-sosa.png",600,333,false],"2048x2048":["https:\/\/apuntesdesanluis.com\/wp-content\/uploads\/2024\/05\/nancy-sosa.png",600,333,false],"newsever-slider-full":["https:\/\/apuntesdesanluis.com\/wp-content\/uploads\/2024\/05\/nancy-sosa.png",600,333,false],"newsever-featured":["https:\/\/apuntesdesanluis.com\/wp-content\/uploads\/2024\/05\/nancy-sosa.png",600,333,false],"newsever-medium":["https:\/\/apuntesdesanluis.com\/wp-content\/uploads\/2024\/05\/nancy-sosa.png",600,333,false]},"author_info":{"display_name":"apuntesdesanluis.com","author_link":"https:\/\/apuntesdesanluis.com\/index.php\/author\/apuntesdesanluis-com\/"},"category_info":"<a href=\"https:\/\/apuntesdesanluis.com\/index.php\/category\/ciudad-provincia\/\" rel=\"category tag\">Ciudad\/Provincia<\/a>","tag_info":"Ciudad\/Provincia","comment_count":"0","_links":{"self":[{"href":"https:\/\/apuntesdesanluis.com\/index.php\/wp-json\/wp\/v2\/posts\/15909","targetHints":{"allow":["GET"]}}],"collection":[{"href":"https:\/\/apuntesdesanluis.com\/index.php\/wp-json\/wp\/v2\/posts"}],"about":[{"href":"https:\/\/apuntesdesanluis.com\/index.php\/wp-json\/wp\/v2\/types\/post"}],"author":[{"embeddable":true,"href":"https:\/\/apuntesdesanluis.com\/index.php\/wp-json\/wp\/v2\/users\/1"}],"replies":[{"embeddable":true,"href":"https:\/\/apuntesdesanluis.com\/index.php\/wp-json\/wp\/v2\/comments?post=15909"}],"version-history":[{"count":2,"href":"https:\/\/apuntesdesanluis.com\/index.php\/wp-json\/wp\/v2\/posts\/15909\/revisions"}],"predecessor-version":[{"id":15945,"href":"https:\/\/apuntesdesanluis.com\/index.php\/wp-json\/wp\/v2\/posts\/15909\/revisions\/15945"}],"wp:featuredmedia":[{"embeddable":true,"href":"https:\/\/apuntesdesanluis.com\/index.php\/wp-json\/wp\/v2\/media\/15910"}],"wp:attachment":[{"href":"https:\/\/apuntesdesanluis.com\/index.php\/wp-json\/wp\/v2\/media?parent=15909"}],"wp:term":[{"taxonomy":"category","embeddable":true,"href":"https:\/\/apuntesdesanluis.com\/index.php\/wp-json\/wp\/v2\/categories?post=15909"},{"taxonomy":"post_tag","embeddable":true,"href":"https:\/\/apuntesdesanluis.com\/index.php\/wp-json\/wp\/v2\/tags?post=15909"}],"curies":[{"name":"wp","href":"https:\/\/api.w.org\/{rel}","templated":true}]}}