{"id":15918,"date":"2024-05-09T19:22:06","date_gmt":"2024-05-09T22:22:06","guid":{"rendered":"https:\/\/apuntesdesanluis.com\/?p=15918"},"modified":"2024-05-09T21:23:24","modified_gmt":"2024-05-10T00:23:24","slug":"prision-preventiva-al-ex-policia-que-disparo-a-dos-hombres-y-agredio-a-una-mujer","status":"publish","type":"post","link":"https:\/\/apuntesdesanluis.com\/index.php\/2024\/05\/09\/prision-preventiva-al-ex-policia-que-disparo-a-dos-hombres-y-agredio-a-una-mujer\/","title":{"rendered":"PRISI\u00d3N PREVENTIVA AL EX POLIC\u00cdA QUE DISPAR\u00d3 A DOS HOMBRES Y AGREDI\u00d3 A UNA MUJER"},"content":{"rendered":"<h3>El juez de Garant\u00edas Juan Manuel Montiveros Chada orden\u00f3 este jueves la prisi\u00f3n preventiva para <strong>Wenceslao Ledesma<\/strong>, acusado de dispararles con un arma calibre 38 a dos vecinos del barrio 1\u00b0 de Mayo, en la ciudad de San Luis, y de golpear y amenazar a una mujer en el barrio Rep\u00fablica.<\/h3>\n<h3>Los hechos ocurrieron el 23 de mayo pasado. El primero sucedi\u00f3 a las 14 y el segundo a las 21.<\/h3>\n<h3>La medida de coerci\u00f3n ser\u00e1 por 120 d\u00edas mientras contin\u00faa la investigaci\u00f3n. El expolic\u00eda fue trasladado al Servicio Penitenciario Provincial bajo la imputaci\u00f3n provisoria de homicidio en grado de tentativa en dos hechos y amenazas con arma de fuego y da\u00f1os. El acusado declar\u00f3 y dijo que fue v\u00edctima de robo y que no hab\u00eda disparado con intenciones de matar a nadie.<\/h3>\n<h3>Sin embargo, para el fiscal N\u00b0 1 de San Luis, Francisco Assat Al\u00ed, el prop\u00f3sito fue el de matar: \u201cTenemos acreditado hasta ahora que la intenci\u00f3n, por el lugar donde fueron los disparos y por las lesiones que provoc\u00f3, ha sido la de matar y por una circunstancia como la falta de punter\u00eda, no se produjo el resultado muerte\u201d. La audiencia de este jueves fue la reanudaci\u00f3n de la que se hab\u00eda iniciado la semana pasada, donde Ezequiel Dom\u00ednguez, abogado de Ledesma, solicit\u00f3 y obtuvo la pr\u00f3rroga de detenci\u00f3n de ocho d\u00edas.<\/h3>\n<h3>Ledesma, que pertenec\u00eda a la Polic\u00eda de San Luis y se encontraba en situaci\u00f3n de disponibilidad hace m\u00e1s de un a\u00f1o, fue imputado por la Fiscal\u00eda por dos hechos ocurridos presuntamente el 23 de abril: la primera acusaci\u00f3n es por violaci\u00f3n de domicilio, da\u00f1os y amenazas calificadas por el uso de arma, todo en concurso real, en perjuicio de la ciudadana Patricia Rosales; y la segunda por homicidio calificado por el uso de arma de fuego en grado de tentativa y cuyas v\u00edctimas son Alexis Rivero y Alexis Su\u00e1rez.<\/h3>\n<h3>En la primera audiencia, la fiscal adjunta, Roxana Alcaraz, relat\u00f3 el martes 23 de mayo, aproximadamente a las 14 horas, el acusado lleg\u00f3 hasta la Manzana 700 del Barrio La Rep\u00fablica, irrumpi\u00f3 con un arma en el domicilio de Patricia Rosales y pregunt\u00f3 por Alexis Su\u00e1rez, hijo de la mujer. \u201cComo la se\u00f1ora no sab\u00eda, Ledesma se enoja y la golpea en el est\u00f3mago. Tambi\u00e9n le dijo que como a \u00e9l le hab\u00edan robado el tel\u00e9fono, se iba a llevar el de la mujer, pero como no lo logra le triz\u00f3 la pantalla. Antes de irse Ledesma amenaz\u00f3 a Rosales con prenderle fuego la casa\u201d, narr\u00f3 la fiscal.<\/h3>\n<h3>De acuerdo a la teor\u00eda del caso de la Fiscal\u00eda, unas horas despu\u00e9s, cerca de las 21, Su\u00e1rez sali\u00f3 a dar unas vueltas por el Barrio 1\u00b0 de Mayo cuando ve a los lejos al imputado con un arma en la mano y acompa\u00f1ado por dos personas. Su\u00e1rez intenta alejarse, pero Ledesma le dispara y el proyectil le roza el cuero cabelludo. \u201cSu\u00e1rez se dirige a la casa de Alexis Rivero quien es atendido por su padre, Eulogio Rivero. En ese momento Su\u00e1rez mira hacia atr\u00e1s y dice \u00b4ah\u00ed vienen\u00b4, ingresa a la vivienda, salta el tapial que da al fondo y llega a la casa de su abuela para ponerse en resguardo\u201d, dijo la fiscal adjunta.<\/h3>\n<h3>Alexis Rivero, sorprendido de la situaci\u00f3n, asoma su cabeza hacia la calle para ver de qui\u00e9n hu\u00eda su vecino y, en eso, siente un proyectil que le impacta en el rostro. \u201c\u00c9l lo define como un fogonazo, que le quemaba la cara. Recuerda que en la casa estaba su pap\u00e1, su cu\u00f1ado y dos ni\u00f1os y ni bien cierra la puerta se desvanece\u201d, agreg\u00f3 Alcaraz. El proyectil ingres\u00f3 por su boca, la recorri\u00f3 en su interior y sali\u00f3 por su cachete izquierdo. Le perfor\u00f3 esa parte de la cara. La v\u00edctima fue trasladado al Hospital Carrillo donde logran estabilizarlo y le dan el alta horas despu\u00e9s, con un tiempo de curaci\u00f3n de entre 30 y 35 d\u00edas. Su\u00e1rez tambi\u00e9n fue revisado por los m\u00e9dicos, quienes dan cuenta que pose\u00eda una lesi\u00f3n cortante en su cabeza de seis cent\u00edmetros.<\/h3>\n<p>&nbsp;<\/p>\n<p>&nbsp;<\/p>\n<p>&nbsp;<\/p>\n","protected":false},"excerpt":{"rendered":"<p>El juez de Garant\u00edas Juan Manuel Montiveros Chada orden\u00f3 este jueves la prisi\u00f3n preventiva para&#8230;<\/p>\n","protected":false},"author":1,"featured_media":580,"comment_status":"closed","ping_status":"closed","sticky":false,"template":"","format":"standard","meta":{"footnotes":""},"categories":[6],"tags":[],"class_list":["post-15918","post","type-post","status-publish","format-standard","has-post-thumbnail","hentry","category-ciudad-provincia"],"yoast_head":"<!-- This site is optimized with the Yoast SEO plugin v26.1.1 - https:\/\/yoast.com\/wordpress\/plugins\/seo\/ -->\n<title>PRISI\u00d3N PREVENTIVA AL EX POLIC\u00cdA QUE DISPAR\u00d3 A DOS HOMBRES Y AGREDI\u00d3 A UNA MUJER - Apuntes de San Luis<\/title>\n<meta name=\"robots\" content=\"index, follow, max-snippet:-1, max-image-preview:large, max-video-preview:-1\" \/>\n<link rel=\"canonical\" href=\"https:\/\/apuntesdesanluis.com\/index.php\/2024\/05\/09\/prision-preventiva-al-ex-policia-que-disparo-a-dos-hombres-y-agredio-a-una-mujer\/\" \/>\n<meta property=\"og:locale\" content=\"es_ES\" \/>\n<meta property=\"og:type\" content=\"article\" \/>\n<meta property=\"og:title\" content=\"PRISI\u00d3N PREVENTIVA AL EX POLIC\u00cdA QUE DISPAR\u00d3 A DOS HOMBRES Y AGREDI\u00d3 A UNA MUJER - Apuntes de San Luis\" \/>\n<meta property=\"og:description\" content=\"El juez de Garant\u00edas Juan Manuel Montiveros Chada orden\u00f3 este jueves la prisi\u00f3n preventiva para...\" \/>\n<meta property=\"og:url\" content=\"https:\/\/apuntesdesanluis.com\/index.php\/2024\/05\/09\/prision-preventiva-al-ex-policia-que-disparo-a-dos-hombres-y-agredio-a-una-mujer\/\" \/>\n<meta property=\"og:site_name\" content=\"Apuntes de San Luis\" \/>\n<meta property=\"article:published_time\" content=\"2024-05-09T22:22:06+00:00\" \/>\n<meta property=\"article:modified_time\" content=\"2024-05-10T00:23:24+00:00\" \/>\n<meta property=\"og:image\" content=\"https:\/\/apuntesdesanluis.com\/wp-content\/uploads\/2023\/07\/tribunales-puntanos.png\" \/>\n\t<meta property=\"og:image:width\" content=\"788\" \/>\n\t<meta property=\"og:image:height\" content=\"480\" \/>\n\t<meta property=\"og:image:type\" content=\"image\/png\" \/>\n<meta name=\"author\" content=\"apuntesdesanluis.com\" \/>\n<meta name=\"twitter:card\" content=\"summary_large_image\" \/>\n<meta name=\"twitter:label1\" content=\"Escrito por\" \/>\n\t<meta name=\"twitter:data1\" content=\"apuntesdesanluis.com\" \/>\n\t<meta name=\"twitter:label2\" content=\"Tiempo de lectura\" \/>\n\t<meta name=\"twitter:data2\" content=\"4 minutos\" \/>\n<script type=\"application\/ld+json\" class=\"yoast-schema-graph\">{\"@context\":\"https:\/\/schema.org\",\"@graph\":[{\"@type\":\"Article\",\"@id\":\"https:\/\/apuntesdesanluis.com\/index.php\/2024\/05\/09\/prision-preventiva-al-ex-policia-que-disparo-a-dos-hombres-y-agredio-a-una-mujer\/#article\",\"isPartOf\":{\"@id\":\"https:\/\/apuntesdesanluis.com\/index.php\/2024\/05\/09\/prision-preventiva-al-ex-policia-que-disparo-a-dos-hombres-y-agredio-a-una-mujer\/\"},\"author\":{\"name\":\"apuntesdesanluis.com\",\"@id\":\"https:\/\/apuntesdesanluis.com\/#\/schema\/person\/b55151d52296fcce64d1a72538a70b90\"},\"headline\":\"PRISI\u00d3N PREVENTIVA AL EX POLIC\u00cdA QUE DISPAR\u00d3 A DOS HOMBRES Y AGREDI\u00d3 A UNA MUJER\",\"datePublished\":\"2024-05-09T22:22:06+00:00\",\"dateModified\":\"2024-05-10T00:23:24+00:00\",\"mainEntityOfPage\":{\"@id\":\"https:\/\/apuntesdesanluis.com\/index.php\/2024\/05\/09\/prision-preventiva-al-ex-policia-que-disparo-a-dos-hombres-y-agredio-a-una-mujer\/\"},\"wordCount\":746,\"publisher\":{\"@id\":\"https:\/\/apuntesdesanluis.com\/#\/schema\/person\/b55151d52296fcce64d1a72538a70b90\"},\"image\":{\"@id\":\"https:\/\/apuntesdesanluis.com\/index.php\/2024\/05\/09\/prision-preventiva-al-ex-policia-que-disparo-a-dos-hombres-y-agredio-a-una-mujer\/#primaryimage\"},\"thumbnailUrl\":\"https:\/\/apuntesdesanluis.com\/wp-content\/uploads\/2023\/07\/tribunales-puntanos.png\",\"articleSection\":[\"Ciudad\/Provincia\"],\"inLanguage\":\"es-AR\"},{\"@type\":\"WebPage\",\"@id\":\"https:\/\/apuntesdesanluis.com\/index.php\/2024\/05\/09\/prision-preventiva-al-ex-policia-que-disparo-a-dos-hombres-y-agredio-a-una-mujer\/\",\"url\":\"https:\/\/apuntesdesanluis.com\/index.php\/2024\/05\/09\/prision-preventiva-al-ex-policia-que-disparo-a-dos-hombres-y-agredio-a-una-mujer\/\",\"name\":\"PRISI\u00d3N PREVENTIVA AL EX POLIC\u00cdA QUE DISPAR\u00d3 A DOS HOMBRES Y AGREDI\u00d3 A UNA MUJER - Apuntes de San Luis\",\"isPartOf\":{\"@id\":\"https:\/\/apuntesdesanluis.com\/#website\"},\"primaryImageOfPage\":{\"@id\":\"https:\/\/apuntesdesanluis.com\/index.php\/2024\/05\/09\/prision-preventiva-al-ex-policia-que-disparo-a-dos-hombres-y-agredio-a-una-mujer\/#primaryimage\"},\"image\":{\"@id\":\"https:\/\/apuntesdesanluis.com\/index.php\/2024\/05\/09\/prision-preventiva-al-ex-policia-que-disparo-a-dos-hombres-y-agredio-a-una-mujer\/#primaryimage\"},\"thumbnailUrl\":\"https:\/\/apuntesdesanluis.com\/wp-content\/uploads\/2023\/07\/tribunales-puntanos.png\",\"datePublished\":\"2024-05-09T22:22:06+00:00\",\"dateModified\":\"2024-05-10T00:23:24+00:00\",\"breadcrumb\":{\"@id\":\"https:\/\/apuntesdesanluis.com\/index.php\/2024\/05\/09\/prision-preventiva-al-ex-policia-que-disparo-a-dos-hombres-y-agredio-a-una-mujer\/#breadcrumb\"},\"inLanguage\":\"es-AR\",\"potentialAction\":[{\"@type\":\"ReadAction\",\"target\":[\"https:\/\/apuntesdesanluis.com\/index.php\/2024\/05\/09\/prision-preventiva-al-ex-policia-que-disparo-a-dos-hombres-y-agredio-a-una-mujer\/\"]}]},{\"@type\":\"ImageObject\",\"inLanguage\":\"es-AR\",\"@id\":\"https:\/\/apuntesdesanluis.com\/index.php\/2024\/05\/09\/prision-preventiva-al-ex-policia-que-disparo-a-dos-hombres-y-agredio-a-una-mujer\/#primaryimage\",\"url\":\"https:\/\/apuntesdesanluis.com\/wp-content\/uploads\/2023\/07\/tribunales-puntanos.png\",\"contentUrl\":\"https:\/\/apuntesdesanluis.com\/wp-content\/uploads\/2023\/07\/tribunales-puntanos.png\",\"width\":788,\"height\":480},{\"@type\":\"BreadcrumbList\",\"@id\":\"https:\/\/apuntesdesanluis.com\/index.php\/2024\/05\/09\/prision-preventiva-al-ex-policia-que-disparo-a-dos-hombres-y-agredio-a-una-mujer\/#breadcrumb\",\"itemListElement\":[{\"@type\":\"ListItem\",\"position\":1,\"name\":\"Inicio\",\"item\":\"https:\/\/apuntesdesanluis.com\/\"},{\"@type\":\"ListItem\",\"position\":2,\"name\":\"PRISI\u00d3N PREVENTIVA AL EX POLIC\u00cdA QUE DISPAR\u00d3 A DOS HOMBRES Y AGREDI\u00d3 A UNA MUJER\"}]},{\"@type\":\"WebSite\",\"@id\":\"https:\/\/apuntesdesanluis.com\/#website\",\"url\":\"https:\/\/apuntesdesanluis.com\/\",\"name\":\"Apuntes de San Luis\",\"description\":\"\",\"publisher\":{\"@id\":\"https:\/\/apuntesdesanluis.com\/#\/schema\/person\/b55151d52296fcce64d1a72538a70b90\"},\"potentialAction\":[{\"@type\":\"SearchAction\",\"target\":{\"@type\":\"EntryPoint\",\"urlTemplate\":\"https:\/\/apuntesdesanluis.com\/?s={search_term_string}\"},\"query-input\":{\"@type\":\"PropertyValueSpecification\",\"valueRequired\":true,\"valueName\":\"search_term_string\"}}],\"inLanguage\":\"es-AR\"},{\"@type\":[\"Person\",\"Organization\"],\"@id\":\"https:\/\/apuntesdesanluis.com\/#\/schema\/person\/b55151d52296fcce64d1a72538a70b90\",\"name\":\"apuntesdesanluis.com\",\"image\":{\"@type\":\"ImageObject\",\"inLanguage\":\"es-AR\",\"@id\":\"https:\/\/apuntesdesanluis.com\/#\/schema\/person\/image\/\",\"url\":\"https:\/\/apuntesdesanluis.com\/wp-content\/uploads\/2023\/07\/cropped-apuntesdesanluis.png\",\"contentUrl\":\"https:\/\/apuntesdesanluis.com\/wp-content\/uploads\/2023\/07\/cropped-apuntesdesanluis.png\",\"width\":450,\"height\":112,\"caption\":\"apuntesdesanluis.com\"},\"logo\":{\"@id\":\"https:\/\/apuntesdesanluis.com\/#\/schema\/person\/image\/\"},\"sameAs\":[\"https:\/\/apuntesdesanluis.com\"],\"url\":\"https:\/\/apuntesdesanluis.com\/index.php\/author\/apuntesdesanluis-com\/\"}]}<\/script>\n<!-- \/ Yoast SEO plugin. -->","yoast_head_json":{"title":"PRISI\u00d3N PREVENTIVA AL EX POLIC\u00cdA QUE DISPAR\u00d3 A DOS HOMBRES Y AGREDI\u00d3 A UNA MUJER - Apuntes de San Luis","robots":{"index":"index","follow":"follow","max-snippet":"max-snippet:-1","max-image-preview":"max-image-preview:large","max-video-preview":"max-video-preview:-1"},"canonical":"https:\/\/apuntesdesanluis.com\/index.php\/2024\/05\/09\/prision-preventiva-al-ex-policia-que-disparo-a-dos-hombres-y-agredio-a-una-mujer\/","og_locale":"es_ES","og_type":"article","og_title":"PRISI\u00d3N PREVENTIVA AL EX POLIC\u00cdA QUE DISPAR\u00d3 A DOS HOMBRES Y AGREDI\u00d3 A UNA MUJER - Apuntes de San Luis","og_description":"El juez de Garant\u00edas Juan Manuel Montiveros Chada orden\u00f3 este jueves la prisi\u00f3n preventiva para...","og_url":"https:\/\/apuntesdesanluis.com\/index.php\/2024\/05\/09\/prision-preventiva-al-ex-policia-que-disparo-a-dos-hombres-y-agredio-a-una-mujer\/","og_site_name":"Apuntes de San Luis","article_published_time":"2024-05-09T22:22:06+00:00","article_modified_time":"2024-05-10T00:23:24+00:00","og_image":[{"width":788,"height":480,"url":"https:\/\/apuntesdesanluis.com\/wp-content\/uploads\/2023\/07\/tribunales-puntanos.png","type":"image\/png"}],"author":"apuntesdesanluis.com","twitter_card":"summary_large_image","twitter_misc":{"Escrito por":"apuntesdesanluis.com","Tiempo de lectura":"4 minutos"},"schema":{"@context":"https:\/\/schema.org","@graph":[{"@type":"Article","@id":"https:\/\/apuntesdesanluis.com\/index.php\/2024\/05\/09\/prision-preventiva-al-ex-policia-que-disparo-a-dos-hombres-y-agredio-a-una-mujer\/#article","isPartOf":{"@id":"https:\/\/apuntesdesanluis.com\/index.php\/2024\/05\/09\/prision-preventiva-al-ex-policia-que-disparo-a-dos-hombres-y-agredio-a-una-mujer\/"},"author":{"name":"apuntesdesanluis.com","@id":"https:\/\/apuntesdesanluis.com\/#\/schema\/person\/b55151d52296fcce64d1a72538a70b90"},"headline":"PRISI\u00d3N PREVENTIVA AL EX POLIC\u00cdA QUE DISPAR\u00d3 A DOS HOMBRES Y AGREDI\u00d3 A UNA MUJER","datePublished":"2024-05-09T22:22:06+00:00","dateModified":"2024-05-10T00:23:24+00:00","mainEntityOfPage":{"@id":"https:\/\/apuntesdesanluis.com\/index.php\/2024\/05\/09\/prision-preventiva-al-ex-policia-que-disparo-a-dos-hombres-y-agredio-a-una-mujer\/"},"wordCount":746,"publisher":{"@id":"https:\/\/apuntesdesanluis.com\/#\/schema\/person\/b55151d52296fcce64d1a72538a70b90"},"image":{"@id":"https:\/\/apuntesdesanluis.com\/index.php\/2024\/05\/09\/prision-preventiva-al-ex-policia-que-disparo-a-dos-hombres-y-agredio-a-una-mujer\/#primaryimage"},"thumbnailUrl":"https:\/\/apuntesdesanluis.com\/wp-content\/uploads\/2023\/07\/tribunales-puntanos.png","articleSection":["Ciudad\/Provincia"],"inLanguage":"es-AR"},{"@type":"WebPage","@id":"https:\/\/apuntesdesanluis.com\/index.php\/2024\/05\/09\/prision-preventiva-al-ex-policia-que-disparo-a-dos-hombres-y-agredio-a-una-mujer\/","url":"https:\/\/apuntesdesanluis.com\/index.php\/2024\/05\/09\/prision-preventiva-al-ex-policia-que-disparo-a-dos-hombres-y-agredio-a-una-mujer\/","name":"PRISI\u00d3N PREVENTIVA AL EX POLIC\u00cdA QUE DISPAR\u00d3 A DOS HOMBRES Y AGREDI\u00d3 A UNA MUJER - Apuntes de San Luis","isPartOf":{"@id":"https:\/\/apuntesdesanluis.com\/#website"},"primaryImageOfPage":{"@id":"https:\/\/apuntesdesanluis.com\/index.php\/2024\/05\/09\/prision-preventiva-al-ex-policia-que-disparo-a-dos-hombres-y-agredio-a-una-mujer\/#primaryimage"},"image":{"@id":"https:\/\/apuntesdesanluis.com\/index.php\/2024\/05\/09\/prision-preventiva-al-ex-policia-que-disparo-a-dos-hombres-y-agredio-a-una-mujer\/#primaryimage"},"thumbnailUrl":"https:\/\/apuntesdesanluis.com\/wp-content\/uploads\/2023\/07\/tribunales-puntanos.png","datePublished":"2024-05-09T22:22:06+00:00","dateModified":"2024-05-10T00:23:24+00:00","breadcrumb":{"@id":"https:\/\/apuntesdesanluis.com\/index.php\/2024\/05\/09\/prision-preventiva-al-ex-policia-que-disparo-a-dos-hombres-y-agredio-a-una-mujer\/#breadcrumb"},"inLanguage":"es-AR","potentialAction":[{"@type":"ReadAction","target":["https:\/\/apuntesdesanluis.com\/index.php\/2024\/05\/09\/prision-preventiva-al-ex-policia-que-disparo-a-dos-hombres-y-agredio-a-una-mujer\/"]}]},{"@type":"ImageObject","inLanguage":"es-AR","@id":"https:\/\/apuntesdesanluis.com\/index.php\/2024\/05\/09\/prision-preventiva-al-ex-policia-que-disparo-a-dos-hombres-y-agredio-a-una-mujer\/#primaryimage","url":"https:\/\/apuntesdesanluis.com\/wp-content\/uploads\/2023\/07\/tribunales-puntanos.png","contentUrl":"https:\/\/apuntesdesanluis.com\/wp-content\/uploads\/2023\/07\/tribunales-puntanos.png","width":788,"height":480},{"@type":"BreadcrumbList","@id":"https:\/\/apuntesdesanluis.com\/index.php\/2024\/05\/09\/prision-preventiva-al-ex-policia-que-disparo-a-dos-hombres-y-agredio-a-una-mujer\/#breadcrumb","itemListElement":[{"@type":"ListItem","position":1,"name":"Inicio","item":"https:\/\/apuntesdesanluis.com\/"},{"@type":"ListItem","position":2,"name":"PRISI\u00d3N PREVENTIVA AL EX POLIC\u00cdA QUE DISPAR\u00d3 A DOS HOMBRES Y AGREDI\u00d3 A UNA MUJER"}]},{"@type":"WebSite","@id":"https:\/\/apuntesdesanluis.com\/#website","url":"https:\/\/apuntesdesanluis.com\/","name":"Apuntes de San Luis","description":"","publisher":{"@id":"https:\/\/apuntesdesanluis.com\/#\/schema\/person\/b55151d52296fcce64d1a72538a70b90"},"potentialAction":[{"@type":"SearchAction","target":{"@type":"EntryPoint","urlTemplate":"https:\/\/apuntesdesanluis.com\/?s={search_term_string}"},"query-input":{"@type":"PropertyValueSpecification","valueRequired":true,"valueName":"search_term_string"}}],"inLanguage":"es-AR"},{"@type":["Person","Organization"],"@id":"https:\/\/apuntesdesanluis.com\/#\/schema\/person\/b55151d52296fcce64d1a72538a70b90","name":"apuntesdesanluis.com","image":{"@type":"ImageObject","inLanguage":"es-AR","@id":"https:\/\/apuntesdesanluis.com\/#\/schema\/person\/image\/","url":"https:\/\/apuntesdesanluis.com\/wp-content\/uploads\/2023\/07\/cropped-apuntesdesanluis.png","contentUrl":"https:\/\/apuntesdesanluis.com\/wp-content\/uploads\/2023\/07\/cropped-apuntesdesanluis.png","width":450,"height":112,"caption":"apuntesdesanluis.com"},"logo":{"@id":"https:\/\/apuntesdesanluis.com\/#\/schema\/person\/image\/"},"sameAs":["https:\/\/apuntesdesanluis.com"],"url":"https:\/\/apuntesdesanluis.com\/index.php\/author\/apuntesdesanluis-com\/"}]}},"featured_image_urls":{"full":["https:\/\/apuntesdesanluis.com\/wp-content\/uploads\/2023\/07\/tribunales-puntanos.png",788,480,false],"thumbnail":["https:\/\/apuntesdesanluis.com\/wp-content\/uploads\/2023\/07\/tribunales-puntanos-150x150.png",150,150,true],"medium":["https:\/\/apuntesdesanluis.com\/wp-content\/uploads\/2023\/07\/tribunales-puntanos-300x183.png",300,183,true],"medium_large":["https:\/\/apuntesdesanluis.com\/wp-content\/uploads\/2023\/07\/tribunales-puntanos-768x468.png",640,390,true],"large":["https:\/\/apuntesdesanluis.com\/wp-content\/uploads\/2023\/07\/tribunales-puntanos.png",640,390,false],"1536x1536":["https:\/\/apuntesdesanluis.com\/wp-content\/uploads\/2023\/07\/tribunales-puntanos.png",788,480,false],"2048x2048":["https:\/\/apuntesdesanluis.com\/wp-content\/uploads\/2023\/07\/tribunales-puntanos.png",788,480,false],"newsever-slider-full":["https:\/\/apuntesdesanluis.com\/wp-content\/uploads\/2023\/07\/tribunales-puntanos.png",788,480,false],"newsever-featured":["https:\/\/apuntesdesanluis.com\/wp-content\/uploads\/2023\/07\/tribunales-puntanos.png",788,480,false],"newsever-medium":["https:\/\/apuntesdesanluis.com\/wp-content\/uploads\/2023\/07\/tribunales-puntanos-720x475.png",720,475,true]},"author_info":{"display_name":"apuntesdesanluis.com","author_link":"https:\/\/apuntesdesanluis.com\/index.php\/author\/apuntesdesanluis-com\/"},"category_info":"<a href=\"https:\/\/apuntesdesanluis.com\/index.php\/category\/ciudad-provincia\/\" rel=\"category tag\">Ciudad\/Provincia<\/a>","tag_info":"Ciudad\/Provincia","comment_count":"0","_links":{"self":[{"href":"https:\/\/apuntesdesanluis.com\/index.php\/wp-json\/wp\/v2\/posts\/15918","targetHints":{"allow":["GET"]}}],"collection":[{"href":"https:\/\/apuntesdesanluis.com\/index.php\/wp-json\/wp\/v2\/posts"}],"about":[{"href":"https:\/\/apuntesdesanluis.com\/index.php\/wp-json\/wp\/v2\/types\/post"}],"author":[{"embeddable":true,"href":"https:\/\/apuntesdesanluis.com\/index.php\/wp-json\/wp\/v2\/users\/1"}],"replies":[{"embeddable":true,"href":"https:\/\/apuntesdesanluis.com\/index.php\/wp-json\/wp\/v2\/comments?post=15918"}],"version-history":[{"count":1,"href":"https:\/\/apuntesdesanluis.com\/index.php\/wp-json\/wp\/v2\/posts\/15918\/revisions"}],"predecessor-version":[{"id":15919,"href":"https:\/\/apuntesdesanluis.com\/index.php\/wp-json\/wp\/v2\/posts\/15918\/revisions\/15919"}],"wp:featuredmedia":[{"embeddable":true,"href":"https:\/\/apuntesdesanluis.com\/index.php\/wp-json\/wp\/v2\/media\/580"}],"wp:attachment":[{"href":"https:\/\/apuntesdesanluis.com\/index.php\/wp-json\/wp\/v2\/media?parent=15918"}],"wp:term":[{"taxonomy":"category","embeddable":true,"href":"https:\/\/apuntesdesanluis.com\/index.php\/wp-json\/wp\/v2\/categories?post=15918"},{"taxonomy":"post_tag","embeddable":true,"href":"https:\/\/apuntesdesanluis.com\/index.php\/wp-json\/wp\/v2\/tags?post=15918"}],"curies":[{"name":"wp","href":"https:\/\/api.w.org\/{rel}","templated":true}]}}