{"id":15920,"date":"2024-05-09T21:36:39","date_gmt":"2024-05-10T00:36:39","guid":{"rendered":"https:\/\/apuntesdesanluis.com\/?p=15920"},"modified":"2024-05-09T21:36:39","modified_gmt":"2024-05-10T00:36:39","slug":"la-cgt-afirmo-que-el-paro-fue-contundente-pero-el-gobierno-no-cede","status":"publish","type":"post","link":"https:\/\/apuntesdesanluis.com\/index.php\/2024\/05\/09\/la-cgt-afirmo-que-el-paro-fue-contundente-pero-el-gobierno-no-cede\/","title":{"rendered":"LA CGT AFIRM\u00d3 QUE EL PARO \u201cFUE CONTUNDENTE\u201d, PERO EL GOBIERNO NO CEDE"},"content":{"rendered":"<h3>Para la central obrera, el paro fue \u201ccontundente\u201d, aunque no logr\u00f3 conmover al Gobierno para que acepte negociar sus medidas.<\/h3>\n<h3>El paro de la CGT se hizo sentir, pese a que tuvo un acatamiento dispar, pero la dirigencia cegetista no pudo cumplir con su objetivo: conmover al Gobierno para que modifique sus pol\u00edticas. Las reacciones de los principales referentes libertarios ante la segunda huelga general contra Javier Milei permiten suponer que el d\u00eda despu\u00e9s de la protesta sindical no cambiar\u00e1 demasiado la postura oficial.<\/h3>\n<h3>\u201cEl Gobierno debe tomar nota y reconfigurar su pol\u00edtica de ajuste, que nos est\u00e1 llevando a extremos\u201d, dijo el cotitular de la CGT H\u00e9ctor Daer (Sanidad) en la conferencia de prensa en la que se hizo un balance de la medida de fuerza.<\/h3>\n<h3>Curiosamente, no hubo euforia ni expresiones de alegr\u00eda entre los dirigentes que se ubicaron en el escenario del sal\u00f3n Felipe Vallese de la sede de Azopardo 802. La \u201ccontundencia\u201d del paro que destacaron varios sindicalistas no se not\u00f3 en sus rostros ni en su discurso: Daer no quiso responder directamente cr\u00edticas de Milei, Patricia Bullrich, Jos\u00e9 Luis Espert y Manuel Adorni, y hasta Pablo Moyano, afecto a la incontinencia verbal, estuvo m\u00e1s medido (hace una semana, en el mismo lugar, despert\u00f3 la ira de los senadores al hablar del \u201cfantasma de la Banelco\u201d).<\/h3>\n<h3>El balance positivo del paro que hizo la CGT tuvo sabor a alivio (no ten\u00edan una clara certeza del grado de acatamiento de los trabajadores) y tambi\u00e9n a preocupaci\u00f3n: el problema que se abre ahora para la c\u00fapula cegetista es c\u00f3mo seguir.<\/h3>\n<h3>El sector dialoguista sabe que no puede repetir huelgas todos los meses, aunque empieza a sentirse la presi\u00f3n de algunos dirigentes por avanzar hacia un paro de 36 horas. Lo verbaliz\u00f3 el combativo Rub\u00e9n \u201cPollo\u201d Sobrero en la marcha de la izquierda por el D\u00eda del Trabajador y, a la distancia, ya lo consideran como una variante posible en el ala dura de la CGT.<\/h3>\n<h3>Un pu\u00f1ado de gremialistas habl\u00f3 sobre ese tema en el cuarto piso de la CGT antes de que comenzara la conferencia de prensa. \u201cBueno, ahora usemos la cabeza; basta de paros\u201d, dijo un dirigente de primera l\u00ednea. Otro se quej\u00f3: \u201cPero Milei nos obliga a parar porque no afloja un cent\u00edmetro\u201d. El debate interno en el sindicalismo sobre el futuro del plan de lucha comenzar\u00e1 la semana que viene, pero incidir\u00e1 de manera decisiva la suerte que tengan la Ley Bases y el paquete fiscal en el Senado.<\/h3>\n<h3>Para la mayor\u00eda de la CGT no habr\u00e1 manera de que el Presidente retroceda y acepte negociar si no fracasan sus grandes apuestas legislativas. Fue lo que pas\u00f3, recuerdan, cuando descubri\u00f3 tard\u00edamente la enorme repercusi\u00f3n de la marcha universitaria. \u201cMilei es inteligente y hay que confrontarlo con inteligencia\u201d, fue una de las frases escuchadas en privado en la CGT. En la misma sinton\u00eda, un dirigente de peso advirti\u00f3: \u201cTenemos que cuidar la herramienta del paro. No la podemos desgastar\u201d.<\/h3>\n<h3>En la escenificaci\u00f3n elegida por la CGT durante la conferencia de prensa, pareci\u00f3 una sugestiva se\u00f1al de apertura el hecho de que algunos dirigentes que monopolizan los principales lugares y el uso de la palabra, como Daer y Moyano, le dieron espacio y voz a otros de sus colegas como Carlos Acu\u00f1a (estaciones de servicio), Andr\u00e9s Rodr\u00edguez (UPCN), Sergio Romero (UDA) y Julio Piumato (judiciales). Pareci\u00f3 una reacci\u00f3n ante las cr\u00edticas que recibe la \u201cmesa chica\u201d de la CGT por parte del resto de sus colegas porque \u201centre 5 o 6 dirigentes resuelven todo y no le piden opini\u00f3n a nadie\u201d.<\/h3>\n<h3>Dentro de la central obrera, hay quienes imaginan que el Gobierno finalmente acceder\u00e1 a convocar de nuevo a la dirigencia cegetista para reanudar el di\u00e1logo. La primera -y \u00faltima- reuni\u00f3n oficial se produjo el 10 de abril en la Casa Rosada. Desde entonces, el v\u00ednculo se mantuvo a trav\u00e9s de los contactos reservados de la CGT con el asesor presidencial Santiago Caputo, aunque subsiste el rol de interlocutor del ministro del Interior, Guillermo Francos, con los gremialistas. Incluso la ministra de Capital Humano, Sandra Pettovello, empez\u00f3 a tener m\u00e1s reuniones con la dirigencia sindical: la semana pasada, por ejemplo, recibi\u00f3 a los cuatro gremios docentes de la CGT y les prometi\u00f3 llamar en breve a la paritaria nacional del sector. Otros encuentros similares se mantienen en secreto.<\/h3>\n<h3>El Gobierno no hizo ning\u00fan esfuerzo adicional para tratar de que se levantara el paro de este jueves, aunque es cierto que dio algunos gui\u00f1os en ese sentido. Por ejemplo, acept\u00f3 recortar la reforma laboral incluida en la Ley Bases casi a medida de la CGT y flexibiliz\u00f3 su postura de no homologar paritarias que superaran la previsi\u00f3n inflacionaria (ahora, acepta los mismos aumentos salariales si se reacomodan las cifras finales para camuflarlas, toda una tradici\u00f3n de gobiernos de distinto signo).<\/h3>\n<h3>Ahora, tras su segunda huelga general en cinco meses, la CGT espera que la pr\u00f3xima jugada sea de Milei. No s\u00f3lo lo espera sino que tambi\u00e9n es lo que necesita su fracci\u00f3n dialoguista, que busca eludir la postal intolerante de los 13 paros generales contra Ra\u00fal Alfons\u00edn y, adem\u00e1s, quiere escaparse de la din\u00e1mica irreductible de las fracciones gremiales combativas y de izquierda. Desde all\u00ed surgen en estas horas las consignas en favor de un paro de 36 horas. Los moderados de la CGT temen que en ese foco radicalizado de sus propias filas y de las dos CTA germinen ideas destituyentes.<\/h3>\n<h3>El desaf\u00edo es c\u00f3mo continuar tras esta medida de fuerza que se hizo sentir, pero que, en la pr\u00e1ctica, no cumpli\u00f3 el objetivo de conmover al Gobierno. La foto final, incluso, relativiz\u00f3 el alto acatamiento a la protesta del que habla la CGT porque hubo shoppings, supermercados y comercios abiertos, adem\u00e1s de un intenso movimiento de autos. Daer incluso admiti\u00f3 que hab\u00eda colectivos, \u201cpero sin pasajeros\u201d.<\/h3>\n<h3>\u201cEl \u00e9xito (del paro) no nos pone contentos porque no nos pone contentos hacer una medida de fuerza -admiti\u00f3 Daer esta tarde, lejos del tono triunfalista-. Una medida de fuerza no tiene un fin en s\u00ed mismo, sino el fin de establecer la apoyatura a un reclamo preciso y claro que fue la agenda que nos llev\u00f3 a tomar esta medida. Est\u00e1 en discusi\u00f3n un proyecto de pa\u00eds y de desarrollo hacia el futuro\u201d.<\/h3>\n<h3>Otro dilema que encierra la estrategia cegetista: ese proyecto que \u201cest\u00e1 en discusi\u00f3n\u201d es el que vot\u00f3 la mayor\u00eda de los argentinos en el balotaje del 19 de noviembre pasado. Hace poco m\u00e1s de 5 meses.<\/h3>\n<p>&nbsp;<\/p>\n<p>&nbsp;<\/p>\n<p>&nbsp;<\/p>\n<p>&nbsp;<\/p>\n<p>&nbsp;<\/p>\n<p>&nbsp;<\/p>\n<p>&nbsp;<\/p>\n","protected":false},"excerpt":{"rendered":"<p>Para la central obrera, el paro fue \u201ccontundente\u201d, aunque no logr\u00f3 conmover al Gobierno para&#8230;<\/p>\n","protected":false},"author":1,"featured_media":15921,"comment_status":"closed","ping_status":"closed","sticky":false,"template":"","format":"standard","meta":{"footnotes":""},"categories":[5],"tags":[],"class_list":["post-15920","post","type-post","status-publish","format-standard","has-post-thumbnail","hentry","category-nacionales-internacionales"],"yoast_head":"<!-- This site is optimized with the Yoast SEO plugin v26.1.1 - https:\/\/yoast.com\/wordpress\/plugins\/seo\/ -->\n<title>LA CGT AFIRM\u00d3 QUE EL PARO \u201cFUE CONTUNDENTE\u201d, PERO EL GOBIERNO NO CEDE - Apuntes de San Luis<\/title>\n<meta name=\"robots\" content=\"index, follow, max-snippet:-1, max-image-preview:large, max-video-preview:-1\" \/>\n<link rel=\"canonical\" href=\"https:\/\/apuntesdesanluis.com\/index.php\/2024\/05\/09\/la-cgt-afirmo-que-el-paro-fue-contundente-pero-el-gobierno-no-cede\/\" \/>\n<meta property=\"og:locale\" content=\"es_ES\" \/>\n<meta property=\"og:type\" content=\"article\" \/>\n<meta property=\"og:title\" content=\"LA CGT AFIRM\u00d3 QUE EL PARO \u201cFUE CONTUNDENTE\u201d, PERO EL GOBIERNO NO CEDE - Apuntes de San Luis\" \/>\n<meta property=\"og:description\" content=\"Para la central obrera, el paro fue \u201ccontundente\u201d, aunque no logr\u00f3 conmover al Gobierno para...\" \/>\n<meta property=\"og:url\" content=\"https:\/\/apuntesdesanluis.com\/index.php\/2024\/05\/09\/la-cgt-afirmo-que-el-paro-fue-contundente-pero-el-gobierno-no-cede\/\" \/>\n<meta property=\"og:site_name\" content=\"Apuntes de San Luis\" \/>\n<meta property=\"article:published_time\" content=\"2024-05-10T00:36:39+00:00\" \/>\n<meta property=\"og:image\" content=\"https:\/\/apuntesdesanluis.com\/wp-content\/uploads\/2024\/05\/CGT-1.png\" \/>\n\t<meta property=\"og:image:width\" content=\"600\" \/>\n\t<meta property=\"og:image:height\" content=\"350\" \/>\n\t<meta property=\"og:image:type\" content=\"image\/png\" \/>\n<meta name=\"author\" content=\"apuntesdesanluis.com\" \/>\n<meta name=\"twitter:card\" content=\"summary_large_image\" \/>\n<meta name=\"twitter:label1\" content=\"Escrito por\" \/>\n\t<meta name=\"twitter:data1\" content=\"apuntesdesanluis.com\" \/>\n\t<meta name=\"twitter:label2\" content=\"Tiempo de lectura\" \/>\n\t<meta name=\"twitter:data2\" content=\"5 minutos\" \/>\n<script type=\"application\/ld+json\" class=\"yoast-schema-graph\">{\"@context\":\"https:\/\/schema.org\",\"@graph\":[{\"@type\":\"Article\",\"@id\":\"https:\/\/apuntesdesanluis.com\/index.php\/2024\/05\/09\/la-cgt-afirmo-que-el-paro-fue-contundente-pero-el-gobierno-no-cede\/#article\",\"isPartOf\":{\"@id\":\"https:\/\/apuntesdesanluis.com\/index.php\/2024\/05\/09\/la-cgt-afirmo-que-el-paro-fue-contundente-pero-el-gobierno-no-cede\/\"},\"author\":{\"name\":\"apuntesdesanluis.com\",\"@id\":\"https:\/\/apuntesdesanluis.com\/#\/schema\/person\/b55151d52296fcce64d1a72538a70b90\"},\"headline\":\"LA CGT AFIRM\u00d3 QUE EL PARO \u201cFUE CONTUNDENTE\u201d, PERO EL GOBIERNO NO CEDE\",\"datePublished\":\"2024-05-10T00:36:39+00:00\",\"mainEntityOfPage\":{\"@id\":\"https:\/\/apuntesdesanluis.com\/index.php\/2024\/05\/09\/la-cgt-afirmo-que-el-paro-fue-contundente-pero-el-gobierno-no-cede\/\"},\"wordCount\":1151,\"publisher\":{\"@id\":\"https:\/\/apuntesdesanluis.com\/#\/schema\/person\/b55151d52296fcce64d1a72538a70b90\"},\"image\":{\"@id\":\"https:\/\/apuntesdesanluis.com\/index.php\/2024\/05\/09\/la-cgt-afirmo-que-el-paro-fue-contundente-pero-el-gobierno-no-cede\/#primaryimage\"},\"thumbnailUrl\":\"https:\/\/apuntesdesanluis.com\/wp-content\/uploads\/2024\/05\/CGT-1.png\",\"articleSection\":[\"Nacionales\/Internacionales\"],\"inLanguage\":\"es-AR\"},{\"@type\":\"WebPage\",\"@id\":\"https:\/\/apuntesdesanluis.com\/index.php\/2024\/05\/09\/la-cgt-afirmo-que-el-paro-fue-contundente-pero-el-gobierno-no-cede\/\",\"url\":\"https:\/\/apuntesdesanluis.com\/index.php\/2024\/05\/09\/la-cgt-afirmo-que-el-paro-fue-contundente-pero-el-gobierno-no-cede\/\",\"name\":\"LA CGT AFIRM\u00d3 QUE EL PARO \u201cFUE CONTUNDENTE\u201d, PERO EL GOBIERNO NO CEDE - Apuntes de San Luis\",\"isPartOf\":{\"@id\":\"https:\/\/apuntesdesanluis.com\/#website\"},\"primaryImageOfPage\":{\"@id\":\"https:\/\/apuntesdesanluis.com\/index.php\/2024\/05\/09\/la-cgt-afirmo-que-el-paro-fue-contundente-pero-el-gobierno-no-cede\/#primaryimage\"},\"image\":{\"@id\":\"https:\/\/apuntesdesanluis.com\/index.php\/2024\/05\/09\/la-cgt-afirmo-que-el-paro-fue-contundente-pero-el-gobierno-no-cede\/#primaryimage\"},\"thumbnailUrl\":\"https:\/\/apuntesdesanluis.com\/wp-content\/uploads\/2024\/05\/CGT-1.png\",\"datePublished\":\"2024-05-10T00:36:39+00:00\",\"breadcrumb\":{\"@id\":\"https:\/\/apuntesdesanluis.com\/index.php\/2024\/05\/09\/la-cgt-afirmo-que-el-paro-fue-contundente-pero-el-gobierno-no-cede\/#breadcrumb\"},\"inLanguage\":\"es-AR\",\"potentialAction\":[{\"@type\":\"ReadAction\",\"target\":[\"https:\/\/apuntesdesanluis.com\/index.php\/2024\/05\/09\/la-cgt-afirmo-que-el-paro-fue-contundente-pero-el-gobierno-no-cede\/\"]}]},{\"@type\":\"ImageObject\",\"inLanguage\":\"es-AR\",\"@id\":\"https:\/\/apuntesdesanluis.com\/index.php\/2024\/05\/09\/la-cgt-afirmo-que-el-paro-fue-contundente-pero-el-gobierno-no-cede\/#primaryimage\",\"url\":\"https:\/\/apuntesdesanluis.com\/wp-content\/uploads\/2024\/05\/CGT-1.png\",\"contentUrl\":\"https:\/\/apuntesdesanluis.com\/wp-content\/uploads\/2024\/05\/CGT-1.png\",\"width\":600,\"height\":350},{\"@type\":\"BreadcrumbList\",\"@id\":\"https:\/\/apuntesdesanluis.com\/index.php\/2024\/05\/09\/la-cgt-afirmo-que-el-paro-fue-contundente-pero-el-gobierno-no-cede\/#breadcrumb\",\"itemListElement\":[{\"@type\":\"ListItem\",\"position\":1,\"name\":\"Inicio\",\"item\":\"https:\/\/apuntesdesanluis.com\/\"},{\"@type\":\"ListItem\",\"position\":2,\"name\":\"LA CGT AFIRM\u00d3 QUE EL PARO \u201cFUE CONTUNDENTE\u201d, PERO EL GOBIERNO NO CEDE\"}]},{\"@type\":\"WebSite\",\"@id\":\"https:\/\/apuntesdesanluis.com\/#website\",\"url\":\"https:\/\/apuntesdesanluis.com\/\",\"name\":\"Apuntes de San Luis\",\"description\":\"\",\"publisher\":{\"@id\":\"https:\/\/apuntesdesanluis.com\/#\/schema\/person\/b55151d52296fcce64d1a72538a70b90\"},\"potentialAction\":[{\"@type\":\"SearchAction\",\"target\":{\"@type\":\"EntryPoint\",\"urlTemplate\":\"https:\/\/apuntesdesanluis.com\/?s={search_term_string}\"},\"query-input\":{\"@type\":\"PropertyValueSpecification\",\"valueRequired\":true,\"valueName\":\"search_term_string\"}}],\"inLanguage\":\"es-AR\"},{\"@type\":[\"Person\",\"Organization\"],\"@id\":\"https:\/\/apuntesdesanluis.com\/#\/schema\/person\/b55151d52296fcce64d1a72538a70b90\",\"name\":\"apuntesdesanluis.com\",\"image\":{\"@type\":\"ImageObject\",\"inLanguage\":\"es-AR\",\"@id\":\"https:\/\/apuntesdesanluis.com\/#\/schema\/person\/image\/\",\"url\":\"https:\/\/apuntesdesanluis.com\/wp-content\/uploads\/2023\/07\/cropped-apuntesdesanluis.png\",\"contentUrl\":\"https:\/\/apuntesdesanluis.com\/wp-content\/uploads\/2023\/07\/cropped-apuntesdesanluis.png\",\"width\":450,\"height\":112,\"caption\":\"apuntesdesanluis.com\"},\"logo\":{\"@id\":\"https:\/\/apuntesdesanluis.com\/#\/schema\/person\/image\/\"},\"sameAs\":[\"https:\/\/apuntesdesanluis.com\"],\"url\":\"https:\/\/apuntesdesanluis.com\/index.php\/author\/apuntesdesanluis-com\/\"}]}<\/script>\n<!-- \/ Yoast SEO plugin. -->","yoast_head_json":{"title":"LA CGT AFIRM\u00d3 QUE EL PARO \u201cFUE CONTUNDENTE\u201d, PERO EL GOBIERNO NO CEDE - Apuntes de San Luis","robots":{"index":"index","follow":"follow","max-snippet":"max-snippet:-1","max-image-preview":"max-image-preview:large","max-video-preview":"max-video-preview:-1"},"canonical":"https:\/\/apuntesdesanluis.com\/index.php\/2024\/05\/09\/la-cgt-afirmo-que-el-paro-fue-contundente-pero-el-gobierno-no-cede\/","og_locale":"es_ES","og_type":"article","og_title":"LA CGT AFIRM\u00d3 QUE EL PARO \u201cFUE CONTUNDENTE\u201d, PERO EL GOBIERNO NO CEDE - Apuntes de San Luis","og_description":"Para la central obrera, el paro fue \u201ccontundente\u201d, aunque no logr\u00f3 conmover al Gobierno para...","og_url":"https:\/\/apuntesdesanluis.com\/index.php\/2024\/05\/09\/la-cgt-afirmo-que-el-paro-fue-contundente-pero-el-gobierno-no-cede\/","og_site_name":"Apuntes de San Luis","article_published_time":"2024-05-10T00:36:39+00:00","og_image":[{"width":600,"height":350,"url":"https:\/\/apuntesdesanluis.com\/wp-content\/uploads\/2024\/05\/CGT-1.png","type":"image\/png"}],"author":"apuntesdesanluis.com","twitter_card":"summary_large_image","twitter_misc":{"Escrito por":"apuntesdesanluis.com","Tiempo de lectura":"5 minutos"},"schema":{"@context":"https:\/\/schema.org","@graph":[{"@type":"Article","@id":"https:\/\/apuntesdesanluis.com\/index.php\/2024\/05\/09\/la-cgt-afirmo-que-el-paro-fue-contundente-pero-el-gobierno-no-cede\/#article","isPartOf":{"@id":"https:\/\/apuntesdesanluis.com\/index.php\/2024\/05\/09\/la-cgt-afirmo-que-el-paro-fue-contundente-pero-el-gobierno-no-cede\/"},"author":{"name":"apuntesdesanluis.com","@id":"https:\/\/apuntesdesanluis.com\/#\/schema\/person\/b55151d52296fcce64d1a72538a70b90"},"headline":"LA CGT AFIRM\u00d3 QUE EL PARO \u201cFUE CONTUNDENTE\u201d, PERO EL GOBIERNO NO CEDE","datePublished":"2024-05-10T00:36:39+00:00","mainEntityOfPage":{"@id":"https:\/\/apuntesdesanluis.com\/index.php\/2024\/05\/09\/la-cgt-afirmo-que-el-paro-fue-contundente-pero-el-gobierno-no-cede\/"},"wordCount":1151,"publisher":{"@id":"https:\/\/apuntesdesanluis.com\/#\/schema\/person\/b55151d52296fcce64d1a72538a70b90"},"image":{"@id":"https:\/\/apuntesdesanluis.com\/index.php\/2024\/05\/09\/la-cgt-afirmo-que-el-paro-fue-contundente-pero-el-gobierno-no-cede\/#primaryimage"},"thumbnailUrl":"https:\/\/apuntesdesanluis.com\/wp-content\/uploads\/2024\/05\/CGT-1.png","articleSection":["Nacionales\/Internacionales"],"inLanguage":"es-AR"},{"@type":"WebPage","@id":"https:\/\/apuntesdesanluis.com\/index.php\/2024\/05\/09\/la-cgt-afirmo-que-el-paro-fue-contundente-pero-el-gobierno-no-cede\/","url":"https:\/\/apuntesdesanluis.com\/index.php\/2024\/05\/09\/la-cgt-afirmo-que-el-paro-fue-contundente-pero-el-gobierno-no-cede\/","name":"LA CGT AFIRM\u00d3 QUE EL PARO \u201cFUE CONTUNDENTE\u201d, PERO EL GOBIERNO NO CEDE - Apuntes de San Luis","isPartOf":{"@id":"https:\/\/apuntesdesanluis.com\/#website"},"primaryImageOfPage":{"@id":"https:\/\/apuntesdesanluis.com\/index.php\/2024\/05\/09\/la-cgt-afirmo-que-el-paro-fue-contundente-pero-el-gobierno-no-cede\/#primaryimage"},"image":{"@id":"https:\/\/apuntesdesanluis.com\/index.php\/2024\/05\/09\/la-cgt-afirmo-que-el-paro-fue-contundente-pero-el-gobierno-no-cede\/#primaryimage"},"thumbnailUrl":"https:\/\/apuntesdesanluis.com\/wp-content\/uploads\/2024\/05\/CGT-1.png","datePublished":"2024-05-10T00:36:39+00:00","breadcrumb":{"@id":"https:\/\/apuntesdesanluis.com\/index.php\/2024\/05\/09\/la-cgt-afirmo-que-el-paro-fue-contundente-pero-el-gobierno-no-cede\/#breadcrumb"},"inLanguage":"es-AR","potentialAction":[{"@type":"ReadAction","target":["https:\/\/apuntesdesanluis.com\/index.php\/2024\/05\/09\/la-cgt-afirmo-que-el-paro-fue-contundente-pero-el-gobierno-no-cede\/"]}]},{"@type":"ImageObject","inLanguage":"es-AR","@id":"https:\/\/apuntesdesanluis.com\/index.php\/2024\/05\/09\/la-cgt-afirmo-que-el-paro-fue-contundente-pero-el-gobierno-no-cede\/#primaryimage","url":"https:\/\/apuntesdesanluis.com\/wp-content\/uploads\/2024\/05\/CGT-1.png","contentUrl":"https:\/\/apuntesdesanluis.com\/wp-content\/uploads\/2024\/05\/CGT-1.png","width":600,"height":350},{"@type":"BreadcrumbList","@id":"https:\/\/apuntesdesanluis.com\/index.php\/2024\/05\/09\/la-cgt-afirmo-que-el-paro-fue-contundente-pero-el-gobierno-no-cede\/#breadcrumb","itemListElement":[{"@type":"ListItem","position":1,"name":"Inicio","item":"https:\/\/apuntesdesanluis.com\/"},{"@type":"ListItem","position":2,"name":"LA CGT AFIRM\u00d3 QUE EL PARO \u201cFUE CONTUNDENTE\u201d, PERO EL GOBIERNO NO CEDE"}]},{"@type":"WebSite","@id":"https:\/\/apuntesdesanluis.com\/#website","url":"https:\/\/apuntesdesanluis.com\/","name":"Apuntes de San Luis","description":"","publisher":{"@id":"https:\/\/apuntesdesanluis.com\/#\/schema\/person\/b55151d52296fcce64d1a72538a70b90"},"potentialAction":[{"@type":"SearchAction","target":{"@type":"EntryPoint","urlTemplate":"https:\/\/apuntesdesanluis.com\/?s={search_term_string}"},"query-input":{"@type":"PropertyValueSpecification","valueRequired":true,"valueName":"search_term_string"}}],"inLanguage":"es-AR"},{"@type":["Person","Organization"],"@id":"https:\/\/apuntesdesanluis.com\/#\/schema\/person\/b55151d52296fcce64d1a72538a70b90","name":"apuntesdesanluis.com","image":{"@type":"ImageObject","inLanguage":"es-AR","@id":"https:\/\/apuntesdesanluis.com\/#\/schema\/person\/image\/","url":"https:\/\/apuntesdesanluis.com\/wp-content\/uploads\/2023\/07\/cropped-apuntesdesanluis.png","contentUrl":"https:\/\/apuntesdesanluis.com\/wp-content\/uploads\/2023\/07\/cropped-apuntesdesanluis.png","width":450,"height":112,"caption":"apuntesdesanluis.com"},"logo":{"@id":"https:\/\/apuntesdesanluis.com\/#\/schema\/person\/image\/"},"sameAs":["https:\/\/apuntesdesanluis.com"],"url":"https:\/\/apuntesdesanluis.com\/index.php\/author\/apuntesdesanluis-com\/"}]}},"featured_image_urls":{"full":["https:\/\/apuntesdesanluis.com\/wp-content\/uploads\/2024\/05\/CGT-1.png",600,350,false],"thumbnail":["https:\/\/apuntesdesanluis.com\/wp-content\/uploads\/2024\/05\/CGT-1-150x150.png",150,150,true],"medium":["https:\/\/apuntesdesanluis.com\/wp-content\/uploads\/2024\/05\/CGT-1-300x175.png",300,175,true],"medium_large":["https:\/\/apuntesdesanluis.com\/wp-content\/uploads\/2024\/05\/CGT-1.png",600,350,false],"large":["https:\/\/apuntesdesanluis.com\/wp-content\/uploads\/2024\/05\/CGT-1.png",600,350,false],"1536x1536":["https:\/\/apuntesdesanluis.com\/wp-content\/uploads\/2024\/05\/CGT-1.png",600,350,false],"2048x2048":["https:\/\/apuntesdesanluis.com\/wp-content\/uploads\/2024\/05\/CGT-1.png",600,350,false],"newsever-slider-full":["https:\/\/apuntesdesanluis.com\/wp-content\/uploads\/2024\/05\/CGT-1.png",600,350,false],"newsever-featured":["https:\/\/apuntesdesanluis.com\/wp-content\/uploads\/2024\/05\/CGT-1.png",600,350,false],"newsever-medium":["https:\/\/apuntesdesanluis.com\/wp-content\/uploads\/2024\/05\/CGT-1.png",600,350,false]},"author_info":{"display_name":"apuntesdesanluis.com","author_link":"https:\/\/apuntesdesanluis.com\/index.php\/author\/apuntesdesanluis-com\/"},"category_info":"<a href=\"https:\/\/apuntesdesanluis.com\/index.php\/category\/nacionales-internacionales\/\" rel=\"category tag\">Nacionales\/Internacionales<\/a>","tag_info":"Nacionales\/Internacionales","comment_count":"0","_links":{"self":[{"href":"https:\/\/apuntesdesanluis.com\/index.php\/wp-json\/wp\/v2\/posts\/15920","targetHints":{"allow":["GET"]}}],"collection":[{"href":"https:\/\/apuntesdesanluis.com\/index.php\/wp-json\/wp\/v2\/posts"}],"about":[{"href":"https:\/\/apuntesdesanluis.com\/index.php\/wp-json\/wp\/v2\/types\/post"}],"author":[{"embeddable":true,"href":"https:\/\/apuntesdesanluis.com\/index.php\/wp-json\/wp\/v2\/users\/1"}],"replies":[{"embeddable":true,"href":"https:\/\/apuntesdesanluis.com\/index.php\/wp-json\/wp\/v2\/comments?post=15920"}],"version-history":[{"count":1,"href":"https:\/\/apuntesdesanluis.com\/index.php\/wp-json\/wp\/v2\/posts\/15920\/revisions"}],"predecessor-version":[{"id":15922,"href":"https:\/\/apuntesdesanluis.com\/index.php\/wp-json\/wp\/v2\/posts\/15920\/revisions\/15922"}],"wp:featuredmedia":[{"embeddable":true,"href":"https:\/\/apuntesdesanluis.com\/index.php\/wp-json\/wp\/v2\/media\/15921"}],"wp:attachment":[{"href":"https:\/\/apuntesdesanluis.com\/index.php\/wp-json\/wp\/v2\/media?parent=15920"}],"wp:term":[{"taxonomy":"category","embeddable":true,"href":"https:\/\/apuntesdesanluis.com\/index.php\/wp-json\/wp\/v2\/categories?post=15920"},{"taxonomy":"post_tag","embeddable":true,"href":"https:\/\/apuntesdesanluis.com\/index.php\/wp-json\/wp\/v2\/tags?post=15920"}],"curies":[{"name":"wp","href":"https:\/\/api.w.org\/{rel}","templated":true}]}}