{"id":15924,"date":"2024-05-09T20:45:44","date_gmt":"2024-05-09T23:45:44","guid":{"rendered":"https:\/\/apuntesdesanluis.com\/?p=15924"},"modified":"2024-05-09T21:47:52","modified_gmt":"2024-05-10T00:47:52","slug":"el-gobierno-acuso-a-camioneros-de-utilizar-la-fuerza-de-choque-para-evitar-el-ingreso-a-las-fabricas","status":"publish","type":"post","link":"https:\/\/apuntesdesanluis.com\/index.php\/2024\/05\/09\/el-gobierno-acuso-a-camioneros-de-utilizar-la-fuerza-de-choque-para-evitar-el-ingreso-a-las-fabricas\/","title":{"rendered":"EL GOBIERNO ACUS\u00d3 A CAMIONEROS DE UTILIZAR LA &#8220;FUERZA DE CHOQUE&#8221; PARA EVITAR EL INGRESO A LAS F\u00c1BRICAS"},"content":{"rendered":"<h3>Este jueves, en medio del segundo paro general de la CGT, el portavoz presidencial <strong>Manuel Adorni<\/strong>, repudi\u00f3 la medida de fuerza en nombre del Gobierno libertario y denunci\u00f3, entre otras cosas, que el sindicato de Camioneros bloqueo el ingreso a algunas f\u00e1bricas para impedir que ingresen los trabajadores.<\/h3>\n<h3>&#8220;Como dijo la ministra de Seguridad Patricia Bullrich, hubo esquinas donde los colectiveros fueron agredidos a piedrazos y pincharon cubiertas con clavos, hubo fuerzas de choque del sindicato de Camioneros evitando que los trabajadores puedan ingresar a las f\u00e1bricas en Pacheco, San Lorenzo y San Mart\u00edn&#8221;, indic\u00f3.<\/h3>\n<h3>El vocero describi\u00f3 lo sucedido como &#8220;extorsiones de personas que hace 20,30 o 40 a\u00f1os viven del esfuerzo de los dem\u00e1s y no del esfuerzo propio&#8221; y precis\u00f3 que este mi\u00e9rcoles, en la previa al paro, la L\u00ednea 134 para denunciar extorsiones recibi\u00f3 1932 llamadas.<\/h3>\n<h3>&#8220;Hay uno en particular que fue menemista, kirchnerista de N\u00e9stor, kirchnerista de Cristina, oficialista del peronismo de turno y hoy mientras que 1 mill\u00f3n de trabajadores quedan varados porque su gremio para, \u00e9l se mueve en un audio A5&#8221;, lanz\u00f3.<\/h3>\n<h3>Luego, ampli\u00f3: &#8220;Hay otro que es l\u00edder gremial desde el a\u00f1o 92, hace 32 a\u00f1os que trabaja de gremialista. Hubo otro que tuvo m\u00e1s causas judiciales que a\u00f1os en el Estado e incluso tenemos uno de todos estos personajes que amenaz\u00f3 en su momento al ministro (Luis) Caputo con tirarlo al Riachuelo&#8221;.<\/h3>\n<h3>&#8220;Son los personajes que cercenaron el progreso de los argentinos durante los \u00faltimos 25 a\u00f1os. Argentina alguna vez fue un pa\u00eds grande porque la mayor\u00eda de los argentinos ten\u00edamos claramente una cultura que premiaba el esfuerzo y el m\u00e9rito, que se ganaron la vida poniendo el cuerpo y el ingenio en el trabajo, sin esperar que nadie les regale absolutamente nada&#8221;, expres\u00f3.<\/h3>\n<h3>En este contexto, Adorni enfatiz\u00f3: &#8220;Estas son dos Argentinas, lo importante es que cada vez son m\u00e1s los que deciden trabajar y entienden esta manera como la \u00fanica de forjar su futuro&#8221;.<\/h3>\n<h3>&#8220;Esto es un paro netamente pol\u00edtico, que da\u00f1a y le complica la vida a much\u00edsima gente. Y la verdad que un paro que es a base de piedrazos, a base de extorsi\u00f3n y a base de amenazas no es un paro, es un d\u00eda donde estamos viendo las consecuencias de un esquema sindical que ha quedado en otros tiempos&#8221;, consider\u00f3.<\/h3>\n<h3>Al respecto, el vocero indic\u00f3 que los dirigentes gremiales &#8220;hablan de acatamiento&#8221; pero subray\u00f3 que &#8220;es dif\u00edcil medir el acatamiento cuando no te dejan movilizarte y juegan con el miedo de la gente a trav\u00e9s de la violencia y el amedrentamiento&#8221;.<\/h3>\n<h3>&#8220;El salario es la contrapartida del trabajo. Si no hay trabajo no hay salario&#8221;, enfatiz\u00f3 luego y reiter\u00f3 que se le descontar\u00e1 el d\u00eda a aquellos empleados p\u00fablicos que no se hayan presentado a trabajar este jueves.<\/h3>\n<h3>Finalmente, advirti\u00f3: &#8220;El protocolo anti-piquetes est\u00e1 vigente para hacer cumplir la ley, las fuerzas federales est\u00e1n custodiando los edificios y rutas y se ha dado la orden de que est\u00e9n preparados con todo su equipamiento para actuar en caso de ser necesario&#8221;.<\/h3>\n<h3>RESPUESTA A LA AMENAZA DEL &#8220;POLLO&#8221; SOBRERO<\/h3>\n<h3>El vocero presidencial tambi\u00e9n fue consultado sobre la amenaza del secretario general de la seccional oeste de la Uni\u00f3n Ferroviaria, Rub\u00e9n \u201cPollo\u201d Sobrero, quien asegur\u00f3 que si no obten\u00edan &#8220;respuestas&#8221; a trav\u00e9s de esta medida, realizar\u00edan un paro de 36 horas.<\/h3>\n<h3>&#8220;No entiendo cu\u00e1l es la respuesta que est\u00e1n esperando para tomar o para definir una posici\u00f3n. No se entiende, apenas entendemos las razones de este paro, menos vamos a interpretar qu\u00e9 es lo que pretenden de nosotros amenazando con un paro de 36 horas&#8221;, se\u00f1al\u00f3 Adorni.<\/h3>\n<h3>Luego, agreg\u00f3: &#8220;Siguen sin entender que a los que perjudican son a los que m\u00e1s necesitan trabajar y tener su d\u00eda lo m\u00e1s normal posible. Es un atentado contra el bolsillo y la libertad de la gente. Un paro en este momento de la Argentina es absolutamente descabellado&#8221;.<\/h3>\n<p>&nbsp;<\/p>\n<p>&nbsp;<\/p>\n<p>&nbsp;<\/p>\n<p>&nbsp;<\/p>\n<p>&nbsp;<\/p>\n","protected":false},"excerpt":{"rendered":"<p>Este jueves, en medio del segundo paro general de la CGT, el portavoz presidencial Manuel&#8230;<\/p>\n","protected":false},"author":1,"featured_media":15925,"comment_status":"closed","ping_status":"closed","sticky":false,"template":"","format":"standard","meta":{"footnotes":""},"categories":[5],"tags":[],"class_list":["post-15924","post","type-post","status-publish","format-standard","has-post-thumbnail","hentry","category-nacionales-internacionales"],"yoast_head":"<!-- This site is optimized with the Yoast SEO plugin v26.1.1 - https:\/\/yoast.com\/wordpress\/plugins\/seo\/ -->\n<title>EL GOBIERNO ACUS\u00d3 A CAMIONEROS DE UTILIZAR LA &quot;FUERZA DE CHOQUE&quot; PARA EVITAR EL INGRESO A LAS F\u00c1BRICAS - Apuntes de San Luis<\/title>\n<meta name=\"robots\" content=\"index, follow, max-snippet:-1, max-image-preview:large, max-video-preview:-1\" \/>\n<link rel=\"canonical\" href=\"https:\/\/apuntesdesanluis.com\/index.php\/2024\/05\/09\/el-gobierno-acuso-a-camioneros-de-utilizar-la-fuerza-de-choque-para-evitar-el-ingreso-a-las-fabricas\/\" \/>\n<meta property=\"og:locale\" content=\"es_ES\" \/>\n<meta property=\"og:type\" content=\"article\" \/>\n<meta property=\"og:title\" content=\"EL GOBIERNO ACUS\u00d3 A CAMIONEROS DE UTILIZAR LA &quot;FUERZA DE CHOQUE&quot; PARA EVITAR EL INGRESO A LAS F\u00c1BRICAS - Apuntes de San Luis\" \/>\n<meta property=\"og:description\" content=\"Este jueves, en medio del segundo paro general de la CGT, el portavoz presidencial Manuel...\" \/>\n<meta property=\"og:url\" content=\"https:\/\/apuntesdesanluis.com\/index.php\/2024\/05\/09\/el-gobierno-acuso-a-camioneros-de-utilizar-la-fuerza-de-choque-para-evitar-el-ingreso-a-las-fabricas\/\" \/>\n<meta property=\"og:site_name\" content=\"Apuntes de San Luis\" \/>\n<meta property=\"article:published_time\" content=\"2024-05-09T23:45:44+00:00\" \/>\n<meta property=\"article:modified_time\" content=\"2024-05-10T00:47:52+00:00\" \/>\n<meta property=\"og:image\" content=\"https:\/\/apuntesdesanluis.com\/wp-content\/uploads\/2024\/05\/ADORNI.png\" \/>\n\t<meta property=\"og:image:width\" content=\"600\" \/>\n\t<meta property=\"og:image:height\" content=\"350\" \/>\n\t<meta property=\"og:image:type\" content=\"image\/png\" \/>\n<meta name=\"author\" content=\"apuntesdesanluis.com\" \/>\n<meta name=\"twitter:card\" content=\"summary_large_image\" \/>\n<meta name=\"twitter:label1\" content=\"Escrito por\" \/>\n\t<meta name=\"twitter:data1\" content=\"apuntesdesanluis.com\" \/>\n\t<meta name=\"twitter:label2\" content=\"Tiempo de lectura\" \/>\n\t<meta name=\"twitter:data2\" content=\"3 minutos\" \/>\n<script type=\"application\/ld+json\" class=\"yoast-schema-graph\">{\"@context\":\"https:\/\/schema.org\",\"@graph\":[{\"@type\":\"Article\",\"@id\":\"https:\/\/apuntesdesanluis.com\/index.php\/2024\/05\/09\/el-gobierno-acuso-a-camioneros-de-utilizar-la-fuerza-de-choque-para-evitar-el-ingreso-a-las-fabricas\/#article\",\"isPartOf\":{\"@id\":\"https:\/\/apuntesdesanluis.com\/index.php\/2024\/05\/09\/el-gobierno-acuso-a-camioneros-de-utilizar-la-fuerza-de-choque-para-evitar-el-ingreso-a-las-fabricas\/\"},\"author\":{\"name\":\"apuntesdesanluis.com\",\"@id\":\"https:\/\/apuntesdesanluis.com\/#\/schema\/person\/b55151d52296fcce64d1a72538a70b90\"},\"headline\":\"EL GOBIERNO ACUS\u00d3 A CAMIONEROS DE UTILIZAR LA &#8220;FUERZA DE CHOQUE&#8221; PARA EVITAR EL INGRESO A LAS F\u00c1BRICAS\",\"datePublished\":\"2024-05-09T23:45:44+00:00\",\"dateModified\":\"2024-05-10T00:47:52+00:00\",\"mainEntityOfPage\":{\"@id\":\"https:\/\/apuntesdesanluis.com\/index.php\/2024\/05\/09\/el-gobierno-acuso-a-camioneros-de-utilizar-la-fuerza-de-choque-para-evitar-el-ingreso-a-las-fabricas\/\"},\"wordCount\":706,\"publisher\":{\"@id\":\"https:\/\/apuntesdesanluis.com\/#\/schema\/person\/b55151d52296fcce64d1a72538a70b90\"},\"image\":{\"@id\":\"https:\/\/apuntesdesanluis.com\/index.php\/2024\/05\/09\/el-gobierno-acuso-a-camioneros-de-utilizar-la-fuerza-de-choque-para-evitar-el-ingreso-a-las-fabricas\/#primaryimage\"},\"thumbnailUrl\":\"https:\/\/apuntesdesanluis.com\/wp-content\/uploads\/2024\/05\/ADORNI.png\",\"articleSection\":[\"Nacionales\/Internacionales\"],\"inLanguage\":\"es-AR\"},{\"@type\":\"WebPage\",\"@id\":\"https:\/\/apuntesdesanluis.com\/index.php\/2024\/05\/09\/el-gobierno-acuso-a-camioneros-de-utilizar-la-fuerza-de-choque-para-evitar-el-ingreso-a-las-fabricas\/\",\"url\":\"https:\/\/apuntesdesanluis.com\/index.php\/2024\/05\/09\/el-gobierno-acuso-a-camioneros-de-utilizar-la-fuerza-de-choque-para-evitar-el-ingreso-a-las-fabricas\/\",\"name\":\"EL GOBIERNO ACUS\u00d3 A CAMIONEROS DE UTILIZAR LA \\\"FUERZA DE CHOQUE\\\" PARA EVITAR EL INGRESO A LAS F\u00c1BRICAS - Apuntes de San Luis\",\"isPartOf\":{\"@id\":\"https:\/\/apuntesdesanluis.com\/#website\"},\"primaryImageOfPage\":{\"@id\":\"https:\/\/apuntesdesanluis.com\/index.php\/2024\/05\/09\/el-gobierno-acuso-a-camioneros-de-utilizar-la-fuerza-de-choque-para-evitar-el-ingreso-a-las-fabricas\/#primaryimage\"},\"image\":{\"@id\":\"https:\/\/apuntesdesanluis.com\/index.php\/2024\/05\/09\/el-gobierno-acuso-a-camioneros-de-utilizar-la-fuerza-de-choque-para-evitar-el-ingreso-a-las-fabricas\/#primaryimage\"},\"thumbnailUrl\":\"https:\/\/apuntesdesanluis.com\/wp-content\/uploads\/2024\/05\/ADORNI.png\",\"datePublished\":\"2024-05-09T23:45:44+00:00\",\"dateModified\":\"2024-05-10T00:47:52+00:00\",\"breadcrumb\":{\"@id\":\"https:\/\/apuntesdesanluis.com\/index.php\/2024\/05\/09\/el-gobierno-acuso-a-camioneros-de-utilizar-la-fuerza-de-choque-para-evitar-el-ingreso-a-las-fabricas\/#breadcrumb\"},\"inLanguage\":\"es-AR\",\"potentialAction\":[{\"@type\":\"ReadAction\",\"target\":[\"https:\/\/apuntesdesanluis.com\/index.php\/2024\/05\/09\/el-gobierno-acuso-a-camioneros-de-utilizar-la-fuerza-de-choque-para-evitar-el-ingreso-a-las-fabricas\/\"]}]},{\"@type\":\"ImageObject\",\"inLanguage\":\"es-AR\",\"@id\":\"https:\/\/apuntesdesanluis.com\/index.php\/2024\/05\/09\/el-gobierno-acuso-a-camioneros-de-utilizar-la-fuerza-de-choque-para-evitar-el-ingreso-a-las-fabricas\/#primaryimage\",\"url\":\"https:\/\/apuntesdesanluis.com\/wp-content\/uploads\/2024\/05\/ADORNI.png\",\"contentUrl\":\"https:\/\/apuntesdesanluis.com\/wp-content\/uploads\/2024\/05\/ADORNI.png\",\"width\":600,\"height\":350},{\"@type\":\"BreadcrumbList\",\"@id\":\"https:\/\/apuntesdesanluis.com\/index.php\/2024\/05\/09\/el-gobierno-acuso-a-camioneros-de-utilizar-la-fuerza-de-choque-para-evitar-el-ingreso-a-las-fabricas\/#breadcrumb\",\"itemListElement\":[{\"@type\":\"ListItem\",\"position\":1,\"name\":\"Inicio\",\"item\":\"https:\/\/apuntesdesanluis.com\/\"},{\"@type\":\"ListItem\",\"position\":2,\"name\":\"EL GOBIERNO ACUS\u00d3 A CAMIONEROS DE UTILIZAR LA &#8220;FUERZA DE CHOQUE&#8221; PARA EVITAR EL INGRESO A LAS F\u00c1BRICAS\"}]},{\"@type\":\"WebSite\",\"@id\":\"https:\/\/apuntesdesanluis.com\/#website\",\"url\":\"https:\/\/apuntesdesanluis.com\/\",\"name\":\"Apuntes de San Luis\",\"description\":\"\",\"publisher\":{\"@id\":\"https:\/\/apuntesdesanluis.com\/#\/schema\/person\/b55151d52296fcce64d1a72538a70b90\"},\"potentialAction\":[{\"@type\":\"SearchAction\",\"target\":{\"@type\":\"EntryPoint\",\"urlTemplate\":\"https:\/\/apuntesdesanluis.com\/?s={search_term_string}\"},\"query-input\":{\"@type\":\"PropertyValueSpecification\",\"valueRequired\":true,\"valueName\":\"search_term_string\"}}],\"inLanguage\":\"es-AR\"},{\"@type\":[\"Person\",\"Organization\"],\"@id\":\"https:\/\/apuntesdesanluis.com\/#\/schema\/person\/b55151d52296fcce64d1a72538a70b90\",\"name\":\"apuntesdesanluis.com\",\"image\":{\"@type\":\"ImageObject\",\"inLanguage\":\"es-AR\",\"@id\":\"https:\/\/apuntesdesanluis.com\/#\/schema\/person\/image\/\",\"url\":\"https:\/\/apuntesdesanluis.com\/wp-content\/uploads\/2023\/07\/cropped-apuntesdesanluis.png\",\"contentUrl\":\"https:\/\/apuntesdesanluis.com\/wp-content\/uploads\/2023\/07\/cropped-apuntesdesanluis.png\",\"width\":450,\"height\":112,\"caption\":\"apuntesdesanluis.com\"},\"logo\":{\"@id\":\"https:\/\/apuntesdesanluis.com\/#\/schema\/person\/image\/\"},\"sameAs\":[\"https:\/\/apuntesdesanluis.com\"],\"url\":\"https:\/\/apuntesdesanluis.com\/index.php\/author\/apuntesdesanluis-com\/\"}]}<\/script>\n<!-- \/ Yoast SEO plugin. -->","yoast_head_json":{"title":"EL GOBIERNO ACUS\u00d3 A CAMIONEROS DE UTILIZAR LA \"FUERZA DE CHOQUE\" PARA EVITAR EL INGRESO A LAS F\u00c1BRICAS - Apuntes de San Luis","robots":{"index":"index","follow":"follow","max-snippet":"max-snippet:-1","max-image-preview":"max-image-preview:large","max-video-preview":"max-video-preview:-1"},"canonical":"https:\/\/apuntesdesanluis.com\/index.php\/2024\/05\/09\/el-gobierno-acuso-a-camioneros-de-utilizar-la-fuerza-de-choque-para-evitar-el-ingreso-a-las-fabricas\/","og_locale":"es_ES","og_type":"article","og_title":"EL GOBIERNO ACUS\u00d3 A CAMIONEROS DE UTILIZAR LA \"FUERZA DE CHOQUE\" PARA EVITAR EL INGRESO A LAS F\u00c1BRICAS - Apuntes de San Luis","og_description":"Este jueves, en medio del segundo paro general de la CGT, el portavoz presidencial Manuel...","og_url":"https:\/\/apuntesdesanluis.com\/index.php\/2024\/05\/09\/el-gobierno-acuso-a-camioneros-de-utilizar-la-fuerza-de-choque-para-evitar-el-ingreso-a-las-fabricas\/","og_site_name":"Apuntes de San Luis","article_published_time":"2024-05-09T23:45:44+00:00","article_modified_time":"2024-05-10T00:47:52+00:00","og_image":[{"width":600,"height":350,"url":"https:\/\/apuntesdesanluis.com\/wp-content\/uploads\/2024\/05\/ADORNI.png","type":"image\/png"}],"author":"apuntesdesanluis.com","twitter_card":"summary_large_image","twitter_misc":{"Escrito por":"apuntesdesanluis.com","Tiempo de lectura":"3 minutos"},"schema":{"@context":"https:\/\/schema.org","@graph":[{"@type":"Article","@id":"https:\/\/apuntesdesanluis.com\/index.php\/2024\/05\/09\/el-gobierno-acuso-a-camioneros-de-utilizar-la-fuerza-de-choque-para-evitar-el-ingreso-a-las-fabricas\/#article","isPartOf":{"@id":"https:\/\/apuntesdesanluis.com\/index.php\/2024\/05\/09\/el-gobierno-acuso-a-camioneros-de-utilizar-la-fuerza-de-choque-para-evitar-el-ingreso-a-las-fabricas\/"},"author":{"name":"apuntesdesanluis.com","@id":"https:\/\/apuntesdesanluis.com\/#\/schema\/person\/b55151d52296fcce64d1a72538a70b90"},"headline":"EL GOBIERNO ACUS\u00d3 A CAMIONEROS DE UTILIZAR LA &#8220;FUERZA DE CHOQUE&#8221; PARA EVITAR EL INGRESO A LAS F\u00c1BRICAS","datePublished":"2024-05-09T23:45:44+00:00","dateModified":"2024-05-10T00:47:52+00:00","mainEntityOfPage":{"@id":"https:\/\/apuntesdesanluis.com\/index.php\/2024\/05\/09\/el-gobierno-acuso-a-camioneros-de-utilizar-la-fuerza-de-choque-para-evitar-el-ingreso-a-las-fabricas\/"},"wordCount":706,"publisher":{"@id":"https:\/\/apuntesdesanluis.com\/#\/schema\/person\/b55151d52296fcce64d1a72538a70b90"},"image":{"@id":"https:\/\/apuntesdesanluis.com\/index.php\/2024\/05\/09\/el-gobierno-acuso-a-camioneros-de-utilizar-la-fuerza-de-choque-para-evitar-el-ingreso-a-las-fabricas\/#primaryimage"},"thumbnailUrl":"https:\/\/apuntesdesanluis.com\/wp-content\/uploads\/2024\/05\/ADORNI.png","articleSection":["Nacionales\/Internacionales"],"inLanguage":"es-AR"},{"@type":"WebPage","@id":"https:\/\/apuntesdesanluis.com\/index.php\/2024\/05\/09\/el-gobierno-acuso-a-camioneros-de-utilizar-la-fuerza-de-choque-para-evitar-el-ingreso-a-las-fabricas\/","url":"https:\/\/apuntesdesanluis.com\/index.php\/2024\/05\/09\/el-gobierno-acuso-a-camioneros-de-utilizar-la-fuerza-de-choque-para-evitar-el-ingreso-a-las-fabricas\/","name":"EL GOBIERNO ACUS\u00d3 A CAMIONEROS DE UTILIZAR LA \"FUERZA DE CHOQUE\" PARA EVITAR EL INGRESO A LAS F\u00c1BRICAS - Apuntes de San Luis","isPartOf":{"@id":"https:\/\/apuntesdesanluis.com\/#website"},"primaryImageOfPage":{"@id":"https:\/\/apuntesdesanluis.com\/index.php\/2024\/05\/09\/el-gobierno-acuso-a-camioneros-de-utilizar-la-fuerza-de-choque-para-evitar-el-ingreso-a-las-fabricas\/#primaryimage"},"image":{"@id":"https:\/\/apuntesdesanluis.com\/index.php\/2024\/05\/09\/el-gobierno-acuso-a-camioneros-de-utilizar-la-fuerza-de-choque-para-evitar-el-ingreso-a-las-fabricas\/#primaryimage"},"thumbnailUrl":"https:\/\/apuntesdesanluis.com\/wp-content\/uploads\/2024\/05\/ADORNI.png","datePublished":"2024-05-09T23:45:44+00:00","dateModified":"2024-05-10T00:47:52+00:00","breadcrumb":{"@id":"https:\/\/apuntesdesanluis.com\/index.php\/2024\/05\/09\/el-gobierno-acuso-a-camioneros-de-utilizar-la-fuerza-de-choque-para-evitar-el-ingreso-a-las-fabricas\/#breadcrumb"},"inLanguage":"es-AR","potentialAction":[{"@type":"ReadAction","target":["https:\/\/apuntesdesanluis.com\/index.php\/2024\/05\/09\/el-gobierno-acuso-a-camioneros-de-utilizar-la-fuerza-de-choque-para-evitar-el-ingreso-a-las-fabricas\/"]}]},{"@type":"ImageObject","inLanguage":"es-AR","@id":"https:\/\/apuntesdesanluis.com\/index.php\/2024\/05\/09\/el-gobierno-acuso-a-camioneros-de-utilizar-la-fuerza-de-choque-para-evitar-el-ingreso-a-las-fabricas\/#primaryimage","url":"https:\/\/apuntesdesanluis.com\/wp-content\/uploads\/2024\/05\/ADORNI.png","contentUrl":"https:\/\/apuntesdesanluis.com\/wp-content\/uploads\/2024\/05\/ADORNI.png","width":600,"height":350},{"@type":"BreadcrumbList","@id":"https:\/\/apuntesdesanluis.com\/index.php\/2024\/05\/09\/el-gobierno-acuso-a-camioneros-de-utilizar-la-fuerza-de-choque-para-evitar-el-ingreso-a-las-fabricas\/#breadcrumb","itemListElement":[{"@type":"ListItem","position":1,"name":"Inicio","item":"https:\/\/apuntesdesanluis.com\/"},{"@type":"ListItem","position":2,"name":"EL GOBIERNO ACUS\u00d3 A CAMIONEROS DE UTILIZAR LA &#8220;FUERZA DE CHOQUE&#8221; PARA EVITAR EL INGRESO A LAS F\u00c1BRICAS"}]},{"@type":"WebSite","@id":"https:\/\/apuntesdesanluis.com\/#website","url":"https:\/\/apuntesdesanluis.com\/","name":"Apuntes de San Luis","description":"","publisher":{"@id":"https:\/\/apuntesdesanluis.com\/#\/schema\/person\/b55151d52296fcce64d1a72538a70b90"},"potentialAction":[{"@type":"SearchAction","target":{"@type":"EntryPoint","urlTemplate":"https:\/\/apuntesdesanluis.com\/?s={search_term_string}"},"query-input":{"@type":"PropertyValueSpecification","valueRequired":true,"valueName":"search_term_string"}}],"inLanguage":"es-AR"},{"@type":["Person","Organization"],"@id":"https:\/\/apuntesdesanluis.com\/#\/schema\/person\/b55151d52296fcce64d1a72538a70b90","name":"apuntesdesanluis.com","image":{"@type":"ImageObject","inLanguage":"es-AR","@id":"https:\/\/apuntesdesanluis.com\/#\/schema\/person\/image\/","url":"https:\/\/apuntesdesanluis.com\/wp-content\/uploads\/2023\/07\/cropped-apuntesdesanluis.png","contentUrl":"https:\/\/apuntesdesanluis.com\/wp-content\/uploads\/2023\/07\/cropped-apuntesdesanluis.png","width":450,"height":112,"caption":"apuntesdesanluis.com"},"logo":{"@id":"https:\/\/apuntesdesanluis.com\/#\/schema\/person\/image\/"},"sameAs":["https:\/\/apuntesdesanluis.com"],"url":"https:\/\/apuntesdesanluis.com\/index.php\/author\/apuntesdesanluis-com\/"}]}},"featured_image_urls":{"full":["https:\/\/apuntesdesanluis.com\/wp-content\/uploads\/2024\/05\/ADORNI.png",600,350,false],"thumbnail":["https:\/\/apuntesdesanluis.com\/wp-content\/uploads\/2024\/05\/ADORNI-150x150.png",150,150,true],"medium":["https:\/\/apuntesdesanluis.com\/wp-content\/uploads\/2024\/05\/ADORNI-300x175.png",300,175,true],"medium_large":["https:\/\/apuntesdesanluis.com\/wp-content\/uploads\/2024\/05\/ADORNI.png",600,350,false],"large":["https:\/\/apuntesdesanluis.com\/wp-content\/uploads\/2024\/05\/ADORNI.png",600,350,false],"1536x1536":["https:\/\/apuntesdesanluis.com\/wp-content\/uploads\/2024\/05\/ADORNI.png",600,350,false],"2048x2048":["https:\/\/apuntesdesanluis.com\/wp-content\/uploads\/2024\/05\/ADORNI.png",600,350,false],"newsever-slider-full":["https:\/\/apuntesdesanluis.com\/wp-content\/uploads\/2024\/05\/ADORNI.png",600,350,false],"newsever-featured":["https:\/\/apuntesdesanluis.com\/wp-content\/uploads\/2024\/05\/ADORNI.png",600,350,false],"newsever-medium":["https:\/\/apuntesdesanluis.com\/wp-content\/uploads\/2024\/05\/ADORNI.png",600,350,false]},"author_info":{"display_name":"apuntesdesanluis.com","author_link":"https:\/\/apuntesdesanluis.com\/index.php\/author\/apuntesdesanluis-com\/"},"category_info":"<a href=\"https:\/\/apuntesdesanluis.com\/index.php\/category\/nacionales-internacionales\/\" rel=\"category tag\">Nacionales\/Internacionales<\/a>","tag_info":"Nacionales\/Internacionales","comment_count":"0","_links":{"self":[{"href":"https:\/\/apuntesdesanluis.com\/index.php\/wp-json\/wp\/v2\/posts\/15924","targetHints":{"allow":["GET"]}}],"collection":[{"href":"https:\/\/apuntesdesanluis.com\/index.php\/wp-json\/wp\/v2\/posts"}],"about":[{"href":"https:\/\/apuntesdesanluis.com\/index.php\/wp-json\/wp\/v2\/types\/post"}],"author":[{"embeddable":true,"href":"https:\/\/apuntesdesanluis.com\/index.php\/wp-json\/wp\/v2\/users\/1"}],"replies":[{"embeddable":true,"href":"https:\/\/apuntesdesanluis.com\/index.php\/wp-json\/wp\/v2\/comments?post=15924"}],"version-history":[{"count":1,"href":"https:\/\/apuntesdesanluis.com\/index.php\/wp-json\/wp\/v2\/posts\/15924\/revisions"}],"predecessor-version":[{"id":15926,"href":"https:\/\/apuntesdesanluis.com\/index.php\/wp-json\/wp\/v2\/posts\/15924\/revisions\/15926"}],"wp:featuredmedia":[{"embeddable":true,"href":"https:\/\/apuntesdesanluis.com\/index.php\/wp-json\/wp\/v2\/media\/15925"}],"wp:attachment":[{"href":"https:\/\/apuntesdesanluis.com\/index.php\/wp-json\/wp\/v2\/media?parent=15924"}],"wp:term":[{"taxonomy":"category","embeddable":true,"href":"https:\/\/apuntesdesanluis.com\/index.php\/wp-json\/wp\/v2\/categories?post=15924"},{"taxonomy":"post_tag","embeddable":true,"href":"https:\/\/apuntesdesanluis.com\/index.php\/wp-json\/wp\/v2\/tags?post=15924"}],"curies":[{"name":"wp","href":"https:\/\/api.w.org\/{rel}","templated":true}]}}