{"id":15934,"date":"2024-05-09T22:18:18","date_gmt":"2024-05-10T01:18:18","guid":{"rendered":"https:\/\/apuntesdesanluis.com\/?p=15934"},"modified":"2024-05-09T22:18:18","modified_gmt":"2024-05-10T01:18:18","slug":"el-gobierno-endurece-la-posicion-ante-la-cgt-minimizo-el-impacto-del-paro-y-apuesta-a-exponer-a-los-gremios","status":"publish","type":"post","link":"https:\/\/apuntesdesanluis.com\/index.php\/2024\/05\/09\/el-gobierno-endurece-la-posicion-ante-la-cgt-minimizo-el-impacto-del-paro-y-apuesta-a-exponer-a-los-gremios\/","title":{"rendered":"EL GOBIERNO ENDURECE LA POSICI\u00d3N ANTE LA CGT: MINIMIZ\u00d3 EL IMPACTO DEL PARO Y APUESTA A EXPONER A LOS GREMIOS"},"content":{"rendered":"<h3>Despu\u00e9s de una jornada de paro general, el Gobierno decidi\u00f3 mostrarse indiferente, sin convocatorias de \u00faltimo momento a los jefes de la CGT ni llamadas urgentes para recomponer la relaci\u00f3n. Manten\u00edan la postura dura a pesar de las amenazas de algunos dirigentes sobre nuevas medidas de fuerza de mayor duraci\u00f3n, incluso de 36 horas. En cambio, redoblaron la apuesta, y dispusieron una serie de mensajes fuertes para intentar exponer a los gremialistas ante la opini\u00f3n p\u00fablica.<\/h3>\n<h3>Los asesores de <strong>Javier Milei<\/strong> insisten en que el paro y las protestas impulsadas por la central no debilitan al Gobierno, sino que lo benefician. Parten de la base de que hay una diferencia entre el acompa\u00f1amiento generalizado a los reclamos -que, admiten, tienen respaldo- y el apoyo a la conducci\u00f3n de las medidas de fuerza. \u201cLos gremios tienen el peor porcentaje de imagen positiva de todos los sectores, incluyendo a la Justicia y a la Polic\u00eda, es impresionante. Lo que piden puede tener legitimidad, ellos no\u201d, dijo un colaborador de la primera l\u00ednea del Presidente esta tarde, desde su oficina. Por la ventana, la ciudad se ve\u00eda desierta y silenciosa.<\/h3>\n<h3>En la Casa Rosada est\u00e1n convencidos de que Pablo Moyano, H\u00e9ctor Daer y Carlos Acu\u00f1a \u201cles hacen un favor\u201d al parar, y dispusieron una campa\u00f1a para exacerbarlo. La \u00fanica represalia que tomaron, por ahora, fue el anuncio de que les descontar\u00e1n el d\u00eda a los estatales que adhirieran. Pero el resto fueron mensajes de cara a la sociedad, desde la Sala de Conferencias de la Casa Rosada y desde las redes oficiales, incluida la del primer mandatario.<\/h3>\n<h3>Milei public\u00f3 una imagen de \u00e9l mismo modificada, que lo mostraba con una remera que dec\u00eda \u201cNo paro\u201d. Y sus especialistas en comunicaci\u00f3n trabajaron en un informe que expusieron en la cuenta Oficina del Presidente con infograf\u00edas que revelan, seg\u00fan sus c\u00e1lculos, que la huelga tendr\u00e1 un costo de \u201cm\u00e1s de US$500 millones\u201d para la econom\u00eda. Adem\u00e1s, compararon las cifras con la canasta b\u00e1sica, para que los usuarios entendieran mejor la magnitud de la p\u00e9rdida.<\/h3>\n<h3>En igual sentido, acusaron a los gremialistas de \u201cextorsionar\u201d a los trabajadores que s\u00ed quer\u00edan asistir al aplicar la hist\u00f3rica t\u00e1ctica de frenar el transporte. \u201cLes recordamos que sigue abierta la l\u00ednea 134 para denunciar extorsiones\u201d, dijo el vocero, Manuel Adorni. La primera huelga hab\u00eda sido el 24 de enero, cuando hab\u00eda pasado s\u00f3lo un mes y medio del mandato de Milei, algo que distintos funcionarios se encargaron de remarcar entonces, y que repitieron hoy.<\/h3>\n<h3>Aunque el Gobierno minimice el impacto de un segundo paro general en cinco meses de gesti\u00f3n, admiten que tiene consecuencias para la imagen que intenta proyectar Milei a los inversores del exterior, de los que depender\u00e1 en \u00faltima instancia la recuperaci\u00f3n de la econom\u00eda cuando la capacidad de ajuste llegue al l\u00edmite.<\/h3>\n<h3>Despu\u00e9s de que el due\u00f1o de Tesla, Elon Musk, llamara a invertir en el pa\u00eds, hoy los principales medios del mundo reflejaron una situaci\u00f3n de inestabilidad en el pa\u00eds, que podr\u00eda repetirse si no hay alg\u00fan tipo de acuerdo. As\u00ed lo advirti\u00f3, por ejemplo, el delegado de Uni\u00f3n Ferroviaria, Rub\u00e9n \u201cPollo\u201d Sobrero. \u201cYo siempre fui cr\u00edtico tambi\u00e9n con la gesti\u00f3n de Alberto Fern\u00e1ndez, que fue un desastre, y tambi\u00e9n con Mauricio Macri. Siempre dije que se estaba atentando contra los trabajadores. Pero ahora peg\u00f3 un salto y empeor\u00f3 la situaci\u00f3n. Si no hay respuesta con este paro de 24 horas, haremos otro de 36\u2033, dijo, en una amenaza velada.<\/h3>\n<h3>A pesar de que en p\u00fablico eligieron la estrategia de mostrarse en pie de guerra, por lo bajo hubo algunos intentos de acercamiento con los gremios, que en Balcarce 50 deslizaban pero manten\u00edan, a toda costa, bajo absoluta reserva. La semana pasada, el ministro del Interior, Guillermo Francos, hab\u00eda dicho que intentar\u00eda \u201cdesactivar\u201d la medida, pero sus gestiones, si existieron, resultaron infructuosas. En cambio, se impuso la posici\u00f3n m\u00e1s dura, de colaboradores como Santiago Caputo, que consideran que medidas como las de hoy no tienen legitimidad y son insostenibles.<\/h3>\n<p>&nbsp;<\/p>\n<p>&nbsp;<\/p>\n<p>&nbsp;<\/p>\n<p>&nbsp;<\/p>\n<p>&nbsp;<\/p>\n<p>&nbsp;<\/p>\n","protected":false},"excerpt":{"rendered":"<p>Despu\u00e9s de una jornada de paro general, el Gobierno decidi\u00f3 mostrarse indiferente, sin convocatorias de&#8230;<\/p>\n","protected":false},"author":1,"featured_media":15935,"comment_status":"closed","ping_status":"closed","sticky":false,"template":"","format":"standard","meta":{"footnotes":""},"categories":[5],"tags":[],"class_list":["post-15934","post","type-post","status-publish","format-standard","has-post-thumbnail","hentry","category-nacionales-internacionales"],"yoast_head":"<!-- This site is optimized with the Yoast SEO plugin v26.1.1 - https:\/\/yoast.com\/wordpress\/plugins\/seo\/ -->\n<title>EL GOBIERNO ENDURECE LA POSICI\u00d3N ANTE LA CGT: MINIMIZ\u00d3 EL IMPACTO DEL PARO Y APUESTA A EXPONER A LOS GREMIOS - Apuntes de San Luis<\/title>\n<meta name=\"robots\" content=\"index, follow, max-snippet:-1, max-image-preview:large, max-video-preview:-1\" \/>\n<link rel=\"canonical\" href=\"https:\/\/apuntesdesanluis.com\/index.php\/2024\/05\/09\/el-gobierno-endurece-la-posicion-ante-la-cgt-minimizo-el-impacto-del-paro-y-apuesta-a-exponer-a-los-gremios\/\" \/>\n<meta property=\"og:locale\" content=\"es_ES\" \/>\n<meta property=\"og:type\" content=\"article\" \/>\n<meta property=\"og:title\" content=\"EL GOBIERNO ENDURECE LA POSICI\u00d3N ANTE LA CGT: MINIMIZ\u00d3 EL IMPACTO DEL PARO Y APUESTA A EXPONER A LOS GREMIOS - Apuntes de San Luis\" \/>\n<meta property=\"og:description\" content=\"Despu\u00e9s de una jornada de paro general, el Gobierno decidi\u00f3 mostrarse indiferente, sin convocatorias de...\" \/>\n<meta property=\"og:url\" content=\"https:\/\/apuntesdesanluis.com\/index.php\/2024\/05\/09\/el-gobierno-endurece-la-posicion-ante-la-cgt-minimizo-el-impacto-del-paro-y-apuesta-a-exponer-a-los-gremios\/\" \/>\n<meta property=\"og:site_name\" content=\"Apuntes de San Luis\" \/>\n<meta property=\"article:published_time\" content=\"2024-05-10T01:18:18+00:00\" \/>\n<meta property=\"og:image\" content=\"https:\/\/apuntesdesanluis.com\/wp-content\/uploads\/2024\/05\/MILEI-2.png\" \/>\n\t<meta property=\"og:image:width\" content=\"600\" \/>\n\t<meta property=\"og:image:height\" content=\"388\" \/>\n\t<meta property=\"og:image:type\" content=\"image\/png\" \/>\n<meta name=\"author\" content=\"apuntesdesanluis.com\" \/>\n<meta name=\"twitter:card\" content=\"summary_large_image\" \/>\n<meta name=\"twitter:label1\" content=\"Escrito por\" \/>\n\t<meta name=\"twitter:data1\" content=\"apuntesdesanluis.com\" \/>\n\t<meta name=\"twitter:label2\" content=\"Tiempo de lectura\" \/>\n\t<meta name=\"twitter:data2\" content=\"4 minutos\" \/>\n<script type=\"application\/ld+json\" class=\"yoast-schema-graph\">{\"@context\":\"https:\/\/schema.org\",\"@graph\":[{\"@type\":\"Article\",\"@id\":\"https:\/\/apuntesdesanluis.com\/index.php\/2024\/05\/09\/el-gobierno-endurece-la-posicion-ante-la-cgt-minimizo-el-impacto-del-paro-y-apuesta-a-exponer-a-los-gremios\/#article\",\"isPartOf\":{\"@id\":\"https:\/\/apuntesdesanluis.com\/index.php\/2024\/05\/09\/el-gobierno-endurece-la-posicion-ante-la-cgt-minimizo-el-impacto-del-paro-y-apuesta-a-exponer-a-los-gremios\/\"},\"author\":{\"name\":\"apuntesdesanluis.com\",\"@id\":\"https:\/\/apuntesdesanluis.com\/#\/schema\/person\/b55151d52296fcce64d1a72538a70b90\"},\"headline\":\"EL GOBIERNO ENDURECE LA POSICI\u00d3N ANTE LA CGT: MINIMIZ\u00d3 EL IMPACTO DEL PARO Y APUESTA A EXPONER A LOS GREMIOS\",\"datePublished\":\"2024-05-10T01:18:18+00:00\",\"mainEntityOfPage\":{\"@id\":\"https:\/\/apuntesdesanluis.com\/index.php\/2024\/05\/09\/el-gobierno-endurece-la-posicion-ante-la-cgt-minimizo-el-impacto-del-paro-y-apuesta-a-exponer-a-los-gremios\/\"},\"wordCount\":744,\"publisher\":{\"@id\":\"https:\/\/apuntesdesanluis.com\/#\/schema\/person\/b55151d52296fcce64d1a72538a70b90\"},\"image\":{\"@id\":\"https:\/\/apuntesdesanluis.com\/index.php\/2024\/05\/09\/el-gobierno-endurece-la-posicion-ante-la-cgt-minimizo-el-impacto-del-paro-y-apuesta-a-exponer-a-los-gremios\/#primaryimage\"},\"thumbnailUrl\":\"https:\/\/apuntesdesanluis.com\/wp-content\/uploads\/2024\/05\/MILEI-2.png\",\"articleSection\":[\"Nacionales\/Internacionales\"],\"inLanguage\":\"es-AR\"},{\"@type\":\"WebPage\",\"@id\":\"https:\/\/apuntesdesanluis.com\/index.php\/2024\/05\/09\/el-gobierno-endurece-la-posicion-ante-la-cgt-minimizo-el-impacto-del-paro-y-apuesta-a-exponer-a-los-gremios\/\",\"url\":\"https:\/\/apuntesdesanluis.com\/index.php\/2024\/05\/09\/el-gobierno-endurece-la-posicion-ante-la-cgt-minimizo-el-impacto-del-paro-y-apuesta-a-exponer-a-los-gremios\/\",\"name\":\"EL GOBIERNO ENDURECE LA POSICI\u00d3N ANTE LA CGT: MINIMIZ\u00d3 EL IMPACTO DEL PARO Y APUESTA A EXPONER A LOS GREMIOS - Apuntes de San Luis\",\"isPartOf\":{\"@id\":\"https:\/\/apuntesdesanluis.com\/#website\"},\"primaryImageOfPage\":{\"@id\":\"https:\/\/apuntesdesanluis.com\/index.php\/2024\/05\/09\/el-gobierno-endurece-la-posicion-ante-la-cgt-minimizo-el-impacto-del-paro-y-apuesta-a-exponer-a-los-gremios\/#primaryimage\"},\"image\":{\"@id\":\"https:\/\/apuntesdesanluis.com\/index.php\/2024\/05\/09\/el-gobierno-endurece-la-posicion-ante-la-cgt-minimizo-el-impacto-del-paro-y-apuesta-a-exponer-a-los-gremios\/#primaryimage\"},\"thumbnailUrl\":\"https:\/\/apuntesdesanluis.com\/wp-content\/uploads\/2024\/05\/MILEI-2.png\",\"datePublished\":\"2024-05-10T01:18:18+00:00\",\"breadcrumb\":{\"@id\":\"https:\/\/apuntesdesanluis.com\/index.php\/2024\/05\/09\/el-gobierno-endurece-la-posicion-ante-la-cgt-minimizo-el-impacto-del-paro-y-apuesta-a-exponer-a-los-gremios\/#breadcrumb\"},\"inLanguage\":\"es-AR\",\"potentialAction\":[{\"@type\":\"ReadAction\",\"target\":[\"https:\/\/apuntesdesanluis.com\/index.php\/2024\/05\/09\/el-gobierno-endurece-la-posicion-ante-la-cgt-minimizo-el-impacto-del-paro-y-apuesta-a-exponer-a-los-gremios\/\"]}]},{\"@type\":\"ImageObject\",\"inLanguage\":\"es-AR\",\"@id\":\"https:\/\/apuntesdesanluis.com\/index.php\/2024\/05\/09\/el-gobierno-endurece-la-posicion-ante-la-cgt-minimizo-el-impacto-del-paro-y-apuesta-a-exponer-a-los-gremios\/#primaryimage\",\"url\":\"https:\/\/apuntesdesanluis.com\/wp-content\/uploads\/2024\/05\/MILEI-2.png\",\"contentUrl\":\"https:\/\/apuntesdesanluis.com\/wp-content\/uploads\/2024\/05\/MILEI-2.png\",\"width\":600,\"height\":388},{\"@type\":\"BreadcrumbList\",\"@id\":\"https:\/\/apuntesdesanluis.com\/index.php\/2024\/05\/09\/el-gobierno-endurece-la-posicion-ante-la-cgt-minimizo-el-impacto-del-paro-y-apuesta-a-exponer-a-los-gremios\/#breadcrumb\",\"itemListElement\":[{\"@type\":\"ListItem\",\"position\":1,\"name\":\"Inicio\",\"item\":\"https:\/\/apuntesdesanluis.com\/\"},{\"@type\":\"ListItem\",\"position\":2,\"name\":\"EL GOBIERNO ENDURECE LA POSICI\u00d3N ANTE LA CGT: MINIMIZ\u00d3 EL IMPACTO DEL PARO Y APUESTA A EXPONER A LOS GREMIOS\"}]},{\"@type\":\"WebSite\",\"@id\":\"https:\/\/apuntesdesanluis.com\/#website\",\"url\":\"https:\/\/apuntesdesanluis.com\/\",\"name\":\"Apuntes de San Luis\",\"description\":\"\",\"publisher\":{\"@id\":\"https:\/\/apuntesdesanluis.com\/#\/schema\/person\/b55151d52296fcce64d1a72538a70b90\"},\"potentialAction\":[{\"@type\":\"SearchAction\",\"target\":{\"@type\":\"EntryPoint\",\"urlTemplate\":\"https:\/\/apuntesdesanluis.com\/?s={search_term_string}\"},\"query-input\":{\"@type\":\"PropertyValueSpecification\",\"valueRequired\":true,\"valueName\":\"search_term_string\"}}],\"inLanguage\":\"es-AR\"},{\"@type\":[\"Person\",\"Organization\"],\"@id\":\"https:\/\/apuntesdesanluis.com\/#\/schema\/person\/b55151d52296fcce64d1a72538a70b90\",\"name\":\"apuntesdesanluis.com\",\"image\":{\"@type\":\"ImageObject\",\"inLanguage\":\"es-AR\",\"@id\":\"https:\/\/apuntesdesanluis.com\/#\/schema\/person\/image\/\",\"url\":\"https:\/\/apuntesdesanluis.com\/wp-content\/uploads\/2023\/07\/cropped-apuntesdesanluis.png\",\"contentUrl\":\"https:\/\/apuntesdesanluis.com\/wp-content\/uploads\/2023\/07\/cropped-apuntesdesanluis.png\",\"width\":450,\"height\":112,\"caption\":\"apuntesdesanluis.com\"},\"logo\":{\"@id\":\"https:\/\/apuntesdesanluis.com\/#\/schema\/person\/image\/\"},\"sameAs\":[\"https:\/\/apuntesdesanluis.com\"],\"url\":\"https:\/\/apuntesdesanluis.com\/index.php\/author\/apuntesdesanluis-com\/\"}]}<\/script>\n<!-- \/ Yoast SEO plugin. -->","yoast_head_json":{"title":"EL GOBIERNO ENDURECE LA POSICI\u00d3N ANTE LA CGT: MINIMIZ\u00d3 EL IMPACTO DEL PARO Y APUESTA A EXPONER A LOS GREMIOS - Apuntes de San Luis","robots":{"index":"index","follow":"follow","max-snippet":"max-snippet:-1","max-image-preview":"max-image-preview:large","max-video-preview":"max-video-preview:-1"},"canonical":"https:\/\/apuntesdesanluis.com\/index.php\/2024\/05\/09\/el-gobierno-endurece-la-posicion-ante-la-cgt-minimizo-el-impacto-del-paro-y-apuesta-a-exponer-a-los-gremios\/","og_locale":"es_ES","og_type":"article","og_title":"EL GOBIERNO ENDURECE LA POSICI\u00d3N ANTE LA CGT: MINIMIZ\u00d3 EL IMPACTO DEL PARO Y APUESTA A EXPONER A LOS GREMIOS - Apuntes de San Luis","og_description":"Despu\u00e9s de una jornada de paro general, el Gobierno decidi\u00f3 mostrarse indiferente, sin convocatorias de...","og_url":"https:\/\/apuntesdesanluis.com\/index.php\/2024\/05\/09\/el-gobierno-endurece-la-posicion-ante-la-cgt-minimizo-el-impacto-del-paro-y-apuesta-a-exponer-a-los-gremios\/","og_site_name":"Apuntes de San Luis","article_published_time":"2024-05-10T01:18:18+00:00","og_image":[{"width":600,"height":388,"url":"https:\/\/apuntesdesanluis.com\/wp-content\/uploads\/2024\/05\/MILEI-2.png","type":"image\/png"}],"author":"apuntesdesanluis.com","twitter_card":"summary_large_image","twitter_misc":{"Escrito por":"apuntesdesanluis.com","Tiempo de lectura":"4 minutos"},"schema":{"@context":"https:\/\/schema.org","@graph":[{"@type":"Article","@id":"https:\/\/apuntesdesanluis.com\/index.php\/2024\/05\/09\/el-gobierno-endurece-la-posicion-ante-la-cgt-minimizo-el-impacto-del-paro-y-apuesta-a-exponer-a-los-gremios\/#article","isPartOf":{"@id":"https:\/\/apuntesdesanluis.com\/index.php\/2024\/05\/09\/el-gobierno-endurece-la-posicion-ante-la-cgt-minimizo-el-impacto-del-paro-y-apuesta-a-exponer-a-los-gremios\/"},"author":{"name":"apuntesdesanluis.com","@id":"https:\/\/apuntesdesanluis.com\/#\/schema\/person\/b55151d52296fcce64d1a72538a70b90"},"headline":"EL GOBIERNO ENDURECE LA POSICI\u00d3N ANTE LA CGT: MINIMIZ\u00d3 EL IMPACTO DEL PARO Y APUESTA A EXPONER A LOS GREMIOS","datePublished":"2024-05-10T01:18:18+00:00","mainEntityOfPage":{"@id":"https:\/\/apuntesdesanluis.com\/index.php\/2024\/05\/09\/el-gobierno-endurece-la-posicion-ante-la-cgt-minimizo-el-impacto-del-paro-y-apuesta-a-exponer-a-los-gremios\/"},"wordCount":744,"publisher":{"@id":"https:\/\/apuntesdesanluis.com\/#\/schema\/person\/b55151d52296fcce64d1a72538a70b90"},"image":{"@id":"https:\/\/apuntesdesanluis.com\/index.php\/2024\/05\/09\/el-gobierno-endurece-la-posicion-ante-la-cgt-minimizo-el-impacto-del-paro-y-apuesta-a-exponer-a-los-gremios\/#primaryimage"},"thumbnailUrl":"https:\/\/apuntesdesanluis.com\/wp-content\/uploads\/2024\/05\/MILEI-2.png","articleSection":["Nacionales\/Internacionales"],"inLanguage":"es-AR"},{"@type":"WebPage","@id":"https:\/\/apuntesdesanluis.com\/index.php\/2024\/05\/09\/el-gobierno-endurece-la-posicion-ante-la-cgt-minimizo-el-impacto-del-paro-y-apuesta-a-exponer-a-los-gremios\/","url":"https:\/\/apuntesdesanluis.com\/index.php\/2024\/05\/09\/el-gobierno-endurece-la-posicion-ante-la-cgt-minimizo-el-impacto-del-paro-y-apuesta-a-exponer-a-los-gremios\/","name":"EL GOBIERNO ENDURECE LA POSICI\u00d3N ANTE LA CGT: MINIMIZ\u00d3 EL IMPACTO DEL PARO Y APUESTA A EXPONER A LOS GREMIOS - Apuntes de San Luis","isPartOf":{"@id":"https:\/\/apuntesdesanluis.com\/#website"},"primaryImageOfPage":{"@id":"https:\/\/apuntesdesanluis.com\/index.php\/2024\/05\/09\/el-gobierno-endurece-la-posicion-ante-la-cgt-minimizo-el-impacto-del-paro-y-apuesta-a-exponer-a-los-gremios\/#primaryimage"},"image":{"@id":"https:\/\/apuntesdesanluis.com\/index.php\/2024\/05\/09\/el-gobierno-endurece-la-posicion-ante-la-cgt-minimizo-el-impacto-del-paro-y-apuesta-a-exponer-a-los-gremios\/#primaryimage"},"thumbnailUrl":"https:\/\/apuntesdesanluis.com\/wp-content\/uploads\/2024\/05\/MILEI-2.png","datePublished":"2024-05-10T01:18:18+00:00","breadcrumb":{"@id":"https:\/\/apuntesdesanluis.com\/index.php\/2024\/05\/09\/el-gobierno-endurece-la-posicion-ante-la-cgt-minimizo-el-impacto-del-paro-y-apuesta-a-exponer-a-los-gremios\/#breadcrumb"},"inLanguage":"es-AR","potentialAction":[{"@type":"ReadAction","target":["https:\/\/apuntesdesanluis.com\/index.php\/2024\/05\/09\/el-gobierno-endurece-la-posicion-ante-la-cgt-minimizo-el-impacto-del-paro-y-apuesta-a-exponer-a-los-gremios\/"]}]},{"@type":"ImageObject","inLanguage":"es-AR","@id":"https:\/\/apuntesdesanluis.com\/index.php\/2024\/05\/09\/el-gobierno-endurece-la-posicion-ante-la-cgt-minimizo-el-impacto-del-paro-y-apuesta-a-exponer-a-los-gremios\/#primaryimage","url":"https:\/\/apuntesdesanluis.com\/wp-content\/uploads\/2024\/05\/MILEI-2.png","contentUrl":"https:\/\/apuntesdesanluis.com\/wp-content\/uploads\/2024\/05\/MILEI-2.png","width":600,"height":388},{"@type":"BreadcrumbList","@id":"https:\/\/apuntesdesanluis.com\/index.php\/2024\/05\/09\/el-gobierno-endurece-la-posicion-ante-la-cgt-minimizo-el-impacto-del-paro-y-apuesta-a-exponer-a-los-gremios\/#breadcrumb","itemListElement":[{"@type":"ListItem","position":1,"name":"Inicio","item":"https:\/\/apuntesdesanluis.com\/"},{"@type":"ListItem","position":2,"name":"EL GOBIERNO ENDURECE LA POSICI\u00d3N ANTE LA CGT: MINIMIZ\u00d3 EL IMPACTO DEL PARO Y APUESTA A EXPONER A LOS GREMIOS"}]},{"@type":"WebSite","@id":"https:\/\/apuntesdesanluis.com\/#website","url":"https:\/\/apuntesdesanluis.com\/","name":"Apuntes de San Luis","description":"","publisher":{"@id":"https:\/\/apuntesdesanluis.com\/#\/schema\/person\/b55151d52296fcce64d1a72538a70b90"},"potentialAction":[{"@type":"SearchAction","target":{"@type":"EntryPoint","urlTemplate":"https:\/\/apuntesdesanluis.com\/?s={search_term_string}"},"query-input":{"@type":"PropertyValueSpecification","valueRequired":true,"valueName":"search_term_string"}}],"inLanguage":"es-AR"},{"@type":["Person","Organization"],"@id":"https:\/\/apuntesdesanluis.com\/#\/schema\/person\/b55151d52296fcce64d1a72538a70b90","name":"apuntesdesanluis.com","image":{"@type":"ImageObject","inLanguage":"es-AR","@id":"https:\/\/apuntesdesanluis.com\/#\/schema\/person\/image\/","url":"https:\/\/apuntesdesanluis.com\/wp-content\/uploads\/2023\/07\/cropped-apuntesdesanluis.png","contentUrl":"https:\/\/apuntesdesanluis.com\/wp-content\/uploads\/2023\/07\/cropped-apuntesdesanluis.png","width":450,"height":112,"caption":"apuntesdesanluis.com"},"logo":{"@id":"https:\/\/apuntesdesanluis.com\/#\/schema\/person\/image\/"},"sameAs":["https:\/\/apuntesdesanluis.com"],"url":"https:\/\/apuntesdesanluis.com\/index.php\/author\/apuntesdesanluis-com\/"}]}},"featured_image_urls":{"full":["https:\/\/apuntesdesanluis.com\/wp-content\/uploads\/2024\/05\/MILEI-2.png",600,388,false],"thumbnail":["https:\/\/apuntesdesanluis.com\/wp-content\/uploads\/2024\/05\/MILEI-2-150x150.png",150,150,true],"medium":["https:\/\/apuntesdesanluis.com\/wp-content\/uploads\/2024\/05\/MILEI-2-300x194.png",300,194,true],"medium_large":["https:\/\/apuntesdesanluis.com\/wp-content\/uploads\/2024\/05\/MILEI-2.png",600,388,false],"large":["https:\/\/apuntesdesanluis.com\/wp-content\/uploads\/2024\/05\/MILEI-2.png",600,388,false],"1536x1536":["https:\/\/apuntesdesanluis.com\/wp-content\/uploads\/2024\/05\/MILEI-2.png",600,388,false],"2048x2048":["https:\/\/apuntesdesanluis.com\/wp-content\/uploads\/2024\/05\/MILEI-2.png",600,388,false],"newsever-slider-full":["https:\/\/apuntesdesanluis.com\/wp-content\/uploads\/2024\/05\/MILEI-2.png",600,388,false],"newsever-featured":["https:\/\/apuntesdesanluis.com\/wp-content\/uploads\/2024\/05\/MILEI-2.png",600,388,false],"newsever-medium":["https:\/\/apuntesdesanluis.com\/wp-content\/uploads\/2024\/05\/MILEI-2.png",600,388,false]},"author_info":{"display_name":"apuntesdesanluis.com","author_link":"https:\/\/apuntesdesanluis.com\/index.php\/author\/apuntesdesanluis-com\/"},"category_info":"<a href=\"https:\/\/apuntesdesanluis.com\/index.php\/category\/nacionales-internacionales\/\" rel=\"category tag\">Nacionales\/Internacionales<\/a>","tag_info":"Nacionales\/Internacionales","comment_count":"0","_links":{"self":[{"href":"https:\/\/apuntesdesanluis.com\/index.php\/wp-json\/wp\/v2\/posts\/15934","targetHints":{"allow":["GET"]}}],"collection":[{"href":"https:\/\/apuntesdesanluis.com\/index.php\/wp-json\/wp\/v2\/posts"}],"about":[{"href":"https:\/\/apuntesdesanluis.com\/index.php\/wp-json\/wp\/v2\/types\/post"}],"author":[{"embeddable":true,"href":"https:\/\/apuntesdesanluis.com\/index.php\/wp-json\/wp\/v2\/users\/1"}],"replies":[{"embeddable":true,"href":"https:\/\/apuntesdesanluis.com\/index.php\/wp-json\/wp\/v2\/comments?post=15934"}],"version-history":[{"count":1,"href":"https:\/\/apuntesdesanluis.com\/index.php\/wp-json\/wp\/v2\/posts\/15934\/revisions"}],"predecessor-version":[{"id":15936,"href":"https:\/\/apuntesdesanluis.com\/index.php\/wp-json\/wp\/v2\/posts\/15934\/revisions\/15936"}],"wp:featuredmedia":[{"embeddable":true,"href":"https:\/\/apuntesdesanluis.com\/index.php\/wp-json\/wp\/v2\/media\/15935"}],"wp:attachment":[{"href":"https:\/\/apuntesdesanluis.com\/index.php\/wp-json\/wp\/v2\/media?parent=15934"}],"wp:term":[{"taxonomy":"category","embeddable":true,"href":"https:\/\/apuntesdesanluis.com\/index.php\/wp-json\/wp\/v2\/categories?post=15934"},{"taxonomy":"post_tag","embeddable":true,"href":"https:\/\/apuntesdesanluis.com\/index.php\/wp-json\/wp\/v2\/tags?post=15934"}],"curies":[{"name":"wp","href":"https:\/\/api.w.org\/{rel}","templated":true}]}}