{"id":15937,"date":"2024-05-10T00:02:54","date_gmt":"2024-05-10T03:02:54","guid":{"rendered":"https:\/\/apuntesdesanluis.com\/?p=15937"},"modified":"2024-05-10T00:04:52","modified_gmt":"2024-05-10T03:04:52","slug":"ate-dispuso-un-paro-por-tiempo-indeterminado-en-la-municipalidad-de-san-luis","status":"publish","type":"post","link":"https:\/\/apuntesdesanluis.com\/index.php\/2024\/05\/10\/ate-dispuso-un-paro-por-tiempo-indeterminado-en-la-municipalidad-de-san-luis\/","title":{"rendered":"ATE DISPUSO UN PARO POR TIEMPO INDETERMINADO EN LA MUNICIPALIDAD DE SAN LUIS"},"content":{"rendered":"<h3>Se agrava el conflicto entre la administraci\u00f3n de <strong>Gast\u00f3n Hissa<\/strong> y el sindicato de trabajadores que lidera <strong>Fernando Gatica<\/strong>.<\/h3>\n<h3>Este jueves<strong> ATE San Luis<\/strong> notific\u00f3 al intendente municipal y a la <strong>Direcci\u00f3n de Relaciones Laborales<\/strong> de la provincia, que ante la intransigencia del municipio en otorgar una recomposici\u00f3n salarial, luego de seis meses de congelamiento de sueldos, \u201cpor voluntad de las asambleas de los trabajadores se dispuso un paro por tiempo indeterminado\u201d.<\/h3>\n<p><img fetchpriority=\"high\" decoding=\"async\" class=\"wp-image-15938 aligncenter\" src=\"https:\/\/apuntesdesanluis.com\/wp-content\/uploads\/2024\/05\/paro-tiempo-indeterminado-300x292.png\" alt=\"\" width=\"550\" height=\"535\" srcset=\"https:\/\/apuntesdesanluis.com\/wp-content\/uploads\/2024\/05\/paro-tiempo-indeterminado-300x292.png 300w, https:\/\/apuntesdesanluis.com\/wp-content\/uploads\/2024\/05\/paro-tiempo-indeterminado.png 733w\" sizes=\"(max-width: 550px) 100vw, 550px\" \/><\/p>\n<h3>La medida se efectivizar\u00e1 desde las 00:00 hs de este viernes 10 de mayo, agregando que en ese marco se llevar\u00e1n adelante \u201casambleas en los sectores de trabajo, movilizaciones, cortes de calles y rutas y manifestaciones en la entrada de los diferentes servicios\u201d.<\/h3>\n<h3>Finalmente ATE reitera su exigencia de una \u201curgente recomposici\u00f3n salarial de acuerdo a la p\u00e9rdida del salario con la inflaci\u00f3n acumulada\u201d y que se modifique o elimine el Art. 3 del decreto 10\/2023, donde dice \u201ca cuenta de futuros aumentos\u201d.<\/h3>\n<h3>Como coincide con el inicio del fin de semana, si no se llega a un pronto acuerdo entre el municipio y ATE, los servicios en general se ver\u00e1n seriamente afectados los pr\u00f3ximos d\u00edas, especialmente en lo que respecta a la recolecci\u00f3n de residuos.<\/h3>\n<p>&nbsp;<\/p>\n<p><img decoding=\"async\" class=\"wp-image-15939 aligncenter\" src=\"https:\/\/apuntesdesanluis.com\/wp-content\/uploads\/2024\/05\/paro-caratula-189x300.png\" alt=\"\" width=\"537\" height=\"852\" srcset=\"https:\/\/apuntesdesanluis.com\/wp-content\/uploads\/2024\/05\/paro-caratula-189x300.png 189w, https:\/\/apuntesdesanluis.com\/wp-content\/uploads\/2024\/05\/paro-caratula.png 380w\" sizes=\"(max-width: 537px) 100vw, 537px\" \/><\/p>\n<p><img decoding=\"async\" class=\"wp-image-15940 aligncenter\" src=\"https:\/\/apuntesdesanluis.com\/wp-content\/uploads\/2024\/05\/paro-ate-hissa-194x300.png\" alt=\"\" width=\"640\" height=\"990\" srcset=\"https:\/\/apuntesdesanluis.com\/wp-content\/uploads\/2024\/05\/paro-ate-hissa-194x300.png 194w, https:\/\/apuntesdesanluis.com\/wp-content\/uploads\/2024\/05\/paro-ate-hissa.png 458w\" sizes=\"(max-width: 640px) 100vw, 640px\" \/><\/p>\n<p>&nbsp;<\/p>\n<p>&nbsp;<\/p>\n<p>&nbsp;<\/p>\n<p>&nbsp;<\/p>\n<p>&nbsp;<\/p>\n","protected":false},"excerpt":{"rendered":"<p>Se agrava el conflicto entre la administraci\u00f3n de Gast\u00f3n Hissa y el sindicato de trabajadores&#8230;<\/p>\n","protected":false},"author":1,"featured_media":15941,"comment_status":"closed","ping_status":"closed","sticky":false,"template":"","format":"standard","meta":{"footnotes":""},"categories":[6],"tags":[],"class_list":["post-15937","post","type-post","status-publish","format-standard","has-post-thumbnail","hentry","category-ciudad-provincia"],"yoast_head":"<!-- This site is optimized with the Yoast SEO plugin v26.1.1 - https:\/\/yoast.com\/wordpress\/plugins\/seo\/ -->\n<title>ATE DISPUSO UN PARO POR TIEMPO INDETERMINADO EN LA MUNICIPALIDAD DE SAN LUIS - Apuntes de San Luis<\/title>\n<meta name=\"robots\" content=\"index, follow, max-snippet:-1, max-image-preview:large, max-video-preview:-1\" \/>\n<link rel=\"canonical\" href=\"https:\/\/apuntesdesanluis.com\/index.php\/2024\/05\/10\/ate-dispuso-un-paro-por-tiempo-indeterminado-en-la-municipalidad-de-san-luis\/\" \/>\n<meta property=\"og:locale\" content=\"es_ES\" \/>\n<meta property=\"og:type\" content=\"article\" \/>\n<meta property=\"og:title\" content=\"ATE DISPUSO UN PARO POR TIEMPO INDETERMINADO EN LA MUNICIPALIDAD DE SAN LUIS - Apuntes de San Luis\" \/>\n<meta property=\"og:description\" content=\"Se agrava el conflicto entre la administraci\u00f3n de Gast\u00f3n Hissa y el sindicato de trabajadores...\" \/>\n<meta property=\"og:url\" content=\"https:\/\/apuntesdesanluis.com\/index.php\/2024\/05\/10\/ate-dispuso-un-paro-por-tiempo-indeterminado-en-la-municipalidad-de-san-luis\/\" \/>\n<meta property=\"og:site_name\" content=\"Apuntes de San Luis\" \/>\n<meta property=\"article:published_time\" content=\"2024-05-10T03:02:54+00:00\" \/>\n<meta property=\"article:modified_time\" content=\"2024-05-10T03:04:52+00:00\" \/>\n<meta property=\"og:image\" content=\"https:\/\/apuntesdesanluis.com\/wp-content\/uploads\/2024\/05\/ate-municipalidad-san-luis.png\" \/>\n\t<meta property=\"og:image:width\" content=\"625\" \/>\n\t<meta property=\"og:image:height\" content=\"327\" \/>\n\t<meta property=\"og:image:type\" content=\"image\/png\" \/>\n<meta name=\"author\" content=\"apuntesdesanluis.com\" \/>\n<meta name=\"twitter:card\" content=\"summary_large_image\" \/>\n<meta name=\"twitter:label1\" content=\"Escrito por\" \/>\n\t<meta name=\"twitter:data1\" content=\"apuntesdesanluis.com\" \/>\n\t<meta name=\"twitter:label2\" content=\"Tiempo de lectura\" \/>\n\t<meta name=\"twitter:data2\" content=\"2 minutos\" \/>\n<script type=\"application\/ld+json\" class=\"yoast-schema-graph\">{\"@context\":\"https:\/\/schema.org\",\"@graph\":[{\"@type\":\"Article\",\"@id\":\"https:\/\/apuntesdesanluis.com\/index.php\/2024\/05\/10\/ate-dispuso-un-paro-por-tiempo-indeterminado-en-la-municipalidad-de-san-luis\/#article\",\"isPartOf\":{\"@id\":\"https:\/\/apuntesdesanluis.com\/index.php\/2024\/05\/10\/ate-dispuso-un-paro-por-tiempo-indeterminado-en-la-municipalidad-de-san-luis\/\"},\"author\":{\"name\":\"apuntesdesanluis.com\",\"@id\":\"https:\/\/apuntesdesanluis.com\/#\/schema\/person\/b55151d52296fcce64d1a72538a70b90\"},\"headline\":\"ATE DISPUSO UN PARO POR TIEMPO INDETERMINADO EN LA MUNICIPALIDAD DE SAN LUIS\",\"datePublished\":\"2024-05-10T03:02:54+00:00\",\"dateModified\":\"2024-05-10T03:04:52+00:00\",\"mainEntityOfPage\":{\"@id\":\"https:\/\/apuntesdesanluis.com\/index.php\/2024\/05\/10\/ate-dispuso-un-paro-por-tiempo-indeterminado-en-la-municipalidad-de-san-luis\/\"},\"wordCount\":225,\"publisher\":{\"@id\":\"https:\/\/apuntesdesanluis.com\/#\/schema\/person\/b55151d52296fcce64d1a72538a70b90\"},\"image\":{\"@id\":\"https:\/\/apuntesdesanluis.com\/index.php\/2024\/05\/10\/ate-dispuso-un-paro-por-tiempo-indeterminado-en-la-municipalidad-de-san-luis\/#primaryimage\"},\"thumbnailUrl\":\"https:\/\/apuntesdesanluis.com\/wp-content\/uploads\/2024\/05\/ate-municipalidad-san-luis.png\",\"articleSection\":[\"Ciudad\/Provincia\"],\"inLanguage\":\"es-AR\"},{\"@type\":\"WebPage\",\"@id\":\"https:\/\/apuntesdesanluis.com\/index.php\/2024\/05\/10\/ate-dispuso-un-paro-por-tiempo-indeterminado-en-la-municipalidad-de-san-luis\/\",\"url\":\"https:\/\/apuntesdesanluis.com\/index.php\/2024\/05\/10\/ate-dispuso-un-paro-por-tiempo-indeterminado-en-la-municipalidad-de-san-luis\/\",\"name\":\"ATE DISPUSO UN PARO POR TIEMPO INDETERMINADO EN LA MUNICIPALIDAD DE SAN LUIS - Apuntes de San Luis\",\"isPartOf\":{\"@id\":\"https:\/\/apuntesdesanluis.com\/#website\"},\"primaryImageOfPage\":{\"@id\":\"https:\/\/apuntesdesanluis.com\/index.php\/2024\/05\/10\/ate-dispuso-un-paro-por-tiempo-indeterminado-en-la-municipalidad-de-san-luis\/#primaryimage\"},\"image\":{\"@id\":\"https:\/\/apuntesdesanluis.com\/index.php\/2024\/05\/10\/ate-dispuso-un-paro-por-tiempo-indeterminado-en-la-municipalidad-de-san-luis\/#primaryimage\"},\"thumbnailUrl\":\"https:\/\/apuntesdesanluis.com\/wp-content\/uploads\/2024\/05\/ate-municipalidad-san-luis.png\",\"datePublished\":\"2024-05-10T03:02:54+00:00\",\"dateModified\":\"2024-05-10T03:04:52+00:00\",\"breadcrumb\":{\"@id\":\"https:\/\/apuntesdesanluis.com\/index.php\/2024\/05\/10\/ate-dispuso-un-paro-por-tiempo-indeterminado-en-la-municipalidad-de-san-luis\/#breadcrumb\"},\"inLanguage\":\"es-AR\",\"potentialAction\":[{\"@type\":\"ReadAction\",\"target\":[\"https:\/\/apuntesdesanluis.com\/index.php\/2024\/05\/10\/ate-dispuso-un-paro-por-tiempo-indeterminado-en-la-municipalidad-de-san-luis\/\"]}]},{\"@type\":\"ImageObject\",\"inLanguage\":\"es-AR\",\"@id\":\"https:\/\/apuntesdesanluis.com\/index.php\/2024\/05\/10\/ate-dispuso-un-paro-por-tiempo-indeterminado-en-la-municipalidad-de-san-luis\/#primaryimage\",\"url\":\"https:\/\/apuntesdesanluis.com\/wp-content\/uploads\/2024\/05\/ate-municipalidad-san-luis.png\",\"contentUrl\":\"https:\/\/apuntesdesanluis.com\/wp-content\/uploads\/2024\/05\/ate-municipalidad-san-luis.png\",\"width\":625,\"height\":327},{\"@type\":\"BreadcrumbList\",\"@id\":\"https:\/\/apuntesdesanluis.com\/index.php\/2024\/05\/10\/ate-dispuso-un-paro-por-tiempo-indeterminado-en-la-municipalidad-de-san-luis\/#breadcrumb\",\"itemListElement\":[{\"@type\":\"ListItem\",\"position\":1,\"name\":\"Inicio\",\"item\":\"https:\/\/apuntesdesanluis.com\/\"},{\"@type\":\"ListItem\",\"position\":2,\"name\":\"ATE DISPUSO UN PARO POR TIEMPO INDETERMINADO EN LA MUNICIPALIDAD DE SAN LUIS\"}]},{\"@type\":\"WebSite\",\"@id\":\"https:\/\/apuntesdesanluis.com\/#website\",\"url\":\"https:\/\/apuntesdesanluis.com\/\",\"name\":\"Apuntes de San Luis\",\"description\":\"\",\"publisher\":{\"@id\":\"https:\/\/apuntesdesanluis.com\/#\/schema\/person\/b55151d52296fcce64d1a72538a70b90\"},\"potentialAction\":[{\"@type\":\"SearchAction\",\"target\":{\"@type\":\"EntryPoint\",\"urlTemplate\":\"https:\/\/apuntesdesanluis.com\/?s={search_term_string}\"},\"query-input\":{\"@type\":\"PropertyValueSpecification\",\"valueRequired\":true,\"valueName\":\"search_term_string\"}}],\"inLanguage\":\"es-AR\"},{\"@type\":[\"Person\",\"Organization\"],\"@id\":\"https:\/\/apuntesdesanluis.com\/#\/schema\/person\/b55151d52296fcce64d1a72538a70b90\",\"name\":\"apuntesdesanluis.com\",\"image\":{\"@type\":\"ImageObject\",\"inLanguage\":\"es-AR\",\"@id\":\"https:\/\/apuntesdesanluis.com\/#\/schema\/person\/image\/\",\"url\":\"https:\/\/apuntesdesanluis.com\/wp-content\/uploads\/2023\/07\/cropped-apuntesdesanluis.png\",\"contentUrl\":\"https:\/\/apuntesdesanluis.com\/wp-content\/uploads\/2023\/07\/cropped-apuntesdesanluis.png\",\"width\":450,\"height\":112,\"caption\":\"apuntesdesanluis.com\"},\"logo\":{\"@id\":\"https:\/\/apuntesdesanluis.com\/#\/schema\/person\/image\/\"},\"sameAs\":[\"https:\/\/apuntesdesanluis.com\"],\"url\":\"https:\/\/apuntesdesanluis.com\/index.php\/author\/apuntesdesanluis-com\/\"}]}<\/script>\n<!-- \/ Yoast SEO plugin. -->","yoast_head_json":{"title":"ATE DISPUSO UN PARO POR TIEMPO INDETERMINADO EN LA MUNICIPALIDAD DE SAN LUIS - Apuntes de San Luis","robots":{"index":"index","follow":"follow","max-snippet":"max-snippet:-1","max-image-preview":"max-image-preview:large","max-video-preview":"max-video-preview:-1"},"canonical":"https:\/\/apuntesdesanluis.com\/index.php\/2024\/05\/10\/ate-dispuso-un-paro-por-tiempo-indeterminado-en-la-municipalidad-de-san-luis\/","og_locale":"es_ES","og_type":"article","og_title":"ATE DISPUSO UN PARO POR TIEMPO INDETERMINADO EN LA MUNICIPALIDAD DE SAN LUIS - Apuntes de San Luis","og_description":"Se agrava el conflicto entre la administraci\u00f3n de Gast\u00f3n Hissa y el sindicato de trabajadores...","og_url":"https:\/\/apuntesdesanluis.com\/index.php\/2024\/05\/10\/ate-dispuso-un-paro-por-tiempo-indeterminado-en-la-municipalidad-de-san-luis\/","og_site_name":"Apuntes de San Luis","article_published_time":"2024-05-10T03:02:54+00:00","article_modified_time":"2024-05-10T03:04:52+00:00","og_image":[{"width":625,"height":327,"url":"https:\/\/apuntesdesanluis.com\/wp-content\/uploads\/2024\/05\/ate-municipalidad-san-luis.png","type":"image\/png"}],"author":"apuntesdesanluis.com","twitter_card":"summary_large_image","twitter_misc":{"Escrito por":"apuntesdesanluis.com","Tiempo de lectura":"2 minutos"},"schema":{"@context":"https:\/\/schema.org","@graph":[{"@type":"Article","@id":"https:\/\/apuntesdesanluis.com\/index.php\/2024\/05\/10\/ate-dispuso-un-paro-por-tiempo-indeterminado-en-la-municipalidad-de-san-luis\/#article","isPartOf":{"@id":"https:\/\/apuntesdesanluis.com\/index.php\/2024\/05\/10\/ate-dispuso-un-paro-por-tiempo-indeterminado-en-la-municipalidad-de-san-luis\/"},"author":{"name":"apuntesdesanluis.com","@id":"https:\/\/apuntesdesanluis.com\/#\/schema\/person\/b55151d52296fcce64d1a72538a70b90"},"headline":"ATE DISPUSO UN PARO POR TIEMPO INDETERMINADO EN LA MUNICIPALIDAD DE SAN LUIS","datePublished":"2024-05-10T03:02:54+00:00","dateModified":"2024-05-10T03:04:52+00:00","mainEntityOfPage":{"@id":"https:\/\/apuntesdesanluis.com\/index.php\/2024\/05\/10\/ate-dispuso-un-paro-por-tiempo-indeterminado-en-la-municipalidad-de-san-luis\/"},"wordCount":225,"publisher":{"@id":"https:\/\/apuntesdesanluis.com\/#\/schema\/person\/b55151d52296fcce64d1a72538a70b90"},"image":{"@id":"https:\/\/apuntesdesanluis.com\/index.php\/2024\/05\/10\/ate-dispuso-un-paro-por-tiempo-indeterminado-en-la-municipalidad-de-san-luis\/#primaryimage"},"thumbnailUrl":"https:\/\/apuntesdesanluis.com\/wp-content\/uploads\/2024\/05\/ate-municipalidad-san-luis.png","articleSection":["Ciudad\/Provincia"],"inLanguage":"es-AR"},{"@type":"WebPage","@id":"https:\/\/apuntesdesanluis.com\/index.php\/2024\/05\/10\/ate-dispuso-un-paro-por-tiempo-indeterminado-en-la-municipalidad-de-san-luis\/","url":"https:\/\/apuntesdesanluis.com\/index.php\/2024\/05\/10\/ate-dispuso-un-paro-por-tiempo-indeterminado-en-la-municipalidad-de-san-luis\/","name":"ATE DISPUSO UN PARO POR TIEMPO INDETERMINADO EN LA MUNICIPALIDAD DE SAN LUIS - Apuntes de San Luis","isPartOf":{"@id":"https:\/\/apuntesdesanluis.com\/#website"},"primaryImageOfPage":{"@id":"https:\/\/apuntesdesanluis.com\/index.php\/2024\/05\/10\/ate-dispuso-un-paro-por-tiempo-indeterminado-en-la-municipalidad-de-san-luis\/#primaryimage"},"image":{"@id":"https:\/\/apuntesdesanluis.com\/index.php\/2024\/05\/10\/ate-dispuso-un-paro-por-tiempo-indeterminado-en-la-municipalidad-de-san-luis\/#primaryimage"},"thumbnailUrl":"https:\/\/apuntesdesanluis.com\/wp-content\/uploads\/2024\/05\/ate-municipalidad-san-luis.png","datePublished":"2024-05-10T03:02:54+00:00","dateModified":"2024-05-10T03:04:52+00:00","breadcrumb":{"@id":"https:\/\/apuntesdesanluis.com\/index.php\/2024\/05\/10\/ate-dispuso-un-paro-por-tiempo-indeterminado-en-la-municipalidad-de-san-luis\/#breadcrumb"},"inLanguage":"es-AR","potentialAction":[{"@type":"ReadAction","target":["https:\/\/apuntesdesanluis.com\/index.php\/2024\/05\/10\/ate-dispuso-un-paro-por-tiempo-indeterminado-en-la-municipalidad-de-san-luis\/"]}]},{"@type":"ImageObject","inLanguage":"es-AR","@id":"https:\/\/apuntesdesanluis.com\/index.php\/2024\/05\/10\/ate-dispuso-un-paro-por-tiempo-indeterminado-en-la-municipalidad-de-san-luis\/#primaryimage","url":"https:\/\/apuntesdesanluis.com\/wp-content\/uploads\/2024\/05\/ate-municipalidad-san-luis.png","contentUrl":"https:\/\/apuntesdesanluis.com\/wp-content\/uploads\/2024\/05\/ate-municipalidad-san-luis.png","width":625,"height":327},{"@type":"BreadcrumbList","@id":"https:\/\/apuntesdesanluis.com\/index.php\/2024\/05\/10\/ate-dispuso-un-paro-por-tiempo-indeterminado-en-la-municipalidad-de-san-luis\/#breadcrumb","itemListElement":[{"@type":"ListItem","position":1,"name":"Inicio","item":"https:\/\/apuntesdesanluis.com\/"},{"@type":"ListItem","position":2,"name":"ATE DISPUSO UN PARO POR TIEMPO INDETERMINADO EN LA MUNICIPALIDAD DE SAN LUIS"}]},{"@type":"WebSite","@id":"https:\/\/apuntesdesanluis.com\/#website","url":"https:\/\/apuntesdesanluis.com\/","name":"Apuntes de San Luis","description":"","publisher":{"@id":"https:\/\/apuntesdesanluis.com\/#\/schema\/person\/b55151d52296fcce64d1a72538a70b90"},"potentialAction":[{"@type":"SearchAction","target":{"@type":"EntryPoint","urlTemplate":"https:\/\/apuntesdesanluis.com\/?s={search_term_string}"},"query-input":{"@type":"PropertyValueSpecification","valueRequired":true,"valueName":"search_term_string"}}],"inLanguage":"es-AR"},{"@type":["Person","Organization"],"@id":"https:\/\/apuntesdesanluis.com\/#\/schema\/person\/b55151d52296fcce64d1a72538a70b90","name":"apuntesdesanluis.com","image":{"@type":"ImageObject","inLanguage":"es-AR","@id":"https:\/\/apuntesdesanluis.com\/#\/schema\/person\/image\/","url":"https:\/\/apuntesdesanluis.com\/wp-content\/uploads\/2023\/07\/cropped-apuntesdesanluis.png","contentUrl":"https:\/\/apuntesdesanluis.com\/wp-content\/uploads\/2023\/07\/cropped-apuntesdesanluis.png","width":450,"height":112,"caption":"apuntesdesanluis.com"},"logo":{"@id":"https:\/\/apuntesdesanluis.com\/#\/schema\/person\/image\/"},"sameAs":["https:\/\/apuntesdesanluis.com"],"url":"https:\/\/apuntesdesanluis.com\/index.php\/author\/apuntesdesanluis-com\/"}]}},"featured_image_urls":{"full":["https:\/\/apuntesdesanluis.com\/wp-content\/uploads\/2024\/05\/ate-municipalidad-san-luis.png",625,327,false],"thumbnail":["https:\/\/apuntesdesanluis.com\/wp-content\/uploads\/2024\/05\/ate-municipalidad-san-luis-150x150.png",150,150,true],"medium":["https:\/\/apuntesdesanluis.com\/wp-content\/uploads\/2024\/05\/ate-municipalidad-san-luis-300x157.png",300,157,true],"medium_large":["https:\/\/apuntesdesanluis.com\/wp-content\/uploads\/2024\/05\/ate-municipalidad-san-luis.png",625,327,false],"large":["https:\/\/apuntesdesanluis.com\/wp-content\/uploads\/2024\/05\/ate-municipalidad-san-luis.png",625,327,false],"1536x1536":["https:\/\/apuntesdesanluis.com\/wp-content\/uploads\/2024\/05\/ate-municipalidad-san-luis.png",625,327,false],"2048x2048":["https:\/\/apuntesdesanluis.com\/wp-content\/uploads\/2024\/05\/ate-municipalidad-san-luis.png",625,327,false],"newsever-slider-full":["https:\/\/apuntesdesanluis.com\/wp-content\/uploads\/2024\/05\/ate-municipalidad-san-luis.png",625,327,false],"newsever-featured":["https:\/\/apuntesdesanluis.com\/wp-content\/uploads\/2024\/05\/ate-municipalidad-san-luis.png",625,327,false],"newsever-medium":["https:\/\/apuntesdesanluis.com\/wp-content\/uploads\/2024\/05\/ate-municipalidad-san-luis.png",625,327,false]},"author_info":{"display_name":"apuntesdesanluis.com","author_link":"https:\/\/apuntesdesanluis.com\/index.php\/author\/apuntesdesanluis-com\/"},"category_info":"<a href=\"https:\/\/apuntesdesanluis.com\/index.php\/category\/ciudad-provincia\/\" rel=\"category tag\">Ciudad\/Provincia<\/a>","tag_info":"Ciudad\/Provincia","comment_count":"0","_links":{"self":[{"href":"https:\/\/apuntesdesanluis.com\/index.php\/wp-json\/wp\/v2\/posts\/15937","targetHints":{"allow":["GET"]}}],"collection":[{"href":"https:\/\/apuntesdesanluis.com\/index.php\/wp-json\/wp\/v2\/posts"}],"about":[{"href":"https:\/\/apuntesdesanluis.com\/index.php\/wp-json\/wp\/v2\/types\/post"}],"author":[{"embeddable":true,"href":"https:\/\/apuntesdesanluis.com\/index.php\/wp-json\/wp\/v2\/users\/1"}],"replies":[{"embeddable":true,"href":"https:\/\/apuntesdesanluis.com\/index.php\/wp-json\/wp\/v2\/comments?post=15937"}],"version-history":[{"count":3,"href":"https:\/\/apuntesdesanluis.com\/index.php\/wp-json\/wp\/v2\/posts\/15937\/revisions"}],"predecessor-version":[{"id":15944,"href":"https:\/\/apuntesdesanluis.com\/index.php\/wp-json\/wp\/v2\/posts\/15937\/revisions\/15944"}],"wp:featuredmedia":[{"embeddable":true,"href":"https:\/\/apuntesdesanluis.com\/index.php\/wp-json\/wp\/v2\/media\/15941"}],"wp:attachment":[{"href":"https:\/\/apuntesdesanluis.com\/index.php\/wp-json\/wp\/v2\/media?parent=15937"}],"wp:term":[{"taxonomy":"category","embeddable":true,"href":"https:\/\/apuntesdesanluis.com\/index.php\/wp-json\/wp\/v2\/categories?post=15937"},{"taxonomy":"post_tag","embeddable":true,"href":"https:\/\/apuntesdesanluis.com\/index.php\/wp-json\/wp\/v2\/tags?post=15937"}],"curies":[{"name":"wp","href":"https:\/\/api.w.org\/{rel}","templated":true}]}}