{"id":15961,"date":"2024-05-10T21:13:47","date_gmt":"2024-05-11T00:13:47","guid":{"rendered":"https:\/\/apuntesdesanluis.com\/?p=15961"},"modified":"2024-05-11T13:50:41","modified_gmt":"2024-05-11T16:50:41","slug":"ate-y-camioneros-negaron-escrache-sr-gobernador-le-vendieron-cualquier-verdura","status":"publish","type":"post","link":"https:\/\/apuntesdesanluis.com\/index.php\/2024\/05\/10\/ate-y-camioneros-negaron-escrache-sr-gobernador-le-vendieron-cualquier-verdura\/","title":{"rendered":"ATE Y CAMIONEROS NEGARON ESCRACHE: \u201cSR. GOBERNADOR, LE VENDIERON CUALQUIER VERDURA\u201d"},"content":{"rendered":"<h3>Los secretarios generales de la<strong> Asociaci\u00f3n de Trabajadores del Estado (ATE)<\/strong> y <strong>Camioneros, Fernando Gatica y Jos\u00e9 Far\u00edas<\/strong>, respectivamente, negaron que participaran y organizaran un escrache en el domicilio del gobernador Claudio Poggi.<\/h3>\n<h3>El Ejecutivo provincial calific\u00f3 como \u201cun hecho mafioso\u201d lo sucedido el pasado jueves e incluso el mandatario provincial manifest\u00f3 que respeta el derecho a protesta, pero que \u201cse debe realizar con respeto, no con aprietes\u201d.<\/h3>\n<h3>Far\u00edas abri\u00f3 la conferencia de prensa contando que varios afiliados de Camioneros se concentraron en la esquina de Illia y Caseros \u201csin saber que vive el se\u00f1or Gobernador\u201d en el marco del paro general. \u201cNo escrachamos a nadie, salieron a decir que colgamos banderas en una ventana. Los compa\u00f1eros camioneros simplemente nos reagrupamos en Illia y Caseros para marchar todos juntos a la manifestaci\u00f3n\u201d, dijo Far\u00edas, quien agreg\u00f3 que a Gatica lo vio en la esquina del Correo.<\/h3>\n<h3>\u201cNo pas\u00e9 por Illia y Caseros ni sab\u00eda que el Gobernador vive ah\u00ed. La verdad es que son unos mentirosos. Lo \u00fanico que hicimos fue marchar pac\u00edficamente. El paro fue un \u00e9xito y quieren opacarlo con esto, lamentablemente lo est\u00e1n logrando. Estamos siendo perseguidos con amenazas del fanatismo. No nos vean como unos demonios como lo que est\u00e1n queriendo hacer ante la sociedad. Somos unos ciudadanos que representamos a un sector\u201d, expres\u00f3 el titular de Camioneros.<\/h3>\n<h3>El gremialista asever\u00f3 que no han realizado ni piensan hacer un escrache en el domicilio de Poggi o alg\u00fan ministro. \u201cSe\u00f1or Gobernador, le vendieron cualquier verdura. Es una mentira lo que le han dicho\u201d, fue el mensaje de Far\u00edas.<\/h3>\n<h3>Hay que mencionar que el Gobierno se refiri\u00f3 al asunto como \u201cun hecho mafioso\u201d y que se alter\u00f3 la paz social. \u201cAparte que nos trataron de mafiosos, les falt\u00f3 decir que somos narcotraficantes. No entendemos a d\u00f3nde quieren llegar. \u00bfLes molesta que salgamos a reclamar? Atiendan nuestros problemas\u201d, respondi\u00f3 el secretario de Camioneros.<\/h3>\n<h3>Por su parte, Gatica aclar\u00f3 que ATE hizo la concentraci\u00f3n en el Correo marchando por San Mart\u00edn y que estaba en la dependencia de Recolecci\u00f3n de Residuos de la Municipalidad de San Luis cuando se realiz\u00f3 el hecho del que lo responsabiliza el Gobierno.<\/h3>\n<h3>El titular de ATE consider\u00f3 que es grave \u201cutilizar la prensa del Estado para escrachar a dos representantes sindicales, utilizar la fuerza que tiene poder pol\u00edtico para continuar con ese escrache\u201d.<\/h3>\n<h3>Por otra parte, concluy\u00f3 como dato positivo es que est\u00e1n haciendo las cosas bien porque el Gobierno debe usar herramientas para desacreditarlos.<\/h3>\n<h3>Gatica mencion\u00f3 que se enviar\u00e1n cartas documento al intendente capitalino, Gast\u00f3n Hissa; el director de San Luis+, Pablo Colafrancesco; y al secretario de Comunicaci\u00f3n, Diego Masci, por acusarlo, junto a Far\u00edas, de alterar el orden p\u00fablico. (Fuente: La Gaceta Digital)<\/h3>\n<h3><strong>REPUDIO DE SENADORES<\/strong><\/h3>\n<h3>Por su parte los senadores provinciales <strong>Adolfo Castro Luna, Diego Garc\u00eda, Juan Carlos Garc\u00eda, Sergio Guardia y Mart\u00edn Olivero<\/strong> emitieron un comunicado en el que manifestaron su \u201cconsternaci\u00f3n y repudio ante los recientes acontecimientos que han sacudido a nuestra provincia de San Luis\u201d.<\/h3>\n<p><img fetchpriority=\"high\" decoding=\"async\" class=\"wp-image-15963 aligncenter\" src=\"https:\/\/apuntesdesanluis.com\/wp-content\/uploads\/2024\/05\/COM-1-300x215.png\" alt=\"\" width=\"451\" height=\"323\" srcset=\"https:\/\/apuntesdesanluis.com\/wp-content\/uploads\/2024\/05\/COM-1-300x215.png 300w, https:\/\/apuntesdesanluis.com\/wp-content\/uploads\/2024\/05\/COM-1.png 762w\" sizes=\"(max-width: 451px) 100vw, 451px\" \/><\/p>\n<p><img decoding=\"async\" class=\"wp-image-15964 aligncenter\" src=\"https:\/\/apuntesdesanluis.com\/wp-content\/uploads\/2024\/05\/COM.-2-300x212.png\" alt=\"\" width=\"451\" height=\"319\" srcset=\"https:\/\/apuntesdesanluis.com\/wp-content\/uploads\/2024\/05\/COM.-2-300x212.png 300w, https:\/\/apuntesdesanluis.com\/wp-content\/uploads\/2024\/05\/COM.-2.png 763w\" sizes=\"(max-width: 451px) 100vw, 451px\" \/><\/p>\n<p><img decoding=\"async\" class=\"wp-image-15965 aligncenter\" src=\"https:\/\/apuntesdesanluis.com\/wp-content\/uploads\/2024\/05\/COM-3-300x238.png\" alt=\"\" width=\"449\" height=\"356\" srcset=\"https:\/\/apuntesdesanluis.com\/wp-content\/uploads\/2024\/05\/COM-3-300x238.png 300w, https:\/\/apuntesdesanluis.com\/wp-content\/uploads\/2024\/05\/COM-3.png 735w\" sizes=\"(max-width: 449px) 100vw, 449px\" \/><\/p>\n<p>&nbsp;<\/p>\n<p>&nbsp;<\/p>\n<p>&nbsp;<\/p>\n","protected":false},"excerpt":{"rendered":"<p>Los secretarios generales de la Asociaci\u00f3n de Trabajadores del Estado (ATE) y Camioneros, Fernando Gatica&#8230;<\/p>\n","protected":false},"author":1,"featured_media":15962,"comment_status":"closed","ping_status":"closed","sticky":false,"template":"","format":"standard","meta":{"footnotes":""},"categories":[6],"tags":[],"class_list":["post-15961","post","type-post","status-publish","format-standard","has-post-thumbnail","hentry","category-ciudad-provincia"],"yoast_head":"<!-- This site is optimized with the Yoast SEO plugin v26.1.1 - https:\/\/yoast.com\/wordpress\/plugins\/seo\/ -->\n<title>ATE Y CAMIONEROS NEGARON ESCRACHE: \u201cSR. GOBERNADOR, LE VENDIERON CUALQUIER VERDURA\u201d - Apuntes de San Luis<\/title>\n<meta name=\"robots\" content=\"index, follow, max-snippet:-1, max-image-preview:large, max-video-preview:-1\" \/>\n<link rel=\"canonical\" href=\"https:\/\/apuntesdesanluis.com\/index.php\/2024\/05\/10\/ate-y-camioneros-negaron-escrache-sr-gobernador-le-vendieron-cualquier-verdura\/\" \/>\n<meta property=\"og:locale\" content=\"es_ES\" \/>\n<meta property=\"og:type\" content=\"article\" \/>\n<meta property=\"og:title\" content=\"ATE Y CAMIONEROS NEGARON ESCRACHE: \u201cSR. GOBERNADOR, LE VENDIERON CUALQUIER VERDURA\u201d - Apuntes de San Luis\" \/>\n<meta property=\"og:description\" content=\"Los secretarios generales de la Asociaci\u00f3n de Trabajadores del Estado (ATE) y Camioneros, Fernando Gatica...\" \/>\n<meta property=\"og:url\" content=\"https:\/\/apuntesdesanluis.com\/index.php\/2024\/05\/10\/ate-y-camioneros-negaron-escrache-sr-gobernador-le-vendieron-cualquier-verdura\/\" \/>\n<meta property=\"og:site_name\" content=\"Apuntes de San Luis\" \/>\n<meta property=\"article:published_time\" content=\"2024-05-11T00:13:47+00:00\" \/>\n<meta property=\"article:modified_time\" content=\"2024-05-11T16:50:41+00:00\" \/>\n<meta property=\"og:image\" content=\"https:\/\/apuntesdesanluis.com\/wp-content\/uploads\/2024\/05\/gatica-y-farias.png\" \/>\n\t<meta property=\"og:image:width\" content=\"1022\" \/>\n\t<meta property=\"og:image:height\" content=\"572\" \/>\n\t<meta property=\"og:image:type\" content=\"image\/png\" \/>\n<meta name=\"author\" content=\"apuntesdesanluis.com\" \/>\n<meta name=\"twitter:card\" content=\"summary_large_image\" \/>\n<meta name=\"twitter:label1\" content=\"Escrito por\" \/>\n\t<meta name=\"twitter:data1\" content=\"apuntesdesanluis.com\" \/>\n\t<meta name=\"twitter:label2\" content=\"Tiempo de lectura\" \/>\n\t<meta name=\"twitter:data2\" content=\"3 minutos\" \/>\n<script type=\"application\/ld+json\" class=\"yoast-schema-graph\">{\"@context\":\"https:\/\/schema.org\",\"@graph\":[{\"@type\":\"Article\",\"@id\":\"https:\/\/apuntesdesanluis.com\/index.php\/2024\/05\/10\/ate-y-camioneros-negaron-escrache-sr-gobernador-le-vendieron-cualquier-verdura\/#article\",\"isPartOf\":{\"@id\":\"https:\/\/apuntesdesanluis.com\/index.php\/2024\/05\/10\/ate-y-camioneros-negaron-escrache-sr-gobernador-le-vendieron-cualquier-verdura\/\"},\"author\":{\"name\":\"apuntesdesanluis.com\",\"@id\":\"https:\/\/apuntesdesanluis.com\/#\/schema\/person\/b55151d52296fcce64d1a72538a70b90\"},\"headline\":\"ATE Y CAMIONEROS NEGARON ESCRACHE: \u201cSR. GOBERNADOR, LE VENDIERON CUALQUIER VERDURA\u201d\",\"datePublished\":\"2024-05-11T00:13:47+00:00\",\"dateModified\":\"2024-05-11T16:50:41+00:00\",\"mainEntityOfPage\":{\"@id\":\"https:\/\/apuntesdesanluis.com\/index.php\/2024\/05\/10\/ate-y-camioneros-negaron-escrache-sr-gobernador-le-vendieron-cualquier-verdura\/\"},\"wordCount\":540,\"publisher\":{\"@id\":\"https:\/\/apuntesdesanluis.com\/#\/schema\/person\/b55151d52296fcce64d1a72538a70b90\"},\"image\":{\"@id\":\"https:\/\/apuntesdesanluis.com\/index.php\/2024\/05\/10\/ate-y-camioneros-negaron-escrache-sr-gobernador-le-vendieron-cualquier-verdura\/#primaryimage\"},\"thumbnailUrl\":\"https:\/\/apuntesdesanluis.com\/wp-content\/uploads\/2024\/05\/gatica-y-farias.png\",\"articleSection\":[\"Ciudad\/Provincia\"],\"inLanguage\":\"es-AR\"},{\"@type\":\"WebPage\",\"@id\":\"https:\/\/apuntesdesanluis.com\/index.php\/2024\/05\/10\/ate-y-camioneros-negaron-escrache-sr-gobernador-le-vendieron-cualquier-verdura\/\",\"url\":\"https:\/\/apuntesdesanluis.com\/index.php\/2024\/05\/10\/ate-y-camioneros-negaron-escrache-sr-gobernador-le-vendieron-cualquier-verdura\/\",\"name\":\"ATE Y CAMIONEROS NEGARON ESCRACHE: \u201cSR. GOBERNADOR, LE VENDIERON CUALQUIER VERDURA\u201d - Apuntes de San Luis\",\"isPartOf\":{\"@id\":\"https:\/\/apuntesdesanluis.com\/#website\"},\"primaryImageOfPage\":{\"@id\":\"https:\/\/apuntesdesanluis.com\/index.php\/2024\/05\/10\/ate-y-camioneros-negaron-escrache-sr-gobernador-le-vendieron-cualquier-verdura\/#primaryimage\"},\"image\":{\"@id\":\"https:\/\/apuntesdesanluis.com\/index.php\/2024\/05\/10\/ate-y-camioneros-negaron-escrache-sr-gobernador-le-vendieron-cualquier-verdura\/#primaryimage\"},\"thumbnailUrl\":\"https:\/\/apuntesdesanluis.com\/wp-content\/uploads\/2024\/05\/gatica-y-farias.png\",\"datePublished\":\"2024-05-11T00:13:47+00:00\",\"dateModified\":\"2024-05-11T16:50:41+00:00\",\"breadcrumb\":{\"@id\":\"https:\/\/apuntesdesanluis.com\/index.php\/2024\/05\/10\/ate-y-camioneros-negaron-escrache-sr-gobernador-le-vendieron-cualquier-verdura\/#breadcrumb\"},\"inLanguage\":\"es-AR\",\"potentialAction\":[{\"@type\":\"ReadAction\",\"target\":[\"https:\/\/apuntesdesanluis.com\/index.php\/2024\/05\/10\/ate-y-camioneros-negaron-escrache-sr-gobernador-le-vendieron-cualquier-verdura\/\"]}]},{\"@type\":\"ImageObject\",\"inLanguage\":\"es-AR\",\"@id\":\"https:\/\/apuntesdesanluis.com\/index.php\/2024\/05\/10\/ate-y-camioneros-negaron-escrache-sr-gobernador-le-vendieron-cualquier-verdura\/#primaryimage\",\"url\":\"https:\/\/apuntesdesanluis.com\/wp-content\/uploads\/2024\/05\/gatica-y-farias.png\",\"contentUrl\":\"https:\/\/apuntesdesanluis.com\/wp-content\/uploads\/2024\/05\/gatica-y-farias.png\",\"width\":1022,\"height\":572},{\"@type\":\"BreadcrumbList\",\"@id\":\"https:\/\/apuntesdesanluis.com\/index.php\/2024\/05\/10\/ate-y-camioneros-negaron-escrache-sr-gobernador-le-vendieron-cualquier-verdura\/#breadcrumb\",\"itemListElement\":[{\"@type\":\"ListItem\",\"position\":1,\"name\":\"Inicio\",\"item\":\"https:\/\/apuntesdesanluis.com\/\"},{\"@type\":\"ListItem\",\"position\":2,\"name\":\"ATE Y CAMIONEROS NEGARON ESCRACHE: \u201cSR. GOBERNADOR, LE VENDIERON CUALQUIER VERDURA\u201d\"}]},{\"@type\":\"WebSite\",\"@id\":\"https:\/\/apuntesdesanluis.com\/#website\",\"url\":\"https:\/\/apuntesdesanluis.com\/\",\"name\":\"Apuntes de San Luis\",\"description\":\"\",\"publisher\":{\"@id\":\"https:\/\/apuntesdesanluis.com\/#\/schema\/person\/b55151d52296fcce64d1a72538a70b90\"},\"potentialAction\":[{\"@type\":\"SearchAction\",\"target\":{\"@type\":\"EntryPoint\",\"urlTemplate\":\"https:\/\/apuntesdesanluis.com\/?s={search_term_string}\"},\"query-input\":{\"@type\":\"PropertyValueSpecification\",\"valueRequired\":true,\"valueName\":\"search_term_string\"}}],\"inLanguage\":\"es-AR\"},{\"@type\":[\"Person\",\"Organization\"],\"@id\":\"https:\/\/apuntesdesanluis.com\/#\/schema\/person\/b55151d52296fcce64d1a72538a70b90\",\"name\":\"apuntesdesanluis.com\",\"image\":{\"@type\":\"ImageObject\",\"inLanguage\":\"es-AR\",\"@id\":\"https:\/\/apuntesdesanluis.com\/#\/schema\/person\/image\/\",\"url\":\"https:\/\/apuntesdesanluis.com\/wp-content\/uploads\/2023\/07\/cropped-apuntesdesanluis.png\",\"contentUrl\":\"https:\/\/apuntesdesanluis.com\/wp-content\/uploads\/2023\/07\/cropped-apuntesdesanluis.png\",\"width\":450,\"height\":112,\"caption\":\"apuntesdesanluis.com\"},\"logo\":{\"@id\":\"https:\/\/apuntesdesanluis.com\/#\/schema\/person\/image\/\"},\"sameAs\":[\"https:\/\/apuntesdesanluis.com\"],\"url\":\"https:\/\/apuntesdesanluis.com\/index.php\/author\/apuntesdesanluis-com\/\"}]}<\/script>\n<!-- \/ Yoast SEO plugin. -->","yoast_head_json":{"title":"ATE Y CAMIONEROS NEGARON ESCRACHE: \u201cSR. GOBERNADOR, LE VENDIERON CUALQUIER VERDURA\u201d - Apuntes de San Luis","robots":{"index":"index","follow":"follow","max-snippet":"max-snippet:-1","max-image-preview":"max-image-preview:large","max-video-preview":"max-video-preview:-1"},"canonical":"https:\/\/apuntesdesanluis.com\/index.php\/2024\/05\/10\/ate-y-camioneros-negaron-escrache-sr-gobernador-le-vendieron-cualquier-verdura\/","og_locale":"es_ES","og_type":"article","og_title":"ATE Y CAMIONEROS NEGARON ESCRACHE: \u201cSR. GOBERNADOR, LE VENDIERON CUALQUIER VERDURA\u201d - Apuntes de San Luis","og_description":"Los secretarios generales de la Asociaci\u00f3n de Trabajadores del Estado (ATE) y Camioneros, Fernando Gatica...","og_url":"https:\/\/apuntesdesanluis.com\/index.php\/2024\/05\/10\/ate-y-camioneros-negaron-escrache-sr-gobernador-le-vendieron-cualquier-verdura\/","og_site_name":"Apuntes de San Luis","article_published_time":"2024-05-11T00:13:47+00:00","article_modified_time":"2024-05-11T16:50:41+00:00","og_image":[{"width":1022,"height":572,"url":"https:\/\/apuntesdesanluis.com\/wp-content\/uploads\/2024\/05\/gatica-y-farias.png","type":"image\/png"}],"author":"apuntesdesanluis.com","twitter_card":"summary_large_image","twitter_misc":{"Escrito por":"apuntesdesanluis.com","Tiempo de lectura":"3 minutos"},"schema":{"@context":"https:\/\/schema.org","@graph":[{"@type":"Article","@id":"https:\/\/apuntesdesanluis.com\/index.php\/2024\/05\/10\/ate-y-camioneros-negaron-escrache-sr-gobernador-le-vendieron-cualquier-verdura\/#article","isPartOf":{"@id":"https:\/\/apuntesdesanluis.com\/index.php\/2024\/05\/10\/ate-y-camioneros-negaron-escrache-sr-gobernador-le-vendieron-cualquier-verdura\/"},"author":{"name":"apuntesdesanluis.com","@id":"https:\/\/apuntesdesanluis.com\/#\/schema\/person\/b55151d52296fcce64d1a72538a70b90"},"headline":"ATE Y CAMIONEROS NEGARON ESCRACHE: \u201cSR. GOBERNADOR, LE VENDIERON CUALQUIER VERDURA\u201d","datePublished":"2024-05-11T00:13:47+00:00","dateModified":"2024-05-11T16:50:41+00:00","mainEntityOfPage":{"@id":"https:\/\/apuntesdesanluis.com\/index.php\/2024\/05\/10\/ate-y-camioneros-negaron-escrache-sr-gobernador-le-vendieron-cualquier-verdura\/"},"wordCount":540,"publisher":{"@id":"https:\/\/apuntesdesanluis.com\/#\/schema\/person\/b55151d52296fcce64d1a72538a70b90"},"image":{"@id":"https:\/\/apuntesdesanluis.com\/index.php\/2024\/05\/10\/ate-y-camioneros-negaron-escrache-sr-gobernador-le-vendieron-cualquier-verdura\/#primaryimage"},"thumbnailUrl":"https:\/\/apuntesdesanluis.com\/wp-content\/uploads\/2024\/05\/gatica-y-farias.png","articleSection":["Ciudad\/Provincia"],"inLanguage":"es-AR"},{"@type":"WebPage","@id":"https:\/\/apuntesdesanluis.com\/index.php\/2024\/05\/10\/ate-y-camioneros-negaron-escrache-sr-gobernador-le-vendieron-cualquier-verdura\/","url":"https:\/\/apuntesdesanluis.com\/index.php\/2024\/05\/10\/ate-y-camioneros-negaron-escrache-sr-gobernador-le-vendieron-cualquier-verdura\/","name":"ATE Y CAMIONEROS NEGARON ESCRACHE: \u201cSR. GOBERNADOR, LE VENDIERON CUALQUIER VERDURA\u201d - Apuntes de San Luis","isPartOf":{"@id":"https:\/\/apuntesdesanluis.com\/#website"},"primaryImageOfPage":{"@id":"https:\/\/apuntesdesanluis.com\/index.php\/2024\/05\/10\/ate-y-camioneros-negaron-escrache-sr-gobernador-le-vendieron-cualquier-verdura\/#primaryimage"},"image":{"@id":"https:\/\/apuntesdesanluis.com\/index.php\/2024\/05\/10\/ate-y-camioneros-negaron-escrache-sr-gobernador-le-vendieron-cualquier-verdura\/#primaryimage"},"thumbnailUrl":"https:\/\/apuntesdesanluis.com\/wp-content\/uploads\/2024\/05\/gatica-y-farias.png","datePublished":"2024-05-11T00:13:47+00:00","dateModified":"2024-05-11T16:50:41+00:00","breadcrumb":{"@id":"https:\/\/apuntesdesanluis.com\/index.php\/2024\/05\/10\/ate-y-camioneros-negaron-escrache-sr-gobernador-le-vendieron-cualquier-verdura\/#breadcrumb"},"inLanguage":"es-AR","potentialAction":[{"@type":"ReadAction","target":["https:\/\/apuntesdesanluis.com\/index.php\/2024\/05\/10\/ate-y-camioneros-negaron-escrache-sr-gobernador-le-vendieron-cualquier-verdura\/"]}]},{"@type":"ImageObject","inLanguage":"es-AR","@id":"https:\/\/apuntesdesanluis.com\/index.php\/2024\/05\/10\/ate-y-camioneros-negaron-escrache-sr-gobernador-le-vendieron-cualquier-verdura\/#primaryimage","url":"https:\/\/apuntesdesanluis.com\/wp-content\/uploads\/2024\/05\/gatica-y-farias.png","contentUrl":"https:\/\/apuntesdesanluis.com\/wp-content\/uploads\/2024\/05\/gatica-y-farias.png","width":1022,"height":572},{"@type":"BreadcrumbList","@id":"https:\/\/apuntesdesanluis.com\/index.php\/2024\/05\/10\/ate-y-camioneros-negaron-escrache-sr-gobernador-le-vendieron-cualquier-verdura\/#breadcrumb","itemListElement":[{"@type":"ListItem","position":1,"name":"Inicio","item":"https:\/\/apuntesdesanluis.com\/"},{"@type":"ListItem","position":2,"name":"ATE Y CAMIONEROS NEGARON ESCRACHE: \u201cSR. GOBERNADOR, LE VENDIERON CUALQUIER VERDURA\u201d"}]},{"@type":"WebSite","@id":"https:\/\/apuntesdesanluis.com\/#website","url":"https:\/\/apuntesdesanluis.com\/","name":"Apuntes de San Luis","description":"","publisher":{"@id":"https:\/\/apuntesdesanluis.com\/#\/schema\/person\/b55151d52296fcce64d1a72538a70b90"},"potentialAction":[{"@type":"SearchAction","target":{"@type":"EntryPoint","urlTemplate":"https:\/\/apuntesdesanluis.com\/?s={search_term_string}"},"query-input":{"@type":"PropertyValueSpecification","valueRequired":true,"valueName":"search_term_string"}}],"inLanguage":"es-AR"},{"@type":["Person","Organization"],"@id":"https:\/\/apuntesdesanluis.com\/#\/schema\/person\/b55151d52296fcce64d1a72538a70b90","name":"apuntesdesanluis.com","image":{"@type":"ImageObject","inLanguage":"es-AR","@id":"https:\/\/apuntesdesanluis.com\/#\/schema\/person\/image\/","url":"https:\/\/apuntesdesanluis.com\/wp-content\/uploads\/2023\/07\/cropped-apuntesdesanluis.png","contentUrl":"https:\/\/apuntesdesanluis.com\/wp-content\/uploads\/2023\/07\/cropped-apuntesdesanluis.png","width":450,"height":112,"caption":"apuntesdesanluis.com"},"logo":{"@id":"https:\/\/apuntesdesanluis.com\/#\/schema\/person\/image\/"},"sameAs":["https:\/\/apuntesdesanluis.com"],"url":"https:\/\/apuntesdesanluis.com\/index.php\/author\/apuntesdesanluis-com\/"}]}},"featured_image_urls":{"full":["https:\/\/apuntesdesanluis.com\/wp-content\/uploads\/2024\/05\/gatica-y-farias.png",1022,572,false],"thumbnail":["https:\/\/apuntesdesanluis.com\/wp-content\/uploads\/2024\/05\/gatica-y-farias-150x150.png",150,150,true],"medium":["https:\/\/apuntesdesanluis.com\/wp-content\/uploads\/2024\/05\/gatica-y-farias-300x168.png",300,168,true],"medium_large":["https:\/\/apuntesdesanluis.com\/wp-content\/uploads\/2024\/05\/gatica-y-farias-768x430.png",640,358,true],"large":["https:\/\/apuntesdesanluis.com\/wp-content\/uploads\/2024\/05\/gatica-y-farias.png",640,358,false],"1536x1536":["https:\/\/apuntesdesanluis.com\/wp-content\/uploads\/2024\/05\/gatica-y-farias.png",1022,572,false],"2048x2048":["https:\/\/apuntesdesanluis.com\/wp-content\/uploads\/2024\/05\/gatica-y-farias.png",1022,572,false],"newsever-slider-full":["https:\/\/apuntesdesanluis.com\/wp-content\/uploads\/2024\/05\/gatica-y-farias.png",1022,572,false],"newsever-featured":["https:\/\/apuntesdesanluis.com\/wp-content\/uploads\/2024\/05\/gatica-y-farias.png",1022,572,false],"newsever-medium":["https:\/\/apuntesdesanluis.com\/wp-content\/uploads\/2024\/05\/gatica-y-farias-720x475.png",720,475,true]},"author_info":{"display_name":"apuntesdesanluis.com","author_link":"https:\/\/apuntesdesanluis.com\/index.php\/author\/apuntesdesanluis-com\/"},"category_info":"<a href=\"https:\/\/apuntesdesanluis.com\/index.php\/category\/ciudad-provincia\/\" rel=\"category tag\">Ciudad\/Provincia<\/a>","tag_info":"Ciudad\/Provincia","comment_count":"0","_links":{"self":[{"href":"https:\/\/apuntesdesanluis.com\/index.php\/wp-json\/wp\/v2\/posts\/15961","targetHints":{"allow":["GET"]}}],"collection":[{"href":"https:\/\/apuntesdesanluis.com\/index.php\/wp-json\/wp\/v2\/posts"}],"about":[{"href":"https:\/\/apuntesdesanluis.com\/index.php\/wp-json\/wp\/v2\/types\/post"}],"author":[{"embeddable":true,"href":"https:\/\/apuntesdesanluis.com\/index.php\/wp-json\/wp\/v2\/users\/1"}],"replies":[{"embeddable":true,"href":"https:\/\/apuntesdesanluis.com\/index.php\/wp-json\/wp\/v2\/comments?post=15961"}],"version-history":[{"count":2,"href":"https:\/\/apuntesdesanluis.com\/index.php\/wp-json\/wp\/v2\/posts\/15961\/revisions"}],"predecessor-version":[{"id":15988,"href":"https:\/\/apuntesdesanluis.com\/index.php\/wp-json\/wp\/v2\/posts\/15961\/revisions\/15988"}],"wp:featuredmedia":[{"embeddable":true,"href":"https:\/\/apuntesdesanluis.com\/index.php\/wp-json\/wp\/v2\/media\/15962"}],"wp:attachment":[{"href":"https:\/\/apuntesdesanluis.com\/index.php\/wp-json\/wp\/v2\/media?parent=15961"}],"wp:term":[{"taxonomy":"category","embeddable":true,"href":"https:\/\/apuntesdesanluis.com\/index.php\/wp-json\/wp\/v2\/categories?post=15961"},{"taxonomy":"post_tag","embeddable":true,"href":"https:\/\/apuntesdesanluis.com\/index.php\/wp-json\/wp\/v2\/tags?post=15961"}],"curies":[{"name":"wp","href":"https:\/\/api.w.org\/{rel}","templated":true}]}}