{"id":15974,"date":"2024-05-11T13:36:18","date_gmt":"2024-05-11T16:36:18","guid":{"rendered":"https:\/\/apuntesdesanluis.com\/?p=15974"},"modified":"2024-05-11T13:36:18","modified_gmt":"2024-05-11T16:36:18","slug":"la-pesadilla-no-acaba-en-brasil-ya-son-126-los-muertos-por-las-inundaciones-y-vuelven-las-lluvias","status":"publish","type":"post","link":"https:\/\/apuntesdesanluis.com\/index.php\/2024\/05\/11\/la-pesadilla-no-acaba-en-brasil-ya-son-126-los-muertos-por-las-inundaciones-y-vuelven-las-lluvias\/","title":{"rendered":"LA PESADILLA NO ACABA EN BRASIL: YA SON 126 LOS MUERTOS POR LAS INUNDACIONES Y VUELVEN LAS LLUVIAS"},"content":{"rendered":"<h3>Las lluvias regresaron este viernes a R\u00edo Grande do Sul, donde los muertos por inundaciones hist\u00f3ricas en el estado m\u00e1s meridional de Brasil sumaban 126, adem\u00e1s de 141 personas que a\u00fan est\u00e1n desaparecidas, informaron las autoridades locales.<\/h3>\n<h3>Las precipitaciones intensas, vinculadas a la fuerte corriente de El Ni\u00f1o de este a\u00f1o, que se encontr\u00f3 con otros frentes clim\u00e1ticos, provocaron que varios r\u00edos y lagos de la regi\u00f3n alcanzaran sus niveles m\u00e1s altos y se desbordaran.<\/h3>\n<p><img fetchpriority=\"high\" decoding=\"async\" class=\"wp-image-15977 aligncenter\" src=\"https:\/\/apuntesdesanluis.com\/wp-content\/uploads\/2024\/05\/BRASIL-RIO-300x171.png\" alt=\"\" width=\"611\" height=\"348\" srcset=\"https:\/\/apuntesdesanluis.com\/wp-content\/uploads\/2024\/05\/BRASIL-RIO-300x171.png 300w, https:\/\/apuntesdesanluis.com\/wp-content\/uploads\/2024\/05\/BRASIL-RIO.png 549w\" sizes=\"(max-width: 611px) 100vw, 611px\" \/><\/p>\n<h3>Las inundaciones anegaron el centro de Porto Alegre, la capital del estado, y convirtieron en r\u00edos las calles de las ciudades perif\u00e9ricas, desplazando a m\u00e1s de 300.000 personas de sus hogares.<\/h3>\n<h3>La lluvia comenz\u00f3 nuevamente despu\u00e9s de una pausa de un d\u00eda que permiti\u00f3 que el nivel del r\u00edo Guaiba de Porto Alegre cayera por debajo de un r\u00e9cord de 5 metros. El grupo de meteor\u00f3log\u00eda Met Sul consider\u00f3 que las lluvias deber\u00edan persistir hasta el lunes, con un &#8220;alto riesgo de tormentas&#8221; durante el fin de semana.<\/h3>\n<h3>El volumen de lluvia super\u00f3 los 400 mil\u00edmetros en los primeros cinco d\u00edas de mayo en Rio Grande do Sul, mucho m\u00e1s que el promedio de entre 140 y 180 mil\u00edmetros para todo el mes, indic\u00f3 el Instituto Meteorol\u00f3gico Nacional.<\/h3>\n<h3>En Canoas, una de las ciudades m\u00e1s afectadas cerca de Porto Alegre, m\u00e1s de 6 mil personas se alojaban en un gimnasio universitario convertido en refugio.<\/h3>\n<p><img decoding=\"async\" class=\"wp-image-15976 aligncenter\" src=\"https:\/\/apuntesdesanluis.com\/wp-content\/uploads\/2024\/05\/1200x675_cmsv2_387d8d8d-a697-557b-8251-52d158487362-8425530-300x169.webp\" alt=\"\" width=\"596\" height=\"336\" srcset=\"https:\/\/apuntesdesanluis.com\/wp-content\/uploads\/2024\/05\/1200x675_cmsv2_387d8d8d-a697-557b-8251-52d158487362-8425530-300x169.webp 300w, https:\/\/apuntesdesanluis.com\/wp-content\/uploads\/2024\/05\/1200x675_cmsv2_387d8d8d-a697-557b-8251-52d158487362-8425530-1024x576.webp 1024w, https:\/\/apuntesdesanluis.com\/wp-content\/uploads\/2024\/05\/1200x675_cmsv2_387d8d8d-a697-557b-8251-52d158487362-8425530-768x432.webp 768w, https:\/\/apuntesdesanluis.com\/wp-content\/uploads\/2024\/05\/1200x675_cmsv2_387d8d8d-a697-557b-8251-52d158487362-8425530.webp 1200w\" sizes=\"(max-width: 596px) 100vw, 596px\" \/><\/p>\n<h3>Aparecida de F\u00e1tima Fagundes declar\u00f3 que le costaba dormir all\u00ed porque no pod\u00eda dejar de pensar en &#8220;el peor d\u00eda&#8221; de su vida.<\/h3>\n<h3>&#8220;Sigo recordando a la gente diciendo &#8216;ayuda&#8217;, &#8216;ayuda'&#8221;, se\u00f1al\u00f3. &#8220;Fue horrible&#8221;.<\/h3>\n<h3>El Gobierno estatal afirm\u00f3 que m\u00e1s de 385 mil damnificados no ten\u00edan agua y unas 20 ciudades estaban sin servicios de telecomunicaciones.<\/h3>\n<h3><strong>CONTIN\u00daAN LAS DONACIONES<\/strong><\/h3>\n<h3>Un avi\u00f3n de la Fuerza A\u00e9rea Brasile\u00f1a (FAB), 20 camiones del Ej\u00e9rcito brasile\u00f1o y veh\u00edculos de empresas voluntarios transportar\u00e1n 400 toneladas de donaciones, entre ropa, colchones y agua potable y comida rumbo a Canoas este s\u00e1bado.<\/h3>\n<h3>La aeronave despegar\u00e1 de la Base A\u00e9rea de Brasilia, en una acci\u00f3n cooperativa entre la FAB, el Ej\u00e9rcito y miembros de la sociedad civil en apoyo a la poblaci\u00f3n de Rio Grande do Sul (RS), debido a las inundaciones en el estado.<\/h3>\n<h3>En tanto, la empresa estatal brasile\u00f1a Correos recibi\u00f3 10.000 toneladas de donaciones para distribuir a toda la poblaci\u00f3n en R\u00edo Grande do Soul.<\/h3>\n<h3>Adem\u00e1s, el sistema de correos ampli\u00f3 la cantidad de agencias para recibir agua (prioridad), alimentos b\u00e1sicos, materiales de higiene personal, materiales de tintorer\u00eda, ropa de cama y ba\u00f1o y alimentos para mascotas.<\/h3>\n<h3>\u201cTenemos muchas cajas provenientes de varios estados de Brasil. Correos est\u00e1 recolectando donaciones de la gente y aqu\u00ed ocurre la organizaci\u00f3n para llevarlas a toda la poblaci\u00f3n necesitada\u201d, explic\u00f3 el ministro de Comunicaciones, Juscelino Filho.<\/h3>\n<p>&nbsp;<\/p>\n<p>&nbsp;<\/p>\n<p>&nbsp;<\/p>\n<p>&nbsp;<\/p>\n<p>&nbsp;<\/p>\n<p>&nbsp;<\/p>\n","protected":false},"excerpt":{"rendered":"<p>Las lluvias regresaron este viernes a R\u00edo Grande do Sul, donde los muertos por inundaciones&#8230;<\/p>\n","protected":false},"author":1,"featured_media":15975,"comment_status":"closed","ping_status":"closed","sticky":false,"template":"","format":"standard","meta":{"footnotes":""},"categories":[5],"tags":[],"class_list":["post-15974","post","type-post","status-publish","format-standard","has-post-thumbnail","hentry","category-nacionales-internacionales"],"yoast_head":"<!-- This site is optimized with the Yoast SEO plugin v26.1.1 - https:\/\/yoast.com\/wordpress\/plugins\/seo\/ -->\n<title>LA PESADILLA NO ACABA EN BRASIL: YA SON 126 LOS MUERTOS POR LAS INUNDACIONES Y VUELVEN LAS LLUVIAS - Apuntes de San Luis<\/title>\n<meta name=\"robots\" content=\"index, follow, max-snippet:-1, max-image-preview:large, max-video-preview:-1\" \/>\n<link rel=\"canonical\" href=\"https:\/\/apuntesdesanluis.com\/index.php\/2024\/05\/11\/la-pesadilla-no-acaba-en-brasil-ya-son-126-los-muertos-por-las-inundaciones-y-vuelven-las-lluvias\/\" \/>\n<meta property=\"og:locale\" content=\"es_ES\" \/>\n<meta property=\"og:type\" content=\"article\" \/>\n<meta property=\"og:title\" content=\"LA PESADILLA NO ACABA EN BRASIL: YA SON 126 LOS MUERTOS POR LAS INUNDACIONES Y VUELVEN LAS LLUVIAS - Apuntes de San Luis\" \/>\n<meta property=\"og:description\" content=\"Las lluvias regresaron este viernes a R\u00edo Grande do Sul, donde los muertos por inundaciones...\" \/>\n<meta property=\"og:url\" content=\"https:\/\/apuntesdesanluis.com\/index.php\/2024\/05\/11\/la-pesadilla-no-acaba-en-brasil-ya-son-126-los-muertos-por-las-inundaciones-y-vuelven-las-lluvias\/\" \/>\n<meta property=\"og:site_name\" content=\"Apuntes de San Luis\" \/>\n<meta property=\"article:published_time\" content=\"2024-05-11T16:36:18+00:00\" \/>\n<meta property=\"og:image\" content=\"https:\/\/apuntesdesanluis.com\/wp-content\/uploads\/2024\/05\/1714918113370webp.webp\" \/>\n\t<meta property=\"og:image:width\" content=\"1000\" \/>\n\t<meta property=\"og:image:height\" content=\"666\" \/>\n\t<meta property=\"og:image:type\" content=\"image\/webp\" \/>\n<meta name=\"author\" content=\"apuntesdesanluis.com\" \/>\n<meta name=\"twitter:card\" content=\"summary_large_image\" \/>\n<meta name=\"twitter:label1\" content=\"Escrito por\" \/>\n\t<meta name=\"twitter:data1\" content=\"apuntesdesanluis.com\" \/>\n\t<meta name=\"twitter:label2\" content=\"Tiempo de lectura\" \/>\n\t<meta name=\"twitter:data2\" content=\"3 minutos\" \/>\n<script type=\"application\/ld+json\" class=\"yoast-schema-graph\">{\"@context\":\"https:\/\/schema.org\",\"@graph\":[{\"@type\":\"Article\",\"@id\":\"https:\/\/apuntesdesanluis.com\/index.php\/2024\/05\/11\/la-pesadilla-no-acaba-en-brasil-ya-son-126-los-muertos-por-las-inundaciones-y-vuelven-las-lluvias\/#article\",\"isPartOf\":{\"@id\":\"https:\/\/apuntesdesanluis.com\/index.php\/2024\/05\/11\/la-pesadilla-no-acaba-en-brasil-ya-son-126-los-muertos-por-las-inundaciones-y-vuelven-las-lluvias\/\"},\"author\":{\"name\":\"apuntesdesanluis.com\",\"@id\":\"https:\/\/apuntesdesanluis.com\/#\/schema\/person\/b55151d52296fcce64d1a72538a70b90\"},\"headline\":\"LA PESADILLA NO ACABA EN BRASIL: YA SON 126 LOS MUERTOS POR LAS INUNDACIONES Y VUELVEN LAS LLUVIAS\",\"datePublished\":\"2024-05-11T16:36:18+00:00\",\"mainEntityOfPage\":{\"@id\":\"https:\/\/apuntesdesanluis.com\/index.php\/2024\/05\/11\/la-pesadilla-no-acaba-en-brasil-ya-son-126-los-muertos-por-las-inundaciones-y-vuelven-las-lluvias\/\"},\"wordCount\":523,\"publisher\":{\"@id\":\"https:\/\/apuntesdesanluis.com\/#\/schema\/person\/b55151d52296fcce64d1a72538a70b90\"},\"image\":{\"@id\":\"https:\/\/apuntesdesanluis.com\/index.php\/2024\/05\/11\/la-pesadilla-no-acaba-en-brasil-ya-son-126-los-muertos-por-las-inundaciones-y-vuelven-las-lluvias\/#primaryimage\"},\"thumbnailUrl\":\"https:\/\/apuntesdesanluis.com\/wp-content\/uploads\/2024\/05\/1714918113370webp.webp\",\"articleSection\":[\"Nacionales\/Internacionales\"],\"inLanguage\":\"es-AR\"},{\"@type\":\"WebPage\",\"@id\":\"https:\/\/apuntesdesanluis.com\/index.php\/2024\/05\/11\/la-pesadilla-no-acaba-en-brasil-ya-son-126-los-muertos-por-las-inundaciones-y-vuelven-las-lluvias\/\",\"url\":\"https:\/\/apuntesdesanluis.com\/index.php\/2024\/05\/11\/la-pesadilla-no-acaba-en-brasil-ya-son-126-los-muertos-por-las-inundaciones-y-vuelven-las-lluvias\/\",\"name\":\"LA PESADILLA NO ACABA EN BRASIL: YA SON 126 LOS MUERTOS POR LAS INUNDACIONES Y VUELVEN LAS LLUVIAS - Apuntes de San Luis\",\"isPartOf\":{\"@id\":\"https:\/\/apuntesdesanluis.com\/#website\"},\"primaryImageOfPage\":{\"@id\":\"https:\/\/apuntesdesanluis.com\/index.php\/2024\/05\/11\/la-pesadilla-no-acaba-en-brasil-ya-son-126-los-muertos-por-las-inundaciones-y-vuelven-las-lluvias\/#primaryimage\"},\"image\":{\"@id\":\"https:\/\/apuntesdesanluis.com\/index.php\/2024\/05\/11\/la-pesadilla-no-acaba-en-brasil-ya-son-126-los-muertos-por-las-inundaciones-y-vuelven-las-lluvias\/#primaryimage\"},\"thumbnailUrl\":\"https:\/\/apuntesdesanluis.com\/wp-content\/uploads\/2024\/05\/1714918113370webp.webp\",\"datePublished\":\"2024-05-11T16:36:18+00:00\",\"breadcrumb\":{\"@id\":\"https:\/\/apuntesdesanluis.com\/index.php\/2024\/05\/11\/la-pesadilla-no-acaba-en-brasil-ya-son-126-los-muertos-por-las-inundaciones-y-vuelven-las-lluvias\/#breadcrumb\"},\"inLanguage\":\"es-AR\",\"potentialAction\":[{\"@type\":\"ReadAction\",\"target\":[\"https:\/\/apuntesdesanluis.com\/index.php\/2024\/05\/11\/la-pesadilla-no-acaba-en-brasil-ya-son-126-los-muertos-por-las-inundaciones-y-vuelven-las-lluvias\/\"]}]},{\"@type\":\"ImageObject\",\"inLanguage\":\"es-AR\",\"@id\":\"https:\/\/apuntesdesanluis.com\/index.php\/2024\/05\/11\/la-pesadilla-no-acaba-en-brasil-ya-son-126-los-muertos-por-las-inundaciones-y-vuelven-las-lluvias\/#primaryimage\",\"url\":\"https:\/\/apuntesdesanluis.com\/wp-content\/uploads\/2024\/05\/1714918113370webp.webp\",\"contentUrl\":\"https:\/\/apuntesdesanluis.com\/wp-content\/uploads\/2024\/05\/1714918113370webp.webp\",\"width\":1000,\"height\":666},{\"@type\":\"BreadcrumbList\",\"@id\":\"https:\/\/apuntesdesanluis.com\/index.php\/2024\/05\/11\/la-pesadilla-no-acaba-en-brasil-ya-son-126-los-muertos-por-las-inundaciones-y-vuelven-las-lluvias\/#breadcrumb\",\"itemListElement\":[{\"@type\":\"ListItem\",\"position\":1,\"name\":\"Inicio\",\"item\":\"https:\/\/apuntesdesanluis.com\/\"},{\"@type\":\"ListItem\",\"position\":2,\"name\":\"LA PESADILLA NO ACABA EN BRASIL: YA SON 126 LOS MUERTOS POR LAS INUNDACIONES Y VUELVEN LAS LLUVIAS\"}]},{\"@type\":\"WebSite\",\"@id\":\"https:\/\/apuntesdesanluis.com\/#website\",\"url\":\"https:\/\/apuntesdesanluis.com\/\",\"name\":\"Apuntes de San Luis\",\"description\":\"\",\"publisher\":{\"@id\":\"https:\/\/apuntesdesanluis.com\/#\/schema\/person\/b55151d52296fcce64d1a72538a70b90\"},\"potentialAction\":[{\"@type\":\"SearchAction\",\"target\":{\"@type\":\"EntryPoint\",\"urlTemplate\":\"https:\/\/apuntesdesanluis.com\/?s={search_term_string}\"},\"query-input\":{\"@type\":\"PropertyValueSpecification\",\"valueRequired\":true,\"valueName\":\"search_term_string\"}}],\"inLanguage\":\"es-AR\"},{\"@type\":[\"Person\",\"Organization\"],\"@id\":\"https:\/\/apuntesdesanluis.com\/#\/schema\/person\/b55151d52296fcce64d1a72538a70b90\",\"name\":\"apuntesdesanluis.com\",\"image\":{\"@type\":\"ImageObject\",\"inLanguage\":\"es-AR\",\"@id\":\"https:\/\/apuntesdesanluis.com\/#\/schema\/person\/image\/\",\"url\":\"https:\/\/apuntesdesanluis.com\/wp-content\/uploads\/2023\/07\/cropped-apuntesdesanluis.png\",\"contentUrl\":\"https:\/\/apuntesdesanluis.com\/wp-content\/uploads\/2023\/07\/cropped-apuntesdesanluis.png\",\"width\":450,\"height\":112,\"caption\":\"apuntesdesanluis.com\"},\"logo\":{\"@id\":\"https:\/\/apuntesdesanluis.com\/#\/schema\/person\/image\/\"},\"sameAs\":[\"https:\/\/apuntesdesanluis.com\"],\"url\":\"https:\/\/apuntesdesanluis.com\/index.php\/author\/apuntesdesanluis-com\/\"}]}<\/script>\n<!-- \/ Yoast SEO plugin. -->","yoast_head_json":{"title":"LA PESADILLA NO ACABA EN BRASIL: YA SON 126 LOS MUERTOS POR LAS INUNDACIONES Y VUELVEN LAS LLUVIAS - Apuntes de San Luis","robots":{"index":"index","follow":"follow","max-snippet":"max-snippet:-1","max-image-preview":"max-image-preview:large","max-video-preview":"max-video-preview:-1"},"canonical":"https:\/\/apuntesdesanluis.com\/index.php\/2024\/05\/11\/la-pesadilla-no-acaba-en-brasil-ya-son-126-los-muertos-por-las-inundaciones-y-vuelven-las-lluvias\/","og_locale":"es_ES","og_type":"article","og_title":"LA PESADILLA NO ACABA EN BRASIL: YA SON 126 LOS MUERTOS POR LAS INUNDACIONES Y VUELVEN LAS LLUVIAS - Apuntes de San Luis","og_description":"Las lluvias regresaron este viernes a R\u00edo Grande do Sul, donde los muertos por inundaciones...","og_url":"https:\/\/apuntesdesanluis.com\/index.php\/2024\/05\/11\/la-pesadilla-no-acaba-en-brasil-ya-son-126-los-muertos-por-las-inundaciones-y-vuelven-las-lluvias\/","og_site_name":"Apuntes de San Luis","article_published_time":"2024-05-11T16:36:18+00:00","og_image":[{"width":1000,"height":666,"url":"https:\/\/apuntesdesanluis.com\/wp-content\/uploads\/2024\/05\/1714918113370webp.webp","type":"image\/webp"}],"author":"apuntesdesanluis.com","twitter_card":"summary_large_image","twitter_misc":{"Escrito por":"apuntesdesanluis.com","Tiempo de lectura":"3 minutos"},"schema":{"@context":"https:\/\/schema.org","@graph":[{"@type":"Article","@id":"https:\/\/apuntesdesanluis.com\/index.php\/2024\/05\/11\/la-pesadilla-no-acaba-en-brasil-ya-son-126-los-muertos-por-las-inundaciones-y-vuelven-las-lluvias\/#article","isPartOf":{"@id":"https:\/\/apuntesdesanluis.com\/index.php\/2024\/05\/11\/la-pesadilla-no-acaba-en-brasil-ya-son-126-los-muertos-por-las-inundaciones-y-vuelven-las-lluvias\/"},"author":{"name":"apuntesdesanluis.com","@id":"https:\/\/apuntesdesanluis.com\/#\/schema\/person\/b55151d52296fcce64d1a72538a70b90"},"headline":"LA PESADILLA NO ACABA EN BRASIL: YA SON 126 LOS MUERTOS POR LAS INUNDACIONES Y VUELVEN LAS LLUVIAS","datePublished":"2024-05-11T16:36:18+00:00","mainEntityOfPage":{"@id":"https:\/\/apuntesdesanluis.com\/index.php\/2024\/05\/11\/la-pesadilla-no-acaba-en-brasil-ya-son-126-los-muertos-por-las-inundaciones-y-vuelven-las-lluvias\/"},"wordCount":523,"publisher":{"@id":"https:\/\/apuntesdesanluis.com\/#\/schema\/person\/b55151d52296fcce64d1a72538a70b90"},"image":{"@id":"https:\/\/apuntesdesanluis.com\/index.php\/2024\/05\/11\/la-pesadilla-no-acaba-en-brasil-ya-son-126-los-muertos-por-las-inundaciones-y-vuelven-las-lluvias\/#primaryimage"},"thumbnailUrl":"https:\/\/apuntesdesanluis.com\/wp-content\/uploads\/2024\/05\/1714918113370webp.webp","articleSection":["Nacionales\/Internacionales"],"inLanguage":"es-AR"},{"@type":"WebPage","@id":"https:\/\/apuntesdesanluis.com\/index.php\/2024\/05\/11\/la-pesadilla-no-acaba-en-brasil-ya-son-126-los-muertos-por-las-inundaciones-y-vuelven-las-lluvias\/","url":"https:\/\/apuntesdesanluis.com\/index.php\/2024\/05\/11\/la-pesadilla-no-acaba-en-brasil-ya-son-126-los-muertos-por-las-inundaciones-y-vuelven-las-lluvias\/","name":"LA PESADILLA NO ACABA EN BRASIL: YA SON 126 LOS MUERTOS POR LAS INUNDACIONES Y VUELVEN LAS LLUVIAS - Apuntes de San Luis","isPartOf":{"@id":"https:\/\/apuntesdesanluis.com\/#website"},"primaryImageOfPage":{"@id":"https:\/\/apuntesdesanluis.com\/index.php\/2024\/05\/11\/la-pesadilla-no-acaba-en-brasil-ya-son-126-los-muertos-por-las-inundaciones-y-vuelven-las-lluvias\/#primaryimage"},"image":{"@id":"https:\/\/apuntesdesanluis.com\/index.php\/2024\/05\/11\/la-pesadilla-no-acaba-en-brasil-ya-son-126-los-muertos-por-las-inundaciones-y-vuelven-las-lluvias\/#primaryimage"},"thumbnailUrl":"https:\/\/apuntesdesanluis.com\/wp-content\/uploads\/2024\/05\/1714918113370webp.webp","datePublished":"2024-05-11T16:36:18+00:00","breadcrumb":{"@id":"https:\/\/apuntesdesanluis.com\/index.php\/2024\/05\/11\/la-pesadilla-no-acaba-en-brasil-ya-son-126-los-muertos-por-las-inundaciones-y-vuelven-las-lluvias\/#breadcrumb"},"inLanguage":"es-AR","potentialAction":[{"@type":"ReadAction","target":["https:\/\/apuntesdesanluis.com\/index.php\/2024\/05\/11\/la-pesadilla-no-acaba-en-brasil-ya-son-126-los-muertos-por-las-inundaciones-y-vuelven-las-lluvias\/"]}]},{"@type":"ImageObject","inLanguage":"es-AR","@id":"https:\/\/apuntesdesanluis.com\/index.php\/2024\/05\/11\/la-pesadilla-no-acaba-en-brasil-ya-son-126-los-muertos-por-las-inundaciones-y-vuelven-las-lluvias\/#primaryimage","url":"https:\/\/apuntesdesanluis.com\/wp-content\/uploads\/2024\/05\/1714918113370webp.webp","contentUrl":"https:\/\/apuntesdesanluis.com\/wp-content\/uploads\/2024\/05\/1714918113370webp.webp","width":1000,"height":666},{"@type":"BreadcrumbList","@id":"https:\/\/apuntesdesanluis.com\/index.php\/2024\/05\/11\/la-pesadilla-no-acaba-en-brasil-ya-son-126-los-muertos-por-las-inundaciones-y-vuelven-las-lluvias\/#breadcrumb","itemListElement":[{"@type":"ListItem","position":1,"name":"Inicio","item":"https:\/\/apuntesdesanluis.com\/"},{"@type":"ListItem","position":2,"name":"LA PESADILLA NO ACABA EN BRASIL: YA SON 126 LOS MUERTOS POR LAS INUNDACIONES Y VUELVEN LAS LLUVIAS"}]},{"@type":"WebSite","@id":"https:\/\/apuntesdesanluis.com\/#website","url":"https:\/\/apuntesdesanluis.com\/","name":"Apuntes de San Luis","description":"","publisher":{"@id":"https:\/\/apuntesdesanluis.com\/#\/schema\/person\/b55151d52296fcce64d1a72538a70b90"},"potentialAction":[{"@type":"SearchAction","target":{"@type":"EntryPoint","urlTemplate":"https:\/\/apuntesdesanluis.com\/?s={search_term_string}"},"query-input":{"@type":"PropertyValueSpecification","valueRequired":true,"valueName":"search_term_string"}}],"inLanguage":"es-AR"},{"@type":["Person","Organization"],"@id":"https:\/\/apuntesdesanluis.com\/#\/schema\/person\/b55151d52296fcce64d1a72538a70b90","name":"apuntesdesanluis.com","image":{"@type":"ImageObject","inLanguage":"es-AR","@id":"https:\/\/apuntesdesanluis.com\/#\/schema\/person\/image\/","url":"https:\/\/apuntesdesanluis.com\/wp-content\/uploads\/2023\/07\/cropped-apuntesdesanluis.png","contentUrl":"https:\/\/apuntesdesanluis.com\/wp-content\/uploads\/2023\/07\/cropped-apuntesdesanluis.png","width":450,"height":112,"caption":"apuntesdesanluis.com"},"logo":{"@id":"https:\/\/apuntesdesanluis.com\/#\/schema\/person\/image\/"},"sameAs":["https:\/\/apuntesdesanluis.com"],"url":"https:\/\/apuntesdesanluis.com\/index.php\/author\/apuntesdesanluis-com\/"}]}},"featured_image_urls":{"full":["https:\/\/apuntesdesanluis.com\/wp-content\/uploads\/2024\/05\/1714918113370webp.webp",1000,666,false],"thumbnail":["https:\/\/apuntesdesanluis.com\/wp-content\/uploads\/2024\/05\/1714918113370webp-150x150.webp",150,150,true],"medium":["https:\/\/apuntesdesanluis.com\/wp-content\/uploads\/2024\/05\/1714918113370webp-300x200.webp",300,200,true],"medium_large":["https:\/\/apuntesdesanluis.com\/wp-content\/uploads\/2024\/05\/1714918113370webp-768x511.webp",640,426,true],"large":["https:\/\/apuntesdesanluis.com\/wp-content\/uploads\/2024\/05\/1714918113370webp.webp",640,426,false],"1536x1536":["https:\/\/apuntesdesanluis.com\/wp-content\/uploads\/2024\/05\/1714918113370webp.webp",1000,666,false],"2048x2048":["https:\/\/apuntesdesanluis.com\/wp-content\/uploads\/2024\/05\/1714918113370webp.webp",1000,666,false],"newsever-slider-full":["https:\/\/apuntesdesanluis.com\/wp-content\/uploads\/2024\/05\/1714918113370webp.webp",1000,666,false],"newsever-featured":["https:\/\/apuntesdesanluis.com\/wp-content\/uploads\/2024\/05\/1714918113370webp.webp",1000,666,false],"newsever-medium":["https:\/\/apuntesdesanluis.com\/wp-content\/uploads\/2024\/05\/1714918113370webp-720x475.webp",720,475,true]},"author_info":{"display_name":"apuntesdesanluis.com","author_link":"https:\/\/apuntesdesanluis.com\/index.php\/author\/apuntesdesanluis-com\/"},"category_info":"<a href=\"https:\/\/apuntesdesanluis.com\/index.php\/category\/nacionales-internacionales\/\" rel=\"category tag\">Nacionales\/Internacionales<\/a>","tag_info":"Nacionales\/Internacionales","comment_count":"0","_links":{"self":[{"href":"https:\/\/apuntesdesanluis.com\/index.php\/wp-json\/wp\/v2\/posts\/15974","targetHints":{"allow":["GET"]}}],"collection":[{"href":"https:\/\/apuntesdesanluis.com\/index.php\/wp-json\/wp\/v2\/posts"}],"about":[{"href":"https:\/\/apuntesdesanluis.com\/index.php\/wp-json\/wp\/v2\/types\/post"}],"author":[{"embeddable":true,"href":"https:\/\/apuntesdesanluis.com\/index.php\/wp-json\/wp\/v2\/users\/1"}],"replies":[{"embeddable":true,"href":"https:\/\/apuntesdesanluis.com\/index.php\/wp-json\/wp\/v2\/comments?post=15974"}],"version-history":[{"count":1,"href":"https:\/\/apuntesdesanluis.com\/index.php\/wp-json\/wp\/v2\/posts\/15974\/revisions"}],"predecessor-version":[{"id":15978,"href":"https:\/\/apuntesdesanluis.com\/index.php\/wp-json\/wp\/v2\/posts\/15974\/revisions\/15978"}],"wp:featuredmedia":[{"embeddable":true,"href":"https:\/\/apuntesdesanluis.com\/index.php\/wp-json\/wp\/v2\/media\/15975"}],"wp:attachment":[{"href":"https:\/\/apuntesdesanluis.com\/index.php\/wp-json\/wp\/v2\/media?parent=15974"}],"wp:term":[{"taxonomy":"category","embeddable":true,"href":"https:\/\/apuntesdesanluis.com\/index.php\/wp-json\/wp\/v2\/categories?post=15974"},{"taxonomy":"post_tag","embeddable":true,"href":"https:\/\/apuntesdesanluis.com\/index.php\/wp-json\/wp\/v2\/tags?post=15974"}],"curies":[{"name":"wp","href":"https:\/\/api.w.org\/{rel}","templated":true}]}}