{"id":15981,"date":"2024-05-10T12:40:41","date_gmt":"2024-05-10T15:40:41","guid":{"rendered":"https:\/\/apuntesdesanluis.com\/?p=15981"},"modified":"2024-05-11T13:42:35","modified_gmt":"2024-05-11T16:42:35","slug":"primeras-reuniones-con-policias-retirados-que-seran-choferes-de-los-nuevos-patrulleros","status":"publish","type":"post","link":"https:\/\/apuntesdesanluis.com\/index.php\/2024\/05\/10\/primeras-reuniones-con-policias-retirados-que-seran-choferes-de-los-nuevos-patrulleros\/","title":{"rendered":"PRIMERAS REUNIONES CON POLIC\u00cdAS RETIRADOS QUE SER\u00c1N CHOFERES DE LOS NUEVOS PATRULLEROS"},"content":{"rendered":"<h3>Durante esta semana la ministro de Seguridad, <strong>Nancy Sosa<\/strong>, comenz\u00f3 un recorrido por San Luis, Villa Mercedes y Merlo para reencontrarse con polic\u00edas retirados de manera voluntaria, a los que invit\u00f3 a que regresen a la fuerza policial para ser choferes de los nuevos patrulleros que compr\u00f3 el Gobierno y que se abocar\u00e1n a la prevenci\u00f3n del delito.<\/h3>\n<h3>En la primera reuni\u00f3n, que se realiz\u00f3 en la Unidad Regional N\u00b06 y con una importante asistencia, explicaron a hombres y mujeres cu\u00e1l ser\u00e1 la funci\u00f3n de las personas seleccionas; la operatividad que se deber\u00e1 cumplir; detalles del trabajo en general y los requisitos para acceder al puesto.<\/h3>\n<h3>Sobre las reuniones, la Ministro manifest\u00f3 que \u201chan sido muy provechosas\u201d porque pudieron aclarar dudas sobre c\u00f3mo ser\u00e1 el rol del chofer en los nuevos patrulleros de manera directa. \u201cPensamos en aumentar el sistema de prevenci\u00f3n, el cuidado de los patrulleros, el tiempo que se deber\u00e1 prestar servicio, todo para que tengamos un mejor rendimiento y nada sea improvisado\u201d, se\u00f1al\u00f3 Sosa.<\/h3>\n<h3>Sobre los polic\u00edas retirados, destac\u00f3 que \u201clos que vinieron a las reuniones, como as\u00ed tambi\u00e9n los que se han puesto en contacto, se comprometieron a traer la documentaci\u00f3n que hemos requerido\u201d. Y agreg\u00f3 sobre los requisitos: \u201cEmpezar\u00e1n desde ahora con la documentaci\u00f3n para dejarla en los lugares designados y tienen hasta el 17 de mayo como tope para entregarla en San Luis, Villa Mercedes o Merlo\u201d<\/h3>\n<h3>La ministro Sosa tambi\u00e9n explic\u00f3 que, una vez que tengan los papeles empezar\u00e1 una etapa de selecci\u00f3n, que incluir\u00e1 el paso por una junta psicot\u00e9cnica. Luego comenzar\u00e1n las selecciones para la incorporaci\u00f3n a la fuerza policial y las capacitaciones de manejo, control y cuidado de las unidades.<\/h3>\n<h3>Los patrulleros, que llegar\u00e1n a provincia a fines de mayo, ser\u00e1n 70 unidades que generar\u00e1n 140 vacantes para choferes. Aquellos interesados deber\u00e1n ser polic\u00edas retirados (RV) de la carrera de suboficiales y completar los requisitos que est\u00e1n disponibles en la Comisar\u00eda N\u00b026 de la Villa de Merlo, en la Jefatura de la Unidad Regional N\u00b02 de Villa Mercedes y en la Jefatura Central de San Luis.<\/h3>\n<p>&nbsp;<\/p>\n<p>&nbsp;<\/p>\n<p>&nbsp;<\/p>\n<p>&nbsp;<\/p>\n","protected":false},"excerpt":{"rendered":"<p>Durante esta semana la ministro de Seguridad, Nancy Sosa, comenz\u00f3 un recorrido por San Luis,&#8230;<\/p>\n","protected":false},"author":1,"featured_media":15982,"comment_status":"closed","ping_status":"closed","sticky":false,"template":"","format":"standard","meta":{"footnotes":""},"categories":[6],"tags":[],"class_list":["post-15981","post","type-post","status-publish","format-standard","has-post-thumbnail","hentry","category-ciudad-provincia"],"yoast_head":"<!-- This site is optimized with the Yoast SEO plugin v26.1.1 - https:\/\/yoast.com\/wordpress\/plugins\/seo\/ -->\n<title>PRIMERAS REUNIONES CON POLIC\u00cdAS RETIRADOS QUE SER\u00c1N CHOFERES DE LOS NUEVOS PATRULLEROS - Apuntes de San Luis<\/title>\n<meta name=\"robots\" content=\"index, follow, max-snippet:-1, max-image-preview:large, max-video-preview:-1\" \/>\n<link rel=\"canonical\" href=\"https:\/\/apuntesdesanluis.com\/index.php\/2024\/05\/10\/primeras-reuniones-con-policias-retirados-que-seran-choferes-de-los-nuevos-patrulleros\/\" \/>\n<meta property=\"og:locale\" content=\"es_ES\" \/>\n<meta property=\"og:type\" content=\"article\" \/>\n<meta property=\"og:title\" content=\"PRIMERAS REUNIONES CON POLIC\u00cdAS RETIRADOS QUE SER\u00c1N CHOFERES DE LOS NUEVOS PATRULLEROS - Apuntes de San Luis\" \/>\n<meta property=\"og:description\" content=\"Durante esta semana la ministro de Seguridad, Nancy Sosa, comenz\u00f3 un recorrido por San Luis,...\" \/>\n<meta property=\"og:url\" content=\"https:\/\/apuntesdesanluis.com\/index.php\/2024\/05\/10\/primeras-reuniones-con-policias-retirados-que-seran-choferes-de-los-nuevos-patrulleros\/\" \/>\n<meta property=\"og:site_name\" content=\"Apuntes de San Luis\" \/>\n<meta property=\"article:published_time\" content=\"2024-05-10T15:40:41+00:00\" \/>\n<meta property=\"article:modified_time\" content=\"2024-05-11T16:42:35+00:00\" \/>\n<meta property=\"og:image\" content=\"https:\/\/apuntesdesanluis.com\/wp-content\/uploads\/2024\/05\/POLIS.png\" \/>\n\t<meta property=\"og:image:width\" content=\"600\" \/>\n\t<meta property=\"og:image:height\" content=\"308\" \/>\n\t<meta property=\"og:image:type\" content=\"image\/png\" \/>\n<meta name=\"author\" content=\"apuntesdesanluis.com\" \/>\n<meta name=\"twitter:card\" content=\"summary_large_image\" \/>\n<meta name=\"twitter:label1\" content=\"Escrito por\" \/>\n\t<meta name=\"twitter:data1\" content=\"apuntesdesanluis.com\" \/>\n\t<meta name=\"twitter:label2\" content=\"Tiempo de lectura\" \/>\n\t<meta name=\"twitter:data2\" content=\"2 minutos\" \/>\n<script type=\"application\/ld+json\" class=\"yoast-schema-graph\">{\"@context\":\"https:\/\/schema.org\",\"@graph\":[{\"@type\":\"Article\",\"@id\":\"https:\/\/apuntesdesanluis.com\/index.php\/2024\/05\/10\/primeras-reuniones-con-policias-retirados-que-seran-choferes-de-los-nuevos-patrulleros\/#article\",\"isPartOf\":{\"@id\":\"https:\/\/apuntesdesanluis.com\/index.php\/2024\/05\/10\/primeras-reuniones-con-policias-retirados-que-seran-choferes-de-los-nuevos-patrulleros\/\"},\"author\":{\"name\":\"apuntesdesanluis.com\",\"@id\":\"https:\/\/apuntesdesanluis.com\/#\/schema\/person\/b55151d52296fcce64d1a72538a70b90\"},\"headline\":\"PRIMERAS REUNIONES CON POLIC\u00cdAS RETIRADOS QUE SER\u00c1N CHOFERES DE LOS NUEVOS PATRULLEROS\",\"datePublished\":\"2024-05-10T15:40:41+00:00\",\"dateModified\":\"2024-05-11T16:42:35+00:00\",\"mainEntityOfPage\":{\"@id\":\"https:\/\/apuntesdesanluis.com\/index.php\/2024\/05\/10\/primeras-reuniones-con-policias-retirados-que-seran-choferes-de-los-nuevos-patrulleros\/\"},\"wordCount\":387,\"publisher\":{\"@id\":\"https:\/\/apuntesdesanluis.com\/#\/schema\/person\/b55151d52296fcce64d1a72538a70b90\"},\"image\":{\"@id\":\"https:\/\/apuntesdesanluis.com\/index.php\/2024\/05\/10\/primeras-reuniones-con-policias-retirados-que-seran-choferes-de-los-nuevos-patrulleros\/#primaryimage\"},\"thumbnailUrl\":\"https:\/\/apuntesdesanluis.com\/wp-content\/uploads\/2024\/05\/POLIS.png\",\"articleSection\":[\"Ciudad\/Provincia\"],\"inLanguage\":\"es-AR\"},{\"@type\":\"WebPage\",\"@id\":\"https:\/\/apuntesdesanluis.com\/index.php\/2024\/05\/10\/primeras-reuniones-con-policias-retirados-que-seran-choferes-de-los-nuevos-patrulleros\/\",\"url\":\"https:\/\/apuntesdesanluis.com\/index.php\/2024\/05\/10\/primeras-reuniones-con-policias-retirados-que-seran-choferes-de-los-nuevos-patrulleros\/\",\"name\":\"PRIMERAS REUNIONES CON POLIC\u00cdAS RETIRADOS QUE SER\u00c1N CHOFERES DE LOS NUEVOS PATRULLEROS - Apuntes de San Luis\",\"isPartOf\":{\"@id\":\"https:\/\/apuntesdesanluis.com\/#website\"},\"primaryImageOfPage\":{\"@id\":\"https:\/\/apuntesdesanluis.com\/index.php\/2024\/05\/10\/primeras-reuniones-con-policias-retirados-que-seran-choferes-de-los-nuevos-patrulleros\/#primaryimage\"},\"image\":{\"@id\":\"https:\/\/apuntesdesanluis.com\/index.php\/2024\/05\/10\/primeras-reuniones-con-policias-retirados-que-seran-choferes-de-los-nuevos-patrulleros\/#primaryimage\"},\"thumbnailUrl\":\"https:\/\/apuntesdesanluis.com\/wp-content\/uploads\/2024\/05\/POLIS.png\",\"datePublished\":\"2024-05-10T15:40:41+00:00\",\"dateModified\":\"2024-05-11T16:42:35+00:00\",\"breadcrumb\":{\"@id\":\"https:\/\/apuntesdesanluis.com\/index.php\/2024\/05\/10\/primeras-reuniones-con-policias-retirados-que-seran-choferes-de-los-nuevos-patrulleros\/#breadcrumb\"},\"inLanguage\":\"es-AR\",\"potentialAction\":[{\"@type\":\"ReadAction\",\"target\":[\"https:\/\/apuntesdesanluis.com\/index.php\/2024\/05\/10\/primeras-reuniones-con-policias-retirados-que-seran-choferes-de-los-nuevos-patrulleros\/\"]}]},{\"@type\":\"ImageObject\",\"inLanguage\":\"es-AR\",\"@id\":\"https:\/\/apuntesdesanluis.com\/index.php\/2024\/05\/10\/primeras-reuniones-con-policias-retirados-que-seran-choferes-de-los-nuevos-patrulleros\/#primaryimage\",\"url\":\"https:\/\/apuntesdesanluis.com\/wp-content\/uploads\/2024\/05\/POLIS.png\",\"contentUrl\":\"https:\/\/apuntesdesanluis.com\/wp-content\/uploads\/2024\/05\/POLIS.png\",\"width\":600,\"height\":308},{\"@type\":\"BreadcrumbList\",\"@id\":\"https:\/\/apuntesdesanluis.com\/index.php\/2024\/05\/10\/primeras-reuniones-con-policias-retirados-que-seran-choferes-de-los-nuevos-patrulleros\/#breadcrumb\",\"itemListElement\":[{\"@type\":\"ListItem\",\"position\":1,\"name\":\"Inicio\",\"item\":\"https:\/\/apuntesdesanluis.com\/\"},{\"@type\":\"ListItem\",\"position\":2,\"name\":\"PRIMERAS REUNIONES CON POLIC\u00cdAS RETIRADOS QUE SER\u00c1N CHOFERES DE LOS NUEVOS PATRULLEROS\"}]},{\"@type\":\"WebSite\",\"@id\":\"https:\/\/apuntesdesanluis.com\/#website\",\"url\":\"https:\/\/apuntesdesanluis.com\/\",\"name\":\"Apuntes de San Luis\",\"description\":\"\",\"publisher\":{\"@id\":\"https:\/\/apuntesdesanluis.com\/#\/schema\/person\/b55151d52296fcce64d1a72538a70b90\"},\"potentialAction\":[{\"@type\":\"SearchAction\",\"target\":{\"@type\":\"EntryPoint\",\"urlTemplate\":\"https:\/\/apuntesdesanluis.com\/?s={search_term_string}\"},\"query-input\":{\"@type\":\"PropertyValueSpecification\",\"valueRequired\":true,\"valueName\":\"search_term_string\"}}],\"inLanguage\":\"es-AR\"},{\"@type\":[\"Person\",\"Organization\"],\"@id\":\"https:\/\/apuntesdesanluis.com\/#\/schema\/person\/b55151d52296fcce64d1a72538a70b90\",\"name\":\"apuntesdesanluis.com\",\"image\":{\"@type\":\"ImageObject\",\"inLanguage\":\"es-AR\",\"@id\":\"https:\/\/apuntesdesanluis.com\/#\/schema\/person\/image\/\",\"url\":\"https:\/\/apuntesdesanluis.com\/wp-content\/uploads\/2023\/07\/cropped-apuntesdesanluis.png\",\"contentUrl\":\"https:\/\/apuntesdesanluis.com\/wp-content\/uploads\/2023\/07\/cropped-apuntesdesanluis.png\",\"width\":450,\"height\":112,\"caption\":\"apuntesdesanluis.com\"},\"logo\":{\"@id\":\"https:\/\/apuntesdesanluis.com\/#\/schema\/person\/image\/\"},\"sameAs\":[\"https:\/\/apuntesdesanluis.com\"],\"url\":\"https:\/\/apuntesdesanluis.com\/index.php\/author\/apuntesdesanluis-com\/\"}]}<\/script>\n<!-- \/ Yoast SEO plugin. -->","yoast_head_json":{"title":"PRIMERAS REUNIONES CON POLIC\u00cdAS RETIRADOS QUE SER\u00c1N CHOFERES DE LOS NUEVOS PATRULLEROS - Apuntes de San Luis","robots":{"index":"index","follow":"follow","max-snippet":"max-snippet:-1","max-image-preview":"max-image-preview:large","max-video-preview":"max-video-preview:-1"},"canonical":"https:\/\/apuntesdesanluis.com\/index.php\/2024\/05\/10\/primeras-reuniones-con-policias-retirados-que-seran-choferes-de-los-nuevos-patrulleros\/","og_locale":"es_ES","og_type":"article","og_title":"PRIMERAS REUNIONES CON POLIC\u00cdAS RETIRADOS QUE SER\u00c1N CHOFERES DE LOS NUEVOS PATRULLEROS - Apuntes de San Luis","og_description":"Durante esta semana la ministro de Seguridad, Nancy Sosa, comenz\u00f3 un recorrido por San Luis,...","og_url":"https:\/\/apuntesdesanluis.com\/index.php\/2024\/05\/10\/primeras-reuniones-con-policias-retirados-que-seran-choferes-de-los-nuevos-patrulleros\/","og_site_name":"Apuntes de San Luis","article_published_time":"2024-05-10T15:40:41+00:00","article_modified_time":"2024-05-11T16:42:35+00:00","og_image":[{"width":600,"height":308,"url":"https:\/\/apuntesdesanluis.com\/wp-content\/uploads\/2024\/05\/POLIS.png","type":"image\/png"}],"author":"apuntesdesanluis.com","twitter_card":"summary_large_image","twitter_misc":{"Escrito por":"apuntesdesanluis.com","Tiempo de lectura":"2 minutos"},"schema":{"@context":"https:\/\/schema.org","@graph":[{"@type":"Article","@id":"https:\/\/apuntesdesanluis.com\/index.php\/2024\/05\/10\/primeras-reuniones-con-policias-retirados-que-seran-choferes-de-los-nuevos-patrulleros\/#article","isPartOf":{"@id":"https:\/\/apuntesdesanluis.com\/index.php\/2024\/05\/10\/primeras-reuniones-con-policias-retirados-que-seran-choferes-de-los-nuevos-patrulleros\/"},"author":{"name":"apuntesdesanluis.com","@id":"https:\/\/apuntesdesanluis.com\/#\/schema\/person\/b55151d52296fcce64d1a72538a70b90"},"headline":"PRIMERAS REUNIONES CON POLIC\u00cdAS RETIRADOS QUE SER\u00c1N CHOFERES DE LOS NUEVOS PATRULLEROS","datePublished":"2024-05-10T15:40:41+00:00","dateModified":"2024-05-11T16:42:35+00:00","mainEntityOfPage":{"@id":"https:\/\/apuntesdesanluis.com\/index.php\/2024\/05\/10\/primeras-reuniones-con-policias-retirados-que-seran-choferes-de-los-nuevos-patrulleros\/"},"wordCount":387,"publisher":{"@id":"https:\/\/apuntesdesanluis.com\/#\/schema\/person\/b55151d52296fcce64d1a72538a70b90"},"image":{"@id":"https:\/\/apuntesdesanluis.com\/index.php\/2024\/05\/10\/primeras-reuniones-con-policias-retirados-que-seran-choferes-de-los-nuevos-patrulleros\/#primaryimage"},"thumbnailUrl":"https:\/\/apuntesdesanluis.com\/wp-content\/uploads\/2024\/05\/POLIS.png","articleSection":["Ciudad\/Provincia"],"inLanguage":"es-AR"},{"@type":"WebPage","@id":"https:\/\/apuntesdesanluis.com\/index.php\/2024\/05\/10\/primeras-reuniones-con-policias-retirados-que-seran-choferes-de-los-nuevos-patrulleros\/","url":"https:\/\/apuntesdesanluis.com\/index.php\/2024\/05\/10\/primeras-reuniones-con-policias-retirados-que-seran-choferes-de-los-nuevos-patrulleros\/","name":"PRIMERAS REUNIONES CON POLIC\u00cdAS RETIRADOS QUE SER\u00c1N CHOFERES DE LOS NUEVOS PATRULLEROS - Apuntes de San Luis","isPartOf":{"@id":"https:\/\/apuntesdesanluis.com\/#website"},"primaryImageOfPage":{"@id":"https:\/\/apuntesdesanluis.com\/index.php\/2024\/05\/10\/primeras-reuniones-con-policias-retirados-que-seran-choferes-de-los-nuevos-patrulleros\/#primaryimage"},"image":{"@id":"https:\/\/apuntesdesanluis.com\/index.php\/2024\/05\/10\/primeras-reuniones-con-policias-retirados-que-seran-choferes-de-los-nuevos-patrulleros\/#primaryimage"},"thumbnailUrl":"https:\/\/apuntesdesanluis.com\/wp-content\/uploads\/2024\/05\/POLIS.png","datePublished":"2024-05-10T15:40:41+00:00","dateModified":"2024-05-11T16:42:35+00:00","breadcrumb":{"@id":"https:\/\/apuntesdesanluis.com\/index.php\/2024\/05\/10\/primeras-reuniones-con-policias-retirados-que-seran-choferes-de-los-nuevos-patrulleros\/#breadcrumb"},"inLanguage":"es-AR","potentialAction":[{"@type":"ReadAction","target":["https:\/\/apuntesdesanluis.com\/index.php\/2024\/05\/10\/primeras-reuniones-con-policias-retirados-que-seran-choferes-de-los-nuevos-patrulleros\/"]}]},{"@type":"ImageObject","inLanguage":"es-AR","@id":"https:\/\/apuntesdesanluis.com\/index.php\/2024\/05\/10\/primeras-reuniones-con-policias-retirados-que-seran-choferes-de-los-nuevos-patrulleros\/#primaryimage","url":"https:\/\/apuntesdesanluis.com\/wp-content\/uploads\/2024\/05\/POLIS.png","contentUrl":"https:\/\/apuntesdesanluis.com\/wp-content\/uploads\/2024\/05\/POLIS.png","width":600,"height":308},{"@type":"BreadcrumbList","@id":"https:\/\/apuntesdesanluis.com\/index.php\/2024\/05\/10\/primeras-reuniones-con-policias-retirados-que-seran-choferes-de-los-nuevos-patrulleros\/#breadcrumb","itemListElement":[{"@type":"ListItem","position":1,"name":"Inicio","item":"https:\/\/apuntesdesanluis.com\/"},{"@type":"ListItem","position":2,"name":"PRIMERAS REUNIONES CON POLIC\u00cdAS RETIRADOS QUE SER\u00c1N CHOFERES DE LOS NUEVOS PATRULLEROS"}]},{"@type":"WebSite","@id":"https:\/\/apuntesdesanluis.com\/#website","url":"https:\/\/apuntesdesanluis.com\/","name":"Apuntes de San Luis","description":"","publisher":{"@id":"https:\/\/apuntesdesanluis.com\/#\/schema\/person\/b55151d52296fcce64d1a72538a70b90"},"potentialAction":[{"@type":"SearchAction","target":{"@type":"EntryPoint","urlTemplate":"https:\/\/apuntesdesanluis.com\/?s={search_term_string}"},"query-input":{"@type":"PropertyValueSpecification","valueRequired":true,"valueName":"search_term_string"}}],"inLanguage":"es-AR"},{"@type":["Person","Organization"],"@id":"https:\/\/apuntesdesanluis.com\/#\/schema\/person\/b55151d52296fcce64d1a72538a70b90","name":"apuntesdesanluis.com","image":{"@type":"ImageObject","inLanguage":"es-AR","@id":"https:\/\/apuntesdesanluis.com\/#\/schema\/person\/image\/","url":"https:\/\/apuntesdesanluis.com\/wp-content\/uploads\/2023\/07\/cropped-apuntesdesanluis.png","contentUrl":"https:\/\/apuntesdesanluis.com\/wp-content\/uploads\/2023\/07\/cropped-apuntesdesanluis.png","width":450,"height":112,"caption":"apuntesdesanluis.com"},"logo":{"@id":"https:\/\/apuntesdesanluis.com\/#\/schema\/person\/image\/"},"sameAs":["https:\/\/apuntesdesanluis.com"],"url":"https:\/\/apuntesdesanluis.com\/index.php\/author\/apuntesdesanluis-com\/"}]}},"featured_image_urls":{"full":["https:\/\/apuntesdesanluis.com\/wp-content\/uploads\/2024\/05\/POLIS.png",600,308,false],"thumbnail":["https:\/\/apuntesdesanluis.com\/wp-content\/uploads\/2024\/05\/POLIS-150x150.png",150,150,true],"medium":["https:\/\/apuntesdesanluis.com\/wp-content\/uploads\/2024\/05\/POLIS-300x154.png",300,154,true],"medium_large":["https:\/\/apuntesdesanluis.com\/wp-content\/uploads\/2024\/05\/POLIS.png",600,308,false],"large":["https:\/\/apuntesdesanluis.com\/wp-content\/uploads\/2024\/05\/POLIS.png",600,308,false],"1536x1536":["https:\/\/apuntesdesanluis.com\/wp-content\/uploads\/2024\/05\/POLIS.png",600,308,false],"2048x2048":["https:\/\/apuntesdesanluis.com\/wp-content\/uploads\/2024\/05\/POLIS.png",600,308,false],"newsever-slider-full":["https:\/\/apuntesdesanluis.com\/wp-content\/uploads\/2024\/05\/POLIS.png",600,308,false],"newsever-featured":["https:\/\/apuntesdesanluis.com\/wp-content\/uploads\/2024\/05\/POLIS.png",600,308,false],"newsever-medium":["https:\/\/apuntesdesanluis.com\/wp-content\/uploads\/2024\/05\/POLIS.png",600,308,false]},"author_info":{"display_name":"apuntesdesanluis.com","author_link":"https:\/\/apuntesdesanluis.com\/index.php\/author\/apuntesdesanluis-com\/"},"category_info":"<a href=\"https:\/\/apuntesdesanluis.com\/index.php\/category\/ciudad-provincia\/\" rel=\"category tag\">Ciudad\/Provincia<\/a>","tag_info":"Ciudad\/Provincia","comment_count":"0","_links":{"self":[{"href":"https:\/\/apuntesdesanluis.com\/index.php\/wp-json\/wp\/v2\/posts\/15981","targetHints":{"allow":["GET"]}}],"collection":[{"href":"https:\/\/apuntesdesanluis.com\/index.php\/wp-json\/wp\/v2\/posts"}],"about":[{"href":"https:\/\/apuntesdesanluis.com\/index.php\/wp-json\/wp\/v2\/types\/post"}],"author":[{"embeddable":true,"href":"https:\/\/apuntesdesanluis.com\/index.php\/wp-json\/wp\/v2\/users\/1"}],"replies":[{"embeddable":true,"href":"https:\/\/apuntesdesanluis.com\/index.php\/wp-json\/wp\/v2\/comments?post=15981"}],"version-history":[{"count":1,"href":"https:\/\/apuntesdesanluis.com\/index.php\/wp-json\/wp\/v2\/posts\/15981\/revisions"}],"predecessor-version":[{"id":15983,"href":"https:\/\/apuntesdesanluis.com\/index.php\/wp-json\/wp\/v2\/posts\/15981\/revisions\/15983"}],"wp:featuredmedia":[{"embeddable":true,"href":"https:\/\/apuntesdesanluis.com\/index.php\/wp-json\/wp\/v2\/media\/15982"}],"wp:attachment":[{"href":"https:\/\/apuntesdesanluis.com\/index.php\/wp-json\/wp\/v2\/media?parent=15981"}],"wp:term":[{"taxonomy":"category","embeddable":true,"href":"https:\/\/apuntesdesanluis.com\/index.php\/wp-json\/wp\/v2\/categories?post=15981"},{"taxonomy":"post_tag","embeddable":true,"href":"https:\/\/apuntesdesanluis.com\/index.php\/wp-json\/wp\/v2\/tags?post=15981"}],"curies":[{"name":"wp","href":"https:\/\/api.w.org\/{rel}","templated":true}]}}