{"id":15984,"date":"2024-05-10T13:44:54","date_gmt":"2024-05-10T16:44:54","guid":{"rendered":"https:\/\/apuntesdesanluis.com\/?p=15984"},"modified":"2024-05-11T13:48:43","modified_gmt":"2024-05-11T16:48:43","slug":"el-ejecutivo-envio-el-proyecto-de-ley-de-modificacion-de-la-carrera-sanitaria-a-la-legislatura","status":"publish","type":"post","link":"https:\/\/apuntesdesanluis.com\/index.php\/2024\/05\/10\/el-ejecutivo-envio-el-proyecto-de-ley-de-modificacion-de-la-carrera-sanitaria-a-la-legislatura\/","title":{"rendered":"EL EJECUTIVO ENVI\u00d3 EL PROYECTO DE LEY DE MODIFICACI\u00d3N DE LA CARRERA SANITARIA A LA LEGISLATURA"},"content":{"rendered":"<h3>Este viernes se present\u00f3 en el Senado provincial el proyecto de <strong>Ley de Modificaci\u00f3n de la Carrera Sanitaria<\/strong>, una de las ocho normas que anunci\u00f3 el gobernador <strong>Claudio Poggi<\/strong> el 23 de abril que enviar\u00eda al Poder Legislativo para su tratamiento. Con este cambio, los profesionales de la salud que as\u00ed lo deseen podr\u00e1n desbloquear su t\u00edtulo, algo que hoy no permite el art\u00edculo 16, que establece la incompatibilidad entre el ejercicio de tareas en el sector p\u00fablico con el desempe\u00f1o de las mismas en el sector privado.<\/h3>\n<h3>Hay tres cuestiones muy importantes a tener en cuenta dentro del proyecto. Una es que es opcional el desbloqueo, o sea que el profesional que quiere adherir puede hacerlo, y aquel que quiere mantener su t\u00edtulo en esa condici\u00f3n, tambi\u00e9n tiene derecho a hacerlo. Adem\u00e1s, el Gobierno est\u00e1 modificando una ley que data del a\u00f1o 1990, cuando se estableci\u00f3 la carrera sanitaria. Fue muy \u00fatil en ese momento, pero lleg\u00f3 el momento de modernizar una legislaci\u00f3n que s\u00f3lo mantienen dos provincias, San Luis y La Pampa.<\/h3>\n<h3>Y finalmente tambi\u00e9n es vital poner en conocimiento de la sociedad que al desbloquearse el t\u00edtulo, se reducir\u00eda la cantidad de horas de trabajo del profesional de la salud en el \u00e1mbito p\u00fablico, que ya no podr\u00e1 superar las 36 horas semanales.<\/h3>\n<h3>Eso permitir\u00e1 en el futuro que los recursos humanos del sector privado se vean tentados de ejercer en el sector p\u00fablico y que aquellos que est\u00e1n en lo p\u00fablico, puedan hacerlo en lo privado. La consecuencia l\u00f3gica ser\u00e1 que ambos sistemas se fortalecer\u00e1n al un\u00edsono.<\/h3>\n<h3>En los considerandos del proyecto, el Ejecutivo asegura que \u201cel servicio de salud p\u00fablica debe equipararse a los est\u00e1ndares internacionales y ser inclusivo, equitativo y eficaz, logrando el balance entre la optimizaci\u00f3n de los recursos p\u00fablicos, el bienestar de la poblaci\u00f3n y el crecimiento profesional de los recursos humanos\u201d.<\/h3>\n<h3>Si ambas c\u00e1maras del Poder Legislativo dan su aprobaci\u00f3n, \u201cel derecho a la salud, de raigambre constitucional como un todo integrativo tanto de la salud privada como de la salud p\u00fablica, se retroalimentar\u00e1 con el ejercicio profesional en estos dos \u00e1mbitos para beneficio de la poblaci\u00f3n sanluise\u00f1a y la consecuente mejora de pr\u00e1cticas m\u00e9dicas, unificaci\u00f3n de criterios m\u00e9dicos y sana competitividad con objetivo de excelencia\u201d, dice el texto enviado al Senado.<\/h3>\n<h3><strong>OPTIMISMO DE SPAGNUOLO<\/strong><\/h3>\n<h3>La ministra de Salud, Claudia Spagnuolo, se mostr\u00f3 expectante por el resultado que vaya a obtener el proyecto de ley de reforma de la Carrera Sanitaria que ya ingres\u00f3 a la Legislatura por la C\u00e1mara de Senadores, ya que la consider\u00f3 muy importante para mejorar el sistema de salud de la provincia.<\/h3>\n<p><img fetchpriority=\"high\" decoding=\"async\" class=\"wp-image-15986 aligncenter\" src=\"https:\/\/apuntesdesanluis.com\/wp-content\/uploads\/2024\/05\/claudia-spagnuolo-300x150.png\" alt=\"\" width=\"610\" height=\"305\" srcset=\"https:\/\/apuntesdesanluis.com\/wp-content\/uploads\/2024\/05\/claudia-spagnuolo-300x150.png 300w, https:\/\/apuntesdesanluis.com\/wp-content\/uploads\/2024\/05\/claudia-spagnuolo.png 497w\" sizes=\"(max-width: 610px) 100vw, 610px\" \/><\/p>\n<h3>\u201cEl Gobierno present\u00f3 el proyecto fundamentalmente porque existe la necesidad de una actualizaci\u00f3n, ya que la ley vigente fue creada en 1990. Tambi\u00e9n porque lo ven\u00edan pidiendo muchos profesionales desde hace tiempo, porque representa una reducci\u00f3n horaria y el desbloqueo del t\u00edtulo\u201d, asegur\u00f3.<\/h3>\n<h3>La funcionaria habl\u00f3 de tres ejes fundamentales: \u201cEl primero es que se trata de un proyecto con car\u00e1cter opcional, es decir que el que desea puede optar por el desbloqueo del t\u00edtulo y el que no, puede continuar trabajando como lo viene haciendo hasta el momento. Otro punto implica que se les quita la exigencia de dedicaci\u00f3n exclusiva a los profesionales de la salud que pertenecen al sistema de carrera sanitaria y, asociado a esto, el tercer punto que es la reducci\u00f3n horaria: se pasar\u00eda de 48 horas semanales a 36, para que puedan tener el tiempo para ejercer en el sistema de salud privada s\u00ed as\u00ed lo desearan\u201d.<\/h3>\n<h3>Seg\u00fan Spagnuolo, con esta ley \u201cestar\u00edamos actualiz\u00e1ndonos y aggiornandonos al resto del pa\u00eds. Actualmente quedan dos provincias donde se les exige a los trabajadores de la salud la dedicaci\u00f3n exclusiva, que es el bloqueo del t\u00edtulo. San Luis dejar\u00e1 de ser una de ellas\u201d.<\/h3>\n<p>&nbsp;<\/p>\n<p>&nbsp;<\/p>\n<p>&nbsp;<\/p>\n<p>&nbsp;<\/p>\n<p>&nbsp;<\/p>\n<p>&nbsp;<\/p>\n<p>&nbsp;<\/p>\n<p>&nbsp;<\/p>\n","protected":false},"excerpt":{"rendered":"<p>Este viernes se present\u00f3 en el Senado provincial el proyecto de Ley de Modificaci\u00f3n de&#8230;<\/p>\n","protected":false},"author":1,"featured_media":15985,"comment_status":"closed","ping_status":"closed","sticky":false,"template":"","format":"standard","meta":{"footnotes":""},"categories":[6],"tags":[],"class_list":["post-15984","post","type-post","status-publish","format-standard","has-post-thumbnail","hentry","category-ciudad-provincia"],"yoast_head":"<!-- This site is optimized with the Yoast SEO plugin v26.1.1 - https:\/\/yoast.com\/wordpress\/plugins\/seo\/ -->\n<title>EL EJECUTIVO ENVI\u00d3 EL PROYECTO DE LEY DE MODIFICACI\u00d3N DE LA CARRERA SANITARIA A LA LEGISLATURA - Apuntes de San Luis<\/title>\n<meta name=\"robots\" content=\"index, follow, max-snippet:-1, max-image-preview:large, max-video-preview:-1\" \/>\n<link rel=\"canonical\" href=\"https:\/\/apuntesdesanluis.com\/index.php\/2024\/05\/10\/el-ejecutivo-envio-el-proyecto-de-ley-de-modificacion-de-la-carrera-sanitaria-a-la-legislatura\/\" \/>\n<meta property=\"og:locale\" content=\"es_ES\" \/>\n<meta property=\"og:type\" content=\"article\" \/>\n<meta property=\"og:title\" content=\"EL EJECUTIVO ENVI\u00d3 EL PROYECTO DE LEY DE MODIFICACI\u00d3N DE LA CARRERA SANITARIA A LA LEGISLATURA - Apuntes de San Luis\" \/>\n<meta property=\"og:description\" content=\"Este viernes se present\u00f3 en el Senado provincial el proyecto de Ley de Modificaci\u00f3n de...\" \/>\n<meta property=\"og:url\" content=\"https:\/\/apuntesdesanluis.com\/index.php\/2024\/05\/10\/el-ejecutivo-envio-el-proyecto-de-ley-de-modificacion-de-la-carrera-sanitaria-a-la-legislatura\/\" \/>\n<meta property=\"og:site_name\" content=\"Apuntes de San Luis\" \/>\n<meta property=\"article:published_time\" content=\"2024-05-10T16:44:54+00:00\" \/>\n<meta property=\"article:modified_time\" content=\"2024-05-11T16:48:43+00:00\" \/>\n<meta property=\"og:image\" content=\"https:\/\/apuntesdesanluis.com\/wp-content\/uploads\/2024\/05\/SPAGNUOLO.png\" \/>\n\t<meta property=\"og:image:width\" content=\"912\" \/>\n\t<meta property=\"og:image:height\" content=\"480\" \/>\n\t<meta property=\"og:image:type\" content=\"image\/png\" \/>\n<meta name=\"author\" content=\"apuntesdesanluis.com\" \/>\n<meta name=\"twitter:card\" content=\"summary_large_image\" \/>\n<meta name=\"twitter:label1\" content=\"Escrito por\" \/>\n\t<meta name=\"twitter:data1\" content=\"apuntesdesanluis.com\" \/>\n\t<meta name=\"twitter:label2\" content=\"Tiempo de lectura\" \/>\n\t<meta name=\"twitter:data2\" content=\"4 minutos\" \/>\n<script type=\"application\/ld+json\" class=\"yoast-schema-graph\">{\"@context\":\"https:\/\/schema.org\",\"@graph\":[{\"@type\":\"Article\",\"@id\":\"https:\/\/apuntesdesanluis.com\/index.php\/2024\/05\/10\/el-ejecutivo-envio-el-proyecto-de-ley-de-modificacion-de-la-carrera-sanitaria-a-la-legislatura\/#article\",\"isPartOf\":{\"@id\":\"https:\/\/apuntesdesanluis.com\/index.php\/2024\/05\/10\/el-ejecutivo-envio-el-proyecto-de-ley-de-modificacion-de-la-carrera-sanitaria-a-la-legislatura\/\"},\"author\":{\"name\":\"apuntesdesanluis.com\",\"@id\":\"https:\/\/apuntesdesanluis.com\/#\/schema\/person\/b55151d52296fcce64d1a72538a70b90\"},\"headline\":\"EL EJECUTIVO ENVI\u00d3 EL PROYECTO DE LEY DE MODIFICACI\u00d3N DE LA CARRERA SANITARIA A LA LEGISLATURA\",\"datePublished\":\"2024-05-10T16:44:54+00:00\",\"dateModified\":\"2024-05-11T16:48:43+00:00\",\"mainEntityOfPage\":{\"@id\":\"https:\/\/apuntesdesanluis.com\/index.php\/2024\/05\/10\/el-ejecutivo-envio-el-proyecto-de-ley-de-modificacion-de-la-carrera-sanitaria-a-la-legislatura\/\"},\"wordCount\":705,\"publisher\":{\"@id\":\"https:\/\/apuntesdesanluis.com\/#\/schema\/person\/b55151d52296fcce64d1a72538a70b90\"},\"image\":{\"@id\":\"https:\/\/apuntesdesanluis.com\/index.php\/2024\/05\/10\/el-ejecutivo-envio-el-proyecto-de-ley-de-modificacion-de-la-carrera-sanitaria-a-la-legislatura\/#primaryimage\"},\"thumbnailUrl\":\"https:\/\/apuntesdesanluis.com\/wp-content\/uploads\/2024\/05\/SPAGNUOLO.png\",\"articleSection\":[\"Ciudad\/Provincia\"],\"inLanguage\":\"es-AR\"},{\"@type\":\"WebPage\",\"@id\":\"https:\/\/apuntesdesanluis.com\/index.php\/2024\/05\/10\/el-ejecutivo-envio-el-proyecto-de-ley-de-modificacion-de-la-carrera-sanitaria-a-la-legislatura\/\",\"url\":\"https:\/\/apuntesdesanluis.com\/index.php\/2024\/05\/10\/el-ejecutivo-envio-el-proyecto-de-ley-de-modificacion-de-la-carrera-sanitaria-a-la-legislatura\/\",\"name\":\"EL EJECUTIVO ENVI\u00d3 EL PROYECTO DE LEY DE MODIFICACI\u00d3N DE LA CARRERA SANITARIA A LA LEGISLATURA - Apuntes de San Luis\",\"isPartOf\":{\"@id\":\"https:\/\/apuntesdesanluis.com\/#website\"},\"primaryImageOfPage\":{\"@id\":\"https:\/\/apuntesdesanluis.com\/index.php\/2024\/05\/10\/el-ejecutivo-envio-el-proyecto-de-ley-de-modificacion-de-la-carrera-sanitaria-a-la-legislatura\/#primaryimage\"},\"image\":{\"@id\":\"https:\/\/apuntesdesanluis.com\/index.php\/2024\/05\/10\/el-ejecutivo-envio-el-proyecto-de-ley-de-modificacion-de-la-carrera-sanitaria-a-la-legislatura\/#primaryimage\"},\"thumbnailUrl\":\"https:\/\/apuntesdesanluis.com\/wp-content\/uploads\/2024\/05\/SPAGNUOLO.png\",\"datePublished\":\"2024-05-10T16:44:54+00:00\",\"dateModified\":\"2024-05-11T16:48:43+00:00\",\"breadcrumb\":{\"@id\":\"https:\/\/apuntesdesanluis.com\/index.php\/2024\/05\/10\/el-ejecutivo-envio-el-proyecto-de-ley-de-modificacion-de-la-carrera-sanitaria-a-la-legislatura\/#breadcrumb\"},\"inLanguage\":\"es-AR\",\"potentialAction\":[{\"@type\":\"ReadAction\",\"target\":[\"https:\/\/apuntesdesanluis.com\/index.php\/2024\/05\/10\/el-ejecutivo-envio-el-proyecto-de-ley-de-modificacion-de-la-carrera-sanitaria-a-la-legislatura\/\"]}]},{\"@type\":\"ImageObject\",\"inLanguage\":\"es-AR\",\"@id\":\"https:\/\/apuntesdesanluis.com\/index.php\/2024\/05\/10\/el-ejecutivo-envio-el-proyecto-de-ley-de-modificacion-de-la-carrera-sanitaria-a-la-legislatura\/#primaryimage\",\"url\":\"https:\/\/apuntesdesanluis.com\/wp-content\/uploads\/2024\/05\/SPAGNUOLO.png\",\"contentUrl\":\"https:\/\/apuntesdesanluis.com\/wp-content\/uploads\/2024\/05\/SPAGNUOLO.png\",\"width\":912,\"height\":480},{\"@type\":\"BreadcrumbList\",\"@id\":\"https:\/\/apuntesdesanluis.com\/index.php\/2024\/05\/10\/el-ejecutivo-envio-el-proyecto-de-ley-de-modificacion-de-la-carrera-sanitaria-a-la-legislatura\/#breadcrumb\",\"itemListElement\":[{\"@type\":\"ListItem\",\"position\":1,\"name\":\"Inicio\",\"item\":\"https:\/\/apuntesdesanluis.com\/\"},{\"@type\":\"ListItem\",\"position\":2,\"name\":\"EL EJECUTIVO ENVI\u00d3 EL PROYECTO DE LEY DE MODIFICACI\u00d3N DE LA CARRERA SANITARIA A LA LEGISLATURA\"}]},{\"@type\":\"WebSite\",\"@id\":\"https:\/\/apuntesdesanluis.com\/#website\",\"url\":\"https:\/\/apuntesdesanluis.com\/\",\"name\":\"Apuntes de San Luis\",\"description\":\"\",\"publisher\":{\"@id\":\"https:\/\/apuntesdesanluis.com\/#\/schema\/person\/b55151d52296fcce64d1a72538a70b90\"},\"potentialAction\":[{\"@type\":\"SearchAction\",\"target\":{\"@type\":\"EntryPoint\",\"urlTemplate\":\"https:\/\/apuntesdesanluis.com\/?s={search_term_string}\"},\"query-input\":{\"@type\":\"PropertyValueSpecification\",\"valueRequired\":true,\"valueName\":\"search_term_string\"}}],\"inLanguage\":\"es-AR\"},{\"@type\":[\"Person\",\"Organization\"],\"@id\":\"https:\/\/apuntesdesanluis.com\/#\/schema\/person\/b55151d52296fcce64d1a72538a70b90\",\"name\":\"apuntesdesanluis.com\",\"image\":{\"@type\":\"ImageObject\",\"inLanguage\":\"es-AR\",\"@id\":\"https:\/\/apuntesdesanluis.com\/#\/schema\/person\/image\/\",\"url\":\"https:\/\/apuntesdesanluis.com\/wp-content\/uploads\/2023\/07\/cropped-apuntesdesanluis.png\",\"contentUrl\":\"https:\/\/apuntesdesanluis.com\/wp-content\/uploads\/2023\/07\/cropped-apuntesdesanluis.png\",\"width\":450,\"height\":112,\"caption\":\"apuntesdesanluis.com\"},\"logo\":{\"@id\":\"https:\/\/apuntesdesanluis.com\/#\/schema\/person\/image\/\"},\"sameAs\":[\"https:\/\/apuntesdesanluis.com\"],\"url\":\"https:\/\/apuntesdesanluis.com\/index.php\/author\/apuntesdesanluis-com\/\"}]}<\/script>\n<!-- \/ Yoast SEO plugin. -->","yoast_head_json":{"title":"EL EJECUTIVO ENVI\u00d3 EL PROYECTO DE LEY DE MODIFICACI\u00d3N DE LA CARRERA SANITARIA A LA LEGISLATURA - Apuntes de San Luis","robots":{"index":"index","follow":"follow","max-snippet":"max-snippet:-1","max-image-preview":"max-image-preview:large","max-video-preview":"max-video-preview:-1"},"canonical":"https:\/\/apuntesdesanluis.com\/index.php\/2024\/05\/10\/el-ejecutivo-envio-el-proyecto-de-ley-de-modificacion-de-la-carrera-sanitaria-a-la-legislatura\/","og_locale":"es_ES","og_type":"article","og_title":"EL EJECUTIVO ENVI\u00d3 EL PROYECTO DE LEY DE MODIFICACI\u00d3N DE LA CARRERA SANITARIA A LA LEGISLATURA - Apuntes de San Luis","og_description":"Este viernes se present\u00f3 en el Senado provincial el proyecto de Ley de Modificaci\u00f3n de...","og_url":"https:\/\/apuntesdesanluis.com\/index.php\/2024\/05\/10\/el-ejecutivo-envio-el-proyecto-de-ley-de-modificacion-de-la-carrera-sanitaria-a-la-legislatura\/","og_site_name":"Apuntes de San Luis","article_published_time":"2024-05-10T16:44:54+00:00","article_modified_time":"2024-05-11T16:48:43+00:00","og_image":[{"width":912,"height":480,"url":"https:\/\/apuntesdesanluis.com\/wp-content\/uploads\/2024\/05\/SPAGNUOLO.png","type":"image\/png"}],"author":"apuntesdesanluis.com","twitter_card":"summary_large_image","twitter_misc":{"Escrito por":"apuntesdesanluis.com","Tiempo de lectura":"4 minutos"},"schema":{"@context":"https:\/\/schema.org","@graph":[{"@type":"Article","@id":"https:\/\/apuntesdesanluis.com\/index.php\/2024\/05\/10\/el-ejecutivo-envio-el-proyecto-de-ley-de-modificacion-de-la-carrera-sanitaria-a-la-legislatura\/#article","isPartOf":{"@id":"https:\/\/apuntesdesanluis.com\/index.php\/2024\/05\/10\/el-ejecutivo-envio-el-proyecto-de-ley-de-modificacion-de-la-carrera-sanitaria-a-la-legislatura\/"},"author":{"name":"apuntesdesanluis.com","@id":"https:\/\/apuntesdesanluis.com\/#\/schema\/person\/b55151d52296fcce64d1a72538a70b90"},"headline":"EL EJECUTIVO ENVI\u00d3 EL PROYECTO DE LEY DE MODIFICACI\u00d3N DE LA CARRERA SANITARIA A LA LEGISLATURA","datePublished":"2024-05-10T16:44:54+00:00","dateModified":"2024-05-11T16:48:43+00:00","mainEntityOfPage":{"@id":"https:\/\/apuntesdesanluis.com\/index.php\/2024\/05\/10\/el-ejecutivo-envio-el-proyecto-de-ley-de-modificacion-de-la-carrera-sanitaria-a-la-legislatura\/"},"wordCount":705,"publisher":{"@id":"https:\/\/apuntesdesanluis.com\/#\/schema\/person\/b55151d52296fcce64d1a72538a70b90"},"image":{"@id":"https:\/\/apuntesdesanluis.com\/index.php\/2024\/05\/10\/el-ejecutivo-envio-el-proyecto-de-ley-de-modificacion-de-la-carrera-sanitaria-a-la-legislatura\/#primaryimage"},"thumbnailUrl":"https:\/\/apuntesdesanluis.com\/wp-content\/uploads\/2024\/05\/SPAGNUOLO.png","articleSection":["Ciudad\/Provincia"],"inLanguage":"es-AR"},{"@type":"WebPage","@id":"https:\/\/apuntesdesanluis.com\/index.php\/2024\/05\/10\/el-ejecutivo-envio-el-proyecto-de-ley-de-modificacion-de-la-carrera-sanitaria-a-la-legislatura\/","url":"https:\/\/apuntesdesanluis.com\/index.php\/2024\/05\/10\/el-ejecutivo-envio-el-proyecto-de-ley-de-modificacion-de-la-carrera-sanitaria-a-la-legislatura\/","name":"EL EJECUTIVO ENVI\u00d3 EL PROYECTO DE LEY DE MODIFICACI\u00d3N DE LA CARRERA SANITARIA A LA LEGISLATURA - Apuntes de San Luis","isPartOf":{"@id":"https:\/\/apuntesdesanluis.com\/#website"},"primaryImageOfPage":{"@id":"https:\/\/apuntesdesanluis.com\/index.php\/2024\/05\/10\/el-ejecutivo-envio-el-proyecto-de-ley-de-modificacion-de-la-carrera-sanitaria-a-la-legislatura\/#primaryimage"},"image":{"@id":"https:\/\/apuntesdesanluis.com\/index.php\/2024\/05\/10\/el-ejecutivo-envio-el-proyecto-de-ley-de-modificacion-de-la-carrera-sanitaria-a-la-legislatura\/#primaryimage"},"thumbnailUrl":"https:\/\/apuntesdesanluis.com\/wp-content\/uploads\/2024\/05\/SPAGNUOLO.png","datePublished":"2024-05-10T16:44:54+00:00","dateModified":"2024-05-11T16:48:43+00:00","breadcrumb":{"@id":"https:\/\/apuntesdesanluis.com\/index.php\/2024\/05\/10\/el-ejecutivo-envio-el-proyecto-de-ley-de-modificacion-de-la-carrera-sanitaria-a-la-legislatura\/#breadcrumb"},"inLanguage":"es-AR","potentialAction":[{"@type":"ReadAction","target":["https:\/\/apuntesdesanluis.com\/index.php\/2024\/05\/10\/el-ejecutivo-envio-el-proyecto-de-ley-de-modificacion-de-la-carrera-sanitaria-a-la-legislatura\/"]}]},{"@type":"ImageObject","inLanguage":"es-AR","@id":"https:\/\/apuntesdesanluis.com\/index.php\/2024\/05\/10\/el-ejecutivo-envio-el-proyecto-de-ley-de-modificacion-de-la-carrera-sanitaria-a-la-legislatura\/#primaryimage","url":"https:\/\/apuntesdesanluis.com\/wp-content\/uploads\/2024\/05\/SPAGNUOLO.png","contentUrl":"https:\/\/apuntesdesanluis.com\/wp-content\/uploads\/2024\/05\/SPAGNUOLO.png","width":912,"height":480},{"@type":"BreadcrumbList","@id":"https:\/\/apuntesdesanluis.com\/index.php\/2024\/05\/10\/el-ejecutivo-envio-el-proyecto-de-ley-de-modificacion-de-la-carrera-sanitaria-a-la-legislatura\/#breadcrumb","itemListElement":[{"@type":"ListItem","position":1,"name":"Inicio","item":"https:\/\/apuntesdesanluis.com\/"},{"@type":"ListItem","position":2,"name":"EL EJECUTIVO ENVI\u00d3 EL PROYECTO DE LEY DE MODIFICACI\u00d3N DE LA CARRERA SANITARIA A LA LEGISLATURA"}]},{"@type":"WebSite","@id":"https:\/\/apuntesdesanluis.com\/#website","url":"https:\/\/apuntesdesanluis.com\/","name":"Apuntes de San Luis","description":"","publisher":{"@id":"https:\/\/apuntesdesanluis.com\/#\/schema\/person\/b55151d52296fcce64d1a72538a70b90"},"potentialAction":[{"@type":"SearchAction","target":{"@type":"EntryPoint","urlTemplate":"https:\/\/apuntesdesanluis.com\/?s={search_term_string}"},"query-input":{"@type":"PropertyValueSpecification","valueRequired":true,"valueName":"search_term_string"}}],"inLanguage":"es-AR"},{"@type":["Person","Organization"],"@id":"https:\/\/apuntesdesanluis.com\/#\/schema\/person\/b55151d52296fcce64d1a72538a70b90","name":"apuntesdesanluis.com","image":{"@type":"ImageObject","inLanguage":"es-AR","@id":"https:\/\/apuntesdesanluis.com\/#\/schema\/person\/image\/","url":"https:\/\/apuntesdesanluis.com\/wp-content\/uploads\/2023\/07\/cropped-apuntesdesanluis.png","contentUrl":"https:\/\/apuntesdesanluis.com\/wp-content\/uploads\/2023\/07\/cropped-apuntesdesanluis.png","width":450,"height":112,"caption":"apuntesdesanluis.com"},"logo":{"@id":"https:\/\/apuntesdesanluis.com\/#\/schema\/person\/image\/"},"sameAs":["https:\/\/apuntesdesanluis.com"],"url":"https:\/\/apuntesdesanluis.com\/index.php\/author\/apuntesdesanluis-com\/"}]}},"featured_image_urls":{"full":["https:\/\/apuntesdesanluis.com\/wp-content\/uploads\/2024\/05\/SPAGNUOLO.png",912,480,false],"thumbnail":["https:\/\/apuntesdesanluis.com\/wp-content\/uploads\/2024\/05\/SPAGNUOLO-150x150.png",150,150,true],"medium":["https:\/\/apuntesdesanluis.com\/wp-content\/uploads\/2024\/05\/SPAGNUOLO-300x158.png",300,158,true],"medium_large":["https:\/\/apuntesdesanluis.com\/wp-content\/uploads\/2024\/05\/SPAGNUOLO-768x404.png",640,337,true],"large":["https:\/\/apuntesdesanluis.com\/wp-content\/uploads\/2024\/05\/SPAGNUOLO.png",640,337,false],"1536x1536":["https:\/\/apuntesdesanluis.com\/wp-content\/uploads\/2024\/05\/SPAGNUOLO.png",912,480,false],"2048x2048":["https:\/\/apuntesdesanluis.com\/wp-content\/uploads\/2024\/05\/SPAGNUOLO.png",912,480,false],"newsever-slider-full":["https:\/\/apuntesdesanluis.com\/wp-content\/uploads\/2024\/05\/SPAGNUOLO.png",912,480,false],"newsever-featured":["https:\/\/apuntesdesanluis.com\/wp-content\/uploads\/2024\/05\/SPAGNUOLO.png",912,480,false],"newsever-medium":["https:\/\/apuntesdesanluis.com\/wp-content\/uploads\/2024\/05\/SPAGNUOLO-720x475.png",720,475,true]},"author_info":{"display_name":"apuntesdesanluis.com","author_link":"https:\/\/apuntesdesanluis.com\/index.php\/author\/apuntesdesanluis-com\/"},"category_info":"<a href=\"https:\/\/apuntesdesanluis.com\/index.php\/category\/ciudad-provincia\/\" rel=\"category tag\">Ciudad\/Provincia<\/a>","tag_info":"Ciudad\/Provincia","comment_count":"0","_links":{"self":[{"href":"https:\/\/apuntesdesanluis.com\/index.php\/wp-json\/wp\/v2\/posts\/15984","targetHints":{"allow":["GET"]}}],"collection":[{"href":"https:\/\/apuntesdesanluis.com\/index.php\/wp-json\/wp\/v2\/posts"}],"about":[{"href":"https:\/\/apuntesdesanluis.com\/index.php\/wp-json\/wp\/v2\/types\/post"}],"author":[{"embeddable":true,"href":"https:\/\/apuntesdesanluis.com\/index.php\/wp-json\/wp\/v2\/users\/1"}],"replies":[{"embeddable":true,"href":"https:\/\/apuntesdesanluis.com\/index.php\/wp-json\/wp\/v2\/comments?post=15984"}],"version-history":[{"count":1,"href":"https:\/\/apuntesdesanluis.com\/index.php\/wp-json\/wp\/v2\/posts\/15984\/revisions"}],"predecessor-version":[{"id":15987,"href":"https:\/\/apuntesdesanluis.com\/index.php\/wp-json\/wp\/v2\/posts\/15984\/revisions\/15987"}],"wp:featuredmedia":[{"embeddable":true,"href":"https:\/\/apuntesdesanluis.com\/index.php\/wp-json\/wp\/v2\/media\/15985"}],"wp:attachment":[{"href":"https:\/\/apuntesdesanluis.com\/index.php\/wp-json\/wp\/v2\/media?parent=15984"}],"wp:term":[{"taxonomy":"category","embeddable":true,"href":"https:\/\/apuntesdesanluis.com\/index.php\/wp-json\/wp\/v2\/categories?post=15984"},{"taxonomy":"post_tag","embeddable":true,"href":"https:\/\/apuntesdesanluis.com\/index.php\/wp-json\/wp\/v2\/tags?post=15984"}],"curies":[{"name":"wp","href":"https:\/\/api.w.org\/{rel}","templated":true}]}}