{"id":15989,"date":"2024-05-10T23:53:54","date_gmt":"2024-05-11T02:53:54","guid":{"rendered":"https:\/\/apuntesdesanluis.com\/?p=15989"},"modified":"2024-05-11T13:56:41","modified_gmt":"2024-05-11T16:56:41","slug":"la-justicia-ordeno-a-ate-que-abandone-los-predios-de-serba-y-recoleccion-de-residuos","status":"publish","type":"post","link":"https:\/\/apuntesdesanluis.com\/index.php\/2024\/05\/10\/la-justicia-ordeno-a-ate-que-abandone-los-predios-de-serba-y-recoleccion-de-residuos\/","title":{"rendered":"LA JUSTICIA ORDEN\u00d3 A ATE QUE ABANDONE LOS PREDIOS DE SERBA Y RECOLECCI\u00d3N DE RESIDUOS"},"content":{"rendered":"<h3>El juez Garant\u00eda N\u00ba 3, <strong>Marcos Flores Leyes<\/strong>, le orden\u00f3 a la <strong>Asociaci\u00f3n de Trabajadores del Estado<\/strong> (ATE) que abandone las instalaciones de Serba, en la avenida del Fundador, y Recolecci\u00f3n de Residuos en el Parque Industrial Norte.<\/h3>\n<h3>\u201cOrdenar el cese de los actos turbatorios llevados a cabo en inmediaciones y en el interior de los predios y se proceda al desalojo de cualquier individuo que impida y entorpezca la salida de veh\u00edculos la normal prestaci\u00f3n de servicios p\u00fablicos y la labor del personal prestador de esos servicios en forma inmediata, debiendo la instrucci\u00f3n actuante preservar en todo momento la integridad de las personas y bienes que se encuentren en el lugar\u201d, argument\u00f3 el magistrado en la resoluci\u00f3n que dio a conocer El Chorrillero.<\/h3>\n<h3>Esta medida que tom\u00f3 Flores Leyes se produjo luego de una presentaci\u00f3n que realiz\u00f3 la Municipalidad de San Luis el viernes por la ma\u00f1ana al tomar conocimiento del paro por tiempo indeterminado y ante el impedimento del gremio de bloquear los accesos a esas \u00e1reas para la prestaci\u00f3n de los servicios.<\/h3>\n<h3>El juez aclar\u00f3 que la disposici\u00f3n \u201cno obsta al derecho de las personas involucradas de reclamar y peticionar ante las autoridades en ejercicio de las garant\u00edas constitucionales del caso, en forma pac\u00edfica, sin afectar derechos de terceros\u201d.<\/h3>\n<h3>El secretario Legal, T\u00e9cnico y de Relaciones Institucionales, Andr\u00e9s Heredia, explic\u00f3 a este medio que el personal policial primero intima a los dirigentes a abandonar \u201cpor las buenas\u201d y si se niegan, se produce el desalojo por la fuerza p\u00fablica. (El Chorrillero)<\/h3>\n<p>&nbsp;<\/p>\n<p>&nbsp;<\/p>\n<p>&nbsp;<\/p>\n<p>&nbsp;<\/p>\n<p>&nbsp;<\/p>\n<p>&nbsp;<\/p>\n","protected":false},"excerpt":{"rendered":"<p>El juez Garant\u00eda N\u00ba 3, Marcos Flores Leyes, le orden\u00f3 a la Asociaci\u00f3n de Trabajadores&#8230;<\/p>\n","protected":false},"author":1,"featured_media":15990,"comment_status":"closed","ping_status":"closed","sticky":false,"template":"","format":"standard","meta":{"footnotes":""},"categories":[6],"tags":[],"class_list":["post-15989","post","type-post","status-publish","format-standard","has-post-thumbnail","hentry","category-ciudad-provincia"],"yoast_head":"<!-- This site is optimized with the Yoast SEO plugin v26.1.1 - https:\/\/yoast.com\/wordpress\/plugins\/seo\/ -->\n<title>LA JUSTICIA ORDEN\u00d3 A ATE QUE ABANDONE LOS PREDIOS DE SERBA Y RECOLECCI\u00d3N DE RESIDUOS - Apuntes de San Luis<\/title>\n<meta name=\"robots\" content=\"index, follow, max-snippet:-1, max-image-preview:large, max-video-preview:-1\" \/>\n<link rel=\"canonical\" href=\"https:\/\/apuntesdesanluis.com\/index.php\/2024\/05\/10\/la-justicia-ordeno-a-ate-que-abandone-los-predios-de-serba-y-recoleccion-de-residuos\/\" \/>\n<meta property=\"og:locale\" content=\"es_ES\" \/>\n<meta property=\"og:type\" content=\"article\" \/>\n<meta property=\"og:title\" content=\"LA JUSTICIA ORDEN\u00d3 A ATE QUE ABANDONE LOS PREDIOS DE SERBA Y RECOLECCI\u00d3N DE RESIDUOS - Apuntes de San Luis\" \/>\n<meta property=\"og:description\" content=\"El juez Garant\u00eda N\u00ba 3, Marcos Flores Leyes, le orden\u00f3 a la Asociaci\u00f3n de Trabajadores...\" \/>\n<meta property=\"og:url\" content=\"https:\/\/apuntesdesanluis.com\/index.php\/2024\/05\/10\/la-justicia-ordeno-a-ate-que-abandone-los-predios-de-serba-y-recoleccion-de-residuos\/\" \/>\n<meta property=\"og:site_name\" content=\"Apuntes de San Luis\" \/>\n<meta property=\"article:published_time\" content=\"2024-05-11T02:53:54+00:00\" \/>\n<meta property=\"article:modified_time\" content=\"2024-05-11T16:56:41+00:00\" \/>\n<meta property=\"og:image\" content=\"https:\/\/apuntesdesanluis.com\/wp-content\/uploads\/2024\/05\/ate-bloqueo.png\" \/>\n\t<meta property=\"og:image:width\" content=\"628\" \/>\n\t<meta property=\"og:image:height\" content=\"359\" \/>\n\t<meta property=\"og:image:type\" content=\"image\/png\" \/>\n<meta name=\"author\" content=\"apuntesdesanluis.com\" \/>\n<meta name=\"twitter:card\" content=\"summary_large_image\" \/>\n<meta name=\"twitter:label1\" content=\"Escrito por\" \/>\n\t<meta name=\"twitter:data1\" content=\"apuntesdesanluis.com\" \/>\n\t<meta name=\"twitter:label2\" content=\"Tiempo de lectura\" \/>\n\t<meta name=\"twitter:data2\" content=\"2 minutos\" \/>\n<script type=\"application\/ld+json\" class=\"yoast-schema-graph\">{\"@context\":\"https:\/\/schema.org\",\"@graph\":[{\"@type\":\"Article\",\"@id\":\"https:\/\/apuntesdesanluis.com\/index.php\/2024\/05\/10\/la-justicia-ordeno-a-ate-que-abandone-los-predios-de-serba-y-recoleccion-de-residuos\/#article\",\"isPartOf\":{\"@id\":\"https:\/\/apuntesdesanluis.com\/index.php\/2024\/05\/10\/la-justicia-ordeno-a-ate-que-abandone-los-predios-de-serba-y-recoleccion-de-residuos\/\"},\"author\":{\"name\":\"apuntesdesanluis.com\",\"@id\":\"https:\/\/apuntesdesanluis.com\/#\/schema\/person\/b55151d52296fcce64d1a72538a70b90\"},\"headline\":\"LA JUSTICIA ORDEN\u00d3 A ATE QUE ABANDONE LOS PREDIOS DE SERBA Y RECOLECCI\u00d3N DE RESIDUOS\",\"datePublished\":\"2024-05-11T02:53:54+00:00\",\"dateModified\":\"2024-05-11T16:56:41+00:00\",\"mainEntityOfPage\":{\"@id\":\"https:\/\/apuntesdesanluis.com\/index.php\/2024\/05\/10\/la-justicia-ordeno-a-ate-que-abandone-los-predios-de-serba-y-recoleccion-de-residuos\/\"},\"wordCount\":292,\"publisher\":{\"@id\":\"https:\/\/apuntesdesanluis.com\/#\/schema\/person\/b55151d52296fcce64d1a72538a70b90\"},\"image\":{\"@id\":\"https:\/\/apuntesdesanluis.com\/index.php\/2024\/05\/10\/la-justicia-ordeno-a-ate-que-abandone-los-predios-de-serba-y-recoleccion-de-residuos\/#primaryimage\"},\"thumbnailUrl\":\"https:\/\/apuntesdesanluis.com\/wp-content\/uploads\/2024\/05\/ate-bloqueo.png\",\"articleSection\":[\"Ciudad\/Provincia\"],\"inLanguage\":\"es-AR\"},{\"@type\":\"WebPage\",\"@id\":\"https:\/\/apuntesdesanluis.com\/index.php\/2024\/05\/10\/la-justicia-ordeno-a-ate-que-abandone-los-predios-de-serba-y-recoleccion-de-residuos\/\",\"url\":\"https:\/\/apuntesdesanluis.com\/index.php\/2024\/05\/10\/la-justicia-ordeno-a-ate-que-abandone-los-predios-de-serba-y-recoleccion-de-residuos\/\",\"name\":\"LA JUSTICIA ORDEN\u00d3 A ATE QUE ABANDONE LOS PREDIOS DE SERBA Y RECOLECCI\u00d3N DE RESIDUOS - Apuntes de San Luis\",\"isPartOf\":{\"@id\":\"https:\/\/apuntesdesanluis.com\/#website\"},\"primaryImageOfPage\":{\"@id\":\"https:\/\/apuntesdesanluis.com\/index.php\/2024\/05\/10\/la-justicia-ordeno-a-ate-que-abandone-los-predios-de-serba-y-recoleccion-de-residuos\/#primaryimage\"},\"image\":{\"@id\":\"https:\/\/apuntesdesanluis.com\/index.php\/2024\/05\/10\/la-justicia-ordeno-a-ate-que-abandone-los-predios-de-serba-y-recoleccion-de-residuos\/#primaryimage\"},\"thumbnailUrl\":\"https:\/\/apuntesdesanluis.com\/wp-content\/uploads\/2024\/05\/ate-bloqueo.png\",\"datePublished\":\"2024-05-11T02:53:54+00:00\",\"dateModified\":\"2024-05-11T16:56:41+00:00\",\"breadcrumb\":{\"@id\":\"https:\/\/apuntesdesanluis.com\/index.php\/2024\/05\/10\/la-justicia-ordeno-a-ate-que-abandone-los-predios-de-serba-y-recoleccion-de-residuos\/#breadcrumb\"},\"inLanguage\":\"es-AR\",\"potentialAction\":[{\"@type\":\"ReadAction\",\"target\":[\"https:\/\/apuntesdesanluis.com\/index.php\/2024\/05\/10\/la-justicia-ordeno-a-ate-que-abandone-los-predios-de-serba-y-recoleccion-de-residuos\/\"]}]},{\"@type\":\"ImageObject\",\"inLanguage\":\"es-AR\",\"@id\":\"https:\/\/apuntesdesanluis.com\/index.php\/2024\/05\/10\/la-justicia-ordeno-a-ate-que-abandone-los-predios-de-serba-y-recoleccion-de-residuos\/#primaryimage\",\"url\":\"https:\/\/apuntesdesanluis.com\/wp-content\/uploads\/2024\/05\/ate-bloqueo.png\",\"contentUrl\":\"https:\/\/apuntesdesanluis.com\/wp-content\/uploads\/2024\/05\/ate-bloqueo.png\",\"width\":628,\"height\":359},{\"@type\":\"BreadcrumbList\",\"@id\":\"https:\/\/apuntesdesanluis.com\/index.php\/2024\/05\/10\/la-justicia-ordeno-a-ate-que-abandone-los-predios-de-serba-y-recoleccion-de-residuos\/#breadcrumb\",\"itemListElement\":[{\"@type\":\"ListItem\",\"position\":1,\"name\":\"Inicio\",\"item\":\"https:\/\/apuntesdesanluis.com\/\"},{\"@type\":\"ListItem\",\"position\":2,\"name\":\"LA JUSTICIA ORDEN\u00d3 A ATE QUE ABANDONE LOS PREDIOS DE SERBA Y RECOLECCI\u00d3N DE RESIDUOS\"}]},{\"@type\":\"WebSite\",\"@id\":\"https:\/\/apuntesdesanluis.com\/#website\",\"url\":\"https:\/\/apuntesdesanluis.com\/\",\"name\":\"Apuntes de San Luis\",\"description\":\"\",\"publisher\":{\"@id\":\"https:\/\/apuntesdesanluis.com\/#\/schema\/person\/b55151d52296fcce64d1a72538a70b90\"},\"potentialAction\":[{\"@type\":\"SearchAction\",\"target\":{\"@type\":\"EntryPoint\",\"urlTemplate\":\"https:\/\/apuntesdesanluis.com\/?s={search_term_string}\"},\"query-input\":{\"@type\":\"PropertyValueSpecification\",\"valueRequired\":true,\"valueName\":\"search_term_string\"}}],\"inLanguage\":\"es-AR\"},{\"@type\":[\"Person\",\"Organization\"],\"@id\":\"https:\/\/apuntesdesanluis.com\/#\/schema\/person\/b55151d52296fcce64d1a72538a70b90\",\"name\":\"apuntesdesanluis.com\",\"image\":{\"@type\":\"ImageObject\",\"inLanguage\":\"es-AR\",\"@id\":\"https:\/\/apuntesdesanluis.com\/#\/schema\/person\/image\/\",\"url\":\"https:\/\/apuntesdesanluis.com\/wp-content\/uploads\/2023\/07\/cropped-apuntesdesanluis.png\",\"contentUrl\":\"https:\/\/apuntesdesanluis.com\/wp-content\/uploads\/2023\/07\/cropped-apuntesdesanluis.png\",\"width\":450,\"height\":112,\"caption\":\"apuntesdesanluis.com\"},\"logo\":{\"@id\":\"https:\/\/apuntesdesanluis.com\/#\/schema\/person\/image\/\"},\"sameAs\":[\"https:\/\/apuntesdesanluis.com\"],\"url\":\"https:\/\/apuntesdesanluis.com\/index.php\/author\/apuntesdesanluis-com\/\"}]}<\/script>\n<!-- \/ Yoast SEO plugin. -->","yoast_head_json":{"title":"LA JUSTICIA ORDEN\u00d3 A ATE QUE ABANDONE LOS PREDIOS DE SERBA Y RECOLECCI\u00d3N DE RESIDUOS - Apuntes de San Luis","robots":{"index":"index","follow":"follow","max-snippet":"max-snippet:-1","max-image-preview":"max-image-preview:large","max-video-preview":"max-video-preview:-1"},"canonical":"https:\/\/apuntesdesanluis.com\/index.php\/2024\/05\/10\/la-justicia-ordeno-a-ate-que-abandone-los-predios-de-serba-y-recoleccion-de-residuos\/","og_locale":"es_ES","og_type":"article","og_title":"LA JUSTICIA ORDEN\u00d3 A ATE QUE ABANDONE LOS PREDIOS DE SERBA Y RECOLECCI\u00d3N DE RESIDUOS - Apuntes de San Luis","og_description":"El juez Garant\u00eda N\u00ba 3, Marcos Flores Leyes, le orden\u00f3 a la Asociaci\u00f3n de Trabajadores...","og_url":"https:\/\/apuntesdesanluis.com\/index.php\/2024\/05\/10\/la-justicia-ordeno-a-ate-que-abandone-los-predios-de-serba-y-recoleccion-de-residuos\/","og_site_name":"Apuntes de San Luis","article_published_time":"2024-05-11T02:53:54+00:00","article_modified_time":"2024-05-11T16:56:41+00:00","og_image":[{"width":628,"height":359,"url":"https:\/\/apuntesdesanluis.com\/wp-content\/uploads\/2024\/05\/ate-bloqueo.png","type":"image\/png"}],"author":"apuntesdesanluis.com","twitter_card":"summary_large_image","twitter_misc":{"Escrito por":"apuntesdesanluis.com","Tiempo de lectura":"2 minutos"},"schema":{"@context":"https:\/\/schema.org","@graph":[{"@type":"Article","@id":"https:\/\/apuntesdesanluis.com\/index.php\/2024\/05\/10\/la-justicia-ordeno-a-ate-que-abandone-los-predios-de-serba-y-recoleccion-de-residuos\/#article","isPartOf":{"@id":"https:\/\/apuntesdesanluis.com\/index.php\/2024\/05\/10\/la-justicia-ordeno-a-ate-que-abandone-los-predios-de-serba-y-recoleccion-de-residuos\/"},"author":{"name":"apuntesdesanluis.com","@id":"https:\/\/apuntesdesanluis.com\/#\/schema\/person\/b55151d52296fcce64d1a72538a70b90"},"headline":"LA JUSTICIA ORDEN\u00d3 A ATE QUE ABANDONE LOS PREDIOS DE SERBA Y RECOLECCI\u00d3N DE RESIDUOS","datePublished":"2024-05-11T02:53:54+00:00","dateModified":"2024-05-11T16:56:41+00:00","mainEntityOfPage":{"@id":"https:\/\/apuntesdesanluis.com\/index.php\/2024\/05\/10\/la-justicia-ordeno-a-ate-que-abandone-los-predios-de-serba-y-recoleccion-de-residuos\/"},"wordCount":292,"publisher":{"@id":"https:\/\/apuntesdesanluis.com\/#\/schema\/person\/b55151d52296fcce64d1a72538a70b90"},"image":{"@id":"https:\/\/apuntesdesanluis.com\/index.php\/2024\/05\/10\/la-justicia-ordeno-a-ate-que-abandone-los-predios-de-serba-y-recoleccion-de-residuos\/#primaryimage"},"thumbnailUrl":"https:\/\/apuntesdesanluis.com\/wp-content\/uploads\/2024\/05\/ate-bloqueo.png","articleSection":["Ciudad\/Provincia"],"inLanguage":"es-AR"},{"@type":"WebPage","@id":"https:\/\/apuntesdesanluis.com\/index.php\/2024\/05\/10\/la-justicia-ordeno-a-ate-que-abandone-los-predios-de-serba-y-recoleccion-de-residuos\/","url":"https:\/\/apuntesdesanluis.com\/index.php\/2024\/05\/10\/la-justicia-ordeno-a-ate-que-abandone-los-predios-de-serba-y-recoleccion-de-residuos\/","name":"LA JUSTICIA ORDEN\u00d3 A ATE QUE ABANDONE LOS PREDIOS DE SERBA Y RECOLECCI\u00d3N DE RESIDUOS - Apuntes de San Luis","isPartOf":{"@id":"https:\/\/apuntesdesanluis.com\/#website"},"primaryImageOfPage":{"@id":"https:\/\/apuntesdesanluis.com\/index.php\/2024\/05\/10\/la-justicia-ordeno-a-ate-que-abandone-los-predios-de-serba-y-recoleccion-de-residuos\/#primaryimage"},"image":{"@id":"https:\/\/apuntesdesanluis.com\/index.php\/2024\/05\/10\/la-justicia-ordeno-a-ate-que-abandone-los-predios-de-serba-y-recoleccion-de-residuos\/#primaryimage"},"thumbnailUrl":"https:\/\/apuntesdesanluis.com\/wp-content\/uploads\/2024\/05\/ate-bloqueo.png","datePublished":"2024-05-11T02:53:54+00:00","dateModified":"2024-05-11T16:56:41+00:00","breadcrumb":{"@id":"https:\/\/apuntesdesanluis.com\/index.php\/2024\/05\/10\/la-justicia-ordeno-a-ate-que-abandone-los-predios-de-serba-y-recoleccion-de-residuos\/#breadcrumb"},"inLanguage":"es-AR","potentialAction":[{"@type":"ReadAction","target":["https:\/\/apuntesdesanluis.com\/index.php\/2024\/05\/10\/la-justicia-ordeno-a-ate-que-abandone-los-predios-de-serba-y-recoleccion-de-residuos\/"]}]},{"@type":"ImageObject","inLanguage":"es-AR","@id":"https:\/\/apuntesdesanluis.com\/index.php\/2024\/05\/10\/la-justicia-ordeno-a-ate-que-abandone-los-predios-de-serba-y-recoleccion-de-residuos\/#primaryimage","url":"https:\/\/apuntesdesanluis.com\/wp-content\/uploads\/2024\/05\/ate-bloqueo.png","contentUrl":"https:\/\/apuntesdesanluis.com\/wp-content\/uploads\/2024\/05\/ate-bloqueo.png","width":628,"height":359},{"@type":"BreadcrumbList","@id":"https:\/\/apuntesdesanluis.com\/index.php\/2024\/05\/10\/la-justicia-ordeno-a-ate-que-abandone-los-predios-de-serba-y-recoleccion-de-residuos\/#breadcrumb","itemListElement":[{"@type":"ListItem","position":1,"name":"Inicio","item":"https:\/\/apuntesdesanluis.com\/"},{"@type":"ListItem","position":2,"name":"LA JUSTICIA ORDEN\u00d3 A ATE QUE ABANDONE LOS PREDIOS DE SERBA Y RECOLECCI\u00d3N DE RESIDUOS"}]},{"@type":"WebSite","@id":"https:\/\/apuntesdesanluis.com\/#website","url":"https:\/\/apuntesdesanluis.com\/","name":"Apuntes de San Luis","description":"","publisher":{"@id":"https:\/\/apuntesdesanluis.com\/#\/schema\/person\/b55151d52296fcce64d1a72538a70b90"},"potentialAction":[{"@type":"SearchAction","target":{"@type":"EntryPoint","urlTemplate":"https:\/\/apuntesdesanluis.com\/?s={search_term_string}"},"query-input":{"@type":"PropertyValueSpecification","valueRequired":true,"valueName":"search_term_string"}}],"inLanguage":"es-AR"},{"@type":["Person","Organization"],"@id":"https:\/\/apuntesdesanluis.com\/#\/schema\/person\/b55151d52296fcce64d1a72538a70b90","name":"apuntesdesanluis.com","image":{"@type":"ImageObject","inLanguage":"es-AR","@id":"https:\/\/apuntesdesanluis.com\/#\/schema\/person\/image\/","url":"https:\/\/apuntesdesanluis.com\/wp-content\/uploads\/2023\/07\/cropped-apuntesdesanluis.png","contentUrl":"https:\/\/apuntesdesanluis.com\/wp-content\/uploads\/2023\/07\/cropped-apuntesdesanluis.png","width":450,"height":112,"caption":"apuntesdesanluis.com"},"logo":{"@id":"https:\/\/apuntesdesanluis.com\/#\/schema\/person\/image\/"},"sameAs":["https:\/\/apuntesdesanluis.com"],"url":"https:\/\/apuntesdesanluis.com\/index.php\/author\/apuntesdesanluis-com\/"}]}},"featured_image_urls":{"full":["https:\/\/apuntesdesanluis.com\/wp-content\/uploads\/2024\/05\/ate-bloqueo.png",628,359,false],"thumbnail":["https:\/\/apuntesdesanluis.com\/wp-content\/uploads\/2024\/05\/ate-bloqueo-150x150.png",150,150,true],"medium":["https:\/\/apuntesdesanluis.com\/wp-content\/uploads\/2024\/05\/ate-bloqueo-300x171.png",300,171,true],"medium_large":["https:\/\/apuntesdesanluis.com\/wp-content\/uploads\/2024\/05\/ate-bloqueo.png",628,359,false],"large":["https:\/\/apuntesdesanluis.com\/wp-content\/uploads\/2024\/05\/ate-bloqueo.png",628,359,false],"1536x1536":["https:\/\/apuntesdesanluis.com\/wp-content\/uploads\/2024\/05\/ate-bloqueo.png",628,359,false],"2048x2048":["https:\/\/apuntesdesanluis.com\/wp-content\/uploads\/2024\/05\/ate-bloqueo.png",628,359,false],"newsever-slider-full":["https:\/\/apuntesdesanluis.com\/wp-content\/uploads\/2024\/05\/ate-bloqueo.png",628,359,false],"newsever-featured":["https:\/\/apuntesdesanluis.com\/wp-content\/uploads\/2024\/05\/ate-bloqueo.png",628,359,false],"newsever-medium":["https:\/\/apuntesdesanluis.com\/wp-content\/uploads\/2024\/05\/ate-bloqueo.png",628,359,false]},"author_info":{"display_name":"apuntesdesanluis.com","author_link":"https:\/\/apuntesdesanluis.com\/index.php\/author\/apuntesdesanluis-com\/"},"category_info":"<a href=\"https:\/\/apuntesdesanluis.com\/index.php\/category\/ciudad-provincia\/\" rel=\"category tag\">Ciudad\/Provincia<\/a>","tag_info":"Ciudad\/Provincia","comment_count":"0","_links":{"self":[{"href":"https:\/\/apuntesdesanluis.com\/index.php\/wp-json\/wp\/v2\/posts\/15989","targetHints":{"allow":["GET"]}}],"collection":[{"href":"https:\/\/apuntesdesanluis.com\/index.php\/wp-json\/wp\/v2\/posts"}],"about":[{"href":"https:\/\/apuntesdesanluis.com\/index.php\/wp-json\/wp\/v2\/types\/post"}],"author":[{"embeddable":true,"href":"https:\/\/apuntesdesanluis.com\/index.php\/wp-json\/wp\/v2\/users\/1"}],"replies":[{"embeddable":true,"href":"https:\/\/apuntesdesanluis.com\/index.php\/wp-json\/wp\/v2\/comments?post=15989"}],"version-history":[{"count":1,"href":"https:\/\/apuntesdesanluis.com\/index.php\/wp-json\/wp\/v2\/posts\/15989\/revisions"}],"predecessor-version":[{"id":15991,"href":"https:\/\/apuntesdesanluis.com\/index.php\/wp-json\/wp\/v2\/posts\/15989\/revisions\/15991"}],"wp:featuredmedia":[{"embeddable":true,"href":"https:\/\/apuntesdesanluis.com\/index.php\/wp-json\/wp\/v2\/media\/15990"}],"wp:attachment":[{"href":"https:\/\/apuntesdesanluis.com\/index.php\/wp-json\/wp\/v2\/media?parent=15989"}],"wp:term":[{"taxonomy":"category","embeddable":true,"href":"https:\/\/apuntesdesanluis.com\/index.php\/wp-json\/wp\/v2\/categories?post=15989"},{"taxonomy":"post_tag","embeddable":true,"href":"https:\/\/apuntesdesanluis.com\/index.php\/wp-json\/wp\/v2\/tags?post=15989"}],"curies":[{"name":"wp","href":"https:\/\/api.w.org\/{rel}","templated":true}]}}