{"id":15992,"date":"2024-05-11T20:43:33","date_gmt":"2024-05-11T23:43:33","guid":{"rendered":"https:\/\/apuntesdesanluis.com\/?p=15992"},"modified":"2024-05-11T20:47:09","modified_gmt":"2024-05-11T23:47:09","slug":"san-luis-ha-elegido-un-nuevo-rumbo-que-marca-una-nueva-etapa","status":"publish","type":"post","link":"https:\/\/apuntesdesanluis.com\/index.php\/2024\/05\/11\/san-luis-ha-elegido-un-nuevo-rumbo-que-marca-una-nueva-etapa\/","title":{"rendered":"\u201cSAN LUIS HA ELEGIDO UN NUEVO RUMBO QUE MARCA UNA NUEVA ETAPA\u201d"},"content":{"rendered":"<h3>Ese fue el t\u00edtulo que dej\u00f3<strong> el <\/strong>senador provincial <strong>Adolfo Castro Luna<\/strong>, al evaluar el contexto pol\u00edtico e institucional actual en nuestra provincia.<\/h3>\n<h3>Resalt\u00f3 que en este nuevo mandato los legisladores se dedicaron a trabajar en temas muy importantes, como el programa Escritur\u00e1 tu casa, que lleva tranquilidad a mucha gente, la aprobaci\u00f3n del bono para los empleados, el Decreto 150 de declaraci\u00f3n de emergencia, la derogaci\u00f3n de la inconstitucional ley de parajes, entre muchos otros.<\/h3>\n<h3>Respecto a la nueva mayor\u00eda conseguida en Diputados y el equilibrio en el Senado, afirm\u00f3: \u201c<strong>Alberto Rodr\u00edguez Sa\u00e1<\/strong> les impon\u00eda el mandato de incendiar la provincia y muchos legisladores decidieron poner por delante los intereses de sus pueblos y emprender el camino del di\u00e1logo con el gobierno,\u00a0 que fue elegido por m\u00e1s del 50% de la ciudadan\u00eda. Esto le da un enorme espaldarazo a la gesti\u00f3n\u201d, enfatiz\u00f3.<\/h3>\n<h3>Este poder legislativo permiti\u00f3 frenar algunas iniciativas como el proyecto de la UPrO, que se pretend\u00eda dejar a cargo de sus antiguos conductores con el 1,3% del presupuesto provincial, una cifra que exced\u00eda lo que maneja por ejemplo la UNSL. Tambi\u00e9n se lograron dejar sin efecto las 53 designaciones en la C\u00e1mara de Diputados y m\u00e1s de 20 en el Senado.<\/h3>\n<p><img fetchpriority=\"high\" decoding=\"async\" class=\"wp-image-15754 aligncenter\" src=\"https:\/\/apuntesdesanluis.com\/wp-content\/uploads\/2024\/05\/dejame-un-titulo-1-300x193.png\" alt=\"\" width=\"558\" height=\"359\" srcset=\"https:\/\/apuntesdesanluis.com\/wp-content\/uploads\/2024\/05\/dejame-un-titulo-1-300x193.png 300w, https:\/\/apuntesdesanluis.com\/wp-content\/uploads\/2024\/05\/dejame-un-titulo-1.png 673w\" sizes=\"(max-width: 558px) 100vw, 558px\" \/><\/p>\n<h3>Destaca en este sentido que el gobernador <strong>Claudio Poggi<\/strong> propone a la Legislatura discutir sobre otros temas, como la edad de imputabilidad de los menores, la feria judicial, la modificaci\u00f3n del c\u00f3digo procesal, entre otros, que permiten \u201celevar el debate\u201d.<\/h3>\n<h3>El senador por Pedernera tambi\u00e9n se refiri\u00f3 a algunas \u201cmedidas desagradables\u201d que tuvo que tomar el gobierno, como el pago desdoblado de sueldos, a partir \u201cdel rojo\u201d con que recibi\u00f3 la provincia, dado que \u201cdesde mucho tiempo atr\u00e1s se estaba gastando m\u00e1s de lo que ingresaba\u201d, luego de haber quemado los bonos y los d\u00f3lares que ten\u00eda como ahorro.<\/h3>\n<h3>En este contexto, Castro Luna advirti\u00f3 las \u201crestricciones\u201d que provoca el contexto nacional, con una reducci\u00f3n sistem\u00e1tica de los montos que se transfieren por coparticipaci\u00f3n, por la ca\u00edda de la recaudaci\u00f3n. Y que impacta sobre la provincia, que tiene una \u201cenorme dependencia\u201d de estos fondos en su econom\u00eda.<\/h3>\n<h3>En otro orden, tambi\u00e9n se refiri\u00f3 al proyecto que est\u00e1 elaborando el gobierno denominado \u201cLey de extinci\u00f3n de dominio\u201d, para recuperar bienes y fondos que se compruebe que son producto de la corrupci\u00f3n.<\/h3>\n<p>&nbsp;<\/p>\n<p><iframe title=\"ADOLFO CASTRO LUNA  Senador dpto  Pedernera\" width=\"640\" height=\"360\" src=\"https:\/\/www.youtube.com\/embed\/edSee_UAcUo?feature=oembed\" frameborder=\"0\" allow=\"accelerometer; autoplay; clipboard-write; encrypted-media; gyroscope; picture-in-picture; web-share\" referrerpolicy=\"strict-origin-when-cross-origin\" allowfullscreen><\/iframe><\/p>\n<p>&nbsp;<\/p>\n<p>&nbsp;<\/p>\n<p>&nbsp;<\/p>\n<p>&nbsp;<\/p>\n<p>&nbsp;<\/p>\n<p>&nbsp;<\/p>\n","protected":false},"excerpt":{"rendered":"<p>Ese fue el t\u00edtulo que dej\u00f3 el senador provincial Adolfo Castro Luna, al evaluar el&#8230;<\/p>\n","protected":false},"author":1,"featured_media":15993,"comment_status":"closed","ping_status":"closed","sticky":false,"template":"","format":"standard","meta":{"footnotes":""},"categories":[9],"tags":[],"class_list":["post-15992","post","type-post","status-publish","format-standard","has-post-thumbnail","hentry","category-opinion"],"yoast_head":"<!-- This site is optimized with the Yoast SEO plugin v26.1.1 - https:\/\/yoast.com\/wordpress\/plugins\/seo\/ -->\n<title>\u201cSAN LUIS HA ELEGIDO UN NUEVO RUMBO QUE MARCA UNA NUEVA ETAPA\u201d - Apuntes de San Luis<\/title>\n<meta name=\"robots\" content=\"index, follow, max-snippet:-1, max-image-preview:large, max-video-preview:-1\" \/>\n<link rel=\"canonical\" href=\"https:\/\/apuntesdesanluis.com\/index.php\/2024\/05\/11\/san-luis-ha-elegido-un-nuevo-rumbo-que-marca-una-nueva-etapa\/\" \/>\n<meta property=\"og:locale\" content=\"es_ES\" \/>\n<meta property=\"og:type\" content=\"article\" \/>\n<meta property=\"og:title\" content=\"\u201cSAN LUIS HA ELEGIDO UN NUEVO RUMBO QUE MARCA UNA NUEVA ETAPA\u201d - Apuntes de San Luis\" \/>\n<meta property=\"og:description\" content=\"Ese fue el t\u00edtulo que dej\u00f3 el senador provincial Adolfo Castro Luna, al evaluar el...\" \/>\n<meta property=\"og:url\" content=\"https:\/\/apuntesdesanluis.com\/index.php\/2024\/05\/11\/san-luis-ha-elegido-un-nuevo-rumbo-que-marca-una-nueva-etapa\/\" \/>\n<meta property=\"og:site_name\" content=\"Apuntes de San Luis\" \/>\n<meta property=\"article:published_time\" content=\"2024-05-11T23:43:33+00:00\" \/>\n<meta property=\"article:modified_time\" content=\"2024-05-11T23:47:09+00:00\" \/>\n<meta property=\"og:image\" content=\"https:\/\/apuntesdesanluis.com\/wp-content\/uploads\/2024\/05\/castro-luna.png\" \/>\n\t<meta property=\"og:image:width\" content=\"842\" \/>\n\t<meta property=\"og:image:height\" content=\"486\" \/>\n\t<meta property=\"og:image:type\" content=\"image\/png\" \/>\n<meta name=\"author\" content=\"apuntesdesanluis.com\" \/>\n<meta name=\"twitter:card\" content=\"summary_large_image\" \/>\n<meta name=\"twitter:label1\" content=\"Escrito por\" \/>\n\t<meta name=\"twitter:data1\" content=\"apuntesdesanluis.com\" \/>\n\t<meta name=\"twitter:label2\" content=\"Tiempo de lectura\" \/>\n\t<meta name=\"twitter:data2\" content=\"2 minutos\" \/>\n<script type=\"application\/ld+json\" class=\"yoast-schema-graph\">{\"@context\":\"https:\/\/schema.org\",\"@graph\":[{\"@type\":\"Article\",\"@id\":\"https:\/\/apuntesdesanluis.com\/index.php\/2024\/05\/11\/san-luis-ha-elegido-un-nuevo-rumbo-que-marca-una-nueva-etapa\/#article\",\"isPartOf\":{\"@id\":\"https:\/\/apuntesdesanluis.com\/index.php\/2024\/05\/11\/san-luis-ha-elegido-un-nuevo-rumbo-que-marca-una-nueva-etapa\/\"},\"author\":{\"name\":\"apuntesdesanluis.com\",\"@id\":\"https:\/\/apuntesdesanluis.com\/#\/schema\/person\/b55151d52296fcce64d1a72538a70b90\"},\"headline\":\"\u201cSAN LUIS HA ELEGIDO UN NUEVO RUMBO QUE MARCA UNA NUEVA ETAPA\u201d\",\"datePublished\":\"2024-05-11T23:43:33+00:00\",\"dateModified\":\"2024-05-11T23:47:09+00:00\",\"mainEntityOfPage\":{\"@id\":\"https:\/\/apuntesdesanluis.com\/index.php\/2024\/05\/11\/san-luis-ha-elegido-un-nuevo-rumbo-que-marca-una-nueva-etapa\/\"},\"wordCount\":444,\"publisher\":{\"@id\":\"https:\/\/apuntesdesanluis.com\/#\/schema\/person\/b55151d52296fcce64d1a72538a70b90\"},\"image\":{\"@id\":\"https:\/\/apuntesdesanluis.com\/index.php\/2024\/05\/11\/san-luis-ha-elegido-un-nuevo-rumbo-que-marca-una-nueva-etapa\/#primaryimage\"},\"thumbnailUrl\":\"https:\/\/apuntesdesanluis.com\/wp-content\/uploads\/2024\/05\/castro-luna.png\",\"articleSection\":[\"Opini\u00f3n\"],\"inLanguage\":\"es-AR\"},{\"@type\":\"WebPage\",\"@id\":\"https:\/\/apuntesdesanluis.com\/index.php\/2024\/05\/11\/san-luis-ha-elegido-un-nuevo-rumbo-que-marca-una-nueva-etapa\/\",\"url\":\"https:\/\/apuntesdesanluis.com\/index.php\/2024\/05\/11\/san-luis-ha-elegido-un-nuevo-rumbo-que-marca-una-nueva-etapa\/\",\"name\":\"\u201cSAN LUIS HA ELEGIDO UN NUEVO RUMBO QUE MARCA UNA NUEVA ETAPA\u201d - Apuntes de San Luis\",\"isPartOf\":{\"@id\":\"https:\/\/apuntesdesanluis.com\/#website\"},\"primaryImageOfPage\":{\"@id\":\"https:\/\/apuntesdesanluis.com\/index.php\/2024\/05\/11\/san-luis-ha-elegido-un-nuevo-rumbo-que-marca-una-nueva-etapa\/#primaryimage\"},\"image\":{\"@id\":\"https:\/\/apuntesdesanluis.com\/index.php\/2024\/05\/11\/san-luis-ha-elegido-un-nuevo-rumbo-que-marca-una-nueva-etapa\/#primaryimage\"},\"thumbnailUrl\":\"https:\/\/apuntesdesanluis.com\/wp-content\/uploads\/2024\/05\/castro-luna.png\",\"datePublished\":\"2024-05-11T23:43:33+00:00\",\"dateModified\":\"2024-05-11T23:47:09+00:00\",\"breadcrumb\":{\"@id\":\"https:\/\/apuntesdesanluis.com\/index.php\/2024\/05\/11\/san-luis-ha-elegido-un-nuevo-rumbo-que-marca-una-nueva-etapa\/#breadcrumb\"},\"inLanguage\":\"es-AR\",\"potentialAction\":[{\"@type\":\"ReadAction\",\"target\":[\"https:\/\/apuntesdesanluis.com\/index.php\/2024\/05\/11\/san-luis-ha-elegido-un-nuevo-rumbo-que-marca-una-nueva-etapa\/\"]}]},{\"@type\":\"ImageObject\",\"inLanguage\":\"es-AR\",\"@id\":\"https:\/\/apuntesdesanluis.com\/index.php\/2024\/05\/11\/san-luis-ha-elegido-un-nuevo-rumbo-que-marca-una-nueva-etapa\/#primaryimage\",\"url\":\"https:\/\/apuntesdesanluis.com\/wp-content\/uploads\/2024\/05\/castro-luna.png\",\"contentUrl\":\"https:\/\/apuntesdesanluis.com\/wp-content\/uploads\/2024\/05\/castro-luna.png\",\"width\":842,\"height\":486},{\"@type\":\"BreadcrumbList\",\"@id\":\"https:\/\/apuntesdesanluis.com\/index.php\/2024\/05\/11\/san-luis-ha-elegido-un-nuevo-rumbo-que-marca-una-nueva-etapa\/#breadcrumb\",\"itemListElement\":[{\"@type\":\"ListItem\",\"position\":1,\"name\":\"Inicio\",\"item\":\"https:\/\/apuntesdesanluis.com\/\"},{\"@type\":\"ListItem\",\"position\":2,\"name\":\"\u201cSAN LUIS HA ELEGIDO UN NUEVO RUMBO QUE MARCA UNA NUEVA ETAPA\u201d\"}]},{\"@type\":\"WebSite\",\"@id\":\"https:\/\/apuntesdesanluis.com\/#website\",\"url\":\"https:\/\/apuntesdesanluis.com\/\",\"name\":\"Apuntes de San Luis\",\"description\":\"\",\"publisher\":{\"@id\":\"https:\/\/apuntesdesanluis.com\/#\/schema\/person\/b55151d52296fcce64d1a72538a70b90\"},\"potentialAction\":[{\"@type\":\"SearchAction\",\"target\":{\"@type\":\"EntryPoint\",\"urlTemplate\":\"https:\/\/apuntesdesanluis.com\/?s={search_term_string}\"},\"query-input\":{\"@type\":\"PropertyValueSpecification\",\"valueRequired\":true,\"valueName\":\"search_term_string\"}}],\"inLanguage\":\"es-AR\"},{\"@type\":[\"Person\",\"Organization\"],\"@id\":\"https:\/\/apuntesdesanluis.com\/#\/schema\/person\/b55151d52296fcce64d1a72538a70b90\",\"name\":\"apuntesdesanluis.com\",\"image\":{\"@type\":\"ImageObject\",\"inLanguage\":\"es-AR\",\"@id\":\"https:\/\/apuntesdesanluis.com\/#\/schema\/person\/image\/\",\"url\":\"https:\/\/apuntesdesanluis.com\/wp-content\/uploads\/2023\/07\/cropped-apuntesdesanluis.png\",\"contentUrl\":\"https:\/\/apuntesdesanluis.com\/wp-content\/uploads\/2023\/07\/cropped-apuntesdesanluis.png\",\"width\":450,\"height\":112,\"caption\":\"apuntesdesanluis.com\"},\"logo\":{\"@id\":\"https:\/\/apuntesdesanluis.com\/#\/schema\/person\/image\/\"},\"sameAs\":[\"https:\/\/apuntesdesanluis.com\"],\"url\":\"https:\/\/apuntesdesanluis.com\/index.php\/author\/apuntesdesanluis-com\/\"}]}<\/script>\n<!-- \/ Yoast SEO plugin. -->","yoast_head_json":{"title":"\u201cSAN LUIS HA ELEGIDO UN NUEVO RUMBO QUE MARCA UNA NUEVA ETAPA\u201d - Apuntes de San Luis","robots":{"index":"index","follow":"follow","max-snippet":"max-snippet:-1","max-image-preview":"max-image-preview:large","max-video-preview":"max-video-preview:-1"},"canonical":"https:\/\/apuntesdesanluis.com\/index.php\/2024\/05\/11\/san-luis-ha-elegido-un-nuevo-rumbo-que-marca-una-nueva-etapa\/","og_locale":"es_ES","og_type":"article","og_title":"\u201cSAN LUIS HA ELEGIDO UN NUEVO RUMBO QUE MARCA UNA NUEVA ETAPA\u201d - Apuntes de San Luis","og_description":"Ese fue el t\u00edtulo que dej\u00f3 el senador provincial Adolfo Castro Luna, al evaluar el...","og_url":"https:\/\/apuntesdesanluis.com\/index.php\/2024\/05\/11\/san-luis-ha-elegido-un-nuevo-rumbo-que-marca-una-nueva-etapa\/","og_site_name":"Apuntes de San Luis","article_published_time":"2024-05-11T23:43:33+00:00","article_modified_time":"2024-05-11T23:47:09+00:00","og_image":[{"width":842,"height":486,"url":"https:\/\/apuntesdesanluis.com\/wp-content\/uploads\/2024\/05\/castro-luna.png","type":"image\/png"}],"author":"apuntesdesanluis.com","twitter_card":"summary_large_image","twitter_misc":{"Escrito por":"apuntesdesanluis.com","Tiempo de lectura":"2 minutos"},"schema":{"@context":"https:\/\/schema.org","@graph":[{"@type":"Article","@id":"https:\/\/apuntesdesanluis.com\/index.php\/2024\/05\/11\/san-luis-ha-elegido-un-nuevo-rumbo-que-marca-una-nueva-etapa\/#article","isPartOf":{"@id":"https:\/\/apuntesdesanluis.com\/index.php\/2024\/05\/11\/san-luis-ha-elegido-un-nuevo-rumbo-que-marca-una-nueva-etapa\/"},"author":{"name":"apuntesdesanluis.com","@id":"https:\/\/apuntesdesanluis.com\/#\/schema\/person\/b55151d52296fcce64d1a72538a70b90"},"headline":"\u201cSAN LUIS HA ELEGIDO UN NUEVO RUMBO QUE MARCA UNA NUEVA ETAPA\u201d","datePublished":"2024-05-11T23:43:33+00:00","dateModified":"2024-05-11T23:47:09+00:00","mainEntityOfPage":{"@id":"https:\/\/apuntesdesanluis.com\/index.php\/2024\/05\/11\/san-luis-ha-elegido-un-nuevo-rumbo-que-marca-una-nueva-etapa\/"},"wordCount":444,"publisher":{"@id":"https:\/\/apuntesdesanluis.com\/#\/schema\/person\/b55151d52296fcce64d1a72538a70b90"},"image":{"@id":"https:\/\/apuntesdesanluis.com\/index.php\/2024\/05\/11\/san-luis-ha-elegido-un-nuevo-rumbo-que-marca-una-nueva-etapa\/#primaryimage"},"thumbnailUrl":"https:\/\/apuntesdesanluis.com\/wp-content\/uploads\/2024\/05\/castro-luna.png","articleSection":["Opini\u00f3n"],"inLanguage":"es-AR"},{"@type":"WebPage","@id":"https:\/\/apuntesdesanluis.com\/index.php\/2024\/05\/11\/san-luis-ha-elegido-un-nuevo-rumbo-que-marca-una-nueva-etapa\/","url":"https:\/\/apuntesdesanluis.com\/index.php\/2024\/05\/11\/san-luis-ha-elegido-un-nuevo-rumbo-que-marca-una-nueva-etapa\/","name":"\u201cSAN LUIS HA ELEGIDO UN NUEVO RUMBO QUE MARCA UNA NUEVA ETAPA\u201d - Apuntes de San Luis","isPartOf":{"@id":"https:\/\/apuntesdesanluis.com\/#website"},"primaryImageOfPage":{"@id":"https:\/\/apuntesdesanluis.com\/index.php\/2024\/05\/11\/san-luis-ha-elegido-un-nuevo-rumbo-que-marca-una-nueva-etapa\/#primaryimage"},"image":{"@id":"https:\/\/apuntesdesanluis.com\/index.php\/2024\/05\/11\/san-luis-ha-elegido-un-nuevo-rumbo-que-marca-una-nueva-etapa\/#primaryimage"},"thumbnailUrl":"https:\/\/apuntesdesanluis.com\/wp-content\/uploads\/2024\/05\/castro-luna.png","datePublished":"2024-05-11T23:43:33+00:00","dateModified":"2024-05-11T23:47:09+00:00","breadcrumb":{"@id":"https:\/\/apuntesdesanluis.com\/index.php\/2024\/05\/11\/san-luis-ha-elegido-un-nuevo-rumbo-que-marca-una-nueva-etapa\/#breadcrumb"},"inLanguage":"es-AR","potentialAction":[{"@type":"ReadAction","target":["https:\/\/apuntesdesanluis.com\/index.php\/2024\/05\/11\/san-luis-ha-elegido-un-nuevo-rumbo-que-marca-una-nueva-etapa\/"]}]},{"@type":"ImageObject","inLanguage":"es-AR","@id":"https:\/\/apuntesdesanluis.com\/index.php\/2024\/05\/11\/san-luis-ha-elegido-un-nuevo-rumbo-que-marca-una-nueva-etapa\/#primaryimage","url":"https:\/\/apuntesdesanluis.com\/wp-content\/uploads\/2024\/05\/castro-luna.png","contentUrl":"https:\/\/apuntesdesanluis.com\/wp-content\/uploads\/2024\/05\/castro-luna.png","width":842,"height":486},{"@type":"BreadcrumbList","@id":"https:\/\/apuntesdesanluis.com\/index.php\/2024\/05\/11\/san-luis-ha-elegido-un-nuevo-rumbo-que-marca-una-nueva-etapa\/#breadcrumb","itemListElement":[{"@type":"ListItem","position":1,"name":"Inicio","item":"https:\/\/apuntesdesanluis.com\/"},{"@type":"ListItem","position":2,"name":"\u201cSAN LUIS HA ELEGIDO UN NUEVO RUMBO QUE MARCA UNA NUEVA ETAPA\u201d"}]},{"@type":"WebSite","@id":"https:\/\/apuntesdesanluis.com\/#website","url":"https:\/\/apuntesdesanluis.com\/","name":"Apuntes de San Luis","description":"","publisher":{"@id":"https:\/\/apuntesdesanluis.com\/#\/schema\/person\/b55151d52296fcce64d1a72538a70b90"},"potentialAction":[{"@type":"SearchAction","target":{"@type":"EntryPoint","urlTemplate":"https:\/\/apuntesdesanluis.com\/?s={search_term_string}"},"query-input":{"@type":"PropertyValueSpecification","valueRequired":true,"valueName":"search_term_string"}}],"inLanguage":"es-AR"},{"@type":["Person","Organization"],"@id":"https:\/\/apuntesdesanluis.com\/#\/schema\/person\/b55151d52296fcce64d1a72538a70b90","name":"apuntesdesanluis.com","image":{"@type":"ImageObject","inLanguage":"es-AR","@id":"https:\/\/apuntesdesanluis.com\/#\/schema\/person\/image\/","url":"https:\/\/apuntesdesanluis.com\/wp-content\/uploads\/2023\/07\/cropped-apuntesdesanluis.png","contentUrl":"https:\/\/apuntesdesanluis.com\/wp-content\/uploads\/2023\/07\/cropped-apuntesdesanluis.png","width":450,"height":112,"caption":"apuntesdesanluis.com"},"logo":{"@id":"https:\/\/apuntesdesanluis.com\/#\/schema\/person\/image\/"},"sameAs":["https:\/\/apuntesdesanluis.com"],"url":"https:\/\/apuntesdesanluis.com\/index.php\/author\/apuntesdesanluis-com\/"}]}},"featured_image_urls":{"full":["https:\/\/apuntesdesanluis.com\/wp-content\/uploads\/2024\/05\/castro-luna.png",842,486,false],"thumbnail":["https:\/\/apuntesdesanluis.com\/wp-content\/uploads\/2024\/05\/castro-luna-150x150.png",150,150,true],"medium":["https:\/\/apuntesdesanluis.com\/wp-content\/uploads\/2024\/05\/castro-luna-300x173.png",300,173,true],"medium_large":["https:\/\/apuntesdesanluis.com\/wp-content\/uploads\/2024\/05\/castro-luna-768x443.png",640,369,true],"large":["https:\/\/apuntesdesanluis.com\/wp-content\/uploads\/2024\/05\/castro-luna.png",640,369,false],"1536x1536":["https:\/\/apuntesdesanluis.com\/wp-content\/uploads\/2024\/05\/castro-luna.png",842,486,false],"2048x2048":["https:\/\/apuntesdesanluis.com\/wp-content\/uploads\/2024\/05\/castro-luna.png",842,486,false],"newsever-slider-full":["https:\/\/apuntesdesanluis.com\/wp-content\/uploads\/2024\/05\/castro-luna.png",842,486,false],"newsever-featured":["https:\/\/apuntesdesanluis.com\/wp-content\/uploads\/2024\/05\/castro-luna.png",842,486,false],"newsever-medium":["https:\/\/apuntesdesanluis.com\/wp-content\/uploads\/2024\/05\/castro-luna-720x475.png",720,475,true]},"author_info":{"display_name":"apuntesdesanluis.com","author_link":"https:\/\/apuntesdesanluis.com\/index.php\/author\/apuntesdesanluis-com\/"},"category_info":"<a href=\"https:\/\/apuntesdesanluis.com\/index.php\/category\/opinion\/\" rel=\"category tag\">Opini\u00f3n<\/a>","tag_info":"Opini\u00f3n","comment_count":"0","_links":{"self":[{"href":"https:\/\/apuntesdesanluis.com\/index.php\/wp-json\/wp\/v2\/posts\/15992","targetHints":{"allow":["GET"]}}],"collection":[{"href":"https:\/\/apuntesdesanluis.com\/index.php\/wp-json\/wp\/v2\/posts"}],"about":[{"href":"https:\/\/apuntesdesanluis.com\/index.php\/wp-json\/wp\/v2\/types\/post"}],"author":[{"embeddable":true,"href":"https:\/\/apuntesdesanluis.com\/index.php\/wp-json\/wp\/v2\/users\/1"}],"replies":[{"embeddable":true,"href":"https:\/\/apuntesdesanluis.com\/index.php\/wp-json\/wp\/v2\/comments?post=15992"}],"version-history":[{"count":5,"href":"https:\/\/apuntesdesanluis.com\/index.php\/wp-json\/wp\/v2\/posts\/15992\/revisions"}],"predecessor-version":[{"id":15998,"href":"https:\/\/apuntesdesanluis.com\/index.php\/wp-json\/wp\/v2\/posts\/15992\/revisions\/15998"}],"wp:featuredmedia":[{"embeddable":true,"href":"https:\/\/apuntesdesanluis.com\/index.php\/wp-json\/wp\/v2\/media\/15993"}],"wp:attachment":[{"href":"https:\/\/apuntesdesanluis.com\/index.php\/wp-json\/wp\/v2\/media?parent=15992"}],"wp:term":[{"taxonomy":"category","embeddable":true,"href":"https:\/\/apuntesdesanluis.com\/index.php\/wp-json\/wp\/v2\/categories?post=15992"},{"taxonomy":"post_tag","embeddable":true,"href":"https:\/\/apuntesdesanluis.com\/index.php\/wp-json\/wp\/v2\/tags?post=15992"}],"curies":[{"name":"wp","href":"https:\/\/api.w.org\/{rel}","templated":true}]}}