{"id":16,"date":"2023-07-15T19:29:50","date_gmt":"2023-07-15T22:29:50","guid":{"rendered":"https:\/\/apuntesdesanluis.com\/?p=16"},"modified":"2023-07-17T00:43:54","modified_gmt":"2023-07-17T03:43:54","slug":"comenzo-a-regir-la-veda-para-las-paso-de-santa-fe","status":"publish","type":"post","link":"https:\/\/apuntesdesanluis.com\/index.php\/2023\/07\/15\/comenzo-a-regir-la-veda-para-las-paso-de-santa-fe\/","title":{"rendered":"COMENZ\u00d3 A REGIR LA VEDA PARA LAS PASO DE SANTA FE"},"content":{"rendered":"<p><!--more--><\/p>\n<h3 dir=\"auto\">La veda electoral de cara a las primarias, abiertas, simult\u00e1neas y obligatorias (PASO) de la provincia de Santa Fe del pr\u00f3ximo domingo comenz\u00f3 a regir desde hoy a las 8:00, luego de que los principales precandidatos a gobernador y senadores y diputados cerraran sus campa\u00f1as el jueves.<\/h3>\n<h3 dir=\"auto\">Este domingo los frentes electorales definir\u00e1n a sus candidatos para competir en las elecciones generales de la provincia, pautadas para el 10 de septiembre, incluidos tambi\u00e9n intendentes y concejales de algunos municipios.<\/h3>\n<h3 dir=\"auto\">La campa\u00f1a gir\u00f3 principalmente en propuestas para la problem\u00e1tica de la inseguridad, tema muy sensible en Santa Fe, por el avance del narcotr\u00e1fico.<\/h3>\n<h3 dir=\"auto\">Los aspirantes del espacio Juntos por el Cambio, que en la provincia se denomina Unidos para Cambiar Santa Fe, llevaron a cabo una campa\u00f1a de una inusitada tensi\u00f3n, con ataques cruzados entre los favoritos, la senadora y ex periodista Carolina Losada, y el ex ministro de Seguridad del distrito, Maximiliano Pullaro, quienes estar\u00edan llegando a estos comicios en medio de una presunta paridad.<\/h3>\n<h3 dir=\"auto\">Este jueves, Losada (Es Con Vos) hizo una recorrida por el centro de Rosario junto a su referente nacional, la precandidata presidencial Patricia Bullrich, y el aspirante a la reelecci\u00f3n como intendente de Rosario, Pablo Javkin. Mientras que Pullaro (Santa Fe Puede), quien se referencia en el otro aspirante presidencial, Horacio Rodr\u00edguez Larreta, cerr\u00f3 su actividad proselitista con un acto en la ciudad agraria de Armstrong.<\/h3>\n<h3 dir=\"auto\">La tercera precandidata a gobernadora del frente que busca destronar al peronismo, la actual diputada nacional socialista y ex intendenta de Rosario M\u00f3nica Fein (Adelante), quien busca dar la sorpresa corriendo desde atr\u00e1s y sin referente a nivel Naci\u00f3n, cerr\u00f3 su campa\u00f1a un poco antes, el mi\u00e9rcoles, en la ciudad de Santa Fe, mediante un acto en el barrio Las Flores II.<\/h3>\n<h3 dir=\"auto\">En el oficialismo, Uni\u00f3n por la Patria, que en Santa Fe lleva la denominaci\u00f3n Juntos Avancemos, el senador nacional Marcelo Lewandowski compite como favorito dentro del espacio peronista tras lograr llegar a un acuerdo con el actual gobernador, Omar Perotti, quien ir\u00e1 como su primer candidato a diputado provincial.<\/h3>\n<h3 dir=\"auto\">Por su parte, la Coalici\u00f3n C\u00edvica, que en esta provincia no integra Juntos por el Cambio, va con un precandidato propio que no tendr\u00e1 competencia interna, el dirigente Eduardo Maradona, quien debi\u00f3 suspender el cierre de su campa\u00f1a debido a la descompensaci\u00f3n que sufri\u00f3 Elisa Carri\u00f3 en el marco de su visita a la provincia para apoyar a sus candidatos para la votaci\u00f3n del domingo.<\/h3>\n<h3 dir=\"auto\">En cambio, s\u00ed habr\u00e1 desaf\u00edo interno en el FIT (Frente de Izquierda-Unidad), entre los dirigentes Carla Deiana y Octavio Crivaro, mientras que los libertarios de Viva la Libertad llevan al dirigente Juan Arga\u00f1araz como \u00fanico postulante a la Gobernaci\u00f3n, aunque sin el apoyo nacional del diputado nacional y precandidato presidencial Javier Milei, seg\u00fan sali\u00f3 a aclarar en las \u00faltimas horas.<\/h3>\n","protected":false},"excerpt":{"rendered":"","protected":false},"author":1,"featured_media":17,"comment_status":"closed","ping_status":"open","sticky":false,"template":"","format":"standard","meta":{"footnotes":""},"categories":[5],"tags":[],"class_list":["post-16","post","type-post","status-publish","format-standard","has-post-thumbnail","hentry","category-nacionales-internacionales"],"yoast_head":"<!-- This site is optimized with the Yoast SEO plugin v26.1.1 - https:\/\/yoast.com\/wordpress\/plugins\/seo\/ -->\n<title>COMENZ\u00d3 A REGIR LA VEDA PARA LAS PASO DE SANTA FE - Apuntes de San Luis<\/title>\n<meta name=\"robots\" content=\"index, follow, max-snippet:-1, max-image-preview:large, max-video-preview:-1\" \/>\n<link rel=\"canonical\" href=\"https:\/\/apuntesdesanluis.com\/index.php\/2023\/07\/15\/comenzo-a-regir-la-veda-para-las-paso-de-santa-fe\/\" \/>\n<meta property=\"og:locale\" content=\"es_ES\" \/>\n<meta property=\"og:type\" content=\"article\" \/>\n<meta property=\"og:title\" content=\"COMENZ\u00d3 A REGIR LA VEDA PARA LAS PASO DE SANTA FE - Apuntes de San Luis\" \/>\n<meta property=\"og:url\" content=\"https:\/\/apuntesdesanluis.com\/index.php\/2023\/07\/15\/comenzo-a-regir-la-veda-para-las-paso-de-santa-fe\/\" \/>\n<meta property=\"og:site_name\" content=\"Apuntes de San Luis\" \/>\n<meta property=\"article:published_time\" content=\"2023-07-15T22:29:50+00:00\" \/>\n<meta property=\"article:modified_time\" content=\"2023-07-17T03:43:54+00:00\" \/>\n<meta property=\"og:image\" content=\"https:\/\/apuntesdesanluis.com\/wp-content\/uploads\/2023\/07\/tres.jpg\" \/>\n\t<meta property=\"og:image:width\" content=\"748\" \/>\n\t<meta property=\"og:image:height\" content=\"390\" \/>\n\t<meta property=\"og:image:type\" content=\"image\/jpeg\" \/>\n<meta name=\"author\" content=\"apuntesdesanluis.com\" \/>\n<meta name=\"twitter:card\" content=\"summary_large_image\" \/>\n<meta name=\"twitter:label1\" content=\"Escrito por\" \/>\n\t<meta name=\"twitter:data1\" content=\"apuntesdesanluis.com\" \/>\n\t<meta name=\"twitter:label2\" content=\"Tiempo de lectura\" \/>\n\t<meta name=\"twitter:data2\" content=\"2 minutos\" \/>\n<script type=\"application\/ld+json\" class=\"yoast-schema-graph\">{\"@context\":\"https:\/\/schema.org\",\"@graph\":[{\"@type\":\"Article\",\"@id\":\"https:\/\/apuntesdesanluis.com\/index.php\/2023\/07\/15\/comenzo-a-regir-la-veda-para-las-paso-de-santa-fe\/#article\",\"isPartOf\":{\"@id\":\"https:\/\/apuntesdesanluis.com\/index.php\/2023\/07\/15\/comenzo-a-regir-la-veda-para-las-paso-de-santa-fe\/\"},\"author\":{\"name\":\"apuntesdesanluis.com\",\"@id\":\"https:\/\/apuntesdesanluis.com\/#\/schema\/person\/b55151d52296fcce64d1a72538a70b90\"},\"headline\":\"COMENZ\u00d3 A REGIR LA VEDA PARA LAS PASO DE SANTA FE\",\"datePublished\":\"2023-07-15T22:29:50+00:00\",\"dateModified\":\"2023-07-17T03:43:54+00:00\",\"mainEntityOfPage\":{\"@id\":\"https:\/\/apuntesdesanluis.com\/index.php\/2023\/07\/15\/comenzo-a-regir-la-veda-para-las-paso-de-santa-fe\/\"},\"wordCount\":505,\"publisher\":{\"@id\":\"https:\/\/apuntesdesanluis.com\/#\/schema\/person\/b55151d52296fcce64d1a72538a70b90\"},\"image\":{\"@id\":\"https:\/\/apuntesdesanluis.com\/index.php\/2023\/07\/15\/comenzo-a-regir-la-veda-para-las-paso-de-santa-fe\/#primaryimage\"},\"thumbnailUrl\":\"https:\/\/apuntesdesanluis.com\/wp-content\/uploads\/2023\/07\/tres.jpg\",\"articleSection\":[\"Nacionales\/Internacionales\"],\"inLanguage\":\"es-AR\"},{\"@type\":\"WebPage\",\"@id\":\"https:\/\/apuntesdesanluis.com\/index.php\/2023\/07\/15\/comenzo-a-regir-la-veda-para-las-paso-de-santa-fe\/\",\"url\":\"https:\/\/apuntesdesanluis.com\/index.php\/2023\/07\/15\/comenzo-a-regir-la-veda-para-las-paso-de-santa-fe\/\",\"name\":\"COMENZ\u00d3 A REGIR LA VEDA PARA LAS PASO DE SANTA FE - Apuntes de San Luis\",\"isPartOf\":{\"@id\":\"https:\/\/apuntesdesanluis.com\/#website\"},\"primaryImageOfPage\":{\"@id\":\"https:\/\/apuntesdesanluis.com\/index.php\/2023\/07\/15\/comenzo-a-regir-la-veda-para-las-paso-de-santa-fe\/#primaryimage\"},\"image\":{\"@id\":\"https:\/\/apuntesdesanluis.com\/index.php\/2023\/07\/15\/comenzo-a-regir-la-veda-para-las-paso-de-santa-fe\/#primaryimage\"},\"thumbnailUrl\":\"https:\/\/apuntesdesanluis.com\/wp-content\/uploads\/2023\/07\/tres.jpg\",\"datePublished\":\"2023-07-15T22:29:50+00:00\",\"dateModified\":\"2023-07-17T03:43:54+00:00\",\"breadcrumb\":{\"@id\":\"https:\/\/apuntesdesanluis.com\/index.php\/2023\/07\/15\/comenzo-a-regir-la-veda-para-las-paso-de-santa-fe\/#breadcrumb\"},\"inLanguage\":\"es-AR\",\"potentialAction\":[{\"@type\":\"ReadAction\",\"target\":[\"https:\/\/apuntesdesanluis.com\/index.php\/2023\/07\/15\/comenzo-a-regir-la-veda-para-las-paso-de-santa-fe\/\"]}]},{\"@type\":\"ImageObject\",\"inLanguage\":\"es-AR\",\"@id\":\"https:\/\/apuntesdesanluis.com\/index.php\/2023\/07\/15\/comenzo-a-regir-la-veda-para-las-paso-de-santa-fe\/#primaryimage\",\"url\":\"https:\/\/apuntesdesanluis.com\/wp-content\/uploads\/2023\/07\/tres.jpg\",\"contentUrl\":\"https:\/\/apuntesdesanluis.com\/wp-content\/uploads\/2023\/07\/tres.jpg\",\"width\":748,\"height\":390},{\"@type\":\"BreadcrumbList\",\"@id\":\"https:\/\/apuntesdesanluis.com\/index.php\/2023\/07\/15\/comenzo-a-regir-la-veda-para-las-paso-de-santa-fe\/#breadcrumb\",\"itemListElement\":[{\"@type\":\"ListItem\",\"position\":1,\"name\":\"Inicio\",\"item\":\"https:\/\/apuntesdesanluis.com\/\"},{\"@type\":\"ListItem\",\"position\":2,\"name\":\"COMENZ\u00d3 A REGIR LA VEDA PARA LAS PASO DE SANTA FE\"}]},{\"@type\":\"WebSite\",\"@id\":\"https:\/\/apuntesdesanluis.com\/#website\",\"url\":\"https:\/\/apuntesdesanluis.com\/\",\"name\":\"Apuntes de San Luis\",\"description\":\"\",\"publisher\":{\"@id\":\"https:\/\/apuntesdesanluis.com\/#\/schema\/person\/b55151d52296fcce64d1a72538a70b90\"},\"potentialAction\":[{\"@type\":\"SearchAction\",\"target\":{\"@type\":\"EntryPoint\",\"urlTemplate\":\"https:\/\/apuntesdesanluis.com\/?s={search_term_string}\"},\"query-input\":{\"@type\":\"PropertyValueSpecification\",\"valueRequired\":true,\"valueName\":\"search_term_string\"}}],\"inLanguage\":\"es-AR\"},{\"@type\":[\"Person\",\"Organization\"],\"@id\":\"https:\/\/apuntesdesanluis.com\/#\/schema\/person\/b55151d52296fcce64d1a72538a70b90\",\"name\":\"apuntesdesanluis.com\",\"image\":{\"@type\":\"ImageObject\",\"inLanguage\":\"es-AR\",\"@id\":\"https:\/\/apuntesdesanluis.com\/#\/schema\/person\/image\/\",\"url\":\"https:\/\/apuntesdesanluis.com\/wp-content\/uploads\/2023\/07\/cropped-apuntesdesanluis.png\",\"contentUrl\":\"https:\/\/apuntesdesanluis.com\/wp-content\/uploads\/2023\/07\/cropped-apuntesdesanluis.png\",\"width\":450,\"height\":112,\"caption\":\"apuntesdesanluis.com\"},\"logo\":{\"@id\":\"https:\/\/apuntesdesanluis.com\/#\/schema\/person\/image\/\"},\"sameAs\":[\"https:\/\/apuntesdesanluis.com\"],\"url\":\"https:\/\/apuntesdesanluis.com\/index.php\/author\/apuntesdesanluis-com\/\"}]}<\/script>\n<!-- \/ Yoast SEO plugin. -->","yoast_head_json":{"title":"COMENZ\u00d3 A REGIR LA VEDA PARA LAS PASO DE SANTA FE - Apuntes de San Luis","robots":{"index":"index","follow":"follow","max-snippet":"max-snippet:-1","max-image-preview":"max-image-preview:large","max-video-preview":"max-video-preview:-1"},"canonical":"https:\/\/apuntesdesanluis.com\/index.php\/2023\/07\/15\/comenzo-a-regir-la-veda-para-las-paso-de-santa-fe\/","og_locale":"es_ES","og_type":"article","og_title":"COMENZ\u00d3 A REGIR LA VEDA PARA LAS PASO DE SANTA FE - Apuntes de San Luis","og_url":"https:\/\/apuntesdesanluis.com\/index.php\/2023\/07\/15\/comenzo-a-regir-la-veda-para-las-paso-de-santa-fe\/","og_site_name":"Apuntes de San Luis","article_published_time":"2023-07-15T22:29:50+00:00","article_modified_time":"2023-07-17T03:43:54+00:00","og_image":[{"width":748,"height":390,"url":"https:\/\/apuntesdesanluis.com\/wp-content\/uploads\/2023\/07\/tres.jpg","type":"image\/jpeg"}],"author":"apuntesdesanluis.com","twitter_card":"summary_large_image","twitter_misc":{"Escrito por":"apuntesdesanluis.com","Tiempo de lectura":"2 minutos"},"schema":{"@context":"https:\/\/schema.org","@graph":[{"@type":"Article","@id":"https:\/\/apuntesdesanluis.com\/index.php\/2023\/07\/15\/comenzo-a-regir-la-veda-para-las-paso-de-santa-fe\/#article","isPartOf":{"@id":"https:\/\/apuntesdesanluis.com\/index.php\/2023\/07\/15\/comenzo-a-regir-la-veda-para-las-paso-de-santa-fe\/"},"author":{"name":"apuntesdesanluis.com","@id":"https:\/\/apuntesdesanluis.com\/#\/schema\/person\/b55151d52296fcce64d1a72538a70b90"},"headline":"COMENZ\u00d3 A REGIR LA VEDA PARA LAS PASO DE SANTA FE","datePublished":"2023-07-15T22:29:50+00:00","dateModified":"2023-07-17T03:43:54+00:00","mainEntityOfPage":{"@id":"https:\/\/apuntesdesanluis.com\/index.php\/2023\/07\/15\/comenzo-a-regir-la-veda-para-las-paso-de-santa-fe\/"},"wordCount":505,"publisher":{"@id":"https:\/\/apuntesdesanluis.com\/#\/schema\/person\/b55151d52296fcce64d1a72538a70b90"},"image":{"@id":"https:\/\/apuntesdesanluis.com\/index.php\/2023\/07\/15\/comenzo-a-regir-la-veda-para-las-paso-de-santa-fe\/#primaryimage"},"thumbnailUrl":"https:\/\/apuntesdesanluis.com\/wp-content\/uploads\/2023\/07\/tres.jpg","articleSection":["Nacionales\/Internacionales"],"inLanguage":"es-AR"},{"@type":"WebPage","@id":"https:\/\/apuntesdesanluis.com\/index.php\/2023\/07\/15\/comenzo-a-regir-la-veda-para-las-paso-de-santa-fe\/","url":"https:\/\/apuntesdesanluis.com\/index.php\/2023\/07\/15\/comenzo-a-regir-la-veda-para-las-paso-de-santa-fe\/","name":"COMENZ\u00d3 A REGIR LA VEDA PARA LAS PASO DE SANTA FE - Apuntes de San Luis","isPartOf":{"@id":"https:\/\/apuntesdesanluis.com\/#website"},"primaryImageOfPage":{"@id":"https:\/\/apuntesdesanluis.com\/index.php\/2023\/07\/15\/comenzo-a-regir-la-veda-para-las-paso-de-santa-fe\/#primaryimage"},"image":{"@id":"https:\/\/apuntesdesanluis.com\/index.php\/2023\/07\/15\/comenzo-a-regir-la-veda-para-las-paso-de-santa-fe\/#primaryimage"},"thumbnailUrl":"https:\/\/apuntesdesanluis.com\/wp-content\/uploads\/2023\/07\/tres.jpg","datePublished":"2023-07-15T22:29:50+00:00","dateModified":"2023-07-17T03:43:54+00:00","breadcrumb":{"@id":"https:\/\/apuntesdesanluis.com\/index.php\/2023\/07\/15\/comenzo-a-regir-la-veda-para-las-paso-de-santa-fe\/#breadcrumb"},"inLanguage":"es-AR","potentialAction":[{"@type":"ReadAction","target":["https:\/\/apuntesdesanluis.com\/index.php\/2023\/07\/15\/comenzo-a-regir-la-veda-para-las-paso-de-santa-fe\/"]}]},{"@type":"ImageObject","inLanguage":"es-AR","@id":"https:\/\/apuntesdesanluis.com\/index.php\/2023\/07\/15\/comenzo-a-regir-la-veda-para-las-paso-de-santa-fe\/#primaryimage","url":"https:\/\/apuntesdesanluis.com\/wp-content\/uploads\/2023\/07\/tres.jpg","contentUrl":"https:\/\/apuntesdesanluis.com\/wp-content\/uploads\/2023\/07\/tres.jpg","width":748,"height":390},{"@type":"BreadcrumbList","@id":"https:\/\/apuntesdesanluis.com\/index.php\/2023\/07\/15\/comenzo-a-regir-la-veda-para-las-paso-de-santa-fe\/#breadcrumb","itemListElement":[{"@type":"ListItem","position":1,"name":"Inicio","item":"https:\/\/apuntesdesanluis.com\/"},{"@type":"ListItem","position":2,"name":"COMENZ\u00d3 A REGIR LA VEDA PARA LAS PASO DE SANTA FE"}]},{"@type":"WebSite","@id":"https:\/\/apuntesdesanluis.com\/#website","url":"https:\/\/apuntesdesanluis.com\/","name":"Apuntes de San Luis","description":"","publisher":{"@id":"https:\/\/apuntesdesanluis.com\/#\/schema\/person\/b55151d52296fcce64d1a72538a70b90"},"potentialAction":[{"@type":"SearchAction","target":{"@type":"EntryPoint","urlTemplate":"https:\/\/apuntesdesanluis.com\/?s={search_term_string}"},"query-input":{"@type":"PropertyValueSpecification","valueRequired":true,"valueName":"search_term_string"}}],"inLanguage":"es-AR"},{"@type":["Person","Organization"],"@id":"https:\/\/apuntesdesanluis.com\/#\/schema\/person\/b55151d52296fcce64d1a72538a70b90","name":"apuntesdesanluis.com","image":{"@type":"ImageObject","inLanguage":"es-AR","@id":"https:\/\/apuntesdesanluis.com\/#\/schema\/person\/image\/","url":"https:\/\/apuntesdesanluis.com\/wp-content\/uploads\/2023\/07\/cropped-apuntesdesanluis.png","contentUrl":"https:\/\/apuntesdesanluis.com\/wp-content\/uploads\/2023\/07\/cropped-apuntesdesanluis.png","width":450,"height":112,"caption":"apuntesdesanluis.com"},"logo":{"@id":"https:\/\/apuntesdesanluis.com\/#\/schema\/person\/image\/"},"sameAs":["https:\/\/apuntesdesanluis.com"],"url":"https:\/\/apuntesdesanluis.com\/index.php\/author\/apuntesdesanluis-com\/"}]}},"featured_image_urls":{"full":["https:\/\/apuntesdesanluis.com\/wp-content\/uploads\/2023\/07\/tres.jpg",748,390,false],"thumbnail":["https:\/\/apuntesdesanluis.com\/wp-content\/uploads\/2023\/07\/tres-150x150.jpg",150,150,true],"medium":["https:\/\/apuntesdesanluis.com\/wp-content\/uploads\/2023\/07\/tres-300x156.jpg",300,156,true],"medium_large":["https:\/\/apuntesdesanluis.com\/wp-content\/uploads\/2023\/07\/tres.jpg",640,334,false],"large":["https:\/\/apuntesdesanluis.com\/wp-content\/uploads\/2023\/07\/tres.jpg",640,334,false],"1536x1536":["https:\/\/apuntesdesanluis.com\/wp-content\/uploads\/2023\/07\/tres.jpg",748,390,false],"2048x2048":["https:\/\/apuntesdesanluis.com\/wp-content\/uploads\/2023\/07\/tres.jpg",748,390,false],"newsever-slider-full":["https:\/\/apuntesdesanluis.com\/wp-content\/uploads\/2023\/07\/tres.jpg",748,390,false],"newsever-featured":["https:\/\/apuntesdesanluis.com\/wp-content\/uploads\/2023\/07\/tres.jpg",748,390,false],"newsever-medium":["https:\/\/apuntesdesanluis.com\/wp-content\/uploads\/2023\/07\/tres-720x390.jpg",720,390,true]},"author_info":{"display_name":"apuntesdesanluis.com","author_link":"https:\/\/apuntesdesanluis.com\/index.php\/author\/apuntesdesanluis-com\/"},"category_info":"<a href=\"https:\/\/apuntesdesanluis.com\/index.php\/category\/nacionales-internacionales\/\" rel=\"category tag\">Nacionales\/Internacionales<\/a>","tag_info":"Nacionales\/Internacionales","comment_count":"0","_links":{"self":[{"href":"https:\/\/apuntesdesanluis.com\/index.php\/wp-json\/wp\/v2\/posts\/16","targetHints":{"allow":["GET"]}}],"collection":[{"href":"https:\/\/apuntesdesanluis.com\/index.php\/wp-json\/wp\/v2\/posts"}],"about":[{"href":"https:\/\/apuntesdesanluis.com\/index.php\/wp-json\/wp\/v2\/types\/post"}],"author":[{"embeddable":true,"href":"https:\/\/apuntesdesanluis.com\/index.php\/wp-json\/wp\/v2\/users\/1"}],"replies":[{"embeddable":true,"href":"https:\/\/apuntesdesanluis.com\/index.php\/wp-json\/wp\/v2\/comments?post=16"}],"version-history":[{"count":0,"href":"https:\/\/apuntesdesanluis.com\/index.php\/wp-json\/wp\/v2\/posts\/16\/revisions"}],"wp:featuredmedia":[{"embeddable":true,"href":"https:\/\/apuntesdesanluis.com\/index.php\/wp-json\/wp\/v2\/media\/17"}],"wp:attachment":[{"href":"https:\/\/apuntesdesanluis.com\/index.php\/wp-json\/wp\/v2\/media?parent=16"}],"wp:term":[{"taxonomy":"category","embeddable":true,"href":"https:\/\/apuntesdesanluis.com\/index.php\/wp-json\/wp\/v2\/categories?post=16"},{"taxonomy":"post_tag","embeddable":true,"href":"https:\/\/apuntesdesanluis.com\/index.php\/wp-json\/wp\/v2\/tags?post=16"}],"curies":[{"name":"wp","href":"https:\/\/api.w.org\/{rel}","templated":true}]}}