{"id":1600,"date":"2023-08-15T13:27:13","date_gmt":"2023-08-15T16:27:13","guid":{"rendered":"https:\/\/apuntesdesanluis.com\/?p=1600"},"modified":"2023-08-15T13:27:13","modified_gmt":"2023-08-15T16:27:13","slug":"milei-revelo-que-fue-contactado-por-el-fmi-y-anticipo-que-pactaran-una-reunion","status":"publish","type":"post","link":"https:\/\/apuntesdesanluis.com\/index.php\/2023\/08\/15\/milei-revelo-que-fue-contactado-por-el-fmi-y-anticipo-que-pactaran-una-reunion\/","title":{"rendered":"MILEI REVEL\u00d3 QUE FUE CONTACTADO POR EL FMI Y ANTICIP\u00d3 QUE PACTAR\u00c1N UNA REUNI\u00d3N"},"content":{"rendered":"<h3>El ganador de las primarias del pasado domingo asegur\u00f3 que desde su espacio est\u00e1n abiertos a concretar \u201cun programa fiscal m\u00e1s agresivo\u201d con el organismo.<\/h3>\n<h3>El candidato a presidente por La Libertad Avanza y ganador de las Primarias, Abiertas, Simult\u00e1neas y Obligatorias (PASO), <strong>Javier Milei<\/strong>, revel\u00f3 que funcionarios del <strong>Fondo Monetario Internacional<\/strong> (FMI) lo contactaron recientemente y adelant\u00f3 que pactar\u00e1n una reuni\u00f3n pr\u00f3ximamente.<\/h3>\n<h3>En el marco de una entrevista televisiva, el l\u00edder libertario asegur\u00f3 que desde el FMI \u201cnos han contactado\u201d y se mostr\u00f3 abierto a la realizaci\u00f3n de un encuentro en el corto plazo, al expresar que \u201ctenemos que armar la reuni\u00f3n\u201d, ya que \u201cno tenemos problemas con el Fondo\u201d.<\/h3>\n<h3>Al respecto no brind\u00f3 mayores precisiones, pero sostuvo que no ser\u00eda un inconveniente ponerse de acuerdo con el organismo para llevar adelante un programa que se logre implementar.<\/h3>\n<h3>En ese sentido, manifest\u00f3 que \u201cno es un problema, \u00bfpor qu\u00e9 cu\u00e1l es la clave de todos los programas del Fondo? Bajar el d\u00e9ficit. \u00bfY por qu\u00e9 fracasa siempre? Porque no se cumple\u201d. Por lo que, precis\u00f3 que \u201cnosotros tenemos un programa fiscal mucho m\u00e1s agresivo que el del Fondo, nosotros estar\u00edamos sobrecumplidos en la meta porque tenemos esa convicci\u00f3n\u201d.<\/h3>\n","protected":false},"excerpt":{"rendered":"<p>El ganador de las primarias del pasado domingo asegur\u00f3 que desde su espacio est\u00e1n abiertos&#8230;<\/p>\n","protected":false},"author":1,"featured_media":1527,"comment_status":"closed","ping_status":"closed","sticky":false,"template":"","format":"standard","meta":{"footnotes":""},"categories":[5],"tags":[],"class_list":["post-1600","post","type-post","status-publish","format-standard","has-post-thumbnail","hentry","category-nacionales-internacionales"],"yoast_head":"<!-- This site is optimized with the Yoast SEO plugin v26.1.1 - https:\/\/yoast.com\/wordpress\/plugins\/seo\/ -->\n<title>MILEI REVEL\u00d3 QUE FUE CONTACTADO POR EL FMI Y ANTICIP\u00d3 QUE PACTAR\u00c1N UNA REUNI\u00d3N - Apuntes de San Luis<\/title>\n<meta name=\"robots\" content=\"index, follow, max-snippet:-1, max-image-preview:large, max-video-preview:-1\" \/>\n<link rel=\"canonical\" href=\"https:\/\/apuntesdesanluis.com\/index.php\/2023\/08\/15\/milei-revelo-que-fue-contactado-por-el-fmi-y-anticipo-que-pactaran-una-reunion\/\" \/>\n<meta property=\"og:locale\" content=\"es_ES\" \/>\n<meta property=\"og:type\" content=\"article\" \/>\n<meta property=\"og:title\" content=\"MILEI REVEL\u00d3 QUE FUE CONTACTADO POR EL FMI Y ANTICIP\u00d3 QUE PACTAR\u00c1N UNA REUNI\u00d3N - Apuntes de San Luis\" \/>\n<meta property=\"og:description\" content=\"El ganador de las primarias del pasado domingo asegur\u00f3 que desde su espacio est\u00e1n abiertos...\" \/>\n<meta property=\"og:url\" content=\"https:\/\/apuntesdesanluis.com\/index.php\/2023\/08\/15\/milei-revelo-que-fue-contactado-por-el-fmi-y-anticipo-que-pactaran-una-reunion\/\" \/>\n<meta property=\"og:site_name\" content=\"Apuntes de San Luis\" \/>\n<meta property=\"article:published_time\" content=\"2023-08-15T16:27:13+00:00\" \/>\n<meta property=\"og:image\" content=\"https:\/\/apuntesdesanluis.com\/wp-content\/uploads\/2023\/08\/MILEI.webp\" \/>\n\t<meta property=\"og:image:width\" content=\"887\" \/>\n\t<meta property=\"og:image:height\" content=\"573\" \/>\n\t<meta property=\"og:image:type\" content=\"image\/webp\" \/>\n<meta name=\"author\" content=\"apuntesdesanluis.com\" \/>\n<meta name=\"twitter:card\" content=\"summary_large_image\" \/>\n<meta name=\"twitter:label1\" content=\"Escrito por\" \/>\n\t<meta name=\"twitter:data1\" content=\"apuntesdesanluis.com\" \/>\n\t<meta name=\"twitter:label2\" content=\"Tiempo de lectura\" \/>\n\t<meta name=\"twitter:data2\" content=\"1 minuto\" \/>\n<script type=\"application\/ld+json\" class=\"yoast-schema-graph\">{\"@context\":\"https:\/\/schema.org\",\"@graph\":[{\"@type\":\"Article\",\"@id\":\"https:\/\/apuntesdesanluis.com\/index.php\/2023\/08\/15\/milei-revelo-que-fue-contactado-por-el-fmi-y-anticipo-que-pactaran-una-reunion\/#article\",\"isPartOf\":{\"@id\":\"https:\/\/apuntesdesanluis.com\/index.php\/2023\/08\/15\/milei-revelo-que-fue-contactado-por-el-fmi-y-anticipo-que-pactaran-una-reunion\/\"},\"author\":{\"name\":\"apuntesdesanluis.com\",\"@id\":\"https:\/\/apuntesdesanluis.com\/#\/schema\/person\/b55151d52296fcce64d1a72538a70b90\"},\"headline\":\"MILEI REVEL\u00d3 QUE FUE CONTACTADO POR EL FMI Y ANTICIP\u00d3 QUE PACTAR\u00c1N UNA REUNI\u00d3N\",\"datePublished\":\"2023-08-15T16:27:13+00:00\",\"mainEntityOfPage\":{\"@id\":\"https:\/\/apuntesdesanluis.com\/index.php\/2023\/08\/15\/milei-revelo-que-fue-contactado-por-el-fmi-y-anticipo-que-pactaran-una-reunion\/\"},\"wordCount\":230,\"publisher\":{\"@id\":\"https:\/\/apuntesdesanluis.com\/#\/schema\/person\/b55151d52296fcce64d1a72538a70b90\"},\"image\":{\"@id\":\"https:\/\/apuntesdesanluis.com\/index.php\/2023\/08\/15\/milei-revelo-que-fue-contactado-por-el-fmi-y-anticipo-que-pactaran-una-reunion\/#primaryimage\"},\"thumbnailUrl\":\"https:\/\/apuntesdesanluis.com\/wp-content\/uploads\/2023\/08\/MILEI.webp\",\"articleSection\":[\"Nacionales\/Internacionales\"],\"inLanguage\":\"es-AR\"},{\"@type\":\"WebPage\",\"@id\":\"https:\/\/apuntesdesanluis.com\/index.php\/2023\/08\/15\/milei-revelo-que-fue-contactado-por-el-fmi-y-anticipo-que-pactaran-una-reunion\/\",\"url\":\"https:\/\/apuntesdesanluis.com\/index.php\/2023\/08\/15\/milei-revelo-que-fue-contactado-por-el-fmi-y-anticipo-que-pactaran-una-reunion\/\",\"name\":\"MILEI REVEL\u00d3 QUE FUE CONTACTADO POR EL FMI Y ANTICIP\u00d3 QUE PACTAR\u00c1N UNA REUNI\u00d3N - Apuntes de San Luis\",\"isPartOf\":{\"@id\":\"https:\/\/apuntesdesanluis.com\/#website\"},\"primaryImageOfPage\":{\"@id\":\"https:\/\/apuntesdesanluis.com\/index.php\/2023\/08\/15\/milei-revelo-que-fue-contactado-por-el-fmi-y-anticipo-que-pactaran-una-reunion\/#primaryimage\"},\"image\":{\"@id\":\"https:\/\/apuntesdesanluis.com\/index.php\/2023\/08\/15\/milei-revelo-que-fue-contactado-por-el-fmi-y-anticipo-que-pactaran-una-reunion\/#primaryimage\"},\"thumbnailUrl\":\"https:\/\/apuntesdesanluis.com\/wp-content\/uploads\/2023\/08\/MILEI.webp\",\"datePublished\":\"2023-08-15T16:27:13+00:00\",\"breadcrumb\":{\"@id\":\"https:\/\/apuntesdesanluis.com\/index.php\/2023\/08\/15\/milei-revelo-que-fue-contactado-por-el-fmi-y-anticipo-que-pactaran-una-reunion\/#breadcrumb\"},\"inLanguage\":\"es-AR\",\"potentialAction\":[{\"@type\":\"ReadAction\",\"target\":[\"https:\/\/apuntesdesanluis.com\/index.php\/2023\/08\/15\/milei-revelo-que-fue-contactado-por-el-fmi-y-anticipo-que-pactaran-una-reunion\/\"]}]},{\"@type\":\"ImageObject\",\"inLanguage\":\"es-AR\",\"@id\":\"https:\/\/apuntesdesanluis.com\/index.php\/2023\/08\/15\/milei-revelo-que-fue-contactado-por-el-fmi-y-anticipo-que-pactaran-una-reunion\/#primaryimage\",\"url\":\"https:\/\/apuntesdesanluis.com\/wp-content\/uploads\/2023\/08\/MILEI.webp\",\"contentUrl\":\"https:\/\/apuntesdesanluis.com\/wp-content\/uploads\/2023\/08\/MILEI.webp\",\"width\":887,\"height\":573},{\"@type\":\"BreadcrumbList\",\"@id\":\"https:\/\/apuntesdesanluis.com\/index.php\/2023\/08\/15\/milei-revelo-que-fue-contactado-por-el-fmi-y-anticipo-que-pactaran-una-reunion\/#breadcrumb\",\"itemListElement\":[{\"@type\":\"ListItem\",\"position\":1,\"name\":\"Inicio\",\"item\":\"https:\/\/apuntesdesanluis.com\/\"},{\"@type\":\"ListItem\",\"position\":2,\"name\":\"MILEI REVEL\u00d3 QUE FUE CONTACTADO POR EL FMI Y ANTICIP\u00d3 QUE PACTAR\u00c1N UNA REUNI\u00d3N\"}]},{\"@type\":\"WebSite\",\"@id\":\"https:\/\/apuntesdesanluis.com\/#website\",\"url\":\"https:\/\/apuntesdesanluis.com\/\",\"name\":\"Apuntes de San Luis\",\"description\":\"\",\"publisher\":{\"@id\":\"https:\/\/apuntesdesanluis.com\/#\/schema\/person\/b55151d52296fcce64d1a72538a70b90\"},\"potentialAction\":[{\"@type\":\"SearchAction\",\"target\":{\"@type\":\"EntryPoint\",\"urlTemplate\":\"https:\/\/apuntesdesanluis.com\/?s={search_term_string}\"},\"query-input\":{\"@type\":\"PropertyValueSpecification\",\"valueRequired\":true,\"valueName\":\"search_term_string\"}}],\"inLanguage\":\"es-AR\"},{\"@type\":[\"Person\",\"Organization\"],\"@id\":\"https:\/\/apuntesdesanluis.com\/#\/schema\/person\/b55151d52296fcce64d1a72538a70b90\",\"name\":\"apuntesdesanluis.com\",\"image\":{\"@type\":\"ImageObject\",\"inLanguage\":\"es-AR\",\"@id\":\"https:\/\/apuntesdesanluis.com\/#\/schema\/person\/image\/\",\"url\":\"https:\/\/apuntesdesanluis.com\/wp-content\/uploads\/2023\/07\/cropped-apuntesdesanluis.png\",\"contentUrl\":\"https:\/\/apuntesdesanluis.com\/wp-content\/uploads\/2023\/07\/cropped-apuntesdesanluis.png\",\"width\":450,\"height\":112,\"caption\":\"apuntesdesanluis.com\"},\"logo\":{\"@id\":\"https:\/\/apuntesdesanluis.com\/#\/schema\/person\/image\/\"},\"sameAs\":[\"https:\/\/apuntesdesanluis.com\"],\"url\":\"https:\/\/apuntesdesanluis.com\/index.php\/author\/apuntesdesanluis-com\/\"}]}<\/script>\n<!-- \/ Yoast SEO plugin. -->","yoast_head_json":{"title":"MILEI REVEL\u00d3 QUE FUE CONTACTADO POR EL FMI Y ANTICIP\u00d3 QUE PACTAR\u00c1N UNA REUNI\u00d3N - Apuntes de San Luis","robots":{"index":"index","follow":"follow","max-snippet":"max-snippet:-1","max-image-preview":"max-image-preview:large","max-video-preview":"max-video-preview:-1"},"canonical":"https:\/\/apuntesdesanluis.com\/index.php\/2023\/08\/15\/milei-revelo-que-fue-contactado-por-el-fmi-y-anticipo-que-pactaran-una-reunion\/","og_locale":"es_ES","og_type":"article","og_title":"MILEI REVEL\u00d3 QUE FUE CONTACTADO POR EL FMI Y ANTICIP\u00d3 QUE PACTAR\u00c1N UNA REUNI\u00d3N - Apuntes de San Luis","og_description":"El ganador de las primarias del pasado domingo asegur\u00f3 que desde su espacio est\u00e1n abiertos...","og_url":"https:\/\/apuntesdesanluis.com\/index.php\/2023\/08\/15\/milei-revelo-que-fue-contactado-por-el-fmi-y-anticipo-que-pactaran-una-reunion\/","og_site_name":"Apuntes de San Luis","article_published_time":"2023-08-15T16:27:13+00:00","og_image":[{"width":887,"height":573,"url":"https:\/\/apuntesdesanluis.com\/wp-content\/uploads\/2023\/08\/MILEI.webp","type":"image\/webp"}],"author":"apuntesdesanluis.com","twitter_card":"summary_large_image","twitter_misc":{"Escrito por":"apuntesdesanluis.com","Tiempo de lectura":"1 minuto"},"schema":{"@context":"https:\/\/schema.org","@graph":[{"@type":"Article","@id":"https:\/\/apuntesdesanluis.com\/index.php\/2023\/08\/15\/milei-revelo-que-fue-contactado-por-el-fmi-y-anticipo-que-pactaran-una-reunion\/#article","isPartOf":{"@id":"https:\/\/apuntesdesanluis.com\/index.php\/2023\/08\/15\/milei-revelo-que-fue-contactado-por-el-fmi-y-anticipo-que-pactaran-una-reunion\/"},"author":{"name":"apuntesdesanluis.com","@id":"https:\/\/apuntesdesanluis.com\/#\/schema\/person\/b55151d52296fcce64d1a72538a70b90"},"headline":"MILEI REVEL\u00d3 QUE FUE CONTACTADO POR EL FMI Y ANTICIP\u00d3 QUE PACTAR\u00c1N UNA REUNI\u00d3N","datePublished":"2023-08-15T16:27:13+00:00","mainEntityOfPage":{"@id":"https:\/\/apuntesdesanluis.com\/index.php\/2023\/08\/15\/milei-revelo-que-fue-contactado-por-el-fmi-y-anticipo-que-pactaran-una-reunion\/"},"wordCount":230,"publisher":{"@id":"https:\/\/apuntesdesanluis.com\/#\/schema\/person\/b55151d52296fcce64d1a72538a70b90"},"image":{"@id":"https:\/\/apuntesdesanluis.com\/index.php\/2023\/08\/15\/milei-revelo-que-fue-contactado-por-el-fmi-y-anticipo-que-pactaran-una-reunion\/#primaryimage"},"thumbnailUrl":"https:\/\/apuntesdesanluis.com\/wp-content\/uploads\/2023\/08\/MILEI.webp","articleSection":["Nacionales\/Internacionales"],"inLanguage":"es-AR"},{"@type":"WebPage","@id":"https:\/\/apuntesdesanluis.com\/index.php\/2023\/08\/15\/milei-revelo-que-fue-contactado-por-el-fmi-y-anticipo-que-pactaran-una-reunion\/","url":"https:\/\/apuntesdesanluis.com\/index.php\/2023\/08\/15\/milei-revelo-que-fue-contactado-por-el-fmi-y-anticipo-que-pactaran-una-reunion\/","name":"MILEI REVEL\u00d3 QUE FUE CONTACTADO POR EL FMI Y ANTICIP\u00d3 QUE PACTAR\u00c1N UNA REUNI\u00d3N - Apuntes de San Luis","isPartOf":{"@id":"https:\/\/apuntesdesanluis.com\/#website"},"primaryImageOfPage":{"@id":"https:\/\/apuntesdesanluis.com\/index.php\/2023\/08\/15\/milei-revelo-que-fue-contactado-por-el-fmi-y-anticipo-que-pactaran-una-reunion\/#primaryimage"},"image":{"@id":"https:\/\/apuntesdesanluis.com\/index.php\/2023\/08\/15\/milei-revelo-que-fue-contactado-por-el-fmi-y-anticipo-que-pactaran-una-reunion\/#primaryimage"},"thumbnailUrl":"https:\/\/apuntesdesanluis.com\/wp-content\/uploads\/2023\/08\/MILEI.webp","datePublished":"2023-08-15T16:27:13+00:00","breadcrumb":{"@id":"https:\/\/apuntesdesanluis.com\/index.php\/2023\/08\/15\/milei-revelo-que-fue-contactado-por-el-fmi-y-anticipo-que-pactaran-una-reunion\/#breadcrumb"},"inLanguage":"es-AR","potentialAction":[{"@type":"ReadAction","target":["https:\/\/apuntesdesanluis.com\/index.php\/2023\/08\/15\/milei-revelo-que-fue-contactado-por-el-fmi-y-anticipo-que-pactaran-una-reunion\/"]}]},{"@type":"ImageObject","inLanguage":"es-AR","@id":"https:\/\/apuntesdesanluis.com\/index.php\/2023\/08\/15\/milei-revelo-que-fue-contactado-por-el-fmi-y-anticipo-que-pactaran-una-reunion\/#primaryimage","url":"https:\/\/apuntesdesanluis.com\/wp-content\/uploads\/2023\/08\/MILEI.webp","contentUrl":"https:\/\/apuntesdesanluis.com\/wp-content\/uploads\/2023\/08\/MILEI.webp","width":887,"height":573},{"@type":"BreadcrumbList","@id":"https:\/\/apuntesdesanluis.com\/index.php\/2023\/08\/15\/milei-revelo-que-fue-contactado-por-el-fmi-y-anticipo-que-pactaran-una-reunion\/#breadcrumb","itemListElement":[{"@type":"ListItem","position":1,"name":"Inicio","item":"https:\/\/apuntesdesanluis.com\/"},{"@type":"ListItem","position":2,"name":"MILEI REVEL\u00d3 QUE FUE CONTACTADO POR EL FMI Y ANTICIP\u00d3 QUE PACTAR\u00c1N UNA REUNI\u00d3N"}]},{"@type":"WebSite","@id":"https:\/\/apuntesdesanluis.com\/#website","url":"https:\/\/apuntesdesanluis.com\/","name":"Apuntes de San Luis","description":"","publisher":{"@id":"https:\/\/apuntesdesanluis.com\/#\/schema\/person\/b55151d52296fcce64d1a72538a70b90"},"potentialAction":[{"@type":"SearchAction","target":{"@type":"EntryPoint","urlTemplate":"https:\/\/apuntesdesanluis.com\/?s={search_term_string}"},"query-input":{"@type":"PropertyValueSpecification","valueRequired":true,"valueName":"search_term_string"}}],"inLanguage":"es-AR"},{"@type":["Person","Organization"],"@id":"https:\/\/apuntesdesanluis.com\/#\/schema\/person\/b55151d52296fcce64d1a72538a70b90","name":"apuntesdesanluis.com","image":{"@type":"ImageObject","inLanguage":"es-AR","@id":"https:\/\/apuntesdesanluis.com\/#\/schema\/person\/image\/","url":"https:\/\/apuntesdesanluis.com\/wp-content\/uploads\/2023\/07\/cropped-apuntesdesanluis.png","contentUrl":"https:\/\/apuntesdesanluis.com\/wp-content\/uploads\/2023\/07\/cropped-apuntesdesanluis.png","width":450,"height":112,"caption":"apuntesdesanluis.com"},"logo":{"@id":"https:\/\/apuntesdesanluis.com\/#\/schema\/person\/image\/"},"sameAs":["https:\/\/apuntesdesanluis.com"],"url":"https:\/\/apuntesdesanluis.com\/index.php\/author\/apuntesdesanluis-com\/"}]}},"featured_image_urls":{"full":["https:\/\/apuntesdesanluis.com\/wp-content\/uploads\/2023\/08\/MILEI.webp",887,573,false],"thumbnail":["https:\/\/apuntesdesanluis.com\/wp-content\/uploads\/2023\/08\/MILEI-150x150.webp",150,150,true],"medium":["https:\/\/apuntesdesanluis.com\/wp-content\/uploads\/2023\/08\/MILEI-300x194.webp",300,194,true],"medium_large":["https:\/\/apuntesdesanluis.com\/wp-content\/uploads\/2023\/08\/MILEI-768x496.webp",640,413,true],"large":["https:\/\/apuntesdesanluis.com\/wp-content\/uploads\/2023\/08\/MILEI.webp",640,413,false],"1536x1536":["https:\/\/apuntesdesanluis.com\/wp-content\/uploads\/2023\/08\/MILEI.webp",887,573,false],"2048x2048":["https:\/\/apuntesdesanluis.com\/wp-content\/uploads\/2023\/08\/MILEI.webp",887,573,false],"newsever-slider-full":["https:\/\/apuntesdesanluis.com\/wp-content\/uploads\/2023\/08\/MILEI.webp",887,573,false],"newsever-featured":["https:\/\/apuntesdesanluis.com\/wp-content\/uploads\/2023\/08\/MILEI.webp",887,573,false],"newsever-medium":["https:\/\/apuntesdesanluis.com\/wp-content\/uploads\/2023\/08\/MILEI-720x475.webp",720,475,true]},"author_info":{"display_name":"apuntesdesanluis.com","author_link":"https:\/\/apuntesdesanluis.com\/index.php\/author\/apuntesdesanluis-com\/"},"category_info":"<a href=\"https:\/\/apuntesdesanluis.com\/index.php\/category\/nacionales-internacionales\/\" rel=\"category tag\">Nacionales\/Internacionales<\/a>","tag_info":"Nacionales\/Internacionales","comment_count":"0","_links":{"self":[{"href":"https:\/\/apuntesdesanluis.com\/index.php\/wp-json\/wp\/v2\/posts\/1600","targetHints":{"allow":["GET"]}}],"collection":[{"href":"https:\/\/apuntesdesanluis.com\/index.php\/wp-json\/wp\/v2\/posts"}],"about":[{"href":"https:\/\/apuntesdesanluis.com\/index.php\/wp-json\/wp\/v2\/types\/post"}],"author":[{"embeddable":true,"href":"https:\/\/apuntesdesanluis.com\/index.php\/wp-json\/wp\/v2\/users\/1"}],"replies":[{"embeddable":true,"href":"https:\/\/apuntesdesanluis.com\/index.php\/wp-json\/wp\/v2\/comments?post=1600"}],"version-history":[{"count":1,"href":"https:\/\/apuntesdesanluis.com\/index.php\/wp-json\/wp\/v2\/posts\/1600\/revisions"}],"predecessor-version":[{"id":1601,"href":"https:\/\/apuntesdesanluis.com\/index.php\/wp-json\/wp\/v2\/posts\/1600\/revisions\/1601"}],"wp:featuredmedia":[{"embeddable":true,"href":"https:\/\/apuntesdesanluis.com\/index.php\/wp-json\/wp\/v2\/media\/1527"}],"wp:attachment":[{"href":"https:\/\/apuntesdesanluis.com\/index.php\/wp-json\/wp\/v2\/media?parent=1600"}],"wp:term":[{"taxonomy":"category","embeddable":true,"href":"https:\/\/apuntesdesanluis.com\/index.php\/wp-json\/wp\/v2\/categories?post=1600"},{"taxonomy":"post_tag","embeddable":true,"href":"https:\/\/apuntesdesanluis.com\/index.php\/wp-json\/wp\/v2\/tags?post=1600"}],"curies":[{"name":"wp","href":"https:\/\/api.w.org\/{rel}","templated":true}]}}