{"id":16026,"date":"2024-05-12T19:38:26","date_gmt":"2024-05-12T22:38:26","guid":{"rendered":"https:\/\/apuntesdesanluis.com\/?p=16026"},"modified":"2024-05-12T19:38:26","modified_gmt":"2024-05-12T22:38:26","slug":"exitoso-regreso-de-los-interbarriales-2024-en-la-villa-merlo","status":"publish","type":"post","link":"https:\/\/apuntesdesanluis.com\/index.php\/2024\/05\/12\/exitoso-regreso-de-los-interbarriales-2024-en-la-villa-merlo\/","title":{"rendered":"EXITOSO REGRESO DE LOS INTERBARRIALES 2024 EN LA VILLA MERLO"},"content":{"rendered":"<h3>En la tarde del s\u00e1bado se dio inicio a una nueva edici\u00f3n del caracter\u00edstico torneo de f\u00fatbol infantil en nuestra localidad. M\u00e1s de 500 personas disfrutaron a lo largo de la jornada que cont\u00f3 adem\u00e1s con actividades recreativas y deportivas para la familia y reconocimientos.<\/h3>\n<p><img fetchpriority=\"high\" decoding=\"async\" class=\"wp-image-16028 aligncenter\" src=\"https:\/\/apuntesdesanluis.com\/wp-content\/uploads\/2024\/05\/1b4aeac4-3624-4d70-a82f-95581a4896a8-300x200.jpg\" alt=\"\" width=\"554\" height=\"369\" srcset=\"https:\/\/apuntesdesanluis.com\/wp-content\/uploads\/2024\/05\/1b4aeac4-3624-4d70-a82f-95581a4896a8-300x200.jpg 300w, https:\/\/apuntesdesanluis.com\/wp-content\/uploads\/2024\/05\/1b4aeac4-3624-4d70-a82f-95581a4896a8.jpg 600w\" sizes=\"(max-width: 554px) 100vw, 554px\" \/><\/p>\n<h3>Las canchas y la plaza del B\u00b0 Rosedal fueron testigos de un exitoso regreso de los Interbarriales y una gran variedad de actividades en la que se reunieron ni\u00f1os y ni\u00f1as de cada barrio merlino en un solo lugar, fomentando as\u00ed el deporte, compa\u00f1erismo y diversi\u00f3n.<\/h3>\n<p><img decoding=\"async\" class=\"wp-image-16029 aligncenter\" src=\"https:\/\/apuntesdesanluis.com\/wp-content\/uploads\/2024\/05\/289fd03b-4504-4771-bbf7-8f072a7bbe95-300x179.jpg\" alt=\"\" width=\"555\" height=\"331\" srcset=\"https:\/\/apuntesdesanluis.com\/wp-content\/uploads\/2024\/05\/289fd03b-4504-4771-bbf7-8f072a7bbe95-300x179.jpg 300w, https:\/\/apuntesdesanluis.com\/wp-content\/uploads\/2024\/05\/289fd03b-4504-4771-bbf7-8f072a7bbe95.jpg 700w\" sizes=\"(max-width: 555px) 100vw, 555px\" \/><\/p>\n<h3>M\u00e1s de 500 personas disfrutaron a lo largo de la jornada deportiva, que adem\u00e1s tuvo su momento de reconocimiento a algunos pioneros de este torneo. Los homenajes seguir\u00e1n durante el transcurso del a\u00f1o a quienes fueron parte de la historia del los interbarriales.<\/h3>\n<p><img decoding=\"async\" class=\"wp-image-16030 aligncenter\" src=\"https:\/\/apuntesdesanluis.com\/wp-content\/uploads\/2024\/05\/f8aae3a9-439e-4740-a2f9-49df0666b992-300x200.jpg\" alt=\"\" width=\"554\" height=\"369\" srcset=\"https:\/\/apuntesdesanluis.com\/wp-content\/uploads\/2024\/05\/f8aae3a9-439e-4740-a2f9-49df0666b992-300x200.jpg 300w, https:\/\/apuntesdesanluis.com\/wp-content\/uploads\/2024\/05\/f8aae3a9-439e-4740-a2f9-49df0666b992.jpg 600w\" sizes=\"(max-width: 554px) 100vw, 554px\" \/><\/p>\n<h3>Estuvieron presentes el intendente, <strong>Juan Alvarez Pinto<\/strong>,el Coordinador deportivo Jun\u00edn, Sergio Romero, el secretario de Gobierno y Deportes, Francisco Oviedo,los directores Federico Efr\u00f3n, Carlos Arg\u00fcello, Paola Ferraresi Lucas Di Diego junto al equipo de la secretar\u00eda, el jefe de Gabinete y Hacienda, Bruno Mini, parte del gabinete municipal, el presidente del Concejo Deliberante, Leonardo Rodriguez y el concejal, Ezequiel Cuello Almena.<\/h3>\n<p><img loading=\"lazy\" decoding=\"async\" class=\"wp-image-16031 aligncenter\" src=\"https:\/\/apuntesdesanluis.com\/wp-content\/uploads\/2024\/05\/a69b4ecf-59c2-4311-bb06-a5fd3f049f56-300x165.jpg\" alt=\"\" width=\"556\" height=\"306\" srcset=\"https:\/\/apuntesdesanluis.com\/wp-content\/uploads\/2024\/05\/a69b4ecf-59c2-4311-bb06-a5fd3f049f56-300x165.jpg 300w, https:\/\/apuntesdesanluis.com\/wp-content\/uploads\/2024\/05\/a69b4ecf-59c2-4311-bb06-a5fd3f049f56.jpg 594w\" sizes=\"(max-width: 556px) 100vw, 556px\" \/><\/p>\n<h3>Los frutos de la gesti\u00f3n municipal en materia deportiva quedan de manifiesto una vez m\u00e1s, demostrando que el trabajo serio y comprometido que se desarrolla cotidianamente ha logrado fomentar el deporte y la vida sana entre los ni\u00f1os de la localidad para afianzar a la Villa de Merlo como ciudad del Deporte.<\/h3>\n<p><img loading=\"lazy\" decoding=\"async\" class=\"wp-image-16032 aligncenter\" src=\"https:\/\/apuntesdesanluis.com\/wp-content\/uploads\/2024\/05\/595f5007-6619-4cb6-8666-b216ebb69e22-300x200.jpg\" alt=\"\" width=\"557\" height=\"371\" srcset=\"https:\/\/apuntesdesanluis.com\/wp-content\/uploads\/2024\/05\/595f5007-6619-4cb6-8666-b216ebb69e22-300x200.jpg 300w, https:\/\/apuntesdesanluis.com\/wp-content\/uploads\/2024\/05\/595f5007-6619-4cb6-8666-b216ebb69e22.jpg 600w\" sizes=\"(max-width: 557px) 100vw, 557px\" \/><\/p>\n<p><img loading=\"lazy\" decoding=\"async\" class=\"wp-image-16033 aligncenter\" src=\"https:\/\/apuntesdesanluis.com\/wp-content\/uploads\/2024\/05\/24d7fa6a-44c8-49e3-b3a6-39311cf5716b-300x200.jpg\" alt=\"\" width=\"557\" height=\"371\" srcset=\"https:\/\/apuntesdesanluis.com\/wp-content\/uploads\/2024\/05\/24d7fa6a-44c8-49e3-b3a6-39311cf5716b-300x200.jpg 300w, https:\/\/apuntesdesanluis.com\/wp-content\/uploads\/2024\/05\/24d7fa6a-44c8-49e3-b3a6-39311cf5716b.jpg 600w\" sizes=\"(max-width: 557px) 100vw, 557px\" \/><\/p>\n<p>&nbsp;<\/p>\n<p>&nbsp;<\/p>\n<p>&nbsp;<\/p>\n<p>&nbsp;<\/p>\n<p>&nbsp;<\/p>\n","protected":false},"excerpt":{"rendered":"<p>En la tarde del s\u00e1bado se dio inicio a una nueva edici\u00f3n del caracter\u00edstico torneo&#8230;<\/p>\n","protected":false},"author":1,"featured_media":16027,"comment_status":"closed","ping_status":"closed","sticky":false,"template":"","format":"standard","meta":{"footnotes":""},"categories":[6],"tags":[],"class_list":["post-16026","post","type-post","status-publish","format-standard","has-post-thumbnail","hentry","category-ciudad-provincia"],"yoast_head":"<!-- This site is optimized with the Yoast SEO plugin v26.1.1 - https:\/\/yoast.com\/wordpress\/plugins\/seo\/ -->\n<title>EXITOSO REGRESO DE LOS INTERBARRIALES 2024 EN LA VILLA MERLO - Apuntes de San Luis<\/title>\n<meta name=\"robots\" content=\"index, follow, max-snippet:-1, max-image-preview:large, max-video-preview:-1\" \/>\n<link rel=\"canonical\" href=\"https:\/\/apuntesdesanluis.com\/index.php\/2024\/05\/12\/exitoso-regreso-de-los-interbarriales-2024-en-la-villa-merlo\/\" \/>\n<meta property=\"og:locale\" content=\"es_ES\" \/>\n<meta property=\"og:type\" content=\"article\" \/>\n<meta property=\"og:title\" content=\"EXITOSO REGRESO DE LOS INTERBARRIALES 2024 EN LA VILLA MERLO - Apuntes de San Luis\" \/>\n<meta property=\"og:description\" content=\"En la tarde del s\u00e1bado se dio inicio a una nueva edici\u00f3n del caracter\u00edstico torneo...\" \/>\n<meta property=\"og:url\" content=\"https:\/\/apuntesdesanluis.com\/index.php\/2024\/05\/12\/exitoso-regreso-de-los-interbarriales-2024-en-la-villa-merlo\/\" \/>\n<meta property=\"og:site_name\" content=\"Apuntes de San Luis\" \/>\n<meta property=\"article:published_time\" content=\"2024-05-12T22:38:26+00:00\" \/>\n<meta property=\"og:image\" content=\"https:\/\/apuntesdesanluis.com\/wp-content\/uploads\/2024\/05\/iNTERB-ALVAREZ-PINTO.jpg\" \/>\n\t<meta property=\"og:image:width\" content=\"700\" \/>\n\t<meta property=\"og:image:height\" content=\"466\" \/>\n\t<meta property=\"og:image:type\" content=\"image\/jpeg\" \/>\n<meta name=\"author\" content=\"apuntesdesanluis.com\" \/>\n<meta name=\"twitter:card\" content=\"summary_large_image\" \/>\n<meta name=\"twitter:label1\" content=\"Escrito por\" \/>\n\t<meta name=\"twitter:data1\" content=\"apuntesdesanluis.com\" \/>\n\t<meta name=\"twitter:label2\" content=\"Tiempo de lectura\" \/>\n\t<meta name=\"twitter:data2\" content=\"3 minutos\" \/>\n<script type=\"application\/ld+json\" class=\"yoast-schema-graph\">{\"@context\":\"https:\/\/schema.org\",\"@graph\":[{\"@type\":\"Article\",\"@id\":\"https:\/\/apuntesdesanluis.com\/index.php\/2024\/05\/12\/exitoso-regreso-de-los-interbarriales-2024-en-la-villa-merlo\/#article\",\"isPartOf\":{\"@id\":\"https:\/\/apuntesdesanluis.com\/index.php\/2024\/05\/12\/exitoso-regreso-de-los-interbarriales-2024-en-la-villa-merlo\/\"},\"author\":{\"name\":\"apuntesdesanluis.com\",\"@id\":\"https:\/\/apuntesdesanluis.com\/#\/schema\/person\/b55151d52296fcce64d1a72538a70b90\"},\"headline\":\"EXITOSO REGRESO DE LOS INTERBARRIALES 2024 EN LA VILLA MERLO\",\"datePublished\":\"2024-05-12T22:38:26+00:00\",\"mainEntityOfPage\":{\"@id\":\"https:\/\/apuntesdesanluis.com\/index.php\/2024\/05\/12\/exitoso-regreso-de-los-interbarriales-2024-en-la-villa-merlo\/\"},\"wordCount\":282,\"publisher\":{\"@id\":\"https:\/\/apuntesdesanluis.com\/#\/schema\/person\/b55151d52296fcce64d1a72538a70b90\"},\"image\":{\"@id\":\"https:\/\/apuntesdesanluis.com\/index.php\/2024\/05\/12\/exitoso-regreso-de-los-interbarriales-2024-en-la-villa-merlo\/#primaryimage\"},\"thumbnailUrl\":\"https:\/\/apuntesdesanluis.com\/wp-content\/uploads\/2024\/05\/iNTERB-ALVAREZ-PINTO.jpg\",\"articleSection\":[\"Ciudad\/Provincia\"],\"inLanguage\":\"es-AR\"},{\"@type\":\"WebPage\",\"@id\":\"https:\/\/apuntesdesanluis.com\/index.php\/2024\/05\/12\/exitoso-regreso-de-los-interbarriales-2024-en-la-villa-merlo\/\",\"url\":\"https:\/\/apuntesdesanluis.com\/index.php\/2024\/05\/12\/exitoso-regreso-de-los-interbarriales-2024-en-la-villa-merlo\/\",\"name\":\"EXITOSO REGRESO DE LOS INTERBARRIALES 2024 EN LA VILLA MERLO - Apuntes de San Luis\",\"isPartOf\":{\"@id\":\"https:\/\/apuntesdesanluis.com\/#website\"},\"primaryImageOfPage\":{\"@id\":\"https:\/\/apuntesdesanluis.com\/index.php\/2024\/05\/12\/exitoso-regreso-de-los-interbarriales-2024-en-la-villa-merlo\/#primaryimage\"},\"image\":{\"@id\":\"https:\/\/apuntesdesanluis.com\/index.php\/2024\/05\/12\/exitoso-regreso-de-los-interbarriales-2024-en-la-villa-merlo\/#primaryimage\"},\"thumbnailUrl\":\"https:\/\/apuntesdesanluis.com\/wp-content\/uploads\/2024\/05\/iNTERB-ALVAREZ-PINTO.jpg\",\"datePublished\":\"2024-05-12T22:38:26+00:00\",\"breadcrumb\":{\"@id\":\"https:\/\/apuntesdesanluis.com\/index.php\/2024\/05\/12\/exitoso-regreso-de-los-interbarriales-2024-en-la-villa-merlo\/#breadcrumb\"},\"inLanguage\":\"es-AR\",\"potentialAction\":[{\"@type\":\"ReadAction\",\"target\":[\"https:\/\/apuntesdesanluis.com\/index.php\/2024\/05\/12\/exitoso-regreso-de-los-interbarriales-2024-en-la-villa-merlo\/\"]}]},{\"@type\":\"ImageObject\",\"inLanguage\":\"es-AR\",\"@id\":\"https:\/\/apuntesdesanluis.com\/index.php\/2024\/05\/12\/exitoso-regreso-de-los-interbarriales-2024-en-la-villa-merlo\/#primaryimage\",\"url\":\"https:\/\/apuntesdesanluis.com\/wp-content\/uploads\/2024\/05\/iNTERB-ALVAREZ-PINTO.jpg\",\"contentUrl\":\"https:\/\/apuntesdesanluis.com\/wp-content\/uploads\/2024\/05\/iNTERB-ALVAREZ-PINTO.jpg\",\"width\":700,\"height\":466},{\"@type\":\"BreadcrumbList\",\"@id\":\"https:\/\/apuntesdesanluis.com\/index.php\/2024\/05\/12\/exitoso-regreso-de-los-interbarriales-2024-en-la-villa-merlo\/#breadcrumb\",\"itemListElement\":[{\"@type\":\"ListItem\",\"position\":1,\"name\":\"Inicio\",\"item\":\"https:\/\/apuntesdesanluis.com\/\"},{\"@type\":\"ListItem\",\"position\":2,\"name\":\"EXITOSO REGRESO DE LOS INTERBARRIALES 2024 EN LA VILLA MERLO\"}]},{\"@type\":\"WebSite\",\"@id\":\"https:\/\/apuntesdesanluis.com\/#website\",\"url\":\"https:\/\/apuntesdesanluis.com\/\",\"name\":\"Apuntes de San Luis\",\"description\":\"\",\"publisher\":{\"@id\":\"https:\/\/apuntesdesanluis.com\/#\/schema\/person\/b55151d52296fcce64d1a72538a70b90\"},\"potentialAction\":[{\"@type\":\"SearchAction\",\"target\":{\"@type\":\"EntryPoint\",\"urlTemplate\":\"https:\/\/apuntesdesanluis.com\/?s={search_term_string}\"},\"query-input\":{\"@type\":\"PropertyValueSpecification\",\"valueRequired\":true,\"valueName\":\"search_term_string\"}}],\"inLanguage\":\"es-AR\"},{\"@type\":[\"Person\",\"Organization\"],\"@id\":\"https:\/\/apuntesdesanluis.com\/#\/schema\/person\/b55151d52296fcce64d1a72538a70b90\",\"name\":\"apuntesdesanluis.com\",\"image\":{\"@type\":\"ImageObject\",\"inLanguage\":\"es-AR\",\"@id\":\"https:\/\/apuntesdesanluis.com\/#\/schema\/person\/image\/\",\"url\":\"https:\/\/apuntesdesanluis.com\/wp-content\/uploads\/2023\/07\/cropped-apuntesdesanluis.png\",\"contentUrl\":\"https:\/\/apuntesdesanluis.com\/wp-content\/uploads\/2023\/07\/cropped-apuntesdesanluis.png\",\"width\":450,\"height\":112,\"caption\":\"apuntesdesanluis.com\"},\"logo\":{\"@id\":\"https:\/\/apuntesdesanluis.com\/#\/schema\/person\/image\/\"},\"sameAs\":[\"https:\/\/apuntesdesanluis.com\"],\"url\":\"https:\/\/apuntesdesanluis.com\/index.php\/author\/apuntesdesanluis-com\/\"}]}<\/script>\n<!-- \/ Yoast SEO plugin. -->","yoast_head_json":{"title":"EXITOSO REGRESO DE LOS INTERBARRIALES 2024 EN LA VILLA MERLO - Apuntes de San Luis","robots":{"index":"index","follow":"follow","max-snippet":"max-snippet:-1","max-image-preview":"max-image-preview:large","max-video-preview":"max-video-preview:-1"},"canonical":"https:\/\/apuntesdesanluis.com\/index.php\/2024\/05\/12\/exitoso-regreso-de-los-interbarriales-2024-en-la-villa-merlo\/","og_locale":"es_ES","og_type":"article","og_title":"EXITOSO REGRESO DE LOS INTERBARRIALES 2024 EN LA VILLA MERLO - Apuntes de San Luis","og_description":"En la tarde del s\u00e1bado se dio inicio a una nueva edici\u00f3n del caracter\u00edstico torneo...","og_url":"https:\/\/apuntesdesanluis.com\/index.php\/2024\/05\/12\/exitoso-regreso-de-los-interbarriales-2024-en-la-villa-merlo\/","og_site_name":"Apuntes de San Luis","article_published_time":"2024-05-12T22:38:26+00:00","og_image":[{"width":700,"height":466,"url":"https:\/\/apuntesdesanluis.com\/wp-content\/uploads\/2024\/05\/iNTERB-ALVAREZ-PINTO.jpg","type":"image\/jpeg"}],"author":"apuntesdesanluis.com","twitter_card":"summary_large_image","twitter_misc":{"Escrito por":"apuntesdesanluis.com","Tiempo de lectura":"3 minutos"},"schema":{"@context":"https:\/\/schema.org","@graph":[{"@type":"Article","@id":"https:\/\/apuntesdesanluis.com\/index.php\/2024\/05\/12\/exitoso-regreso-de-los-interbarriales-2024-en-la-villa-merlo\/#article","isPartOf":{"@id":"https:\/\/apuntesdesanluis.com\/index.php\/2024\/05\/12\/exitoso-regreso-de-los-interbarriales-2024-en-la-villa-merlo\/"},"author":{"name":"apuntesdesanluis.com","@id":"https:\/\/apuntesdesanluis.com\/#\/schema\/person\/b55151d52296fcce64d1a72538a70b90"},"headline":"EXITOSO REGRESO DE LOS INTERBARRIALES 2024 EN LA VILLA MERLO","datePublished":"2024-05-12T22:38:26+00:00","mainEntityOfPage":{"@id":"https:\/\/apuntesdesanluis.com\/index.php\/2024\/05\/12\/exitoso-regreso-de-los-interbarriales-2024-en-la-villa-merlo\/"},"wordCount":282,"publisher":{"@id":"https:\/\/apuntesdesanluis.com\/#\/schema\/person\/b55151d52296fcce64d1a72538a70b90"},"image":{"@id":"https:\/\/apuntesdesanluis.com\/index.php\/2024\/05\/12\/exitoso-regreso-de-los-interbarriales-2024-en-la-villa-merlo\/#primaryimage"},"thumbnailUrl":"https:\/\/apuntesdesanluis.com\/wp-content\/uploads\/2024\/05\/iNTERB-ALVAREZ-PINTO.jpg","articleSection":["Ciudad\/Provincia"],"inLanguage":"es-AR"},{"@type":"WebPage","@id":"https:\/\/apuntesdesanluis.com\/index.php\/2024\/05\/12\/exitoso-regreso-de-los-interbarriales-2024-en-la-villa-merlo\/","url":"https:\/\/apuntesdesanluis.com\/index.php\/2024\/05\/12\/exitoso-regreso-de-los-interbarriales-2024-en-la-villa-merlo\/","name":"EXITOSO REGRESO DE LOS INTERBARRIALES 2024 EN LA VILLA MERLO - Apuntes de San Luis","isPartOf":{"@id":"https:\/\/apuntesdesanluis.com\/#website"},"primaryImageOfPage":{"@id":"https:\/\/apuntesdesanluis.com\/index.php\/2024\/05\/12\/exitoso-regreso-de-los-interbarriales-2024-en-la-villa-merlo\/#primaryimage"},"image":{"@id":"https:\/\/apuntesdesanluis.com\/index.php\/2024\/05\/12\/exitoso-regreso-de-los-interbarriales-2024-en-la-villa-merlo\/#primaryimage"},"thumbnailUrl":"https:\/\/apuntesdesanluis.com\/wp-content\/uploads\/2024\/05\/iNTERB-ALVAREZ-PINTO.jpg","datePublished":"2024-05-12T22:38:26+00:00","breadcrumb":{"@id":"https:\/\/apuntesdesanluis.com\/index.php\/2024\/05\/12\/exitoso-regreso-de-los-interbarriales-2024-en-la-villa-merlo\/#breadcrumb"},"inLanguage":"es-AR","potentialAction":[{"@type":"ReadAction","target":["https:\/\/apuntesdesanluis.com\/index.php\/2024\/05\/12\/exitoso-regreso-de-los-interbarriales-2024-en-la-villa-merlo\/"]}]},{"@type":"ImageObject","inLanguage":"es-AR","@id":"https:\/\/apuntesdesanluis.com\/index.php\/2024\/05\/12\/exitoso-regreso-de-los-interbarriales-2024-en-la-villa-merlo\/#primaryimage","url":"https:\/\/apuntesdesanluis.com\/wp-content\/uploads\/2024\/05\/iNTERB-ALVAREZ-PINTO.jpg","contentUrl":"https:\/\/apuntesdesanluis.com\/wp-content\/uploads\/2024\/05\/iNTERB-ALVAREZ-PINTO.jpg","width":700,"height":466},{"@type":"BreadcrumbList","@id":"https:\/\/apuntesdesanluis.com\/index.php\/2024\/05\/12\/exitoso-regreso-de-los-interbarriales-2024-en-la-villa-merlo\/#breadcrumb","itemListElement":[{"@type":"ListItem","position":1,"name":"Inicio","item":"https:\/\/apuntesdesanluis.com\/"},{"@type":"ListItem","position":2,"name":"EXITOSO REGRESO DE LOS INTERBARRIALES 2024 EN LA VILLA MERLO"}]},{"@type":"WebSite","@id":"https:\/\/apuntesdesanluis.com\/#website","url":"https:\/\/apuntesdesanluis.com\/","name":"Apuntes de San Luis","description":"","publisher":{"@id":"https:\/\/apuntesdesanluis.com\/#\/schema\/person\/b55151d52296fcce64d1a72538a70b90"},"potentialAction":[{"@type":"SearchAction","target":{"@type":"EntryPoint","urlTemplate":"https:\/\/apuntesdesanluis.com\/?s={search_term_string}"},"query-input":{"@type":"PropertyValueSpecification","valueRequired":true,"valueName":"search_term_string"}}],"inLanguage":"es-AR"},{"@type":["Person","Organization"],"@id":"https:\/\/apuntesdesanluis.com\/#\/schema\/person\/b55151d52296fcce64d1a72538a70b90","name":"apuntesdesanluis.com","image":{"@type":"ImageObject","inLanguage":"es-AR","@id":"https:\/\/apuntesdesanluis.com\/#\/schema\/person\/image\/","url":"https:\/\/apuntesdesanluis.com\/wp-content\/uploads\/2023\/07\/cropped-apuntesdesanluis.png","contentUrl":"https:\/\/apuntesdesanluis.com\/wp-content\/uploads\/2023\/07\/cropped-apuntesdesanluis.png","width":450,"height":112,"caption":"apuntesdesanluis.com"},"logo":{"@id":"https:\/\/apuntesdesanluis.com\/#\/schema\/person\/image\/"},"sameAs":["https:\/\/apuntesdesanluis.com"],"url":"https:\/\/apuntesdesanluis.com\/index.php\/author\/apuntesdesanluis-com\/"}]}},"featured_image_urls":{"full":["https:\/\/apuntesdesanluis.com\/wp-content\/uploads\/2024\/05\/iNTERB-ALVAREZ-PINTO.jpg",700,466,false],"thumbnail":["https:\/\/apuntesdesanluis.com\/wp-content\/uploads\/2024\/05\/iNTERB-ALVAREZ-PINTO-150x150.jpg",150,150,true],"medium":["https:\/\/apuntesdesanluis.com\/wp-content\/uploads\/2024\/05\/iNTERB-ALVAREZ-PINTO-300x200.jpg",300,200,true],"medium_large":["https:\/\/apuntesdesanluis.com\/wp-content\/uploads\/2024\/05\/iNTERB-ALVAREZ-PINTO.jpg",640,426,false],"large":["https:\/\/apuntesdesanluis.com\/wp-content\/uploads\/2024\/05\/iNTERB-ALVAREZ-PINTO.jpg",640,426,false],"1536x1536":["https:\/\/apuntesdesanluis.com\/wp-content\/uploads\/2024\/05\/iNTERB-ALVAREZ-PINTO.jpg",700,466,false],"2048x2048":["https:\/\/apuntesdesanluis.com\/wp-content\/uploads\/2024\/05\/iNTERB-ALVAREZ-PINTO.jpg",700,466,false],"newsever-slider-full":["https:\/\/apuntesdesanluis.com\/wp-content\/uploads\/2024\/05\/iNTERB-ALVAREZ-PINTO.jpg",700,466,false],"newsever-featured":["https:\/\/apuntesdesanluis.com\/wp-content\/uploads\/2024\/05\/iNTERB-ALVAREZ-PINTO.jpg",700,466,false],"newsever-medium":["https:\/\/apuntesdesanluis.com\/wp-content\/uploads\/2024\/05\/iNTERB-ALVAREZ-PINTO.jpg",700,466,false]},"author_info":{"display_name":"apuntesdesanluis.com","author_link":"https:\/\/apuntesdesanluis.com\/index.php\/author\/apuntesdesanluis-com\/"},"category_info":"<a href=\"https:\/\/apuntesdesanluis.com\/index.php\/category\/ciudad-provincia\/\" rel=\"category tag\">Ciudad\/Provincia<\/a>","tag_info":"Ciudad\/Provincia","comment_count":"0","_links":{"self":[{"href":"https:\/\/apuntesdesanluis.com\/index.php\/wp-json\/wp\/v2\/posts\/16026","targetHints":{"allow":["GET"]}}],"collection":[{"href":"https:\/\/apuntesdesanluis.com\/index.php\/wp-json\/wp\/v2\/posts"}],"about":[{"href":"https:\/\/apuntesdesanluis.com\/index.php\/wp-json\/wp\/v2\/types\/post"}],"author":[{"embeddable":true,"href":"https:\/\/apuntesdesanluis.com\/index.php\/wp-json\/wp\/v2\/users\/1"}],"replies":[{"embeddable":true,"href":"https:\/\/apuntesdesanluis.com\/index.php\/wp-json\/wp\/v2\/comments?post=16026"}],"version-history":[{"count":1,"href":"https:\/\/apuntesdesanluis.com\/index.php\/wp-json\/wp\/v2\/posts\/16026\/revisions"}],"predecessor-version":[{"id":16034,"href":"https:\/\/apuntesdesanluis.com\/index.php\/wp-json\/wp\/v2\/posts\/16026\/revisions\/16034"}],"wp:featuredmedia":[{"embeddable":true,"href":"https:\/\/apuntesdesanluis.com\/index.php\/wp-json\/wp\/v2\/media\/16027"}],"wp:attachment":[{"href":"https:\/\/apuntesdesanluis.com\/index.php\/wp-json\/wp\/v2\/media?parent=16026"}],"wp:term":[{"taxonomy":"category","embeddable":true,"href":"https:\/\/apuntesdesanluis.com\/index.php\/wp-json\/wp\/v2\/categories?post=16026"},{"taxonomy":"post_tag","embeddable":true,"href":"https:\/\/apuntesdesanluis.com\/index.php\/wp-json\/wp\/v2\/tags?post=16026"}],"curies":[{"name":"wp","href":"https:\/\/api.w.org\/{rel}","templated":true}]}}