{"id":16043,"date":"2024-05-12T20:26:28","date_gmt":"2024-05-12T23:26:28","guid":{"rendered":"https:\/\/apuntesdesanluis.com\/?p=16043"},"modified":"2024-05-12T20:27:49","modified_gmt":"2024-05-12T23:27:49","slug":"judiciales-haran-un-paro-total-en-el-ministerio-publico-fiscal","status":"publish","type":"post","link":"https:\/\/apuntesdesanluis.com\/index.php\/2024\/05\/12\/judiciales-haran-un-paro-total-en-el-ministerio-publico-fiscal\/","title":{"rendered":"JUDICIALES HAR\u00c1N UN PARO TOTAL EN EL MINISTERIO P\u00daBLICO FISCAL"},"content":{"rendered":"<h3>Los afiliados del <strong>Sindicato Judiciales Puntanos<\/strong> emitieron una carta abierta a la comunidad, en la que explicaron las motivaciones de sus reclamos, pidieron disculpas a la comunidad y ratificaron su duro plan de lucha, que entra en su segunda semana.<\/h3>\n<h3>El SiJuPu que conduce <strong>Luciano Cardarelli<\/strong> reclama una urgente recomposici\u00f3n salarial, luego de haber elevado una propuesta consensuada con el Superior Tribunal de Justicia y el Colegio de Magistrados, pero por el momento el Poder Ejecutivo no ha respondido ni convocado al di\u00e1logo.<\/h3>\n<h3>Para la tercera semana del cronograma de protestas, los judiciales tienen previsto un paro general en las tres circunscripciones judiciales.<\/h3>\n<p><img fetchpriority=\"high\" decoding=\"async\" class=\"wp-image-15593 aligncenter\" src=\"https:\/\/apuntesdesanluis.com\/wp-content\/uploads\/2024\/05\/luciano-cardarelli-apuntes-de-san-luis-300x186.jpg\" alt=\"\" width=\"584\" height=\"362\" srcset=\"https:\/\/apuntesdesanluis.com\/wp-content\/uploads\/2024\/05\/luciano-cardarelli-apuntes-de-san-luis-300x186.jpg 300w, https:\/\/apuntesdesanluis.com\/wp-content\/uploads\/2024\/05\/luciano-cardarelli-apuntes-de-san-luis.jpg 536w\" sizes=\"(max-width: 584px) 100vw, 584px\" \/><\/p>\n<h3>El pronunciamiento de los judiciales, dirigido a la comunidad de la Provincia de San Luis, indica textualmente:<\/h3>\n<h3>\u201cPedimos disculpas por las demoras e inconvenientes que puedan surgir debido a las medidas de fuerza que estamos llevando a cabo. Sin embargo, queremos que sepan que esta es una lucha justa y necesaria a favor de todos y todas ustedes. Es una lucha por la calidad de la justicia y la respuesta que cada uno y cada una de ustedes merece.<\/h3>\n<h3>La justicia desempe\u00f1a un papel fundamental en el funcionamiento de cualquier sociedad democr\u00e1tica. Es el pilar sobre el que se sostienen los derechos y las libertades de la ciudadan\u00eda, garantizando la igualdad ante la ley y la protecci\u00f3n de las personas m\u00e1s vulnerables. En este contexto, los agentes judiciales juegan un rol crucial como facilitador y garante del acceso a la justicia para todos los ciudadanos.<\/h3>\n<h3>La justicia se encarga de velar por el cumplimiento de los derechos fundamentales consagrados en la Constituci\u00f3n y en las leyes.<\/h3>\n<h3>Es el recurso al que pueden acudir los individuos para resolver conflictos, defender sus derechos y obtener reparaci\u00f3n en caso de injusticia, sin contar con alguna otra opci\u00f3n<\/h3>\n<h3>Ser parte del Poder Judicial implica comprometernos todos los d\u00edas en la gesti\u00f3n de conflictos familiares, de violencia, sociales, econ\u00f3micos, laborales y de inseguridad. Son los mismos conflictos que sufrimos como miembros de la misma comunidad. Aun as\u00ed, nos levantamos e intentamos superar nuestras angustias, nuestra falta de recursos y nuestros salarios muy por debajo de la canasta b\u00e1sica y de la pobreza.<\/h3>\n<h3>Luchamos por una justicia de calidad, con recursos humanos, materiales y salarios que nos permitan atender y gestionar los dolores y necesidades de todos y todas ustedes. Nuestra lucha es com\u00fan a todos y todas, y necesitamos visibilizar las consecuencias de la inacci\u00f3n, la indolencia y la falta de respuesta del Poder Ejecutivo frente a nuestros reclamos constantes.<\/h3>\n<h3>Las medidas que estamos tomando incluyen el Cese de Actividades de dos horas en las tres Circunscripciones Judiciales, asegurando una guardia m\u00ednima para garantizar los actos procesales esenciales. Adem\u00e1s, sumamos la quita de colaboraci\u00f3n en horarios vespertinos y en d\u00edas inh\u00e1biles.<\/h3>\n<h3>Ante el colapso de las Unidades de Abordaje Fiscal y Gesti\u00f3n Fiscal, y la falta de recursos econ\u00f3micos para solucionar esta situaci\u00f3n, hemos decidido realizar un PARO TOTAL DE ACTIVIDADES en todo el Ministerio P\u00fablico Fiscal, de las tres circunscripciones judiciales, siempre asegurando la guardia m\u00ednima.<\/h3>\n<h3>En caso de seguir sin respuestas a nuestro reclamos y propuesta presentada, a partir del d\u00eda 20\/05\/2024 se complementar\u00e1n estas medidas con un PARO TOTAL DE ACTIVIDADES de las dependencias pertenecientes al Ministerio P\u00fablico de la Defensa.<\/h3>\n<h3>Esta decisi\u00f3n se toma con el objetivo de garantizar condiciones laborales seguras y poder brindar eficientemente el servicio de justicia que toda sociedad merece. Pedimos su comprensi\u00f3n y apoyo en esta lucha que es de todos y todas\u201d.<\/h3>\n<p>&nbsp;<\/p>\n<p>&nbsp;<\/p>\n<p>&nbsp;<\/p>\n<p>&nbsp;<\/p>\n<p>&nbsp;<\/p>\n<p>&nbsp;<\/p>\n","protected":false},"excerpt":{"rendered":"<p>Los afiliados del Sindicato Judiciales Puntanos emitieron una carta abierta a la comunidad, en la&#8230;<\/p>\n","protected":false},"author":1,"featured_media":16044,"comment_status":"closed","ping_status":"closed","sticky":false,"template":"","format":"standard","meta":{"footnotes":""},"categories":[6],"tags":[],"class_list":["post-16043","post","type-post","status-publish","format-standard","has-post-thumbnail","hentry","category-ciudad-provincia"],"yoast_head":"<!-- This site is optimized with the Yoast SEO plugin v26.1.1 - https:\/\/yoast.com\/wordpress\/plugins\/seo\/ -->\n<title>JUDICIALES HAR\u00c1N UN PARO TOTAL EN EL MINISTERIO P\u00daBLICO FISCAL - Apuntes de San Luis<\/title>\n<meta name=\"robots\" content=\"index, follow, max-snippet:-1, max-image-preview:large, max-video-preview:-1\" \/>\n<link rel=\"canonical\" href=\"https:\/\/apuntesdesanluis.com\/index.php\/2024\/05\/12\/judiciales-haran-un-paro-total-en-el-ministerio-publico-fiscal\/\" \/>\n<meta property=\"og:locale\" content=\"es_ES\" \/>\n<meta property=\"og:type\" content=\"article\" \/>\n<meta property=\"og:title\" content=\"JUDICIALES HAR\u00c1N UN PARO TOTAL EN EL MINISTERIO P\u00daBLICO FISCAL - Apuntes de San Luis\" \/>\n<meta property=\"og:description\" content=\"Los afiliados del Sindicato Judiciales Puntanos emitieron una carta abierta a la comunidad, en la...\" \/>\n<meta property=\"og:url\" content=\"https:\/\/apuntesdesanluis.com\/index.php\/2024\/05\/12\/judiciales-haran-un-paro-total-en-el-ministerio-publico-fiscal\/\" \/>\n<meta property=\"og:site_name\" content=\"Apuntes de San Luis\" \/>\n<meta property=\"article:published_time\" content=\"2024-05-12T23:26:28+00:00\" \/>\n<meta property=\"article:modified_time\" content=\"2024-05-12T23:27:49+00:00\" \/>\n<meta property=\"og:image\" content=\"https:\/\/apuntesdesanluis.com\/wp-content\/uploads\/2024\/05\/0a82d333-ff1e-4ae3-98e3-31558fadc6e1.jpg\" \/>\n\t<meta property=\"og:image:width\" content=\"696\" \/>\n\t<meta property=\"og:image:height\" content=\"351\" \/>\n\t<meta property=\"og:image:type\" content=\"image\/jpeg\" \/>\n<meta name=\"author\" content=\"apuntesdesanluis.com\" \/>\n<meta name=\"twitter:card\" content=\"summary_large_image\" \/>\n<meta name=\"twitter:label1\" content=\"Escrito por\" \/>\n\t<meta name=\"twitter:data1\" content=\"apuntesdesanluis.com\" \/>\n\t<meta name=\"twitter:label2\" content=\"Tiempo de lectura\" \/>\n\t<meta name=\"twitter:data2\" content=\"3 minutos\" \/>\n<script type=\"application\/ld+json\" class=\"yoast-schema-graph\">{\"@context\":\"https:\/\/schema.org\",\"@graph\":[{\"@type\":\"Article\",\"@id\":\"https:\/\/apuntesdesanluis.com\/index.php\/2024\/05\/12\/judiciales-haran-un-paro-total-en-el-ministerio-publico-fiscal\/#article\",\"isPartOf\":{\"@id\":\"https:\/\/apuntesdesanluis.com\/index.php\/2024\/05\/12\/judiciales-haran-un-paro-total-en-el-ministerio-publico-fiscal\/\"},\"author\":{\"name\":\"apuntesdesanluis.com\",\"@id\":\"https:\/\/apuntesdesanluis.com\/#\/schema\/person\/b55151d52296fcce64d1a72538a70b90\"},\"headline\":\"JUDICIALES HAR\u00c1N UN PARO TOTAL EN EL MINISTERIO P\u00daBLICO FISCAL\",\"datePublished\":\"2024-05-12T23:26:28+00:00\",\"dateModified\":\"2024-05-12T23:27:49+00:00\",\"mainEntityOfPage\":{\"@id\":\"https:\/\/apuntesdesanluis.com\/index.php\/2024\/05\/12\/judiciales-haran-un-paro-total-en-el-ministerio-publico-fiscal\/\"},\"wordCount\":628,\"publisher\":{\"@id\":\"https:\/\/apuntesdesanluis.com\/#\/schema\/person\/b55151d52296fcce64d1a72538a70b90\"},\"image\":{\"@id\":\"https:\/\/apuntesdesanluis.com\/index.php\/2024\/05\/12\/judiciales-haran-un-paro-total-en-el-ministerio-publico-fiscal\/#primaryimage\"},\"thumbnailUrl\":\"https:\/\/apuntesdesanluis.com\/wp-content\/uploads\/2024\/05\/0a82d333-ff1e-4ae3-98e3-31558fadc6e1.jpg\",\"articleSection\":[\"Ciudad\/Provincia\"],\"inLanguage\":\"es-AR\"},{\"@type\":\"WebPage\",\"@id\":\"https:\/\/apuntesdesanluis.com\/index.php\/2024\/05\/12\/judiciales-haran-un-paro-total-en-el-ministerio-publico-fiscal\/\",\"url\":\"https:\/\/apuntesdesanluis.com\/index.php\/2024\/05\/12\/judiciales-haran-un-paro-total-en-el-ministerio-publico-fiscal\/\",\"name\":\"JUDICIALES HAR\u00c1N UN PARO TOTAL EN EL MINISTERIO P\u00daBLICO FISCAL - Apuntes de San Luis\",\"isPartOf\":{\"@id\":\"https:\/\/apuntesdesanluis.com\/#website\"},\"primaryImageOfPage\":{\"@id\":\"https:\/\/apuntesdesanluis.com\/index.php\/2024\/05\/12\/judiciales-haran-un-paro-total-en-el-ministerio-publico-fiscal\/#primaryimage\"},\"image\":{\"@id\":\"https:\/\/apuntesdesanluis.com\/index.php\/2024\/05\/12\/judiciales-haran-un-paro-total-en-el-ministerio-publico-fiscal\/#primaryimage\"},\"thumbnailUrl\":\"https:\/\/apuntesdesanluis.com\/wp-content\/uploads\/2024\/05\/0a82d333-ff1e-4ae3-98e3-31558fadc6e1.jpg\",\"datePublished\":\"2024-05-12T23:26:28+00:00\",\"dateModified\":\"2024-05-12T23:27:49+00:00\",\"breadcrumb\":{\"@id\":\"https:\/\/apuntesdesanluis.com\/index.php\/2024\/05\/12\/judiciales-haran-un-paro-total-en-el-ministerio-publico-fiscal\/#breadcrumb\"},\"inLanguage\":\"es-AR\",\"potentialAction\":[{\"@type\":\"ReadAction\",\"target\":[\"https:\/\/apuntesdesanluis.com\/index.php\/2024\/05\/12\/judiciales-haran-un-paro-total-en-el-ministerio-publico-fiscal\/\"]}]},{\"@type\":\"ImageObject\",\"inLanguage\":\"es-AR\",\"@id\":\"https:\/\/apuntesdesanluis.com\/index.php\/2024\/05\/12\/judiciales-haran-un-paro-total-en-el-ministerio-publico-fiscal\/#primaryimage\",\"url\":\"https:\/\/apuntesdesanluis.com\/wp-content\/uploads\/2024\/05\/0a82d333-ff1e-4ae3-98e3-31558fadc6e1.jpg\",\"contentUrl\":\"https:\/\/apuntesdesanluis.com\/wp-content\/uploads\/2024\/05\/0a82d333-ff1e-4ae3-98e3-31558fadc6e1.jpg\",\"width\":696,\"height\":351},{\"@type\":\"BreadcrumbList\",\"@id\":\"https:\/\/apuntesdesanluis.com\/index.php\/2024\/05\/12\/judiciales-haran-un-paro-total-en-el-ministerio-publico-fiscal\/#breadcrumb\",\"itemListElement\":[{\"@type\":\"ListItem\",\"position\":1,\"name\":\"Inicio\",\"item\":\"https:\/\/apuntesdesanluis.com\/\"},{\"@type\":\"ListItem\",\"position\":2,\"name\":\"JUDICIALES HAR\u00c1N UN PARO TOTAL EN EL MINISTERIO P\u00daBLICO FISCAL\"}]},{\"@type\":\"WebSite\",\"@id\":\"https:\/\/apuntesdesanluis.com\/#website\",\"url\":\"https:\/\/apuntesdesanluis.com\/\",\"name\":\"Apuntes de San Luis\",\"description\":\"\",\"publisher\":{\"@id\":\"https:\/\/apuntesdesanluis.com\/#\/schema\/person\/b55151d52296fcce64d1a72538a70b90\"},\"potentialAction\":[{\"@type\":\"SearchAction\",\"target\":{\"@type\":\"EntryPoint\",\"urlTemplate\":\"https:\/\/apuntesdesanluis.com\/?s={search_term_string}\"},\"query-input\":{\"@type\":\"PropertyValueSpecification\",\"valueRequired\":true,\"valueName\":\"search_term_string\"}}],\"inLanguage\":\"es-AR\"},{\"@type\":[\"Person\",\"Organization\"],\"@id\":\"https:\/\/apuntesdesanluis.com\/#\/schema\/person\/b55151d52296fcce64d1a72538a70b90\",\"name\":\"apuntesdesanluis.com\",\"image\":{\"@type\":\"ImageObject\",\"inLanguage\":\"es-AR\",\"@id\":\"https:\/\/apuntesdesanluis.com\/#\/schema\/person\/image\/\",\"url\":\"https:\/\/apuntesdesanluis.com\/wp-content\/uploads\/2023\/07\/cropped-apuntesdesanluis.png\",\"contentUrl\":\"https:\/\/apuntesdesanluis.com\/wp-content\/uploads\/2023\/07\/cropped-apuntesdesanluis.png\",\"width\":450,\"height\":112,\"caption\":\"apuntesdesanluis.com\"},\"logo\":{\"@id\":\"https:\/\/apuntesdesanluis.com\/#\/schema\/person\/image\/\"},\"sameAs\":[\"https:\/\/apuntesdesanluis.com\"],\"url\":\"https:\/\/apuntesdesanluis.com\/index.php\/author\/apuntesdesanluis-com\/\"}]}<\/script>\n<!-- \/ Yoast SEO plugin. -->","yoast_head_json":{"title":"JUDICIALES HAR\u00c1N UN PARO TOTAL EN EL MINISTERIO P\u00daBLICO FISCAL - Apuntes de San Luis","robots":{"index":"index","follow":"follow","max-snippet":"max-snippet:-1","max-image-preview":"max-image-preview:large","max-video-preview":"max-video-preview:-1"},"canonical":"https:\/\/apuntesdesanluis.com\/index.php\/2024\/05\/12\/judiciales-haran-un-paro-total-en-el-ministerio-publico-fiscal\/","og_locale":"es_ES","og_type":"article","og_title":"JUDICIALES HAR\u00c1N UN PARO TOTAL EN EL MINISTERIO P\u00daBLICO FISCAL - Apuntes de San Luis","og_description":"Los afiliados del Sindicato Judiciales Puntanos emitieron una carta abierta a la comunidad, en la...","og_url":"https:\/\/apuntesdesanluis.com\/index.php\/2024\/05\/12\/judiciales-haran-un-paro-total-en-el-ministerio-publico-fiscal\/","og_site_name":"Apuntes de San Luis","article_published_time":"2024-05-12T23:26:28+00:00","article_modified_time":"2024-05-12T23:27:49+00:00","og_image":[{"width":696,"height":351,"url":"https:\/\/apuntesdesanluis.com\/wp-content\/uploads\/2024\/05\/0a82d333-ff1e-4ae3-98e3-31558fadc6e1.jpg","type":"image\/jpeg"}],"author":"apuntesdesanluis.com","twitter_card":"summary_large_image","twitter_misc":{"Escrito por":"apuntesdesanluis.com","Tiempo de lectura":"3 minutos"},"schema":{"@context":"https:\/\/schema.org","@graph":[{"@type":"Article","@id":"https:\/\/apuntesdesanluis.com\/index.php\/2024\/05\/12\/judiciales-haran-un-paro-total-en-el-ministerio-publico-fiscal\/#article","isPartOf":{"@id":"https:\/\/apuntesdesanluis.com\/index.php\/2024\/05\/12\/judiciales-haran-un-paro-total-en-el-ministerio-publico-fiscal\/"},"author":{"name":"apuntesdesanluis.com","@id":"https:\/\/apuntesdesanluis.com\/#\/schema\/person\/b55151d52296fcce64d1a72538a70b90"},"headline":"JUDICIALES HAR\u00c1N UN PARO TOTAL EN EL MINISTERIO P\u00daBLICO FISCAL","datePublished":"2024-05-12T23:26:28+00:00","dateModified":"2024-05-12T23:27:49+00:00","mainEntityOfPage":{"@id":"https:\/\/apuntesdesanluis.com\/index.php\/2024\/05\/12\/judiciales-haran-un-paro-total-en-el-ministerio-publico-fiscal\/"},"wordCount":628,"publisher":{"@id":"https:\/\/apuntesdesanluis.com\/#\/schema\/person\/b55151d52296fcce64d1a72538a70b90"},"image":{"@id":"https:\/\/apuntesdesanluis.com\/index.php\/2024\/05\/12\/judiciales-haran-un-paro-total-en-el-ministerio-publico-fiscal\/#primaryimage"},"thumbnailUrl":"https:\/\/apuntesdesanluis.com\/wp-content\/uploads\/2024\/05\/0a82d333-ff1e-4ae3-98e3-31558fadc6e1.jpg","articleSection":["Ciudad\/Provincia"],"inLanguage":"es-AR"},{"@type":"WebPage","@id":"https:\/\/apuntesdesanluis.com\/index.php\/2024\/05\/12\/judiciales-haran-un-paro-total-en-el-ministerio-publico-fiscal\/","url":"https:\/\/apuntesdesanluis.com\/index.php\/2024\/05\/12\/judiciales-haran-un-paro-total-en-el-ministerio-publico-fiscal\/","name":"JUDICIALES HAR\u00c1N UN PARO TOTAL EN EL MINISTERIO P\u00daBLICO FISCAL - Apuntes de San Luis","isPartOf":{"@id":"https:\/\/apuntesdesanluis.com\/#website"},"primaryImageOfPage":{"@id":"https:\/\/apuntesdesanluis.com\/index.php\/2024\/05\/12\/judiciales-haran-un-paro-total-en-el-ministerio-publico-fiscal\/#primaryimage"},"image":{"@id":"https:\/\/apuntesdesanluis.com\/index.php\/2024\/05\/12\/judiciales-haran-un-paro-total-en-el-ministerio-publico-fiscal\/#primaryimage"},"thumbnailUrl":"https:\/\/apuntesdesanluis.com\/wp-content\/uploads\/2024\/05\/0a82d333-ff1e-4ae3-98e3-31558fadc6e1.jpg","datePublished":"2024-05-12T23:26:28+00:00","dateModified":"2024-05-12T23:27:49+00:00","breadcrumb":{"@id":"https:\/\/apuntesdesanluis.com\/index.php\/2024\/05\/12\/judiciales-haran-un-paro-total-en-el-ministerio-publico-fiscal\/#breadcrumb"},"inLanguage":"es-AR","potentialAction":[{"@type":"ReadAction","target":["https:\/\/apuntesdesanluis.com\/index.php\/2024\/05\/12\/judiciales-haran-un-paro-total-en-el-ministerio-publico-fiscal\/"]}]},{"@type":"ImageObject","inLanguage":"es-AR","@id":"https:\/\/apuntesdesanluis.com\/index.php\/2024\/05\/12\/judiciales-haran-un-paro-total-en-el-ministerio-publico-fiscal\/#primaryimage","url":"https:\/\/apuntesdesanluis.com\/wp-content\/uploads\/2024\/05\/0a82d333-ff1e-4ae3-98e3-31558fadc6e1.jpg","contentUrl":"https:\/\/apuntesdesanluis.com\/wp-content\/uploads\/2024\/05\/0a82d333-ff1e-4ae3-98e3-31558fadc6e1.jpg","width":696,"height":351},{"@type":"BreadcrumbList","@id":"https:\/\/apuntesdesanluis.com\/index.php\/2024\/05\/12\/judiciales-haran-un-paro-total-en-el-ministerio-publico-fiscal\/#breadcrumb","itemListElement":[{"@type":"ListItem","position":1,"name":"Inicio","item":"https:\/\/apuntesdesanluis.com\/"},{"@type":"ListItem","position":2,"name":"JUDICIALES HAR\u00c1N UN PARO TOTAL EN EL MINISTERIO P\u00daBLICO FISCAL"}]},{"@type":"WebSite","@id":"https:\/\/apuntesdesanluis.com\/#website","url":"https:\/\/apuntesdesanluis.com\/","name":"Apuntes de San Luis","description":"","publisher":{"@id":"https:\/\/apuntesdesanluis.com\/#\/schema\/person\/b55151d52296fcce64d1a72538a70b90"},"potentialAction":[{"@type":"SearchAction","target":{"@type":"EntryPoint","urlTemplate":"https:\/\/apuntesdesanluis.com\/?s={search_term_string}"},"query-input":{"@type":"PropertyValueSpecification","valueRequired":true,"valueName":"search_term_string"}}],"inLanguage":"es-AR"},{"@type":["Person","Organization"],"@id":"https:\/\/apuntesdesanluis.com\/#\/schema\/person\/b55151d52296fcce64d1a72538a70b90","name":"apuntesdesanluis.com","image":{"@type":"ImageObject","inLanguage":"es-AR","@id":"https:\/\/apuntesdesanluis.com\/#\/schema\/person\/image\/","url":"https:\/\/apuntesdesanluis.com\/wp-content\/uploads\/2023\/07\/cropped-apuntesdesanluis.png","contentUrl":"https:\/\/apuntesdesanluis.com\/wp-content\/uploads\/2023\/07\/cropped-apuntesdesanluis.png","width":450,"height":112,"caption":"apuntesdesanluis.com"},"logo":{"@id":"https:\/\/apuntesdesanluis.com\/#\/schema\/person\/image\/"},"sameAs":["https:\/\/apuntesdesanluis.com"],"url":"https:\/\/apuntesdesanluis.com\/index.php\/author\/apuntesdesanluis-com\/"}]}},"featured_image_urls":{"full":["https:\/\/apuntesdesanluis.com\/wp-content\/uploads\/2024\/05\/0a82d333-ff1e-4ae3-98e3-31558fadc6e1.jpg",696,351,false],"thumbnail":["https:\/\/apuntesdesanluis.com\/wp-content\/uploads\/2024\/05\/0a82d333-ff1e-4ae3-98e3-31558fadc6e1-150x150.jpg",150,150,true],"medium":["https:\/\/apuntesdesanluis.com\/wp-content\/uploads\/2024\/05\/0a82d333-ff1e-4ae3-98e3-31558fadc6e1-300x151.jpg",300,151,true],"medium_large":["https:\/\/apuntesdesanluis.com\/wp-content\/uploads\/2024\/05\/0a82d333-ff1e-4ae3-98e3-31558fadc6e1.jpg",640,323,false],"large":["https:\/\/apuntesdesanluis.com\/wp-content\/uploads\/2024\/05\/0a82d333-ff1e-4ae3-98e3-31558fadc6e1.jpg",640,323,false],"1536x1536":["https:\/\/apuntesdesanluis.com\/wp-content\/uploads\/2024\/05\/0a82d333-ff1e-4ae3-98e3-31558fadc6e1.jpg",696,351,false],"2048x2048":["https:\/\/apuntesdesanluis.com\/wp-content\/uploads\/2024\/05\/0a82d333-ff1e-4ae3-98e3-31558fadc6e1.jpg",696,351,false],"newsever-slider-full":["https:\/\/apuntesdesanluis.com\/wp-content\/uploads\/2024\/05\/0a82d333-ff1e-4ae3-98e3-31558fadc6e1.jpg",696,351,false],"newsever-featured":["https:\/\/apuntesdesanluis.com\/wp-content\/uploads\/2024\/05\/0a82d333-ff1e-4ae3-98e3-31558fadc6e1.jpg",696,351,false],"newsever-medium":["https:\/\/apuntesdesanluis.com\/wp-content\/uploads\/2024\/05\/0a82d333-ff1e-4ae3-98e3-31558fadc6e1.jpg",696,351,false]},"author_info":{"display_name":"apuntesdesanluis.com","author_link":"https:\/\/apuntesdesanluis.com\/index.php\/author\/apuntesdesanluis-com\/"},"category_info":"<a href=\"https:\/\/apuntesdesanluis.com\/index.php\/category\/ciudad-provincia\/\" rel=\"category tag\">Ciudad\/Provincia<\/a>","tag_info":"Ciudad\/Provincia","comment_count":"0","_links":{"self":[{"href":"https:\/\/apuntesdesanluis.com\/index.php\/wp-json\/wp\/v2\/posts\/16043","targetHints":{"allow":["GET"]}}],"collection":[{"href":"https:\/\/apuntesdesanluis.com\/index.php\/wp-json\/wp\/v2\/posts"}],"about":[{"href":"https:\/\/apuntesdesanluis.com\/index.php\/wp-json\/wp\/v2\/types\/post"}],"author":[{"embeddable":true,"href":"https:\/\/apuntesdesanluis.com\/index.php\/wp-json\/wp\/v2\/users\/1"}],"replies":[{"embeddable":true,"href":"https:\/\/apuntesdesanluis.com\/index.php\/wp-json\/wp\/v2\/comments?post=16043"}],"version-history":[{"count":3,"href":"https:\/\/apuntesdesanluis.com\/index.php\/wp-json\/wp\/v2\/posts\/16043\/revisions"}],"predecessor-version":[{"id":16047,"href":"https:\/\/apuntesdesanluis.com\/index.php\/wp-json\/wp\/v2\/posts\/16043\/revisions\/16047"}],"wp:featuredmedia":[{"embeddable":true,"href":"https:\/\/apuntesdesanluis.com\/index.php\/wp-json\/wp\/v2\/media\/16044"}],"wp:attachment":[{"href":"https:\/\/apuntesdesanluis.com\/index.php\/wp-json\/wp\/v2\/media?parent=16043"}],"wp:term":[{"taxonomy":"category","embeddable":true,"href":"https:\/\/apuntesdesanluis.com\/index.php\/wp-json\/wp\/v2\/categories?post=16043"},{"taxonomy":"post_tag","embeddable":true,"href":"https:\/\/apuntesdesanluis.com\/index.php\/wp-json\/wp\/v2\/tags?post=16043"}],"curies":[{"name":"wp","href":"https:\/\/api.w.org\/{rel}","templated":true}]}}