{"id":1605,"date":"2023-08-15T13:56:46","date_gmt":"2023-08-15T16:56:46","guid":{"rendered":"https:\/\/apuntesdesanluis.com\/?p=1605"},"modified":"2023-08-15T13:56:46","modified_gmt":"2023-08-15T16:56:46","slug":"el-gobierno-cerro-las-exportaciones-de-carne-por-15-dias","status":"publish","type":"post","link":"https:\/\/apuntesdesanluis.com\/index.php\/2023\/08\/15\/el-gobierno-cerro-las-exportaciones-de-carne-por-15-dias\/","title":{"rendered":"EL GOBIERNO CERR\u00d3 LAS EXPORTACIONES DE CARNE POR 15 D\u00cdAS"},"content":{"rendered":"<h3>Es una reacci\u00f3n ante las subas de precios que est\u00e1n teniendo lugar luego de la devaluaci\u00f3n del peso en el mercado formal y la presi\u00f3n sobre los tipos de cambio paralelos.<\/h3>\n<h3>Ante la escalada de precios minoristas que gener\u00f3 la devaluaci\u00f3n del 18% que aplic\u00f3 el Banco Central (BCRA) al d\u00f3lar mayorista y la disparada del d\u00f3lar libre, el Gobierno suspendi\u00f3 las exportaciones de carne vacuna en un intento por moderar sus aumentos en el mercado interno. La medida se fij\u00f3 para los pr\u00f3ximos 15 d\u00edas, confirmaron fuentes oficiales.<\/h3>\n<h3>Esta tarde se conocer\u00e1 el \u00edndice de precios al consumidor de junio que publica el Indec. El dato, que dar\u00e1 a conocer movimientos de precios previos al cimbronazo que sufri\u00f3 el mercado tras la victoria de Javier Milei en las PASO del domingo pasado, mostrar\u00e1 un entorno de precios calientes pero todav\u00eda libres del impacto electoral y de la devaluaci\u00f3n que decidi\u00f3 este lunes el ministro de Econom\u00eda, Sergio Massa.<\/h3>\n<h3>Pero el dato va a quedar viejo en comparaci\u00f3n con los movimientos que se dieron en los comercios en las \u00faltimas horas. Las remarcaciones, luego de los saltos del d\u00f3lar oficial y el paralelo, est\u00e1n a la orden el d\u00eda con la t\u00edpica salida temporal del mercado de proveedores que esperan cierta estabilizaci\u00f3n antes de rehacer sus listas de precios.<\/h3>\n<h3>En ese contexto, el Gobierno decidi\u00f3 tomar una medida muy impopular entre los productores agropecuarios, frigor\u00edficos y toda la cadena c\u00e1rnica. Con la idea de evitar que compitan los precios internacionales con los del mercado interno, cerr\u00f3 la venta al exterior. Hasta el momento, por tiempo limitado.<\/h3>\n<h3>Fuentes oficiales admitieron que hab\u00edan detectado un aumento importante en los precios al consumidor. Y que el objetivo es contener los valores en los mostradores.<\/h3>\n<h3>\u201cLa medida se tom\u00f3 a la espera de un acuerdo de precios con el consorcio de frigor\u00edficos\u201d, detallaron desde cerca de Guillermo Michel, titular de la Aduana y hombre de confianza de Massa, que tom\u00f3 un rol protag\u00f3nico en las negociaciones de precios.<\/h3>\n<h3>\u201cSin acuerdo, no habr\u00e1 permisos de exportaci\u00f3n\u201d, agregaron.<\/h3>\n","protected":false},"excerpt":{"rendered":"<p>Es una reacci\u00f3n ante las subas de precios que est\u00e1n teniendo lugar luego de la&#8230;<\/p>\n","protected":false},"author":1,"featured_media":1606,"comment_status":"closed","ping_status":"closed","sticky":false,"template":"","format":"standard","meta":{"footnotes":""},"categories":[5],"tags":[],"class_list":["post-1605","post","type-post","status-publish","format-standard","has-post-thumbnail","hentry","category-nacionales-internacionales"],"yoast_head":"<!-- This site is optimized with the Yoast SEO plugin v26.1.1 - https:\/\/yoast.com\/wordpress\/plugins\/seo\/ -->\n<title>EL GOBIERNO CERR\u00d3 LAS EXPORTACIONES DE CARNE POR 15 D\u00cdAS - Apuntes de San Luis<\/title>\n<meta name=\"robots\" content=\"index, follow, max-snippet:-1, max-image-preview:large, max-video-preview:-1\" \/>\n<link rel=\"canonical\" href=\"https:\/\/apuntesdesanluis.com\/index.php\/2023\/08\/15\/el-gobierno-cerro-las-exportaciones-de-carne-por-15-dias\/\" \/>\n<meta property=\"og:locale\" content=\"es_ES\" \/>\n<meta property=\"og:type\" content=\"article\" \/>\n<meta property=\"og:title\" content=\"EL GOBIERNO CERR\u00d3 LAS EXPORTACIONES DE CARNE POR 15 D\u00cdAS - Apuntes de San Luis\" \/>\n<meta property=\"og:description\" content=\"Es una reacci\u00f3n ante las subas de precios que est\u00e1n teniendo lugar luego de la...\" \/>\n<meta property=\"og:url\" content=\"https:\/\/apuntesdesanluis.com\/index.php\/2023\/08\/15\/el-gobierno-cerro-las-exportaciones-de-carne-por-15-dias\/\" \/>\n<meta property=\"og:site_name\" content=\"Apuntes de San Luis\" \/>\n<meta property=\"article:published_time\" content=\"2023-08-15T16:56:46+00:00\" \/>\n<meta property=\"og:image\" content=\"https:\/\/apuntesdesanluis.com\/wp-content\/uploads\/2023\/08\/carne.jpg\" \/>\n\t<meta property=\"og:image:width\" content=\"600\" \/>\n\t<meta property=\"og:image:height\" content=\"337\" \/>\n\t<meta property=\"og:image:type\" content=\"image\/jpeg\" \/>\n<meta name=\"author\" content=\"apuntesdesanluis.com\" \/>\n<meta name=\"twitter:card\" content=\"summary_large_image\" \/>\n<meta name=\"twitter:label1\" content=\"Escrito por\" \/>\n\t<meta name=\"twitter:data1\" content=\"apuntesdesanluis.com\" \/>\n\t<meta name=\"twitter:label2\" content=\"Tiempo de lectura\" \/>\n\t<meta name=\"twitter:data2\" content=\"2 minutos\" \/>\n<script type=\"application\/ld+json\" class=\"yoast-schema-graph\">{\"@context\":\"https:\/\/schema.org\",\"@graph\":[{\"@type\":\"Article\",\"@id\":\"https:\/\/apuntesdesanluis.com\/index.php\/2023\/08\/15\/el-gobierno-cerro-las-exportaciones-de-carne-por-15-dias\/#article\",\"isPartOf\":{\"@id\":\"https:\/\/apuntesdesanluis.com\/index.php\/2023\/08\/15\/el-gobierno-cerro-las-exportaciones-de-carne-por-15-dias\/\"},\"author\":{\"name\":\"apuntesdesanluis.com\",\"@id\":\"https:\/\/apuntesdesanluis.com\/#\/schema\/person\/b55151d52296fcce64d1a72538a70b90\"},\"headline\":\"EL GOBIERNO CERR\u00d3 LAS EXPORTACIONES DE CARNE POR 15 D\u00cdAS\",\"datePublished\":\"2023-08-15T16:56:46+00:00\",\"mainEntityOfPage\":{\"@id\":\"https:\/\/apuntesdesanluis.com\/index.php\/2023\/08\/15\/el-gobierno-cerro-las-exportaciones-de-carne-por-15-dias\/\"},\"wordCount\":374,\"publisher\":{\"@id\":\"https:\/\/apuntesdesanluis.com\/#\/schema\/person\/b55151d52296fcce64d1a72538a70b90\"},\"image\":{\"@id\":\"https:\/\/apuntesdesanluis.com\/index.php\/2023\/08\/15\/el-gobierno-cerro-las-exportaciones-de-carne-por-15-dias\/#primaryimage\"},\"thumbnailUrl\":\"https:\/\/apuntesdesanluis.com\/wp-content\/uploads\/2023\/08\/carne.jpg\",\"articleSection\":[\"Nacionales\/Internacionales\"],\"inLanguage\":\"es-AR\"},{\"@type\":\"WebPage\",\"@id\":\"https:\/\/apuntesdesanluis.com\/index.php\/2023\/08\/15\/el-gobierno-cerro-las-exportaciones-de-carne-por-15-dias\/\",\"url\":\"https:\/\/apuntesdesanluis.com\/index.php\/2023\/08\/15\/el-gobierno-cerro-las-exportaciones-de-carne-por-15-dias\/\",\"name\":\"EL GOBIERNO CERR\u00d3 LAS EXPORTACIONES DE CARNE POR 15 D\u00cdAS - Apuntes de San Luis\",\"isPartOf\":{\"@id\":\"https:\/\/apuntesdesanluis.com\/#website\"},\"primaryImageOfPage\":{\"@id\":\"https:\/\/apuntesdesanluis.com\/index.php\/2023\/08\/15\/el-gobierno-cerro-las-exportaciones-de-carne-por-15-dias\/#primaryimage\"},\"image\":{\"@id\":\"https:\/\/apuntesdesanluis.com\/index.php\/2023\/08\/15\/el-gobierno-cerro-las-exportaciones-de-carne-por-15-dias\/#primaryimage\"},\"thumbnailUrl\":\"https:\/\/apuntesdesanluis.com\/wp-content\/uploads\/2023\/08\/carne.jpg\",\"datePublished\":\"2023-08-15T16:56:46+00:00\",\"breadcrumb\":{\"@id\":\"https:\/\/apuntesdesanluis.com\/index.php\/2023\/08\/15\/el-gobierno-cerro-las-exportaciones-de-carne-por-15-dias\/#breadcrumb\"},\"inLanguage\":\"es-AR\",\"potentialAction\":[{\"@type\":\"ReadAction\",\"target\":[\"https:\/\/apuntesdesanluis.com\/index.php\/2023\/08\/15\/el-gobierno-cerro-las-exportaciones-de-carne-por-15-dias\/\"]}]},{\"@type\":\"ImageObject\",\"inLanguage\":\"es-AR\",\"@id\":\"https:\/\/apuntesdesanluis.com\/index.php\/2023\/08\/15\/el-gobierno-cerro-las-exportaciones-de-carne-por-15-dias\/#primaryimage\",\"url\":\"https:\/\/apuntesdesanluis.com\/wp-content\/uploads\/2023\/08\/carne.jpg\",\"contentUrl\":\"https:\/\/apuntesdesanluis.com\/wp-content\/uploads\/2023\/08\/carne.jpg\",\"width\":600,\"height\":337},{\"@type\":\"BreadcrumbList\",\"@id\":\"https:\/\/apuntesdesanluis.com\/index.php\/2023\/08\/15\/el-gobierno-cerro-las-exportaciones-de-carne-por-15-dias\/#breadcrumb\",\"itemListElement\":[{\"@type\":\"ListItem\",\"position\":1,\"name\":\"Inicio\",\"item\":\"https:\/\/apuntesdesanluis.com\/\"},{\"@type\":\"ListItem\",\"position\":2,\"name\":\"EL GOBIERNO CERR\u00d3 LAS EXPORTACIONES DE CARNE POR 15 D\u00cdAS\"}]},{\"@type\":\"WebSite\",\"@id\":\"https:\/\/apuntesdesanluis.com\/#website\",\"url\":\"https:\/\/apuntesdesanluis.com\/\",\"name\":\"Apuntes de San Luis\",\"description\":\"\",\"publisher\":{\"@id\":\"https:\/\/apuntesdesanluis.com\/#\/schema\/person\/b55151d52296fcce64d1a72538a70b90\"},\"potentialAction\":[{\"@type\":\"SearchAction\",\"target\":{\"@type\":\"EntryPoint\",\"urlTemplate\":\"https:\/\/apuntesdesanluis.com\/?s={search_term_string}\"},\"query-input\":{\"@type\":\"PropertyValueSpecification\",\"valueRequired\":true,\"valueName\":\"search_term_string\"}}],\"inLanguage\":\"es-AR\"},{\"@type\":[\"Person\",\"Organization\"],\"@id\":\"https:\/\/apuntesdesanluis.com\/#\/schema\/person\/b55151d52296fcce64d1a72538a70b90\",\"name\":\"apuntesdesanluis.com\",\"image\":{\"@type\":\"ImageObject\",\"inLanguage\":\"es-AR\",\"@id\":\"https:\/\/apuntesdesanluis.com\/#\/schema\/person\/image\/\",\"url\":\"https:\/\/apuntesdesanluis.com\/wp-content\/uploads\/2023\/07\/cropped-apuntesdesanluis.png\",\"contentUrl\":\"https:\/\/apuntesdesanluis.com\/wp-content\/uploads\/2023\/07\/cropped-apuntesdesanluis.png\",\"width\":450,\"height\":112,\"caption\":\"apuntesdesanluis.com\"},\"logo\":{\"@id\":\"https:\/\/apuntesdesanluis.com\/#\/schema\/person\/image\/\"},\"sameAs\":[\"https:\/\/apuntesdesanluis.com\"],\"url\":\"https:\/\/apuntesdesanluis.com\/index.php\/author\/apuntesdesanluis-com\/\"}]}<\/script>\n<!-- \/ Yoast SEO plugin. -->","yoast_head_json":{"title":"EL GOBIERNO CERR\u00d3 LAS EXPORTACIONES DE CARNE POR 15 D\u00cdAS - Apuntes de San Luis","robots":{"index":"index","follow":"follow","max-snippet":"max-snippet:-1","max-image-preview":"max-image-preview:large","max-video-preview":"max-video-preview:-1"},"canonical":"https:\/\/apuntesdesanluis.com\/index.php\/2023\/08\/15\/el-gobierno-cerro-las-exportaciones-de-carne-por-15-dias\/","og_locale":"es_ES","og_type":"article","og_title":"EL GOBIERNO CERR\u00d3 LAS EXPORTACIONES DE CARNE POR 15 D\u00cdAS - Apuntes de San Luis","og_description":"Es una reacci\u00f3n ante las subas de precios que est\u00e1n teniendo lugar luego de la...","og_url":"https:\/\/apuntesdesanluis.com\/index.php\/2023\/08\/15\/el-gobierno-cerro-las-exportaciones-de-carne-por-15-dias\/","og_site_name":"Apuntes de San Luis","article_published_time":"2023-08-15T16:56:46+00:00","og_image":[{"width":600,"height":337,"url":"https:\/\/apuntesdesanluis.com\/wp-content\/uploads\/2023\/08\/carne.jpg","type":"image\/jpeg"}],"author":"apuntesdesanluis.com","twitter_card":"summary_large_image","twitter_misc":{"Escrito por":"apuntesdesanluis.com","Tiempo de lectura":"2 minutos"},"schema":{"@context":"https:\/\/schema.org","@graph":[{"@type":"Article","@id":"https:\/\/apuntesdesanluis.com\/index.php\/2023\/08\/15\/el-gobierno-cerro-las-exportaciones-de-carne-por-15-dias\/#article","isPartOf":{"@id":"https:\/\/apuntesdesanluis.com\/index.php\/2023\/08\/15\/el-gobierno-cerro-las-exportaciones-de-carne-por-15-dias\/"},"author":{"name":"apuntesdesanluis.com","@id":"https:\/\/apuntesdesanluis.com\/#\/schema\/person\/b55151d52296fcce64d1a72538a70b90"},"headline":"EL GOBIERNO CERR\u00d3 LAS EXPORTACIONES DE CARNE POR 15 D\u00cdAS","datePublished":"2023-08-15T16:56:46+00:00","mainEntityOfPage":{"@id":"https:\/\/apuntesdesanluis.com\/index.php\/2023\/08\/15\/el-gobierno-cerro-las-exportaciones-de-carne-por-15-dias\/"},"wordCount":374,"publisher":{"@id":"https:\/\/apuntesdesanluis.com\/#\/schema\/person\/b55151d52296fcce64d1a72538a70b90"},"image":{"@id":"https:\/\/apuntesdesanluis.com\/index.php\/2023\/08\/15\/el-gobierno-cerro-las-exportaciones-de-carne-por-15-dias\/#primaryimage"},"thumbnailUrl":"https:\/\/apuntesdesanluis.com\/wp-content\/uploads\/2023\/08\/carne.jpg","articleSection":["Nacionales\/Internacionales"],"inLanguage":"es-AR"},{"@type":"WebPage","@id":"https:\/\/apuntesdesanluis.com\/index.php\/2023\/08\/15\/el-gobierno-cerro-las-exportaciones-de-carne-por-15-dias\/","url":"https:\/\/apuntesdesanluis.com\/index.php\/2023\/08\/15\/el-gobierno-cerro-las-exportaciones-de-carne-por-15-dias\/","name":"EL GOBIERNO CERR\u00d3 LAS EXPORTACIONES DE CARNE POR 15 D\u00cdAS - Apuntes de San Luis","isPartOf":{"@id":"https:\/\/apuntesdesanluis.com\/#website"},"primaryImageOfPage":{"@id":"https:\/\/apuntesdesanluis.com\/index.php\/2023\/08\/15\/el-gobierno-cerro-las-exportaciones-de-carne-por-15-dias\/#primaryimage"},"image":{"@id":"https:\/\/apuntesdesanluis.com\/index.php\/2023\/08\/15\/el-gobierno-cerro-las-exportaciones-de-carne-por-15-dias\/#primaryimage"},"thumbnailUrl":"https:\/\/apuntesdesanluis.com\/wp-content\/uploads\/2023\/08\/carne.jpg","datePublished":"2023-08-15T16:56:46+00:00","breadcrumb":{"@id":"https:\/\/apuntesdesanluis.com\/index.php\/2023\/08\/15\/el-gobierno-cerro-las-exportaciones-de-carne-por-15-dias\/#breadcrumb"},"inLanguage":"es-AR","potentialAction":[{"@type":"ReadAction","target":["https:\/\/apuntesdesanluis.com\/index.php\/2023\/08\/15\/el-gobierno-cerro-las-exportaciones-de-carne-por-15-dias\/"]}]},{"@type":"ImageObject","inLanguage":"es-AR","@id":"https:\/\/apuntesdesanluis.com\/index.php\/2023\/08\/15\/el-gobierno-cerro-las-exportaciones-de-carne-por-15-dias\/#primaryimage","url":"https:\/\/apuntesdesanluis.com\/wp-content\/uploads\/2023\/08\/carne.jpg","contentUrl":"https:\/\/apuntesdesanluis.com\/wp-content\/uploads\/2023\/08\/carne.jpg","width":600,"height":337},{"@type":"BreadcrumbList","@id":"https:\/\/apuntesdesanluis.com\/index.php\/2023\/08\/15\/el-gobierno-cerro-las-exportaciones-de-carne-por-15-dias\/#breadcrumb","itemListElement":[{"@type":"ListItem","position":1,"name":"Inicio","item":"https:\/\/apuntesdesanluis.com\/"},{"@type":"ListItem","position":2,"name":"EL GOBIERNO CERR\u00d3 LAS EXPORTACIONES DE CARNE POR 15 D\u00cdAS"}]},{"@type":"WebSite","@id":"https:\/\/apuntesdesanluis.com\/#website","url":"https:\/\/apuntesdesanluis.com\/","name":"Apuntes de San Luis","description":"","publisher":{"@id":"https:\/\/apuntesdesanluis.com\/#\/schema\/person\/b55151d52296fcce64d1a72538a70b90"},"potentialAction":[{"@type":"SearchAction","target":{"@type":"EntryPoint","urlTemplate":"https:\/\/apuntesdesanluis.com\/?s={search_term_string}"},"query-input":{"@type":"PropertyValueSpecification","valueRequired":true,"valueName":"search_term_string"}}],"inLanguage":"es-AR"},{"@type":["Person","Organization"],"@id":"https:\/\/apuntesdesanluis.com\/#\/schema\/person\/b55151d52296fcce64d1a72538a70b90","name":"apuntesdesanluis.com","image":{"@type":"ImageObject","inLanguage":"es-AR","@id":"https:\/\/apuntesdesanluis.com\/#\/schema\/person\/image\/","url":"https:\/\/apuntesdesanluis.com\/wp-content\/uploads\/2023\/07\/cropped-apuntesdesanluis.png","contentUrl":"https:\/\/apuntesdesanluis.com\/wp-content\/uploads\/2023\/07\/cropped-apuntesdesanluis.png","width":450,"height":112,"caption":"apuntesdesanluis.com"},"logo":{"@id":"https:\/\/apuntesdesanluis.com\/#\/schema\/person\/image\/"},"sameAs":["https:\/\/apuntesdesanluis.com"],"url":"https:\/\/apuntesdesanluis.com\/index.php\/author\/apuntesdesanluis-com\/"}]}},"featured_image_urls":{"full":["https:\/\/apuntesdesanluis.com\/wp-content\/uploads\/2023\/08\/carne.jpg",600,337,false],"thumbnail":["https:\/\/apuntesdesanluis.com\/wp-content\/uploads\/2023\/08\/carne-150x150.jpg",150,150,true],"medium":["https:\/\/apuntesdesanluis.com\/wp-content\/uploads\/2023\/08\/carne-300x169.jpg",300,169,true],"medium_large":["https:\/\/apuntesdesanluis.com\/wp-content\/uploads\/2023\/08\/carne.jpg",600,337,false],"large":["https:\/\/apuntesdesanluis.com\/wp-content\/uploads\/2023\/08\/carne.jpg",600,337,false],"1536x1536":["https:\/\/apuntesdesanluis.com\/wp-content\/uploads\/2023\/08\/carne.jpg",600,337,false],"2048x2048":["https:\/\/apuntesdesanluis.com\/wp-content\/uploads\/2023\/08\/carne.jpg",600,337,false],"newsever-slider-full":["https:\/\/apuntesdesanluis.com\/wp-content\/uploads\/2023\/08\/carne.jpg",600,337,false],"newsever-featured":["https:\/\/apuntesdesanluis.com\/wp-content\/uploads\/2023\/08\/carne.jpg",600,337,false],"newsever-medium":["https:\/\/apuntesdesanluis.com\/wp-content\/uploads\/2023\/08\/carne.jpg",600,337,false]},"author_info":{"display_name":"apuntesdesanluis.com","author_link":"https:\/\/apuntesdesanluis.com\/index.php\/author\/apuntesdesanluis-com\/"},"category_info":"<a href=\"https:\/\/apuntesdesanluis.com\/index.php\/category\/nacionales-internacionales\/\" rel=\"category tag\">Nacionales\/Internacionales<\/a>","tag_info":"Nacionales\/Internacionales","comment_count":"0","_links":{"self":[{"href":"https:\/\/apuntesdesanluis.com\/index.php\/wp-json\/wp\/v2\/posts\/1605","targetHints":{"allow":["GET"]}}],"collection":[{"href":"https:\/\/apuntesdesanluis.com\/index.php\/wp-json\/wp\/v2\/posts"}],"about":[{"href":"https:\/\/apuntesdesanluis.com\/index.php\/wp-json\/wp\/v2\/types\/post"}],"author":[{"embeddable":true,"href":"https:\/\/apuntesdesanluis.com\/index.php\/wp-json\/wp\/v2\/users\/1"}],"replies":[{"embeddable":true,"href":"https:\/\/apuntesdesanluis.com\/index.php\/wp-json\/wp\/v2\/comments?post=1605"}],"version-history":[{"count":1,"href":"https:\/\/apuntesdesanluis.com\/index.php\/wp-json\/wp\/v2\/posts\/1605\/revisions"}],"predecessor-version":[{"id":1607,"href":"https:\/\/apuntesdesanluis.com\/index.php\/wp-json\/wp\/v2\/posts\/1605\/revisions\/1607"}],"wp:featuredmedia":[{"embeddable":true,"href":"https:\/\/apuntesdesanluis.com\/index.php\/wp-json\/wp\/v2\/media\/1606"}],"wp:attachment":[{"href":"https:\/\/apuntesdesanluis.com\/index.php\/wp-json\/wp\/v2\/media?parent=1605"}],"wp:term":[{"taxonomy":"category","embeddable":true,"href":"https:\/\/apuntesdesanluis.com\/index.php\/wp-json\/wp\/v2\/categories?post=1605"},{"taxonomy":"post_tag","embeddable":true,"href":"https:\/\/apuntesdesanluis.com\/index.php\/wp-json\/wp\/v2\/tags?post=1605"}],"curies":[{"name":"wp","href":"https:\/\/api.w.org\/{rel}","templated":true}]}}