{"id":16083,"date":"2024-05-13T21:49:11","date_gmt":"2024-05-14T00:49:11","guid":{"rendered":"https:\/\/apuntesdesanluis.com\/?p=16083"},"modified":"2024-05-13T21:49:11","modified_gmt":"2024-05-14T00:49:11","slug":"imputaron-al-hombre-que-conducia-alcoholizado-y-choco-a-un-movil-policial","status":"publish","type":"post","link":"https:\/\/apuntesdesanluis.com\/index.php\/2024\/05\/13\/imputaron-al-hombre-que-conducia-alcoholizado-y-choco-a-un-movil-policial\/","title":{"rendered":"IMPUTARON AL HOMBRE QUE CONDUC\u00cdA ALCOHOLIZADO Y CHOC\u00d3 A UN M\u00d3VIL POLICIAL"},"content":{"rendered":"<h3>El hecho ocurri\u00f3 en la ma\u00f1ana del domingo 12 de mayo. El imputado se trasladaba en un veh\u00edculo a alta velocidad y en direcci\u00f3n contraria cuando colision\u00f3 a una motocicleta policial.<\/h3>\n<h3>Este lunes se desarroll\u00f3 una audiencia de formulaci\u00f3n de cargos en el Juzgado de Garant\u00eda N\u00b0 3 en donde le imputaron a un hombre los delitos de da\u00f1os a bienes del estado y resistencia a la autoridad.<\/h3>\n<h3>Como fiscal adjunto intervino el Dr. Alberto Orellana, como defensora adjunta del imputado la Dra. Laura Fornero y como secretaria la Dra. Natalia Pereyra Cardini.<\/h3>\n<h3>El hecho, relat\u00f3 el fiscal adjunto, ocurri\u00f3 el 12 de mayo a las 6:45 hs de la ma\u00f1ana en Villa Mercedes. En ese momento, personal del DRIM se encontraba realizando un corte en la intersecci\u00f3n de calles Gral. Paz y Jujuy por un accidente de tr\u00e1nsito ocurrido a una cuadra, en la esquina de Gral. Paz y Madre Cabrini.<\/h3>\n<h3>En dicha ocasi\u00f3n, el hombre conduc\u00eda a velocidad alta y en contra mano por Gral. Paz hacia calle Jujuy, es en ese momento que el conductor no acat\u00f3 la se\u00f1al de bajar la velocidad y colision\u00f3 con la motocicleta policial produci\u00e9ndole da\u00f1os. Luego se retir\u00f3 del lugar siguiendo su marcha haciendo caso omiso a la voz de alto. Despu\u00e9s de una persecuci\u00f3n fue interceptado a unas cuadras del hecho.<\/h3>\n<h3>La fiscal\u00eda mencion\u00f3 la evidencia e inform\u00f3 que el resultado del test de alcoholemia arroj\u00f3 1.20 de alcohol en sangre. El fiscal expres\u00f3 que en base a los hechos y a las evidencias se formulaban cargos por da\u00f1os a bienes del estado y resistencia a la autoridad.<\/h3>\n<h3>La defensa por su parte, no formul\u00f3 objeciones en relaci\u00f3n a la imputaci\u00f3n y adelant\u00f3 que se trabajar\u00e1 en la posibilidad de alguna soluci\u00f3n alternativa.<\/h3>\n<h3>La Dra. Mirta Ucelay de Garciarena expres\u00f3 que se re\u00fanen los requisitos para encuadrar la conducta de manera provisoria en los delitos de resistencia a la autoridad y da\u00f1os a bienes del estado, dando lugar a lo formulado por la fiscal\u00eda.<\/h3>\n<p>&nbsp;<\/p>\n<p>&nbsp;<\/p>\n<p>&nbsp;<\/p>\n<p>&nbsp;<\/p>\n<p>&nbsp;<\/p>\n<p>&nbsp;<\/p>\n","protected":false},"excerpt":{"rendered":"<p>El hecho ocurri\u00f3 en la ma\u00f1ana del domingo 12 de mayo. El imputado se trasladaba&#8230;<\/p>\n","protected":false},"author":1,"featured_media":16064,"comment_status":"closed","ping_status":"closed","sticky":false,"template":"","format":"standard","meta":{"footnotes":""},"categories":[6],"tags":[],"class_list":["post-16083","post","type-post","status-publish","format-standard","has-post-thumbnail","hentry","category-ciudad-provincia"],"yoast_head":"<!-- This site is optimized with the Yoast SEO plugin v26.1.1 - https:\/\/yoast.com\/wordpress\/plugins\/seo\/ -->\n<title>IMPUTARON AL HOMBRE QUE CONDUC\u00cdA ALCOHOLIZADO Y CHOC\u00d3 A UN M\u00d3VIL POLICIAL - Apuntes de San Luis<\/title>\n<meta name=\"robots\" content=\"index, follow, max-snippet:-1, max-image-preview:large, max-video-preview:-1\" \/>\n<link rel=\"canonical\" href=\"https:\/\/apuntesdesanluis.com\/index.php\/2024\/05\/13\/imputaron-al-hombre-que-conducia-alcoholizado-y-choco-a-un-movil-policial\/\" \/>\n<meta property=\"og:locale\" content=\"es_ES\" \/>\n<meta property=\"og:type\" content=\"article\" \/>\n<meta property=\"og:title\" content=\"IMPUTARON AL HOMBRE QUE CONDUC\u00cdA ALCOHOLIZADO Y CHOC\u00d3 A UN M\u00d3VIL POLICIAL - Apuntes de San Luis\" \/>\n<meta property=\"og:description\" content=\"El hecho ocurri\u00f3 en la ma\u00f1ana del domingo 12 de mayo. El imputado se trasladaba...\" \/>\n<meta property=\"og:url\" content=\"https:\/\/apuntesdesanluis.com\/index.php\/2024\/05\/13\/imputaron-al-hombre-que-conducia-alcoholizado-y-choco-a-un-movil-policial\/\" \/>\n<meta property=\"og:site_name\" content=\"Apuntes de San Luis\" \/>\n<meta property=\"article:published_time\" content=\"2024-05-14T00:49:11+00:00\" \/>\n<meta property=\"og:image\" content=\"https:\/\/apuntesdesanluis.com\/wp-content\/uploads\/2024\/05\/detenido.jpg\" \/>\n\t<meta property=\"og:image:width\" content=\"600\" \/>\n\t<meta property=\"og:image:height\" content=\"362\" \/>\n\t<meta property=\"og:image:type\" content=\"image\/jpeg\" \/>\n<meta name=\"author\" content=\"apuntesdesanluis.com\" \/>\n<meta name=\"twitter:card\" content=\"summary_large_image\" \/>\n<meta name=\"twitter:label1\" content=\"Escrito por\" \/>\n\t<meta name=\"twitter:data1\" content=\"apuntesdesanluis.com\" \/>\n\t<meta name=\"twitter:label2\" content=\"Tiempo de lectura\" \/>\n\t<meta name=\"twitter:data2\" content=\"2 minutos\" \/>\n<script type=\"application\/ld+json\" class=\"yoast-schema-graph\">{\"@context\":\"https:\/\/schema.org\",\"@graph\":[{\"@type\":\"Article\",\"@id\":\"https:\/\/apuntesdesanluis.com\/index.php\/2024\/05\/13\/imputaron-al-hombre-que-conducia-alcoholizado-y-choco-a-un-movil-policial\/#article\",\"isPartOf\":{\"@id\":\"https:\/\/apuntesdesanluis.com\/index.php\/2024\/05\/13\/imputaron-al-hombre-que-conducia-alcoholizado-y-choco-a-un-movil-policial\/\"},\"author\":{\"name\":\"apuntesdesanluis.com\",\"@id\":\"https:\/\/apuntesdesanluis.com\/#\/schema\/person\/b55151d52296fcce64d1a72538a70b90\"},\"headline\":\"IMPUTARON AL HOMBRE QUE CONDUC\u00cdA ALCOHOLIZADO Y CHOC\u00d3 A UN M\u00d3VIL POLICIAL\",\"datePublished\":\"2024-05-14T00:49:11+00:00\",\"mainEntityOfPage\":{\"@id\":\"https:\/\/apuntesdesanluis.com\/index.php\/2024\/05\/13\/imputaron-al-hombre-que-conducia-alcoholizado-y-choco-a-un-movil-policial\/\"},\"wordCount\":373,\"publisher\":{\"@id\":\"https:\/\/apuntesdesanluis.com\/#\/schema\/person\/b55151d52296fcce64d1a72538a70b90\"},\"image\":{\"@id\":\"https:\/\/apuntesdesanluis.com\/index.php\/2024\/05\/13\/imputaron-al-hombre-que-conducia-alcoholizado-y-choco-a-un-movil-policial\/#primaryimage\"},\"thumbnailUrl\":\"https:\/\/apuntesdesanluis.com\/wp-content\/uploads\/2024\/05\/detenido.jpg\",\"articleSection\":[\"Ciudad\/Provincia\"],\"inLanguage\":\"es-AR\"},{\"@type\":\"WebPage\",\"@id\":\"https:\/\/apuntesdesanluis.com\/index.php\/2024\/05\/13\/imputaron-al-hombre-que-conducia-alcoholizado-y-choco-a-un-movil-policial\/\",\"url\":\"https:\/\/apuntesdesanluis.com\/index.php\/2024\/05\/13\/imputaron-al-hombre-que-conducia-alcoholizado-y-choco-a-un-movil-policial\/\",\"name\":\"IMPUTARON AL HOMBRE QUE CONDUC\u00cdA ALCOHOLIZADO Y CHOC\u00d3 A UN M\u00d3VIL POLICIAL - Apuntes de San Luis\",\"isPartOf\":{\"@id\":\"https:\/\/apuntesdesanluis.com\/#website\"},\"primaryImageOfPage\":{\"@id\":\"https:\/\/apuntesdesanluis.com\/index.php\/2024\/05\/13\/imputaron-al-hombre-que-conducia-alcoholizado-y-choco-a-un-movil-policial\/#primaryimage\"},\"image\":{\"@id\":\"https:\/\/apuntesdesanluis.com\/index.php\/2024\/05\/13\/imputaron-al-hombre-que-conducia-alcoholizado-y-choco-a-un-movil-policial\/#primaryimage\"},\"thumbnailUrl\":\"https:\/\/apuntesdesanluis.com\/wp-content\/uploads\/2024\/05\/detenido.jpg\",\"datePublished\":\"2024-05-14T00:49:11+00:00\",\"breadcrumb\":{\"@id\":\"https:\/\/apuntesdesanluis.com\/index.php\/2024\/05\/13\/imputaron-al-hombre-que-conducia-alcoholizado-y-choco-a-un-movil-policial\/#breadcrumb\"},\"inLanguage\":\"es-AR\",\"potentialAction\":[{\"@type\":\"ReadAction\",\"target\":[\"https:\/\/apuntesdesanluis.com\/index.php\/2024\/05\/13\/imputaron-al-hombre-que-conducia-alcoholizado-y-choco-a-un-movil-policial\/\"]}]},{\"@type\":\"ImageObject\",\"inLanguage\":\"es-AR\",\"@id\":\"https:\/\/apuntesdesanluis.com\/index.php\/2024\/05\/13\/imputaron-al-hombre-que-conducia-alcoholizado-y-choco-a-un-movil-policial\/#primaryimage\",\"url\":\"https:\/\/apuntesdesanluis.com\/wp-content\/uploads\/2024\/05\/detenido.jpg\",\"contentUrl\":\"https:\/\/apuntesdesanluis.com\/wp-content\/uploads\/2024\/05\/detenido.jpg\",\"width\":600,\"height\":362},{\"@type\":\"BreadcrumbList\",\"@id\":\"https:\/\/apuntesdesanluis.com\/index.php\/2024\/05\/13\/imputaron-al-hombre-que-conducia-alcoholizado-y-choco-a-un-movil-policial\/#breadcrumb\",\"itemListElement\":[{\"@type\":\"ListItem\",\"position\":1,\"name\":\"Inicio\",\"item\":\"https:\/\/apuntesdesanluis.com\/\"},{\"@type\":\"ListItem\",\"position\":2,\"name\":\"IMPUTARON AL HOMBRE QUE CONDUC\u00cdA ALCOHOLIZADO Y CHOC\u00d3 A UN M\u00d3VIL POLICIAL\"}]},{\"@type\":\"WebSite\",\"@id\":\"https:\/\/apuntesdesanluis.com\/#website\",\"url\":\"https:\/\/apuntesdesanluis.com\/\",\"name\":\"Apuntes de San Luis\",\"description\":\"\",\"publisher\":{\"@id\":\"https:\/\/apuntesdesanluis.com\/#\/schema\/person\/b55151d52296fcce64d1a72538a70b90\"},\"potentialAction\":[{\"@type\":\"SearchAction\",\"target\":{\"@type\":\"EntryPoint\",\"urlTemplate\":\"https:\/\/apuntesdesanluis.com\/?s={search_term_string}\"},\"query-input\":{\"@type\":\"PropertyValueSpecification\",\"valueRequired\":true,\"valueName\":\"search_term_string\"}}],\"inLanguage\":\"es-AR\"},{\"@type\":[\"Person\",\"Organization\"],\"@id\":\"https:\/\/apuntesdesanluis.com\/#\/schema\/person\/b55151d52296fcce64d1a72538a70b90\",\"name\":\"apuntesdesanluis.com\",\"image\":{\"@type\":\"ImageObject\",\"inLanguage\":\"es-AR\",\"@id\":\"https:\/\/apuntesdesanluis.com\/#\/schema\/person\/image\/\",\"url\":\"https:\/\/apuntesdesanluis.com\/wp-content\/uploads\/2023\/07\/cropped-apuntesdesanluis.png\",\"contentUrl\":\"https:\/\/apuntesdesanluis.com\/wp-content\/uploads\/2023\/07\/cropped-apuntesdesanluis.png\",\"width\":450,\"height\":112,\"caption\":\"apuntesdesanluis.com\"},\"logo\":{\"@id\":\"https:\/\/apuntesdesanluis.com\/#\/schema\/person\/image\/\"},\"sameAs\":[\"https:\/\/apuntesdesanluis.com\"],\"url\":\"https:\/\/apuntesdesanluis.com\/index.php\/author\/apuntesdesanluis-com\/\"}]}<\/script>\n<!-- \/ Yoast SEO plugin. -->","yoast_head_json":{"title":"IMPUTARON AL HOMBRE QUE CONDUC\u00cdA ALCOHOLIZADO Y CHOC\u00d3 A UN M\u00d3VIL POLICIAL - Apuntes de San Luis","robots":{"index":"index","follow":"follow","max-snippet":"max-snippet:-1","max-image-preview":"max-image-preview:large","max-video-preview":"max-video-preview:-1"},"canonical":"https:\/\/apuntesdesanluis.com\/index.php\/2024\/05\/13\/imputaron-al-hombre-que-conducia-alcoholizado-y-choco-a-un-movil-policial\/","og_locale":"es_ES","og_type":"article","og_title":"IMPUTARON AL HOMBRE QUE CONDUC\u00cdA ALCOHOLIZADO Y CHOC\u00d3 A UN M\u00d3VIL POLICIAL - Apuntes de San Luis","og_description":"El hecho ocurri\u00f3 en la ma\u00f1ana del domingo 12 de mayo. El imputado se trasladaba...","og_url":"https:\/\/apuntesdesanluis.com\/index.php\/2024\/05\/13\/imputaron-al-hombre-que-conducia-alcoholizado-y-choco-a-un-movil-policial\/","og_site_name":"Apuntes de San Luis","article_published_time":"2024-05-14T00:49:11+00:00","og_image":[{"width":600,"height":362,"url":"https:\/\/apuntesdesanluis.com\/wp-content\/uploads\/2024\/05\/detenido.jpg","type":"image\/jpeg"}],"author":"apuntesdesanluis.com","twitter_card":"summary_large_image","twitter_misc":{"Escrito por":"apuntesdesanluis.com","Tiempo de lectura":"2 minutos"},"schema":{"@context":"https:\/\/schema.org","@graph":[{"@type":"Article","@id":"https:\/\/apuntesdesanluis.com\/index.php\/2024\/05\/13\/imputaron-al-hombre-que-conducia-alcoholizado-y-choco-a-un-movil-policial\/#article","isPartOf":{"@id":"https:\/\/apuntesdesanluis.com\/index.php\/2024\/05\/13\/imputaron-al-hombre-que-conducia-alcoholizado-y-choco-a-un-movil-policial\/"},"author":{"name":"apuntesdesanluis.com","@id":"https:\/\/apuntesdesanluis.com\/#\/schema\/person\/b55151d52296fcce64d1a72538a70b90"},"headline":"IMPUTARON AL HOMBRE QUE CONDUC\u00cdA ALCOHOLIZADO Y CHOC\u00d3 A UN M\u00d3VIL POLICIAL","datePublished":"2024-05-14T00:49:11+00:00","mainEntityOfPage":{"@id":"https:\/\/apuntesdesanluis.com\/index.php\/2024\/05\/13\/imputaron-al-hombre-que-conducia-alcoholizado-y-choco-a-un-movil-policial\/"},"wordCount":373,"publisher":{"@id":"https:\/\/apuntesdesanluis.com\/#\/schema\/person\/b55151d52296fcce64d1a72538a70b90"},"image":{"@id":"https:\/\/apuntesdesanluis.com\/index.php\/2024\/05\/13\/imputaron-al-hombre-que-conducia-alcoholizado-y-choco-a-un-movil-policial\/#primaryimage"},"thumbnailUrl":"https:\/\/apuntesdesanluis.com\/wp-content\/uploads\/2024\/05\/detenido.jpg","articleSection":["Ciudad\/Provincia"],"inLanguage":"es-AR"},{"@type":"WebPage","@id":"https:\/\/apuntesdesanluis.com\/index.php\/2024\/05\/13\/imputaron-al-hombre-que-conducia-alcoholizado-y-choco-a-un-movil-policial\/","url":"https:\/\/apuntesdesanluis.com\/index.php\/2024\/05\/13\/imputaron-al-hombre-que-conducia-alcoholizado-y-choco-a-un-movil-policial\/","name":"IMPUTARON AL HOMBRE QUE CONDUC\u00cdA ALCOHOLIZADO Y CHOC\u00d3 A UN M\u00d3VIL POLICIAL - Apuntes de San Luis","isPartOf":{"@id":"https:\/\/apuntesdesanluis.com\/#website"},"primaryImageOfPage":{"@id":"https:\/\/apuntesdesanluis.com\/index.php\/2024\/05\/13\/imputaron-al-hombre-que-conducia-alcoholizado-y-choco-a-un-movil-policial\/#primaryimage"},"image":{"@id":"https:\/\/apuntesdesanluis.com\/index.php\/2024\/05\/13\/imputaron-al-hombre-que-conducia-alcoholizado-y-choco-a-un-movil-policial\/#primaryimage"},"thumbnailUrl":"https:\/\/apuntesdesanluis.com\/wp-content\/uploads\/2024\/05\/detenido.jpg","datePublished":"2024-05-14T00:49:11+00:00","breadcrumb":{"@id":"https:\/\/apuntesdesanluis.com\/index.php\/2024\/05\/13\/imputaron-al-hombre-que-conducia-alcoholizado-y-choco-a-un-movil-policial\/#breadcrumb"},"inLanguage":"es-AR","potentialAction":[{"@type":"ReadAction","target":["https:\/\/apuntesdesanluis.com\/index.php\/2024\/05\/13\/imputaron-al-hombre-que-conducia-alcoholizado-y-choco-a-un-movil-policial\/"]}]},{"@type":"ImageObject","inLanguage":"es-AR","@id":"https:\/\/apuntesdesanluis.com\/index.php\/2024\/05\/13\/imputaron-al-hombre-que-conducia-alcoholizado-y-choco-a-un-movil-policial\/#primaryimage","url":"https:\/\/apuntesdesanluis.com\/wp-content\/uploads\/2024\/05\/detenido.jpg","contentUrl":"https:\/\/apuntesdesanluis.com\/wp-content\/uploads\/2024\/05\/detenido.jpg","width":600,"height":362},{"@type":"BreadcrumbList","@id":"https:\/\/apuntesdesanluis.com\/index.php\/2024\/05\/13\/imputaron-al-hombre-que-conducia-alcoholizado-y-choco-a-un-movil-policial\/#breadcrumb","itemListElement":[{"@type":"ListItem","position":1,"name":"Inicio","item":"https:\/\/apuntesdesanluis.com\/"},{"@type":"ListItem","position":2,"name":"IMPUTARON AL HOMBRE QUE CONDUC\u00cdA ALCOHOLIZADO Y CHOC\u00d3 A UN M\u00d3VIL POLICIAL"}]},{"@type":"WebSite","@id":"https:\/\/apuntesdesanluis.com\/#website","url":"https:\/\/apuntesdesanluis.com\/","name":"Apuntes de San Luis","description":"","publisher":{"@id":"https:\/\/apuntesdesanluis.com\/#\/schema\/person\/b55151d52296fcce64d1a72538a70b90"},"potentialAction":[{"@type":"SearchAction","target":{"@type":"EntryPoint","urlTemplate":"https:\/\/apuntesdesanluis.com\/?s={search_term_string}"},"query-input":{"@type":"PropertyValueSpecification","valueRequired":true,"valueName":"search_term_string"}}],"inLanguage":"es-AR"},{"@type":["Person","Organization"],"@id":"https:\/\/apuntesdesanluis.com\/#\/schema\/person\/b55151d52296fcce64d1a72538a70b90","name":"apuntesdesanluis.com","image":{"@type":"ImageObject","inLanguage":"es-AR","@id":"https:\/\/apuntesdesanluis.com\/#\/schema\/person\/image\/","url":"https:\/\/apuntesdesanluis.com\/wp-content\/uploads\/2023\/07\/cropped-apuntesdesanluis.png","contentUrl":"https:\/\/apuntesdesanluis.com\/wp-content\/uploads\/2023\/07\/cropped-apuntesdesanluis.png","width":450,"height":112,"caption":"apuntesdesanluis.com"},"logo":{"@id":"https:\/\/apuntesdesanluis.com\/#\/schema\/person\/image\/"},"sameAs":["https:\/\/apuntesdesanluis.com"],"url":"https:\/\/apuntesdesanluis.com\/index.php\/author\/apuntesdesanluis-com\/"}]}},"featured_image_urls":{"full":["https:\/\/apuntesdesanluis.com\/wp-content\/uploads\/2024\/05\/detenido.jpg",600,362,false],"thumbnail":["https:\/\/apuntesdesanluis.com\/wp-content\/uploads\/2024\/05\/detenido-150x150.jpg",150,150,true],"medium":["https:\/\/apuntesdesanluis.com\/wp-content\/uploads\/2024\/05\/detenido-300x181.jpg",300,181,true],"medium_large":["https:\/\/apuntesdesanluis.com\/wp-content\/uploads\/2024\/05\/detenido.jpg",600,362,false],"large":["https:\/\/apuntesdesanluis.com\/wp-content\/uploads\/2024\/05\/detenido.jpg",600,362,false],"1536x1536":["https:\/\/apuntesdesanluis.com\/wp-content\/uploads\/2024\/05\/detenido.jpg",600,362,false],"2048x2048":["https:\/\/apuntesdesanluis.com\/wp-content\/uploads\/2024\/05\/detenido.jpg",600,362,false],"newsever-slider-full":["https:\/\/apuntesdesanluis.com\/wp-content\/uploads\/2024\/05\/detenido.jpg",600,362,false],"newsever-featured":["https:\/\/apuntesdesanluis.com\/wp-content\/uploads\/2024\/05\/detenido.jpg",600,362,false],"newsever-medium":["https:\/\/apuntesdesanluis.com\/wp-content\/uploads\/2024\/05\/detenido.jpg",600,362,false]},"author_info":{"display_name":"apuntesdesanluis.com","author_link":"https:\/\/apuntesdesanluis.com\/index.php\/author\/apuntesdesanluis-com\/"},"category_info":"<a href=\"https:\/\/apuntesdesanluis.com\/index.php\/category\/ciudad-provincia\/\" rel=\"category tag\">Ciudad\/Provincia<\/a>","tag_info":"Ciudad\/Provincia","comment_count":"0","_links":{"self":[{"href":"https:\/\/apuntesdesanluis.com\/index.php\/wp-json\/wp\/v2\/posts\/16083","targetHints":{"allow":["GET"]}}],"collection":[{"href":"https:\/\/apuntesdesanluis.com\/index.php\/wp-json\/wp\/v2\/posts"}],"about":[{"href":"https:\/\/apuntesdesanluis.com\/index.php\/wp-json\/wp\/v2\/types\/post"}],"author":[{"embeddable":true,"href":"https:\/\/apuntesdesanluis.com\/index.php\/wp-json\/wp\/v2\/users\/1"}],"replies":[{"embeddable":true,"href":"https:\/\/apuntesdesanluis.com\/index.php\/wp-json\/wp\/v2\/comments?post=16083"}],"version-history":[{"count":1,"href":"https:\/\/apuntesdesanluis.com\/index.php\/wp-json\/wp\/v2\/posts\/16083\/revisions"}],"predecessor-version":[{"id":16084,"href":"https:\/\/apuntesdesanluis.com\/index.php\/wp-json\/wp\/v2\/posts\/16083\/revisions\/16084"}],"wp:featuredmedia":[{"embeddable":true,"href":"https:\/\/apuntesdesanluis.com\/index.php\/wp-json\/wp\/v2\/media\/16064"}],"wp:attachment":[{"href":"https:\/\/apuntesdesanluis.com\/index.php\/wp-json\/wp\/v2\/media?parent=16083"}],"wp:term":[{"taxonomy":"category","embeddable":true,"href":"https:\/\/apuntesdesanluis.com\/index.php\/wp-json\/wp\/v2\/categories?post=16083"},{"taxonomy":"post_tag","embeddable":true,"href":"https:\/\/apuntesdesanluis.com\/index.php\/wp-json\/wp\/v2\/tags?post=16083"}],"curies":[{"name":"wp","href":"https:\/\/api.w.org\/{rel}","templated":true}]}}