{"id":16085,"date":"2024-05-13T22:08:35","date_gmt":"2024-05-14T01:08:35","guid":{"rendered":"https:\/\/apuntesdesanluis.com\/?p=16085"},"modified":"2024-05-13T22:08:35","modified_gmt":"2024-05-14T01:08:35","slug":"la-unsl-destaco-a-julio-melto-con-el-premio-polo-godoy-rojo","status":"publish","type":"post","link":"https:\/\/apuntesdesanluis.com\/index.php\/2024\/05\/13\/la-unsl-destaco-a-julio-melto-con-el-premio-polo-godoy-rojo\/","title":{"rendered":"LA UNSL DESTAC\u00d3 A JULIO MELTO CON EL PREMIO \u00abPOLO GODOY ROJO\u00bb"},"content":{"rendered":"<h3>El evento se llev\u00f3 a cabo esta ma\u00f1ana en el Auditorio Mauricio L\u00f3pez, en el marco del 51\u00b0 aniversario de la Universidad Nacional de San Luis (UNSL). La categor\u00eda premiada fue la de Escultura. Adem\u00e1s, otorgaron menci\u00f3n especial a Mariela Fernanda Paniagua (post mortem) y a Luis Waltehr Lucero (post mortem).<\/h3>\n<h3>En esta 12\u00b0 edici\u00f3n, el jurado evaluativo resolvi\u00f3 por unanimidad otorgar el Premio Polo Godoy Rojo 2024 a Julio Melto, en reconocimiento a su extensa trayectoria en el arte de esculpir, su contribuci\u00f3n al desarrollo cultural en el \u00e1mbito de las competencias art\u00edsticas y culturales y su participaci\u00f3n en muestras individuales, colectivas y simposios en numerosas provincias de Argentina.<\/h3>\n<h3>Las ediciones anteriores de este galard\u00f3n anual han reconocido el aporte, la promoci\u00f3n y el desarrollo de la cultura aut\u00f3ctona popular, nacional y universal en diversas categor\u00edas como letras, fotograf\u00eda, m\u00fasica, teatro, pintura, escultura, cine, artes audiovisuales y danza.<\/h3>\n<h3><img fetchpriority=\"high\" decoding=\"async\" class=\"wp-image-16087 aligncenter\" src=\"https:\/\/apuntesdesanluis.com\/wp-content\/uploads\/2024\/05\/distincion-1-300x188.png\" alt=\"\" width=\"616\" height=\"386\" srcset=\"https:\/\/apuntesdesanluis.com\/wp-content\/uploads\/2024\/05\/distincion-1-300x188.png 300w, https:\/\/apuntesdesanluis.com\/wp-content\/uploads\/2024\/05\/distincion-1.png 600w\" sizes=\"(max-width: 616px) 100vw, 616px\" \/><\/h3>\n<h4 style=\"text-align: center;\"><em>Reconocimiento a Mariela Fernanda Paniagua (post mortem).<\/em><\/h4>\n<h3>El premio fue otorgado por el rector de la UNSL, C.P.N. V\u00edctor Mori\u00f1igo. Asimismo, las menciones especiales que distinguen a Paniagua y a Lucero fueron recibidas por sus familiares, de la mano del Rector.<\/h3>\n<h3>En este sentido, Mori\u00f1igo agradeci\u00f3 profundamente la premiaci\u00f3n del Polo Godoy Rojo. \u00abQuiero agradecer a los que no est\u00e1n y han sido homenajeados y recordados, ojal\u00e1 para sus familias sea un cari\u00f1o al alma y que ese presente que dimos hoy, ocupe un lugar en sus casas, porque nadie muere si es recordado cotidianamente como lo hacen ustedes. (\u2026) Quiero destacar al premiado 2024 en la categor\u00eda Escultura del Polo Godoy Rojo de la Universidad\u00bb, manifest\u00f3.<\/h3>\n<p><img decoding=\"async\" class=\"wp-image-16086 aligncenter\" src=\"https:\/\/apuntesdesanluis.com\/wp-content\/uploads\/2024\/05\/distincion-2-300x207.png\" alt=\"\" width=\"614\" height=\"424\" srcset=\"https:\/\/apuntesdesanluis.com\/wp-content\/uploads\/2024\/05\/distincion-2-300x207.png 300w, https:\/\/apuntesdesanluis.com\/wp-content\/uploads\/2024\/05\/distincion-2.png 600w\" sizes=\"(max-width: 614px) 100vw, 614px\" \/><\/p>\n<h4 style=\"text-align: center;\"><em>Reconocimiento a Luis Waltehr Lucero (post mortem).<\/em><\/h4>\n<h3>Resultados de ediciones anteriores:<\/h3>\n<h3>&#8211; Premio 2023 en Fotograf\u00eda a Ra\u00fal Cottone<\/h3>\n<h3>Menciones especiales a Fabricio Aguilar y Luis Mart\u00edn<\/h3>\n<h3>&#8211; Premio 2022 en Danzas a Carlos Hugo Sosa<\/h3>\n<h3>Menci\u00f3n especial a Francisco S\u00e1ez<\/h3>\n<h3>&#8211; Premio 2021 en Letras a Gustavo Romero Borri<\/h3>\n<h3>&#8211; Premio 2020 en Cine y\/o Artes Audiovisuales a Jos\u00e9 Luis Rosas<\/h3>\n<h3>Menci\u00f3n especial al Subprograma de Intercolegiales Culturales<\/h3>\n<h3>&#8211; Premio 2019 en Pintura a Lidio Sotomayor<\/h3>\n<h3>Menciones especiales a Daniel Orellano, Graciela Bar\u00f3n Gui\u00f1az\u00fa y Escuela Veneciana de Arte<\/h3>\n<h3>&#8211; Premio 2018 en Teatro a Marcelo Di Gennaro<\/h3>\n<h3>Menci\u00f3n especial a Teatro Estudio Arte<\/h3>\n<h3>&#8211; Premio 2017 en M\u00fasica a Sergio Muriel<\/h3>\n<h3>Menci\u00f3n especial a Ra\u00fal \u00c1vila<\/h3>\n<h3>&#8211; Premio 2016 en Escultura a Antonio Miguel Nevot<\/h3>\n<h3>Menci\u00f3n especial a Carlos Cornejo<\/h3>\n<h3>&#8211; Premio 2015 en Fotograf\u00eda a Hugo Gez<\/h3>\n<h3>Menciones especiales a Chelco Rezzano y a la familia de Jos\u00e9 La V\u00eda<\/h3>\n<h3>&#8211; Premio 2014 en Danzas a Javier Bautista<\/h3>\n<h3>Menciones especiales a Franco Cadelago y a Edgar Atilio Palacio<\/h3>\n<h3>-Premio 2013 en Letras a Juan Pablo Melto<\/h3>\n<h3>Menciones especiales a Beba Di Genaro y Luis Vilchez<\/h3>\n<p>&nbsp;<\/p>\n<p>&nbsp;<\/p>\n","protected":false},"excerpt":{"rendered":"<p>El evento se llev\u00f3 a cabo esta ma\u00f1ana en el Auditorio Mauricio L\u00f3pez, en el&#8230;<\/p>\n","protected":false},"author":1,"featured_media":16088,"comment_status":"closed","ping_status":"closed","sticky":false,"template":"","format":"standard","meta":{"footnotes":""},"categories":[6],"tags":[],"class_list":["post-16085","post","type-post","status-publish","format-standard","has-post-thumbnail","hentry","category-ciudad-provincia"],"yoast_head":"<!-- This site is optimized with the Yoast SEO plugin v26.1.1 - https:\/\/yoast.com\/wordpress\/plugins\/seo\/ -->\n<title>LA UNSL DESTAC\u00d3 A JULIO MELTO CON EL PREMIO \u00abPOLO GODOY ROJO\u00bb - Apuntes de San Luis<\/title>\n<meta name=\"robots\" content=\"index, follow, max-snippet:-1, max-image-preview:large, max-video-preview:-1\" \/>\n<link rel=\"canonical\" href=\"https:\/\/apuntesdesanluis.com\/index.php\/2024\/05\/13\/la-unsl-destaco-a-julio-melto-con-el-premio-polo-godoy-rojo\/\" \/>\n<meta property=\"og:locale\" content=\"es_ES\" \/>\n<meta property=\"og:type\" content=\"article\" \/>\n<meta property=\"og:title\" content=\"LA UNSL DESTAC\u00d3 A JULIO MELTO CON EL PREMIO \u00abPOLO GODOY ROJO\u00bb - Apuntes de San Luis\" \/>\n<meta property=\"og:description\" content=\"El evento se llev\u00f3 a cabo esta ma\u00f1ana en el Auditorio Mauricio L\u00f3pez, en el...\" \/>\n<meta property=\"og:url\" content=\"https:\/\/apuntesdesanluis.com\/index.php\/2024\/05\/13\/la-unsl-destaco-a-julio-melto-con-el-premio-polo-godoy-rojo\/\" \/>\n<meta property=\"og:site_name\" content=\"Apuntes de San Luis\" \/>\n<meta property=\"article:published_time\" content=\"2024-05-14T01:08:35+00:00\" \/>\n<meta property=\"og:image\" content=\"https:\/\/apuntesdesanluis.com\/wp-content\/uploads\/2024\/05\/distinion-tapa.png\" \/>\n\t<meta property=\"og:image:width\" content=\"600\" \/>\n\t<meta property=\"og:image:height\" content=\"342\" \/>\n\t<meta property=\"og:image:type\" content=\"image\/png\" \/>\n<meta name=\"author\" content=\"apuntesdesanluis.com\" \/>\n<meta name=\"twitter:card\" content=\"summary_large_image\" \/>\n<meta name=\"twitter:label1\" content=\"Escrito por\" \/>\n\t<meta name=\"twitter:data1\" content=\"apuntesdesanluis.com\" \/>\n\t<meta name=\"twitter:label2\" content=\"Tiempo de lectura\" \/>\n\t<meta name=\"twitter:data2\" content=\"3 minutos\" \/>\n<script type=\"application\/ld+json\" class=\"yoast-schema-graph\">{\"@context\":\"https:\/\/schema.org\",\"@graph\":[{\"@type\":\"Article\",\"@id\":\"https:\/\/apuntesdesanluis.com\/index.php\/2024\/05\/13\/la-unsl-destaco-a-julio-melto-con-el-premio-polo-godoy-rojo\/#article\",\"isPartOf\":{\"@id\":\"https:\/\/apuntesdesanluis.com\/index.php\/2024\/05\/13\/la-unsl-destaco-a-julio-melto-con-el-premio-polo-godoy-rojo\/\"},\"author\":{\"name\":\"apuntesdesanluis.com\",\"@id\":\"https:\/\/apuntesdesanluis.com\/#\/schema\/person\/b55151d52296fcce64d1a72538a70b90\"},\"headline\":\"LA UNSL DESTAC\u00d3 A JULIO MELTO CON EL PREMIO \u00abPOLO GODOY ROJO\u00bb\",\"datePublished\":\"2024-05-14T01:08:35+00:00\",\"mainEntityOfPage\":{\"@id\":\"https:\/\/apuntesdesanluis.com\/index.php\/2024\/05\/13\/la-unsl-destaco-a-julio-melto-con-el-premio-polo-godoy-rojo\/\"},\"wordCount\":492,\"publisher\":{\"@id\":\"https:\/\/apuntesdesanluis.com\/#\/schema\/person\/b55151d52296fcce64d1a72538a70b90\"},\"image\":{\"@id\":\"https:\/\/apuntesdesanluis.com\/index.php\/2024\/05\/13\/la-unsl-destaco-a-julio-melto-con-el-premio-polo-godoy-rojo\/#primaryimage\"},\"thumbnailUrl\":\"https:\/\/apuntesdesanluis.com\/wp-content\/uploads\/2024\/05\/distinion-tapa.png\",\"articleSection\":[\"Ciudad\/Provincia\"],\"inLanguage\":\"es-AR\"},{\"@type\":\"WebPage\",\"@id\":\"https:\/\/apuntesdesanluis.com\/index.php\/2024\/05\/13\/la-unsl-destaco-a-julio-melto-con-el-premio-polo-godoy-rojo\/\",\"url\":\"https:\/\/apuntesdesanluis.com\/index.php\/2024\/05\/13\/la-unsl-destaco-a-julio-melto-con-el-premio-polo-godoy-rojo\/\",\"name\":\"LA UNSL DESTAC\u00d3 A JULIO MELTO CON EL PREMIO \u00abPOLO GODOY ROJO\u00bb - Apuntes de San Luis\",\"isPartOf\":{\"@id\":\"https:\/\/apuntesdesanluis.com\/#website\"},\"primaryImageOfPage\":{\"@id\":\"https:\/\/apuntesdesanluis.com\/index.php\/2024\/05\/13\/la-unsl-destaco-a-julio-melto-con-el-premio-polo-godoy-rojo\/#primaryimage\"},\"image\":{\"@id\":\"https:\/\/apuntesdesanluis.com\/index.php\/2024\/05\/13\/la-unsl-destaco-a-julio-melto-con-el-premio-polo-godoy-rojo\/#primaryimage\"},\"thumbnailUrl\":\"https:\/\/apuntesdesanluis.com\/wp-content\/uploads\/2024\/05\/distinion-tapa.png\",\"datePublished\":\"2024-05-14T01:08:35+00:00\",\"breadcrumb\":{\"@id\":\"https:\/\/apuntesdesanluis.com\/index.php\/2024\/05\/13\/la-unsl-destaco-a-julio-melto-con-el-premio-polo-godoy-rojo\/#breadcrumb\"},\"inLanguage\":\"es-AR\",\"potentialAction\":[{\"@type\":\"ReadAction\",\"target\":[\"https:\/\/apuntesdesanluis.com\/index.php\/2024\/05\/13\/la-unsl-destaco-a-julio-melto-con-el-premio-polo-godoy-rojo\/\"]}]},{\"@type\":\"ImageObject\",\"inLanguage\":\"es-AR\",\"@id\":\"https:\/\/apuntesdesanluis.com\/index.php\/2024\/05\/13\/la-unsl-destaco-a-julio-melto-con-el-premio-polo-godoy-rojo\/#primaryimage\",\"url\":\"https:\/\/apuntesdesanluis.com\/wp-content\/uploads\/2024\/05\/distinion-tapa.png\",\"contentUrl\":\"https:\/\/apuntesdesanluis.com\/wp-content\/uploads\/2024\/05\/distinion-tapa.png\",\"width\":600,\"height\":342},{\"@type\":\"BreadcrumbList\",\"@id\":\"https:\/\/apuntesdesanluis.com\/index.php\/2024\/05\/13\/la-unsl-destaco-a-julio-melto-con-el-premio-polo-godoy-rojo\/#breadcrumb\",\"itemListElement\":[{\"@type\":\"ListItem\",\"position\":1,\"name\":\"Inicio\",\"item\":\"https:\/\/apuntesdesanluis.com\/\"},{\"@type\":\"ListItem\",\"position\":2,\"name\":\"LA UNSL DESTAC\u00d3 A JULIO MELTO CON EL PREMIO \u00abPOLO GODOY ROJO\u00bb\"}]},{\"@type\":\"WebSite\",\"@id\":\"https:\/\/apuntesdesanluis.com\/#website\",\"url\":\"https:\/\/apuntesdesanluis.com\/\",\"name\":\"Apuntes de San Luis\",\"description\":\"\",\"publisher\":{\"@id\":\"https:\/\/apuntesdesanluis.com\/#\/schema\/person\/b55151d52296fcce64d1a72538a70b90\"},\"potentialAction\":[{\"@type\":\"SearchAction\",\"target\":{\"@type\":\"EntryPoint\",\"urlTemplate\":\"https:\/\/apuntesdesanluis.com\/?s={search_term_string}\"},\"query-input\":{\"@type\":\"PropertyValueSpecification\",\"valueRequired\":true,\"valueName\":\"search_term_string\"}}],\"inLanguage\":\"es-AR\"},{\"@type\":[\"Person\",\"Organization\"],\"@id\":\"https:\/\/apuntesdesanluis.com\/#\/schema\/person\/b55151d52296fcce64d1a72538a70b90\",\"name\":\"apuntesdesanluis.com\",\"image\":{\"@type\":\"ImageObject\",\"inLanguage\":\"es-AR\",\"@id\":\"https:\/\/apuntesdesanluis.com\/#\/schema\/person\/image\/\",\"url\":\"https:\/\/apuntesdesanluis.com\/wp-content\/uploads\/2023\/07\/cropped-apuntesdesanluis.png\",\"contentUrl\":\"https:\/\/apuntesdesanluis.com\/wp-content\/uploads\/2023\/07\/cropped-apuntesdesanluis.png\",\"width\":450,\"height\":112,\"caption\":\"apuntesdesanluis.com\"},\"logo\":{\"@id\":\"https:\/\/apuntesdesanluis.com\/#\/schema\/person\/image\/\"},\"sameAs\":[\"https:\/\/apuntesdesanluis.com\"],\"url\":\"https:\/\/apuntesdesanluis.com\/index.php\/author\/apuntesdesanluis-com\/\"}]}<\/script>\n<!-- \/ Yoast SEO plugin. -->","yoast_head_json":{"title":"LA UNSL DESTAC\u00d3 A JULIO MELTO CON EL PREMIO \u00abPOLO GODOY ROJO\u00bb - Apuntes de San Luis","robots":{"index":"index","follow":"follow","max-snippet":"max-snippet:-1","max-image-preview":"max-image-preview:large","max-video-preview":"max-video-preview:-1"},"canonical":"https:\/\/apuntesdesanluis.com\/index.php\/2024\/05\/13\/la-unsl-destaco-a-julio-melto-con-el-premio-polo-godoy-rojo\/","og_locale":"es_ES","og_type":"article","og_title":"LA UNSL DESTAC\u00d3 A JULIO MELTO CON EL PREMIO \u00abPOLO GODOY ROJO\u00bb - Apuntes de San Luis","og_description":"El evento se llev\u00f3 a cabo esta ma\u00f1ana en el Auditorio Mauricio L\u00f3pez, en el...","og_url":"https:\/\/apuntesdesanluis.com\/index.php\/2024\/05\/13\/la-unsl-destaco-a-julio-melto-con-el-premio-polo-godoy-rojo\/","og_site_name":"Apuntes de San Luis","article_published_time":"2024-05-14T01:08:35+00:00","og_image":[{"width":600,"height":342,"url":"https:\/\/apuntesdesanluis.com\/wp-content\/uploads\/2024\/05\/distinion-tapa.png","type":"image\/png"}],"author":"apuntesdesanluis.com","twitter_card":"summary_large_image","twitter_misc":{"Escrito por":"apuntesdesanluis.com","Tiempo de lectura":"3 minutos"},"schema":{"@context":"https:\/\/schema.org","@graph":[{"@type":"Article","@id":"https:\/\/apuntesdesanluis.com\/index.php\/2024\/05\/13\/la-unsl-destaco-a-julio-melto-con-el-premio-polo-godoy-rojo\/#article","isPartOf":{"@id":"https:\/\/apuntesdesanluis.com\/index.php\/2024\/05\/13\/la-unsl-destaco-a-julio-melto-con-el-premio-polo-godoy-rojo\/"},"author":{"name":"apuntesdesanluis.com","@id":"https:\/\/apuntesdesanluis.com\/#\/schema\/person\/b55151d52296fcce64d1a72538a70b90"},"headline":"LA UNSL DESTAC\u00d3 A JULIO MELTO CON EL PREMIO \u00abPOLO GODOY ROJO\u00bb","datePublished":"2024-05-14T01:08:35+00:00","mainEntityOfPage":{"@id":"https:\/\/apuntesdesanluis.com\/index.php\/2024\/05\/13\/la-unsl-destaco-a-julio-melto-con-el-premio-polo-godoy-rojo\/"},"wordCount":492,"publisher":{"@id":"https:\/\/apuntesdesanluis.com\/#\/schema\/person\/b55151d52296fcce64d1a72538a70b90"},"image":{"@id":"https:\/\/apuntesdesanluis.com\/index.php\/2024\/05\/13\/la-unsl-destaco-a-julio-melto-con-el-premio-polo-godoy-rojo\/#primaryimage"},"thumbnailUrl":"https:\/\/apuntesdesanluis.com\/wp-content\/uploads\/2024\/05\/distinion-tapa.png","articleSection":["Ciudad\/Provincia"],"inLanguage":"es-AR"},{"@type":"WebPage","@id":"https:\/\/apuntesdesanluis.com\/index.php\/2024\/05\/13\/la-unsl-destaco-a-julio-melto-con-el-premio-polo-godoy-rojo\/","url":"https:\/\/apuntesdesanluis.com\/index.php\/2024\/05\/13\/la-unsl-destaco-a-julio-melto-con-el-premio-polo-godoy-rojo\/","name":"LA UNSL DESTAC\u00d3 A JULIO MELTO CON EL PREMIO \u00abPOLO GODOY ROJO\u00bb - Apuntes de San Luis","isPartOf":{"@id":"https:\/\/apuntesdesanluis.com\/#website"},"primaryImageOfPage":{"@id":"https:\/\/apuntesdesanluis.com\/index.php\/2024\/05\/13\/la-unsl-destaco-a-julio-melto-con-el-premio-polo-godoy-rojo\/#primaryimage"},"image":{"@id":"https:\/\/apuntesdesanluis.com\/index.php\/2024\/05\/13\/la-unsl-destaco-a-julio-melto-con-el-premio-polo-godoy-rojo\/#primaryimage"},"thumbnailUrl":"https:\/\/apuntesdesanluis.com\/wp-content\/uploads\/2024\/05\/distinion-tapa.png","datePublished":"2024-05-14T01:08:35+00:00","breadcrumb":{"@id":"https:\/\/apuntesdesanluis.com\/index.php\/2024\/05\/13\/la-unsl-destaco-a-julio-melto-con-el-premio-polo-godoy-rojo\/#breadcrumb"},"inLanguage":"es-AR","potentialAction":[{"@type":"ReadAction","target":["https:\/\/apuntesdesanluis.com\/index.php\/2024\/05\/13\/la-unsl-destaco-a-julio-melto-con-el-premio-polo-godoy-rojo\/"]}]},{"@type":"ImageObject","inLanguage":"es-AR","@id":"https:\/\/apuntesdesanluis.com\/index.php\/2024\/05\/13\/la-unsl-destaco-a-julio-melto-con-el-premio-polo-godoy-rojo\/#primaryimage","url":"https:\/\/apuntesdesanluis.com\/wp-content\/uploads\/2024\/05\/distinion-tapa.png","contentUrl":"https:\/\/apuntesdesanluis.com\/wp-content\/uploads\/2024\/05\/distinion-tapa.png","width":600,"height":342},{"@type":"BreadcrumbList","@id":"https:\/\/apuntesdesanluis.com\/index.php\/2024\/05\/13\/la-unsl-destaco-a-julio-melto-con-el-premio-polo-godoy-rojo\/#breadcrumb","itemListElement":[{"@type":"ListItem","position":1,"name":"Inicio","item":"https:\/\/apuntesdesanluis.com\/"},{"@type":"ListItem","position":2,"name":"LA UNSL DESTAC\u00d3 A JULIO MELTO CON EL PREMIO \u00abPOLO GODOY ROJO\u00bb"}]},{"@type":"WebSite","@id":"https:\/\/apuntesdesanluis.com\/#website","url":"https:\/\/apuntesdesanluis.com\/","name":"Apuntes de San Luis","description":"","publisher":{"@id":"https:\/\/apuntesdesanluis.com\/#\/schema\/person\/b55151d52296fcce64d1a72538a70b90"},"potentialAction":[{"@type":"SearchAction","target":{"@type":"EntryPoint","urlTemplate":"https:\/\/apuntesdesanluis.com\/?s={search_term_string}"},"query-input":{"@type":"PropertyValueSpecification","valueRequired":true,"valueName":"search_term_string"}}],"inLanguage":"es-AR"},{"@type":["Person","Organization"],"@id":"https:\/\/apuntesdesanluis.com\/#\/schema\/person\/b55151d52296fcce64d1a72538a70b90","name":"apuntesdesanluis.com","image":{"@type":"ImageObject","inLanguage":"es-AR","@id":"https:\/\/apuntesdesanluis.com\/#\/schema\/person\/image\/","url":"https:\/\/apuntesdesanluis.com\/wp-content\/uploads\/2023\/07\/cropped-apuntesdesanluis.png","contentUrl":"https:\/\/apuntesdesanluis.com\/wp-content\/uploads\/2023\/07\/cropped-apuntesdesanluis.png","width":450,"height":112,"caption":"apuntesdesanluis.com"},"logo":{"@id":"https:\/\/apuntesdesanluis.com\/#\/schema\/person\/image\/"},"sameAs":["https:\/\/apuntesdesanluis.com"],"url":"https:\/\/apuntesdesanluis.com\/index.php\/author\/apuntesdesanluis-com\/"}]}},"featured_image_urls":{"full":["https:\/\/apuntesdesanluis.com\/wp-content\/uploads\/2024\/05\/distinion-tapa.png",600,342,false],"thumbnail":["https:\/\/apuntesdesanluis.com\/wp-content\/uploads\/2024\/05\/distinion-tapa-150x150.png",150,150,true],"medium":["https:\/\/apuntesdesanluis.com\/wp-content\/uploads\/2024\/05\/distinion-tapa-300x171.png",300,171,true],"medium_large":["https:\/\/apuntesdesanluis.com\/wp-content\/uploads\/2024\/05\/distinion-tapa.png",600,342,false],"large":["https:\/\/apuntesdesanluis.com\/wp-content\/uploads\/2024\/05\/distinion-tapa.png",600,342,false],"1536x1536":["https:\/\/apuntesdesanluis.com\/wp-content\/uploads\/2024\/05\/distinion-tapa.png",600,342,false],"2048x2048":["https:\/\/apuntesdesanluis.com\/wp-content\/uploads\/2024\/05\/distinion-tapa.png",600,342,false],"newsever-slider-full":["https:\/\/apuntesdesanluis.com\/wp-content\/uploads\/2024\/05\/distinion-tapa.png",600,342,false],"newsever-featured":["https:\/\/apuntesdesanluis.com\/wp-content\/uploads\/2024\/05\/distinion-tapa.png",600,342,false],"newsever-medium":["https:\/\/apuntesdesanluis.com\/wp-content\/uploads\/2024\/05\/distinion-tapa.png",600,342,false]},"author_info":{"display_name":"apuntesdesanluis.com","author_link":"https:\/\/apuntesdesanluis.com\/index.php\/author\/apuntesdesanluis-com\/"},"category_info":"<a href=\"https:\/\/apuntesdesanluis.com\/index.php\/category\/ciudad-provincia\/\" rel=\"category tag\">Ciudad\/Provincia<\/a>","tag_info":"Ciudad\/Provincia","comment_count":"0","_links":{"self":[{"href":"https:\/\/apuntesdesanluis.com\/index.php\/wp-json\/wp\/v2\/posts\/16085","targetHints":{"allow":["GET"]}}],"collection":[{"href":"https:\/\/apuntesdesanluis.com\/index.php\/wp-json\/wp\/v2\/posts"}],"about":[{"href":"https:\/\/apuntesdesanluis.com\/index.php\/wp-json\/wp\/v2\/types\/post"}],"author":[{"embeddable":true,"href":"https:\/\/apuntesdesanluis.com\/index.php\/wp-json\/wp\/v2\/users\/1"}],"replies":[{"embeddable":true,"href":"https:\/\/apuntesdesanluis.com\/index.php\/wp-json\/wp\/v2\/comments?post=16085"}],"version-history":[{"count":1,"href":"https:\/\/apuntesdesanluis.com\/index.php\/wp-json\/wp\/v2\/posts\/16085\/revisions"}],"predecessor-version":[{"id":16089,"href":"https:\/\/apuntesdesanluis.com\/index.php\/wp-json\/wp\/v2\/posts\/16085\/revisions\/16089"}],"wp:featuredmedia":[{"embeddable":true,"href":"https:\/\/apuntesdesanluis.com\/index.php\/wp-json\/wp\/v2\/media\/16088"}],"wp:attachment":[{"href":"https:\/\/apuntesdesanluis.com\/index.php\/wp-json\/wp\/v2\/media?parent=16085"}],"wp:term":[{"taxonomy":"category","embeddable":true,"href":"https:\/\/apuntesdesanluis.com\/index.php\/wp-json\/wp\/v2\/categories?post=16085"},{"taxonomy":"post_tag","embeddable":true,"href":"https:\/\/apuntesdesanluis.com\/index.php\/wp-json\/wp\/v2\/tags?post=16085"}],"curies":[{"name":"wp","href":"https:\/\/api.w.org\/{rel}","templated":true}]}}