{"id":16094,"date":"2024-05-13T22:32:39","date_gmt":"2024-05-14T01:32:39","guid":{"rendered":"https:\/\/apuntesdesanluis.com\/?p=16094"},"modified":"2024-05-13T22:32:39","modified_gmt":"2024-05-14T01:32:39","slug":"extendieron-hasta-el-18-el-plazo-para-presentar-proyectos-de-financiamiento-publico","status":"publish","type":"post","link":"https:\/\/apuntesdesanluis.com\/index.php\/2024\/05\/13\/extendieron-hasta-el-18-el-plazo-para-presentar-proyectos-de-financiamiento-publico\/","title":{"rendered":"EXTENDIERON HASTA EL 18 EL PLAZO PARA PRESENTAR PROYECTOS DE FINANCIAMIENTO P\u00daBLICO"},"content":{"rendered":"<h3>Este mi\u00e9rcoles 15, desde las 17:00, dictar\u00e1n una \u00faltima capacitaci\u00f3n virtual para quienes no tuvieron la oportunidad de asistir previamente.<\/h3>\n<h3>A trav\u00e9s de \u2018<strong>Mi Pr\u00f3ximo Paso\u2019<\/strong>, el Gobierno busca poner a disposici\u00f3n de los emprendedores provinciales una serie de herramientas pensadas para consolidarlos en sus proyectos y, de esa manera, aportar al fortalecimiento general del sector privado en San Luis. Una de las formas de acompa\u00f1amiento m\u00e1s solicitadas es la econ\u00f3mica, a trav\u00e9s de un financiamiento p\u00fablico destinado a la compra de capital de trabajo, maquinarias, herramientas e instalaciones.<\/h3>\n<h3>Esa demanda qued\u00f3 reflejada en la cantidad de productores que completaron la inscripci\u00f3n y enviaron un proyecto para ser evaluado. En total, son 4.097 personas las que han recibido la capacitaci\u00f3n obligatoria previa que requieren para acceder al financiamiento, y ya hay 156 propuestas que se han presentado formalmente.<\/h3>\n<h3>Sin embargo, con \u00e1nimos de asegurar que la mayor cantidad de emprendedores posibles puedan hacer uso de la oportunidad, el ministerio de Desarrollo Productivo opt\u00f3 por extender el plazo de presentaci\u00f3n una semana m\u00e1s, hasta el s\u00e1bado 18 de mayo. Al mismo tiempo, ofrecer\u00e1n una \u00faltima edici\u00f3n de las capacitaciones que sirven como tutorial para completar el formulario de inscripci\u00f3n. Ser\u00e1 v\u00eda la plataforma virtual Meet a trav\u00e9s del enlace <span style=\"color: #3366ff;\"><a style=\"color: #3366ff;\" href=\"https:\/\/meet.google.com\/dpo-gsuh-jqv\">https:\/\/meet.google.com\/dpo-gsuh-jqv<\/a> <\/span>este mi\u00e9rcoles a las 17:00.<\/h3>\n<h3>Una vez culminada la etapa de recepci\u00f3n de proyectos, el Ministerio iniciar\u00e1 una etapa de evaluaci\u00f3n de los mismos para luego determinar qui\u00e9nes est\u00e1n en condiciones de ser acreedores del beneficio.<\/h3>\n<h3>\u00bfDe qu\u00e9 forma ser\u00e1 repartido el financiamiento p\u00fablico?<\/h3>\n<h3>Son tres l\u00edneas destinadas a la compra de capital de trabajo, maquinarias, herramientas e instalaciones.<\/h3>\n<h3>&#8211; L\u00ednea 1: hasta $1.000.000. Requisitos: proyecto de inversi\u00f3n aprobado + hacer capacitaci\u00f3n + garant\u00eda a sola firma.<\/h3>\n<h3>&#8211; L\u00ednea 2: hasta $2.000.000 Requisitos: proyecto de inversi\u00f3n aprobado + hacer capacitaci\u00f3n + garant\u00eda a sola firma + dos cartas de recomendaci\u00f3n de proveedores\/clientes.<\/h3>\n<h3>&#8211; L\u00ednea 3: hasta $3.000.000. Requisitos: proyecto de inversi\u00f3n aprobado + hacer capacitaci\u00f3n + garant\u00eda personal + dos cartas de recomendaci\u00f3n de proveedores\/clientes + garante solidario.<\/h3>\n<h3>Devoluci\u00f3n: hasta 36 cuotas con hasta 6 meses de gracia.<\/h3>\n<h3>Tasa de inter\u00e9s: 50% subsidiada sobre referencia tasa BNA.<\/h3>\n<p>&nbsp;<\/p>\n<p>&nbsp;<\/p>\n<p>&nbsp;<\/p>\n<p>&nbsp;<\/p>\n<p>&nbsp;<\/p>\n<p>&nbsp;<\/p>\n","protected":false},"excerpt":{"rendered":"<p>Este mi\u00e9rcoles 15, desde las 17:00, dictar\u00e1n una \u00faltima capacitaci\u00f3n virtual para quienes no tuvieron&#8230;<\/p>\n","protected":false},"author":1,"featured_media":16095,"comment_status":"closed","ping_status":"closed","sticky":false,"template":"","format":"standard","meta":{"footnotes":""},"categories":[6],"tags":[],"class_list":["post-16094","post","type-post","status-publish","format-standard","has-post-thumbnail","hentry","category-ciudad-provincia"],"yoast_head":"<!-- This site is optimized with the Yoast SEO plugin v26.1.1 - https:\/\/yoast.com\/wordpress\/plugins\/seo\/ -->\n<title>EXTENDIERON HASTA EL 18 EL PLAZO PARA PRESENTAR PROYECTOS DE FINANCIAMIENTO P\u00daBLICO - Apuntes de San Luis<\/title>\n<meta name=\"robots\" content=\"index, follow, max-snippet:-1, max-image-preview:large, max-video-preview:-1\" \/>\n<link rel=\"canonical\" href=\"https:\/\/apuntesdesanluis.com\/index.php\/2024\/05\/13\/extendieron-hasta-el-18-el-plazo-para-presentar-proyectos-de-financiamiento-publico\/\" \/>\n<meta property=\"og:locale\" content=\"es_ES\" \/>\n<meta property=\"og:type\" content=\"article\" \/>\n<meta property=\"og:title\" content=\"EXTENDIERON HASTA EL 18 EL PLAZO PARA PRESENTAR PROYECTOS DE FINANCIAMIENTO P\u00daBLICO - Apuntes de San Luis\" \/>\n<meta property=\"og:description\" content=\"Este mi\u00e9rcoles 15, desde las 17:00, dictar\u00e1n una \u00faltima capacitaci\u00f3n virtual para quienes no tuvieron...\" \/>\n<meta property=\"og:url\" content=\"https:\/\/apuntesdesanluis.com\/index.php\/2024\/05\/13\/extendieron-hasta-el-18-el-plazo-para-presentar-proyectos-de-financiamiento-publico\/\" \/>\n<meta property=\"og:site_name\" content=\"Apuntes de San Luis\" \/>\n<meta property=\"article:published_time\" content=\"2024-05-14T01:32:39+00:00\" \/>\n<meta property=\"og:image\" content=\"https:\/\/apuntesdesanluis.com\/wp-content\/uploads\/2024\/05\/MI-PROXIMO-PASO.png\" \/>\n\t<meta property=\"og:image:width\" content=\"640\" \/>\n\t<meta property=\"og:image:height\" content=\"361\" \/>\n\t<meta property=\"og:image:type\" content=\"image\/png\" \/>\n<meta name=\"author\" content=\"apuntesdesanluis.com\" \/>\n<meta name=\"twitter:card\" content=\"summary_large_image\" \/>\n<meta name=\"twitter:label1\" content=\"Escrito por\" \/>\n\t<meta name=\"twitter:data1\" content=\"apuntesdesanluis.com\" \/>\n\t<meta name=\"twitter:label2\" content=\"Tiempo de lectura\" \/>\n\t<meta name=\"twitter:data2\" content=\"2 minutos\" \/>\n<script type=\"application\/ld+json\" class=\"yoast-schema-graph\">{\"@context\":\"https:\/\/schema.org\",\"@graph\":[{\"@type\":\"Article\",\"@id\":\"https:\/\/apuntesdesanluis.com\/index.php\/2024\/05\/13\/extendieron-hasta-el-18-el-plazo-para-presentar-proyectos-de-financiamiento-publico\/#article\",\"isPartOf\":{\"@id\":\"https:\/\/apuntesdesanluis.com\/index.php\/2024\/05\/13\/extendieron-hasta-el-18-el-plazo-para-presentar-proyectos-de-financiamiento-publico\/\"},\"author\":{\"name\":\"apuntesdesanluis.com\",\"@id\":\"https:\/\/apuntesdesanluis.com\/#\/schema\/person\/b55151d52296fcce64d1a72538a70b90\"},\"headline\":\"EXTENDIERON HASTA EL 18 EL PLAZO PARA PRESENTAR PROYECTOS DE FINANCIAMIENTO P\u00daBLICO\",\"datePublished\":\"2024-05-14T01:32:39+00:00\",\"mainEntityOfPage\":{\"@id\":\"https:\/\/apuntesdesanluis.com\/index.php\/2024\/05\/13\/extendieron-hasta-el-18-el-plazo-para-presentar-proyectos-de-financiamiento-publico\/\"},\"wordCount\":400,\"publisher\":{\"@id\":\"https:\/\/apuntesdesanluis.com\/#\/schema\/person\/b55151d52296fcce64d1a72538a70b90\"},\"image\":{\"@id\":\"https:\/\/apuntesdesanluis.com\/index.php\/2024\/05\/13\/extendieron-hasta-el-18-el-plazo-para-presentar-proyectos-de-financiamiento-publico\/#primaryimage\"},\"thumbnailUrl\":\"https:\/\/apuntesdesanluis.com\/wp-content\/uploads\/2024\/05\/MI-PROXIMO-PASO.png\",\"articleSection\":[\"Ciudad\/Provincia\"],\"inLanguage\":\"es-AR\"},{\"@type\":\"WebPage\",\"@id\":\"https:\/\/apuntesdesanluis.com\/index.php\/2024\/05\/13\/extendieron-hasta-el-18-el-plazo-para-presentar-proyectos-de-financiamiento-publico\/\",\"url\":\"https:\/\/apuntesdesanluis.com\/index.php\/2024\/05\/13\/extendieron-hasta-el-18-el-plazo-para-presentar-proyectos-de-financiamiento-publico\/\",\"name\":\"EXTENDIERON HASTA EL 18 EL PLAZO PARA PRESENTAR PROYECTOS DE FINANCIAMIENTO P\u00daBLICO - Apuntes de San Luis\",\"isPartOf\":{\"@id\":\"https:\/\/apuntesdesanluis.com\/#website\"},\"primaryImageOfPage\":{\"@id\":\"https:\/\/apuntesdesanluis.com\/index.php\/2024\/05\/13\/extendieron-hasta-el-18-el-plazo-para-presentar-proyectos-de-financiamiento-publico\/#primaryimage\"},\"image\":{\"@id\":\"https:\/\/apuntesdesanluis.com\/index.php\/2024\/05\/13\/extendieron-hasta-el-18-el-plazo-para-presentar-proyectos-de-financiamiento-publico\/#primaryimage\"},\"thumbnailUrl\":\"https:\/\/apuntesdesanluis.com\/wp-content\/uploads\/2024\/05\/MI-PROXIMO-PASO.png\",\"datePublished\":\"2024-05-14T01:32:39+00:00\",\"breadcrumb\":{\"@id\":\"https:\/\/apuntesdesanluis.com\/index.php\/2024\/05\/13\/extendieron-hasta-el-18-el-plazo-para-presentar-proyectos-de-financiamiento-publico\/#breadcrumb\"},\"inLanguage\":\"es-AR\",\"potentialAction\":[{\"@type\":\"ReadAction\",\"target\":[\"https:\/\/apuntesdesanluis.com\/index.php\/2024\/05\/13\/extendieron-hasta-el-18-el-plazo-para-presentar-proyectos-de-financiamiento-publico\/\"]}]},{\"@type\":\"ImageObject\",\"inLanguage\":\"es-AR\",\"@id\":\"https:\/\/apuntesdesanluis.com\/index.php\/2024\/05\/13\/extendieron-hasta-el-18-el-plazo-para-presentar-proyectos-de-financiamiento-publico\/#primaryimage\",\"url\":\"https:\/\/apuntesdesanluis.com\/wp-content\/uploads\/2024\/05\/MI-PROXIMO-PASO.png\",\"contentUrl\":\"https:\/\/apuntesdesanluis.com\/wp-content\/uploads\/2024\/05\/MI-PROXIMO-PASO.png\",\"width\":640,\"height\":361},{\"@type\":\"BreadcrumbList\",\"@id\":\"https:\/\/apuntesdesanluis.com\/index.php\/2024\/05\/13\/extendieron-hasta-el-18-el-plazo-para-presentar-proyectos-de-financiamiento-publico\/#breadcrumb\",\"itemListElement\":[{\"@type\":\"ListItem\",\"position\":1,\"name\":\"Inicio\",\"item\":\"https:\/\/apuntesdesanluis.com\/\"},{\"@type\":\"ListItem\",\"position\":2,\"name\":\"EXTENDIERON HASTA EL 18 EL PLAZO PARA PRESENTAR PROYECTOS DE FINANCIAMIENTO P\u00daBLICO\"}]},{\"@type\":\"WebSite\",\"@id\":\"https:\/\/apuntesdesanluis.com\/#website\",\"url\":\"https:\/\/apuntesdesanluis.com\/\",\"name\":\"Apuntes de San Luis\",\"description\":\"\",\"publisher\":{\"@id\":\"https:\/\/apuntesdesanluis.com\/#\/schema\/person\/b55151d52296fcce64d1a72538a70b90\"},\"potentialAction\":[{\"@type\":\"SearchAction\",\"target\":{\"@type\":\"EntryPoint\",\"urlTemplate\":\"https:\/\/apuntesdesanluis.com\/?s={search_term_string}\"},\"query-input\":{\"@type\":\"PropertyValueSpecification\",\"valueRequired\":true,\"valueName\":\"search_term_string\"}}],\"inLanguage\":\"es-AR\"},{\"@type\":[\"Person\",\"Organization\"],\"@id\":\"https:\/\/apuntesdesanluis.com\/#\/schema\/person\/b55151d52296fcce64d1a72538a70b90\",\"name\":\"apuntesdesanluis.com\",\"image\":{\"@type\":\"ImageObject\",\"inLanguage\":\"es-AR\",\"@id\":\"https:\/\/apuntesdesanluis.com\/#\/schema\/person\/image\/\",\"url\":\"https:\/\/apuntesdesanluis.com\/wp-content\/uploads\/2023\/07\/cropped-apuntesdesanluis.png\",\"contentUrl\":\"https:\/\/apuntesdesanluis.com\/wp-content\/uploads\/2023\/07\/cropped-apuntesdesanluis.png\",\"width\":450,\"height\":112,\"caption\":\"apuntesdesanluis.com\"},\"logo\":{\"@id\":\"https:\/\/apuntesdesanluis.com\/#\/schema\/person\/image\/\"},\"sameAs\":[\"https:\/\/apuntesdesanluis.com\"],\"url\":\"https:\/\/apuntesdesanluis.com\/index.php\/author\/apuntesdesanluis-com\/\"}]}<\/script>\n<!-- \/ Yoast SEO plugin. -->","yoast_head_json":{"title":"EXTENDIERON HASTA EL 18 EL PLAZO PARA PRESENTAR PROYECTOS DE FINANCIAMIENTO P\u00daBLICO - Apuntes de San Luis","robots":{"index":"index","follow":"follow","max-snippet":"max-snippet:-1","max-image-preview":"max-image-preview:large","max-video-preview":"max-video-preview:-1"},"canonical":"https:\/\/apuntesdesanluis.com\/index.php\/2024\/05\/13\/extendieron-hasta-el-18-el-plazo-para-presentar-proyectos-de-financiamiento-publico\/","og_locale":"es_ES","og_type":"article","og_title":"EXTENDIERON HASTA EL 18 EL PLAZO PARA PRESENTAR PROYECTOS DE FINANCIAMIENTO P\u00daBLICO - Apuntes de San Luis","og_description":"Este mi\u00e9rcoles 15, desde las 17:00, dictar\u00e1n una \u00faltima capacitaci\u00f3n virtual para quienes no tuvieron...","og_url":"https:\/\/apuntesdesanluis.com\/index.php\/2024\/05\/13\/extendieron-hasta-el-18-el-plazo-para-presentar-proyectos-de-financiamiento-publico\/","og_site_name":"Apuntes de San Luis","article_published_time":"2024-05-14T01:32:39+00:00","og_image":[{"width":640,"height":361,"url":"https:\/\/apuntesdesanluis.com\/wp-content\/uploads\/2024\/05\/MI-PROXIMO-PASO.png","type":"image\/png"}],"author":"apuntesdesanluis.com","twitter_card":"summary_large_image","twitter_misc":{"Escrito por":"apuntesdesanluis.com","Tiempo de lectura":"2 minutos"},"schema":{"@context":"https:\/\/schema.org","@graph":[{"@type":"Article","@id":"https:\/\/apuntesdesanluis.com\/index.php\/2024\/05\/13\/extendieron-hasta-el-18-el-plazo-para-presentar-proyectos-de-financiamiento-publico\/#article","isPartOf":{"@id":"https:\/\/apuntesdesanluis.com\/index.php\/2024\/05\/13\/extendieron-hasta-el-18-el-plazo-para-presentar-proyectos-de-financiamiento-publico\/"},"author":{"name":"apuntesdesanluis.com","@id":"https:\/\/apuntesdesanluis.com\/#\/schema\/person\/b55151d52296fcce64d1a72538a70b90"},"headline":"EXTENDIERON HASTA EL 18 EL PLAZO PARA PRESENTAR PROYECTOS DE FINANCIAMIENTO P\u00daBLICO","datePublished":"2024-05-14T01:32:39+00:00","mainEntityOfPage":{"@id":"https:\/\/apuntesdesanluis.com\/index.php\/2024\/05\/13\/extendieron-hasta-el-18-el-plazo-para-presentar-proyectos-de-financiamiento-publico\/"},"wordCount":400,"publisher":{"@id":"https:\/\/apuntesdesanluis.com\/#\/schema\/person\/b55151d52296fcce64d1a72538a70b90"},"image":{"@id":"https:\/\/apuntesdesanluis.com\/index.php\/2024\/05\/13\/extendieron-hasta-el-18-el-plazo-para-presentar-proyectos-de-financiamiento-publico\/#primaryimage"},"thumbnailUrl":"https:\/\/apuntesdesanluis.com\/wp-content\/uploads\/2024\/05\/MI-PROXIMO-PASO.png","articleSection":["Ciudad\/Provincia"],"inLanguage":"es-AR"},{"@type":"WebPage","@id":"https:\/\/apuntesdesanluis.com\/index.php\/2024\/05\/13\/extendieron-hasta-el-18-el-plazo-para-presentar-proyectos-de-financiamiento-publico\/","url":"https:\/\/apuntesdesanluis.com\/index.php\/2024\/05\/13\/extendieron-hasta-el-18-el-plazo-para-presentar-proyectos-de-financiamiento-publico\/","name":"EXTENDIERON HASTA EL 18 EL PLAZO PARA PRESENTAR PROYECTOS DE FINANCIAMIENTO P\u00daBLICO - Apuntes de San Luis","isPartOf":{"@id":"https:\/\/apuntesdesanluis.com\/#website"},"primaryImageOfPage":{"@id":"https:\/\/apuntesdesanluis.com\/index.php\/2024\/05\/13\/extendieron-hasta-el-18-el-plazo-para-presentar-proyectos-de-financiamiento-publico\/#primaryimage"},"image":{"@id":"https:\/\/apuntesdesanluis.com\/index.php\/2024\/05\/13\/extendieron-hasta-el-18-el-plazo-para-presentar-proyectos-de-financiamiento-publico\/#primaryimage"},"thumbnailUrl":"https:\/\/apuntesdesanluis.com\/wp-content\/uploads\/2024\/05\/MI-PROXIMO-PASO.png","datePublished":"2024-05-14T01:32:39+00:00","breadcrumb":{"@id":"https:\/\/apuntesdesanluis.com\/index.php\/2024\/05\/13\/extendieron-hasta-el-18-el-plazo-para-presentar-proyectos-de-financiamiento-publico\/#breadcrumb"},"inLanguage":"es-AR","potentialAction":[{"@type":"ReadAction","target":["https:\/\/apuntesdesanluis.com\/index.php\/2024\/05\/13\/extendieron-hasta-el-18-el-plazo-para-presentar-proyectos-de-financiamiento-publico\/"]}]},{"@type":"ImageObject","inLanguage":"es-AR","@id":"https:\/\/apuntesdesanluis.com\/index.php\/2024\/05\/13\/extendieron-hasta-el-18-el-plazo-para-presentar-proyectos-de-financiamiento-publico\/#primaryimage","url":"https:\/\/apuntesdesanluis.com\/wp-content\/uploads\/2024\/05\/MI-PROXIMO-PASO.png","contentUrl":"https:\/\/apuntesdesanluis.com\/wp-content\/uploads\/2024\/05\/MI-PROXIMO-PASO.png","width":640,"height":361},{"@type":"BreadcrumbList","@id":"https:\/\/apuntesdesanluis.com\/index.php\/2024\/05\/13\/extendieron-hasta-el-18-el-plazo-para-presentar-proyectos-de-financiamiento-publico\/#breadcrumb","itemListElement":[{"@type":"ListItem","position":1,"name":"Inicio","item":"https:\/\/apuntesdesanluis.com\/"},{"@type":"ListItem","position":2,"name":"EXTENDIERON HASTA EL 18 EL PLAZO PARA PRESENTAR PROYECTOS DE FINANCIAMIENTO P\u00daBLICO"}]},{"@type":"WebSite","@id":"https:\/\/apuntesdesanluis.com\/#website","url":"https:\/\/apuntesdesanluis.com\/","name":"Apuntes de San Luis","description":"","publisher":{"@id":"https:\/\/apuntesdesanluis.com\/#\/schema\/person\/b55151d52296fcce64d1a72538a70b90"},"potentialAction":[{"@type":"SearchAction","target":{"@type":"EntryPoint","urlTemplate":"https:\/\/apuntesdesanluis.com\/?s={search_term_string}"},"query-input":{"@type":"PropertyValueSpecification","valueRequired":true,"valueName":"search_term_string"}}],"inLanguage":"es-AR"},{"@type":["Person","Organization"],"@id":"https:\/\/apuntesdesanluis.com\/#\/schema\/person\/b55151d52296fcce64d1a72538a70b90","name":"apuntesdesanluis.com","image":{"@type":"ImageObject","inLanguage":"es-AR","@id":"https:\/\/apuntesdesanluis.com\/#\/schema\/person\/image\/","url":"https:\/\/apuntesdesanluis.com\/wp-content\/uploads\/2023\/07\/cropped-apuntesdesanluis.png","contentUrl":"https:\/\/apuntesdesanluis.com\/wp-content\/uploads\/2023\/07\/cropped-apuntesdesanluis.png","width":450,"height":112,"caption":"apuntesdesanluis.com"},"logo":{"@id":"https:\/\/apuntesdesanluis.com\/#\/schema\/person\/image\/"},"sameAs":["https:\/\/apuntesdesanluis.com"],"url":"https:\/\/apuntesdesanluis.com\/index.php\/author\/apuntesdesanluis-com\/"}]}},"featured_image_urls":{"full":["https:\/\/apuntesdesanluis.com\/wp-content\/uploads\/2024\/05\/MI-PROXIMO-PASO.png",640,361,false],"thumbnail":["https:\/\/apuntesdesanluis.com\/wp-content\/uploads\/2024\/05\/MI-PROXIMO-PASO-150x150.png",150,150,true],"medium":["https:\/\/apuntesdesanluis.com\/wp-content\/uploads\/2024\/05\/MI-PROXIMO-PASO-300x169.png",300,169,true],"medium_large":["https:\/\/apuntesdesanluis.com\/wp-content\/uploads\/2024\/05\/MI-PROXIMO-PASO.png",640,361,false],"large":["https:\/\/apuntesdesanluis.com\/wp-content\/uploads\/2024\/05\/MI-PROXIMO-PASO.png",640,361,false],"1536x1536":["https:\/\/apuntesdesanluis.com\/wp-content\/uploads\/2024\/05\/MI-PROXIMO-PASO.png",640,361,false],"2048x2048":["https:\/\/apuntesdesanluis.com\/wp-content\/uploads\/2024\/05\/MI-PROXIMO-PASO.png",640,361,false],"newsever-slider-full":["https:\/\/apuntesdesanluis.com\/wp-content\/uploads\/2024\/05\/MI-PROXIMO-PASO.png",640,361,false],"newsever-featured":["https:\/\/apuntesdesanluis.com\/wp-content\/uploads\/2024\/05\/MI-PROXIMO-PASO.png",640,361,false],"newsever-medium":["https:\/\/apuntesdesanluis.com\/wp-content\/uploads\/2024\/05\/MI-PROXIMO-PASO.png",640,361,false]},"author_info":{"display_name":"apuntesdesanluis.com","author_link":"https:\/\/apuntesdesanluis.com\/index.php\/author\/apuntesdesanluis-com\/"},"category_info":"<a href=\"https:\/\/apuntesdesanluis.com\/index.php\/category\/ciudad-provincia\/\" rel=\"category tag\">Ciudad\/Provincia<\/a>","tag_info":"Ciudad\/Provincia","comment_count":"0","_links":{"self":[{"href":"https:\/\/apuntesdesanluis.com\/index.php\/wp-json\/wp\/v2\/posts\/16094","targetHints":{"allow":["GET"]}}],"collection":[{"href":"https:\/\/apuntesdesanluis.com\/index.php\/wp-json\/wp\/v2\/posts"}],"about":[{"href":"https:\/\/apuntesdesanluis.com\/index.php\/wp-json\/wp\/v2\/types\/post"}],"author":[{"embeddable":true,"href":"https:\/\/apuntesdesanluis.com\/index.php\/wp-json\/wp\/v2\/users\/1"}],"replies":[{"embeddable":true,"href":"https:\/\/apuntesdesanluis.com\/index.php\/wp-json\/wp\/v2\/comments?post=16094"}],"version-history":[{"count":1,"href":"https:\/\/apuntesdesanluis.com\/index.php\/wp-json\/wp\/v2\/posts\/16094\/revisions"}],"predecessor-version":[{"id":16096,"href":"https:\/\/apuntesdesanluis.com\/index.php\/wp-json\/wp\/v2\/posts\/16094\/revisions\/16096"}],"wp:featuredmedia":[{"embeddable":true,"href":"https:\/\/apuntesdesanluis.com\/index.php\/wp-json\/wp\/v2\/media\/16095"}],"wp:attachment":[{"href":"https:\/\/apuntesdesanluis.com\/index.php\/wp-json\/wp\/v2\/media?parent=16094"}],"wp:term":[{"taxonomy":"category","embeddable":true,"href":"https:\/\/apuntesdesanluis.com\/index.php\/wp-json\/wp\/v2\/categories?post=16094"},{"taxonomy":"post_tag","embeddable":true,"href":"https:\/\/apuntesdesanluis.com\/index.php\/wp-json\/wp\/v2\/tags?post=16094"}],"curies":[{"name":"wp","href":"https:\/\/api.w.org\/{rel}","templated":true}]}}