{"id":16100,"date":"2024-05-27T22:35:44","date_gmt":"2024-05-28T01:35:44","guid":{"rendered":"https:\/\/apuntesdesanluis.com\/?p=16100"},"modified":"2024-05-28T08:42:35","modified_gmt":"2024-05-28T11:42:35","slug":"el-martes-28-presentan-el-libro-sobre-pichana-britos","status":"publish","type":"post","link":"https:\/\/apuntesdesanluis.com\/index.php\/2024\/05\/27\/el-martes-28-presentan-el-libro-sobre-pichana-britos\/","title":{"rendered":"ESTE MARTES PRESENTAN EN UN CONVERSATORIO EL LIBRO SOBRE \u201cPICHANA\u201d BRITOS"},"content":{"rendered":"<h3>El libro digital <strong>\u201cPichana Britos. Una vida peronista\u201d<\/strong>, ser\u00e1 presentado en un conversatorio del que participar\u00e1n amigos e invitados especiales, este martes 28 de mayo, a las 20:00 h, en los Bajos del Caff\u00e9 de la Plaza.<\/h3>\n<h3>La invitaci\u00f3n es abierta para todo p\u00fablico y se espera la presencia de dirigentes de toda la provincia.<\/h3>\n<h3>La obra sobre el veterano dirigente de Villa Mercedes que repasa su trayectoria pol\u00edtica en la provincia y a nivel nacional, es autor\u00eda del escritor daractense <strong>Gabriel Rodr\u00edguez, <\/strong>quien mantuvo numerosas charlas con Pichana para poder delinear un perfil y recabar el contenido de la obra, que organiz\u00f3 en seis cap\u00edtulos.<\/h3>\n<p><img fetchpriority=\"high\" decoding=\"async\" class=\"wp-image-16102 aligncenter\" src=\"https:\/\/apuntesdesanluis.com\/wp-content\/uploads\/2024\/05\/libro-pichana-300x176.png\" alt=\"\" width=\"516\" height=\"303\" srcset=\"https:\/\/apuntesdesanluis.com\/wp-content\/uploads\/2024\/05\/libro-pichana-300x176.png 300w, https:\/\/apuntesdesanluis.com\/wp-content\/uploads\/2024\/05\/libro-pichana.png 674w\" sizes=\"(max-width: 516px) 100vw, 516px\" \/><\/p>\n<h3>Pichana Britos, quien tiene 91 a\u00f1os y se encuentra en perfecto estado de salud, estar\u00e1 acompa\u00f1ado por el autor y tambi\u00e9n por el escribano <strong>Eduardo Mones Ruiz<\/strong>, responsable del pr\u00f3logo de la obra y con quien cultiv\u00f3 una s\u00f3lida amistad en los \u00faltimos 27 a\u00f1os.<\/h3>\n<p>&nbsp;<\/p>\n<div style=\"width: 640px;\" class=\"wp-video\"><!--[if lt IE 9]><script>document.createElement('video');<\/script><![endif]-->\n<video class=\"wp-video-shortcode\" id=\"video-16100-1\" width=\"640\" height=\"1138\" preload=\"metadata\" controls=\"controls\"><source type=\"video\/mp4\" src=\"https:\/\/apuntesdesanluis.com\/wp-content\/uploads\/2024\/05\/PRESENTACION-LIBO.mp4?_=1\" \/><a href=\"https:\/\/apuntesdesanluis.com\/wp-content\/uploads\/2024\/05\/PRESENTACION-LIBO.mp4\">https:\/\/apuntesdesanluis.com\/wp-content\/uploads\/2024\/05\/PRESENTACION-LIBO.mp4<\/a><\/video><\/div>\n<p>&nbsp;<\/p>\n<p>&nbsp;<\/p>\n<p>&nbsp;<\/p>\n","protected":false},"excerpt":{"rendered":"<p>El libro digital \u201cPichana Britos. Una vida peronista\u201d, ser\u00e1 presentado en un conversatorio del que&#8230;<\/p>\n","protected":false},"author":1,"featured_media":16873,"comment_status":"closed","ping_status":"closed","sticky":false,"template":"","format":"standard","meta":{"footnotes":""},"categories":[6],"tags":[],"class_list":["post-16100","post","type-post","status-publish","format-standard","has-post-thumbnail","hentry","category-ciudad-provincia"],"yoast_head":"<!-- This site is optimized with the Yoast SEO plugin v26.1.1 - https:\/\/yoast.com\/wordpress\/plugins\/seo\/ -->\n<title>ESTE MARTES PRESENTAN EN UN CONVERSATORIO EL LIBRO SOBRE \u201cPICHANA\u201d BRITOS - Apuntes de San Luis<\/title>\n<meta name=\"robots\" content=\"index, follow, max-snippet:-1, max-image-preview:large, max-video-preview:-1\" \/>\n<link rel=\"canonical\" href=\"https:\/\/apuntesdesanluis.com\/index.php\/2024\/05\/27\/el-martes-28-presentan-el-libro-sobre-pichana-britos\/\" \/>\n<meta property=\"og:locale\" content=\"es_ES\" \/>\n<meta property=\"og:type\" content=\"article\" \/>\n<meta property=\"og:title\" content=\"ESTE MARTES PRESENTAN EN UN CONVERSATORIO EL LIBRO SOBRE \u201cPICHANA\u201d BRITOS - Apuntes de San Luis\" \/>\n<meta property=\"og:description\" content=\"El libro digital \u201cPichana Britos. Una vida peronista\u201d, ser\u00e1 presentado en un conversatorio del que...\" \/>\n<meta property=\"og:url\" content=\"https:\/\/apuntesdesanluis.com\/index.php\/2024\/05\/27\/el-martes-28-presentan-el-libro-sobre-pichana-britos\/\" \/>\n<meta property=\"og:site_name\" content=\"Apuntes de San Luis\" \/>\n<meta property=\"article:published_time\" content=\"2024-05-28T01:35:44+00:00\" \/>\n<meta property=\"article:modified_time\" content=\"2024-05-28T11:42:35+00:00\" \/>\n<meta property=\"og:image\" content=\"https:\/\/apuntesdesanluis.com\/wp-content\/uploads\/2024\/05\/britos.png\" \/>\n\t<meta property=\"og:image:width\" content=\"638\" \/>\n\t<meta property=\"og:image:height\" content=\"418\" \/>\n\t<meta property=\"og:image:type\" content=\"image\/png\" \/>\n<meta name=\"author\" content=\"apuntesdesanluis.com\" \/>\n<meta name=\"twitter:card\" content=\"summary_large_image\" \/>\n<meta name=\"twitter:label1\" content=\"Escrito por\" \/>\n\t<meta name=\"twitter:data1\" content=\"apuntesdesanluis.com\" \/>\n\t<meta name=\"twitter:label2\" content=\"Tiempo de lectura\" \/>\n\t<meta name=\"twitter:data2\" content=\"2 minutos\" \/>\n<script type=\"application\/ld+json\" class=\"yoast-schema-graph\">{\"@context\":\"https:\/\/schema.org\",\"@graph\":[{\"@type\":\"Article\",\"@id\":\"https:\/\/apuntesdesanluis.com\/index.php\/2024\/05\/27\/el-martes-28-presentan-el-libro-sobre-pichana-britos\/#article\",\"isPartOf\":{\"@id\":\"https:\/\/apuntesdesanluis.com\/index.php\/2024\/05\/27\/el-martes-28-presentan-el-libro-sobre-pichana-britos\/\"},\"author\":{\"name\":\"apuntesdesanluis.com\",\"@id\":\"https:\/\/apuntesdesanluis.com\/#\/schema\/person\/b55151d52296fcce64d1a72538a70b90\"},\"headline\":\"ESTE MARTES PRESENTAN EN UN CONVERSATORIO EL LIBRO SOBRE \u201cPICHANA\u201d BRITOS\",\"datePublished\":\"2024-05-28T01:35:44+00:00\",\"dateModified\":\"2024-05-28T11:42:35+00:00\",\"mainEntityOfPage\":{\"@id\":\"https:\/\/apuntesdesanluis.com\/index.php\/2024\/05\/27\/el-martes-28-presentan-el-libro-sobre-pichana-britos\/\"},\"wordCount\":187,\"publisher\":{\"@id\":\"https:\/\/apuntesdesanluis.com\/#\/schema\/person\/b55151d52296fcce64d1a72538a70b90\"},\"image\":{\"@id\":\"https:\/\/apuntesdesanluis.com\/index.php\/2024\/05\/27\/el-martes-28-presentan-el-libro-sobre-pichana-britos\/#primaryimage\"},\"thumbnailUrl\":\"https:\/\/apuntesdesanluis.com\/wp-content\/uploads\/2024\/05\/britos.png\",\"articleSection\":[\"Ciudad\/Provincia\"],\"inLanguage\":\"es-AR\"},{\"@type\":\"WebPage\",\"@id\":\"https:\/\/apuntesdesanluis.com\/index.php\/2024\/05\/27\/el-martes-28-presentan-el-libro-sobre-pichana-britos\/\",\"url\":\"https:\/\/apuntesdesanluis.com\/index.php\/2024\/05\/27\/el-martes-28-presentan-el-libro-sobre-pichana-britos\/\",\"name\":\"ESTE MARTES PRESENTAN EN UN CONVERSATORIO EL LIBRO SOBRE \u201cPICHANA\u201d BRITOS - Apuntes de San Luis\",\"isPartOf\":{\"@id\":\"https:\/\/apuntesdesanluis.com\/#website\"},\"primaryImageOfPage\":{\"@id\":\"https:\/\/apuntesdesanluis.com\/index.php\/2024\/05\/27\/el-martes-28-presentan-el-libro-sobre-pichana-britos\/#primaryimage\"},\"image\":{\"@id\":\"https:\/\/apuntesdesanluis.com\/index.php\/2024\/05\/27\/el-martes-28-presentan-el-libro-sobre-pichana-britos\/#primaryimage\"},\"thumbnailUrl\":\"https:\/\/apuntesdesanluis.com\/wp-content\/uploads\/2024\/05\/britos.png\",\"datePublished\":\"2024-05-28T01:35:44+00:00\",\"dateModified\":\"2024-05-28T11:42:35+00:00\",\"breadcrumb\":{\"@id\":\"https:\/\/apuntesdesanluis.com\/index.php\/2024\/05\/27\/el-martes-28-presentan-el-libro-sobre-pichana-britos\/#breadcrumb\"},\"inLanguage\":\"es-AR\",\"potentialAction\":[{\"@type\":\"ReadAction\",\"target\":[\"https:\/\/apuntesdesanluis.com\/index.php\/2024\/05\/27\/el-martes-28-presentan-el-libro-sobre-pichana-britos\/\"]}]},{\"@type\":\"ImageObject\",\"inLanguage\":\"es-AR\",\"@id\":\"https:\/\/apuntesdesanluis.com\/index.php\/2024\/05\/27\/el-martes-28-presentan-el-libro-sobre-pichana-britos\/#primaryimage\",\"url\":\"https:\/\/apuntesdesanluis.com\/wp-content\/uploads\/2024\/05\/britos.png\",\"contentUrl\":\"https:\/\/apuntesdesanluis.com\/wp-content\/uploads\/2024\/05\/britos.png\",\"width\":638,\"height\":418},{\"@type\":\"BreadcrumbList\",\"@id\":\"https:\/\/apuntesdesanluis.com\/index.php\/2024\/05\/27\/el-martes-28-presentan-el-libro-sobre-pichana-britos\/#breadcrumb\",\"itemListElement\":[{\"@type\":\"ListItem\",\"position\":1,\"name\":\"Inicio\",\"item\":\"https:\/\/apuntesdesanluis.com\/\"},{\"@type\":\"ListItem\",\"position\":2,\"name\":\"ESTE MARTES PRESENTAN EN UN CONVERSATORIO EL LIBRO SOBRE \u201cPICHANA\u201d BRITOS\"}]},{\"@type\":\"WebSite\",\"@id\":\"https:\/\/apuntesdesanluis.com\/#website\",\"url\":\"https:\/\/apuntesdesanluis.com\/\",\"name\":\"Apuntes de San Luis\",\"description\":\"\",\"publisher\":{\"@id\":\"https:\/\/apuntesdesanluis.com\/#\/schema\/person\/b55151d52296fcce64d1a72538a70b90\"},\"potentialAction\":[{\"@type\":\"SearchAction\",\"target\":{\"@type\":\"EntryPoint\",\"urlTemplate\":\"https:\/\/apuntesdesanluis.com\/?s={search_term_string}\"},\"query-input\":{\"@type\":\"PropertyValueSpecification\",\"valueRequired\":true,\"valueName\":\"search_term_string\"}}],\"inLanguage\":\"es-AR\"},{\"@type\":[\"Person\",\"Organization\"],\"@id\":\"https:\/\/apuntesdesanluis.com\/#\/schema\/person\/b55151d52296fcce64d1a72538a70b90\",\"name\":\"apuntesdesanluis.com\",\"image\":{\"@type\":\"ImageObject\",\"inLanguage\":\"es-AR\",\"@id\":\"https:\/\/apuntesdesanluis.com\/#\/schema\/person\/image\/\",\"url\":\"https:\/\/apuntesdesanluis.com\/wp-content\/uploads\/2023\/07\/cropped-apuntesdesanluis.png\",\"contentUrl\":\"https:\/\/apuntesdesanluis.com\/wp-content\/uploads\/2023\/07\/cropped-apuntesdesanluis.png\",\"width\":450,\"height\":112,\"caption\":\"apuntesdesanluis.com\"},\"logo\":{\"@id\":\"https:\/\/apuntesdesanluis.com\/#\/schema\/person\/image\/\"},\"sameAs\":[\"https:\/\/apuntesdesanluis.com\"],\"url\":\"https:\/\/apuntesdesanluis.com\/index.php\/author\/apuntesdesanluis-com\/\"}]}<\/script>\n<!-- \/ Yoast SEO plugin. -->","yoast_head_json":{"title":"ESTE MARTES PRESENTAN EN UN CONVERSATORIO EL LIBRO SOBRE \u201cPICHANA\u201d BRITOS - Apuntes de San Luis","robots":{"index":"index","follow":"follow","max-snippet":"max-snippet:-1","max-image-preview":"max-image-preview:large","max-video-preview":"max-video-preview:-1"},"canonical":"https:\/\/apuntesdesanluis.com\/index.php\/2024\/05\/27\/el-martes-28-presentan-el-libro-sobre-pichana-britos\/","og_locale":"es_ES","og_type":"article","og_title":"ESTE MARTES PRESENTAN EN UN CONVERSATORIO EL LIBRO SOBRE \u201cPICHANA\u201d BRITOS - Apuntes de San Luis","og_description":"El libro digital \u201cPichana Britos. Una vida peronista\u201d, ser\u00e1 presentado en un conversatorio del que...","og_url":"https:\/\/apuntesdesanluis.com\/index.php\/2024\/05\/27\/el-martes-28-presentan-el-libro-sobre-pichana-britos\/","og_site_name":"Apuntes de San Luis","article_published_time":"2024-05-28T01:35:44+00:00","article_modified_time":"2024-05-28T11:42:35+00:00","og_image":[{"width":638,"height":418,"url":"https:\/\/apuntesdesanluis.com\/wp-content\/uploads\/2024\/05\/britos.png","type":"image\/png"}],"author":"apuntesdesanluis.com","twitter_card":"summary_large_image","twitter_misc":{"Escrito por":"apuntesdesanluis.com","Tiempo de lectura":"2 minutos"},"schema":{"@context":"https:\/\/schema.org","@graph":[{"@type":"Article","@id":"https:\/\/apuntesdesanluis.com\/index.php\/2024\/05\/27\/el-martes-28-presentan-el-libro-sobre-pichana-britos\/#article","isPartOf":{"@id":"https:\/\/apuntesdesanluis.com\/index.php\/2024\/05\/27\/el-martes-28-presentan-el-libro-sobre-pichana-britos\/"},"author":{"name":"apuntesdesanluis.com","@id":"https:\/\/apuntesdesanluis.com\/#\/schema\/person\/b55151d52296fcce64d1a72538a70b90"},"headline":"ESTE MARTES PRESENTAN EN UN CONVERSATORIO EL LIBRO SOBRE \u201cPICHANA\u201d BRITOS","datePublished":"2024-05-28T01:35:44+00:00","dateModified":"2024-05-28T11:42:35+00:00","mainEntityOfPage":{"@id":"https:\/\/apuntesdesanluis.com\/index.php\/2024\/05\/27\/el-martes-28-presentan-el-libro-sobre-pichana-britos\/"},"wordCount":187,"publisher":{"@id":"https:\/\/apuntesdesanluis.com\/#\/schema\/person\/b55151d52296fcce64d1a72538a70b90"},"image":{"@id":"https:\/\/apuntesdesanluis.com\/index.php\/2024\/05\/27\/el-martes-28-presentan-el-libro-sobre-pichana-britos\/#primaryimage"},"thumbnailUrl":"https:\/\/apuntesdesanluis.com\/wp-content\/uploads\/2024\/05\/britos.png","articleSection":["Ciudad\/Provincia"],"inLanguage":"es-AR"},{"@type":"WebPage","@id":"https:\/\/apuntesdesanluis.com\/index.php\/2024\/05\/27\/el-martes-28-presentan-el-libro-sobre-pichana-britos\/","url":"https:\/\/apuntesdesanluis.com\/index.php\/2024\/05\/27\/el-martes-28-presentan-el-libro-sobre-pichana-britos\/","name":"ESTE MARTES PRESENTAN EN UN CONVERSATORIO EL LIBRO SOBRE \u201cPICHANA\u201d BRITOS - Apuntes de San Luis","isPartOf":{"@id":"https:\/\/apuntesdesanluis.com\/#website"},"primaryImageOfPage":{"@id":"https:\/\/apuntesdesanluis.com\/index.php\/2024\/05\/27\/el-martes-28-presentan-el-libro-sobre-pichana-britos\/#primaryimage"},"image":{"@id":"https:\/\/apuntesdesanluis.com\/index.php\/2024\/05\/27\/el-martes-28-presentan-el-libro-sobre-pichana-britos\/#primaryimage"},"thumbnailUrl":"https:\/\/apuntesdesanluis.com\/wp-content\/uploads\/2024\/05\/britos.png","datePublished":"2024-05-28T01:35:44+00:00","dateModified":"2024-05-28T11:42:35+00:00","breadcrumb":{"@id":"https:\/\/apuntesdesanluis.com\/index.php\/2024\/05\/27\/el-martes-28-presentan-el-libro-sobre-pichana-britos\/#breadcrumb"},"inLanguage":"es-AR","potentialAction":[{"@type":"ReadAction","target":["https:\/\/apuntesdesanluis.com\/index.php\/2024\/05\/27\/el-martes-28-presentan-el-libro-sobre-pichana-britos\/"]}]},{"@type":"ImageObject","inLanguage":"es-AR","@id":"https:\/\/apuntesdesanluis.com\/index.php\/2024\/05\/27\/el-martes-28-presentan-el-libro-sobre-pichana-britos\/#primaryimage","url":"https:\/\/apuntesdesanluis.com\/wp-content\/uploads\/2024\/05\/britos.png","contentUrl":"https:\/\/apuntesdesanluis.com\/wp-content\/uploads\/2024\/05\/britos.png","width":638,"height":418},{"@type":"BreadcrumbList","@id":"https:\/\/apuntesdesanluis.com\/index.php\/2024\/05\/27\/el-martes-28-presentan-el-libro-sobre-pichana-britos\/#breadcrumb","itemListElement":[{"@type":"ListItem","position":1,"name":"Inicio","item":"https:\/\/apuntesdesanluis.com\/"},{"@type":"ListItem","position":2,"name":"ESTE MARTES PRESENTAN EN UN CONVERSATORIO EL LIBRO SOBRE \u201cPICHANA\u201d BRITOS"}]},{"@type":"WebSite","@id":"https:\/\/apuntesdesanluis.com\/#website","url":"https:\/\/apuntesdesanluis.com\/","name":"Apuntes de San Luis","description":"","publisher":{"@id":"https:\/\/apuntesdesanluis.com\/#\/schema\/person\/b55151d52296fcce64d1a72538a70b90"},"potentialAction":[{"@type":"SearchAction","target":{"@type":"EntryPoint","urlTemplate":"https:\/\/apuntesdesanluis.com\/?s={search_term_string}"},"query-input":{"@type":"PropertyValueSpecification","valueRequired":true,"valueName":"search_term_string"}}],"inLanguage":"es-AR"},{"@type":["Person","Organization"],"@id":"https:\/\/apuntesdesanluis.com\/#\/schema\/person\/b55151d52296fcce64d1a72538a70b90","name":"apuntesdesanluis.com","image":{"@type":"ImageObject","inLanguage":"es-AR","@id":"https:\/\/apuntesdesanluis.com\/#\/schema\/person\/image\/","url":"https:\/\/apuntesdesanluis.com\/wp-content\/uploads\/2023\/07\/cropped-apuntesdesanluis.png","contentUrl":"https:\/\/apuntesdesanluis.com\/wp-content\/uploads\/2023\/07\/cropped-apuntesdesanluis.png","width":450,"height":112,"caption":"apuntesdesanluis.com"},"logo":{"@id":"https:\/\/apuntesdesanluis.com\/#\/schema\/person\/image\/"},"sameAs":["https:\/\/apuntesdesanluis.com"],"url":"https:\/\/apuntesdesanluis.com\/index.php\/author\/apuntesdesanluis-com\/"}]}},"featured_image_urls":{"full":["https:\/\/apuntesdesanluis.com\/wp-content\/uploads\/2024\/05\/britos.png",638,418,false],"thumbnail":["https:\/\/apuntesdesanluis.com\/wp-content\/uploads\/2024\/05\/britos-150x150.png",150,150,true],"medium":["https:\/\/apuntesdesanluis.com\/wp-content\/uploads\/2024\/05\/britos-300x197.png",300,197,true],"medium_large":["https:\/\/apuntesdesanluis.com\/wp-content\/uploads\/2024\/05\/britos.png",638,418,false],"large":["https:\/\/apuntesdesanluis.com\/wp-content\/uploads\/2024\/05\/britos.png",638,418,false],"1536x1536":["https:\/\/apuntesdesanluis.com\/wp-content\/uploads\/2024\/05\/britos.png",638,418,false],"2048x2048":["https:\/\/apuntesdesanluis.com\/wp-content\/uploads\/2024\/05\/britos.png",638,418,false],"newsever-slider-full":["https:\/\/apuntesdesanluis.com\/wp-content\/uploads\/2024\/05\/britos.png",638,418,false],"newsever-featured":["https:\/\/apuntesdesanluis.com\/wp-content\/uploads\/2024\/05\/britos.png",638,418,false],"newsever-medium":["https:\/\/apuntesdesanluis.com\/wp-content\/uploads\/2024\/05\/britos.png",638,418,false]},"author_info":{"display_name":"apuntesdesanluis.com","author_link":"https:\/\/apuntesdesanluis.com\/index.php\/author\/apuntesdesanluis-com\/"},"category_info":"<a href=\"https:\/\/apuntesdesanluis.com\/index.php\/category\/ciudad-provincia\/\" rel=\"category tag\">Ciudad\/Provincia<\/a>","tag_info":"Ciudad\/Provincia","comment_count":"0","_links":{"self":[{"href":"https:\/\/apuntesdesanluis.com\/index.php\/wp-json\/wp\/v2\/posts\/16100","targetHints":{"allow":["GET"]}}],"collection":[{"href":"https:\/\/apuntesdesanluis.com\/index.php\/wp-json\/wp\/v2\/posts"}],"about":[{"href":"https:\/\/apuntesdesanluis.com\/index.php\/wp-json\/wp\/v2\/types\/post"}],"author":[{"embeddable":true,"href":"https:\/\/apuntesdesanluis.com\/index.php\/wp-json\/wp\/v2\/users\/1"}],"replies":[{"embeddable":true,"href":"https:\/\/apuntesdesanluis.com\/index.php\/wp-json\/wp\/v2\/comments?post=16100"}],"version-history":[{"count":10,"href":"https:\/\/apuntesdesanluis.com\/index.php\/wp-json\/wp\/v2\/posts\/16100\/revisions"}],"predecessor-version":[{"id":16910,"href":"https:\/\/apuntesdesanluis.com\/index.php\/wp-json\/wp\/v2\/posts\/16100\/revisions\/16910"}],"wp:featuredmedia":[{"embeddable":true,"href":"https:\/\/apuntesdesanluis.com\/index.php\/wp-json\/wp\/v2\/media\/16873"}],"wp:attachment":[{"href":"https:\/\/apuntesdesanluis.com\/index.php\/wp-json\/wp\/v2\/media?parent=16100"}],"wp:term":[{"taxonomy":"category","embeddable":true,"href":"https:\/\/apuntesdesanluis.com\/index.php\/wp-json\/wp\/v2\/categories?post=16100"},{"taxonomy":"post_tag","embeddable":true,"href":"https:\/\/apuntesdesanluis.com\/index.php\/wp-json\/wp\/v2\/tags?post=16100"}],"curies":[{"name":"wp","href":"https:\/\/api.w.org\/{rel}","templated":true}]}}