{"id":16114,"date":"2024-05-14T00:59:50","date_gmt":"2024-05-14T03:59:50","guid":{"rendered":"https:\/\/apuntesdesanluis.com\/?p=16114"},"modified":"2024-05-14T00:59:50","modified_gmt":"2024-05-14T03:59:50","slug":"kicillof-confirmo-que-no-va-al-pacto-de-mayo-y-ya-son-5-los-gobernadores-que-se-bajaron","status":"publish","type":"post","link":"https:\/\/apuntesdesanluis.com\/index.php\/2024\/05\/14\/kicillof-confirmo-que-no-va-al-pacto-de-mayo-y-ya-son-5-los-gobernadores-que-se-bajaron\/","title":{"rendered":"KICILLOF CONFIRM\u00d3 QUE NO VA AL PACTO DE MAYO Y YA SON 5 LOS GOBERNADORES QUE SE BAJARON"},"content":{"rendered":"<h3>El gobernador de Buenos Aires, <strong>Axel Kicillof<\/strong>, confirm\u00f3 que no asistir\u00e1 a la firma del Pacto de Mayo que convoc\u00f3 el presidente <strong>Javier Milei<\/strong> para dentro de dos semanas en C\u00f3rdoba y ya son cinco los mandatarios provinciales que anticiparon que no formar\u00e1n parte de la iniciativa.<\/h3>\n<h3>De esta forma, hasta el momento cinco mandatarios provinciales, todos ellos del peronismo, ratificaron que no ser\u00e1n de la partida: Kicillof, Ricardo Quintela (La Rioja), Sergio Ziliotto (La Pampa), Gildo Insfr\u00e1n (Formosa) y Gustavo Melella (Tierra del Fuego).<\/h3>\n<h3>Kicillof sostuvo este lunes, durante un acto en el Teatro Argentino de La Plata junto a intendentes, que el Gobierno nacional &#8220;est\u00e1 incumpliendo&#8221; sus obligaciones con la provincia que administra y remarc\u00f3 que &#8220;hubiera concurrido si se dignara a dar lo que corresponde&#8221;.<\/h3>\n<h3>&#8220;La recesi\u00f3n, la ca\u00edda de la recaudaci\u00f3n y la quita ilegal de fondos por parte del Gobierno nacional impacta sobre la provincia y los distritos. Hoy estamos demostrando que el Gobierno provincial no deserta, respeta el federalismo y reconoce la importancia de las y los intendentes&#8221;, argument\u00f3 el gobernador kirchnerista.<\/h3>\n<h3>Kicillof destac\u00f3 la importancia de estos fondos en &#8220;un momento donde el Gobierno nacional est\u00e1 incumpliendo con todas las provincias argentinas; donde ha pisoteado el federalismo en lo fiscal, econ\u00f3mico, operativo y constitucional&#8221;.<\/h3>\n<h3>El d\u00eda anterior, hizo lo propio otro gobernador del peronismo, el riojano Ricardo Quintela, quien sostuvo: &#8220;Al Pacto de Mayo no voy a ir. Antes de un pacto existe una conversaci\u00f3n previa y esto es una imposici\u00f3n. Varios gobernadores no nos vamos a someter a eso&#8221;.<\/h3>\n<h3>Adem\u00e1s de la negativa de estos cinco gobernadores a concurrir a firmar el pacto en C\u00f3rdoba, existen dudas sobre lo que har\u00e1 otro grupo de gobernadores, integrado por Gerardo Zamora (Santiago del Estero) y los patag\u00f3nicos Claudio Vidal (Santa Cruz), Rolando Figueroa (Neuqu\u00e9n) y Alberto Weretilneck (R\u00edo Negro), todos ellos con una relaci\u00f3n oscilante con Milei.<\/h3>\n<h3>En tanto, se da por descontado que el resto de los gobernadores asistir\u00e1n el s\u00e1bado 25 de este mes a firmar el pacto, entre ellos Mart\u00edn Llaryora (C\u00f3rdoba), Maximiliano Pullaro (Santa Fe), Alfredo Cornejo (Mendoza), Osvaldo Jaldo (Tucum\u00e1n), Gustavo S\u00e1enz (Salta), Carlos Sadir (Jujuy), Leandro Zdero (Chaco), Rogelio Frigerio (Entre R\u00edos), Gustavo Vald\u00e9s (Corrientes), Ra\u00fal Jalil (Catamarca), Claudio Poggi (San Luis), Marcelo Orrego (San Juan) y el jefe de gobierno porte\u00f1o, Jorge Macri.<\/h3>\n<h3>A doce d\u00edas de la fecha prevista para rubricar el Pacto de Mayo, el Gobierno nacional est\u00e1 en plena negociaci\u00f3n por la media sanci\u00f3n en la C\u00e1mara de Senadores de la Ley Bases, y se mostr\u00f3 abierto a ampliar el temario de los diez puntos contemplados en el acuerdo con los gobernadores.<\/h3>\n<p>&nbsp;<\/p>\n<p>&nbsp;<\/p>\n<p>&nbsp;<\/p>\n<p>&nbsp;<\/p>\n<p>&nbsp;<\/p>\n<p>&nbsp;<\/p>\n","protected":false},"excerpt":{"rendered":"<p>El gobernador de Buenos Aires, Axel Kicillof, confirm\u00f3 que no asistir\u00e1 a la firma del&#8230;<\/p>\n","protected":false},"author":1,"featured_media":16115,"comment_status":"closed","ping_status":"closed","sticky":false,"template":"","format":"standard","meta":{"footnotes":""},"categories":[5],"tags":[],"class_list":["post-16114","post","type-post","status-publish","format-standard","has-post-thumbnail","hentry","category-nacionales-internacionales"],"yoast_head":"<!-- This site is optimized with the Yoast SEO plugin v26.1.1 - https:\/\/yoast.com\/wordpress\/plugins\/seo\/ -->\n<title>KICILLOF CONFIRM\u00d3 QUE NO VA AL PACTO DE MAYO Y YA SON 5 LOS GOBERNADORES QUE SE BAJARON - Apuntes de San Luis<\/title>\n<meta name=\"robots\" content=\"index, follow, max-snippet:-1, max-image-preview:large, max-video-preview:-1\" \/>\n<link rel=\"canonical\" href=\"https:\/\/apuntesdesanluis.com\/index.php\/2024\/05\/14\/kicillof-confirmo-que-no-va-al-pacto-de-mayo-y-ya-son-5-los-gobernadores-que-se-bajaron\/\" \/>\n<meta property=\"og:locale\" content=\"es_ES\" \/>\n<meta property=\"og:type\" content=\"article\" \/>\n<meta property=\"og:title\" content=\"KICILLOF CONFIRM\u00d3 QUE NO VA AL PACTO DE MAYO Y YA SON 5 LOS GOBERNADORES QUE SE BAJARON - Apuntes de San Luis\" \/>\n<meta property=\"og:description\" content=\"El gobernador de Buenos Aires, Axel Kicillof, confirm\u00f3 que no asistir\u00e1 a la firma del...\" \/>\n<meta property=\"og:url\" content=\"https:\/\/apuntesdesanluis.com\/index.php\/2024\/05\/14\/kicillof-confirmo-que-no-va-al-pacto-de-mayo-y-ya-son-5-los-gobernadores-que-se-bajaron\/\" \/>\n<meta property=\"og:site_name\" content=\"Apuntes de San Luis\" \/>\n<meta property=\"article:published_time\" content=\"2024-05-14T03:59:50+00:00\" \/>\n<meta property=\"og:image\" content=\"https:\/\/apuntesdesanluis.com\/wp-content\/uploads\/2024\/05\/KICILLOFF.png\" \/>\n\t<meta property=\"og:image:width\" content=\"600\" \/>\n\t<meta property=\"og:image:height\" content=\"320\" \/>\n\t<meta property=\"og:image:type\" content=\"image\/png\" \/>\n<meta name=\"author\" content=\"apuntesdesanluis.com\" \/>\n<meta name=\"twitter:card\" content=\"summary_large_image\" \/>\n<meta name=\"twitter:label1\" content=\"Escrito por\" \/>\n\t<meta name=\"twitter:data1\" content=\"apuntesdesanluis.com\" \/>\n\t<meta name=\"twitter:label2\" content=\"Tiempo de lectura\" \/>\n\t<meta name=\"twitter:data2\" content=\"3 minutos\" \/>\n<script type=\"application\/ld+json\" class=\"yoast-schema-graph\">{\"@context\":\"https:\/\/schema.org\",\"@graph\":[{\"@type\":\"Article\",\"@id\":\"https:\/\/apuntesdesanluis.com\/index.php\/2024\/05\/14\/kicillof-confirmo-que-no-va-al-pacto-de-mayo-y-ya-son-5-los-gobernadores-que-se-bajaron\/#article\",\"isPartOf\":{\"@id\":\"https:\/\/apuntesdesanluis.com\/index.php\/2024\/05\/14\/kicillof-confirmo-que-no-va-al-pacto-de-mayo-y-ya-son-5-los-gobernadores-que-se-bajaron\/\"},\"author\":{\"name\":\"apuntesdesanluis.com\",\"@id\":\"https:\/\/apuntesdesanluis.com\/#\/schema\/person\/b55151d52296fcce64d1a72538a70b90\"},\"headline\":\"KICILLOF CONFIRM\u00d3 QUE NO VA AL PACTO DE MAYO Y YA SON 5 LOS GOBERNADORES QUE SE BAJARON\",\"datePublished\":\"2024-05-14T03:59:50+00:00\",\"mainEntityOfPage\":{\"@id\":\"https:\/\/apuntesdesanluis.com\/index.php\/2024\/05\/14\/kicillof-confirmo-que-no-va-al-pacto-de-mayo-y-ya-son-5-los-gobernadores-que-se-bajaron\/\"},\"wordCount\":491,\"publisher\":{\"@id\":\"https:\/\/apuntesdesanluis.com\/#\/schema\/person\/b55151d52296fcce64d1a72538a70b90\"},\"image\":{\"@id\":\"https:\/\/apuntesdesanluis.com\/index.php\/2024\/05\/14\/kicillof-confirmo-que-no-va-al-pacto-de-mayo-y-ya-son-5-los-gobernadores-que-se-bajaron\/#primaryimage\"},\"thumbnailUrl\":\"https:\/\/apuntesdesanluis.com\/wp-content\/uploads\/2024\/05\/KICILLOFF.png\",\"articleSection\":[\"Nacionales\/Internacionales\"],\"inLanguage\":\"es-AR\"},{\"@type\":\"WebPage\",\"@id\":\"https:\/\/apuntesdesanluis.com\/index.php\/2024\/05\/14\/kicillof-confirmo-que-no-va-al-pacto-de-mayo-y-ya-son-5-los-gobernadores-que-se-bajaron\/\",\"url\":\"https:\/\/apuntesdesanluis.com\/index.php\/2024\/05\/14\/kicillof-confirmo-que-no-va-al-pacto-de-mayo-y-ya-son-5-los-gobernadores-que-se-bajaron\/\",\"name\":\"KICILLOF CONFIRM\u00d3 QUE NO VA AL PACTO DE MAYO Y YA SON 5 LOS GOBERNADORES QUE SE BAJARON - Apuntes de San Luis\",\"isPartOf\":{\"@id\":\"https:\/\/apuntesdesanluis.com\/#website\"},\"primaryImageOfPage\":{\"@id\":\"https:\/\/apuntesdesanluis.com\/index.php\/2024\/05\/14\/kicillof-confirmo-que-no-va-al-pacto-de-mayo-y-ya-son-5-los-gobernadores-que-se-bajaron\/#primaryimage\"},\"image\":{\"@id\":\"https:\/\/apuntesdesanluis.com\/index.php\/2024\/05\/14\/kicillof-confirmo-que-no-va-al-pacto-de-mayo-y-ya-son-5-los-gobernadores-que-se-bajaron\/#primaryimage\"},\"thumbnailUrl\":\"https:\/\/apuntesdesanluis.com\/wp-content\/uploads\/2024\/05\/KICILLOFF.png\",\"datePublished\":\"2024-05-14T03:59:50+00:00\",\"breadcrumb\":{\"@id\":\"https:\/\/apuntesdesanluis.com\/index.php\/2024\/05\/14\/kicillof-confirmo-que-no-va-al-pacto-de-mayo-y-ya-son-5-los-gobernadores-que-se-bajaron\/#breadcrumb\"},\"inLanguage\":\"es-AR\",\"potentialAction\":[{\"@type\":\"ReadAction\",\"target\":[\"https:\/\/apuntesdesanluis.com\/index.php\/2024\/05\/14\/kicillof-confirmo-que-no-va-al-pacto-de-mayo-y-ya-son-5-los-gobernadores-que-se-bajaron\/\"]}]},{\"@type\":\"ImageObject\",\"inLanguage\":\"es-AR\",\"@id\":\"https:\/\/apuntesdesanluis.com\/index.php\/2024\/05\/14\/kicillof-confirmo-que-no-va-al-pacto-de-mayo-y-ya-son-5-los-gobernadores-que-se-bajaron\/#primaryimage\",\"url\":\"https:\/\/apuntesdesanluis.com\/wp-content\/uploads\/2024\/05\/KICILLOFF.png\",\"contentUrl\":\"https:\/\/apuntesdesanluis.com\/wp-content\/uploads\/2024\/05\/KICILLOFF.png\",\"width\":600,\"height\":320},{\"@type\":\"BreadcrumbList\",\"@id\":\"https:\/\/apuntesdesanluis.com\/index.php\/2024\/05\/14\/kicillof-confirmo-que-no-va-al-pacto-de-mayo-y-ya-son-5-los-gobernadores-que-se-bajaron\/#breadcrumb\",\"itemListElement\":[{\"@type\":\"ListItem\",\"position\":1,\"name\":\"Inicio\",\"item\":\"https:\/\/apuntesdesanluis.com\/\"},{\"@type\":\"ListItem\",\"position\":2,\"name\":\"KICILLOF CONFIRM\u00d3 QUE NO VA AL PACTO DE MAYO Y YA SON 5 LOS GOBERNADORES QUE SE BAJARON\"}]},{\"@type\":\"WebSite\",\"@id\":\"https:\/\/apuntesdesanluis.com\/#website\",\"url\":\"https:\/\/apuntesdesanluis.com\/\",\"name\":\"Apuntes de San Luis\",\"description\":\"\",\"publisher\":{\"@id\":\"https:\/\/apuntesdesanluis.com\/#\/schema\/person\/b55151d52296fcce64d1a72538a70b90\"},\"potentialAction\":[{\"@type\":\"SearchAction\",\"target\":{\"@type\":\"EntryPoint\",\"urlTemplate\":\"https:\/\/apuntesdesanluis.com\/?s={search_term_string}\"},\"query-input\":{\"@type\":\"PropertyValueSpecification\",\"valueRequired\":true,\"valueName\":\"search_term_string\"}}],\"inLanguage\":\"es-AR\"},{\"@type\":[\"Person\",\"Organization\"],\"@id\":\"https:\/\/apuntesdesanluis.com\/#\/schema\/person\/b55151d52296fcce64d1a72538a70b90\",\"name\":\"apuntesdesanluis.com\",\"image\":{\"@type\":\"ImageObject\",\"inLanguage\":\"es-AR\",\"@id\":\"https:\/\/apuntesdesanluis.com\/#\/schema\/person\/image\/\",\"url\":\"https:\/\/apuntesdesanluis.com\/wp-content\/uploads\/2023\/07\/cropped-apuntesdesanluis.png\",\"contentUrl\":\"https:\/\/apuntesdesanluis.com\/wp-content\/uploads\/2023\/07\/cropped-apuntesdesanluis.png\",\"width\":450,\"height\":112,\"caption\":\"apuntesdesanluis.com\"},\"logo\":{\"@id\":\"https:\/\/apuntesdesanluis.com\/#\/schema\/person\/image\/\"},\"sameAs\":[\"https:\/\/apuntesdesanluis.com\"],\"url\":\"https:\/\/apuntesdesanluis.com\/index.php\/author\/apuntesdesanluis-com\/\"}]}<\/script>\n<!-- \/ Yoast SEO plugin. -->","yoast_head_json":{"title":"KICILLOF CONFIRM\u00d3 QUE NO VA AL PACTO DE MAYO Y YA SON 5 LOS GOBERNADORES QUE SE BAJARON - Apuntes de San Luis","robots":{"index":"index","follow":"follow","max-snippet":"max-snippet:-1","max-image-preview":"max-image-preview:large","max-video-preview":"max-video-preview:-1"},"canonical":"https:\/\/apuntesdesanluis.com\/index.php\/2024\/05\/14\/kicillof-confirmo-que-no-va-al-pacto-de-mayo-y-ya-son-5-los-gobernadores-que-se-bajaron\/","og_locale":"es_ES","og_type":"article","og_title":"KICILLOF CONFIRM\u00d3 QUE NO VA AL PACTO DE MAYO Y YA SON 5 LOS GOBERNADORES QUE SE BAJARON - Apuntes de San Luis","og_description":"El gobernador de Buenos Aires, Axel Kicillof, confirm\u00f3 que no asistir\u00e1 a la firma del...","og_url":"https:\/\/apuntesdesanluis.com\/index.php\/2024\/05\/14\/kicillof-confirmo-que-no-va-al-pacto-de-mayo-y-ya-son-5-los-gobernadores-que-se-bajaron\/","og_site_name":"Apuntes de San Luis","article_published_time":"2024-05-14T03:59:50+00:00","og_image":[{"width":600,"height":320,"url":"https:\/\/apuntesdesanluis.com\/wp-content\/uploads\/2024\/05\/KICILLOFF.png","type":"image\/png"}],"author":"apuntesdesanluis.com","twitter_card":"summary_large_image","twitter_misc":{"Escrito por":"apuntesdesanluis.com","Tiempo de lectura":"3 minutos"},"schema":{"@context":"https:\/\/schema.org","@graph":[{"@type":"Article","@id":"https:\/\/apuntesdesanluis.com\/index.php\/2024\/05\/14\/kicillof-confirmo-que-no-va-al-pacto-de-mayo-y-ya-son-5-los-gobernadores-que-se-bajaron\/#article","isPartOf":{"@id":"https:\/\/apuntesdesanluis.com\/index.php\/2024\/05\/14\/kicillof-confirmo-que-no-va-al-pacto-de-mayo-y-ya-son-5-los-gobernadores-que-se-bajaron\/"},"author":{"name":"apuntesdesanluis.com","@id":"https:\/\/apuntesdesanluis.com\/#\/schema\/person\/b55151d52296fcce64d1a72538a70b90"},"headline":"KICILLOF CONFIRM\u00d3 QUE NO VA AL PACTO DE MAYO Y YA SON 5 LOS GOBERNADORES QUE SE BAJARON","datePublished":"2024-05-14T03:59:50+00:00","mainEntityOfPage":{"@id":"https:\/\/apuntesdesanluis.com\/index.php\/2024\/05\/14\/kicillof-confirmo-que-no-va-al-pacto-de-mayo-y-ya-son-5-los-gobernadores-que-se-bajaron\/"},"wordCount":491,"publisher":{"@id":"https:\/\/apuntesdesanluis.com\/#\/schema\/person\/b55151d52296fcce64d1a72538a70b90"},"image":{"@id":"https:\/\/apuntesdesanluis.com\/index.php\/2024\/05\/14\/kicillof-confirmo-que-no-va-al-pacto-de-mayo-y-ya-son-5-los-gobernadores-que-se-bajaron\/#primaryimage"},"thumbnailUrl":"https:\/\/apuntesdesanluis.com\/wp-content\/uploads\/2024\/05\/KICILLOFF.png","articleSection":["Nacionales\/Internacionales"],"inLanguage":"es-AR"},{"@type":"WebPage","@id":"https:\/\/apuntesdesanluis.com\/index.php\/2024\/05\/14\/kicillof-confirmo-que-no-va-al-pacto-de-mayo-y-ya-son-5-los-gobernadores-que-se-bajaron\/","url":"https:\/\/apuntesdesanluis.com\/index.php\/2024\/05\/14\/kicillof-confirmo-que-no-va-al-pacto-de-mayo-y-ya-son-5-los-gobernadores-que-se-bajaron\/","name":"KICILLOF CONFIRM\u00d3 QUE NO VA AL PACTO DE MAYO Y YA SON 5 LOS GOBERNADORES QUE SE BAJARON - Apuntes de San Luis","isPartOf":{"@id":"https:\/\/apuntesdesanluis.com\/#website"},"primaryImageOfPage":{"@id":"https:\/\/apuntesdesanluis.com\/index.php\/2024\/05\/14\/kicillof-confirmo-que-no-va-al-pacto-de-mayo-y-ya-son-5-los-gobernadores-que-se-bajaron\/#primaryimage"},"image":{"@id":"https:\/\/apuntesdesanluis.com\/index.php\/2024\/05\/14\/kicillof-confirmo-que-no-va-al-pacto-de-mayo-y-ya-son-5-los-gobernadores-que-se-bajaron\/#primaryimage"},"thumbnailUrl":"https:\/\/apuntesdesanluis.com\/wp-content\/uploads\/2024\/05\/KICILLOFF.png","datePublished":"2024-05-14T03:59:50+00:00","breadcrumb":{"@id":"https:\/\/apuntesdesanluis.com\/index.php\/2024\/05\/14\/kicillof-confirmo-que-no-va-al-pacto-de-mayo-y-ya-son-5-los-gobernadores-que-se-bajaron\/#breadcrumb"},"inLanguage":"es-AR","potentialAction":[{"@type":"ReadAction","target":["https:\/\/apuntesdesanluis.com\/index.php\/2024\/05\/14\/kicillof-confirmo-que-no-va-al-pacto-de-mayo-y-ya-son-5-los-gobernadores-que-se-bajaron\/"]}]},{"@type":"ImageObject","inLanguage":"es-AR","@id":"https:\/\/apuntesdesanluis.com\/index.php\/2024\/05\/14\/kicillof-confirmo-que-no-va-al-pacto-de-mayo-y-ya-son-5-los-gobernadores-que-se-bajaron\/#primaryimage","url":"https:\/\/apuntesdesanluis.com\/wp-content\/uploads\/2024\/05\/KICILLOFF.png","contentUrl":"https:\/\/apuntesdesanluis.com\/wp-content\/uploads\/2024\/05\/KICILLOFF.png","width":600,"height":320},{"@type":"BreadcrumbList","@id":"https:\/\/apuntesdesanluis.com\/index.php\/2024\/05\/14\/kicillof-confirmo-que-no-va-al-pacto-de-mayo-y-ya-son-5-los-gobernadores-que-se-bajaron\/#breadcrumb","itemListElement":[{"@type":"ListItem","position":1,"name":"Inicio","item":"https:\/\/apuntesdesanluis.com\/"},{"@type":"ListItem","position":2,"name":"KICILLOF CONFIRM\u00d3 QUE NO VA AL PACTO DE MAYO Y YA SON 5 LOS GOBERNADORES QUE SE BAJARON"}]},{"@type":"WebSite","@id":"https:\/\/apuntesdesanluis.com\/#website","url":"https:\/\/apuntesdesanluis.com\/","name":"Apuntes de San Luis","description":"","publisher":{"@id":"https:\/\/apuntesdesanluis.com\/#\/schema\/person\/b55151d52296fcce64d1a72538a70b90"},"potentialAction":[{"@type":"SearchAction","target":{"@type":"EntryPoint","urlTemplate":"https:\/\/apuntesdesanluis.com\/?s={search_term_string}"},"query-input":{"@type":"PropertyValueSpecification","valueRequired":true,"valueName":"search_term_string"}}],"inLanguage":"es-AR"},{"@type":["Person","Organization"],"@id":"https:\/\/apuntesdesanluis.com\/#\/schema\/person\/b55151d52296fcce64d1a72538a70b90","name":"apuntesdesanluis.com","image":{"@type":"ImageObject","inLanguage":"es-AR","@id":"https:\/\/apuntesdesanluis.com\/#\/schema\/person\/image\/","url":"https:\/\/apuntesdesanluis.com\/wp-content\/uploads\/2023\/07\/cropped-apuntesdesanluis.png","contentUrl":"https:\/\/apuntesdesanluis.com\/wp-content\/uploads\/2023\/07\/cropped-apuntesdesanluis.png","width":450,"height":112,"caption":"apuntesdesanluis.com"},"logo":{"@id":"https:\/\/apuntesdesanluis.com\/#\/schema\/person\/image\/"},"sameAs":["https:\/\/apuntesdesanluis.com"],"url":"https:\/\/apuntesdesanluis.com\/index.php\/author\/apuntesdesanluis-com\/"}]}},"featured_image_urls":{"full":["https:\/\/apuntesdesanluis.com\/wp-content\/uploads\/2024\/05\/KICILLOFF.png",600,320,false],"thumbnail":["https:\/\/apuntesdesanluis.com\/wp-content\/uploads\/2024\/05\/KICILLOFF-150x150.png",150,150,true],"medium":["https:\/\/apuntesdesanluis.com\/wp-content\/uploads\/2024\/05\/KICILLOFF-300x160.png",300,160,true],"medium_large":["https:\/\/apuntesdesanluis.com\/wp-content\/uploads\/2024\/05\/KICILLOFF.png",600,320,false],"large":["https:\/\/apuntesdesanluis.com\/wp-content\/uploads\/2024\/05\/KICILLOFF.png",600,320,false],"1536x1536":["https:\/\/apuntesdesanluis.com\/wp-content\/uploads\/2024\/05\/KICILLOFF.png",600,320,false],"2048x2048":["https:\/\/apuntesdesanluis.com\/wp-content\/uploads\/2024\/05\/KICILLOFF.png",600,320,false],"newsever-slider-full":["https:\/\/apuntesdesanluis.com\/wp-content\/uploads\/2024\/05\/KICILLOFF.png",600,320,false],"newsever-featured":["https:\/\/apuntesdesanluis.com\/wp-content\/uploads\/2024\/05\/KICILLOFF.png",600,320,false],"newsever-medium":["https:\/\/apuntesdesanluis.com\/wp-content\/uploads\/2024\/05\/KICILLOFF.png",600,320,false]},"author_info":{"display_name":"apuntesdesanluis.com","author_link":"https:\/\/apuntesdesanluis.com\/index.php\/author\/apuntesdesanluis-com\/"},"category_info":"<a href=\"https:\/\/apuntesdesanluis.com\/index.php\/category\/nacionales-internacionales\/\" rel=\"category tag\">Nacionales\/Internacionales<\/a>","tag_info":"Nacionales\/Internacionales","comment_count":"0","_links":{"self":[{"href":"https:\/\/apuntesdesanluis.com\/index.php\/wp-json\/wp\/v2\/posts\/16114","targetHints":{"allow":["GET"]}}],"collection":[{"href":"https:\/\/apuntesdesanluis.com\/index.php\/wp-json\/wp\/v2\/posts"}],"about":[{"href":"https:\/\/apuntesdesanluis.com\/index.php\/wp-json\/wp\/v2\/types\/post"}],"author":[{"embeddable":true,"href":"https:\/\/apuntesdesanluis.com\/index.php\/wp-json\/wp\/v2\/users\/1"}],"replies":[{"embeddable":true,"href":"https:\/\/apuntesdesanluis.com\/index.php\/wp-json\/wp\/v2\/comments?post=16114"}],"version-history":[{"count":1,"href":"https:\/\/apuntesdesanluis.com\/index.php\/wp-json\/wp\/v2\/posts\/16114\/revisions"}],"predecessor-version":[{"id":16116,"href":"https:\/\/apuntesdesanluis.com\/index.php\/wp-json\/wp\/v2\/posts\/16114\/revisions\/16116"}],"wp:featuredmedia":[{"embeddable":true,"href":"https:\/\/apuntesdesanluis.com\/index.php\/wp-json\/wp\/v2\/media\/16115"}],"wp:attachment":[{"href":"https:\/\/apuntesdesanluis.com\/index.php\/wp-json\/wp\/v2\/media?parent=16114"}],"wp:term":[{"taxonomy":"category","embeddable":true,"href":"https:\/\/apuntesdesanluis.com\/index.php\/wp-json\/wp\/v2\/categories?post=16114"},{"taxonomy":"post_tag","embeddable":true,"href":"https:\/\/apuntesdesanluis.com\/index.php\/wp-json\/wp\/v2\/tags?post=16114"}],"curies":[{"name":"wp","href":"https:\/\/api.w.org\/{rel}","templated":true}]}}