{"id":16122,"date":"2024-05-13T23:24:53","date_gmt":"2024-05-14T02:24:53","guid":{"rendered":"https:\/\/apuntesdesanluis.com\/?p=16122"},"modified":"2024-05-14T11:33:44","modified_gmt":"2024-05-14T14:33:44","slug":"asume-hoy-gustavo-bertolini-como-ministro-de-desarrollo-humano","status":"publish","type":"post","link":"https:\/\/apuntesdesanluis.com\/index.php\/2024\/05\/13\/asume-hoy-gustavo-bertolini-como-ministro-de-desarrollo-humano\/","title":{"rendered":"ASUME HOY GUSTAVO BERTOLINI COMO MINISTRO DE DESARROLLO HUMANO"},"content":{"rendered":"<h3>El gobernador de la provincia <strong>Claudio Poggi<\/strong>, le tomar\u00e1 juramento a <strong>Gustavo Bertolini<\/strong>, quien asumir\u00e1 como ministro de Desarrollo Humano del Gobierno de la provincia de San Luis, en una ceremonia que se desarrollar\u00e1 este martes a las 17:00 h.<\/h3>\n<h3>El nuevo titular de la cartera es licenciado en Cooperativismo y Mutualismo, es docente universitario y desde el pasado 10 de diciembre hasta hoy, estuvo a cargo la direcci\u00f3n de Cooperativas y Mutuales del ministerio de Desarrollo Humano.<\/h3>\n<h3>A lo largo de m\u00e1s de 30 a\u00f1os se desempe\u00f1\u00f3 en tareas relacionadas con el cooperativismo y asociativismo, desarrollando su labor profesional, en el Ministerio de Agricultura, Ganader\u00eda y Pesca de la Naci\u00f3n y en el Consejo Federal de Inversiones, entre m\u00faltiples tareas profesionales.<\/h3>\n<h3>El acto de asunci\u00f3n del nuevo ministro se desarrollar\u00e1 en el Sal\u00f3n Blanco de Casa de Gobierno.<\/h3>\n<h3>Bertolini reemplazar\u00e1 a la CPN <strong>M\u00f3nica Becerra<\/strong>, a quien el gobierno le pidi\u00f3 la renuncia con el objetivo de &#8220;darle una nueva impronta al ministerio&#8221;. Por ahora se desconoce su destino. Algunas versiones la ubican en el Ministerio de Salud, otros en la \u00f3rbita de la cartera de Hacienda y Obras P\u00fablicas que conduce <strong>N\u00e9stor Ordo\u00f1ez<\/strong>.<\/h3>\n<p>&nbsp;<\/p>\n<p>&nbsp;<\/p>\n<p>&nbsp;<\/p>\n<p>&nbsp;<\/p>\n<p>&nbsp;<\/p>\n","protected":false},"excerpt":{"rendered":"<p>El gobernador de la provincia Claudio Poggi, le tomar\u00e1 juramento a Gustavo Bertolini, quien asumir\u00e1&#8230;<\/p>\n","protected":false},"author":1,"featured_media":16123,"comment_status":"closed","ping_status":"closed","sticky":false,"template":"","format":"standard","meta":{"footnotes":""},"categories":[6],"tags":[],"class_list":["post-16122","post","type-post","status-publish","format-standard","has-post-thumbnail","hentry","category-ciudad-provincia"],"yoast_head":"<!-- This site is optimized with the Yoast SEO plugin v26.1.1 - https:\/\/yoast.com\/wordpress\/plugins\/seo\/ -->\n<title>ASUME HOY GUSTAVO BERTOLINI COMO MINISTRO DE DESARROLLO HUMANO - Apuntes de San Luis<\/title>\n<meta name=\"robots\" content=\"index, follow, max-snippet:-1, max-image-preview:large, max-video-preview:-1\" \/>\n<link rel=\"canonical\" href=\"https:\/\/apuntesdesanluis.com\/index.php\/2024\/05\/13\/asume-hoy-gustavo-bertolini-como-ministro-de-desarrollo-humano\/\" \/>\n<meta property=\"og:locale\" content=\"es_ES\" \/>\n<meta property=\"og:type\" content=\"article\" \/>\n<meta property=\"og:title\" content=\"ASUME HOY GUSTAVO BERTOLINI COMO MINISTRO DE DESARROLLO HUMANO - Apuntes de San Luis\" \/>\n<meta property=\"og:description\" content=\"El gobernador de la provincia Claudio Poggi, le tomar\u00e1 juramento a Gustavo Bertolini, quien asumir\u00e1...\" \/>\n<meta property=\"og:url\" content=\"https:\/\/apuntesdesanluis.com\/index.php\/2024\/05\/13\/asume-hoy-gustavo-bertolini-como-ministro-de-desarrollo-humano\/\" \/>\n<meta property=\"og:site_name\" content=\"Apuntes de San Luis\" \/>\n<meta property=\"article:published_time\" content=\"2024-05-14T02:24:53+00:00\" \/>\n<meta property=\"article:modified_time\" content=\"2024-05-14T14:33:44+00:00\" \/>\n<meta property=\"og:image\" content=\"https:\/\/apuntesdesanluis.com\/wp-content\/uploads\/2024\/05\/bertolini.png\" \/>\n\t<meta property=\"og:image:width\" content=\"600\" \/>\n\t<meta property=\"og:image:height\" content=\"317\" \/>\n\t<meta property=\"og:image:type\" content=\"image\/png\" \/>\n<meta name=\"author\" content=\"apuntesdesanluis.com\" \/>\n<meta name=\"twitter:card\" content=\"summary_large_image\" \/>\n<meta name=\"twitter:label1\" content=\"Escrito por\" \/>\n\t<meta name=\"twitter:data1\" content=\"apuntesdesanluis.com\" \/>\n\t<meta name=\"twitter:label2\" content=\"Tiempo de lectura\" \/>\n\t<meta name=\"twitter:data2\" content=\"2 minutos\" \/>\n<script type=\"application\/ld+json\" class=\"yoast-schema-graph\">{\"@context\":\"https:\/\/schema.org\",\"@graph\":[{\"@type\":\"Article\",\"@id\":\"https:\/\/apuntesdesanluis.com\/index.php\/2024\/05\/13\/asume-hoy-gustavo-bertolini-como-ministro-de-desarrollo-humano\/#article\",\"isPartOf\":{\"@id\":\"https:\/\/apuntesdesanluis.com\/index.php\/2024\/05\/13\/asume-hoy-gustavo-bertolini-como-ministro-de-desarrollo-humano\/\"},\"author\":{\"name\":\"apuntesdesanluis.com\",\"@id\":\"https:\/\/apuntesdesanluis.com\/#\/schema\/person\/b55151d52296fcce64d1a72538a70b90\"},\"headline\":\"ASUME HOY GUSTAVO BERTOLINI COMO MINISTRO DE DESARROLLO HUMANO\",\"datePublished\":\"2024-05-14T02:24:53+00:00\",\"dateModified\":\"2024-05-14T14:33:44+00:00\",\"mainEntityOfPage\":{\"@id\":\"https:\/\/apuntesdesanluis.com\/index.php\/2024\/05\/13\/asume-hoy-gustavo-bertolini-como-ministro-de-desarrollo-humano\/\"},\"wordCount\":218,\"publisher\":{\"@id\":\"https:\/\/apuntesdesanluis.com\/#\/schema\/person\/b55151d52296fcce64d1a72538a70b90\"},\"image\":{\"@id\":\"https:\/\/apuntesdesanluis.com\/index.php\/2024\/05\/13\/asume-hoy-gustavo-bertolini-como-ministro-de-desarrollo-humano\/#primaryimage\"},\"thumbnailUrl\":\"https:\/\/apuntesdesanluis.com\/wp-content\/uploads\/2024\/05\/bertolini.png\",\"articleSection\":[\"Ciudad\/Provincia\"],\"inLanguage\":\"es-AR\"},{\"@type\":\"WebPage\",\"@id\":\"https:\/\/apuntesdesanluis.com\/index.php\/2024\/05\/13\/asume-hoy-gustavo-bertolini-como-ministro-de-desarrollo-humano\/\",\"url\":\"https:\/\/apuntesdesanluis.com\/index.php\/2024\/05\/13\/asume-hoy-gustavo-bertolini-como-ministro-de-desarrollo-humano\/\",\"name\":\"ASUME HOY GUSTAVO BERTOLINI COMO MINISTRO DE DESARROLLO HUMANO - Apuntes de San Luis\",\"isPartOf\":{\"@id\":\"https:\/\/apuntesdesanluis.com\/#website\"},\"primaryImageOfPage\":{\"@id\":\"https:\/\/apuntesdesanluis.com\/index.php\/2024\/05\/13\/asume-hoy-gustavo-bertolini-como-ministro-de-desarrollo-humano\/#primaryimage\"},\"image\":{\"@id\":\"https:\/\/apuntesdesanluis.com\/index.php\/2024\/05\/13\/asume-hoy-gustavo-bertolini-como-ministro-de-desarrollo-humano\/#primaryimage\"},\"thumbnailUrl\":\"https:\/\/apuntesdesanluis.com\/wp-content\/uploads\/2024\/05\/bertolini.png\",\"datePublished\":\"2024-05-14T02:24:53+00:00\",\"dateModified\":\"2024-05-14T14:33:44+00:00\",\"breadcrumb\":{\"@id\":\"https:\/\/apuntesdesanluis.com\/index.php\/2024\/05\/13\/asume-hoy-gustavo-bertolini-como-ministro-de-desarrollo-humano\/#breadcrumb\"},\"inLanguage\":\"es-AR\",\"potentialAction\":[{\"@type\":\"ReadAction\",\"target\":[\"https:\/\/apuntesdesanluis.com\/index.php\/2024\/05\/13\/asume-hoy-gustavo-bertolini-como-ministro-de-desarrollo-humano\/\"]}]},{\"@type\":\"ImageObject\",\"inLanguage\":\"es-AR\",\"@id\":\"https:\/\/apuntesdesanluis.com\/index.php\/2024\/05\/13\/asume-hoy-gustavo-bertolini-como-ministro-de-desarrollo-humano\/#primaryimage\",\"url\":\"https:\/\/apuntesdesanluis.com\/wp-content\/uploads\/2024\/05\/bertolini.png\",\"contentUrl\":\"https:\/\/apuntesdesanluis.com\/wp-content\/uploads\/2024\/05\/bertolini.png\",\"width\":600,\"height\":317},{\"@type\":\"BreadcrumbList\",\"@id\":\"https:\/\/apuntesdesanluis.com\/index.php\/2024\/05\/13\/asume-hoy-gustavo-bertolini-como-ministro-de-desarrollo-humano\/#breadcrumb\",\"itemListElement\":[{\"@type\":\"ListItem\",\"position\":1,\"name\":\"Inicio\",\"item\":\"https:\/\/apuntesdesanluis.com\/\"},{\"@type\":\"ListItem\",\"position\":2,\"name\":\"ASUME HOY GUSTAVO BERTOLINI COMO MINISTRO DE DESARROLLO HUMANO\"}]},{\"@type\":\"WebSite\",\"@id\":\"https:\/\/apuntesdesanluis.com\/#website\",\"url\":\"https:\/\/apuntesdesanluis.com\/\",\"name\":\"Apuntes de San Luis\",\"description\":\"\",\"publisher\":{\"@id\":\"https:\/\/apuntesdesanluis.com\/#\/schema\/person\/b55151d52296fcce64d1a72538a70b90\"},\"potentialAction\":[{\"@type\":\"SearchAction\",\"target\":{\"@type\":\"EntryPoint\",\"urlTemplate\":\"https:\/\/apuntesdesanluis.com\/?s={search_term_string}\"},\"query-input\":{\"@type\":\"PropertyValueSpecification\",\"valueRequired\":true,\"valueName\":\"search_term_string\"}}],\"inLanguage\":\"es-AR\"},{\"@type\":[\"Person\",\"Organization\"],\"@id\":\"https:\/\/apuntesdesanluis.com\/#\/schema\/person\/b55151d52296fcce64d1a72538a70b90\",\"name\":\"apuntesdesanluis.com\",\"image\":{\"@type\":\"ImageObject\",\"inLanguage\":\"es-AR\",\"@id\":\"https:\/\/apuntesdesanluis.com\/#\/schema\/person\/image\/\",\"url\":\"https:\/\/apuntesdesanluis.com\/wp-content\/uploads\/2023\/07\/cropped-apuntesdesanluis.png\",\"contentUrl\":\"https:\/\/apuntesdesanluis.com\/wp-content\/uploads\/2023\/07\/cropped-apuntesdesanluis.png\",\"width\":450,\"height\":112,\"caption\":\"apuntesdesanluis.com\"},\"logo\":{\"@id\":\"https:\/\/apuntesdesanluis.com\/#\/schema\/person\/image\/\"},\"sameAs\":[\"https:\/\/apuntesdesanluis.com\"],\"url\":\"https:\/\/apuntesdesanluis.com\/index.php\/author\/apuntesdesanluis-com\/\"}]}<\/script>\n<!-- \/ Yoast SEO plugin. -->","yoast_head_json":{"title":"ASUME HOY GUSTAVO BERTOLINI COMO MINISTRO DE DESARROLLO HUMANO - Apuntes de San Luis","robots":{"index":"index","follow":"follow","max-snippet":"max-snippet:-1","max-image-preview":"max-image-preview:large","max-video-preview":"max-video-preview:-1"},"canonical":"https:\/\/apuntesdesanluis.com\/index.php\/2024\/05\/13\/asume-hoy-gustavo-bertolini-como-ministro-de-desarrollo-humano\/","og_locale":"es_ES","og_type":"article","og_title":"ASUME HOY GUSTAVO BERTOLINI COMO MINISTRO DE DESARROLLO HUMANO - Apuntes de San Luis","og_description":"El gobernador de la provincia Claudio Poggi, le tomar\u00e1 juramento a Gustavo Bertolini, quien asumir\u00e1...","og_url":"https:\/\/apuntesdesanluis.com\/index.php\/2024\/05\/13\/asume-hoy-gustavo-bertolini-como-ministro-de-desarrollo-humano\/","og_site_name":"Apuntes de San Luis","article_published_time":"2024-05-14T02:24:53+00:00","article_modified_time":"2024-05-14T14:33:44+00:00","og_image":[{"width":600,"height":317,"url":"https:\/\/apuntesdesanluis.com\/wp-content\/uploads\/2024\/05\/bertolini.png","type":"image\/png"}],"author":"apuntesdesanluis.com","twitter_card":"summary_large_image","twitter_misc":{"Escrito por":"apuntesdesanluis.com","Tiempo de lectura":"2 minutos"},"schema":{"@context":"https:\/\/schema.org","@graph":[{"@type":"Article","@id":"https:\/\/apuntesdesanluis.com\/index.php\/2024\/05\/13\/asume-hoy-gustavo-bertolini-como-ministro-de-desarrollo-humano\/#article","isPartOf":{"@id":"https:\/\/apuntesdesanluis.com\/index.php\/2024\/05\/13\/asume-hoy-gustavo-bertolini-como-ministro-de-desarrollo-humano\/"},"author":{"name":"apuntesdesanluis.com","@id":"https:\/\/apuntesdesanluis.com\/#\/schema\/person\/b55151d52296fcce64d1a72538a70b90"},"headline":"ASUME HOY GUSTAVO BERTOLINI COMO MINISTRO DE DESARROLLO HUMANO","datePublished":"2024-05-14T02:24:53+00:00","dateModified":"2024-05-14T14:33:44+00:00","mainEntityOfPage":{"@id":"https:\/\/apuntesdesanluis.com\/index.php\/2024\/05\/13\/asume-hoy-gustavo-bertolini-como-ministro-de-desarrollo-humano\/"},"wordCount":218,"publisher":{"@id":"https:\/\/apuntesdesanluis.com\/#\/schema\/person\/b55151d52296fcce64d1a72538a70b90"},"image":{"@id":"https:\/\/apuntesdesanluis.com\/index.php\/2024\/05\/13\/asume-hoy-gustavo-bertolini-como-ministro-de-desarrollo-humano\/#primaryimage"},"thumbnailUrl":"https:\/\/apuntesdesanluis.com\/wp-content\/uploads\/2024\/05\/bertolini.png","articleSection":["Ciudad\/Provincia"],"inLanguage":"es-AR"},{"@type":"WebPage","@id":"https:\/\/apuntesdesanluis.com\/index.php\/2024\/05\/13\/asume-hoy-gustavo-bertolini-como-ministro-de-desarrollo-humano\/","url":"https:\/\/apuntesdesanluis.com\/index.php\/2024\/05\/13\/asume-hoy-gustavo-bertolini-como-ministro-de-desarrollo-humano\/","name":"ASUME HOY GUSTAVO BERTOLINI COMO MINISTRO DE DESARROLLO HUMANO - Apuntes de San Luis","isPartOf":{"@id":"https:\/\/apuntesdesanluis.com\/#website"},"primaryImageOfPage":{"@id":"https:\/\/apuntesdesanluis.com\/index.php\/2024\/05\/13\/asume-hoy-gustavo-bertolini-como-ministro-de-desarrollo-humano\/#primaryimage"},"image":{"@id":"https:\/\/apuntesdesanluis.com\/index.php\/2024\/05\/13\/asume-hoy-gustavo-bertolini-como-ministro-de-desarrollo-humano\/#primaryimage"},"thumbnailUrl":"https:\/\/apuntesdesanluis.com\/wp-content\/uploads\/2024\/05\/bertolini.png","datePublished":"2024-05-14T02:24:53+00:00","dateModified":"2024-05-14T14:33:44+00:00","breadcrumb":{"@id":"https:\/\/apuntesdesanluis.com\/index.php\/2024\/05\/13\/asume-hoy-gustavo-bertolini-como-ministro-de-desarrollo-humano\/#breadcrumb"},"inLanguage":"es-AR","potentialAction":[{"@type":"ReadAction","target":["https:\/\/apuntesdesanluis.com\/index.php\/2024\/05\/13\/asume-hoy-gustavo-bertolini-como-ministro-de-desarrollo-humano\/"]}]},{"@type":"ImageObject","inLanguage":"es-AR","@id":"https:\/\/apuntesdesanluis.com\/index.php\/2024\/05\/13\/asume-hoy-gustavo-bertolini-como-ministro-de-desarrollo-humano\/#primaryimage","url":"https:\/\/apuntesdesanluis.com\/wp-content\/uploads\/2024\/05\/bertolini.png","contentUrl":"https:\/\/apuntesdesanluis.com\/wp-content\/uploads\/2024\/05\/bertolini.png","width":600,"height":317},{"@type":"BreadcrumbList","@id":"https:\/\/apuntesdesanluis.com\/index.php\/2024\/05\/13\/asume-hoy-gustavo-bertolini-como-ministro-de-desarrollo-humano\/#breadcrumb","itemListElement":[{"@type":"ListItem","position":1,"name":"Inicio","item":"https:\/\/apuntesdesanluis.com\/"},{"@type":"ListItem","position":2,"name":"ASUME HOY GUSTAVO BERTOLINI COMO MINISTRO DE DESARROLLO HUMANO"}]},{"@type":"WebSite","@id":"https:\/\/apuntesdesanluis.com\/#website","url":"https:\/\/apuntesdesanluis.com\/","name":"Apuntes de San Luis","description":"","publisher":{"@id":"https:\/\/apuntesdesanluis.com\/#\/schema\/person\/b55151d52296fcce64d1a72538a70b90"},"potentialAction":[{"@type":"SearchAction","target":{"@type":"EntryPoint","urlTemplate":"https:\/\/apuntesdesanluis.com\/?s={search_term_string}"},"query-input":{"@type":"PropertyValueSpecification","valueRequired":true,"valueName":"search_term_string"}}],"inLanguage":"es-AR"},{"@type":["Person","Organization"],"@id":"https:\/\/apuntesdesanluis.com\/#\/schema\/person\/b55151d52296fcce64d1a72538a70b90","name":"apuntesdesanluis.com","image":{"@type":"ImageObject","inLanguage":"es-AR","@id":"https:\/\/apuntesdesanluis.com\/#\/schema\/person\/image\/","url":"https:\/\/apuntesdesanluis.com\/wp-content\/uploads\/2023\/07\/cropped-apuntesdesanluis.png","contentUrl":"https:\/\/apuntesdesanluis.com\/wp-content\/uploads\/2023\/07\/cropped-apuntesdesanluis.png","width":450,"height":112,"caption":"apuntesdesanluis.com"},"logo":{"@id":"https:\/\/apuntesdesanluis.com\/#\/schema\/person\/image\/"},"sameAs":["https:\/\/apuntesdesanluis.com"],"url":"https:\/\/apuntesdesanluis.com\/index.php\/author\/apuntesdesanluis-com\/"}]}},"featured_image_urls":{"full":["https:\/\/apuntesdesanluis.com\/wp-content\/uploads\/2024\/05\/bertolini.png",600,317,false],"thumbnail":["https:\/\/apuntesdesanluis.com\/wp-content\/uploads\/2024\/05\/bertolini-150x150.png",150,150,true],"medium":["https:\/\/apuntesdesanluis.com\/wp-content\/uploads\/2024\/05\/bertolini-300x159.png",300,159,true],"medium_large":["https:\/\/apuntesdesanluis.com\/wp-content\/uploads\/2024\/05\/bertolini.png",600,317,false],"large":["https:\/\/apuntesdesanluis.com\/wp-content\/uploads\/2024\/05\/bertolini.png",600,317,false],"1536x1536":["https:\/\/apuntesdesanluis.com\/wp-content\/uploads\/2024\/05\/bertolini.png",600,317,false],"2048x2048":["https:\/\/apuntesdesanluis.com\/wp-content\/uploads\/2024\/05\/bertolini.png",600,317,false],"newsever-slider-full":["https:\/\/apuntesdesanluis.com\/wp-content\/uploads\/2024\/05\/bertolini.png",600,317,false],"newsever-featured":["https:\/\/apuntesdesanluis.com\/wp-content\/uploads\/2024\/05\/bertolini.png",600,317,false],"newsever-medium":["https:\/\/apuntesdesanluis.com\/wp-content\/uploads\/2024\/05\/bertolini.png",600,317,false]},"author_info":{"display_name":"apuntesdesanluis.com","author_link":"https:\/\/apuntesdesanluis.com\/index.php\/author\/apuntesdesanluis-com\/"},"category_info":"<a href=\"https:\/\/apuntesdesanluis.com\/index.php\/category\/ciudad-provincia\/\" rel=\"category tag\">Ciudad\/Provincia<\/a>","tag_info":"Ciudad\/Provincia","comment_count":"0","_links":{"self":[{"href":"https:\/\/apuntesdesanluis.com\/index.php\/wp-json\/wp\/v2\/posts\/16122","targetHints":{"allow":["GET"]}}],"collection":[{"href":"https:\/\/apuntesdesanluis.com\/index.php\/wp-json\/wp\/v2\/posts"}],"about":[{"href":"https:\/\/apuntesdesanluis.com\/index.php\/wp-json\/wp\/v2\/types\/post"}],"author":[{"embeddable":true,"href":"https:\/\/apuntesdesanluis.com\/index.php\/wp-json\/wp\/v2\/users\/1"}],"replies":[{"embeddable":true,"href":"https:\/\/apuntesdesanluis.com\/index.php\/wp-json\/wp\/v2\/comments?post=16122"}],"version-history":[{"count":3,"href":"https:\/\/apuntesdesanluis.com\/index.php\/wp-json\/wp\/v2\/posts\/16122\/revisions"}],"predecessor-version":[{"id":16126,"href":"https:\/\/apuntesdesanluis.com\/index.php\/wp-json\/wp\/v2\/posts\/16122\/revisions\/16126"}],"wp:featuredmedia":[{"embeddable":true,"href":"https:\/\/apuntesdesanluis.com\/index.php\/wp-json\/wp\/v2\/media\/16123"}],"wp:attachment":[{"href":"https:\/\/apuntesdesanluis.com\/index.php\/wp-json\/wp\/v2\/media?parent=16122"}],"wp:term":[{"taxonomy":"category","embeddable":true,"href":"https:\/\/apuntesdesanluis.com\/index.php\/wp-json\/wp\/v2\/categories?post=16122"},{"taxonomy":"post_tag","embeddable":true,"href":"https:\/\/apuntesdesanluis.com\/index.php\/wp-json\/wp\/v2\/tags?post=16122"}],"curies":[{"name":"wp","href":"https:\/\/api.w.org\/{rel}","templated":true}]}}