{"id":16131,"date":"2024-05-14T14:14:58","date_gmt":"2024-05-14T17:14:58","guid":{"rendered":"https:\/\/apuntesdesanluis.com\/?p=16131"},"modified":"2024-05-14T14:14:58","modified_gmt":"2024-05-14T17:14:58","slug":"investigan-a-un-hombre-que-apunalo-al-perro-de-su-vecino-en-merlo","status":"publish","type":"post","link":"https:\/\/apuntesdesanluis.com\/index.php\/2024\/05\/14\/investigan-a-un-hombre-que-apunalo-al-perro-de-su-vecino-en-merlo\/","title":{"rendered":"INVESTIGAN A UN HOMBRE QUE APU\u00d1AL\u00d3 AL PERRO DE SU VECINO EN MERLO"},"content":{"rendered":"<h3>La fiscal\u00eda formaliz\u00f3 la apertura de la investigaci\u00f3n penal preparatoria en contra de <strong>R.J.N.<\/strong> por los delitos de da\u00f1os y maltrato animal.<\/h3>\n<h3>El Juez de Garant\u00eda de la Tercera Circunscripci\u00f3n Judicial, Jorge Osvaldo Pinto, tuvo por formulados los cargos en contra de R.N.J., un hombre con domicilio en la Villa de Merlo imputado por maltrato animal.<\/h3>\n<h3>El hecho que se investiga, tuvo lugar el 8 de septiembre de 2023 en Cerro de Oro, cuando se produjo una pelea entre el perro de R.J.N. con el perro de su vecino.<\/h3>\n<h3>\u201cAnte esta situaci\u00f3n, el imputado en vez de intentar separar a los canes, procede de manera fr\u00eda y sangrienta a propinar pu\u00f1aladas contra el perro del denunciante con un cuchillo de mano. Luego de este acto aberrante, limpi\u00f3 el cuchillo y lo guard\u00f3 entre sus ropas\u201d, detall\u00f3 la representante del Ministerio P\u00fablico Fiscal, Dra. Silvina Arg\u00fcello.<\/h3>\n<h3>El due\u00f1o del animal se encontraba en la casa de una vecina y fue testigo de lo ocurrido. Sin embargo, nada pudo hacer para salvarle la vida a su mascota.<\/h3>\n<h3>R.N.J. se encerr\u00f3 en su vivienda y posteriormente sali\u00f3 del lugar a bordo de un taxi.<\/h3>\n<h3>El can fue revisado por una m\u00e9dica veterinaria, quien constat\u00f3 las lesiones. Ten\u00eda dos heridas rectas y longitudinales en el abdomen, una de ellas de gran profundidad, llegando al interior del mismo. Y otra a la altura de la cabeza, trat\u00e1ndose de una herida corto punzante superficial.<\/h3>\n<h3>En virtud de la evidencia reunida, la fiscal formaliz\u00f3 la apertura de la investigaci\u00f3n penal preparatoria en contra de R.N.J. como presunto autor del delito de da\u00f1os (Art\u00edculo 183 del C\u00f3digo Penal argentino) en concurso ideal con el delito de maltrato animal, conforme los art\u00edculos 1 y 3 inciso 7 de la Ley 14.346 que, en su parte pertinente, establece:<\/h3>\n<h3>ARTICULO 1\u00ba: \u201cSer\u00e1 reprimido con prisi\u00f3n de quince d\u00edas a un a\u00f1o, el que infligiere malos tratos o hiciere v\u00edctima de actos de crueldad a los animales\u201d. (\u2026)<\/h3>\n<h3>ARTICULO 3\u00ba: \u201cSer\u00e1n considerados actos de crueldad:<\/h3>\n<h3>7\u00b0 Lastimar y arrollar animales intencionalmente, causarles torturas o sufrimientos innecesarios o matarlos por s\u00f3lo esp\u00edritu de perversidad\u201d.<\/h3>\n<h3>Finalmente, peticion\u00f3 un t\u00e9rmino de 60 d\u00edas para culminar la etapa investigativa.<\/h3>\n<h3>En representaci\u00f3n del imputado, intervino la Defensora Oficial Adjunta en lo Penal, Dra. Mirtha Moreno, quien se opuso a la calificaci\u00f3n basada en la Ley de Maltrato Animal, al considerar que el inciso 7 requiere para su configuraci\u00f3n que los actos hayan sido cometidos \u201cpor el solo hecho de perversidad\u201d. En virtud de ello, solicit\u00f3 que no se tuvieran por formulados los cargos, y que se fije un plazo de investigaci\u00f3n de 120 d\u00edas para que su defendido pueda designar a un abogado particular que lo represente a lo largo de la tramitaci\u00f3n de la causa.<\/h3>\n<h3>Luego de escuchar a las partes, el magistrado interviniente resolvi\u00f3 hacer lugar a la formulaci\u00f3n de cargos en contra de R.N.J. y conceder los 120 d\u00edas requeridos por la defensa, tiempo en el cual, la fiscal\u00eda deber\u00e1 terminar de reunir la evidencia necesaria para definir la situaci\u00f3n procesal del imputado.<\/h3>\n<p>&nbsp;<\/p>\n<p>&nbsp;<\/p>\n<p>&nbsp;<\/p>\n<h3><\/h3>\n<h3><\/h3>\n<h3><\/h3>\n","protected":false},"excerpt":{"rendered":"<p>La fiscal\u00eda formaliz\u00f3 la apertura de la investigaci\u00f3n penal preparatoria en contra de R.J.N. por&#8230;<\/p>\n","protected":false},"author":1,"featured_media":16132,"comment_status":"closed","ping_status":"closed","sticky":false,"template":"","format":"standard","meta":{"footnotes":""},"categories":[6],"tags":[],"class_list":["post-16131","post","type-post","status-publish","format-standard","has-post-thumbnail","hentry","category-ciudad-provincia"],"yoast_head":"<!-- This site is optimized with the Yoast SEO plugin v26.1.1 - https:\/\/yoast.com\/wordpress\/plugins\/seo\/ -->\n<title>INVESTIGAN A UN HOMBRE QUE APU\u00d1AL\u00d3 AL PERRO DE SU VECINO EN MERLO - Apuntes de San Luis<\/title>\n<meta name=\"robots\" content=\"index, follow, max-snippet:-1, max-image-preview:large, max-video-preview:-1\" \/>\n<link rel=\"canonical\" href=\"https:\/\/apuntesdesanluis.com\/index.php\/2024\/05\/14\/investigan-a-un-hombre-que-apunalo-al-perro-de-su-vecino-en-merlo\/\" \/>\n<meta property=\"og:locale\" content=\"es_ES\" \/>\n<meta property=\"og:type\" content=\"article\" \/>\n<meta property=\"og:title\" content=\"INVESTIGAN A UN HOMBRE QUE APU\u00d1AL\u00d3 AL PERRO DE SU VECINO EN MERLO - Apuntes de San Luis\" \/>\n<meta property=\"og:description\" content=\"La fiscal\u00eda formaliz\u00f3 la apertura de la investigaci\u00f3n penal preparatoria en contra de R.J.N. por...\" \/>\n<meta property=\"og:url\" content=\"https:\/\/apuntesdesanluis.com\/index.php\/2024\/05\/14\/investigan-a-un-hombre-que-apunalo-al-perro-de-su-vecino-en-merlo\/\" \/>\n<meta property=\"og:site_name\" content=\"Apuntes de San Luis\" \/>\n<meta property=\"article:published_time\" content=\"2024-05-14T17:14:58+00:00\" \/>\n<meta property=\"og:image\" content=\"https:\/\/apuntesdesanluis.com\/wp-content\/uploads\/2024\/05\/AUDIENCIA-3.png\" \/>\n\t<meta property=\"og:image:width\" content=\"600\" \/>\n\t<meta property=\"og:image:height\" content=\"288\" \/>\n\t<meta property=\"og:image:type\" content=\"image\/png\" \/>\n<meta name=\"author\" content=\"apuntesdesanluis.com\" \/>\n<meta name=\"twitter:card\" content=\"summary_large_image\" \/>\n<meta name=\"twitter:label1\" content=\"Escrito por\" \/>\n\t<meta name=\"twitter:data1\" content=\"apuntesdesanluis.com\" \/>\n\t<meta name=\"twitter:label2\" content=\"Tiempo de lectura\" \/>\n\t<meta name=\"twitter:data2\" content=\"3 minutos\" \/>\n<script type=\"application\/ld+json\" class=\"yoast-schema-graph\">{\"@context\":\"https:\/\/schema.org\",\"@graph\":[{\"@type\":\"Article\",\"@id\":\"https:\/\/apuntesdesanluis.com\/index.php\/2024\/05\/14\/investigan-a-un-hombre-que-apunalo-al-perro-de-su-vecino-en-merlo\/#article\",\"isPartOf\":{\"@id\":\"https:\/\/apuntesdesanluis.com\/index.php\/2024\/05\/14\/investigan-a-un-hombre-que-apunalo-al-perro-de-su-vecino-en-merlo\/\"},\"author\":{\"name\":\"apuntesdesanluis.com\",\"@id\":\"https:\/\/apuntesdesanluis.com\/#\/schema\/person\/b55151d52296fcce64d1a72538a70b90\"},\"headline\":\"INVESTIGAN A UN HOMBRE QUE APU\u00d1AL\u00d3 AL PERRO DE SU VECINO EN MERLO\",\"datePublished\":\"2024-05-14T17:14:58+00:00\",\"mainEntityOfPage\":{\"@id\":\"https:\/\/apuntesdesanluis.com\/index.php\/2024\/05\/14\/investigan-a-un-hombre-que-apunalo-al-perro-de-su-vecino-en-merlo\/\"},\"wordCount\":561,\"publisher\":{\"@id\":\"https:\/\/apuntesdesanluis.com\/#\/schema\/person\/b55151d52296fcce64d1a72538a70b90\"},\"image\":{\"@id\":\"https:\/\/apuntesdesanluis.com\/index.php\/2024\/05\/14\/investigan-a-un-hombre-que-apunalo-al-perro-de-su-vecino-en-merlo\/#primaryimage\"},\"thumbnailUrl\":\"https:\/\/apuntesdesanluis.com\/wp-content\/uploads\/2024\/05\/AUDIENCIA-3.png\",\"articleSection\":[\"Ciudad\/Provincia\"],\"inLanguage\":\"es-AR\"},{\"@type\":\"WebPage\",\"@id\":\"https:\/\/apuntesdesanluis.com\/index.php\/2024\/05\/14\/investigan-a-un-hombre-que-apunalo-al-perro-de-su-vecino-en-merlo\/\",\"url\":\"https:\/\/apuntesdesanluis.com\/index.php\/2024\/05\/14\/investigan-a-un-hombre-que-apunalo-al-perro-de-su-vecino-en-merlo\/\",\"name\":\"INVESTIGAN A UN HOMBRE QUE APU\u00d1AL\u00d3 AL PERRO DE SU VECINO EN MERLO - Apuntes de San Luis\",\"isPartOf\":{\"@id\":\"https:\/\/apuntesdesanluis.com\/#website\"},\"primaryImageOfPage\":{\"@id\":\"https:\/\/apuntesdesanluis.com\/index.php\/2024\/05\/14\/investigan-a-un-hombre-que-apunalo-al-perro-de-su-vecino-en-merlo\/#primaryimage\"},\"image\":{\"@id\":\"https:\/\/apuntesdesanluis.com\/index.php\/2024\/05\/14\/investigan-a-un-hombre-que-apunalo-al-perro-de-su-vecino-en-merlo\/#primaryimage\"},\"thumbnailUrl\":\"https:\/\/apuntesdesanluis.com\/wp-content\/uploads\/2024\/05\/AUDIENCIA-3.png\",\"datePublished\":\"2024-05-14T17:14:58+00:00\",\"breadcrumb\":{\"@id\":\"https:\/\/apuntesdesanluis.com\/index.php\/2024\/05\/14\/investigan-a-un-hombre-que-apunalo-al-perro-de-su-vecino-en-merlo\/#breadcrumb\"},\"inLanguage\":\"es-AR\",\"potentialAction\":[{\"@type\":\"ReadAction\",\"target\":[\"https:\/\/apuntesdesanluis.com\/index.php\/2024\/05\/14\/investigan-a-un-hombre-que-apunalo-al-perro-de-su-vecino-en-merlo\/\"]}]},{\"@type\":\"ImageObject\",\"inLanguage\":\"es-AR\",\"@id\":\"https:\/\/apuntesdesanluis.com\/index.php\/2024\/05\/14\/investigan-a-un-hombre-que-apunalo-al-perro-de-su-vecino-en-merlo\/#primaryimage\",\"url\":\"https:\/\/apuntesdesanluis.com\/wp-content\/uploads\/2024\/05\/AUDIENCIA-3.png\",\"contentUrl\":\"https:\/\/apuntesdesanluis.com\/wp-content\/uploads\/2024\/05\/AUDIENCIA-3.png\",\"width\":600,\"height\":288},{\"@type\":\"BreadcrumbList\",\"@id\":\"https:\/\/apuntesdesanluis.com\/index.php\/2024\/05\/14\/investigan-a-un-hombre-que-apunalo-al-perro-de-su-vecino-en-merlo\/#breadcrumb\",\"itemListElement\":[{\"@type\":\"ListItem\",\"position\":1,\"name\":\"Inicio\",\"item\":\"https:\/\/apuntesdesanluis.com\/\"},{\"@type\":\"ListItem\",\"position\":2,\"name\":\"INVESTIGAN A UN HOMBRE QUE APU\u00d1AL\u00d3 AL PERRO DE SU VECINO EN MERLO\"}]},{\"@type\":\"WebSite\",\"@id\":\"https:\/\/apuntesdesanluis.com\/#website\",\"url\":\"https:\/\/apuntesdesanluis.com\/\",\"name\":\"Apuntes de San Luis\",\"description\":\"\",\"publisher\":{\"@id\":\"https:\/\/apuntesdesanluis.com\/#\/schema\/person\/b55151d52296fcce64d1a72538a70b90\"},\"potentialAction\":[{\"@type\":\"SearchAction\",\"target\":{\"@type\":\"EntryPoint\",\"urlTemplate\":\"https:\/\/apuntesdesanluis.com\/?s={search_term_string}\"},\"query-input\":{\"@type\":\"PropertyValueSpecification\",\"valueRequired\":true,\"valueName\":\"search_term_string\"}}],\"inLanguage\":\"es-AR\"},{\"@type\":[\"Person\",\"Organization\"],\"@id\":\"https:\/\/apuntesdesanluis.com\/#\/schema\/person\/b55151d52296fcce64d1a72538a70b90\",\"name\":\"apuntesdesanluis.com\",\"image\":{\"@type\":\"ImageObject\",\"inLanguage\":\"es-AR\",\"@id\":\"https:\/\/apuntesdesanluis.com\/#\/schema\/person\/image\/\",\"url\":\"https:\/\/apuntesdesanluis.com\/wp-content\/uploads\/2023\/07\/cropped-apuntesdesanluis.png\",\"contentUrl\":\"https:\/\/apuntesdesanluis.com\/wp-content\/uploads\/2023\/07\/cropped-apuntesdesanluis.png\",\"width\":450,\"height\":112,\"caption\":\"apuntesdesanluis.com\"},\"logo\":{\"@id\":\"https:\/\/apuntesdesanluis.com\/#\/schema\/person\/image\/\"},\"sameAs\":[\"https:\/\/apuntesdesanluis.com\"],\"url\":\"https:\/\/apuntesdesanluis.com\/index.php\/author\/apuntesdesanluis-com\/\"}]}<\/script>\n<!-- \/ Yoast SEO plugin. -->","yoast_head_json":{"title":"INVESTIGAN A UN HOMBRE QUE APU\u00d1AL\u00d3 AL PERRO DE SU VECINO EN MERLO - Apuntes de San Luis","robots":{"index":"index","follow":"follow","max-snippet":"max-snippet:-1","max-image-preview":"max-image-preview:large","max-video-preview":"max-video-preview:-1"},"canonical":"https:\/\/apuntesdesanluis.com\/index.php\/2024\/05\/14\/investigan-a-un-hombre-que-apunalo-al-perro-de-su-vecino-en-merlo\/","og_locale":"es_ES","og_type":"article","og_title":"INVESTIGAN A UN HOMBRE QUE APU\u00d1AL\u00d3 AL PERRO DE SU VECINO EN MERLO - Apuntes de San Luis","og_description":"La fiscal\u00eda formaliz\u00f3 la apertura de la investigaci\u00f3n penal preparatoria en contra de R.J.N. por...","og_url":"https:\/\/apuntesdesanluis.com\/index.php\/2024\/05\/14\/investigan-a-un-hombre-que-apunalo-al-perro-de-su-vecino-en-merlo\/","og_site_name":"Apuntes de San Luis","article_published_time":"2024-05-14T17:14:58+00:00","og_image":[{"width":600,"height":288,"url":"https:\/\/apuntesdesanluis.com\/wp-content\/uploads\/2024\/05\/AUDIENCIA-3.png","type":"image\/png"}],"author":"apuntesdesanluis.com","twitter_card":"summary_large_image","twitter_misc":{"Escrito por":"apuntesdesanluis.com","Tiempo de lectura":"3 minutos"},"schema":{"@context":"https:\/\/schema.org","@graph":[{"@type":"Article","@id":"https:\/\/apuntesdesanluis.com\/index.php\/2024\/05\/14\/investigan-a-un-hombre-que-apunalo-al-perro-de-su-vecino-en-merlo\/#article","isPartOf":{"@id":"https:\/\/apuntesdesanluis.com\/index.php\/2024\/05\/14\/investigan-a-un-hombre-que-apunalo-al-perro-de-su-vecino-en-merlo\/"},"author":{"name":"apuntesdesanluis.com","@id":"https:\/\/apuntesdesanluis.com\/#\/schema\/person\/b55151d52296fcce64d1a72538a70b90"},"headline":"INVESTIGAN A UN HOMBRE QUE APU\u00d1AL\u00d3 AL PERRO DE SU VECINO EN MERLO","datePublished":"2024-05-14T17:14:58+00:00","mainEntityOfPage":{"@id":"https:\/\/apuntesdesanluis.com\/index.php\/2024\/05\/14\/investigan-a-un-hombre-que-apunalo-al-perro-de-su-vecino-en-merlo\/"},"wordCount":561,"publisher":{"@id":"https:\/\/apuntesdesanluis.com\/#\/schema\/person\/b55151d52296fcce64d1a72538a70b90"},"image":{"@id":"https:\/\/apuntesdesanluis.com\/index.php\/2024\/05\/14\/investigan-a-un-hombre-que-apunalo-al-perro-de-su-vecino-en-merlo\/#primaryimage"},"thumbnailUrl":"https:\/\/apuntesdesanluis.com\/wp-content\/uploads\/2024\/05\/AUDIENCIA-3.png","articleSection":["Ciudad\/Provincia"],"inLanguage":"es-AR"},{"@type":"WebPage","@id":"https:\/\/apuntesdesanluis.com\/index.php\/2024\/05\/14\/investigan-a-un-hombre-que-apunalo-al-perro-de-su-vecino-en-merlo\/","url":"https:\/\/apuntesdesanluis.com\/index.php\/2024\/05\/14\/investigan-a-un-hombre-que-apunalo-al-perro-de-su-vecino-en-merlo\/","name":"INVESTIGAN A UN HOMBRE QUE APU\u00d1AL\u00d3 AL PERRO DE SU VECINO EN MERLO - Apuntes de San Luis","isPartOf":{"@id":"https:\/\/apuntesdesanluis.com\/#website"},"primaryImageOfPage":{"@id":"https:\/\/apuntesdesanluis.com\/index.php\/2024\/05\/14\/investigan-a-un-hombre-que-apunalo-al-perro-de-su-vecino-en-merlo\/#primaryimage"},"image":{"@id":"https:\/\/apuntesdesanluis.com\/index.php\/2024\/05\/14\/investigan-a-un-hombre-que-apunalo-al-perro-de-su-vecino-en-merlo\/#primaryimage"},"thumbnailUrl":"https:\/\/apuntesdesanluis.com\/wp-content\/uploads\/2024\/05\/AUDIENCIA-3.png","datePublished":"2024-05-14T17:14:58+00:00","breadcrumb":{"@id":"https:\/\/apuntesdesanluis.com\/index.php\/2024\/05\/14\/investigan-a-un-hombre-que-apunalo-al-perro-de-su-vecino-en-merlo\/#breadcrumb"},"inLanguage":"es-AR","potentialAction":[{"@type":"ReadAction","target":["https:\/\/apuntesdesanluis.com\/index.php\/2024\/05\/14\/investigan-a-un-hombre-que-apunalo-al-perro-de-su-vecino-en-merlo\/"]}]},{"@type":"ImageObject","inLanguage":"es-AR","@id":"https:\/\/apuntesdesanluis.com\/index.php\/2024\/05\/14\/investigan-a-un-hombre-que-apunalo-al-perro-de-su-vecino-en-merlo\/#primaryimage","url":"https:\/\/apuntesdesanluis.com\/wp-content\/uploads\/2024\/05\/AUDIENCIA-3.png","contentUrl":"https:\/\/apuntesdesanluis.com\/wp-content\/uploads\/2024\/05\/AUDIENCIA-3.png","width":600,"height":288},{"@type":"BreadcrumbList","@id":"https:\/\/apuntesdesanluis.com\/index.php\/2024\/05\/14\/investigan-a-un-hombre-que-apunalo-al-perro-de-su-vecino-en-merlo\/#breadcrumb","itemListElement":[{"@type":"ListItem","position":1,"name":"Inicio","item":"https:\/\/apuntesdesanluis.com\/"},{"@type":"ListItem","position":2,"name":"INVESTIGAN A UN HOMBRE QUE APU\u00d1AL\u00d3 AL PERRO DE SU VECINO EN MERLO"}]},{"@type":"WebSite","@id":"https:\/\/apuntesdesanluis.com\/#website","url":"https:\/\/apuntesdesanluis.com\/","name":"Apuntes de San Luis","description":"","publisher":{"@id":"https:\/\/apuntesdesanluis.com\/#\/schema\/person\/b55151d52296fcce64d1a72538a70b90"},"potentialAction":[{"@type":"SearchAction","target":{"@type":"EntryPoint","urlTemplate":"https:\/\/apuntesdesanluis.com\/?s={search_term_string}"},"query-input":{"@type":"PropertyValueSpecification","valueRequired":true,"valueName":"search_term_string"}}],"inLanguage":"es-AR"},{"@type":["Person","Organization"],"@id":"https:\/\/apuntesdesanluis.com\/#\/schema\/person\/b55151d52296fcce64d1a72538a70b90","name":"apuntesdesanluis.com","image":{"@type":"ImageObject","inLanguage":"es-AR","@id":"https:\/\/apuntesdesanluis.com\/#\/schema\/person\/image\/","url":"https:\/\/apuntesdesanluis.com\/wp-content\/uploads\/2023\/07\/cropped-apuntesdesanluis.png","contentUrl":"https:\/\/apuntesdesanluis.com\/wp-content\/uploads\/2023\/07\/cropped-apuntesdesanluis.png","width":450,"height":112,"caption":"apuntesdesanluis.com"},"logo":{"@id":"https:\/\/apuntesdesanluis.com\/#\/schema\/person\/image\/"},"sameAs":["https:\/\/apuntesdesanluis.com"],"url":"https:\/\/apuntesdesanluis.com\/index.php\/author\/apuntesdesanluis-com\/"}]}},"featured_image_urls":{"full":["https:\/\/apuntesdesanluis.com\/wp-content\/uploads\/2024\/05\/AUDIENCIA-3.png",600,288,false],"thumbnail":["https:\/\/apuntesdesanluis.com\/wp-content\/uploads\/2024\/05\/AUDIENCIA-3-150x150.png",150,150,true],"medium":["https:\/\/apuntesdesanluis.com\/wp-content\/uploads\/2024\/05\/AUDIENCIA-3-300x144.png",300,144,true],"medium_large":["https:\/\/apuntesdesanluis.com\/wp-content\/uploads\/2024\/05\/AUDIENCIA-3.png",600,288,false],"large":["https:\/\/apuntesdesanluis.com\/wp-content\/uploads\/2024\/05\/AUDIENCIA-3.png",600,288,false],"1536x1536":["https:\/\/apuntesdesanluis.com\/wp-content\/uploads\/2024\/05\/AUDIENCIA-3.png",600,288,false],"2048x2048":["https:\/\/apuntesdesanluis.com\/wp-content\/uploads\/2024\/05\/AUDIENCIA-3.png",600,288,false],"newsever-slider-full":["https:\/\/apuntesdesanluis.com\/wp-content\/uploads\/2024\/05\/AUDIENCIA-3.png",600,288,false],"newsever-featured":["https:\/\/apuntesdesanluis.com\/wp-content\/uploads\/2024\/05\/AUDIENCIA-3.png",600,288,false],"newsever-medium":["https:\/\/apuntesdesanluis.com\/wp-content\/uploads\/2024\/05\/AUDIENCIA-3.png",600,288,false]},"author_info":{"display_name":"apuntesdesanluis.com","author_link":"https:\/\/apuntesdesanluis.com\/index.php\/author\/apuntesdesanluis-com\/"},"category_info":"<a href=\"https:\/\/apuntesdesanluis.com\/index.php\/category\/ciudad-provincia\/\" rel=\"category tag\">Ciudad\/Provincia<\/a>","tag_info":"Ciudad\/Provincia","comment_count":"0","_links":{"self":[{"href":"https:\/\/apuntesdesanluis.com\/index.php\/wp-json\/wp\/v2\/posts\/16131","targetHints":{"allow":["GET"]}}],"collection":[{"href":"https:\/\/apuntesdesanluis.com\/index.php\/wp-json\/wp\/v2\/posts"}],"about":[{"href":"https:\/\/apuntesdesanluis.com\/index.php\/wp-json\/wp\/v2\/types\/post"}],"author":[{"embeddable":true,"href":"https:\/\/apuntesdesanluis.com\/index.php\/wp-json\/wp\/v2\/users\/1"}],"replies":[{"embeddable":true,"href":"https:\/\/apuntesdesanluis.com\/index.php\/wp-json\/wp\/v2\/comments?post=16131"}],"version-history":[{"count":1,"href":"https:\/\/apuntesdesanluis.com\/index.php\/wp-json\/wp\/v2\/posts\/16131\/revisions"}],"predecessor-version":[{"id":16133,"href":"https:\/\/apuntesdesanluis.com\/index.php\/wp-json\/wp\/v2\/posts\/16131\/revisions\/16133"}],"wp:featuredmedia":[{"embeddable":true,"href":"https:\/\/apuntesdesanluis.com\/index.php\/wp-json\/wp\/v2\/media\/16132"}],"wp:attachment":[{"href":"https:\/\/apuntesdesanluis.com\/index.php\/wp-json\/wp\/v2\/media?parent=16131"}],"wp:term":[{"taxonomy":"category","embeddable":true,"href":"https:\/\/apuntesdesanluis.com\/index.php\/wp-json\/wp\/v2\/categories?post=16131"},{"taxonomy":"post_tag","embeddable":true,"href":"https:\/\/apuntesdesanluis.com\/index.php\/wp-json\/wp\/v2\/tags?post=16131"}],"curies":[{"name":"wp","href":"https:\/\/api.w.org\/{rel}","templated":true}]}}