{"id":16134,"date":"2024-05-14T14:52:33","date_gmt":"2024-05-14T17:52:33","guid":{"rendered":"https:\/\/apuntesdesanluis.com\/?p=16134"},"modified":"2024-05-14T14:52:33","modified_gmt":"2024-05-14T17:52:33","slug":"incendio-bo-la-ribera-declararon-culpable-a-la-mama-y-este-miercoles-se-conocera-la-condena","status":"publish","type":"post","link":"https:\/\/apuntesdesanluis.com\/index.php\/2024\/05\/14\/incendio-bo-la-ribera-declararon-culpable-a-la-mama-y-este-miercoles-se-conocera-la-condena\/","title":{"rendered":"INCENDIO B\u00ba LA RIBERA: DECLARARON CULPABLE A LA MAM\u00c1 Y ESTE MI\u00c9RCOLES SE CONOCER\u00c1 LA CONDENA"},"content":{"rendered":"<h3><strong>Sonia Lara<\/strong> fue declarada autora penalmente responsable del delito de homicidio calificado por el v\u00ednculo y por alevos\u00eda.\u00a0 La audiencia de cesura se desarrollar\u00e1 este mi\u00e9rcoles a las 12.30 hs.<\/h3>\n<h3>Este martes, tal como estaba previsto, el tribunal integrado por el Dr. Sebasti\u00e1n Cadelago Filippi \u2013 Presidente \u2013; el Dr. Mauro D`agata Henr\u00edquez y la Dra.\u00a0 Virna Eguinoa \u2013 Vocales \u2013 dio a conocer el veredicto de culpabilidad.<\/h3>\n<p><img fetchpriority=\"high\" decoding=\"async\" class=\"wp-image-16136 aligncenter\" src=\"https:\/\/apuntesdesanluis.com\/wp-content\/uploads\/2024\/05\/tribunal-300x161.png\" alt=\"\" width=\"501\" height=\"269\" srcset=\"https:\/\/apuntesdesanluis.com\/wp-content\/uploads\/2024\/05\/tribunal-300x161.png 300w, https:\/\/apuntesdesanluis.com\/wp-content\/uploads\/2024\/05\/tribunal.png 661w\" sizes=\"(max-width: 501px) 100vw, 501px\" \/><\/p>\n<h3>El hecho por el que vino acusada la mujer sucedi\u00f3 el pasado 12 de marzo de 2023 en el Barrio La Ribera donde, producto de un incendio, falleci\u00f3 <strong>Abril Fern\u00e1ndez<\/strong>, de 11 a\u00f1os, quien conviv\u00eda con su mam\u00e1 y seg\u00fan el informe forense, falleci\u00f3 a causa de una broncoaspiraci\u00f3n.<\/h3>\n<h3>Los jueces resolvieron declarar a Sonia Lara como autora penalmente responsable del delito de homicidio calificado por el v\u00ednculo y por alevos\u00eda en perjuicio de Abril Fern\u00e1ndez.<\/h3>\n<p><img decoding=\"async\" class=\"wp-image-16137 aligncenter\" src=\"https:\/\/apuntesdesanluis.com\/wp-content\/uploads\/2024\/05\/GENTE-300x146.png\" alt=\"\" width=\"505\" height=\"246\" srcset=\"https:\/\/apuntesdesanluis.com\/wp-content\/uploads\/2024\/05\/GENTE-300x146.png 300w, https:\/\/apuntesdesanluis.com\/wp-content\/uploads\/2024\/05\/GENTE.png 506w\" sizes=\"(max-width: 505px) 100vw, 505px\" \/><\/p>\n<h3>Luego de la lectura del veredicto, el tribunal inform\u00f3 que la audiencia de cesura de pena se desarrollar\u00e1 ma\u00f1ana mi\u00e9rcoles 15 de mayo a las 12:30 hs.<\/h3>\n<h3>ART\u00cdCULO 184 (C\u00f3digo Procesal Penal) REALIZACI\u00d3N EN DOS FASES. La realizaci\u00f3n del juicio ser\u00e1 dividida en DOS (2) partes. En la primera se tratar\u00e1 todo lo relativo a la existencia del hecho, la participaci\u00f3n criminal, su calificaci\u00f3n legal y si la persona juzgada es culpable o inocente.- Cuando haya veredicto de culpabilidad, en una segunda fase, las partes podr\u00e1n solicitar al Juez o al Tribunal un plazo m\u00e1ximo de CUARENTA Y OCHO (48) horas, luego del veredicto, para valorar las pruebas a fin de fijar la pena y su modalidad de cumplimiento, fij\u00e1ndose una audiencia a tales efectos.-<\/h3>\n<h3 style=\"text-align: center;\">&#8230;&#8230;&#8230;&#8230;&#8230;&#8230;<\/h3>\n<h3>Para obtener m\u00e1s informaci\u00f3n sobre esta causa ingrese al siguiente enlace:<\/h3>\n<h3><span style=\"color: #3366ff;\"><a style=\"color: #3366ff;\" href=\"https:\/\/www.periodicojudicial.gov.ar\/caso-incendio-bo-la-ribera-el-tribunal-recepciono-los-alegatos\/\">https:\/\/www.periodicojudicial.gov.ar\/caso-incendio-bo-la-ribera-el-tribunal-recepciono-los-alegatos\/<\/a><\/span><\/h3>\n<p>&nbsp;<\/p>\n<p>&nbsp;<\/p>\n<p>&nbsp;<\/p>\n","protected":false},"excerpt":{"rendered":"<p>Sonia Lara fue declarada autora penalmente responsable del delito de homicidio calificado por el v\u00ednculo&#8230;<\/p>\n","protected":false},"author":1,"featured_media":16135,"comment_status":"closed","ping_status":"closed","sticky":false,"template":"","format":"standard","meta":{"footnotes":""},"categories":[6],"tags":[],"class_list":["post-16134","post","type-post","status-publish","format-standard","has-post-thumbnail","hentry","category-ciudad-provincia"],"yoast_head":"<!-- This site is optimized with the Yoast SEO plugin v26.1.1 - https:\/\/yoast.com\/wordpress\/plugins\/seo\/ -->\n<title>INCENDIO B\u00ba LA RIBERA: DECLARARON CULPABLE A LA MAM\u00c1 Y ESTE MI\u00c9RCOLES SE CONOCER\u00c1 LA CONDENA - Apuntes de San Luis<\/title>\n<meta name=\"robots\" content=\"index, follow, max-snippet:-1, max-image-preview:large, max-video-preview:-1\" \/>\n<link rel=\"canonical\" href=\"https:\/\/apuntesdesanluis.com\/index.php\/2024\/05\/14\/incendio-bo-la-ribera-declararon-culpable-a-la-mama-y-este-miercoles-se-conocera-la-condena\/\" \/>\n<meta property=\"og:locale\" content=\"es_ES\" \/>\n<meta property=\"og:type\" content=\"article\" \/>\n<meta property=\"og:title\" content=\"INCENDIO B\u00ba LA RIBERA: DECLARARON CULPABLE A LA MAM\u00c1 Y ESTE MI\u00c9RCOLES SE CONOCER\u00c1 LA CONDENA - Apuntes de San Luis\" \/>\n<meta property=\"og:description\" content=\"Sonia Lara fue declarada autora penalmente responsable del delito de homicidio calificado por el v\u00ednculo...\" \/>\n<meta property=\"og:url\" content=\"https:\/\/apuntesdesanluis.com\/index.php\/2024\/05\/14\/incendio-bo-la-ribera-declararon-culpable-a-la-mama-y-este-miercoles-se-conocera-la-condena\/\" \/>\n<meta property=\"og:site_name\" content=\"Apuntes de San Luis\" \/>\n<meta property=\"article:published_time\" content=\"2024-05-14T17:52:33+00:00\" \/>\n<meta property=\"og:image\" content=\"https:\/\/apuntesdesanluis.com\/wp-content\/uploads\/2024\/05\/CASA-INCENDIO.png\" \/>\n\t<meta property=\"og:image:width\" content=\"600\" \/>\n\t<meta property=\"og:image:height\" content=\"349\" \/>\n\t<meta property=\"og:image:type\" content=\"image\/png\" \/>\n<meta name=\"author\" content=\"apuntesdesanluis.com\" \/>\n<meta name=\"twitter:card\" content=\"summary_large_image\" \/>\n<meta name=\"twitter:label1\" content=\"Escrito por\" \/>\n\t<meta name=\"twitter:data1\" content=\"apuntesdesanluis.com\" \/>\n\t<meta name=\"twitter:label2\" content=\"Tiempo de lectura\" \/>\n\t<meta name=\"twitter:data2\" content=\"2 minutos\" \/>\n<script type=\"application\/ld+json\" class=\"yoast-schema-graph\">{\"@context\":\"https:\/\/schema.org\",\"@graph\":[{\"@type\":\"Article\",\"@id\":\"https:\/\/apuntesdesanluis.com\/index.php\/2024\/05\/14\/incendio-bo-la-ribera-declararon-culpable-a-la-mama-y-este-miercoles-se-conocera-la-condena\/#article\",\"isPartOf\":{\"@id\":\"https:\/\/apuntesdesanluis.com\/index.php\/2024\/05\/14\/incendio-bo-la-ribera-declararon-culpable-a-la-mama-y-este-miercoles-se-conocera-la-condena\/\"},\"author\":{\"name\":\"apuntesdesanluis.com\",\"@id\":\"https:\/\/apuntesdesanluis.com\/#\/schema\/person\/b55151d52296fcce64d1a72538a70b90\"},\"headline\":\"INCENDIO B\u00ba LA RIBERA: DECLARARON CULPABLE A LA MAM\u00c1 Y ESTE MI\u00c9RCOLES SE CONOCER\u00c1 LA CONDENA\",\"datePublished\":\"2024-05-14T17:52:33+00:00\",\"mainEntityOfPage\":{\"@id\":\"https:\/\/apuntesdesanluis.com\/index.php\/2024\/05\/14\/incendio-bo-la-ribera-declararon-culpable-a-la-mama-y-este-miercoles-se-conocera-la-condena\/\"},\"wordCount\":322,\"publisher\":{\"@id\":\"https:\/\/apuntesdesanluis.com\/#\/schema\/person\/b55151d52296fcce64d1a72538a70b90\"},\"image\":{\"@id\":\"https:\/\/apuntesdesanluis.com\/index.php\/2024\/05\/14\/incendio-bo-la-ribera-declararon-culpable-a-la-mama-y-este-miercoles-se-conocera-la-condena\/#primaryimage\"},\"thumbnailUrl\":\"https:\/\/apuntesdesanluis.com\/wp-content\/uploads\/2024\/05\/CASA-INCENDIO.png\",\"articleSection\":[\"Ciudad\/Provincia\"],\"inLanguage\":\"es-AR\"},{\"@type\":\"WebPage\",\"@id\":\"https:\/\/apuntesdesanluis.com\/index.php\/2024\/05\/14\/incendio-bo-la-ribera-declararon-culpable-a-la-mama-y-este-miercoles-se-conocera-la-condena\/\",\"url\":\"https:\/\/apuntesdesanluis.com\/index.php\/2024\/05\/14\/incendio-bo-la-ribera-declararon-culpable-a-la-mama-y-este-miercoles-se-conocera-la-condena\/\",\"name\":\"INCENDIO B\u00ba LA RIBERA: DECLARARON CULPABLE A LA MAM\u00c1 Y ESTE MI\u00c9RCOLES SE CONOCER\u00c1 LA CONDENA - Apuntes de San Luis\",\"isPartOf\":{\"@id\":\"https:\/\/apuntesdesanluis.com\/#website\"},\"primaryImageOfPage\":{\"@id\":\"https:\/\/apuntesdesanluis.com\/index.php\/2024\/05\/14\/incendio-bo-la-ribera-declararon-culpable-a-la-mama-y-este-miercoles-se-conocera-la-condena\/#primaryimage\"},\"image\":{\"@id\":\"https:\/\/apuntesdesanluis.com\/index.php\/2024\/05\/14\/incendio-bo-la-ribera-declararon-culpable-a-la-mama-y-este-miercoles-se-conocera-la-condena\/#primaryimage\"},\"thumbnailUrl\":\"https:\/\/apuntesdesanluis.com\/wp-content\/uploads\/2024\/05\/CASA-INCENDIO.png\",\"datePublished\":\"2024-05-14T17:52:33+00:00\",\"breadcrumb\":{\"@id\":\"https:\/\/apuntesdesanluis.com\/index.php\/2024\/05\/14\/incendio-bo-la-ribera-declararon-culpable-a-la-mama-y-este-miercoles-se-conocera-la-condena\/#breadcrumb\"},\"inLanguage\":\"es-AR\",\"potentialAction\":[{\"@type\":\"ReadAction\",\"target\":[\"https:\/\/apuntesdesanluis.com\/index.php\/2024\/05\/14\/incendio-bo-la-ribera-declararon-culpable-a-la-mama-y-este-miercoles-se-conocera-la-condena\/\"]}]},{\"@type\":\"ImageObject\",\"inLanguage\":\"es-AR\",\"@id\":\"https:\/\/apuntesdesanluis.com\/index.php\/2024\/05\/14\/incendio-bo-la-ribera-declararon-culpable-a-la-mama-y-este-miercoles-se-conocera-la-condena\/#primaryimage\",\"url\":\"https:\/\/apuntesdesanluis.com\/wp-content\/uploads\/2024\/05\/CASA-INCENDIO.png\",\"contentUrl\":\"https:\/\/apuntesdesanluis.com\/wp-content\/uploads\/2024\/05\/CASA-INCENDIO.png\",\"width\":600,\"height\":349},{\"@type\":\"BreadcrumbList\",\"@id\":\"https:\/\/apuntesdesanluis.com\/index.php\/2024\/05\/14\/incendio-bo-la-ribera-declararon-culpable-a-la-mama-y-este-miercoles-se-conocera-la-condena\/#breadcrumb\",\"itemListElement\":[{\"@type\":\"ListItem\",\"position\":1,\"name\":\"Inicio\",\"item\":\"https:\/\/apuntesdesanluis.com\/\"},{\"@type\":\"ListItem\",\"position\":2,\"name\":\"INCENDIO B\u00ba LA RIBERA: DECLARARON CULPABLE A LA MAM\u00c1 Y ESTE MI\u00c9RCOLES SE CONOCER\u00c1 LA CONDENA\"}]},{\"@type\":\"WebSite\",\"@id\":\"https:\/\/apuntesdesanluis.com\/#website\",\"url\":\"https:\/\/apuntesdesanluis.com\/\",\"name\":\"Apuntes de San Luis\",\"description\":\"\",\"publisher\":{\"@id\":\"https:\/\/apuntesdesanluis.com\/#\/schema\/person\/b55151d52296fcce64d1a72538a70b90\"},\"potentialAction\":[{\"@type\":\"SearchAction\",\"target\":{\"@type\":\"EntryPoint\",\"urlTemplate\":\"https:\/\/apuntesdesanluis.com\/?s={search_term_string}\"},\"query-input\":{\"@type\":\"PropertyValueSpecification\",\"valueRequired\":true,\"valueName\":\"search_term_string\"}}],\"inLanguage\":\"es-AR\"},{\"@type\":[\"Person\",\"Organization\"],\"@id\":\"https:\/\/apuntesdesanluis.com\/#\/schema\/person\/b55151d52296fcce64d1a72538a70b90\",\"name\":\"apuntesdesanluis.com\",\"image\":{\"@type\":\"ImageObject\",\"inLanguage\":\"es-AR\",\"@id\":\"https:\/\/apuntesdesanluis.com\/#\/schema\/person\/image\/\",\"url\":\"https:\/\/apuntesdesanluis.com\/wp-content\/uploads\/2023\/07\/cropped-apuntesdesanluis.png\",\"contentUrl\":\"https:\/\/apuntesdesanluis.com\/wp-content\/uploads\/2023\/07\/cropped-apuntesdesanluis.png\",\"width\":450,\"height\":112,\"caption\":\"apuntesdesanluis.com\"},\"logo\":{\"@id\":\"https:\/\/apuntesdesanluis.com\/#\/schema\/person\/image\/\"},\"sameAs\":[\"https:\/\/apuntesdesanluis.com\"],\"url\":\"https:\/\/apuntesdesanluis.com\/index.php\/author\/apuntesdesanluis-com\/\"}]}<\/script>\n<!-- \/ Yoast SEO plugin. -->","yoast_head_json":{"title":"INCENDIO B\u00ba LA RIBERA: DECLARARON CULPABLE A LA MAM\u00c1 Y ESTE MI\u00c9RCOLES SE CONOCER\u00c1 LA CONDENA - Apuntes de San Luis","robots":{"index":"index","follow":"follow","max-snippet":"max-snippet:-1","max-image-preview":"max-image-preview:large","max-video-preview":"max-video-preview:-1"},"canonical":"https:\/\/apuntesdesanluis.com\/index.php\/2024\/05\/14\/incendio-bo-la-ribera-declararon-culpable-a-la-mama-y-este-miercoles-se-conocera-la-condena\/","og_locale":"es_ES","og_type":"article","og_title":"INCENDIO B\u00ba LA RIBERA: DECLARARON CULPABLE A LA MAM\u00c1 Y ESTE MI\u00c9RCOLES SE CONOCER\u00c1 LA CONDENA - Apuntes de San Luis","og_description":"Sonia Lara fue declarada autora penalmente responsable del delito de homicidio calificado por el v\u00ednculo...","og_url":"https:\/\/apuntesdesanluis.com\/index.php\/2024\/05\/14\/incendio-bo-la-ribera-declararon-culpable-a-la-mama-y-este-miercoles-se-conocera-la-condena\/","og_site_name":"Apuntes de San Luis","article_published_time":"2024-05-14T17:52:33+00:00","og_image":[{"width":600,"height":349,"url":"https:\/\/apuntesdesanluis.com\/wp-content\/uploads\/2024\/05\/CASA-INCENDIO.png","type":"image\/png"}],"author":"apuntesdesanluis.com","twitter_card":"summary_large_image","twitter_misc":{"Escrito por":"apuntesdesanluis.com","Tiempo de lectura":"2 minutos"},"schema":{"@context":"https:\/\/schema.org","@graph":[{"@type":"Article","@id":"https:\/\/apuntesdesanluis.com\/index.php\/2024\/05\/14\/incendio-bo-la-ribera-declararon-culpable-a-la-mama-y-este-miercoles-se-conocera-la-condena\/#article","isPartOf":{"@id":"https:\/\/apuntesdesanluis.com\/index.php\/2024\/05\/14\/incendio-bo-la-ribera-declararon-culpable-a-la-mama-y-este-miercoles-se-conocera-la-condena\/"},"author":{"name":"apuntesdesanluis.com","@id":"https:\/\/apuntesdesanluis.com\/#\/schema\/person\/b55151d52296fcce64d1a72538a70b90"},"headline":"INCENDIO B\u00ba LA RIBERA: DECLARARON CULPABLE A LA MAM\u00c1 Y ESTE MI\u00c9RCOLES SE CONOCER\u00c1 LA CONDENA","datePublished":"2024-05-14T17:52:33+00:00","mainEntityOfPage":{"@id":"https:\/\/apuntesdesanluis.com\/index.php\/2024\/05\/14\/incendio-bo-la-ribera-declararon-culpable-a-la-mama-y-este-miercoles-se-conocera-la-condena\/"},"wordCount":322,"publisher":{"@id":"https:\/\/apuntesdesanluis.com\/#\/schema\/person\/b55151d52296fcce64d1a72538a70b90"},"image":{"@id":"https:\/\/apuntesdesanluis.com\/index.php\/2024\/05\/14\/incendio-bo-la-ribera-declararon-culpable-a-la-mama-y-este-miercoles-se-conocera-la-condena\/#primaryimage"},"thumbnailUrl":"https:\/\/apuntesdesanluis.com\/wp-content\/uploads\/2024\/05\/CASA-INCENDIO.png","articleSection":["Ciudad\/Provincia"],"inLanguage":"es-AR"},{"@type":"WebPage","@id":"https:\/\/apuntesdesanluis.com\/index.php\/2024\/05\/14\/incendio-bo-la-ribera-declararon-culpable-a-la-mama-y-este-miercoles-se-conocera-la-condena\/","url":"https:\/\/apuntesdesanluis.com\/index.php\/2024\/05\/14\/incendio-bo-la-ribera-declararon-culpable-a-la-mama-y-este-miercoles-se-conocera-la-condena\/","name":"INCENDIO B\u00ba LA RIBERA: DECLARARON CULPABLE A LA MAM\u00c1 Y ESTE MI\u00c9RCOLES SE CONOCER\u00c1 LA CONDENA - Apuntes de San Luis","isPartOf":{"@id":"https:\/\/apuntesdesanluis.com\/#website"},"primaryImageOfPage":{"@id":"https:\/\/apuntesdesanluis.com\/index.php\/2024\/05\/14\/incendio-bo-la-ribera-declararon-culpable-a-la-mama-y-este-miercoles-se-conocera-la-condena\/#primaryimage"},"image":{"@id":"https:\/\/apuntesdesanluis.com\/index.php\/2024\/05\/14\/incendio-bo-la-ribera-declararon-culpable-a-la-mama-y-este-miercoles-se-conocera-la-condena\/#primaryimage"},"thumbnailUrl":"https:\/\/apuntesdesanluis.com\/wp-content\/uploads\/2024\/05\/CASA-INCENDIO.png","datePublished":"2024-05-14T17:52:33+00:00","breadcrumb":{"@id":"https:\/\/apuntesdesanluis.com\/index.php\/2024\/05\/14\/incendio-bo-la-ribera-declararon-culpable-a-la-mama-y-este-miercoles-se-conocera-la-condena\/#breadcrumb"},"inLanguage":"es-AR","potentialAction":[{"@type":"ReadAction","target":["https:\/\/apuntesdesanluis.com\/index.php\/2024\/05\/14\/incendio-bo-la-ribera-declararon-culpable-a-la-mama-y-este-miercoles-se-conocera-la-condena\/"]}]},{"@type":"ImageObject","inLanguage":"es-AR","@id":"https:\/\/apuntesdesanluis.com\/index.php\/2024\/05\/14\/incendio-bo-la-ribera-declararon-culpable-a-la-mama-y-este-miercoles-se-conocera-la-condena\/#primaryimage","url":"https:\/\/apuntesdesanluis.com\/wp-content\/uploads\/2024\/05\/CASA-INCENDIO.png","contentUrl":"https:\/\/apuntesdesanluis.com\/wp-content\/uploads\/2024\/05\/CASA-INCENDIO.png","width":600,"height":349},{"@type":"BreadcrumbList","@id":"https:\/\/apuntesdesanluis.com\/index.php\/2024\/05\/14\/incendio-bo-la-ribera-declararon-culpable-a-la-mama-y-este-miercoles-se-conocera-la-condena\/#breadcrumb","itemListElement":[{"@type":"ListItem","position":1,"name":"Inicio","item":"https:\/\/apuntesdesanluis.com\/"},{"@type":"ListItem","position":2,"name":"INCENDIO B\u00ba LA RIBERA: DECLARARON CULPABLE A LA MAM\u00c1 Y ESTE MI\u00c9RCOLES SE CONOCER\u00c1 LA CONDENA"}]},{"@type":"WebSite","@id":"https:\/\/apuntesdesanluis.com\/#website","url":"https:\/\/apuntesdesanluis.com\/","name":"Apuntes de San Luis","description":"","publisher":{"@id":"https:\/\/apuntesdesanluis.com\/#\/schema\/person\/b55151d52296fcce64d1a72538a70b90"},"potentialAction":[{"@type":"SearchAction","target":{"@type":"EntryPoint","urlTemplate":"https:\/\/apuntesdesanluis.com\/?s={search_term_string}"},"query-input":{"@type":"PropertyValueSpecification","valueRequired":true,"valueName":"search_term_string"}}],"inLanguage":"es-AR"},{"@type":["Person","Organization"],"@id":"https:\/\/apuntesdesanluis.com\/#\/schema\/person\/b55151d52296fcce64d1a72538a70b90","name":"apuntesdesanluis.com","image":{"@type":"ImageObject","inLanguage":"es-AR","@id":"https:\/\/apuntesdesanluis.com\/#\/schema\/person\/image\/","url":"https:\/\/apuntesdesanluis.com\/wp-content\/uploads\/2023\/07\/cropped-apuntesdesanluis.png","contentUrl":"https:\/\/apuntesdesanluis.com\/wp-content\/uploads\/2023\/07\/cropped-apuntesdesanluis.png","width":450,"height":112,"caption":"apuntesdesanluis.com"},"logo":{"@id":"https:\/\/apuntesdesanluis.com\/#\/schema\/person\/image\/"},"sameAs":["https:\/\/apuntesdesanluis.com"],"url":"https:\/\/apuntesdesanluis.com\/index.php\/author\/apuntesdesanluis-com\/"}]}},"featured_image_urls":{"full":["https:\/\/apuntesdesanluis.com\/wp-content\/uploads\/2024\/05\/CASA-INCENDIO.png",600,349,false],"thumbnail":["https:\/\/apuntesdesanluis.com\/wp-content\/uploads\/2024\/05\/CASA-INCENDIO-150x150.png",150,150,true],"medium":["https:\/\/apuntesdesanluis.com\/wp-content\/uploads\/2024\/05\/CASA-INCENDIO-300x175.png",300,175,true],"medium_large":["https:\/\/apuntesdesanluis.com\/wp-content\/uploads\/2024\/05\/CASA-INCENDIO.png",600,349,false],"large":["https:\/\/apuntesdesanluis.com\/wp-content\/uploads\/2024\/05\/CASA-INCENDIO.png",600,349,false],"1536x1536":["https:\/\/apuntesdesanluis.com\/wp-content\/uploads\/2024\/05\/CASA-INCENDIO.png",600,349,false],"2048x2048":["https:\/\/apuntesdesanluis.com\/wp-content\/uploads\/2024\/05\/CASA-INCENDIO.png",600,349,false],"newsever-slider-full":["https:\/\/apuntesdesanluis.com\/wp-content\/uploads\/2024\/05\/CASA-INCENDIO.png",600,349,false],"newsever-featured":["https:\/\/apuntesdesanluis.com\/wp-content\/uploads\/2024\/05\/CASA-INCENDIO.png",600,349,false],"newsever-medium":["https:\/\/apuntesdesanluis.com\/wp-content\/uploads\/2024\/05\/CASA-INCENDIO.png",600,349,false]},"author_info":{"display_name":"apuntesdesanluis.com","author_link":"https:\/\/apuntesdesanluis.com\/index.php\/author\/apuntesdesanluis-com\/"},"category_info":"<a href=\"https:\/\/apuntesdesanluis.com\/index.php\/category\/ciudad-provincia\/\" rel=\"category tag\">Ciudad\/Provincia<\/a>","tag_info":"Ciudad\/Provincia","comment_count":"0","_links":{"self":[{"href":"https:\/\/apuntesdesanluis.com\/index.php\/wp-json\/wp\/v2\/posts\/16134","targetHints":{"allow":["GET"]}}],"collection":[{"href":"https:\/\/apuntesdesanluis.com\/index.php\/wp-json\/wp\/v2\/posts"}],"about":[{"href":"https:\/\/apuntesdesanluis.com\/index.php\/wp-json\/wp\/v2\/types\/post"}],"author":[{"embeddable":true,"href":"https:\/\/apuntesdesanluis.com\/index.php\/wp-json\/wp\/v2\/users\/1"}],"replies":[{"embeddable":true,"href":"https:\/\/apuntesdesanluis.com\/index.php\/wp-json\/wp\/v2\/comments?post=16134"}],"version-history":[{"count":1,"href":"https:\/\/apuntesdesanluis.com\/index.php\/wp-json\/wp\/v2\/posts\/16134\/revisions"}],"predecessor-version":[{"id":16138,"href":"https:\/\/apuntesdesanluis.com\/index.php\/wp-json\/wp\/v2\/posts\/16134\/revisions\/16138"}],"wp:featuredmedia":[{"embeddable":true,"href":"https:\/\/apuntesdesanluis.com\/index.php\/wp-json\/wp\/v2\/media\/16135"}],"wp:attachment":[{"href":"https:\/\/apuntesdesanluis.com\/index.php\/wp-json\/wp\/v2\/media?parent=16134"}],"wp:term":[{"taxonomy":"category","embeddable":true,"href":"https:\/\/apuntesdesanluis.com\/index.php\/wp-json\/wp\/v2\/categories?post=16134"},{"taxonomy":"post_tag","embeddable":true,"href":"https:\/\/apuntesdesanluis.com\/index.php\/wp-json\/wp\/v2\/tags?post=16134"}],"curies":[{"name":"wp","href":"https:\/\/api.w.org\/{rel}","templated":true}]}}