{"id":16139,"date":"2024-05-14T18:54:44","date_gmt":"2024-05-14T21:54:44","guid":{"rendered":"https:\/\/apuntesdesanluis.com\/?p=16139"},"modified":"2024-05-14T18:54:44","modified_gmt":"2024-05-14T21:54:44","slug":"la-inflacion-de-abril-fue-de-88-y-acumulo-2894-en-los-ultimos-12-meses","status":"publish","type":"post","link":"https:\/\/apuntesdesanluis.com\/index.php\/2024\/05\/14\/la-inflacion-de-abril-fue-de-88-y-acumulo-2894-en-los-ultimos-12-meses\/","title":{"rendered":"LA INFLACI\u00d3N DE ABRIL FUE DE 8,8% Y ACUMUL\u00d3 289,4% EN LOS \u00daLTIMOS 12 MESES"},"content":{"rendered":"<h3>La inflaci\u00f3n fue de <strong>8,8%<\/strong> en abril y as\u00ed volvi\u00f3 al terreno de un d\u00edgito mensual despu\u00e9s de medio a\u00f1o.<\/h3>\n<h3>El<strong> Indec<\/strong> inform\u00f3 este martes que el IPC internual fue de 289,4% y que en los primeros cuatro meses del 2024 la suba de precios acumula un 65 por ciento. El Gobierno apuesta a una desinflaci\u00f3n r\u00e1pida y, por esa raz\u00f3n, apur\u00f3 en las \u00faltimas semanas una reducci\u00f3n en las tasas de inter\u00e9s de referencia del Banco Central.<\/h3>\n<h3>As\u00ed, es la primera vez desde octubre que el Indice de Precios al Consumidor (IPC) baja de las dos cifras mensuales. Es una tendencia que no pudo romperse desde octubre pasado, cuando la inflaci\u00f3n fue del 8,3 por ciento. Posteriormente en medio de las elecciones presidenciales aceler\u00f3 a 12,8% en noviembre y luego de la devaluaci\u00f3n del tipo de cambio se aceler\u00f3 a 25,5% en diciembre, 20,6% en enero, 13,2% en febrero y 11% en marzo. Ahora bien, para abril el Relevamiento de Expectativas de Mercado (REM) que realiza el Banco Central indicaba una inflaci\u00f3n del 9 por ciento.<\/h3>\n<h3>En abril la divisi\u00f3n de mayor aumento en el mes fue Vivienda, agua, electricidad, gas y otros combustibles (35,6%) por los incrementos en las tarifas de gas, agua y electricidad. Le siguieron Comunicaci\u00f3n (14,2%), por las subas en servicios de telefon\u00eda e internet, y Prendas de vestir y calzado (9,6%) por cambios de temporada. Como contrapartida, \u201clas dos divisiones que registraron las menores variaciones en abril fueron Bebidas alcoh\u00f3licas y tabaco (5,5%) y Bienes y servicios varios (5,7%), indic\u00f3 el organismo estad\u00edstico.<\/h3>\n<h3>\u201cLas divisiones con mayor incidencia fueron Vivienda, agua, electricidad, gas y otros combustibles (35,6%) en las regiones de GBA, Cuyo y Patagonia, donde se destacaron las subas de Gas, Suministro de Agua y Electricidad; y Alimentos y bebidas no alcoh\u00f3licas (6,0%) en las dem\u00e1s regiones, donde se destacaron Carnes y derivados; Leche, productos l\u00e1cteos y huevos; y Verduras, tub\u00e9rculos y legumbres\u201d, mencion\u00f3 el Indec.<\/h3>\n<h3>Esa suba mensual de 35,6% de Vivienda por el reajuste de tarifas explica por qu\u00e9 al analizar todos los bienes y servicios considerados por Indec entre Regulados y Estacionales, en el primer caso la inflaci\u00f3n fue de 18,4% y, el segundo rubro, 9,9 por ciento. La inflaci\u00f3n n\u00facleo, aquella que descarta a esos dos y que es tomada en cuenta como una tendencia m\u00e1s \u201cestable\u201d del ritmo de precios, fue de 6,3 por ciento.<\/h3>\n<h3>Minutos despu\u00e9s de que se diera a conocer la inflaci\u00f3n de abril, el Ministerio de Econom\u00eda destac\u00f3 que \u201cla inflaci\u00f3n n\u00facleo, que excluye los componentes regulados y estacionales del \u00edndice, fue de 6,3 por ciento. Este fue el dato m\u00e1s bajo desde enero de 2023\u2033.<\/h3>\n<h3>\u201cLa fuerte desaceleraci\u00f3n en los \u00faltimos meses se sustenta en el programa econ\u00f3mico implementado en diciembre, cuyos pilares son el equilibrio fiscal, el saneamiento de la hoja de balance del BCRA y la implementaci\u00f3n de medidas de desregulaci\u00f3n y reducci\u00f3n de costos para el sector privado. Esto permiti\u00f3 transitar, en menos de 5 meses, de una econom\u00eda con expectativas desancladas y alto riesgo de hiperinflaci\u00f3n a una que ha generado las condiciones para la reaparici\u00f3n del cr\u00e9dito hipotecario de largo plazo luego de 7 a\u00f1os\u201d, plante\u00f3. \u201cEstamos trabajando fuertemente para que el proceso de desinflaci\u00f3n se siga profundizando en los pr\u00f3ximos meses\u201d, concluyeron desde el Palacio de Hacienda.<\/h3>\n<h3>El Gobierno acompa\u00f1\u00f3 el sendero de desinflaci\u00f3n con una baja de tasas de inter\u00e9s del BCRA. El 50% anual que el Central determin\u00f3 para la tasa de pol\u00edtica monetaria ya representa, un 4,2% mensual.<\/h3>\n<h3>Las se\u00f1ales de desaceleraci\u00f3n inflacionaria llevaron al Gobierno a apurar una ca\u00edda en la tasa de inter\u00e9s. Ante un IPC m\u00e1s leve que la expectativa de mercado, el Central podr\u00eda ver espacio para un reajuste adicional.<\/h3>\n<p>&nbsp;<\/p>\n<p>&nbsp;<\/p>\n<p>&nbsp;<\/p>\n<p>&nbsp;<\/p>\n<p>&nbsp;<\/p>\n","protected":false},"excerpt":{"rendered":"<p>La inflaci\u00f3n fue de 8,8% en abril y as\u00ed volvi\u00f3 al terreno de un d\u00edgito&#8230;<\/p>\n","protected":false},"author":1,"featured_media":1641,"comment_status":"closed","ping_status":"closed","sticky":false,"template":"","format":"standard","meta":{"footnotes":""},"categories":[5],"tags":[],"class_list":["post-16139","post","type-post","status-publish","format-standard","has-post-thumbnail","hentry","category-nacionales-internacionales"],"yoast_head":"<!-- This site is optimized with the Yoast SEO plugin v26.1.1 - https:\/\/yoast.com\/wordpress\/plugins\/seo\/ -->\n<title>LA INFLACI\u00d3N DE ABRIL FUE DE 8,8% Y ACUMUL\u00d3 289,4% EN LOS \u00daLTIMOS 12 MESES - Apuntes de San Luis<\/title>\n<meta name=\"robots\" content=\"index, follow, max-snippet:-1, max-image-preview:large, max-video-preview:-1\" \/>\n<link rel=\"canonical\" href=\"https:\/\/apuntesdesanluis.com\/index.php\/2024\/05\/14\/la-inflacion-de-abril-fue-de-88-y-acumulo-2894-en-los-ultimos-12-meses\/\" \/>\n<meta property=\"og:locale\" content=\"es_ES\" \/>\n<meta property=\"og:type\" content=\"article\" \/>\n<meta property=\"og:title\" content=\"LA INFLACI\u00d3N DE ABRIL FUE DE 8,8% Y ACUMUL\u00d3 289,4% EN LOS \u00daLTIMOS 12 MESES - Apuntes de San Luis\" \/>\n<meta property=\"og:description\" content=\"La inflaci\u00f3n fue de 8,8% en abril y as\u00ed volvi\u00f3 al terreno de un d\u00edgito...\" \/>\n<meta property=\"og:url\" content=\"https:\/\/apuntesdesanluis.com\/index.php\/2024\/05\/14\/la-inflacion-de-abril-fue-de-88-y-acumulo-2894-en-los-ultimos-12-meses\/\" \/>\n<meta property=\"og:site_name\" content=\"Apuntes de San Luis\" \/>\n<meta property=\"article:published_time\" content=\"2024-05-14T21:54:44+00:00\" \/>\n<meta property=\"og:image\" content=\"https:\/\/apuntesdesanluis.com\/wp-content\/uploads\/2023\/08\/inflacion.png\" \/>\n\t<meta property=\"og:image:width\" content=\"615\" \/>\n\t<meta property=\"og:image:height\" content=\"348\" \/>\n\t<meta property=\"og:image:type\" content=\"image\/png\" \/>\n<meta name=\"author\" content=\"apuntesdesanluis.com\" \/>\n<meta name=\"twitter:card\" content=\"summary_large_image\" \/>\n<meta name=\"twitter:label1\" content=\"Escrito por\" \/>\n\t<meta name=\"twitter:data1\" content=\"apuntesdesanluis.com\" \/>\n\t<meta name=\"twitter:label2\" content=\"Tiempo de lectura\" \/>\n\t<meta name=\"twitter:data2\" content=\"4 minutos\" \/>\n<script type=\"application\/ld+json\" class=\"yoast-schema-graph\">{\"@context\":\"https:\/\/schema.org\",\"@graph\":[{\"@type\":\"Article\",\"@id\":\"https:\/\/apuntesdesanluis.com\/index.php\/2024\/05\/14\/la-inflacion-de-abril-fue-de-88-y-acumulo-2894-en-los-ultimos-12-meses\/#article\",\"isPartOf\":{\"@id\":\"https:\/\/apuntesdesanluis.com\/index.php\/2024\/05\/14\/la-inflacion-de-abril-fue-de-88-y-acumulo-2894-en-los-ultimos-12-meses\/\"},\"author\":{\"name\":\"apuntesdesanluis.com\",\"@id\":\"https:\/\/apuntesdesanluis.com\/#\/schema\/person\/b55151d52296fcce64d1a72538a70b90\"},\"headline\":\"LA INFLACI\u00d3N DE ABRIL FUE DE 8,8% Y ACUMUL\u00d3 289,4% EN LOS \u00daLTIMOS 12 MESES\",\"datePublished\":\"2024-05-14T21:54:44+00:00\",\"mainEntityOfPage\":{\"@id\":\"https:\/\/apuntesdesanluis.com\/index.php\/2024\/05\/14\/la-inflacion-de-abril-fue-de-88-y-acumulo-2894-en-los-ultimos-12-meses\/\"},\"wordCount\":662,\"publisher\":{\"@id\":\"https:\/\/apuntesdesanluis.com\/#\/schema\/person\/b55151d52296fcce64d1a72538a70b90\"},\"image\":{\"@id\":\"https:\/\/apuntesdesanluis.com\/index.php\/2024\/05\/14\/la-inflacion-de-abril-fue-de-88-y-acumulo-2894-en-los-ultimos-12-meses\/#primaryimage\"},\"thumbnailUrl\":\"https:\/\/apuntesdesanluis.com\/wp-content\/uploads\/2023\/08\/inflacion.png\",\"articleSection\":[\"Nacionales\/Internacionales\"],\"inLanguage\":\"es-AR\"},{\"@type\":\"WebPage\",\"@id\":\"https:\/\/apuntesdesanluis.com\/index.php\/2024\/05\/14\/la-inflacion-de-abril-fue-de-88-y-acumulo-2894-en-los-ultimos-12-meses\/\",\"url\":\"https:\/\/apuntesdesanluis.com\/index.php\/2024\/05\/14\/la-inflacion-de-abril-fue-de-88-y-acumulo-2894-en-los-ultimos-12-meses\/\",\"name\":\"LA INFLACI\u00d3N DE ABRIL FUE DE 8,8% Y ACUMUL\u00d3 289,4% EN LOS \u00daLTIMOS 12 MESES - Apuntes de San Luis\",\"isPartOf\":{\"@id\":\"https:\/\/apuntesdesanluis.com\/#website\"},\"primaryImageOfPage\":{\"@id\":\"https:\/\/apuntesdesanluis.com\/index.php\/2024\/05\/14\/la-inflacion-de-abril-fue-de-88-y-acumulo-2894-en-los-ultimos-12-meses\/#primaryimage\"},\"image\":{\"@id\":\"https:\/\/apuntesdesanluis.com\/index.php\/2024\/05\/14\/la-inflacion-de-abril-fue-de-88-y-acumulo-2894-en-los-ultimos-12-meses\/#primaryimage\"},\"thumbnailUrl\":\"https:\/\/apuntesdesanluis.com\/wp-content\/uploads\/2023\/08\/inflacion.png\",\"datePublished\":\"2024-05-14T21:54:44+00:00\",\"breadcrumb\":{\"@id\":\"https:\/\/apuntesdesanluis.com\/index.php\/2024\/05\/14\/la-inflacion-de-abril-fue-de-88-y-acumulo-2894-en-los-ultimos-12-meses\/#breadcrumb\"},\"inLanguage\":\"es-AR\",\"potentialAction\":[{\"@type\":\"ReadAction\",\"target\":[\"https:\/\/apuntesdesanluis.com\/index.php\/2024\/05\/14\/la-inflacion-de-abril-fue-de-88-y-acumulo-2894-en-los-ultimos-12-meses\/\"]}]},{\"@type\":\"ImageObject\",\"inLanguage\":\"es-AR\",\"@id\":\"https:\/\/apuntesdesanluis.com\/index.php\/2024\/05\/14\/la-inflacion-de-abril-fue-de-88-y-acumulo-2894-en-los-ultimos-12-meses\/#primaryimage\",\"url\":\"https:\/\/apuntesdesanluis.com\/wp-content\/uploads\/2023\/08\/inflacion.png\",\"contentUrl\":\"https:\/\/apuntesdesanluis.com\/wp-content\/uploads\/2023\/08\/inflacion.png\",\"width\":615,\"height\":348},{\"@type\":\"BreadcrumbList\",\"@id\":\"https:\/\/apuntesdesanluis.com\/index.php\/2024\/05\/14\/la-inflacion-de-abril-fue-de-88-y-acumulo-2894-en-los-ultimos-12-meses\/#breadcrumb\",\"itemListElement\":[{\"@type\":\"ListItem\",\"position\":1,\"name\":\"Inicio\",\"item\":\"https:\/\/apuntesdesanluis.com\/\"},{\"@type\":\"ListItem\",\"position\":2,\"name\":\"LA INFLACI\u00d3N DE ABRIL FUE DE 8,8% Y ACUMUL\u00d3 289,4% EN LOS \u00daLTIMOS 12 MESES\"}]},{\"@type\":\"WebSite\",\"@id\":\"https:\/\/apuntesdesanluis.com\/#website\",\"url\":\"https:\/\/apuntesdesanluis.com\/\",\"name\":\"Apuntes de San Luis\",\"description\":\"\",\"publisher\":{\"@id\":\"https:\/\/apuntesdesanluis.com\/#\/schema\/person\/b55151d52296fcce64d1a72538a70b90\"},\"potentialAction\":[{\"@type\":\"SearchAction\",\"target\":{\"@type\":\"EntryPoint\",\"urlTemplate\":\"https:\/\/apuntesdesanluis.com\/?s={search_term_string}\"},\"query-input\":{\"@type\":\"PropertyValueSpecification\",\"valueRequired\":true,\"valueName\":\"search_term_string\"}}],\"inLanguage\":\"es-AR\"},{\"@type\":[\"Person\",\"Organization\"],\"@id\":\"https:\/\/apuntesdesanluis.com\/#\/schema\/person\/b55151d52296fcce64d1a72538a70b90\",\"name\":\"apuntesdesanluis.com\",\"image\":{\"@type\":\"ImageObject\",\"inLanguage\":\"es-AR\",\"@id\":\"https:\/\/apuntesdesanluis.com\/#\/schema\/person\/image\/\",\"url\":\"https:\/\/apuntesdesanluis.com\/wp-content\/uploads\/2023\/07\/cropped-apuntesdesanluis.png\",\"contentUrl\":\"https:\/\/apuntesdesanluis.com\/wp-content\/uploads\/2023\/07\/cropped-apuntesdesanluis.png\",\"width\":450,\"height\":112,\"caption\":\"apuntesdesanluis.com\"},\"logo\":{\"@id\":\"https:\/\/apuntesdesanluis.com\/#\/schema\/person\/image\/\"},\"sameAs\":[\"https:\/\/apuntesdesanluis.com\"],\"url\":\"https:\/\/apuntesdesanluis.com\/index.php\/author\/apuntesdesanluis-com\/\"}]}<\/script>\n<!-- \/ Yoast SEO plugin. -->","yoast_head_json":{"title":"LA INFLACI\u00d3N DE ABRIL FUE DE 8,8% Y ACUMUL\u00d3 289,4% EN LOS \u00daLTIMOS 12 MESES - Apuntes de San Luis","robots":{"index":"index","follow":"follow","max-snippet":"max-snippet:-1","max-image-preview":"max-image-preview:large","max-video-preview":"max-video-preview:-1"},"canonical":"https:\/\/apuntesdesanluis.com\/index.php\/2024\/05\/14\/la-inflacion-de-abril-fue-de-88-y-acumulo-2894-en-los-ultimos-12-meses\/","og_locale":"es_ES","og_type":"article","og_title":"LA INFLACI\u00d3N DE ABRIL FUE DE 8,8% Y ACUMUL\u00d3 289,4% EN LOS \u00daLTIMOS 12 MESES - Apuntes de San Luis","og_description":"La inflaci\u00f3n fue de 8,8% en abril y as\u00ed volvi\u00f3 al terreno de un d\u00edgito...","og_url":"https:\/\/apuntesdesanluis.com\/index.php\/2024\/05\/14\/la-inflacion-de-abril-fue-de-88-y-acumulo-2894-en-los-ultimos-12-meses\/","og_site_name":"Apuntes de San Luis","article_published_time":"2024-05-14T21:54:44+00:00","og_image":[{"width":615,"height":348,"url":"https:\/\/apuntesdesanluis.com\/wp-content\/uploads\/2023\/08\/inflacion.png","type":"image\/png"}],"author":"apuntesdesanluis.com","twitter_card":"summary_large_image","twitter_misc":{"Escrito por":"apuntesdesanluis.com","Tiempo de lectura":"4 minutos"},"schema":{"@context":"https:\/\/schema.org","@graph":[{"@type":"Article","@id":"https:\/\/apuntesdesanluis.com\/index.php\/2024\/05\/14\/la-inflacion-de-abril-fue-de-88-y-acumulo-2894-en-los-ultimos-12-meses\/#article","isPartOf":{"@id":"https:\/\/apuntesdesanluis.com\/index.php\/2024\/05\/14\/la-inflacion-de-abril-fue-de-88-y-acumulo-2894-en-los-ultimos-12-meses\/"},"author":{"name":"apuntesdesanluis.com","@id":"https:\/\/apuntesdesanluis.com\/#\/schema\/person\/b55151d52296fcce64d1a72538a70b90"},"headline":"LA INFLACI\u00d3N DE ABRIL FUE DE 8,8% Y ACUMUL\u00d3 289,4% EN LOS \u00daLTIMOS 12 MESES","datePublished":"2024-05-14T21:54:44+00:00","mainEntityOfPage":{"@id":"https:\/\/apuntesdesanluis.com\/index.php\/2024\/05\/14\/la-inflacion-de-abril-fue-de-88-y-acumulo-2894-en-los-ultimos-12-meses\/"},"wordCount":662,"publisher":{"@id":"https:\/\/apuntesdesanluis.com\/#\/schema\/person\/b55151d52296fcce64d1a72538a70b90"},"image":{"@id":"https:\/\/apuntesdesanluis.com\/index.php\/2024\/05\/14\/la-inflacion-de-abril-fue-de-88-y-acumulo-2894-en-los-ultimos-12-meses\/#primaryimage"},"thumbnailUrl":"https:\/\/apuntesdesanluis.com\/wp-content\/uploads\/2023\/08\/inflacion.png","articleSection":["Nacionales\/Internacionales"],"inLanguage":"es-AR"},{"@type":"WebPage","@id":"https:\/\/apuntesdesanluis.com\/index.php\/2024\/05\/14\/la-inflacion-de-abril-fue-de-88-y-acumulo-2894-en-los-ultimos-12-meses\/","url":"https:\/\/apuntesdesanluis.com\/index.php\/2024\/05\/14\/la-inflacion-de-abril-fue-de-88-y-acumulo-2894-en-los-ultimos-12-meses\/","name":"LA INFLACI\u00d3N DE ABRIL FUE DE 8,8% Y ACUMUL\u00d3 289,4% EN LOS \u00daLTIMOS 12 MESES - Apuntes de San Luis","isPartOf":{"@id":"https:\/\/apuntesdesanluis.com\/#website"},"primaryImageOfPage":{"@id":"https:\/\/apuntesdesanluis.com\/index.php\/2024\/05\/14\/la-inflacion-de-abril-fue-de-88-y-acumulo-2894-en-los-ultimos-12-meses\/#primaryimage"},"image":{"@id":"https:\/\/apuntesdesanluis.com\/index.php\/2024\/05\/14\/la-inflacion-de-abril-fue-de-88-y-acumulo-2894-en-los-ultimos-12-meses\/#primaryimage"},"thumbnailUrl":"https:\/\/apuntesdesanluis.com\/wp-content\/uploads\/2023\/08\/inflacion.png","datePublished":"2024-05-14T21:54:44+00:00","breadcrumb":{"@id":"https:\/\/apuntesdesanluis.com\/index.php\/2024\/05\/14\/la-inflacion-de-abril-fue-de-88-y-acumulo-2894-en-los-ultimos-12-meses\/#breadcrumb"},"inLanguage":"es-AR","potentialAction":[{"@type":"ReadAction","target":["https:\/\/apuntesdesanluis.com\/index.php\/2024\/05\/14\/la-inflacion-de-abril-fue-de-88-y-acumulo-2894-en-los-ultimos-12-meses\/"]}]},{"@type":"ImageObject","inLanguage":"es-AR","@id":"https:\/\/apuntesdesanluis.com\/index.php\/2024\/05\/14\/la-inflacion-de-abril-fue-de-88-y-acumulo-2894-en-los-ultimos-12-meses\/#primaryimage","url":"https:\/\/apuntesdesanluis.com\/wp-content\/uploads\/2023\/08\/inflacion.png","contentUrl":"https:\/\/apuntesdesanluis.com\/wp-content\/uploads\/2023\/08\/inflacion.png","width":615,"height":348},{"@type":"BreadcrumbList","@id":"https:\/\/apuntesdesanluis.com\/index.php\/2024\/05\/14\/la-inflacion-de-abril-fue-de-88-y-acumulo-2894-en-los-ultimos-12-meses\/#breadcrumb","itemListElement":[{"@type":"ListItem","position":1,"name":"Inicio","item":"https:\/\/apuntesdesanluis.com\/"},{"@type":"ListItem","position":2,"name":"LA INFLACI\u00d3N DE ABRIL FUE DE 8,8% Y ACUMUL\u00d3 289,4% EN LOS \u00daLTIMOS 12 MESES"}]},{"@type":"WebSite","@id":"https:\/\/apuntesdesanluis.com\/#website","url":"https:\/\/apuntesdesanluis.com\/","name":"Apuntes de San Luis","description":"","publisher":{"@id":"https:\/\/apuntesdesanluis.com\/#\/schema\/person\/b55151d52296fcce64d1a72538a70b90"},"potentialAction":[{"@type":"SearchAction","target":{"@type":"EntryPoint","urlTemplate":"https:\/\/apuntesdesanluis.com\/?s={search_term_string}"},"query-input":{"@type":"PropertyValueSpecification","valueRequired":true,"valueName":"search_term_string"}}],"inLanguage":"es-AR"},{"@type":["Person","Organization"],"@id":"https:\/\/apuntesdesanluis.com\/#\/schema\/person\/b55151d52296fcce64d1a72538a70b90","name":"apuntesdesanluis.com","image":{"@type":"ImageObject","inLanguage":"es-AR","@id":"https:\/\/apuntesdesanluis.com\/#\/schema\/person\/image\/","url":"https:\/\/apuntesdesanluis.com\/wp-content\/uploads\/2023\/07\/cropped-apuntesdesanluis.png","contentUrl":"https:\/\/apuntesdesanluis.com\/wp-content\/uploads\/2023\/07\/cropped-apuntesdesanluis.png","width":450,"height":112,"caption":"apuntesdesanluis.com"},"logo":{"@id":"https:\/\/apuntesdesanluis.com\/#\/schema\/person\/image\/"},"sameAs":["https:\/\/apuntesdesanluis.com"],"url":"https:\/\/apuntesdesanluis.com\/index.php\/author\/apuntesdesanluis-com\/"}]}},"featured_image_urls":{"full":["https:\/\/apuntesdesanluis.com\/wp-content\/uploads\/2023\/08\/inflacion.png",615,348,false],"thumbnail":["https:\/\/apuntesdesanluis.com\/wp-content\/uploads\/2023\/08\/inflacion-150x150.png",150,150,true],"medium":["https:\/\/apuntesdesanluis.com\/wp-content\/uploads\/2023\/08\/inflacion-300x170.png",300,170,true],"medium_large":["https:\/\/apuntesdesanluis.com\/wp-content\/uploads\/2023\/08\/inflacion.png",615,348,false],"large":["https:\/\/apuntesdesanluis.com\/wp-content\/uploads\/2023\/08\/inflacion.png",615,348,false],"1536x1536":["https:\/\/apuntesdesanluis.com\/wp-content\/uploads\/2023\/08\/inflacion.png",615,348,false],"2048x2048":["https:\/\/apuntesdesanluis.com\/wp-content\/uploads\/2023\/08\/inflacion.png",615,348,false],"newsever-slider-full":["https:\/\/apuntesdesanluis.com\/wp-content\/uploads\/2023\/08\/inflacion.png",615,348,false],"newsever-featured":["https:\/\/apuntesdesanluis.com\/wp-content\/uploads\/2023\/08\/inflacion.png",615,348,false],"newsever-medium":["https:\/\/apuntesdesanluis.com\/wp-content\/uploads\/2023\/08\/inflacion.png",615,348,false]},"author_info":{"display_name":"apuntesdesanluis.com","author_link":"https:\/\/apuntesdesanluis.com\/index.php\/author\/apuntesdesanluis-com\/"},"category_info":"<a href=\"https:\/\/apuntesdesanluis.com\/index.php\/category\/nacionales-internacionales\/\" rel=\"category tag\">Nacionales\/Internacionales<\/a>","tag_info":"Nacionales\/Internacionales","comment_count":"0","_links":{"self":[{"href":"https:\/\/apuntesdesanluis.com\/index.php\/wp-json\/wp\/v2\/posts\/16139","targetHints":{"allow":["GET"]}}],"collection":[{"href":"https:\/\/apuntesdesanluis.com\/index.php\/wp-json\/wp\/v2\/posts"}],"about":[{"href":"https:\/\/apuntesdesanluis.com\/index.php\/wp-json\/wp\/v2\/types\/post"}],"author":[{"embeddable":true,"href":"https:\/\/apuntesdesanluis.com\/index.php\/wp-json\/wp\/v2\/users\/1"}],"replies":[{"embeddable":true,"href":"https:\/\/apuntesdesanluis.com\/index.php\/wp-json\/wp\/v2\/comments?post=16139"}],"version-history":[{"count":1,"href":"https:\/\/apuntesdesanluis.com\/index.php\/wp-json\/wp\/v2\/posts\/16139\/revisions"}],"predecessor-version":[{"id":16140,"href":"https:\/\/apuntesdesanluis.com\/index.php\/wp-json\/wp\/v2\/posts\/16139\/revisions\/16140"}],"wp:featuredmedia":[{"embeddable":true,"href":"https:\/\/apuntesdesanluis.com\/index.php\/wp-json\/wp\/v2\/media\/1641"}],"wp:attachment":[{"href":"https:\/\/apuntesdesanluis.com\/index.php\/wp-json\/wp\/v2\/media?parent=16139"}],"wp:term":[{"taxonomy":"category","embeddable":true,"href":"https:\/\/apuntesdesanluis.com\/index.php\/wp-json\/wp\/v2\/categories?post=16139"},{"taxonomy":"post_tag","embeddable":true,"href":"https:\/\/apuntesdesanluis.com\/index.php\/wp-json\/wp\/v2\/tags?post=16139"}],"curies":[{"name":"wp","href":"https:\/\/api.w.org\/{rel}","templated":true}]}}