{"id":16145,"date":"2024-05-14T19:17:49","date_gmt":"2024-05-14T22:17:49","guid":{"rendered":"https:\/\/apuntesdesanluis.com\/?p=16145"},"modified":"2024-05-14T19:17:49","modified_gmt":"2024-05-14T22:17:49","slug":"el-gobierno-analiza-pasar-el-pacto-de-mayo-para-el-9-de-julio","status":"publish","type":"post","link":"https:\/\/apuntesdesanluis.com\/index.php\/2024\/05\/14\/el-gobierno-analiza-pasar-el-pacto-de-mayo-para-el-9-de-julio\/","title":{"rendered":"EL GOBIERNO ANALIZA PASAR EL &#8220;PACTO DE MAYO&#8221; PARA EL 9 DE JULIO"},"content":{"rendered":"<h3>El gobierno de <strong>Javier Milei<\/strong> analiza postergar el &#8220;Pacto de Mayo&#8221; para el 9 de Julio debido a que ya es un hecho que el Congreso no aprobar\u00e1 la Ley Bases antes del 25 de mayo, como pretend\u00eda el Presidente.<\/h3>\n<h3>Seg\u00fan trascendi\u00f3 por estas horas tom\u00f3 fuerza la idea de que el llamado al pacto con los gobernadores sea el D\u00eda de la Independencia, cuando se supone que el proyecto ya habr\u00e1 vuelto a Diputados y ser\u00e1 ratificado.<\/h3>\n<h3>Un dato que confirma la idea de la postergaci\u00f3n es que este martes se enfri\u00f3 muy fuerte la organizaci\u00f3n del acto en el Palacio de Tribunales de C\u00f3rdoba.<\/h3>\n<h3>Fuentes de la pol\u00edtica cordobesa admitieron que el despliegue est\u00e1 &#8220;muy fr\u00edo&#8221;. Hasta la semana pasada, los preparativos ven\u00edan muy avanzados, pero ahora el armado de la log\u00edstica se fren\u00f3 casi por completo.<\/h3>\n<p><iframe title=\"JAVIER MILEI CONFIRM\u00d3 que se POSTERGAR\u00cdA el PACTO de MAYO: &quot;PUEDE SER en JUNIO o en JULIO&quot;\" width=\"640\" height=\"360\" src=\"https:\/\/www.youtube.com\/embed\/rH1ygjq1kKo?start=11&#038;feature=oembed\" frameborder=\"0\" allow=\"accelerometer; autoplay; clipboard-write; encrypted-media; gyroscope; picture-in-picture; web-share\" referrerpolicy=\"strict-origin-when-cross-origin\" allowfullscreen><\/iframe><\/p>\n<h3>La posibilidad de postergar el Pacto de Mayo hab\u00eda sido adelantada m\u00e1s temprano por <strong>Guillermo Francos<\/strong>. &#8220;Veremos si lo hacemos en mayo, si lo postergamos y si lo hacemos sin que est\u00e9 tratada la ley&#8221;, dijo el ministro del Interior, que de todos modos aclar\u00f3 que manten\u00edan la idea del 25 de mayo.<\/h3>\n<h3>M\u00e1s tarde el vocero <strong>Manuel Adorni<\/strong> sali\u00f3 a desmentir la postergaci\u00f3n, pero el propio Javier Milei no lo descart\u00f3. &#8220;No hay problema, las reformas estructurales son para el largo plazo, por lo tanto si no es en mayo ser\u00e1 en junio o en julio&#8221;, le dijo el presidente a C5N despu\u00e9s de un acto en Casa Rosada. Luego de eso, Adorni borr\u00f3 de su canal de WhatsApp la desmentida.<\/h3>\n<p>&nbsp;<\/p>\n<p>&nbsp;<\/p>\n<p>&nbsp;<\/p>\n<p>&nbsp;<\/p>\n<p>&nbsp;<\/p>\n<p>&nbsp;<\/p>\n","protected":false},"excerpt":{"rendered":"<p>El gobierno de Javier Milei analiza postergar el &#8220;Pacto de Mayo&#8221; para el 9 de&#8230;<\/p>\n","protected":false},"author":1,"featured_media":10615,"comment_status":"closed","ping_status":"closed","sticky":false,"template":"","format":"standard","meta":{"footnotes":""},"categories":[5],"tags":[],"class_list":["post-16145","post","type-post","status-publish","format-standard","has-post-thumbnail","hentry","category-nacionales-internacionales"],"yoast_head":"<!-- This site is optimized with the Yoast SEO plugin v26.1.1 - https:\/\/yoast.com\/wordpress\/plugins\/seo\/ -->\n<title>EL GOBIERNO ANALIZA PASAR EL &quot;PACTO DE MAYO&quot; PARA EL 9 DE JULIO - Apuntes de San Luis<\/title>\n<meta name=\"robots\" content=\"index, follow, max-snippet:-1, max-image-preview:large, max-video-preview:-1\" \/>\n<link rel=\"canonical\" href=\"https:\/\/apuntesdesanluis.com\/index.php\/2024\/05\/14\/el-gobierno-analiza-pasar-el-pacto-de-mayo-para-el-9-de-julio\/\" \/>\n<meta property=\"og:locale\" content=\"es_ES\" \/>\n<meta property=\"og:type\" content=\"article\" \/>\n<meta property=\"og:title\" content=\"EL GOBIERNO ANALIZA PASAR EL &quot;PACTO DE MAYO&quot; PARA EL 9 DE JULIO - Apuntes de San Luis\" \/>\n<meta property=\"og:description\" content=\"El gobierno de Javier Milei analiza postergar el &#8220;Pacto de Mayo&#8221; para el 9 de...\" \/>\n<meta property=\"og:url\" content=\"https:\/\/apuntesdesanluis.com\/index.php\/2024\/05\/14\/el-gobierno-analiza-pasar-el-pacto-de-mayo-para-el-9-de-julio\/\" \/>\n<meta property=\"og:site_name\" content=\"Apuntes de San Luis\" \/>\n<meta property=\"article:published_time\" content=\"2024-05-14T22:17:49+00:00\" \/>\n<meta property=\"og:image\" content=\"https:\/\/apuntesdesanluis.com\/wp-content\/uploads\/2024\/01\/milei-8.png\" \/>\n\t<meta property=\"og:image:width\" content=\"694\" \/>\n\t<meta property=\"og:image:height\" content=\"444\" \/>\n\t<meta property=\"og:image:type\" content=\"image\/png\" \/>\n<meta name=\"author\" content=\"apuntesdesanluis.com\" \/>\n<meta name=\"twitter:card\" content=\"summary_large_image\" \/>\n<meta name=\"twitter:label1\" content=\"Escrito por\" \/>\n\t<meta name=\"twitter:data1\" content=\"apuntesdesanluis.com\" \/>\n\t<meta name=\"twitter:label2\" content=\"Tiempo de lectura\" \/>\n\t<meta name=\"twitter:data2\" content=\"2 minutos\" \/>\n<script type=\"application\/ld+json\" class=\"yoast-schema-graph\">{\"@context\":\"https:\/\/schema.org\",\"@graph\":[{\"@type\":\"Article\",\"@id\":\"https:\/\/apuntesdesanluis.com\/index.php\/2024\/05\/14\/el-gobierno-analiza-pasar-el-pacto-de-mayo-para-el-9-de-julio\/#article\",\"isPartOf\":{\"@id\":\"https:\/\/apuntesdesanluis.com\/index.php\/2024\/05\/14\/el-gobierno-analiza-pasar-el-pacto-de-mayo-para-el-9-de-julio\/\"},\"author\":{\"name\":\"apuntesdesanluis.com\",\"@id\":\"https:\/\/apuntesdesanluis.com\/#\/schema\/person\/b55151d52296fcce64d1a72538a70b90\"},\"headline\":\"EL GOBIERNO ANALIZA PASAR EL &#8220;PACTO DE MAYO&#8221; PARA EL 9 DE JULIO\",\"datePublished\":\"2024-05-14T22:17:49+00:00\",\"mainEntityOfPage\":{\"@id\":\"https:\/\/apuntesdesanluis.com\/index.php\/2024\/05\/14\/el-gobierno-analiza-pasar-el-pacto-de-mayo-para-el-9-de-julio\/\"},\"wordCount\":302,\"publisher\":{\"@id\":\"https:\/\/apuntesdesanluis.com\/#\/schema\/person\/b55151d52296fcce64d1a72538a70b90\"},\"image\":{\"@id\":\"https:\/\/apuntesdesanluis.com\/index.php\/2024\/05\/14\/el-gobierno-analiza-pasar-el-pacto-de-mayo-para-el-9-de-julio\/#primaryimage\"},\"thumbnailUrl\":\"https:\/\/apuntesdesanluis.com\/wp-content\/uploads\/2024\/01\/milei-8.png\",\"articleSection\":[\"Nacionales\/Internacionales\"],\"inLanguage\":\"es-AR\"},{\"@type\":\"WebPage\",\"@id\":\"https:\/\/apuntesdesanluis.com\/index.php\/2024\/05\/14\/el-gobierno-analiza-pasar-el-pacto-de-mayo-para-el-9-de-julio\/\",\"url\":\"https:\/\/apuntesdesanluis.com\/index.php\/2024\/05\/14\/el-gobierno-analiza-pasar-el-pacto-de-mayo-para-el-9-de-julio\/\",\"name\":\"EL GOBIERNO ANALIZA PASAR EL \\\"PACTO DE MAYO\\\" PARA EL 9 DE JULIO - Apuntes de San Luis\",\"isPartOf\":{\"@id\":\"https:\/\/apuntesdesanluis.com\/#website\"},\"primaryImageOfPage\":{\"@id\":\"https:\/\/apuntesdesanluis.com\/index.php\/2024\/05\/14\/el-gobierno-analiza-pasar-el-pacto-de-mayo-para-el-9-de-julio\/#primaryimage\"},\"image\":{\"@id\":\"https:\/\/apuntesdesanluis.com\/index.php\/2024\/05\/14\/el-gobierno-analiza-pasar-el-pacto-de-mayo-para-el-9-de-julio\/#primaryimage\"},\"thumbnailUrl\":\"https:\/\/apuntesdesanluis.com\/wp-content\/uploads\/2024\/01\/milei-8.png\",\"datePublished\":\"2024-05-14T22:17:49+00:00\",\"breadcrumb\":{\"@id\":\"https:\/\/apuntesdesanluis.com\/index.php\/2024\/05\/14\/el-gobierno-analiza-pasar-el-pacto-de-mayo-para-el-9-de-julio\/#breadcrumb\"},\"inLanguage\":\"es-AR\",\"potentialAction\":[{\"@type\":\"ReadAction\",\"target\":[\"https:\/\/apuntesdesanluis.com\/index.php\/2024\/05\/14\/el-gobierno-analiza-pasar-el-pacto-de-mayo-para-el-9-de-julio\/\"]}]},{\"@type\":\"ImageObject\",\"inLanguage\":\"es-AR\",\"@id\":\"https:\/\/apuntesdesanluis.com\/index.php\/2024\/05\/14\/el-gobierno-analiza-pasar-el-pacto-de-mayo-para-el-9-de-julio\/#primaryimage\",\"url\":\"https:\/\/apuntesdesanluis.com\/wp-content\/uploads\/2024\/01\/milei-8.png\",\"contentUrl\":\"https:\/\/apuntesdesanluis.com\/wp-content\/uploads\/2024\/01\/milei-8.png\",\"width\":694,\"height\":444},{\"@type\":\"BreadcrumbList\",\"@id\":\"https:\/\/apuntesdesanluis.com\/index.php\/2024\/05\/14\/el-gobierno-analiza-pasar-el-pacto-de-mayo-para-el-9-de-julio\/#breadcrumb\",\"itemListElement\":[{\"@type\":\"ListItem\",\"position\":1,\"name\":\"Inicio\",\"item\":\"https:\/\/apuntesdesanluis.com\/\"},{\"@type\":\"ListItem\",\"position\":2,\"name\":\"EL GOBIERNO ANALIZA PASAR EL &#8220;PACTO DE MAYO&#8221; PARA EL 9 DE JULIO\"}]},{\"@type\":\"WebSite\",\"@id\":\"https:\/\/apuntesdesanluis.com\/#website\",\"url\":\"https:\/\/apuntesdesanluis.com\/\",\"name\":\"Apuntes de San Luis\",\"description\":\"\",\"publisher\":{\"@id\":\"https:\/\/apuntesdesanluis.com\/#\/schema\/person\/b55151d52296fcce64d1a72538a70b90\"},\"potentialAction\":[{\"@type\":\"SearchAction\",\"target\":{\"@type\":\"EntryPoint\",\"urlTemplate\":\"https:\/\/apuntesdesanluis.com\/?s={search_term_string}\"},\"query-input\":{\"@type\":\"PropertyValueSpecification\",\"valueRequired\":true,\"valueName\":\"search_term_string\"}}],\"inLanguage\":\"es-AR\"},{\"@type\":[\"Person\",\"Organization\"],\"@id\":\"https:\/\/apuntesdesanluis.com\/#\/schema\/person\/b55151d52296fcce64d1a72538a70b90\",\"name\":\"apuntesdesanluis.com\",\"image\":{\"@type\":\"ImageObject\",\"inLanguage\":\"es-AR\",\"@id\":\"https:\/\/apuntesdesanluis.com\/#\/schema\/person\/image\/\",\"url\":\"https:\/\/apuntesdesanluis.com\/wp-content\/uploads\/2023\/07\/cropped-apuntesdesanluis.png\",\"contentUrl\":\"https:\/\/apuntesdesanluis.com\/wp-content\/uploads\/2023\/07\/cropped-apuntesdesanluis.png\",\"width\":450,\"height\":112,\"caption\":\"apuntesdesanluis.com\"},\"logo\":{\"@id\":\"https:\/\/apuntesdesanluis.com\/#\/schema\/person\/image\/\"},\"sameAs\":[\"https:\/\/apuntesdesanluis.com\"],\"url\":\"https:\/\/apuntesdesanluis.com\/index.php\/author\/apuntesdesanluis-com\/\"}]}<\/script>\n<!-- \/ Yoast SEO plugin. -->","yoast_head_json":{"title":"EL GOBIERNO ANALIZA PASAR EL \"PACTO DE MAYO\" PARA EL 9 DE JULIO - Apuntes de San Luis","robots":{"index":"index","follow":"follow","max-snippet":"max-snippet:-1","max-image-preview":"max-image-preview:large","max-video-preview":"max-video-preview:-1"},"canonical":"https:\/\/apuntesdesanluis.com\/index.php\/2024\/05\/14\/el-gobierno-analiza-pasar-el-pacto-de-mayo-para-el-9-de-julio\/","og_locale":"es_ES","og_type":"article","og_title":"EL GOBIERNO ANALIZA PASAR EL \"PACTO DE MAYO\" PARA EL 9 DE JULIO - Apuntes de San Luis","og_description":"El gobierno de Javier Milei analiza postergar el &#8220;Pacto de Mayo&#8221; para el 9 de...","og_url":"https:\/\/apuntesdesanluis.com\/index.php\/2024\/05\/14\/el-gobierno-analiza-pasar-el-pacto-de-mayo-para-el-9-de-julio\/","og_site_name":"Apuntes de San Luis","article_published_time":"2024-05-14T22:17:49+00:00","og_image":[{"width":694,"height":444,"url":"https:\/\/apuntesdesanluis.com\/wp-content\/uploads\/2024\/01\/milei-8.png","type":"image\/png"}],"author":"apuntesdesanluis.com","twitter_card":"summary_large_image","twitter_misc":{"Escrito por":"apuntesdesanluis.com","Tiempo de lectura":"2 minutos"},"schema":{"@context":"https:\/\/schema.org","@graph":[{"@type":"Article","@id":"https:\/\/apuntesdesanluis.com\/index.php\/2024\/05\/14\/el-gobierno-analiza-pasar-el-pacto-de-mayo-para-el-9-de-julio\/#article","isPartOf":{"@id":"https:\/\/apuntesdesanluis.com\/index.php\/2024\/05\/14\/el-gobierno-analiza-pasar-el-pacto-de-mayo-para-el-9-de-julio\/"},"author":{"name":"apuntesdesanluis.com","@id":"https:\/\/apuntesdesanluis.com\/#\/schema\/person\/b55151d52296fcce64d1a72538a70b90"},"headline":"EL GOBIERNO ANALIZA PASAR EL &#8220;PACTO DE MAYO&#8221; PARA EL 9 DE JULIO","datePublished":"2024-05-14T22:17:49+00:00","mainEntityOfPage":{"@id":"https:\/\/apuntesdesanluis.com\/index.php\/2024\/05\/14\/el-gobierno-analiza-pasar-el-pacto-de-mayo-para-el-9-de-julio\/"},"wordCount":302,"publisher":{"@id":"https:\/\/apuntesdesanluis.com\/#\/schema\/person\/b55151d52296fcce64d1a72538a70b90"},"image":{"@id":"https:\/\/apuntesdesanluis.com\/index.php\/2024\/05\/14\/el-gobierno-analiza-pasar-el-pacto-de-mayo-para-el-9-de-julio\/#primaryimage"},"thumbnailUrl":"https:\/\/apuntesdesanluis.com\/wp-content\/uploads\/2024\/01\/milei-8.png","articleSection":["Nacionales\/Internacionales"],"inLanguage":"es-AR"},{"@type":"WebPage","@id":"https:\/\/apuntesdesanluis.com\/index.php\/2024\/05\/14\/el-gobierno-analiza-pasar-el-pacto-de-mayo-para-el-9-de-julio\/","url":"https:\/\/apuntesdesanluis.com\/index.php\/2024\/05\/14\/el-gobierno-analiza-pasar-el-pacto-de-mayo-para-el-9-de-julio\/","name":"EL GOBIERNO ANALIZA PASAR EL \"PACTO DE MAYO\" PARA EL 9 DE JULIO - Apuntes de San Luis","isPartOf":{"@id":"https:\/\/apuntesdesanluis.com\/#website"},"primaryImageOfPage":{"@id":"https:\/\/apuntesdesanluis.com\/index.php\/2024\/05\/14\/el-gobierno-analiza-pasar-el-pacto-de-mayo-para-el-9-de-julio\/#primaryimage"},"image":{"@id":"https:\/\/apuntesdesanluis.com\/index.php\/2024\/05\/14\/el-gobierno-analiza-pasar-el-pacto-de-mayo-para-el-9-de-julio\/#primaryimage"},"thumbnailUrl":"https:\/\/apuntesdesanluis.com\/wp-content\/uploads\/2024\/01\/milei-8.png","datePublished":"2024-05-14T22:17:49+00:00","breadcrumb":{"@id":"https:\/\/apuntesdesanluis.com\/index.php\/2024\/05\/14\/el-gobierno-analiza-pasar-el-pacto-de-mayo-para-el-9-de-julio\/#breadcrumb"},"inLanguage":"es-AR","potentialAction":[{"@type":"ReadAction","target":["https:\/\/apuntesdesanluis.com\/index.php\/2024\/05\/14\/el-gobierno-analiza-pasar-el-pacto-de-mayo-para-el-9-de-julio\/"]}]},{"@type":"ImageObject","inLanguage":"es-AR","@id":"https:\/\/apuntesdesanluis.com\/index.php\/2024\/05\/14\/el-gobierno-analiza-pasar-el-pacto-de-mayo-para-el-9-de-julio\/#primaryimage","url":"https:\/\/apuntesdesanluis.com\/wp-content\/uploads\/2024\/01\/milei-8.png","contentUrl":"https:\/\/apuntesdesanluis.com\/wp-content\/uploads\/2024\/01\/milei-8.png","width":694,"height":444},{"@type":"BreadcrumbList","@id":"https:\/\/apuntesdesanluis.com\/index.php\/2024\/05\/14\/el-gobierno-analiza-pasar-el-pacto-de-mayo-para-el-9-de-julio\/#breadcrumb","itemListElement":[{"@type":"ListItem","position":1,"name":"Inicio","item":"https:\/\/apuntesdesanluis.com\/"},{"@type":"ListItem","position":2,"name":"EL GOBIERNO ANALIZA PASAR EL &#8220;PACTO DE MAYO&#8221; PARA EL 9 DE JULIO"}]},{"@type":"WebSite","@id":"https:\/\/apuntesdesanluis.com\/#website","url":"https:\/\/apuntesdesanluis.com\/","name":"Apuntes de San Luis","description":"","publisher":{"@id":"https:\/\/apuntesdesanluis.com\/#\/schema\/person\/b55151d52296fcce64d1a72538a70b90"},"potentialAction":[{"@type":"SearchAction","target":{"@type":"EntryPoint","urlTemplate":"https:\/\/apuntesdesanluis.com\/?s={search_term_string}"},"query-input":{"@type":"PropertyValueSpecification","valueRequired":true,"valueName":"search_term_string"}}],"inLanguage":"es-AR"},{"@type":["Person","Organization"],"@id":"https:\/\/apuntesdesanluis.com\/#\/schema\/person\/b55151d52296fcce64d1a72538a70b90","name":"apuntesdesanluis.com","image":{"@type":"ImageObject","inLanguage":"es-AR","@id":"https:\/\/apuntesdesanluis.com\/#\/schema\/person\/image\/","url":"https:\/\/apuntesdesanluis.com\/wp-content\/uploads\/2023\/07\/cropped-apuntesdesanluis.png","contentUrl":"https:\/\/apuntesdesanluis.com\/wp-content\/uploads\/2023\/07\/cropped-apuntesdesanluis.png","width":450,"height":112,"caption":"apuntesdesanluis.com"},"logo":{"@id":"https:\/\/apuntesdesanluis.com\/#\/schema\/person\/image\/"},"sameAs":["https:\/\/apuntesdesanluis.com"],"url":"https:\/\/apuntesdesanluis.com\/index.php\/author\/apuntesdesanluis-com\/"}]}},"featured_image_urls":{"full":["https:\/\/apuntesdesanluis.com\/wp-content\/uploads\/2024\/01\/milei-8.png",694,444,false],"thumbnail":["https:\/\/apuntesdesanluis.com\/wp-content\/uploads\/2024\/01\/milei-8-150x150.png",150,150,true],"medium":["https:\/\/apuntesdesanluis.com\/wp-content\/uploads\/2024\/01\/milei-8-300x192.png",300,192,true],"medium_large":["https:\/\/apuntesdesanluis.com\/wp-content\/uploads\/2024\/01\/milei-8.png",640,409,false],"large":["https:\/\/apuntesdesanluis.com\/wp-content\/uploads\/2024\/01\/milei-8.png",640,409,false],"1536x1536":["https:\/\/apuntesdesanluis.com\/wp-content\/uploads\/2024\/01\/milei-8.png",694,444,false],"2048x2048":["https:\/\/apuntesdesanluis.com\/wp-content\/uploads\/2024\/01\/milei-8.png",694,444,false],"newsever-slider-full":["https:\/\/apuntesdesanluis.com\/wp-content\/uploads\/2024\/01\/milei-8.png",694,444,false],"newsever-featured":["https:\/\/apuntesdesanluis.com\/wp-content\/uploads\/2024\/01\/milei-8.png",694,444,false],"newsever-medium":["https:\/\/apuntesdesanluis.com\/wp-content\/uploads\/2024\/01\/milei-8.png",694,444,false]},"author_info":{"display_name":"apuntesdesanluis.com","author_link":"https:\/\/apuntesdesanluis.com\/index.php\/author\/apuntesdesanluis-com\/"},"category_info":"<a href=\"https:\/\/apuntesdesanluis.com\/index.php\/category\/nacionales-internacionales\/\" rel=\"category tag\">Nacionales\/Internacionales<\/a>","tag_info":"Nacionales\/Internacionales","comment_count":"0","_links":{"self":[{"href":"https:\/\/apuntesdesanluis.com\/index.php\/wp-json\/wp\/v2\/posts\/16145","targetHints":{"allow":["GET"]}}],"collection":[{"href":"https:\/\/apuntesdesanluis.com\/index.php\/wp-json\/wp\/v2\/posts"}],"about":[{"href":"https:\/\/apuntesdesanluis.com\/index.php\/wp-json\/wp\/v2\/types\/post"}],"author":[{"embeddable":true,"href":"https:\/\/apuntesdesanluis.com\/index.php\/wp-json\/wp\/v2\/users\/1"}],"replies":[{"embeddable":true,"href":"https:\/\/apuntesdesanluis.com\/index.php\/wp-json\/wp\/v2\/comments?post=16145"}],"version-history":[{"count":1,"href":"https:\/\/apuntesdesanluis.com\/index.php\/wp-json\/wp\/v2\/posts\/16145\/revisions"}],"predecessor-version":[{"id":16146,"href":"https:\/\/apuntesdesanluis.com\/index.php\/wp-json\/wp\/v2\/posts\/16145\/revisions\/16146"}],"wp:featuredmedia":[{"embeddable":true,"href":"https:\/\/apuntesdesanluis.com\/index.php\/wp-json\/wp\/v2\/media\/10615"}],"wp:attachment":[{"href":"https:\/\/apuntesdesanluis.com\/index.php\/wp-json\/wp\/v2\/media?parent=16145"}],"wp:term":[{"taxonomy":"category","embeddable":true,"href":"https:\/\/apuntesdesanluis.com\/index.php\/wp-json\/wp\/v2\/categories?post=16145"},{"taxonomy":"post_tag","embeddable":true,"href":"https:\/\/apuntesdesanluis.com\/index.php\/wp-json\/wp\/v2\/tags?post=16145"}],"curies":[{"name":"wp","href":"https:\/\/api.w.org\/{rel}","templated":true}]}}