{"id":16159,"date":"2024-05-14T20:04:25","date_gmt":"2024-05-14T23:04:25","guid":{"rendered":"https:\/\/apuntesdesanluis.com\/?p=16159"},"modified":"2024-05-14T20:04:25","modified_gmt":"2024-05-14T23:04:25","slug":"hay-complicidad-del-gobierno-con-la-patronal-para-oprimir-a-los-trabajadores","status":"publish","type":"post","link":"https:\/\/apuntesdesanluis.com\/index.php\/2024\/05\/14\/hay-complicidad-del-gobierno-con-la-patronal-para-oprimir-a-los-trabajadores\/","title":{"rendered":"\u201cHAY COMPLICIDAD DEL GOBIERNO CON LA PATRONAL PARA OPRIMIR A LOS TRABAJADORES\u201d"},"content":{"rendered":"<h3>As\u00ed lo consider\u00f3 <strong>Marcelo Periale<\/strong>, Secretario General del<strong> Sindicato de Trabajadores de la Carne<\/strong>, ante la decisi\u00f3n de las C\u00e1maras Exportadoras de abonar los salarios sin respetar lo acordado en paritarias, con la excusa de la falta de homologaci\u00f3n por parte del gobierno.<\/h3>\n<h3>\u201cAsistimos a una situaci\u00f3n de clara complicidad entre el gobierno y este sector empresario, porque el Ministerio de Trabajo, que hist\u00f3ricamente homolog\u00f3 los acuerdos, ahora no lo hace y de ese modo habilita que se incumpla con lo acordado en las negociaciones paritarias, perjudicando los ingresos de los trabajadores\u201d, enfatiz\u00f3.<\/h3>\n<h3>El dirigente agreg\u00f3 que \u201csugestivamente las c\u00e1maras de consumo interno, es decir aquellas que no exportan, s\u00ed han reconocido el aumento y de hecho lo est\u00e1n abonando. Pero el Consorcio de Exportadores, que integra <strong>Marfrig<\/strong> entre otros y que son las que m\u00e1s rentabilidad tienen, desconoce lo acordado\u201d.<\/h3>\n<h3>Finalmente Periale advirti\u00f3: \u201cDesde nuestra Federaci\u00f3n hemos ratificado la firme defensa de nuestros derechos y los acuerdo alcanzados, de manera tal que si el sector empresario insiste en esta actitud abusiva, que constituye un claro atropello, deberemos convocar a las bases para delinear un plan de lucha\u201d.<\/h3>\n<p>&nbsp;<\/p>\n<p><img fetchpriority=\"high\" decoding=\"async\" class=\"wp-image-16160 aligncenter\" src=\"https:\/\/apuntesdesanluis.com\/wp-content\/uploads\/2024\/05\/SINDICATO-DE-LA-CARNE-248x300.png\" alt=\"\" width=\"556\" height=\"673\" srcset=\"https:\/\/apuntesdesanluis.com\/wp-content\/uploads\/2024\/05\/SINDICATO-DE-LA-CARNE-248x300.png 248w, https:\/\/apuntesdesanluis.com\/wp-content\/uploads\/2024\/05\/SINDICATO-DE-LA-CARNE.png 458w\" sizes=\"(max-width: 556px) 100vw, 556px\" \/><\/p>\n<p>&nbsp;<\/p>\n<p>&nbsp;<\/p>\n<p>&nbsp;<\/p>\n<p>&nbsp;<\/p>\n<p>&nbsp;<\/p>\n<p>&nbsp;<\/p>\n<p>&nbsp;<\/p>\n","protected":false},"excerpt":{"rendered":"<p>As\u00ed lo consider\u00f3 Marcelo Periale, Secretario General del Sindicato de Trabajadores de la Carne, ante&#8230;<\/p>\n","protected":false},"author":1,"featured_media":2411,"comment_status":"closed","ping_status":"closed","sticky":false,"template":"","format":"standard","meta":{"footnotes":""},"categories":[6],"tags":[],"class_list":["post-16159","post","type-post","status-publish","format-standard","has-post-thumbnail","hentry","category-ciudad-provincia"],"yoast_head":"<!-- This site is optimized with the Yoast SEO plugin v26.1.1 - https:\/\/yoast.com\/wordpress\/plugins\/seo\/ -->\n<title>\u201cHAY COMPLICIDAD DEL GOBIERNO CON LA PATRONAL PARA OPRIMIR A LOS TRABAJADORES\u201d - Apuntes de San Luis<\/title>\n<meta name=\"robots\" content=\"index, follow, max-snippet:-1, max-image-preview:large, max-video-preview:-1\" \/>\n<link rel=\"canonical\" href=\"https:\/\/apuntesdesanluis.com\/index.php\/2024\/05\/14\/hay-complicidad-del-gobierno-con-la-patronal-para-oprimir-a-los-trabajadores\/\" \/>\n<meta property=\"og:locale\" content=\"es_ES\" \/>\n<meta property=\"og:type\" content=\"article\" \/>\n<meta property=\"og:title\" content=\"\u201cHAY COMPLICIDAD DEL GOBIERNO CON LA PATRONAL PARA OPRIMIR A LOS TRABAJADORES\u201d - Apuntes de San Luis\" \/>\n<meta property=\"og:description\" content=\"As\u00ed lo consider\u00f3 Marcelo Periale, Secretario General del Sindicato de Trabajadores de la Carne, ante...\" \/>\n<meta property=\"og:url\" content=\"https:\/\/apuntesdesanluis.com\/index.php\/2024\/05\/14\/hay-complicidad-del-gobierno-con-la-patronal-para-oprimir-a-los-trabajadores\/\" \/>\n<meta property=\"og:site_name\" content=\"Apuntes de San Luis\" \/>\n<meta property=\"article:published_time\" content=\"2024-05-14T23:04:25+00:00\" \/>\n<meta property=\"og:image\" content=\"https:\/\/apuntesdesanluis.com\/wp-content\/uploads\/2023\/08\/quickffod-periale.png\" \/>\n\t<meta property=\"og:image:width\" content=\"700\" \/>\n\t<meta property=\"og:image:height\" content=\"435\" \/>\n\t<meta property=\"og:image:type\" content=\"image\/png\" \/>\n<meta name=\"author\" content=\"apuntesdesanluis.com\" \/>\n<meta name=\"twitter:card\" content=\"summary_large_image\" \/>\n<meta name=\"twitter:label1\" content=\"Escrito por\" \/>\n\t<meta name=\"twitter:data1\" content=\"apuntesdesanluis.com\" \/>\n\t<meta name=\"twitter:label2\" content=\"Tiempo de lectura\" \/>\n\t<meta name=\"twitter:data2\" content=\"2 minutos\" \/>\n<script type=\"application\/ld+json\" class=\"yoast-schema-graph\">{\"@context\":\"https:\/\/schema.org\",\"@graph\":[{\"@type\":\"Article\",\"@id\":\"https:\/\/apuntesdesanluis.com\/index.php\/2024\/05\/14\/hay-complicidad-del-gobierno-con-la-patronal-para-oprimir-a-los-trabajadores\/#article\",\"isPartOf\":{\"@id\":\"https:\/\/apuntesdesanluis.com\/index.php\/2024\/05\/14\/hay-complicidad-del-gobierno-con-la-patronal-para-oprimir-a-los-trabajadores\/\"},\"author\":{\"name\":\"apuntesdesanluis.com\",\"@id\":\"https:\/\/apuntesdesanluis.com\/#\/schema\/person\/b55151d52296fcce64d1a72538a70b90\"},\"headline\":\"\u201cHAY COMPLICIDAD DEL GOBIERNO CON LA PATRONAL PARA OPRIMIR A LOS TRABAJADORES\u201d\",\"datePublished\":\"2024-05-14T23:04:25+00:00\",\"mainEntityOfPage\":{\"@id\":\"https:\/\/apuntesdesanluis.com\/index.php\/2024\/05\/14\/hay-complicidad-del-gobierno-con-la-patronal-para-oprimir-a-los-trabajadores\/\"},\"wordCount\":217,\"publisher\":{\"@id\":\"https:\/\/apuntesdesanluis.com\/#\/schema\/person\/b55151d52296fcce64d1a72538a70b90\"},\"image\":{\"@id\":\"https:\/\/apuntesdesanluis.com\/index.php\/2024\/05\/14\/hay-complicidad-del-gobierno-con-la-patronal-para-oprimir-a-los-trabajadores\/#primaryimage\"},\"thumbnailUrl\":\"https:\/\/apuntesdesanluis.com\/wp-content\/uploads\/2023\/08\/quickffod-periale.png\",\"articleSection\":[\"Ciudad\/Provincia\"],\"inLanguage\":\"es-AR\"},{\"@type\":\"WebPage\",\"@id\":\"https:\/\/apuntesdesanluis.com\/index.php\/2024\/05\/14\/hay-complicidad-del-gobierno-con-la-patronal-para-oprimir-a-los-trabajadores\/\",\"url\":\"https:\/\/apuntesdesanluis.com\/index.php\/2024\/05\/14\/hay-complicidad-del-gobierno-con-la-patronal-para-oprimir-a-los-trabajadores\/\",\"name\":\"\u201cHAY COMPLICIDAD DEL GOBIERNO CON LA PATRONAL PARA OPRIMIR A LOS TRABAJADORES\u201d - Apuntes de San Luis\",\"isPartOf\":{\"@id\":\"https:\/\/apuntesdesanluis.com\/#website\"},\"primaryImageOfPage\":{\"@id\":\"https:\/\/apuntesdesanluis.com\/index.php\/2024\/05\/14\/hay-complicidad-del-gobierno-con-la-patronal-para-oprimir-a-los-trabajadores\/#primaryimage\"},\"image\":{\"@id\":\"https:\/\/apuntesdesanluis.com\/index.php\/2024\/05\/14\/hay-complicidad-del-gobierno-con-la-patronal-para-oprimir-a-los-trabajadores\/#primaryimage\"},\"thumbnailUrl\":\"https:\/\/apuntesdesanluis.com\/wp-content\/uploads\/2023\/08\/quickffod-periale.png\",\"datePublished\":\"2024-05-14T23:04:25+00:00\",\"breadcrumb\":{\"@id\":\"https:\/\/apuntesdesanluis.com\/index.php\/2024\/05\/14\/hay-complicidad-del-gobierno-con-la-patronal-para-oprimir-a-los-trabajadores\/#breadcrumb\"},\"inLanguage\":\"es-AR\",\"potentialAction\":[{\"@type\":\"ReadAction\",\"target\":[\"https:\/\/apuntesdesanluis.com\/index.php\/2024\/05\/14\/hay-complicidad-del-gobierno-con-la-patronal-para-oprimir-a-los-trabajadores\/\"]}]},{\"@type\":\"ImageObject\",\"inLanguage\":\"es-AR\",\"@id\":\"https:\/\/apuntesdesanluis.com\/index.php\/2024\/05\/14\/hay-complicidad-del-gobierno-con-la-patronal-para-oprimir-a-los-trabajadores\/#primaryimage\",\"url\":\"https:\/\/apuntesdesanluis.com\/wp-content\/uploads\/2023\/08\/quickffod-periale.png\",\"contentUrl\":\"https:\/\/apuntesdesanluis.com\/wp-content\/uploads\/2023\/08\/quickffod-periale.png\",\"width\":700,\"height\":435},{\"@type\":\"BreadcrumbList\",\"@id\":\"https:\/\/apuntesdesanluis.com\/index.php\/2024\/05\/14\/hay-complicidad-del-gobierno-con-la-patronal-para-oprimir-a-los-trabajadores\/#breadcrumb\",\"itemListElement\":[{\"@type\":\"ListItem\",\"position\":1,\"name\":\"Inicio\",\"item\":\"https:\/\/apuntesdesanluis.com\/\"},{\"@type\":\"ListItem\",\"position\":2,\"name\":\"\u201cHAY COMPLICIDAD DEL GOBIERNO CON LA PATRONAL PARA OPRIMIR A LOS TRABAJADORES\u201d\"}]},{\"@type\":\"WebSite\",\"@id\":\"https:\/\/apuntesdesanluis.com\/#website\",\"url\":\"https:\/\/apuntesdesanluis.com\/\",\"name\":\"Apuntes de San Luis\",\"description\":\"\",\"publisher\":{\"@id\":\"https:\/\/apuntesdesanluis.com\/#\/schema\/person\/b55151d52296fcce64d1a72538a70b90\"},\"potentialAction\":[{\"@type\":\"SearchAction\",\"target\":{\"@type\":\"EntryPoint\",\"urlTemplate\":\"https:\/\/apuntesdesanluis.com\/?s={search_term_string}\"},\"query-input\":{\"@type\":\"PropertyValueSpecification\",\"valueRequired\":true,\"valueName\":\"search_term_string\"}}],\"inLanguage\":\"es-AR\"},{\"@type\":[\"Person\",\"Organization\"],\"@id\":\"https:\/\/apuntesdesanluis.com\/#\/schema\/person\/b55151d52296fcce64d1a72538a70b90\",\"name\":\"apuntesdesanluis.com\",\"image\":{\"@type\":\"ImageObject\",\"inLanguage\":\"es-AR\",\"@id\":\"https:\/\/apuntesdesanluis.com\/#\/schema\/person\/image\/\",\"url\":\"https:\/\/apuntesdesanluis.com\/wp-content\/uploads\/2023\/07\/cropped-apuntesdesanluis.png\",\"contentUrl\":\"https:\/\/apuntesdesanluis.com\/wp-content\/uploads\/2023\/07\/cropped-apuntesdesanluis.png\",\"width\":450,\"height\":112,\"caption\":\"apuntesdesanluis.com\"},\"logo\":{\"@id\":\"https:\/\/apuntesdesanluis.com\/#\/schema\/person\/image\/\"},\"sameAs\":[\"https:\/\/apuntesdesanluis.com\"],\"url\":\"https:\/\/apuntesdesanluis.com\/index.php\/author\/apuntesdesanluis-com\/\"}]}<\/script>\n<!-- \/ Yoast SEO plugin. -->","yoast_head_json":{"title":"\u201cHAY COMPLICIDAD DEL GOBIERNO CON LA PATRONAL PARA OPRIMIR A LOS TRABAJADORES\u201d - Apuntes de San Luis","robots":{"index":"index","follow":"follow","max-snippet":"max-snippet:-1","max-image-preview":"max-image-preview:large","max-video-preview":"max-video-preview:-1"},"canonical":"https:\/\/apuntesdesanluis.com\/index.php\/2024\/05\/14\/hay-complicidad-del-gobierno-con-la-patronal-para-oprimir-a-los-trabajadores\/","og_locale":"es_ES","og_type":"article","og_title":"\u201cHAY COMPLICIDAD DEL GOBIERNO CON LA PATRONAL PARA OPRIMIR A LOS TRABAJADORES\u201d - Apuntes de San Luis","og_description":"As\u00ed lo consider\u00f3 Marcelo Periale, Secretario General del Sindicato de Trabajadores de la Carne, ante...","og_url":"https:\/\/apuntesdesanluis.com\/index.php\/2024\/05\/14\/hay-complicidad-del-gobierno-con-la-patronal-para-oprimir-a-los-trabajadores\/","og_site_name":"Apuntes de San Luis","article_published_time":"2024-05-14T23:04:25+00:00","og_image":[{"width":700,"height":435,"url":"https:\/\/apuntesdesanluis.com\/wp-content\/uploads\/2023\/08\/quickffod-periale.png","type":"image\/png"}],"author":"apuntesdesanluis.com","twitter_card":"summary_large_image","twitter_misc":{"Escrito por":"apuntesdesanluis.com","Tiempo de lectura":"2 minutos"},"schema":{"@context":"https:\/\/schema.org","@graph":[{"@type":"Article","@id":"https:\/\/apuntesdesanluis.com\/index.php\/2024\/05\/14\/hay-complicidad-del-gobierno-con-la-patronal-para-oprimir-a-los-trabajadores\/#article","isPartOf":{"@id":"https:\/\/apuntesdesanluis.com\/index.php\/2024\/05\/14\/hay-complicidad-del-gobierno-con-la-patronal-para-oprimir-a-los-trabajadores\/"},"author":{"name":"apuntesdesanluis.com","@id":"https:\/\/apuntesdesanluis.com\/#\/schema\/person\/b55151d52296fcce64d1a72538a70b90"},"headline":"\u201cHAY COMPLICIDAD DEL GOBIERNO CON LA PATRONAL PARA OPRIMIR A LOS TRABAJADORES\u201d","datePublished":"2024-05-14T23:04:25+00:00","mainEntityOfPage":{"@id":"https:\/\/apuntesdesanluis.com\/index.php\/2024\/05\/14\/hay-complicidad-del-gobierno-con-la-patronal-para-oprimir-a-los-trabajadores\/"},"wordCount":217,"publisher":{"@id":"https:\/\/apuntesdesanluis.com\/#\/schema\/person\/b55151d52296fcce64d1a72538a70b90"},"image":{"@id":"https:\/\/apuntesdesanluis.com\/index.php\/2024\/05\/14\/hay-complicidad-del-gobierno-con-la-patronal-para-oprimir-a-los-trabajadores\/#primaryimage"},"thumbnailUrl":"https:\/\/apuntesdesanluis.com\/wp-content\/uploads\/2023\/08\/quickffod-periale.png","articleSection":["Ciudad\/Provincia"],"inLanguage":"es-AR"},{"@type":"WebPage","@id":"https:\/\/apuntesdesanluis.com\/index.php\/2024\/05\/14\/hay-complicidad-del-gobierno-con-la-patronal-para-oprimir-a-los-trabajadores\/","url":"https:\/\/apuntesdesanluis.com\/index.php\/2024\/05\/14\/hay-complicidad-del-gobierno-con-la-patronal-para-oprimir-a-los-trabajadores\/","name":"\u201cHAY COMPLICIDAD DEL GOBIERNO CON LA PATRONAL PARA OPRIMIR A LOS TRABAJADORES\u201d - Apuntes de San Luis","isPartOf":{"@id":"https:\/\/apuntesdesanluis.com\/#website"},"primaryImageOfPage":{"@id":"https:\/\/apuntesdesanluis.com\/index.php\/2024\/05\/14\/hay-complicidad-del-gobierno-con-la-patronal-para-oprimir-a-los-trabajadores\/#primaryimage"},"image":{"@id":"https:\/\/apuntesdesanluis.com\/index.php\/2024\/05\/14\/hay-complicidad-del-gobierno-con-la-patronal-para-oprimir-a-los-trabajadores\/#primaryimage"},"thumbnailUrl":"https:\/\/apuntesdesanluis.com\/wp-content\/uploads\/2023\/08\/quickffod-periale.png","datePublished":"2024-05-14T23:04:25+00:00","breadcrumb":{"@id":"https:\/\/apuntesdesanluis.com\/index.php\/2024\/05\/14\/hay-complicidad-del-gobierno-con-la-patronal-para-oprimir-a-los-trabajadores\/#breadcrumb"},"inLanguage":"es-AR","potentialAction":[{"@type":"ReadAction","target":["https:\/\/apuntesdesanluis.com\/index.php\/2024\/05\/14\/hay-complicidad-del-gobierno-con-la-patronal-para-oprimir-a-los-trabajadores\/"]}]},{"@type":"ImageObject","inLanguage":"es-AR","@id":"https:\/\/apuntesdesanluis.com\/index.php\/2024\/05\/14\/hay-complicidad-del-gobierno-con-la-patronal-para-oprimir-a-los-trabajadores\/#primaryimage","url":"https:\/\/apuntesdesanluis.com\/wp-content\/uploads\/2023\/08\/quickffod-periale.png","contentUrl":"https:\/\/apuntesdesanluis.com\/wp-content\/uploads\/2023\/08\/quickffod-periale.png","width":700,"height":435},{"@type":"BreadcrumbList","@id":"https:\/\/apuntesdesanluis.com\/index.php\/2024\/05\/14\/hay-complicidad-del-gobierno-con-la-patronal-para-oprimir-a-los-trabajadores\/#breadcrumb","itemListElement":[{"@type":"ListItem","position":1,"name":"Inicio","item":"https:\/\/apuntesdesanluis.com\/"},{"@type":"ListItem","position":2,"name":"\u201cHAY COMPLICIDAD DEL GOBIERNO CON LA PATRONAL PARA OPRIMIR A LOS TRABAJADORES\u201d"}]},{"@type":"WebSite","@id":"https:\/\/apuntesdesanluis.com\/#website","url":"https:\/\/apuntesdesanluis.com\/","name":"Apuntes de San Luis","description":"","publisher":{"@id":"https:\/\/apuntesdesanluis.com\/#\/schema\/person\/b55151d52296fcce64d1a72538a70b90"},"potentialAction":[{"@type":"SearchAction","target":{"@type":"EntryPoint","urlTemplate":"https:\/\/apuntesdesanluis.com\/?s={search_term_string}"},"query-input":{"@type":"PropertyValueSpecification","valueRequired":true,"valueName":"search_term_string"}}],"inLanguage":"es-AR"},{"@type":["Person","Organization"],"@id":"https:\/\/apuntesdesanluis.com\/#\/schema\/person\/b55151d52296fcce64d1a72538a70b90","name":"apuntesdesanluis.com","image":{"@type":"ImageObject","inLanguage":"es-AR","@id":"https:\/\/apuntesdesanluis.com\/#\/schema\/person\/image\/","url":"https:\/\/apuntesdesanluis.com\/wp-content\/uploads\/2023\/07\/cropped-apuntesdesanluis.png","contentUrl":"https:\/\/apuntesdesanluis.com\/wp-content\/uploads\/2023\/07\/cropped-apuntesdesanluis.png","width":450,"height":112,"caption":"apuntesdesanluis.com"},"logo":{"@id":"https:\/\/apuntesdesanluis.com\/#\/schema\/person\/image\/"},"sameAs":["https:\/\/apuntesdesanluis.com"],"url":"https:\/\/apuntesdesanluis.com\/index.php\/author\/apuntesdesanluis-com\/"}]}},"featured_image_urls":{"full":["https:\/\/apuntesdesanluis.com\/wp-content\/uploads\/2023\/08\/quickffod-periale.png",700,435,false],"thumbnail":["https:\/\/apuntesdesanluis.com\/wp-content\/uploads\/2023\/08\/quickffod-periale-150x150.png",150,150,true],"medium":["https:\/\/apuntesdesanluis.com\/wp-content\/uploads\/2023\/08\/quickffod-periale-300x186.png",300,186,true],"medium_large":["https:\/\/apuntesdesanluis.com\/wp-content\/uploads\/2023\/08\/quickffod-periale.png",640,398,false],"large":["https:\/\/apuntesdesanluis.com\/wp-content\/uploads\/2023\/08\/quickffod-periale.png",640,398,false],"1536x1536":["https:\/\/apuntesdesanluis.com\/wp-content\/uploads\/2023\/08\/quickffod-periale.png",700,435,false],"2048x2048":["https:\/\/apuntesdesanluis.com\/wp-content\/uploads\/2023\/08\/quickffod-periale.png",700,435,false],"newsever-slider-full":["https:\/\/apuntesdesanluis.com\/wp-content\/uploads\/2023\/08\/quickffod-periale.png",700,435,false],"newsever-featured":["https:\/\/apuntesdesanluis.com\/wp-content\/uploads\/2023\/08\/quickffod-periale.png",700,435,false],"newsever-medium":["https:\/\/apuntesdesanluis.com\/wp-content\/uploads\/2023\/08\/quickffod-periale.png",700,435,false]},"author_info":{"display_name":"apuntesdesanluis.com","author_link":"https:\/\/apuntesdesanluis.com\/index.php\/author\/apuntesdesanluis-com\/"},"category_info":"<a href=\"https:\/\/apuntesdesanluis.com\/index.php\/category\/ciudad-provincia\/\" rel=\"category tag\">Ciudad\/Provincia<\/a>","tag_info":"Ciudad\/Provincia","comment_count":"0","_links":{"self":[{"href":"https:\/\/apuntesdesanluis.com\/index.php\/wp-json\/wp\/v2\/posts\/16159","targetHints":{"allow":["GET"]}}],"collection":[{"href":"https:\/\/apuntesdesanluis.com\/index.php\/wp-json\/wp\/v2\/posts"}],"about":[{"href":"https:\/\/apuntesdesanluis.com\/index.php\/wp-json\/wp\/v2\/types\/post"}],"author":[{"embeddable":true,"href":"https:\/\/apuntesdesanluis.com\/index.php\/wp-json\/wp\/v2\/users\/1"}],"replies":[{"embeddable":true,"href":"https:\/\/apuntesdesanluis.com\/index.php\/wp-json\/wp\/v2\/comments?post=16159"}],"version-history":[{"count":1,"href":"https:\/\/apuntesdesanluis.com\/index.php\/wp-json\/wp\/v2\/posts\/16159\/revisions"}],"predecessor-version":[{"id":16161,"href":"https:\/\/apuntesdesanluis.com\/index.php\/wp-json\/wp\/v2\/posts\/16159\/revisions\/16161"}],"wp:featuredmedia":[{"embeddable":true,"href":"https:\/\/apuntesdesanluis.com\/index.php\/wp-json\/wp\/v2\/media\/2411"}],"wp:attachment":[{"href":"https:\/\/apuntesdesanluis.com\/index.php\/wp-json\/wp\/v2\/media?parent=16159"}],"wp:term":[{"taxonomy":"category","embeddable":true,"href":"https:\/\/apuntesdesanluis.com\/index.php\/wp-json\/wp\/v2\/categories?post=16159"},{"taxonomy":"post_tag","embeddable":true,"href":"https:\/\/apuntesdesanluis.com\/index.php\/wp-json\/wp\/v2\/tags?post=16159"}],"curies":[{"name":"wp","href":"https:\/\/api.w.org\/{rel}","templated":true}]}}