{"id":16162,"date":"2024-05-14T20:58:35","date_gmt":"2024-05-14T23:58:35","guid":{"rendered":"https:\/\/apuntesdesanluis.com\/?p=16162"},"modified":"2024-05-14T21:06:41","modified_gmt":"2024-05-15T00:06:41","slug":"los-judiciales-ganaron-la-calle-e-intensifican-su-reclamo-al-gobierno","status":"publish","type":"post","link":"https:\/\/apuntesdesanluis.com\/index.php\/2024\/05\/14\/los-judiciales-ganaron-la-calle-e-intensifican-su-reclamo-al-gobierno\/","title":{"rendered":"LOS JUDICIALES GANARON LA CALLE E INTENSIFICAN SU RECLAMO AL GOBIERNO"},"content":{"rendered":"<h3>Este martes los trabajadores del Poder Judicial protagonizaron una bulliciosa marcha por el centro de Villa Mercedes, como parte de su plan de lucha para visibilizar su rclamo en pos de una recomposici\u00f3n salarial.<\/h3>\n<h3>En la segunda semana de conflicto, continuaron con el cese de actividades por dos horas y le agregaron un paro total de actividades en el Ministerio P\u00fablico Fiscal.<\/h3>\n<p><img fetchpriority=\"high\" decoding=\"async\" class=\"wp-image-16164 aligncenter\" src=\"https:\/\/apuntesdesanluis.com\/wp-content\/uploads\/2024\/05\/marcha-sijupu-300x181.jpg\" alt=\"\" width=\"600\" height=\"362\" srcset=\"https:\/\/apuntesdesanluis.com\/wp-content\/uploads\/2024\/05\/marcha-sijupu-300x181.jpg 300w, https:\/\/apuntesdesanluis.com\/wp-content\/uploads\/2024\/05\/marcha-sijupu-768x464.jpg 768w, https:\/\/apuntesdesanluis.com\/wp-content\/uploads\/2024\/05\/marcha-sijupu.jpg 875w\" sizes=\"(max-width: 600px) 100vw, 600px\" \/><\/p>\n<h3>Como se recordar\u00e1, el gremio judicial mantuvo numerosas reuniones con el Superior Tribunal de Justicia y el Colegio de Magistrados, que dio como resultado la elaboraci\u00f3n de una propuesta conjunta, que fue elevada al gobierno el 17 de abril, pero desde entonces nunca m\u00e1s obtuvieron respuesta.<\/h3>\n<h3>Por ese motivo dispusieron un plan de lucha, que se inici\u00f3 el pasado\u00a0lunes 6 de mayo hasta el viernes 12, consistente en paros de dos (2) horas por turno en las tres circunscripciones judiciales.<\/h3>\n<h3>El <strong>Sindicato Judiciales Puntanos<\/strong> aclar\u00f3 que \u201cse trabaja \u00fanicamente en los casos habilitados y los previstos en el Art\u00edculo 20 de la Ley Org\u00e1nica de Administraci\u00f3n de Justicia (LOAJ) y quita de colaboraci\u00f3n fuera del horario de atenci\u00f3n al p\u00fablico, como as\u00ed tambi\u00e9n en d\u00edas y horas inh\u00e1biles, quedando siempre una guardia m\u00ednima de agente\u201d.<\/h3>\n<h3>En esta segunda semana que se inici\u00f3 el pasado lunes 13 y se extender\u00e1 hasta el 19 contin\u00faan las medidas de la primera semana y se a\u00f1adi\u00f3 el paro total en un sector determinado en las tres circunscripciones judiciales. A lo que suman las marchas p\u00fablicas.<\/h3>\n<!--[if lt IE 9]><script>document.createElement('video');<\/script><![endif]-->\n\t<div class=\"wp-playlist wp-video-playlist wp-playlist-light\">\n\t\t<video controls=\"controls\" preload=\"none\" width=\"618\"\n\t\t height=\"348\"\t><\/video>\n\t<div class=\"wp-playlist-next\"><\/div>\n\t<div class=\"wp-playlist-prev\"><\/div>\n\t<noscript>\n\t<ol>\n\t\t<li><a href='https:\/\/apuntesdesanluis.com\/wp-content\/uploads\/2024\/05\/MARCHA-JUDICIALES.mp4'>MARCHA JUDICIALES<\/a><\/li>\t<\/ol>\n\t<\/noscript>\n\t<script type=\"application\/json\" class=\"wp-playlist-script\">{\"type\":\"video\",\"tracklist\":true,\"tracknumbers\":true,\"images\":true,\"artists\":true,\"tracks\":[{\"src\":\"https:\\\/\\\/apuntesdesanluis.com\\\/wp-content\\\/uploads\\\/2024\\\/05\\\/MARCHA-JUDICIALES.mp4\",\"type\":\"video\\\/mp4\",\"title\":\"MARCHA JUDICIALES\",\"caption\":\"\",\"description\":\"\",\"meta\":{\"length_formatted\":\"0:22\"},\"dimensions\":{\"original\":{\"width\":848,\"height\":478},\"resized\":{\"width\":618,\"height\":348}},\"image\":{\"src\":\"https:\\\/\\\/apuntesdesanluis.com\\\/wp-includes\\\/images\\\/media\\\/video.svg\",\"width\":48,\"height\":64},\"thumb\":{\"src\":\"https:\\\/\\\/apuntesdesanluis.com\\\/wp-includes\\\/images\\\/media\\\/video.svg\",\"width\":48,\"height\":64}}]}<\/script>\n<\/div>\n\t\n<h3>Para la tercera semana que se inicia el lunes 20 hasta el 26 se mantendr\u00e1n las medidas de fuerza de la primera y segunda semana, m\u00e1s un paro total de actividades en otro sector determinado, que ser\u00eda el sistema de defensa.<\/h3>\n<h3>Al frente de la marcha de esta martes se encontraba el secretario General del SiJuPu, <strong>Luciano Cardarelli<\/strong>, quien consultado por <strong>Apuntes de San Luis<\/strong> reiter\u00f3 que \u201cel plan de lucha se origin\u00f3 en la falta de di\u00e1logo y respuestas del Poder Ejecutivo frente al proyecto presentado oportunamente por el Sindicato Judiciales Puntanos y los Colegios de Magistrados\/as y Funcionarios\/as: \u201cSituaci\u00f3n Actual del Poder Judicial y Propuesta Salarial\u201d, y no contar el STJ con partidas extraordinarias para hacer frente a esos requerimientos y poder actuar como un poder independiente.<\/h3>\n<h3>Agreg\u00f3 asimismo que ante el congelamiento salarial y la constante suba de los precios, cerca del 60% de los empleados judiciales perciben ingresos que est\u00e1n por debajo de la l\u00ednea de pobreza. Ejemplific\u00f3 que los casos m\u00e1s graves ata\u00f1en a las categor\u00edas m\u00e1s bajas, de administrativos y maestranza, que tienen como sueldo inicial apenas $340.000.<\/h3>\n<h3>Precisamente este martes se dio a conocer una baja de la inflaci\u00f3n, que se ubic\u00f3 en 8,8% en abril, pero al mismo tiempo el INDEC calcul\u00f3 que una familia tipo necesita $828.000 para no ser pobre. Adem\u00e1s, la canasta alimentaria creci\u00f3 4,2% y se necesitaron <strong>$373.044<\/strong>\u00a0para no ser indigente<\/h3>\n<p><img decoding=\"async\" class=\"wp-image-16170 aligncenter\" src=\"https:\/\/apuntesdesanluis.com\/wp-content\/uploads\/2024\/05\/cardareli-Luciano-300x195.jpg\" alt=\"\" width=\"532\" height=\"346\" srcset=\"https:\/\/apuntesdesanluis.com\/wp-content\/uploads\/2024\/05\/cardareli-Luciano-300x195.jpg 300w, https:\/\/apuntesdesanluis.com\/wp-content\/uploads\/2024\/05\/cardareli-Luciano.jpg 623w\" sizes=\"(max-width: 532px) 100vw, 532px\" \/><\/p>\n<p>&nbsp;<\/p>\n<!--[if lt IE 9]><script>document.createElement('audio');<\/script><![endif]-->\n<audio class=\"wp-audio-shortcode\" id=\"audio-16162-1\" preload=\"none\" style=\"width: 100%;\" controls=\"controls\"><source type=\"audio\/mpeg\" src=\"https:\/\/apuntesdesanluis.com\/wp-content\/uploads\/2024\/05\/Lucho-Cardarelli.mp3-nuevo.mp3?_=1\" \/><a href=\"https:\/\/apuntesdesanluis.com\/wp-content\/uploads\/2024\/05\/Lucho-Cardarelli.mp3-nuevo.mp3\">https:\/\/apuntesdesanluis.com\/wp-content\/uploads\/2024\/05\/Lucho-Cardarelli.mp3-nuevo.mp3<\/a><\/audio>\n<p>&nbsp;<\/p>\n<p>&nbsp;<\/p>\n<p>&nbsp;<\/p>\n<p>&nbsp;<\/p>\n<p>&nbsp;<\/p>\n<p>&nbsp;<\/p>\n<p>&nbsp;<\/p>\n","protected":false},"excerpt":{"rendered":"<p>Este martes los trabajadores del Poder Judicial protagonizaron una bulliciosa marcha por el centro de&#8230;<\/p>\n","protected":false},"author":1,"featured_media":16163,"comment_status":"closed","ping_status":"closed","sticky":false,"template":"","format":"standard","meta":{"footnotes":""},"categories":[6],"tags":[],"class_list":["post-16162","post","type-post","status-publish","format-standard","has-post-thumbnail","hentry","category-ciudad-provincia"],"yoast_head":"<!-- This site is optimized with the Yoast SEO plugin v26.1.1 - https:\/\/yoast.com\/wordpress\/plugins\/seo\/ -->\n<title>LOS JUDICIALES GANARON LA CALLE E INTENSIFICAN SU RECLAMO AL GOBIERNO - Apuntes de San Luis<\/title>\n<meta name=\"robots\" content=\"index, follow, max-snippet:-1, max-image-preview:large, max-video-preview:-1\" \/>\n<link rel=\"canonical\" href=\"https:\/\/apuntesdesanluis.com\/index.php\/2024\/05\/14\/los-judiciales-ganaron-la-calle-e-intensifican-su-reclamo-al-gobierno\/\" \/>\n<meta property=\"og:locale\" content=\"es_ES\" \/>\n<meta property=\"og:type\" content=\"article\" \/>\n<meta property=\"og:title\" content=\"LOS JUDICIALES GANARON LA CALLE E INTENSIFICAN SU RECLAMO AL GOBIERNO - Apuntes de San Luis\" \/>\n<meta property=\"og:description\" content=\"Este martes los trabajadores del Poder Judicial protagonizaron una bulliciosa marcha por el centro de...\" \/>\n<meta property=\"og:url\" content=\"https:\/\/apuntesdesanluis.com\/index.php\/2024\/05\/14\/los-judiciales-ganaron-la-calle-e-intensifican-su-reclamo-al-gobierno\/\" \/>\n<meta property=\"og:site_name\" content=\"Apuntes de San Luis\" \/>\n<meta property=\"article:published_time\" content=\"2024-05-14T23:58:35+00:00\" \/>\n<meta property=\"article:modified_time\" content=\"2024-05-15T00:06:41+00:00\" \/>\n<meta property=\"og:image\" content=\"https:\/\/apuntesdesanluis.com\/wp-content\/uploads\/2024\/05\/marcha-sijupu-en-villa-mercedes.jpg\" \/>\n\t<meta property=\"og:image:width\" content=\"600\" \/>\n\t<meta property=\"og:image:height\" content=\"319\" \/>\n\t<meta property=\"og:image:type\" content=\"image\/jpeg\" \/>\n<meta name=\"author\" content=\"apuntesdesanluis.com\" \/>\n<meta name=\"twitter:card\" content=\"summary_large_image\" \/>\n<meta name=\"twitter:label1\" content=\"Escrito por\" \/>\n\t<meta name=\"twitter:data1\" content=\"apuntesdesanluis.com\" \/>\n\t<meta name=\"twitter:label2\" content=\"Tiempo de lectura\" \/>\n\t<meta name=\"twitter:data2\" content=\"3 minutos\" \/>\n<script type=\"application\/ld+json\" class=\"yoast-schema-graph\">{\"@context\":\"https:\/\/schema.org\",\"@graph\":[{\"@type\":\"Article\",\"@id\":\"https:\/\/apuntesdesanluis.com\/index.php\/2024\/05\/14\/los-judiciales-ganaron-la-calle-e-intensifican-su-reclamo-al-gobierno\/#article\",\"isPartOf\":{\"@id\":\"https:\/\/apuntesdesanluis.com\/index.php\/2024\/05\/14\/los-judiciales-ganaron-la-calle-e-intensifican-su-reclamo-al-gobierno\/\"},\"author\":{\"name\":\"apuntesdesanluis.com\",\"@id\":\"https:\/\/apuntesdesanluis.com\/#\/schema\/person\/b55151d52296fcce64d1a72538a70b90\"},\"headline\":\"LOS JUDICIALES GANARON LA CALLE E INTENSIFICAN SU RECLAMO AL GOBIERNO\",\"datePublished\":\"2024-05-14T23:58:35+00:00\",\"dateModified\":\"2024-05-15T00:06:41+00:00\",\"mainEntityOfPage\":{\"@id\":\"https:\/\/apuntesdesanluis.com\/index.php\/2024\/05\/14\/los-judiciales-ganaron-la-calle-e-intensifican-su-reclamo-al-gobierno\/\"},\"wordCount\":530,\"publisher\":{\"@id\":\"https:\/\/apuntesdesanluis.com\/#\/schema\/person\/b55151d52296fcce64d1a72538a70b90\"},\"image\":{\"@id\":\"https:\/\/apuntesdesanluis.com\/index.php\/2024\/05\/14\/los-judiciales-ganaron-la-calle-e-intensifican-su-reclamo-al-gobierno\/#primaryimage\"},\"thumbnailUrl\":\"https:\/\/apuntesdesanluis.com\/wp-content\/uploads\/2024\/05\/marcha-sijupu-en-villa-mercedes.jpg\",\"articleSection\":[\"Ciudad\/Provincia\"],\"inLanguage\":\"es-AR\"},{\"@type\":\"WebPage\",\"@id\":\"https:\/\/apuntesdesanluis.com\/index.php\/2024\/05\/14\/los-judiciales-ganaron-la-calle-e-intensifican-su-reclamo-al-gobierno\/\",\"url\":\"https:\/\/apuntesdesanluis.com\/index.php\/2024\/05\/14\/los-judiciales-ganaron-la-calle-e-intensifican-su-reclamo-al-gobierno\/\",\"name\":\"LOS JUDICIALES GANARON LA CALLE E INTENSIFICAN SU RECLAMO AL GOBIERNO - Apuntes de San Luis\",\"isPartOf\":{\"@id\":\"https:\/\/apuntesdesanluis.com\/#website\"},\"primaryImageOfPage\":{\"@id\":\"https:\/\/apuntesdesanluis.com\/index.php\/2024\/05\/14\/los-judiciales-ganaron-la-calle-e-intensifican-su-reclamo-al-gobierno\/#primaryimage\"},\"image\":{\"@id\":\"https:\/\/apuntesdesanluis.com\/index.php\/2024\/05\/14\/los-judiciales-ganaron-la-calle-e-intensifican-su-reclamo-al-gobierno\/#primaryimage\"},\"thumbnailUrl\":\"https:\/\/apuntesdesanluis.com\/wp-content\/uploads\/2024\/05\/marcha-sijupu-en-villa-mercedes.jpg\",\"datePublished\":\"2024-05-14T23:58:35+00:00\",\"dateModified\":\"2024-05-15T00:06:41+00:00\",\"breadcrumb\":{\"@id\":\"https:\/\/apuntesdesanluis.com\/index.php\/2024\/05\/14\/los-judiciales-ganaron-la-calle-e-intensifican-su-reclamo-al-gobierno\/#breadcrumb\"},\"inLanguage\":\"es-AR\",\"potentialAction\":[{\"@type\":\"ReadAction\",\"target\":[\"https:\/\/apuntesdesanluis.com\/index.php\/2024\/05\/14\/los-judiciales-ganaron-la-calle-e-intensifican-su-reclamo-al-gobierno\/\"]}]},{\"@type\":\"ImageObject\",\"inLanguage\":\"es-AR\",\"@id\":\"https:\/\/apuntesdesanluis.com\/index.php\/2024\/05\/14\/los-judiciales-ganaron-la-calle-e-intensifican-su-reclamo-al-gobierno\/#primaryimage\",\"url\":\"https:\/\/apuntesdesanluis.com\/wp-content\/uploads\/2024\/05\/marcha-sijupu-en-villa-mercedes.jpg\",\"contentUrl\":\"https:\/\/apuntesdesanluis.com\/wp-content\/uploads\/2024\/05\/marcha-sijupu-en-villa-mercedes.jpg\",\"width\":600,\"height\":319},{\"@type\":\"BreadcrumbList\",\"@id\":\"https:\/\/apuntesdesanluis.com\/index.php\/2024\/05\/14\/los-judiciales-ganaron-la-calle-e-intensifican-su-reclamo-al-gobierno\/#breadcrumb\",\"itemListElement\":[{\"@type\":\"ListItem\",\"position\":1,\"name\":\"Inicio\",\"item\":\"https:\/\/apuntesdesanluis.com\/\"},{\"@type\":\"ListItem\",\"position\":2,\"name\":\"LOS JUDICIALES GANARON LA CALLE E INTENSIFICAN SU RECLAMO AL GOBIERNO\"}]},{\"@type\":\"WebSite\",\"@id\":\"https:\/\/apuntesdesanluis.com\/#website\",\"url\":\"https:\/\/apuntesdesanluis.com\/\",\"name\":\"Apuntes de San Luis\",\"description\":\"\",\"publisher\":{\"@id\":\"https:\/\/apuntesdesanluis.com\/#\/schema\/person\/b55151d52296fcce64d1a72538a70b90\"},\"potentialAction\":[{\"@type\":\"SearchAction\",\"target\":{\"@type\":\"EntryPoint\",\"urlTemplate\":\"https:\/\/apuntesdesanluis.com\/?s={search_term_string}\"},\"query-input\":{\"@type\":\"PropertyValueSpecification\",\"valueRequired\":true,\"valueName\":\"search_term_string\"}}],\"inLanguage\":\"es-AR\"},{\"@type\":[\"Person\",\"Organization\"],\"@id\":\"https:\/\/apuntesdesanluis.com\/#\/schema\/person\/b55151d52296fcce64d1a72538a70b90\",\"name\":\"apuntesdesanluis.com\",\"image\":{\"@type\":\"ImageObject\",\"inLanguage\":\"es-AR\",\"@id\":\"https:\/\/apuntesdesanluis.com\/#\/schema\/person\/image\/\",\"url\":\"https:\/\/apuntesdesanluis.com\/wp-content\/uploads\/2023\/07\/cropped-apuntesdesanluis.png\",\"contentUrl\":\"https:\/\/apuntesdesanluis.com\/wp-content\/uploads\/2023\/07\/cropped-apuntesdesanluis.png\",\"width\":450,\"height\":112,\"caption\":\"apuntesdesanluis.com\"},\"logo\":{\"@id\":\"https:\/\/apuntesdesanluis.com\/#\/schema\/person\/image\/\"},\"sameAs\":[\"https:\/\/apuntesdesanluis.com\"],\"url\":\"https:\/\/apuntesdesanluis.com\/index.php\/author\/apuntesdesanluis-com\/\"}]}<\/script>\n<!-- \/ Yoast SEO plugin. -->","yoast_head_json":{"title":"LOS JUDICIALES GANARON LA CALLE E INTENSIFICAN SU RECLAMO AL GOBIERNO - Apuntes de San Luis","robots":{"index":"index","follow":"follow","max-snippet":"max-snippet:-1","max-image-preview":"max-image-preview:large","max-video-preview":"max-video-preview:-1"},"canonical":"https:\/\/apuntesdesanluis.com\/index.php\/2024\/05\/14\/los-judiciales-ganaron-la-calle-e-intensifican-su-reclamo-al-gobierno\/","og_locale":"es_ES","og_type":"article","og_title":"LOS JUDICIALES GANARON LA CALLE E INTENSIFICAN SU RECLAMO AL GOBIERNO - Apuntes de San Luis","og_description":"Este martes los trabajadores del Poder Judicial protagonizaron una bulliciosa marcha por el centro de...","og_url":"https:\/\/apuntesdesanluis.com\/index.php\/2024\/05\/14\/los-judiciales-ganaron-la-calle-e-intensifican-su-reclamo-al-gobierno\/","og_site_name":"Apuntes de San Luis","article_published_time":"2024-05-14T23:58:35+00:00","article_modified_time":"2024-05-15T00:06:41+00:00","og_image":[{"width":600,"height":319,"url":"https:\/\/apuntesdesanluis.com\/wp-content\/uploads\/2024\/05\/marcha-sijupu-en-villa-mercedes.jpg","type":"image\/jpeg"}],"author":"apuntesdesanluis.com","twitter_card":"summary_large_image","twitter_misc":{"Escrito por":"apuntesdesanluis.com","Tiempo de lectura":"3 minutos"},"schema":{"@context":"https:\/\/schema.org","@graph":[{"@type":"Article","@id":"https:\/\/apuntesdesanluis.com\/index.php\/2024\/05\/14\/los-judiciales-ganaron-la-calle-e-intensifican-su-reclamo-al-gobierno\/#article","isPartOf":{"@id":"https:\/\/apuntesdesanluis.com\/index.php\/2024\/05\/14\/los-judiciales-ganaron-la-calle-e-intensifican-su-reclamo-al-gobierno\/"},"author":{"name":"apuntesdesanluis.com","@id":"https:\/\/apuntesdesanluis.com\/#\/schema\/person\/b55151d52296fcce64d1a72538a70b90"},"headline":"LOS JUDICIALES GANARON LA CALLE E INTENSIFICAN SU RECLAMO AL GOBIERNO","datePublished":"2024-05-14T23:58:35+00:00","dateModified":"2024-05-15T00:06:41+00:00","mainEntityOfPage":{"@id":"https:\/\/apuntesdesanluis.com\/index.php\/2024\/05\/14\/los-judiciales-ganaron-la-calle-e-intensifican-su-reclamo-al-gobierno\/"},"wordCount":530,"publisher":{"@id":"https:\/\/apuntesdesanluis.com\/#\/schema\/person\/b55151d52296fcce64d1a72538a70b90"},"image":{"@id":"https:\/\/apuntesdesanluis.com\/index.php\/2024\/05\/14\/los-judiciales-ganaron-la-calle-e-intensifican-su-reclamo-al-gobierno\/#primaryimage"},"thumbnailUrl":"https:\/\/apuntesdesanluis.com\/wp-content\/uploads\/2024\/05\/marcha-sijupu-en-villa-mercedes.jpg","articleSection":["Ciudad\/Provincia"],"inLanguage":"es-AR"},{"@type":"WebPage","@id":"https:\/\/apuntesdesanluis.com\/index.php\/2024\/05\/14\/los-judiciales-ganaron-la-calle-e-intensifican-su-reclamo-al-gobierno\/","url":"https:\/\/apuntesdesanluis.com\/index.php\/2024\/05\/14\/los-judiciales-ganaron-la-calle-e-intensifican-su-reclamo-al-gobierno\/","name":"LOS JUDICIALES GANARON LA CALLE E INTENSIFICAN SU RECLAMO AL GOBIERNO - Apuntes de San Luis","isPartOf":{"@id":"https:\/\/apuntesdesanluis.com\/#website"},"primaryImageOfPage":{"@id":"https:\/\/apuntesdesanluis.com\/index.php\/2024\/05\/14\/los-judiciales-ganaron-la-calle-e-intensifican-su-reclamo-al-gobierno\/#primaryimage"},"image":{"@id":"https:\/\/apuntesdesanluis.com\/index.php\/2024\/05\/14\/los-judiciales-ganaron-la-calle-e-intensifican-su-reclamo-al-gobierno\/#primaryimage"},"thumbnailUrl":"https:\/\/apuntesdesanluis.com\/wp-content\/uploads\/2024\/05\/marcha-sijupu-en-villa-mercedes.jpg","datePublished":"2024-05-14T23:58:35+00:00","dateModified":"2024-05-15T00:06:41+00:00","breadcrumb":{"@id":"https:\/\/apuntesdesanluis.com\/index.php\/2024\/05\/14\/los-judiciales-ganaron-la-calle-e-intensifican-su-reclamo-al-gobierno\/#breadcrumb"},"inLanguage":"es-AR","potentialAction":[{"@type":"ReadAction","target":["https:\/\/apuntesdesanluis.com\/index.php\/2024\/05\/14\/los-judiciales-ganaron-la-calle-e-intensifican-su-reclamo-al-gobierno\/"]}]},{"@type":"ImageObject","inLanguage":"es-AR","@id":"https:\/\/apuntesdesanluis.com\/index.php\/2024\/05\/14\/los-judiciales-ganaron-la-calle-e-intensifican-su-reclamo-al-gobierno\/#primaryimage","url":"https:\/\/apuntesdesanluis.com\/wp-content\/uploads\/2024\/05\/marcha-sijupu-en-villa-mercedes.jpg","contentUrl":"https:\/\/apuntesdesanluis.com\/wp-content\/uploads\/2024\/05\/marcha-sijupu-en-villa-mercedes.jpg","width":600,"height":319},{"@type":"BreadcrumbList","@id":"https:\/\/apuntesdesanluis.com\/index.php\/2024\/05\/14\/los-judiciales-ganaron-la-calle-e-intensifican-su-reclamo-al-gobierno\/#breadcrumb","itemListElement":[{"@type":"ListItem","position":1,"name":"Inicio","item":"https:\/\/apuntesdesanluis.com\/"},{"@type":"ListItem","position":2,"name":"LOS JUDICIALES GANARON LA CALLE E INTENSIFICAN SU RECLAMO AL GOBIERNO"}]},{"@type":"WebSite","@id":"https:\/\/apuntesdesanluis.com\/#website","url":"https:\/\/apuntesdesanluis.com\/","name":"Apuntes de San Luis","description":"","publisher":{"@id":"https:\/\/apuntesdesanluis.com\/#\/schema\/person\/b55151d52296fcce64d1a72538a70b90"},"potentialAction":[{"@type":"SearchAction","target":{"@type":"EntryPoint","urlTemplate":"https:\/\/apuntesdesanluis.com\/?s={search_term_string}"},"query-input":{"@type":"PropertyValueSpecification","valueRequired":true,"valueName":"search_term_string"}}],"inLanguage":"es-AR"},{"@type":["Person","Organization"],"@id":"https:\/\/apuntesdesanluis.com\/#\/schema\/person\/b55151d52296fcce64d1a72538a70b90","name":"apuntesdesanluis.com","image":{"@type":"ImageObject","inLanguage":"es-AR","@id":"https:\/\/apuntesdesanluis.com\/#\/schema\/person\/image\/","url":"https:\/\/apuntesdesanluis.com\/wp-content\/uploads\/2023\/07\/cropped-apuntesdesanluis.png","contentUrl":"https:\/\/apuntesdesanluis.com\/wp-content\/uploads\/2023\/07\/cropped-apuntesdesanluis.png","width":450,"height":112,"caption":"apuntesdesanluis.com"},"logo":{"@id":"https:\/\/apuntesdesanluis.com\/#\/schema\/person\/image\/"},"sameAs":["https:\/\/apuntesdesanluis.com"],"url":"https:\/\/apuntesdesanluis.com\/index.php\/author\/apuntesdesanluis-com\/"}]}},"featured_image_urls":{"full":["https:\/\/apuntesdesanluis.com\/wp-content\/uploads\/2024\/05\/marcha-sijupu-en-villa-mercedes.jpg",600,319,false],"thumbnail":["https:\/\/apuntesdesanluis.com\/wp-content\/uploads\/2024\/05\/marcha-sijupu-en-villa-mercedes-150x150.jpg",150,150,true],"medium":["https:\/\/apuntesdesanluis.com\/wp-content\/uploads\/2024\/05\/marcha-sijupu-en-villa-mercedes-300x160.jpg",300,160,true],"medium_large":["https:\/\/apuntesdesanluis.com\/wp-content\/uploads\/2024\/05\/marcha-sijupu-en-villa-mercedes.jpg",600,319,false],"large":["https:\/\/apuntesdesanluis.com\/wp-content\/uploads\/2024\/05\/marcha-sijupu-en-villa-mercedes.jpg",600,319,false],"1536x1536":["https:\/\/apuntesdesanluis.com\/wp-content\/uploads\/2024\/05\/marcha-sijupu-en-villa-mercedes.jpg",600,319,false],"2048x2048":["https:\/\/apuntesdesanluis.com\/wp-content\/uploads\/2024\/05\/marcha-sijupu-en-villa-mercedes.jpg",600,319,false],"newsever-slider-full":["https:\/\/apuntesdesanluis.com\/wp-content\/uploads\/2024\/05\/marcha-sijupu-en-villa-mercedes.jpg",600,319,false],"newsever-featured":["https:\/\/apuntesdesanluis.com\/wp-content\/uploads\/2024\/05\/marcha-sijupu-en-villa-mercedes.jpg",600,319,false],"newsever-medium":["https:\/\/apuntesdesanluis.com\/wp-content\/uploads\/2024\/05\/marcha-sijupu-en-villa-mercedes.jpg",600,319,false]},"author_info":{"display_name":"apuntesdesanluis.com","author_link":"https:\/\/apuntesdesanluis.com\/index.php\/author\/apuntesdesanluis-com\/"},"category_info":"<a href=\"https:\/\/apuntesdesanluis.com\/index.php\/category\/ciudad-provincia\/\" rel=\"category tag\">Ciudad\/Provincia<\/a>","tag_info":"Ciudad\/Provincia","comment_count":"0","_links":{"self":[{"href":"https:\/\/apuntesdesanluis.com\/index.php\/wp-json\/wp\/v2\/posts\/16162","targetHints":{"allow":["GET"]}}],"collection":[{"href":"https:\/\/apuntesdesanluis.com\/index.php\/wp-json\/wp\/v2\/posts"}],"about":[{"href":"https:\/\/apuntesdesanluis.com\/index.php\/wp-json\/wp\/v2\/types\/post"}],"author":[{"embeddable":true,"href":"https:\/\/apuntesdesanluis.com\/index.php\/wp-json\/wp\/v2\/users\/1"}],"replies":[{"embeddable":true,"href":"https:\/\/apuntesdesanluis.com\/index.php\/wp-json\/wp\/v2\/comments?post=16162"}],"version-history":[{"count":4,"href":"https:\/\/apuntesdesanluis.com\/index.php\/wp-json\/wp\/v2\/posts\/16162\/revisions"}],"predecessor-version":[{"id":16175,"href":"https:\/\/apuntesdesanluis.com\/index.php\/wp-json\/wp\/v2\/posts\/16162\/revisions\/16175"}],"wp:featuredmedia":[{"embeddable":true,"href":"https:\/\/apuntesdesanluis.com\/index.php\/wp-json\/wp\/v2\/media\/16163"}],"wp:attachment":[{"href":"https:\/\/apuntesdesanluis.com\/index.php\/wp-json\/wp\/v2\/media?parent=16162"}],"wp:term":[{"taxonomy":"category","embeddable":true,"href":"https:\/\/apuntesdesanluis.com\/index.php\/wp-json\/wp\/v2\/categories?post=16162"},{"taxonomy":"post_tag","embeddable":true,"href":"https:\/\/apuntesdesanluis.com\/index.php\/wp-json\/wp\/v2\/tags?post=16162"}],"curies":[{"name":"wp","href":"https:\/\/api.w.org\/{rel}","templated":true}]}}