{"id":1617,"date":"2023-08-15T14:24:50","date_gmt":"2023-08-15T17:24:50","guid":{"rendered":"https:\/\/apuntesdesanluis.com\/?p=1617"},"modified":"2023-08-15T14:24:50","modified_gmt":"2023-08-15T17:24:50","slug":"no-se-anduvo-con-chiquitas-lo-imputaron-por-la-estafa-de-21-autos","status":"publish","type":"post","link":"https:\/\/apuntesdesanluis.com\/index.php\/2023\/08\/15\/no-se-anduvo-con-chiquitas-lo-imputaron-por-la-estafa-de-21-autos\/","title":{"rendered":"NO SE ANDUVO CON CHIQUITAS: \u00a1LO IMPUTARON POR LA ESTAFA DE 21 AUTOS!"},"content":{"rendered":"<h3>La fiscal\u00eda solicit\u00f3 que se formulen cargos por estafa simple y la querella por estafa especializada. Le concedieron ocho d\u00edas de pr\u00f3rroga de detenci\u00f3n.<\/h3>\n<h3>Este martes se celebr\u00f3 una audiencia de formulaci\u00f3n de cargos en el Juzgado de Garant\u00eda N\u00ba 4 de la Segunda Circunscripci\u00f3n Judicial, cabe mencionar que es la primera que se realiza en la nueva sala de audiencias de dicha dependencia.<\/h3>\n<h3>Estuvieron presentes, el Dr. Santiago Ortiz \u2013Juez de Garant\u00eda N\u00ba 4-, la Dra. Daniela L\u00f3pez Mart\u00edn \u2013Secretaria del Juzgado-, el Fiscal de Instrucci\u00f3n N\u00ba 4, Dr. Leandro Estrada y el Fiscal Adjunto, Dr. Martin Pe\u00f1aloza. En representaci\u00f3n del particular damnificado intervino el Dr. Flavio Avila y como Defensora, la Dra. Noelia P\u00e1ez.<\/h3>\n<p><img fetchpriority=\"high\" decoding=\"async\" class=\"wp-image-1619 aligncenter\" src=\"https:\/\/apuntesdesanluis.com\/wp-content\/uploads\/2023\/08\/leandro-estrada-300x184.png\" alt=\"\" width=\"549\" height=\"337\" srcset=\"https:\/\/apuntesdesanluis.com\/wp-content\/uploads\/2023\/08\/leandro-estrada-300x184.png 300w, https:\/\/apuntesdesanluis.com\/wp-content\/uploads\/2023\/08\/leandro-estrada.png 450w\" sizes=\"(max-width: 549px) 100vw, 549px\" \/><\/p>\n<h3>El fiscal en su relato explic\u00f3 que esta investigaci\u00f3n inici\u00f3 el pasado 26 de abril con la denuncia de dos personas. El imputado y los denunciantes \u2013todos vendedores de autos- manten\u00edan una relaci\u00f3n comercial en donde, mediante un acuerdo de consignaci\u00f3n, los damnificados dispon\u00edan los veh\u00edculos al imputado para la venta y ambos obten\u00edan comisi\u00f3n.<\/h3>\n<h3>El Dr. Estrada relat\u00f3 que el imputado posee una concesionaria de autos en la ciudad de Villa Mercedes. Y es all\u00ed donde recib\u00eda los veh\u00edculos que le remit\u00edan los denunciantes quienes se quedaban con la documentaci\u00f3n hasta que se instrumentara la venta.<\/h3>\n<h3>A mediados de abril, el acusado comenz\u00f3 a desapoderar a las personas -con quienes manten\u00eda la relaci\u00f3n comercial- de 21 autom\u00f3viles.\u00a0 A partir de las denuncias en el fuero penal se inici\u00f3 con la investigaci\u00f3n, en consecuencia se realizaron diversos allanamientos en la concesionaria, en una zona rural, en talleres mec\u00e1nicos, etc, donde se recuperaron 13 rodados.<\/h3>\n<h3>Todas las evidencias indican que el imputado realiz\u00f3 acciones para desapoderar a los damnificados de los automotores. El fiscal a cargo de la investigaci\u00f3n solicit\u00f3 que se formulen cargos por el delito de estafa simple por abuso de confianza por 21 hechos en concurso real.<\/h3>\n<h3>Fundament\u00f3 su petici\u00f3n manifestando que fueron 21 \u2013unidad patrimonial individual-\u00a0 hechos independientes, que requirieron de acciones individuales y diferentes para el desapoderamiento de cada uno de los veh\u00edculos. Adem\u00e1s, mencion\u00f3 los perjuicios econ\u00f3micos aparejados.<\/h3>\n<h3>Y agreg\u00f3 que estas operaciones \u2013con respecto a la relaci\u00f3n comercial-\u00a0 generaron lazos de confianza y seguridad entre las partes.<\/h3>\n<h3>Por otro lado, el representante del particular damnificado adhiri\u00f3 a lo manifestado por la fiscal\u00eda y realiz\u00f3 una descripci\u00f3n de la relaci\u00f3n que exist\u00eda entre el imputado y denunciantes. Explic\u00f3 que los damnificados pon\u00edan a disposici\u00f3n del acusado los autom\u00f3viles para la venta. Cuando ellos advierten conductas irreales, reticentes y el perjuicio econ\u00f3mico proceden a acudir a la justicia.<\/h3>\n<h3>El Dr. \u00c1vila consider\u00f3 que se trata de una estafa especializada (art. 173 C\u00f3digo Penal) teniendo en cuenta las acciones desplegadas por el imputado, y 21 hechos en concurso real ya que cada desapoderamiento obedeci\u00f3 a un plan y a una acci\u00f3n diferente.<\/h3>\n<h3>La Dra. Noelia P\u00e1ez en representaci\u00f3n de la defensa del imputado \u2013quien se abstuvo de declarar- solicit\u00f3 una pr\u00f3rroga de detenci\u00f3n de ocho d\u00edas a los fines de elaborar la teor\u00eda del caso.<\/h3>\n<h3>Finalmente y luego de las exposiciones de las partes, el Dr. Santiago Ortiz tuvo por formulado los cargos de manera provisoria por: estafa simple por el abuso de confianza -21 hechos- en concurso real y por estafa especializada -21 hechos- en concurso real.<\/h3>\n<h3>El juez explic\u00f3 que esta etapa es preliminar y que da inicio a la investigaci\u00f3n preliminar preparatoria. Asimismo inform\u00f3 que es importante tener en cuenta los hechos por los cuales se formulan cargos y que hay que considerar que si bien coinciden en la figura gen\u00e9rica de la estafa la querella considera que hay elementos que podr\u00edan agravarla.<\/h3>\n","protected":false},"excerpt":{"rendered":"<p>La fiscal\u00eda solicit\u00f3 que se formulen cargos por estafa simple y la querella por estafa&#8230;<\/p>\n","protected":false},"author":1,"featured_media":1618,"comment_status":"closed","ping_status":"closed","sticky":false,"template":"","format":"standard","meta":{"footnotes":""},"categories":[6],"tags":[],"class_list":["post-1617","post","type-post","status-publish","format-standard","has-post-thumbnail","hentry","category-ciudad-provincia"],"yoast_head":"<!-- This site is optimized with the Yoast SEO plugin v26.1.1 - https:\/\/yoast.com\/wordpress\/plugins\/seo\/ -->\n<title>NO SE ANDUVO CON CHIQUITAS: \u00a1LO IMPUTARON POR LA ESTAFA DE 21 AUTOS! - Apuntes de San Luis<\/title>\n<meta name=\"robots\" content=\"index, follow, max-snippet:-1, max-image-preview:large, max-video-preview:-1\" \/>\n<link rel=\"canonical\" href=\"https:\/\/apuntesdesanluis.com\/index.php\/2023\/08\/15\/no-se-anduvo-con-chiquitas-lo-imputaron-por-la-estafa-de-21-autos\/\" \/>\n<meta property=\"og:locale\" content=\"es_ES\" \/>\n<meta property=\"og:type\" content=\"article\" \/>\n<meta property=\"og:title\" content=\"NO SE ANDUVO CON CHIQUITAS: \u00a1LO IMPUTARON POR LA ESTAFA DE 21 AUTOS! - Apuntes de San Luis\" \/>\n<meta property=\"og:description\" content=\"La fiscal\u00eda solicit\u00f3 que se formulen cargos por estafa simple y la querella por estafa...\" \/>\n<meta property=\"og:url\" content=\"https:\/\/apuntesdesanluis.com\/index.php\/2023\/08\/15\/no-se-anduvo-con-chiquitas-lo-imputaron-por-la-estafa-de-21-autos\/\" \/>\n<meta property=\"og:site_name\" content=\"Apuntes de San Luis\" \/>\n<meta property=\"article:published_time\" content=\"2023-08-15T17:24:50+00:00\" \/>\n<meta property=\"og:image\" content=\"https:\/\/apuntesdesanluis.com\/wp-content\/uploads\/2023\/08\/imputado-por-venta-de-21-autos.png\" \/>\n\t<meta property=\"og:image:width\" content=\"600\" \/>\n\t<meta property=\"og:image:height\" content=\"415\" \/>\n\t<meta property=\"og:image:type\" content=\"image\/png\" \/>\n<meta name=\"author\" content=\"apuntesdesanluis.com\" \/>\n<meta name=\"twitter:card\" content=\"summary_large_image\" \/>\n<meta name=\"twitter:label1\" content=\"Escrito por\" \/>\n\t<meta name=\"twitter:data1\" content=\"apuntesdesanluis.com\" \/>\n\t<meta name=\"twitter:label2\" content=\"Tiempo de lectura\" \/>\n\t<meta name=\"twitter:data2\" content=\"3 minutos\" \/>\n<script type=\"application\/ld+json\" class=\"yoast-schema-graph\">{\"@context\":\"https:\/\/schema.org\",\"@graph\":[{\"@type\":\"Article\",\"@id\":\"https:\/\/apuntesdesanluis.com\/index.php\/2023\/08\/15\/no-se-anduvo-con-chiquitas-lo-imputaron-por-la-estafa-de-21-autos\/#article\",\"isPartOf\":{\"@id\":\"https:\/\/apuntesdesanluis.com\/index.php\/2023\/08\/15\/no-se-anduvo-con-chiquitas-lo-imputaron-por-la-estafa-de-21-autos\/\"},\"author\":{\"name\":\"apuntesdesanluis.com\",\"@id\":\"https:\/\/apuntesdesanluis.com\/#\/schema\/person\/b55151d52296fcce64d1a72538a70b90\"},\"headline\":\"NO SE ANDUVO CON CHIQUITAS: \u00a1LO IMPUTARON POR LA ESTAFA DE 21 AUTOS!\",\"datePublished\":\"2023-08-15T17:24:50+00:00\",\"mainEntityOfPage\":{\"@id\":\"https:\/\/apuntesdesanluis.com\/index.php\/2023\/08\/15\/no-se-anduvo-con-chiquitas-lo-imputaron-por-la-estafa-de-21-autos\/\"},\"wordCount\":664,\"publisher\":{\"@id\":\"https:\/\/apuntesdesanluis.com\/#\/schema\/person\/b55151d52296fcce64d1a72538a70b90\"},\"image\":{\"@id\":\"https:\/\/apuntesdesanluis.com\/index.php\/2023\/08\/15\/no-se-anduvo-con-chiquitas-lo-imputaron-por-la-estafa-de-21-autos\/#primaryimage\"},\"thumbnailUrl\":\"https:\/\/apuntesdesanluis.com\/wp-content\/uploads\/2023\/08\/imputado-por-venta-de-21-autos.png\",\"articleSection\":[\"Ciudad\/Provincia\"],\"inLanguage\":\"es-AR\"},{\"@type\":\"WebPage\",\"@id\":\"https:\/\/apuntesdesanluis.com\/index.php\/2023\/08\/15\/no-se-anduvo-con-chiquitas-lo-imputaron-por-la-estafa-de-21-autos\/\",\"url\":\"https:\/\/apuntesdesanluis.com\/index.php\/2023\/08\/15\/no-se-anduvo-con-chiquitas-lo-imputaron-por-la-estafa-de-21-autos\/\",\"name\":\"NO SE ANDUVO CON CHIQUITAS: \u00a1LO IMPUTARON POR LA ESTAFA DE 21 AUTOS! - Apuntes de San Luis\",\"isPartOf\":{\"@id\":\"https:\/\/apuntesdesanluis.com\/#website\"},\"primaryImageOfPage\":{\"@id\":\"https:\/\/apuntesdesanluis.com\/index.php\/2023\/08\/15\/no-se-anduvo-con-chiquitas-lo-imputaron-por-la-estafa-de-21-autos\/#primaryimage\"},\"image\":{\"@id\":\"https:\/\/apuntesdesanluis.com\/index.php\/2023\/08\/15\/no-se-anduvo-con-chiquitas-lo-imputaron-por-la-estafa-de-21-autos\/#primaryimage\"},\"thumbnailUrl\":\"https:\/\/apuntesdesanluis.com\/wp-content\/uploads\/2023\/08\/imputado-por-venta-de-21-autos.png\",\"datePublished\":\"2023-08-15T17:24:50+00:00\",\"breadcrumb\":{\"@id\":\"https:\/\/apuntesdesanluis.com\/index.php\/2023\/08\/15\/no-se-anduvo-con-chiquitas-lo-imputaron-por-la-estafa-de-21-autos\/#breadcrumb\"},\"inLanguage\":\"es-AR\",\"potentialAction\":[{\"@type\":\"ReadAction\",\"target\":[\"https:\/\/apuntesdesanluis.com\/index.php\/2023\/08\/15\/no-se-anduvo-con-chiquitas-lo-imputaron-por-la-estafa-de-21-autos\/\"]}]},{\"@type\":\"ImageObject\",\"inLanguage\":\"es-AR\",\"@id\":\"https:\/\/apuntesdesanluis.com\/index.php\/2023\/08\/15\/no-se-anduvo-con-chiquitas-lo-imputaron-por-la-estafa-de-21-autos\/#primaryimage\",\"url\":\"https:\/\/apuntesdesanluis.com\/wp-content\/uploads\/2023\/08\/imputado-por-venta-de-21-autos.png\",\"contentUrl\":\"https:\/\/apuntesdesanluis.com\/wp-content\/uploads\/2023\/08\/imputado-por-venta-de-21-autos.png\",\"width\":600,\"height\":415},{\"@type\":\"BreadcrumbList\",\"@id\":\"https:\/\/apuntesdesanluis.com\/index.php\/2023\/08\/15\/no-se-anduvo-con-chiquitas-lo-imputaron-por-la-estafa-de-21-autos\/#breadcrumb\",\"itemListElement\":[{\"@type\":\"ListItem\",\"position\":1,\"name\":\"Inicio\",\"item\":\"https:\/\/apuntesdesanluis.com\/\"},{\"@type\":\"ListItem\",\"position\":2,\"name\":\"NO SE ANDUVO CON CHIQUITAS: \u00a1LO IMPUTARON POR LA ESTAFA DE 21 AUTOS!\"}]},{\"@type\":\"WebSite\",\"@id\":\"https:\/\/apuntesdesanluis.com\/#website\",\"url\":\"https:\/\/apuntesdesanluis.com\/\",\"name\":\"Apuntes de San Luis\",\"description\":\"\",\"publisher\":{\"@id\":\"https:\/\/apuntesdesanluis.com\/#\/schema\/person\/b55151d52296fcce64d1a72538a70b90\"},\"potentialAction\":[{\"@type\":\"SearchAction\",\"target\":{\"@type\":\"EntryPoint\",\"urlTemplate\":\"https:\/\/apuntesdesanluis.com\/?s={search_term_string}\"},\"query-input\":{\"@type\":\"PropertyValueSpecification\",\"valueRequired\":true,\"valueName\":\"search_term_string\"}}],\"inLanguage\":\"es-AR\"},{\"@type\":[\"Person\",\"Organization\"],\"@id\":\"https:\/\/apuntesdesanluis.com\/#\/schema\/person\/b55151d52296fcce64d1a72538a70b90\",\"name\":\"apuntesdesanluis.com\",\"image\":{\"@type\":\"ImageObject\",\"inLanguage\":\"es-AR\",\"@id\":\"https:\/\/apuntesdesanluis.com\/#\/schema\/person\/image\/\",\"url\":\"https:\/\/apuntesdesanluis.com\/wp-content\/uploads\/2023\/07\/cropped-apuntesdesanluis.png\",\"contentUrl\":\"https:\/\/apuntesdesanluis.com\/wp-content\/uploads\/2023\/07\/cropped-apuntesdesanluis.png\",\"width\":450,\"height\":112,\"caption\":\"apuntesdesanluis.com\"},\"logo\":{\"@id\":\"https:\/\/apuntesdesanluis.com\/#\/schema\/person\/image\/\"},\"sameAs\":[\"https:\/\/apuntesdesanluis.com\"],\"url\":\"https:\/\/apuntesdesanluis.com\/index.php\/author\/apuntesdesanluis-com\/\"}]}<\/script>\n<!-- \/ Yoast SEO plugin. -->","yoast_head_json":{"title":"NO SE ANDUVO CON CHIQUITAS: \u00a1LO IMPUTARON POR LA ESTAFA DE 21 AUTOS! - Apuntes de San Luis","robots":{"index":"index","follow":"follow","max-snippet":"max-snippet:-1","max-image-preview":"max-image-preview:large","max-video-preview":"max-video-preview:-1"},"canonical":"https:\/\/apuntesdesanluis.com\/index.php\/2023\/08\/15\/no-se-anduvo-con-chiquitas-lo-imputaron-por-la-estafa-de-21-autos\/","og_locale":"es_ES","og_type":"article","og_title":"NO SE ANDUVO CON CHIQUITAS: \u00a1LO IMPUTARON POR LA ESTAFA DE 21 AUTOS! - Apuntes de San Luis","og_description":"La fiscal\u00eda solicit\u00f3 que se formulen cargos por estafa simple y la querella por estafa...","og_url":"https:\/\/apuntesdesanluis.com\/index.php\/2023\/08\/15\/no-se-anduvo-con-chiquitas-lo-imputaron-por-la-estafa-de-21-autos\/","og_site_name":"Apuntes de San Luis","article_published_time":"2023-08-15T17:24:50+00:00","og_image":[{"width":600,"height":415,"url":"https:\/\/apuntesdesanluis.com\/wp-content\/uploads\/2023\/08\/imputado-por-venta-de-21-autos.png","type":"image\/png"}],"author":"apuntesdesanluis.com","twitter_card":"summary_large_image","twitter_misc":{"Escrito por":"apuntesdesanluis.com","Tiempo de lectura":"3 minutos"},"schema":{"@context":"https:\/\/schema.org","@graph":[{"@type":"Article","@id":"https:\/\/apuntesdesanluis.com\/index.php\/2023\/08\/15\/no-se-anduvo-con-chiquitas-lo-imputaron-por-la-estafa-de-21-autos\/#article","isPartOf":{"@id":"https:\/\/apuntesdesanluis.com\/index.php\/2023\/08\/15\/no-se-anduvo-con-chiquitas-lo-imputaron-por-la-estafa-de-21-autos\/"},"author":{"name":"apuntesdesanluis.com","@id":"https:\/\/apuntesdesanluis.com\/#\/schema\/person\/b55151d52296fcce64d1a72538a70b90"},"headline":"NO SE ANDUVO CON CHIQUITAS: \u00a1LO IMPUTARON POR LA ESTAFA DE 21 AUTOS!","datePublished":"2023-08-15T17:24:50+00:00","mainEntityOfPage":{"@id":"https:\/\/apuntesdesanluis.com\/index.php\/2023\/08\/15\/no-se-anduvo-con-chiquitas-lo-imputaron-por-la-estafa-de-21-autos\/"},"wordCount":664,"publisher":{"@id":"https:\/\/apuntesdesanluis.com\/#\/schema\/person\/b55151d52296fcce64d1a72538a70b90"},"image":{"@id":"https:\/\/apuntesdesanluis.com\/index.php\/2023\/08\/15\/no-se-anduvo-con-chiquitas-lo-imputaron-por-la-estafa-de-21-autos\/#primaryimage"},"thumbnailUrl":"https:\/\/apuntesdesanluis.com\/wp-content\/uploads\/2023\/08\/imputado-por-venta-de-21-autos.png","articleSection":["Ciudad\/Provincia"],"inLanguage":"es-AR"},{"@type":"WebPage","@id":"https:\/\/apuntesdesanluis.com\/index.php\/2023\/08\/15\/no-se-anduvo-con-chiquitas-lo-imputaron-por-la-estafa-de-21-autos\/","url":"https:\/\/apuntesdesanluis.com\/index.php\/2023\/08\/15\/no-se-anduvo-con-chiquitas-lo-imputaron-por-la-estafa-de-21-autos\/","name":"NO SE ANDUVO CON CHIQUITAS: \u00a1LO IMPUTARON POR LA ESTAFA DE 21 AUTOS! - Apuntes de San Luis","isPartOf":{"@id":"https:\/\/apuntesdesanluis.com\/#website"},"primaryImageOfPage":{"@id":"https:\/\/apuntesdesanluis.com\/index.php\/2023\/08\/15\/no-se-anduvo-con-chiquitas-lo-imputaron-por-la-estafa-de-21-autos\/#primaryimage"},"image":{"@id":"https:\/\/apuntesdesanluis.com\/index.php\/2023\/08\/15\/no-se-anduvo-con-chiquitas-lo-imputaron-por-la-estafa-de-21-autos\/#primaryimage"},"thumbnailUrl":"https:\/\/apuntesdesanluis.com\/wp-content\/uploads\/2023\/08\/imputado-por-venta-de-21-autos.png","datePublished":"2023-08-15T17:24:50+00:00","breadcrumb":{"@id":"https:\/\/apuntesdesanluis.com\/index.php\/2023\/08\/15\/no-se-anduvo-con-chiquitas-lo-imputaron-por-la-estafa-de-21-autos\/#breadcrumb"},"inLanguage":"es-AR","potentialAction":[{"@type":"ReadAction","target":["https:\/\/apuntesdesanluis.com\/index.php\/2023\/08\/15\/no-se-anduvo-con-chiquitas-lo-imputaron-por-la-estafa-de-21-autos\/"]}]},{"@type":"ImageObject","inLanguage":"es-AR","@id":"https:\/\/apuntesdesanluis.com\/index.php\/2023\/08\/15\/no-se-anduvo-con-chiquitas-lo-imputaron-por-la-estafa-de-21-autos\/#primaryimage","url":"https:\/\/apuntesdesanluis.com\/wp-content\/uploads\/2023\/08\/imputado-por-venta-de-21-autos.png","contentUrl":"https:\/\/apuntesdesanluis.com\/wp-content\/uploads\/2023\/08\/imputado-por-venta-de-21-autos.png","width":600,"height":415},{"@type":"BreadcrumbList","@id":"https:\/\/apuntesdesanluis.com\/index.php\/2023\/08\/15\/no-se-anduvo-con-chiquitas-lo-imputaron-por-la-estafa-de-21-autos\/#breadcrumb","itemListElement":[{"@type":"ListItem","position":1,"name":"Inicio","item":"https:\/\/apuntesdesanluis.com\/"},{"@type":"ListItem","position":2,"name":"NO SE ANDUVO CON CHIQUITAS: \u00a1LO IMPUTARON POR LA ESTAFA DE 21 AUTOS!"}]},{"@type":"WebSite","@id":"https:\/\/apuntesdesanluis.com\/#website","url":"https:\/\/apuntesdesanluis.com\/","name":"Apuntes de San Luis","description":"","publisher":{"@id":"https:\/\/apuntesdesanluis.com\/#\/schema\/person\/b55151d52296fcce64d1a72538a70b90"},"potentialAction":[{"@type":"SearchAction","target":{"@type":"EntryPoint","urlTemplate":"https:\/\/apuntesdesanluis.com\/?s={search_term_string}"},"query-input":{"@type":"PropertyValueSpecification","valueRequired":true,"valueName":"search_term_string"}}],"inLanguage":"es-AR"},{"@type":["Person","Organization"],"@id":"https:\/\/apuntesdesanluis.com\/#\/schema\/person\/b55151d52296fcce64d1a72538a70b90","name":"apuntesdesanluis.com","image":{"@type":"ImageObject","inLanguage":"es-AR","@id":"https:\/\/apuntesdesanluis.com\/#\/schema\/person\/image\/","url":"https:\/\/apuntesdesanluis.com\/wp-content\/uploads\/2023\/07\/cropped-apuntesdesanluis.png","contentUrl":"https:\/\/apuntesdesanluis.com\/wp-content\/uploads\/2023\/07\/cropped-apuntesdesanluis.png","width":450,"height":112,"caption":"apuntesdesanluis.com"},"logo":{"@id":"https:\/\/apuntesdesanluis.com\/#\/schema\/person\/image\/"},"sameAs":["https:\/\/apuntesdesanluis.com"],"url":"https:\/\/apuntesdesanluis.com\/index.php\/author\/apuntesdesanluis-com\/"}]}},"featured_image_urls":{"full":["https:\/\/apuntesdesanluis.com\/wp-content\/uploads\/2023\/08\/imputado-por-venta-de-21-autos.png",600,415,false],"thumbnail":["https:\/\/apuntesdesanluis.com\/wp-content\/uploads\/2023\/08\/imputado-por-venta-de-21-autos-150x150.png",150,150,true],"medium":["https:\/\/apuntesdesanluis.com\/wp-content\/uploads\/2023\/08\/imputado-por-venta-de-21-autos-300x208.png",300,208,true],"medium_large":["https:\/\/apuntesdesanluis.com\/wp-content\/uploads\/2023\/08\/imputado-por-venta-de-21-autos.png",600,415,false],"large":["https:\/\/apuntesdesanluis.com\/wp-content\/uploads\/2023\/08\/imputado-por-venta-de-21-autos.png",600,415,false],"1536x1536":["https:\/\/apuntesdesanluis.com\/wp-content\/uploads\/2023\/08\/imputado-por-venta-de-21-autos.png",600,415,false],"2048x2048":["https:\/\/apuntesdesanluis.com\/wp-content\/uploads\/2023\/08\/imputado-por-venta-de-21-autos.png",600,415,false],"newsever-slider-full":["https:\/\/apuntesdesanluis.com\/wp-content\/uploads\/2023\/08\/imputado-por-venta-de-21-autos.png",600,415,false],"newsever-featured":["https:\/\/apuntesdesanluis.com\/wp-content\/uploads\/2023\/08\/imputado-por-venta-de-21-autos.png",600,415,false],"newsever-medium":["https:\/\/apuntesdesanluis.com\/wp-content\/uploads\/2023\/08\/imputado-por-venta-de-21-autos.png",600,415,false]},"author_info":{"display_name":"apuntesdesanluis.com","author_link":"https:\/\/apuntesdesanluis.com\/index.php\/author\/apuntesdesanluis-com\/"},"category_info":"<a href=\"https:\/\/apuntesdesanluis.com\/index.php\/category\/ciudad-provincia\/\" rel=\"category tag\">Ciudad\/Provincia<\/a>","tag_info":"Ciudad\/Provincia","comment_count":"0","_links":{"self":[{"href":"https:\/\/apuntesdesanluis.com\/index.php\/wp-json\/wp\/v2\/posts\/1617","targetHints":{"allow":["GET"]}}],"collection":[{"href":"https:\/\/apuntesdesanluis.com\/index.php\/wp-json\/wp\/v2\/posts"}],"about":[{"href":"https:\/\/apuntesdesanluis.com\/index.php\/wp-json\/wp\/v2\/types\/post"}],"author":[{"embeddable":true,"href":"https:\/\/apuntesdesanluis.com\/index.php\/wp-json\/wp\/v2\/users\/1"}],"replies":[{"embeddable":true,"href":"https:\/\/apuntesdesanluis.com\/index.php\/wp-json\/wp\/v2\/comments?post=1617"}],"version-history":[{"count":1,"href":"https:\/\/apuntesdesanluis.com\/index.php\/wp-json\/wp\/v2\/posts\/1617\/revisions"}],"predecessor-version":[{"id":1620,"href":"https:\/\/apuntesdesanluis.com\/index.php\/wp-json\/wp\/v2\/posts\/1617\/revisions\/1620"}],"wp:featuredmedia":[{"embeddable":true,"href":"https:\/\/apuntesdesanluis.com\/index.php\/wp-json\/wp\/v2\/media\/1618"}],"wp:attachment":[{"href":"https:\/\/apuntesdesanluis.com\/index.php\/wp-json\/wp\/v2\/media?parent=1617"}],"wp:term":[{"taxonomy":"category","embeddable":true,"href":"https:\/\/apuntesdesanluis.com\/index.php\/wp-json\/wp\/v2\/categories?post=1617"},{"taxonomy":"post_tag","embeddable":true,"href":"https:\/\/apuntesdesanluis.com\/index.php\/wp-json\/wp\/v2\/tags?post=1617"}],"curies":[{"name":"wp","href":"https:\/\/api.w.org\/{rel}","templated":true}]}}