{"id":16187,"date":"2024-05-14T23:25:46","date_gmt":"2024-05-15T02:25:46","guid":{"rendered":"https:\/\/apuntesdesanluis.com\/?p=16187"},"modified":"2024-05-15T08:28:23","modified_gmt":"2024-05-15T11:28:23","slug":"se-movilizan-este-miercoles-profesionales-autoconvocados-de-carrera-sanitaria","status":"publish","type":"post","link":"https:\/\/apuntesdesanluis.com\/index.php\/2024\/05\/14\/se-movilizan-este-miercoles-profesionales-autoconvocados-de-carrera-sanitaria\/","title":{"rendered":"SE MOVILIZAN PROFESIONALES DE CARRERA SANITARIA"},"content":{"rendered":"<h3>Los profesionales autoconvocados emitieron una Carta Abierta al Pueblo de San Luis, solicitando acompa\u00f1amiento a la marcha que efectuar\u00e1n este mi\u00e9rcoles, en oposici\u00f3n al proyecto gubernamental que se envi\u00f3 recientemente a la Legislatura provincial, que impulsa modificaciones en el r\u00e9gimen de carrera sanitaria.<\/h3>\n<p><img fetchpriority=\"high\" decoding=\"async\" class=\"wp-image-16189 aligncenter\" src=\"https:\/\/apuntesdesanluis.com\/wp-content\/uploads\/2024\/05\/Marcha-de-salud-300x262.jpg\" alt=\"\" width=\"553\" height=\"483\" srcset=\"https:\/\/apuntesdesanluis.com\/wp-content\/uploads\/2024\/05\/Marcha-de-salud-300x262.jpg 300w, https:\/\/apuntesdesanluis.com\/wp-content\/uploads\/2024\/05\/Marcha-de-salud.jpg 532w\" sizes=\"(max-width: 553px) 100vw, 553px\" \/><\/p>\n<h3>La concentraci\u00f3n ser\u00e1 en Plaza San Mart\u00edn de Villa Mercedes, este mi\u00e9rcoles a las 17:45 h, &#8220;sin banderas partidarias ni gremiales&#8221;, aclaran.<\/h3>\n<h3>En su pronunciamiento, el grupo de profesionales critica la supuesta \u201cprivatizaci\u00f3n de la salud p\u00fablica\u201d y cuestiona la \u201cfalta de insumos, recursos humanos y recomposici\u00f3n salarial\u201d.<\/h3>\n<p><img decoding=\"async\" class=\"wp-image-16188 aligncenter\" src=\"https:\/\/apuntesdesanluis.com\/wp-content\/uploads\/2024\/05\/carta-abierta-201x300.jpg\" alt=\"\" width=\"489\" height=\"730\" srcset=\"https:\/\/apuntesdesanluis.com\/wp-content\/uploads\/2024\/05\/carta-abierta-201x300.jpg 201w, https:\/\/apuntesdesanluis.com\/wp-content\/uploads\/2024\/05\/carta-abierta-686x1024.jpg 686w, https:\/\/apuntesdesanluis.com\/wp-content\/uploads\/2024\/05\/carta-abierta-768x1146.jpg 768w, https:\/\/apuntesdesanluis.com\/wp-content\/uploads\/2024\/05\/carta-abierta.jpg 858w\" sizes=\"(max-width: 489px) 100vw, 489px\" \/><\/p>\n<p>&nbsp;<\/p>\n<p>&nbsp;<\/p>\n<p>&nbsp;<\/p>\n<p>&nbsp;<\/p>\n","protected":false},"excerpt":{"rendered":"<p>Los profesionales autoconvocados emitieron una Carta Abierta al Pueblo de San Luis, solicitando acompa\u00f1amiento a&#8230;<\/p>\n","protected":false},"author":1,"featured_media":10316,"comment_status":"closed","ping_status":"closed","sticky":false,"template":"","format":"standard","meta":{"footnotes":""},"categories":[6],"tags":[],"class_list":["post-16187","post","type-post","status-publish","format-standard","has-post-thumbnail","hentry","category-ciudad-provincia"],"yoast_head":"<!-- This site is optimized with the Yoast SEO plugin v26.1.1 - https:\/\/yoast.com\/wordpress\/plugins\/seo\/ -->\n<title>SE MOVILIZAN PROFESIONALES DE CARRERA SANITARIA - Apuntes de San Luis<\/title>\n<meta name=\"robots\" content=\"index, follow, max-snippet:-1, max-image-preview:large, max-video-preview:-1\" \/>\n<link rel=\"canonical\" href=\"https:\/\/apuntesdesanluis.com\/index.php\/2024\/05\/14\/se-movilizan-este-miercoles-profesionales-autoconvocados-de-carrera-sanitaria\/\" \/>\n<meta property=\"og:locale\" content=\"es_ES\" \/>\n<meta property=\"og:type\" content=\"article\" \/>\n<meta property=\"og:title\" content=\"SE MOVILIZAN PROFESIONALES DE CARRERA SANITARIA - Apuntes de San Luis\" \/>\n<meta property=\"og:description\" content=\"Los profesionales autoconvocados emitieron una Carta Abierta al Pueblo de San Luis, solicitando acompa\u00f1amiento a...\" \/>\n<meta property=\"og:url\" content=\"https:\/\/apuntesdesanluis.com\/index.php\/2024\/05\/14\/se-movilizan-este-miercoles-profesionales-autoconvocados-de-carrera-sanitaria\/\" \/>\n<meta property=\"og:site_name\" content=\"Apuntes de San Luis\" \/>\n<meta property=\"article:published_time\" content=\"2024-05-15T02:25:46+00:00\" \/>\n<meta property=\"article:modified_time\" content=\"2024-05-15T11:28:23+00:00\" \/>\n<meta property=\"og:image\" content=\"https:\/\/apuntesdesanluis.com\/wp-content\/uploads\/2024\/01\/POLICLINICO-1.png\" \/>\n\t<meta property=\"og:image:width\" content=\"581\" \/>\n\t<meta property=\"og:image:height\" content=\"298\" \/>\n\t<meta property=\"og:image:type\" content=\"image\/png\" \/>\n<meta name=\"author\" content=\"apuntesdesanluis.com\" \/>\n<meta name=\"twitter:card\" content=\"summary_large_image\" \/>\n<meta name=\"twitter:label1\" content=\"Escrito por\" \/>\n\t<meta name=\"twitter:data1\" content=\"apuntesdesanluis.com\" \/>\n\t<meta name=\"twitter:label2\" content=\"Tiempo de lectura\" \/>\n\t<meta name=\"twitter:data2\" content=\"2 minutos\" \/>\n<script type=\"application\/ld+json\" class=\"yoast-schema-graph\">{\"@context\":\"https:\/\/schema.org\",\"@graph\":[{\"@type\":\"Article\",\"@id\":\"https:\/\/apuntesdesanluis.com\/index.php\/2024\/05\/14\/se-movilizan-este-miercoles-profesionales-autoconvocados-de-carrera-sanitaria\/#article\",\"isPartOf\":{\"@id\":\"https:\/\/apuntesdesanluis.com\/index.php\/2024\/05\/14\/se-movilizan-este-miercoles-profesionales-autoconvocados-de-carrera-sanitaria\/\"},\"author\":{\"name\":\"apuntesdesanluis.com\",\"@id\":\"https:\/\/apuntesdesanluis.com\/#\/schema\/person\/b55151d52296fcce64d1a72538a70b90\"},\"headline\":\"SE MOVILIZAN PROFESIONALES DE CARRERA SANITARIA\",\"datePublished\":\"2024-05-15T02:25:46+00:00\",\"dateModified\":\"2024-05-15T11:28:23+00:00\",\"mainEntityOfPage\":{\"@id\":\"https:\/\/apuntesdesanluis.com\/index.php\/2024\/05\/14\/se-movilizan-este-miercoles-profesionales-autoconvocados-de-carrera-sanitaria\/\"},\"wordCount\":111,\"publisher\":{\"@id\":\"https:\/\/apuntesdesanluis.com\/#\/schema\/person\/b55151d52296fcce64d1a72538a70b90\"},\"image\":{\"@id\":\"https:\/\/apuntesdesanluis.com\/index.php\/2024\/05\/14\/se-movilizan-este-miercoles-profesionales-autoconvocados-de-carrera-sanitaria\/#primaryimage\"},\"thumbnailUrl\":\"https:\/\/apuntesdesanluis.com\/wp-content\/uploads\/2024\/01\/POLICLINICO-1.png\",\"articleSection\":[\"Ciudad\/Provincia\"],\"inLanguage\":\"es-AR\"},{\"@type\":\"WebPage\",\"@id\":\"https:\/\/apuntesdesanluis.com\/index.php\/2024\/05\/14\/se-movilizan-este-miercoles-profesionales-autoconvocados-de-carrera-sanitaria\/\",\"url\":\"https:\/\/apuntesdesanluis.com\/index.php\/2024\/05\/14\/se-movilizan-este-miercoles-profesionales-autoconvocados-de-carrera-sanitaria\/\",\"name\":\"SE MOVILIZAN PROFESIONALES DE CARRERA SANITARIA - Apuntes de San Luis\",\"isPartOf\":{\"@id\":\"https:\/\/apuntesdesanluis.com\/#website\"},\"primaryImageOfPage\":{\"@id\":\"https:\/\/apuntesdesanluis.com\/index.php\/2024\/05\/14\/se-movilizan-este-miercoles-profesionales-autoconvocados-de-carrera-sanitaria\/#primaryimage\"},\"image\":{\"@id\":\"https:\/\/apuntesdesanluis.com\/index.php\/2024\/05\/14\/se-movilizan-este-miercoles-profesionales-autoconvocados-de-carrera-sanitaria\/#primaryimage\"},\"thumbnailUrl\":\"https:\/\/apuntesdesanluis.com\/wp-content\/uploads\/2024\/01\/POLICLINICO-1.png\",\"datePublished\":\"2024-05-15T02:25:46+00:00\",\"dateModified\":\"2024-05-15T11:28:23+00:00\",\"breadcrumb\":{\"@id\":\"https:\/\/apuntesdesanluis.com\/index.php\/2024\/05\/14\/se-movilizan-este-miercoles-profesionales-autoconvocados-de-carrera-sanitaria\/#breadcrumb\"},\"inLanguage\":\"es-AR\",\"potentialAction\":[{\"@type\":\"ReadAction\",\"target\":[\"https:\/\/apuntesdesanluis.com\/index.php\/2024\/05\/14\/se-movilizan-este-miercoles-profesionales-autoconvocados-de-carrera-sanitaria\/\"]}]},{\"@type\":\"ImageObject\",\"inLanguage\":\"es-AR\",\"@id\":\"https:\/\/apuntesdesanluis.com\/index.php\/2024\/05\/14\/se-movilizan-este-miercoles-profesionales-autoconvocados-de-carrera-sanitaria\/#primaryimage\",\"url\":\"https:\/\/apuntesdesanluis.com\/wp-content\/uploads\/2024\/01\/POLICLINICO-1.png\",\"contentUrl\":\"https:\/\/apuntesdesanluis.com\/wp-content\/uploads\/2024\/01\/POLICLINICO-1.png\",\"width\":581,\"height\":298},{\"@type\":\"BreadcrumbList\",\"@id\":\"https:\/\/apuntesdesanluis.com\/index.php\/2024\/05\/14\/se-movilizan-este-miercoles-profesionales-autoconvocados-de-carrera-sanitaria\/#breadcrumb\",\"itemListElement\":[{\"@type\":\"ListItem\",\"position\":1,\"name\":\"Inicio\",\"item\":\"https:\/\/apuntesdesanluis.com\/\"},{\"@type\":\"ListItem\",\"position\":2,\"name\":\"SE MOVILIZAN PROFESIONALES DE CARRERA SANITARIA\"}]},{\"@type\":\"WebSite\",\"@id\":\"https:\/\/apuntesdesanluis.com\/#website\",\"url\":\"https:\/\/apuntesdesanluis.com\/\",\"name\":\"Apuntes de San Luis\",\"description\":\"\",\"publisher\":{\"@id\":\"https:\/\/apuntesdesanluis.com\/#\/schema\/person\/b55151d52296fcce64d1a72538a70b90\"},\"potentialAction\":[{\"@type\":\"SearchAction\",\"target\":{\"@type\":\"EntryPoint\",\"urlTemplate\":\"https:\/\/apuntesdesanluis.com\/?s={search_term_string}\"},\"query-input\":{\"@type\":\"PropertyValueSpecification\",\"valueRequired\":true,\"valueName\":\"search_term_string\"}}],\"inLanguage\":\"es-AR\"},{\"@type\":[\"Person\",\"Organization\"],\"@id\":\"https:\/\/apuntesdesanluis.com\/#\/schema\/person\/b55151d52296fcce64d1a72538a70b90\",\"name\":\"apuntesdesanluis.com\",\"image\":{\"@type\":\"ImageObject\",\"inLanguage\":\"es-AR\",\"@id\":\"https:\/\/apuntesdesanluis.com\/#\/schema\/person\/image\/\",\"url\":\"https:\/\/apuntesdesanluis.com\/wp-content\/uploads\/2023\/07\/cropped-apuntesdesanluis.png\",\"contentUrl\":\"https:\/\/apuntesdesanluis.com\/wp-content\/uploads\/2023\/07\/cropped-apuntesdesanluis.png\",\"width\":450,\"height\":112,\"caption\":\"apuntesdesanluis.com\"},\"logo\":{\"@id\":\"https:\/\/apuntesdesanluis.com\/#\/schema\/person\/image\/\"},\"sameAs\":[\"https:\/\/apuntesdesanluis.com\"],\"url\":\"https:\/\/apuntesdesanluis.com\/index.php\/author\/apuntesdesanluis-com\/\"}]}<\/script>\n<!-- \/ Yoast SEO plugin. -->","yoast_head_json":{"title":"SE MOVILIZAN PROFESIONALES DE CARRERA SANITARIA - Apuntes de San Luis","robots":{"index":"index","follow":"follow","max-snippet":"max-snippet:-1","max-image-preview":"max-image-preview:large","max-video-preview":"max-video-preview:-1"},"canonical":"https:\/\/apuntesdesanluis.com\/index.php\/2024\/05\/14\/se-movilizan-este-miercoles-profesionales-autoconvocados-de-carrera-sanitaria\/","og_locale":"es_ES","og_type":"article","og_title":"SE MOVILIZAN PROFESIONALES DE CARRERA SANITARIA - Apuntes de San Luis","og_description":"Los profesionales autoconvocados emitieron una Carta Abierta al Pueblo de San Luis, solicitando acompa\u00f1amiento a...","og_url":"https:\/\/apuntesdesanluis.com\/index.php\/2024\/05\/14\/se-movilizan-este-miercoles-profesionales-autoconvocados-de-carrera-sanitaria\/","og_site_name":"Apuntes de San Luis","article_published_time":"2024-05-15T02:25:46+00:00","article_modified_time":"2024-05-15T11:28:23+00:00","og_image":[{"width":581,"height":298,"url":"https:\/\/apuntesdesanluis.com\/wp-content\/uploads\/2024\/01\/POLICLINICO-1.png","type":"image\/png"}],"author":"apuntesdesanluis.com","twitter_card":"summary_large_image","twitter_misc":{"Escrito por":"apuntesdesanluis.com","Tiempo de lectura":"2 minutos"},"schema":{"@context":"https:\/\/schema.org","@graph":[{"@type":"Article","@id":"https:\/\/apuntesdesanluis.com\/index.php\/2024\/05\/14\/se-movilizan-este-miercoles-profesionales-autoconvocados-de-carrera-sanitaria\/#article","isPartOf":{"@id":"https:\/\/apuntesdesanluis.com\/index.php\/2024\/05\/14\/se-movilizan-este-miercoles-profesionales-autoconvocados-de-carrera-sanitaria\/"},"author":{"name":"apuntesdesanluis.com","@id":"https:\/\/apuntesdesanluis.com\/#\/schema\/person\/b55151d52296fcce64d1a72538a70b90"},"headline":"SE MOVILIZAN PROFESIONALES DE CARRERA SANITARIA","datePublished":"2024-05-15T02:25:46+00:00","dateModified":"2024-05-15T11:28:23+00:00","mainEntityOfPage":{"@id":"https:\/\/apuntesdesanluis.com\/index.php\/2024\/05\/14\/se-movilizan-este-miercoles-profesionales-autoconvocados-de-carrera-sanitaria\/"},"wordCount":111,"publisher":{"@id":"https:\/\/apuntesdesanluis.com\/#\/schema\/person\/b55151d52296fcce64d1a72538a70b90"},"image":{"@id":"https:\/\/apuntesdesanluis.com\/index.php\/2024\/05\/14\/se-movilizan-este-miercoles-profesionales-autoconvocados-de-carrera-sanitaria\/#primaryimage"},"thumbnailUrl":"https:\/\/apuntesdesanluis.com\/wp-content\/uploads\/2024\/01\/POLICLINICO-1.png","articleSection":["Ciudad\/Provincia"],"inLanguage":"es-AR"},{"@type":"WebPage","@id":"https:\/\/apuntesdesanluis.com\/index.php\/2024\/05\/14\/se-movilizan-este-miercoles-profesionales-autoconvocados-de-carrera-sanitaria\/","url":"https:\/\/apuntesdesanluis.com\/index.php\/2024\/05\/14\/se-movilizan-este-miercoles-profesionales-autoconvocados-de-carrera-sanitaria\/","name":"SE MOVILIZAN PROFESIONALES DE CARRERA SANITARIA - Apuntes de San Luis","isPartOf":{"@id":"https:\/\/apuntesdesanluis.com\/#website"},"primaryImageOfPage":{"@id":"https:\/\/apuntesdesanluis.com\/index.php\/2024\/05\/14\/se-movilizan-este-miercoles-profesionales-autoconvocados-de-carrera-sanitaria\/#primaryimage"},"image":{"@id":"https:\/\/apuntesdesanluis.com\/index.php\/2024\/05\/14\/se-movilizan-este-miercoles-profesionales-autoconvocados-de-carrera-sanitaria\/#primaryimage"},"thumbnailUrl":"https:\/\/apuntesdesanluis.com\/wp-content\/uploads\/2024\/01\/POLICLINICO-1.png","datePublished":"2024-05-15T02:25:46+00:00","dateModified":"2024-05-15T11:28:23+00:00","breadcrumb":{"@id":"https:\/\/apuntesdesanluis.com\/index.php\/2024\/05\/14\/se-movilizan-este-miercoles-profesionales-autoconvocados-de-carrera-sanitaria\/#breadcrumb"},"inLanguage":"es-AR","potentialAction":[{"@type":"ReadAction","target":["https:\/\/apuntesdesanluis.com\/index.php\/2024\/05\/14\/se-movilizan-este-miercoles-profesionales-autoconvocados-de-carrera-sanitaria\/"]}]},{"@type":"ImageObject","inLanguage":"es-AR","@id":"https:\/\/apuntesdesanluis.com\/index.php\/2024\/05\/14\/se-movilizan-este-miercoles-profesionales-autoconvocados-de-carrera-sanitaria\/#primaryimage","url":"https:\/\/apuntesdesanluis.com\/wp-content\/uploads\/2024\/01\/POLICLINICO-1.png","contentUrl":"https:\/\/apuntesdesanluis.com\/wp-content\/uploads\/2024\/01\/POLICLINICO-1.png","width":581,"height":298},{"@type":"BreadcrumbList","@id":"https:\/\/apuntesdesanluis.com\/index.php\/2024\/05\/14\/se-movilizan-este-miercoles-profesionales-autoconvocados-de-carrera-sanitaria\/#breadcrumb","itemListElement":[{"@type":"ListItem","position":1,"name":"Inicio","item":"https:\/\/apuntesdesanluis.com\/"},{"@type":"ListItem","position":2,"name":"SE MOVILIZAN PROFESIONALES DE CARRERA SANITARIA"}]},{"@type":"WebSite","@id":"https:\/\/apuntesdesanluis.com\/#website","url":"https:\/\/apuntesdesanluis.com\/","name":"Apuntes de San Luis","description":"","publisher":{"@id":"https:\/\/apuntesdesanluis.com\/#\/schema\/person\/b55151d52296fcce64d1a72538a70b90"},"potentialAction":[{"@type":"SearchAction","target":{"@type":"EntryPoint","urlTemplate":"https:\/\/apuntesdesanluis.com\/?s={search_term_string}"},"query-input":{"@type":"PropertyValueSpecification","valueRequired":true,"valueName":"search_term_string"}}],"inLanguage":"es-AR"},{"@type":["Person","Organization"],"@id":"https:\/\/apuntesdesanluis.com\/#\/schema\/person\/b55151d52296fcce64d1a72538a70b90","name":"apuntesdesanluis.com","image":{"@type":"ImageObject","inLanguage":"es-AR","@id":"https:\/\/apuntesdesanluis.com\/#\/schema\/person\/image\/","url":"https:\/\/apuntesdesanluis.com\/wp-content\/uploads\/2023\/07\/cropped-apuntesdesanluis.png","contentUrl":"https:\/\/apuntesdesanluis.com\/wp-content\/uploads\/2023\/07\/cropped-apuntesdesanluis.png","width":450,"height":112,"caption":"apuntesdesanluis.com"},"logo":{"@id":"https:\/\/apuntesdesanluis.com\/#\/schema\/person\/image\/"},"sameAs":["https:\/\/apuntesdesanluis.com"],"url":"https:\/\/apuntesdesanluis.com\/index.php\/author\/apuntesdesanluis-com\/"}]}},"featured_image_urls":{"full":["https:\/\/apuntesdesanluis.com\/wp-content\/uploads\/2024\/01\/POLICLINICO-1.png",581,298,false],"thumbnail":["https:\/\/apuntesdesanluis.com\/wp-content\/uploads\/2024\/01\/POLICLINICO-1-150x150.png",150,150,true],"medium":["https:\/\/apuntesdesanluis.com\/wp-content\/uploads\/2024\/01\/POLICLINICO-1-300x154.png",300,154,true],"medium_large":["https:\/\/apuntesdesanluis.com\/wp-content\/uploads\/2024\/01\/POLICLINICO-1.png",581,298,false],"large":["https:\/\/apuntesdesanluis.com\/wp-content\/uploads\/2024\/01\/POLICLINICO-1.png",581,298,false],"1536x1536":["https:\/\/apuntesdesanluis.com\/wp-content\/uploads\/2024\/01\/POLICLINICO-1.png",581,298,false],"2048x2048":["https:\/\/apuntesdesanluis.com\/wp-content\/uploads\/2024\/01\/POLICLINICO-1.png",581,298,false],"newsever-slider-full":["https:\/\/apuntesdesanluis.com\/wp-content\/uploads\/2024\/01\/POLICLINICO-1.png",581,298,false],"newsever-featured":["https:\/\/apuntesdesanluis.com\/wp-content\/uploads\/2024\/01\/POLICLINICO-1.png",581,298,false],"newsever-medium":["https:\/\/apuntesdesanluis.com\/wp-content\/uploads\/2024\/01\/POLICLINICO-1.png",581,298,false]},"author_info":{"display_name":"apuntesdesanluis.com","author_link":"https:\/\/apuntesdesanluis.com\/index.php\/author\/apuntesdesanluis-com\/"},"category_info":"<a href=\"https:\/\/apuntesdesanluis.com\/index.php\/category\/ciudad-provincia\/\" rel=\"category tag\">Ciudad\/Provincia<\/a>","tag_info":"Ciudad\/Provincia","comment_count":"0","_links":{"self":[{"href":"https:\/\/apuntesdesanluis.com\/index.php\/wp-json\/wp\/v2\/posts\/16187","targetHints":{"allow":["GET"]}}],"collection":[{"href":"https:\/\/apuntesdesanluis.com\/index.php\/wp-json\/wp\/v2\/posts"}],"about":[{"href":"https:\/\/apuntesdesanluis.com\/index.php\/wp-json\/wp\/v2\/types\/post"}],"author":[{"embeddable":true,"href":"https:\/\/apuntesdesanluis.com\/index.php\/wp-json\/wp\/v2\/users\/1"}],"replies":[{"embeddable":true,"href":"https:\/\/apuntesdesanluis.com\/index.php\/wp-json\/wp\/v2\/comments?post=16187"}],"version-history":[{"count":3,"href":"https:\/\/apuntesdesanluis.com\/index.php\/wp-json\/wp\/v2\/posts\/16187\/revisions"}],"predecessor-version":[{"id":16204,"href":"https:\/\/apuntesdesanluis.com\/index.php\/wp-json\/wp\/v2\/posts\/16187\/revisions\/16204"}],"wp:featuredmedia":[{"embeddable":true,"href":"https:\/\/apuntesdesanluis.com\/index.php\/wp-json\/wp\/v2\/media\/10316"}],"wp:attachment":[{"href":"https:\/\/apuntesdesanluis.com\/index.php\/wp-json\/wp\/v2\/media?parent=16187"}],"wp:term":[{"taxonomy":"category","embeddable":true,"href":"https:\/\/apuntesdesanluis.com\/index.php\/wp-json\/wp\/v2\/categories?post=16187"},{"taxonomy":"post_tag","embeddable":true,"href":"https:\/\/apuntesdesanluis.com\/index.php\/wp-json\/wp\/v2\/tags?post=16187"}],"curies":[{"name":"wp","href":"https:\/\/api.w.org\/{rel}","templated":true}]}}