{"id":16205,"date":"2024-05-14T22:24:23","date_gmt":"2024-05-15T01:24:23","guid":{"rendered":"https:\/\/apuntesdesanluis.com\/?p=16205"},"modified":"2024-05-15T10:32:26","modified_gmt":"2024-05-15T13:32:26","slug":"crearon-el-consejo-municipal-de-discapacidad-de-la-toma","status":"publish","type":"post","link":"https:\/\/apuntesdesanluis.com\/index.php\/2024\/05\/14\/crearon-el-consejo-municipal-de-discapacidad-de-la-toma\/","title":{"rendered":"CREARON EL CONSEJO MUNICIPAL DE DISCAPACIDAD DE LA TOMA"},"content":{"rendered":"<h3>Es un organismo que tendr\u00e1 la misi\u00f3n de implementar iniciativas que fomenten la inclusi\u00f3n, la equiparaci\u00f3n de oportunidades y cualquier pol\u00edtica que mejore la calidad de vida de las personas con discapacidad. Todos sus integrantes cumplir\u00e1n funciones ad honorem.<\/h3>\n<h3>El secretario de Personas con Discapacidad, <strong>Luis Giraudo<\/strong>, particip\u00f3 de la creaci\u00f3n del <strong>Consejo Municipal de Discapacidad de La Toma<\/strong>, una entidad que buscar\u00e1 implementar acciones concretas para aportar al bienestar general de este sector de la poblaci\u00f3n. En el acto tambi\u00e9n estuvo Mayka Garoglio, qui\u00e9n est\u00e1 a cargo del Ejecutivo municipal, y representantes de diversas asociaciones que desarrollan actividades relacionadas al tema.<\/h3>\n<h3><\/h3>\n<h3>Durante el evento, dieron a conocer con precisi\u00f3n las funciones que cumplir\u00e1 el Consejo:<\/h3>\n<ul>\n<li>\n<h3>Sugerir la ejecuci\u00f3n de medidas de prevenci\u00f3n, rehabilitaci\u00f3n y equiparaci\u00f3n de oportunidades para las personas con discapacidad.<\/h3>\n<\/li>\n<li>\n<h3>Actuar como \u00f3rgano consultor para la coordinaci\u00f3n de actividades, planes y proyectos presentados por entidades gubernamentales y no gubernamentales, ante los organismos que se relacionan con el tema a nivel provincial.<\/h3>\n<\/li>\n<li>\n<h3>Presentar al Poder Ejecutivo provincial informes sobre las actividades desarrolladas.<\/h3>\n<\/li>\n<li>\n<h3>Proponer planes sobre la informaci\u00f3n y documentaci\u00f3n de las personas con discapacidad a trav\u00e9s de un Banco de Datos de Personas con Discapacidad y crear las condiciones necesarias para desarrollar investigaciones en la materia.<\/h3>\n<\/li>\n<li>\n<h3>Llevar un registro provincial de entidades que trabajen con la discapacidad.<\/h3>\n<\/li>\n<li>\n<h3>Contactar y coordinar acciones con las entidades de bien p\u00fablico dedicadas a la problem\u00e1tica.<\/h3>\n<\/li>\n<li>\n<h3>Difundir todo lo relacionado con los problemas de las personas con discapacidad y propender al logro de la solidaridad social en la materia.<\/h3>\n<\/li>\n<li>\n<h3>Promover el desarrollo de las pol\u00edticas determinadas en las leyes 22.431\/81 y 10.592\/93.<\/h3>\n<\/li>\n<li>\n<h3>Verificar el cumplimiento de la normativa vigente que satisfaga las necesidades en materia de integraci\u00f3n de las personas con discapacidad.<\/h3>\n<\/li>\n<li>\n<h3>Coordinar todas las acciones gubernamentales que se lleven a cabo en el Municipio, aportando sugerencias y propuestas relacionadas a las pol\u00edticas de discapacidad.<\/h3>\n<\/li>\n<li>\n<h3>Articular una pol\u00edtica de interacci\u00f3n con entes provinciales gubernamentales y no gubernamentales.<\/h3>\n<\/li>\n<li>\n<h3>Promover acciones concretas para mejorar la calidad de vida de las personas discapacitadas.<\/h3>\n<\/li>\n<\/ul>\n<h3><img fetchpriority=\"high\" decoding=\"async\" class=\"wp-image-16206 aligncenter\" src=\"https:\/\/apuntesdesanluis.com\/wp-content\/uploads\/2024\/05\/Consejo-discapac.-la-toma-300x154.png\" alt=\"\" width=\"623\" height=\"320\" srcset=\"https:\/\/apuntesdesanluis.com\/wp-content\/uploads\/2024\/05\/Consejo-discapac.-la-toma-300x154.png 300w, https:\/\/apuntesdesanluis.com\/wp-content\/uploads\/2024\/05\/Consejo-discapac.-la-toma.png 600w\" sizes=\"(max-width: 623px) 100vw, 623px\" \/><\/h3>\n<h3>Posteriormente, detallaron c\u00f3mo quedar\u00e1 conformado el Consejo, cuyas funciones se distribuyen de la siguiente manera.<\/h3>\n<h3>Presidenta: <strong>Maika Garoglio<\/strong>.<\/h3>\n<h3>Miembros del Concejo Deliberante: Gilda Pi\u00f1eyro, Lautaro Gil, Mariela Bracamonte, Ana Mar\u00eda Novillo, Nancy Mu\u00f1oz y Mar\u00eda Luna.<\/h3>\n<h3>Consultores: Marita y Laura Escudero, Pamela Astudillo, Sonia Nazario, Celeste Fern\u00e1ndez, Mara Luna, Guillermo Rivero Aurea, Griselda Isaguirre y Duilio Fern\u00e1ndez.<\/h3>\n<h3>\u201cEsto significa mucho para comenzar a generar m\u00e1s inclusi\u00f3n, ocuparnos m\u00e1s de la necesidad de las personas con discapacidad, no solamente en lo laboral o en lo deportivo sino en todo sentido. En todos los sectores hay derechos que se ven vulnerados y vamos a luchar por eso, para que se respeten\u201d, destac\u00f3 Giraudo, quien felicit\u00f3 a los integrantes por su compromiso y vocaci\u00f3n de servicio.<\/h3>\n<p>&nbsp;<\/p>\n<p>&nbsp;<\/p>\n<p>&nbsp;<\/p>\n","protected":false},"excerpt":{"rendered":"<p>Es un organismo que tendr\u00e1 la misi\u00f3n de implementar iniciativas que fomenten la inclusi\u00f3n, la&#8230;<\/p>\n","protected":false},"author":1,"featured_media":16207,"comment_status":"closed","ping_status":"closed","sticky":false,"template":"","format":"standard","meta":{"footnotes":""},"categories":[6],"tags":[],"class_list":["post-16205","post","type-post","status-publish","format-standard","has-post-thumbnail","hentry","category-ciudad-provincia"],"yoast_head":"<!-- This site is optimized with the Yoast SEO plugin v26.1.1 - https:\/\/yoast.com\/wordpress\/plugins\/seo\/ -->\n<title>CREARON EL CONSEJO MUNICIPAL DE DISCAPACIDAD DE LA TOMA - Apuntes de San Luis<\/title>\n<meta name=\"robots\" content=\"index, follow, max-snippet:-1, max-image-preview:large, max-video-preview:-1\" \/>\n<link rel=\"canonical\" href=\"https:\/\/apuntesdesanluis.com\/index.php\/2024\/05\/14\/crearon-el-consejo-municipal-de-discapacidad-de-la-toma\/\" \/>\n<meta property=\"og:locale\" content=\"es_ES\" \/>\n<meta property=\"og:type\" content=\"article\" \/>\n<meta property=\"og:title\" content=\"CREARON EL CONSEJO MUNICIPAL DE DISCAPACIDAD DE LA TOMA - Apuntes de San Luis\" \/>\n<meta property=\"og:description\" content=\"Es un organismo que tendr\u00e1 la misi\u00f3n de implementar iniciativas que fomenten la inclusi\u00f3n, la...\" \/>\n<meta property=\"og:url\" content=\"https:\/\/apuntesdesanluis.com\/index.php\/2024\/05\/14\/crearon-el-consejo-municipal-de-discapacidad-de-la-toma\/\" \/>\n<meta property=\"og:site_name\" content=\"Apuntes de San Luis\" \/>\n<meta property=\"article:published_time\" content=\"2024-05-15T01:24:23+00:00\" \/>\n<meta property=\"article:modified_time\" content=\"2024-05-15T13:32:26+00:00\" \/>\n<meta property=\"og:image\" content=\"https:\/\/apuntesdesanluis.com\/wp-content\/uploads\/2024\/05\/Luis-Girauo-consejo-discapac.-la-toma-e1715779937644.png\" \/>\n\t<meta property=\"og:image:width\" content=\"700\" \/>\n\t<meta property=\"og:image:height\" content=\"381\" \/>\n\t<meta property=\"og:image:type\" content=\"image\/png\" \/>\n<meta name=\"author\" content=\"apuntesdesanluis.com\" \/>\n<meta name=\"twitter:card\" content=\"summary_large_image\" \/>\n<meta name=\"twitter:label1\" content=\"Escrito por\" \/>\n\t<meta name=\"twitter:data1\" content=\"apuntesdesanluis.com\" \/>\n\t<meta name=\"twitter:label2\" content=\"Tiempo de lectura\" \/>\n\t<meta name=\"twitter:data2\" content=\"3 minutos\" \/>\n<script type=\"application\/ld+json\" class=\"yoast-schema-graph\">{\"@context\":\"https:\/\/schema.org\",\"@graph\":[{\"@type\":\"Article\",\"@id\":\"https:\/\/apuntesdesanluis.com\/index.php\/2024\/05\/14\/crearon-el-consejo-municipal-de-discapacidad-de-la-toma\/#article\",\"isPartOf\":{\"@id\":\"https:\/\/apuntesdesanluis.com\/index.php\/2024\/05\/14\/crearon-el-consejo-municipal-de-discapacidad-de-la-toma\/\"},\"author\":{\"name\":\"apuntesdesanluis.com\",\"@id\":\"https:\/\/apuntesdesanluis.com\/#\/schema\/person\/b55151d52296fcce64d1a72538a70b90\"},\"headline\":\"CREARON EL CONSEJO MUNICIPAL DE DISCAPACIDAD DE LA TOMA\",\"datePublished\":\"2024-05-15T01:24:23+00:00\",\"dateModified\":\"2024-05-15T13:32:26+00:00\",\"mainEntityOfPage\":{\"@id\":\"https:\/\/apuntesdesanluis.com\/index.php\/2024\/05\/14\/crearon-el-consejo-municipal-de-discapacidad-de-la-toma\/\"},\"wordCount\":506,\"publisher\":{\"@id\":\"https:\/\/apuntesdesanluis.com\/#\/schema\/person\/b55151d52296fcce64d1a72538a70b90\"},\"image\":{\"@id\":\"https:\/\/apuntesdesanluis.com\/index.php\/2024\/05\/14\/crearon-el-consejo-municipal-de-discapacidad-de-la-toma\/#primaryimage\"},\"thumbnailUrl\":\"https:\/\/apuntesdesanluis.com\/wp-content\/uploads\/2024\/05\/Luis-Girauo-consejo-discapac.-la-toma-e1715779937644.png\",\"articleSection\":[\"Ciudad\/Provincia\"],\"inLanguage\":\"es-AR\"},{\"@type\":\"WebPage\",\"@id\":\"https:\/\/apuntesdesanluis.com\/index.php\/2024\/05\/14\/crearon-el-consejo-municipal-de-discapacidad-de-la-toma\/\",\"url\":\"https:\/\/apuntesdesanluis.com\/index.php\/2024\/05\/14\/crearon-el-consejo-municipal-de-discapacidad-de-la-toma\/\",\"name\":\"CREARON EL CONSEJO MUNICIPAL DE DISCAPACIDAD DE LA TOMA - Apuntes de San Luis\",\"isPartOf\":{\"@id\":\"https:\/\/apuntesdesanluis.com\/#website\"},\"primaryImageOfPage\":{\"@id\":\"https:\/\/apuntesdesanluis.com\/index.php\/2024\/05\/14\/crearon-el-consejo-municipal-de-discapacidad-de-la-toma\/#primaryimage\"},\"image\":{\"@id\":\"https:\/\/apuntesdesanluis.com\/index.php\/2024\/05\/14\/crearon-el-consejo-municipal-de-discapacidad-de-la-toma\/#primaryimage\"},\"thumbnailUrl\":\"https:\/\/apuntesdesanluis.com\/wp-content\/uploads\/2024\/05\/Luis-Girauo-consejo-discapac.-la-toma-e1715779937644.png\",\"datePublished\":\"2024-05-15T01:24:23+00:00\",\"dateModified\":\"2024-05-15T13:32:26+00:00\",\"breadcrumb\":{\"@id\":\"https:\/\/apuntesdesanluis.com\/index.php\/2024\/05\/14\/crearon-el-consejo-municipal-de-discapacidad-de-la-toma\/#breadcrumb\"},\"inLanguage\":\"es-AR\",\"potentialAction\":[{\"@type\":\"ReadAction\",\"target\":[\"https:\/\/apuntesdesanluis.com\/index.php\/2024\/05\/14\/crearon-el-consejo-municipal-de-discapacidad-de-la-toma\/\"]}]},{\"@type\":\"ImageObject\",\"inLanguage\":\"es-AR\",\"@id\":\"https:\/\/apuntesdesanluis.com\/index.php\/2024\/05\/14\/crearon-el-consejo-municipal-de-discapacidad-de-la-toma\/#primaryimage\",\"url\":\"https:\/\/apuntesdesanluis.com\/wp-content\/uploads\/2024\/05\/Luis-Girauo-consejo-discapac.-la-toma-e1715779937644.png\",\"contentUrl\":\"https:\/\/apuntesdesanluis.com\/wp-content\/uploads\/2024\/05\/Luis-Girauo-consejo-discapac.-la-toma-e1715779937644.png\",\"width\":700,\"height\":381},{\"@type\":\"BreadcrumbList\",\"@id\":\"https:\/\/apuntesdesanluis.com\/index.php\/2024\/05\/14\/crearon-el-consejo-municipal-de-discapacidad-de-la-toma\/#breadcrumb\",\"itemListElement\":[{\"@type\":\"ListItem\",\"position\":1,\"name\":\"Inicio\",\"item\":\"https:\/\/apuntesdesanluis.com\/\"},{\"@type\":\"ListItem\",\"position\":2,\"name\":\"CREARON EL CONSEJO MUNICIPAL DE DISCAPACIDAD DE LA TOMA\"}]},{\"@type\":\"WebSite\",\"@id\":\"https:\/\/apuntesdesanluis.com\/#website\",\"url\":\"https:\/\/apuntesdesanluis.com\/\",\"name\":\"Apuntes de San Luis\",\"description\":\"\",\"publisher\":{\"@id\":\"https:\/\/apuntesdesanluis.com\/#\/schema\/person\/b55151d52296fcce64d1a72538a70b90\"},\"potentialAction\":[{\"@type\":\"SearchAction\",\"target\":{\"@type\":\"EntryPoint\",\"urlTemplate\":\"https:\/\/apuntesdesanluis.com\/?s={search_term_string}\"},\"query-input\":{\"@type\":\"PropertyValueSpecification\",\"valueRequired\":true,\"valueName\":\"search_term_string\"}}],\"inLanguage\":\"es-AR\"},{\"@type\":[\"Person\",\"Organization\"],\"@id\":\"https:\/\/apuntesdesanluis.com\/#\/schema\/person\/b55151d52296fcce64d1a72538a70b90\",\"name\":\"apuntesdesanluis.com\",\"image\":{\"@type\":\"ImageObject\",\"inLanguage\":\"es-AR\",\"@id\":\"https:\/\/apuntesdesanluis.com\/#\/schema\/person\/image\/\",\"url\":\"https:\/\/apuntesdesanluis.com\/wp-content\/uploads\/2023\/07\/cropped-apuntesdesanluis.png\",\"contentUrl\":\"https:\/\/apuntesdesanluis.com\/wp-content\/uploads\/2023\/07\/cropped-apuntesdesanluis.png\",\"width\":450,\"height\":112,\"caption\":\"apuntesdesanluis.com\"},\"logo\":{\"@id\":\"https:\/\/apuntesdesanluis.com\/#\/schema\/person\/image\/\"},\"sameAs\":[\"https:\/\/apuntesdesanluis.com\"],\"url\":\"https:\/\/apuntesdesanluis.com\/index.php\/author\/apuntesdesanluis-com\/\"}]}<\/script>\n<!-- \/ Yoast SEO plugin. -->","yoast_head_json":{"title":"CREARON EL CONSEJO MUNICIPAL DE DISCAPACIDAD DE LA TOMA - Apuntes de San Luis","robots":{"index":"index","follow":"follow","max-snippet":"max-snippet:-1","max-image-preview":"max-image-preview:large","max-video-preview":"max-video-preview:-1"},"canonical":"https:\/\/apuntesdesanluis.com\/index.php\/2024\/05\/14\/crearon-el-consejo-municipal-de-discapacidad-de-la-toma\/","og_locale":"es_ES","og_type":"article","og_title":"CREARON EL CONSEJO MUNICIPAL DE DISCAPACIDAD DE LA TOMA - Apuntes de San Luis","og_description":"Es un organismo que tendr\u00e1 la misi\u00f3n de implementar iniciativas que fomenten la inclusi\u00f3n, la...","og_url":"https:\/\/apuntesdesanluis.com\/index.php\/2024\/05\/14\/crearon-el-consejo-municipal-de-discapacidad-de-la-toma\/","og_site_name":"Apuntes de San Luis","article_published_time":"2024-05-15T01:24:23+00:00","article_modified_time":"2024-05-15T13:32:26+00:00","og_image":[{"width":700,"height":381,"url":"https:\/\/apuntesdesanluis.com\/wp-content\/uploads\/2024\/05\/Luis-Girauo-consejo-discapac.-la-toma-e1715779937644.png","type":"image\/png"}],"author":"apuntesdesanluis.com","twitter_card":"summary_large_image","twitter_misc":{"Escrito por":"apuntesdesanluis.com","Tiempo de lectura":"3 minutos"},"schema":{"@context":"https:\/\/schema.org","@graph":[{"@type":"Article","@id":"https:\/\/apuntesdesanluis.com\/index.php\/2024\/05\/14\/crearon-el-consejo-municipal-de-discapacidad-de-la-toma\/#article","isPartOf":{"@id":"https:\/\/apuntesdesanluis.com\/index.php\/2024\/05\/14\/crearon-el-consejo-municipal-de-discapacidad-de-la-toma\/"},"author":{"name":"apuntesdesanluis.com","@id":"https:\/\/apuntesdesanluis.com\/#\/schema\/person\/b55151d52296fcce64d1a72538a70b90"},"headline":"CREARON EL CONSEJO MUNICIPAL DE DISCAPACIDAD DE LA TOMA","datePublished":"2024-05-15T01:24:23+00:00","dateModified":"2024-05-15T13:32:26+00:00","mainEntityOfPage":{"@id":"https:\/\/apuntesdesanluis.com\/index.php\/2024\/05\/14\/crearon-el-consejo-municipal-de-discapacidad-de-la-toma\/"},"wordCount":506,"publisher":{"@id":"https:\/\/apuntesdesanluis.com\/#\/schema\/person\/b55151d52296fcce64d1a72538a70b90"},"image":{"@id":"https:\/\/apuntesdesanluis.com\/index.php\/2024\/05\/14\/crearon-el-consejo-municipal-de-discapacidad-de-la-toma\/#primaryimage"},"thumbnailUrl":"https:\/\/apuntesdesanluis.com\/wp-content\/uploads\/2024\/05\/Luis-Girauo-consejo-discapac.-la-toma-e1715779937644.png","articleSection":["Ciudad\/Provincia"],"inLanguage":"es-AR"},{"@type":"WebPage","@id":"https:\/\/apuntesdesanluis.com\/index.php\/2024\/05\/14\/crearon-el-consejo-municipal-de-discapacidad-de-la-toma\/","url":"https:\/\/apuntesdesanluis.com\/index.php\/2024\/05\/14\/crearon-el-consejo-municipal-de-discapacidad-de-la-toma\/","name":"CREARON EL CONSEJO MUNICIPAL DE DISCAPACIDAD DE LA TOMA - Apuntes de San Luis","isPartOf":{"@id":"https:\/\/apuntesdesanluis.com\/#website"},"primaryImageOfPage":{"@id":"https:\/\/apuntesdesanluis.com\/index.php\/2024\/05\/14\/crearon-el-consejo-municipal-de-discapacidad-de-la-toma\/#primaryimage"},"image":{"@id":"https:\/\/apuntesdesanluis.com\/index.php\/2024\/05\/14\/crearon-el-consejo-municipal-de-discapacidad-de-la-toma\/#primaryimage"},"thumbnailUrl":"https:\/\/apuntesdesanluis.com\/wp-content\/uploads\/2024\/05\/Luis-Girauo-consejo-discapac.-la-toma-e1715779937644.png","datePublished":"2024-05-15T01:24:23+00:00","dateModified":"2024-05-15T13:32:26+00:00","breadcrumb":{"@id":"https:\/\/apuntesdesanluis.com\/index.php\/2024\/05\/14\/crearon-el-consejo-municipal-de-discapacidad-de-la-toma\/#breadcrumb"},"inLanguage":"es-AR","potentialAction":[{"@type":"ReadAction","target":["https:\/\/apuntesdesanluis.com\/index.php\/2024\/05\/14\/crearon-el-consejo-municipal-de-discapacidad-de-la-toma\/"]}]},{"@type":"ImageObject","inLanguage":"es-AR","@id":"https:\/\/apuntesdesanluis.com\/index.php\/2024\/05\/14\/crearon-el-consejo-municipal-de-discapacidad-de-la-toma\/#primaryimage","url":"https:\/\/apuntesdesanluis.com\/wp-content\/uploads\/2024\/05\/Luis-Girauo-consejo-discapac.-la-toma-e1715779937644.png","contentUrl":"https:\/\/apuntesdesanluis.com\/wp-content\/uploads\/2024\/05\/Luis-Girauo-consejo-discapac.-la-toma-e1715779937644.png","width":700,"height":381},{"@type":"BreadcrumbList","@id":"https:\/\/apuntesdesanluis.com\/index.php\/2024\/05\/14\/crearon-el-consejo-municipal-de-discapacidad-de-la-toma\/#breadcrumb","itemListElement":[{"@type":"ListItem","position":1,"name":"Inicio","item":"https:\/\/apuntesdesanluis.com\/"},{"@type":"ListItem","position":2,"name":"CREARON EL CONSEJO MUNICIPAL DE DISCAPACIDAD DE LA TOMA"}]},{"@type":"WebSite","@id":"https:\/\/apuntesdesanluis.com\/#website","url":"https:\/\/apuntesdesanluis.com\/","name":"Apuntes de San Luis","description":"","publisher":{"@id":"https:\/\/apuntesdesanluis.com\/#\/schema\/person\/b55151d52296fcce64d1a72538a70b90"},"potentialAction":[{"@type":"SearchAction","target":{"@type":"EntryPoint","urlTemplate":"https:\/\/apuntesdesanluis.com\/?s={search_term_string}"},"query-input":{"@type":"PropertyValueSpecification","valueRequired":true,"valueName":"search_term_string"}}],"inLanguage":"es-AR"},{"@type":["Person","Organization"],"@id":"https:\/\/apuntesdesanluis.com\/#\/schema\/person\/b55151d52296fcce64d1a72538a70b90","name":"apuntesdesanluis.com","image":{"@type":"ImageObject","inLanguage":"es-AR","@id":"https:\/\/apuntesdesanluis.com\/#\/schema\/person\/image\/","url":"https:\/\/apuntesdesanluis.com\/wp-content\/uploads\/2023\/07\/cropped-apuntesdesanluis.png","contentUrl":"https:\/\/apuntesdesanluis.com\/wp-content\/uploads\/2023\/07\/cropped-apuntesdesanluis.png","width":450,"height":112,"caption":"apuntesdesanluis.com"},"logo":{"@id":"https:\/\/apuntesdesanluis.com\/#\/schema\/person\/image\/"},"sameAs":["https:\/\/apuntesdesanluis.com"],"url":"https:\/\/apuntesdesanluis.com\/index.php\/author\/apuntesdesanluis-com\/"}]}},"featured_image_urls":{"full":["https:\/\/apuntesdesanluis.com\/wp-content\/uploads\/2024\/05\/Luis-Girauo-consejo-discapac.-la-toma-e1715779937644.png",700,381,false],"thumbnail":["https:\/\/apuntesdesanluis.com\/wp-content\/uploads\/2024\/05\/Luis-Girauo-consejo-discapac.-la-toma-e1715779937644-150x150.png",150,150,true],"medium":["https:\/\/apuntesdesanluis.com\/wp-content\/uploads\/2024\/05\/Luis-Girauo-consejo-discapac.-la-toma-e1715779937644-300x163.png",300,163,true],"medium_large":["https:\/\/apuntesdesanluis.com\/wp-content\/uploads\/2024\/05\/Luis-Girauo-consejo-discapac.-la-toma-e1715779937644.png",640,348,false],"large":["https:\/\/apuntesdesanluis.com\/wp-content\/uploads\/2024\/05\/Luis-Girauo-consejo-discapac.-la-toma-e1715779937644.png",640,348,false],"1536x1536":["https:\/\/apuntesdesanluis.com\/wp-content\/uploads\/2024\/05\/Luis-Girauo-consejo-discapac.-la-toma-e1715779937644.png",700,381,false],"2048x2048":["https:\/\/apuntesdesanluis.com\/wp-content\/uploads\/2024\/05\/Luis-Girauo-consejo-discapac.-la-toma-e1715779937644.png",700,381,false],"newsever-slider-full":["https:\/\/apuntesdesanluis.com\/wp-content\/uploads\/2024\/05\/Luis-Girauo-consejo-discapac.-la-toma-e1715779937644.png",700,381,false],"newsever-featured":["https:\/\/apuntesdesanluis.com\/wp-content\/uploads\/2024\/05\/Luis-Girauo-consejo-discapac.-la-toma-e1715779937644.png",700,381,false],"newsever-medium":["https:\/\/apuntesdesanluis.com\/wp-content\/uploads\/2024\/05\/Luis-Girauo-consejo-discapac.-la-toma-e1715779937644.png",700,381,false]},"author_info":{"display_name":"apuntesdesanluis.com","author_link":"https:\/\/apuntesdesanluis.com\/index.php\/author\/apuntesdesanluis-com\/"},"category_info":"<a href=\"https:\/\/apuntesdesanluis.com\/index.php\/category\/ciudad-provincia\/\" rel=\"category tag\">Ciudad\/Provincia<\/a>","tag_info":"Ciudad\/Provincia","comment_count":"0","_links":{"self":[{"href":"https:\/\/apuntesdesanluis.com\/index.php\/wp-json\/wp\/v2\/posts\/16205","targetHints":{"allow":["GET"]}}],"collection":[{"href":"https:\/\/apuntesdesanluis.com\/index.php\/wp-json\/wp\/v2\/posts"}],"about":[{"href":"https:\/\/apuntesdesanluis.com\/index.php\/wp-json\/wp\/v2\/types\/post"}],"author":[{"embeddable":true,"href":"https:\/\/apuntesdesanluis.com\/index.php\/wp-json\/wp\/v2\/users\/1"}],"replies":[{"embeddable":true,"href":"https:\/\/apuntesdesanluis.com\/index.php\/wp-json\/wp\/v2\/comments?post=16205"}],"version-history":[{"count":1,"href":"https:\/\/apuntesdesanluis.com\/index.php\/wp-json\/wp\/v2\/posts\/16205\/revisions"}],"predecessor-version":[{"id":16208,"href":"https:\/\/apuntesdesanluis.com\/index.php\/wp-json\/wp\/v2\/posts\/16205\/revisions\/16208"}],"wp:featuredmedia":[{"embeddable":true,"href":"https:\/\/apuntesdesanluis.com\/index.php\/wp-json\/wp\/v2\/media\/16207"}],"wp:attachment":[{"href":"https:\/\/apuntesdesanluis.com\/index.php\/wp-json\/wp\/v2\/media?parent=16205"}],"wp:term":[{"taxonomy":"category","embeddable":true,"href":"https:\/\/apuntesdesanluis.com\/index.php\/wp-json\/wp\/v2\/categories?post=16205"},{"taxonomy":"post_tag","embeddable":true,"href":"https:\/\/apuntesdesanluis.com\/index.php\/wp-json\/wp\/v2\/tags?post=16205"}],"curies":[{"name":"wp","href":"https:\/\/api.w.org\/{rel}","templated":true}]}}