{"id":16209,"date":"2024-05-15T11:17:23","date_gmt":"2024-05-15T14:17:23","guid":{"rendered":"https:\/\/apuntesdesanluis.com\/?p=16209"},"modified":"2024-05-15T11:18:05","modified_gmt":"2024-05-15T14:18:05","slug":"egresado-de-la-unsl-recibio-el-premio-a-la-mejor-tesis-doctoral-del-pais","status":"publish","type":"post","link":"https:\/\/apuntesdesanluis.com\/index.php\/2024\/05\/15\/egresado-de-la-unsl-recibio-el-premio-a-la-mejor-tesis-doctoral-del-pais\/","title":{"rendered":"EGRESADO DE LA UNSL RECIBI\u00d3 EL PREMIO A LA MEJOR TESIS DOCTORAL DEL PA\u00cdS"},"content":{"rendered":"<h3>El Dr. <strong>Guillermo Trabes<\/strong>, quien se desempe\u00f1\u00f3 como alumno y docente de la Facultad de Ciencias F\u00edsico Matem\u00e1ticas y Naturales (FCFMyN), fue distinguido con el <strong>Premio Ra\u00fal Gallard<\/strong>, que se otorga anualmente a la <strong>mejor tesis de doctorado en inform\u00e1tica<\/strong> realizada en Argentina.<\/h3>\n<h3>En di\u00e1logo con <strong>Noticias UNSL<\/strong>, comenta de qu\u00e9 se trat\u00f3 su investigaci\u00f3n, c\u00f3mo fue su paso por la Universidad y lo que significa obtener este logro en su carrera.<\/h3>\n<h3><strong>\u00bfC\u00f3mo fue tu proceso de formaci\u00f3n en nuestra Universidad?<\/strong><\/h3>\n<h3>Mi experiencia de formaci\u00f3n en la UNSL fue muy valiosa. Durante mi carrera de grado, la Licenciatura en Ciencias de la Computaci\u00f3n en la Facultad de Ciencias F\u00edsico Matem\u00e1ticas y Naturales (FCFMyN), recib\u00ed una educaci\u00f3n de primera clase que abarcaba un enfoque integral tanto en aspectos te\u00f3ricos como pr\u00e1cticos. Esto me proporcion\u00f3 una s\u00f3lida base de conocimientos que pude aplicar en la industria y en el \u00e1mbito de la investigaci\u00f3n.<\/h3>\n<h3>Adem\u00e1s, durante mi paso por la UNSL, tuve la oportunidad de desempe\u00f1arme como docente en el Departamento de Inform\u00e1tica, lo que me permiti\u00f3 no solo profundizar en mi comprensi\u00f3n y aplicaci\u00f3n de diversas \u00e1reas de las ciencias de la computaci\u00f3n, sino tambi\u00e9n fortalecer mis habilidades pedag\u00f3gicas y de comunicaci\u00f3n.<\/h3>\n<p><img fetchpriority=\"high\" decoding=\"async\" class=\"wp-image-16210 aligncenter\" src=\"https:\/\/apuntesdesanluis.com\/wp-content\/uploads\/2024\/05\/guillermo-trabes-300x233.png\" alt=\"\" width=\"556\" height=\"432\" srcset=\"https:\/\/apuntesdesanluis.com\/wp-content\/uploads\/2024\/05\/guillermo-trabes-300x233.png 300w, https:\/\/apuntesdesanluis.com\/wp-content\/uploads\/2024\/05\/guillermo-trabes.png 526w\" sizes=\"(max-width: 556px) 100vw, 556px\" \/><\/p>\n<h3><strong>\u00bfDe qu\u00e9 se trat\u00f3 tu tesis doctoral?<\/strong><\/h3>\n<h3>En mi tesis doctoral, trabaj\u00e9 con un enfoque llamado DEVS (Discrete Event System Specification), que nos permite simular y analizar sistemas del mundo real dividi\u00e9ndolos en partes m\u00e1s simples llamadas componentes. DEVS es \u00fatil para abordar problemas reales como el estudio del consumo de energ\u00eda en edificios, la propagaci\u00f3n de enfermedades entre la poblaci\u00f3n y la evacuaci\u00f3n de edificios en casos de emergencia.<\/h3>\n<h3>Durante mi tesis, me centr\u00e9 en mejorar el rendimiento de las simulaciones DEVS utilizando lo que llamamos t\u00e9cnicas de computaci\u00f3n de alto rendimiento. B\u00e1sicamente, esto significa que me enfoqu\u00e9 en c\u00f3mo hacer que las simulaciones DEVS funcionen de manera m\u00e1s r\u00e1pida y eficiente utilizando computadoras modernas con m\u00faltiples procesadores y tecnolog\u00edas especiales llamadas GPUs.<\/h3>\n<h3>Gracias a nuestra investigaci\u00f3n, desarrollamos un nuevo m\u00e9todo que permite acelerar la resoluci\u00f3n de problemas reales hasta 22 veces m\u00e1s r\u00e1pido en comparaci\u00f3n con las t\u00e9cnicas de simulaci\u00f3n tradicionales, que utilizan solo un procesador. Adem\u00e1s, nuestro enfoque tambi\u00e9n permiti\u00f3 reducir el consumo de energ\u00eda requerido para realizar estas simulaciones en hasta un 85%, lo que es beneficioso tanto para el medio ambiente como para la sostenibilidad de los sistemas inform\u00e1ticos.<\/h3>\n<h3>En resumen, mi trabajo en la tesis doctoral consisti\u00f3 en mejorar las simulaciones DEVS utilizando computadoras modernas y potentes, obteniendo resultados m\u00e1s r\u00e1pidos y eficientes en la resoluci\u00f3n de problemas complejos y del mundo real.<\/h3>\n<h3><strong>\u00bfQu\u00e9 significa desde lo personal y profesional haber obtenido el Premio Ra\u00fal Gallard?, \u00bfc\u00f3mo fue el proceso por el que presentaste el trabajo y te enteraste que hab\u00edas sido premiado?<\/strong><\/h3>\n<h3>Obtener el Premio Ra\u00fal Gallard, que se otorga anualmente a la mejor tesis de doctorado en inform\u00e1tica realizada en Argentina, es un gran honor personal y profesional para m\u00ed. Este premio representa el reconocimiento de mis esfuerzos en investigaci\u00f3n y el impacto de mi trabajo en el campo de la ciencia de la computaci\u00f3n.<\/h3>\n<h3><img decoding=\"async\" class=\"wp-image-16211 aligncenter\" src=\"https:\/\/apuntesdesanluis.com\/wp-content\/uploads\/2024\/05\/doctorado-300x166.png\" alt=\"\" width=\"582\" height=\"322\" srcset=\"https:\/\/apuntesdesanluis.com\/wp-content\/uploads\/2024\/05\/doctorado-300x166.png 300w, https:\/\/apuntesdesanluis.com\/wp-content\/uploads\/2024\/05\/doctorado.png 600w\" sizes=\"(max-width: 582px) 100vw, 582px\" \/><\/h3>\n<h3>Adem\u00e1s, el premio tiene un significado especial, ya que Ra\u00fal Gallard fue una figura clave en la historia y formaci\u00f3n del Departamento de Inform\u00e1tica de la FCFMyN, donde tuve la oportunidad de ser alumno y docente. Aunque no tuve el privilegio de conocer a Gallard personalmente, me llegaron muchas historias y noticias acerca de su importancia en el Departamento y su legado.<\/h3>\n<h3>El proceso de presentaci\u00f3n de mi trabajo consisti\u00f3 en exponer un resumen de mi tesis y un p\u00f3ster en el Workshop de Investigadores en Ciencias de la Computaci\u00f3n (WICC). Un jurado evalu\u00f3 las tesis presentadas, destacando la calidad acad\u00e9mica de mi investigaci\u00f3n. Este evento brinda a los participantes la oportunidad de compartir sus avances en investigaci\u00f3n, fomentando el intercambio de ideas y la colaboraci\u00f3n acad\u00e9mica. La emocionante espera de la decisi\u00f3n del jurado culmin\u00f3 con el reconocimiento de mi trabajo y el otorgamiento del premio Ra\u00fal Gallard.<\/h3>\n<h3><strong>\u00bfQu\u00e9 implica este reconocimiento?, \u00bfc\u00f3mo es la premiaci\u00f3n que se te dar\u00e1?<\/strong><\/h3>\n<h3>La premiaci\u00f3n consiste en la publicaci\u00f3n de mi tesis doctoral como un libro, lo que aumenta la visibilidad de mi trabajo en el mundo acad\u00e9mico. Adem\u00e1s, la distribuci\u00f3n de este libro se realizar\u00e1 en las universidades nacionales que integran la Red UNCI (Red de Universidades Nacionales con Carreras de Inform\u00e1tica). Esto significa que estudiantes, profesores e investigadores de diferentes instituciones tendr\u00e1n acceso a mi investigaci\u00f3n, lo que sirve para darle difusi\u00f3n a la investigaci\u00f3n y dar lugar a futuros proyectos y colaboraciones.<\/h3>\n<h3><strong>Actualmente est\u00e1s viviendo en Canad\u00e1, \u00bfd\u00f3nde te est\u00e1s desempe\u00f1ando y qu\u00e9 pr\u00f3ximos pasos te gustar\u00eda dar en tu formaci\u00f3n?<\/strong><\/h3>\n<h3>Actualmente vivo en Canad\u00e1 y el a\u00f1o pasado comenc\u00e9 a trabajar en la empresa de tecnolog\u00eda AMD, que se destaca como l\u00edder en el desarrollo de procesadores y actualmente est\u00e1 liderando el desarrollo de computadoras tanto personales como supercomputadoras, con un \u00e9nfasis en el auge de la inteligencia artificial que vivimos hoy en d\u00eda.<\/h3>\n<h3>Mi trabajo se enfoca en aplicar todo lo aprendido en mi formaci\u00f3n en la UNSL a uno de los problemas que se hizo muy importante recientemente: acelerar el desarrollo de los modelos de lenguaje impulsados por inteligencia artificial, como el que usa chatGPT. Para eso, AMD fabrica aceleradores de c\u00f3mputo paralelos avanzados (GPUs), y mi trabajo es optimizar el software para obtener su m\u00e1ximo rendimiento.<\/h3>\n<h3>Estoy muy contento en mi nueva posici\u00f3n, el desaf\u00edo es muy interesante y el ambiente de trabajo es excelente. Para el futuro planeo seguir creciendo profesionalmente y seguir trabajando en problemas desafiantes de las ciencias de la computaci\u00f3n.<\/h3>\n<h3><strong>\u00bfQu\u00e9 signific\u00f3 para vos tu paso por la UNSL y la importancia de formarte en una instituci\u00f3n p\u00fablica?<\/strong><\/h3>\n<h3>Mi paso por la UNSL y la educaci\u00f3n en una instituci\u00f3n p\u00fablica fue fundamental para mi crecimiento personal y profesional. La formaci\u00f3n en la UNSL me brind\u00f3 una base s\u00f3lida de conocimientos, me prepar\u00f3 para enfrentar situaciones y retos reales en mi carrera y me abri\u00f3 las puertas a todas mis oportunidades posteriores.<\/h3>\n<h3>Sin la educaci\u00f3n p\u00fablica, no hubiera tenido las mismas oportunidades y el apoyo necesario para desarrollarme acad\u00e9mica y profesionalmente. La educaci\u00f3n p\u00fablica es muy importante para permitir el acceso a una educaci\u00f3n de alta calidad a todos, independientemente de su situaci\u00f3n econ\u00f3mica, y me siento agradecido por haber tenido la oportunidad de ser parte de esta instituci\u00f3n.<\/h3>\n<p>&nbsp;<\/p>\n<p>&nbsp;<\/p>\n<p>&nbsp;<\/p>\n<p>&nbsp;<\/p>\n<p>&nbsp;<\/p>\n<p>&nbsp;<\/p>\n","protected":false},"excerpt":{"rendered":"<p>El Dr. Guillermo Trabes, quien se desempe\u00f1\u00f3 como alumno y docente de la Facultad de&#8230;<\/p>\n","protected":false},"author":1,"featured_media":16212,"comment_status":"closed","ping_status":"closed","sticky":false,"template":"","format":"standard","meta":{"footnotes":""},"categories":[6],"tags":[],"class_list":["post-16209","post","type-post","status-publish","format-standard","has-post-thumbnail","hentry","category-ciudad-provincia"],"yoast_head":"<!-- This site is optimized with the Yoast SEO plugin v26.1.1 - https:\/\/yoast.com\/wordpress\/plugins\/seo\/ -->\n<title>EGRESADO DE LA UNSL RECIBI\u00d3 EL PREMIO A LA MEJOR TESIS DOCTORAL DEL PA\u00cdS - Apuntes de San Luis<\/title>\n<meta name=\"robots\" content=\"index, follow, max-snippet:-1, max-image-preview:large, max-video-preview:-1\" \/>\n<link rel=\"canonical\" href=\"https:\/\/apuntesdesanluis.com\/index.php\/2024\/05\/15\/egresado-de-la-unsl-recibio-el-premio-a-la-mejor-tesis-doctoral-del-pais\/\" \/>\n<meta property=\"og:locale\" content=\"es_ES\" \/>\n<meta property=\"og:type\" content=\"article\" \/>\n<meta property=\"og:title\" content=\"EGRESADO DE LA UNSL RECIBI\u00d3 EL PREMIO A LA MEJOR TESIS DOCTORAL DEL PA\u00cdS - Apuntes de San Luis\" \/>\n<meta property=\"og:description\" content=\"El Dr. Guillermo Trabes, quien se desempe\u00f1\u00f3 como alumno y docente de la Facultad de...\" \/>\n<meta property=\"og:url\" content=\"https:\/\/apuntesdesanluis.com\/index.php\/2024\/05\/15\/egresado-de-la-unsl-recibio-el-premio-a-la-mejor-tesis-doctoral-del-pais\/\" \/>\n<meta property=\"og:site_name\" content=\"Apuntes de San Luis\" \/>\n<meta property=\"article:published_time\" content=\"2024-05-15T14:17:23+00:00\" \/>\n<meta property=\"article:modified_time\" content=\"2024-05-15T14:18:05+00:00\" \/>\n<meta property=\"og:image\" content=\"https:\/\/apuntesdesanluis.com\/wp-content\/uploads\/2024\/05\/traves.png\" \/>\n\t<meta property=\"og:image:width\" content=\"600\" \/>\n\t<meta property=\"og:image:height\" content=\"387\" \/>\n\t<meta property=\"og:image:type\" content=\"image\/png\" \/>\n<meta name=\"author\" content=\"apuntesdesanluis.com\" \/>\n<meta name=\"twitter:card\" content=\"summary_large_image\" \/>\n<meta name=\"twitter:label1\" content=\"Escrito por\" \/>\n\t<meta name=\"twitter:data1\" content=\"apuntesdesanluis.com\" \/>\n\t<meta name=\"twitter:label2\" content=\"Tiempo de lectura\" \/>\n\t<meta name=\"twitter:data2\" content=\"6 minutos\" \/>\n<script type=\"application\/ld+json\" class=\"yoast-schema-graph\">{\"@context\":\"https:\/\/schema.org\",\"@graph\":[{\"@type\":\"Article\",\"@id\":\"https:\/\/apuntesdesanluis.com\/index.php\/2024\/05\/15\/egresado-de-la-unsl-recibio-el-premio-a-la-mejor-tesis-doctoral-del-pais\/#article\",\"isPartOf\":{\"@id\":\"https:\/\/apuntesdesanluis.com\/index.php\/2024\/05\/15\/egresado-de-la-unsl-recibio-el-premio-a-la-mejor-tesis-doctoral-del-pais\/\"},\"author\":{\"name\":\"apuntesdesanluis.com\",\"@id\":\"https:\/\/apuntesdesanluis.com\/#\/schema\/person\/b55151d52296fcce64d1a72538a70b90\"},\"headline\":\"EGRESADO DE LA UNSL RECIBI\u00d3 EL PREMIO A LA MEJOR TESIS DOCTORAL DEL PA\u00cdS\",\"datePublished\":\"2024-05-15T14:17:23+00:00\",\"dateModified\":\"2024-05-15T14:18:05+00:00\",\"mainEntityOfPage\":{\"@id\":\"https:\/\/apuntesdesanluis.com\/index.php\/2024\/05\/15\/egresado-de-la-unsl-recibio-el-premio-a-la-mejor-tesis-doctoral-del-pais\/\"},\"wordCount\":1201,\"publisher\":{\"@id\":\"https:\/\/apuntesdesanluis.com\/#\/schema\/person\/b55151d52296fcce64d1a72538a70b90\"},\"image\":{\"@id\":\"https:\/\/apuntesdesanluis.com\/index.php\/2024\/05\/15\/egresado-de-la-unsl-recibio-el-premio-a-la-mejor-tesis-doctoral-del-pais\/#primaryimage\"},\"thumbnailUrl\":\"https:\/\/apuntesdesanluis.com\/wp-content\/uploads\/2024\/05\/traves.png\",\"articleSection\":[\"Ciudad\/Provincia\"],\"inLanguage\":\"es-AR\"},{\"@type\":\"WebPage\",\"@id\":\"https:\/\/apuntesdesanluis.com\/index.php\/2024\/05\/15\/egresado-de-la-unsl-recibio-el-premio-a-la-mejor-tesis-doctoral-del-pais\/\",\"url\":\"https:\/\/apuntesdesanluis.com\/index.php\/2024\/05\/15\/egresado-de-la-unsl-recibio-el-premio-a-la-mejor-tesis-doctoral-del-pais\/\",\"name\":\"EGRESADO DE LA UNSL RECIBI\u00d3 EL PREMIO A LA MEJOR TESIS DOCTORAL DEL PA\u00cdS - Apuntes de San Luis\",\"isPartOf\":{\"@id\":\"https:\/\/apuntesdesanluis.com\/#website\"},\"primaryImageOfPage\":{\"@id\":\"https:\/\/apuntesdesanluis.com\/index.php\/2024\/05\/15\/egresado-de-la-unsl-recibio-el-premio-a-la-mejor-tesis-doctoral-del-pais\/#primaryimage\"},\"image\":{\"@id\":\"https:\/\/apuntesdesanluis.com\/index.php\/2024\/05\/15\/egresado-de-la-unsl-recibio-el-premio-a-la-mejor-tesis-doctoral-del-pais\/#primaryimage\"},\"thumbnailUrl\":\"https:\/\/apuntesdesanluis.com\/wp-content\/uploads\/2024\/05\/traves.png\",\"datePublished\":\"2024-05-15T14:17:23+00:00\",\"dateModified\":\"2024-05-15T14:18:05+00:00\",\"breadcrumb\":{\"@id\":\"https:\/\/apuntesdesanluis.com\/index.php\/2024\/05\/15\/egresado-de-la-unsl-recibio-el-premio-a-la-mejor-tesis-doctoral-del-pais\/#breadcrumb\"},\"inLanguage\":\"es-AR\",\"potentialAction\":[{\"@type\":\"ReadAction\",\"target\":[\"https:\/\/apuntesdesanluis.com\/index.php\/2024\/05\/15\/egresado-de-la-unsl-recibio-el-premio-a-la-mejor-tesis-doctoral-del-pais\/\"]}]},{\"@type\":\"ImageObject\",\"inLanguage\":\"es-AR\",\"@id\":\"https:\/\/apuntesdesanluis.com\/index.php\/2024\/05\/15\/egresado-de-la-unsl-recibio-el-premio-a-la-mejor-tesis-doctoral-del-pais\/#primaryimage\",\"url\":\"https:\/\/apuntesdesanluis.com\/wp-content\/uploads\/2024\/05\/traves.png\",\"contentUrl\":\"https:\/\/apuntesdesanluis.com\/wp-content\/uploads\/2024\/05\/traves.png\",\"width\":600,\"height\":387},{\"@type\":\"BreadcrumbList\",\"@id\":\"https:\/\/apuntesdesanluis.com\/index.php\/2024\/05\/15\/egresado-de-la-unsl-recibio-el-premio-a-la-mejor-tesis-doctoral-del-pais\/#breadcrumb\",\"itemListElement\":[{\"@type\":\"ListItem\",\"position\":1,\"name\":\"Inicio\",\"item\":\"https:\/\/apuntesdesanluis.com\/\"},{\"@type\":\"ListItem\",\"position\":2,\"name\":\"EGRESADO DE LA UNSL RECIBI\u00d3 EL PREMIO A LA MEJOR TESIS DOCTORAL DEL PA\u00cdS\"}]},{\"@type\":\"WebSite\",\"@id\":\"https:\/\/apuntesdesanluis.com\/#website\",\"url\":\"https:\/\/apuntesdesanluis.com\/\",\"name\":\"Apuntes de San Luis\",\"description\":\"\",\"publisher\":{\"@id\":\"https:\/\/apuntesdesanluis.com\/#\/schema\/person\/b55151d52296fcce64d1a72538a70b90\"},\"potentialAction\":[{\"@type\":\"SearchAction\",\"target\":{\"@type\":\"EntryPoint\",\"urlTemplate\":\"https:\/\/apuntesdesanluis.com\/?s={search_term_string}\"},\"query-input\":{\"@type\":\"PropertyValueSpecification\",\"valueRequired\":true,\"valueName\":\"search_term_string\"}}],\"inLanguage\":\"es-AR\"},{\"@type\":[\"Person\",\"Organization\"],\"@id\":\"https:\/\/apuntesdesanluis.com\/#\/schema\/person\/b55151d52296fcce64d1a72538a70b90\",\"name\":\"apuntesdesanluis.com\",\"image\":{\"@type\":\"ImageObject\",\"inLanguage\":\"es-AR\",\"@id\":\"https:\/\/apuntesdesanluis.com\/#\/schema\/person\/image\/\",\"url\":\"https:\/\/apuntesdesanluis.com\/wp-content\/uploads\/2023\/07\/cropped-apuntesdesanluis.png\",\"contentUrl\":\"https:\/\/apuntesdesanluis.com\/wp-content\/uploads\/2023\/07\/cropped-apuntesdesanluis.png\",\"width\":450,\"height\":112,\"caption\":\"apuntesdesanluis.com\"},\"logo\":{\"@id\":\"https:\/\/apuntesdesanluis.com\/#\/schema\/person\/image\/\"},\"sameAs\":[\"https:\/\/apuntesdesanluis.com\"],\"url\":\"https:\/\/apuntesdesanluis.com\/index.php\/author\/apuntesdesanluis-com\/\"}]}<\/script>\n<!-- \/ Yoast SEO plugin. -->","yoast_head_json":{"title":"EGRESADO DE LA UNSL RECIBI\u00d3 EL PREMIO A LA MEJOR TESIS DOCTORAL DEL PA\u00cdS - Apuntes de San Luis","robots":{"index":"index","follow":"follow","max-snippet":"max-snippet:-1","max-image-preview":"max-image-preview:large","max-video-preview":"max-video-preview:-1"},"canonical":"https:\/\/apuntesdesanluis.com\/index.php\/2024\/05\/15\/egresado-de-la-unsl-recibio-el-premio-a-la-mejor-tesis-doctoral-del-pais\/","og_locale":"es_ES","og_type":"article","og_title":"EGRESADO DE LA UNSL RECIBI\u00d3 EL PREMIO A LA MEJOR TESIS DOCTORAL DEL PA\u00cdS - Apuntes de San Luis","og_description":"El Dr. Guillermo Trabes, quien se desempe\u00f1\u00f3 como alumno y docente de la Facultad de...","og_url":"https:\/\/apuntesdesanluis.com\/index.php\/2024\/05\/15\/egresado-de-la-unsl-recibio-el-premio-a-la-mejor-tesis-doctoral-del-pais\/","og_site_name":"Apuntes de San Luis","article_published_time":"2024-05-15T14:17:23+00:00","article_modified_time":"2024-05-15T14:18:05+00:00","og_image":[{"width":600,"height":387,"url":"https:\/\/apuntesdesanluis.com\/wp-content\/uploads\/2024\/05\/traves.png","type":"image\/png"}],"author":"apuntesdesanluis.com","twitter_card":"summary_large_image","twitter_misc":{"Escrito por":"apuntesdesanluis.com","Tiempo de lectura":"6 minutos"},"schema":{"@context":"https:\/\/schema.org","@graph":[{"@type":"Article","@id":"https:\/\/apuntesdesanluis.com\/index.php\/2024\/05\/15\/egresado-de-la-unsl-recibio-el-premio-a-la-mejor-tesis-doctoral-del-pais\/#article","isPartOf":{"@id":"https:\/\/apuntesdesanluis.com\/index.php\/2024\/05\/15\/egresado-de-la-unsl-recibio-el-premio-a-la-mejor-tesis-doctoral-del-pais\/"},"author":{"name":"apuntesdesanluis.com","@id":"https:\/\/apuntesdesanluis.com\/#\/schema\/person\/b55151d52296fcce64d1a72538a70b90"},"headline":"EGRESADO DE LA UNSL RECIBI\u00d3 EL PREMIO A LA MEJOR TESIS DOCTORAL DEL PA\u00cdS","datePublished":"2024-05-15T14:17:23+00:00","dateModified":"2024-05-15T14:18:05+00:00","mainEntityOfPage":{"@id":"https:\/\/apuntesdesanluis.com\/index.php\/2024\/05\/15\/egresado-de-la-unsl-recibio-el-premio-a-la-mejor-tesis-doctoral-del-pais\/"},"wordCount":1201,"publisher":{"@id":"https:\/\/apuntesdesanluis.com\/#\/schema\/person\/b55151d52296fcce64d1a72538a70b90"},"image":{"@id":"https:\/\/apuntesdesanluis.com\/index.php\/2024\/05\/15\/egresado-de-la-unsl-recibio-el-premio-a-la-mejor-tesis-doctoral-del-pais\/#primaryimage"},"thumbnailUrl":"https:\/\/apuntesdesanluis.com\/wp-content\/uploads\/2024\/05\/traves.png","articleSection":["Ciudad\/Provincia"],"inLanguage":"es-AR"},{"@type":"WebPage","@id":"https:\/\/apuntesdesanluis.com\/index.php\/2024\/05\/15\/egresado-de-la-unsl-recibio-el-premio-a-la-mejor-tesis-doctoral-del-pais\/","url":"https:\/\/apuntesdesanluis.com\/index.php\/2024\/05\/15\/egresado-de-la-unsl-recibio-el-premio-a-la-mejor-tesis-doctoral-del-pais\/","name":"EGRESADO DE LA UNSL RECIBI\u00d3 EL PREMIO A LA MEJOR TESIS DOCTORAL DEL PA\u00cdS - Apuntes de San Luis","isPartOf":{"@id":"https:\/\/apuntesdesanluis.com\/#website"},"primaryImageOfPage":{"@id":"https:\/\/apuntesdesanluis.com\/index.php\/2024\/05\/15\/egresado-de-la-unsl-recibio-el-premio-a-la-mejor-tesis-doctoral-del-pais\/#primaryimage"},"image":{"@id":"https:\/\/apuntesdesanluis.com\/index.php\/2024\/05\/15\/egresado-de-la-unsl-recibio-el-premio-a-la-mejor-tesis-doctoral-del-pais\/#primaryimage"},"thumbnailUrl":"https:\/\/apuntesdesanluis.com\/wp-content\/uploads\/2024\/05\/traves.png","datePublished":"2024-05-15T14:17:23+00:00","dateModified":"2024-05-15T14:18:05+00:00","breadcrumb":{"@id":"https:\/\/apuntesdesanluis.com\/index.php\/2024\/05\/15\/egresado-de-la-unsl-recibio-el-premio-a-la-mejor-tesis-doctoral-del-pais\/#breadcrumb"},"inLanguage":"es-AR","potentialAction":[{"@type":"ReadAction","target":["https:\/\/apuntesdesanluis.com\/index.php\/2024\/05\/15\/egresado-de-la-unsl-recibio-el-premio-a-la-mejor-tesis-doctoral-del-pais\/"]}]},{"@type":"ImageObject","inLanguage":"es-AR","@id":"https:\/\/apuntesdesanluis.com\/index.php\/2024\/05\/15\/egresado-de-la-unsl-recibio-el-premio-a-la-mejor-tesis-doctoral-del-pais\/#primaryimage","url":"https:\/\/apuntesdesanluis.com\/wp-content\/uploads\/2024\/05\/traves.png","contentUrl":"https:\/\/apuntesdesanluis.com\/wp-content\/uploads\/2024\/05\/traves.png","width":600,"height":387},{"@type":"BreadcrumbList","@id":"https:\/\/apuntesdesanluis.com\/index.php\/2024\/05\/15\/egresado-de-la-unsl-recibio-el-premio-a-la-mejor-tesis-doctoral-del-pais\/#breadcrumb","itemListElement":[{"@type":"ListItem","position":1,"name":"Inicio","item":"https:\/\/apuntesdesanluis.com\/"},{"@type":"ListItem","position":2,"name":"EGRESADO DE LA UNSL RECIBI\u00d3 EL PREMIO A LA MEJOR TESIS DOCTORAL DEL PA\u00cdS"}]},{"@type":"WebSite","@id":"https:\/\/apuntesdesanluis.com\/#website","url":"https:\/\/apuntesdesanluis.com\/","name":"Apuntes de San Luis","description":"","publisher":{"@id":"https:\/\/apuntesdesanluis.com\/#\/schema\/person\/b55151d52296fcce64d1a72538a70b90"},"potentialAction":[{"@type":"SearchAction","target":{"@type":"EntryPoint","urlTemplate":"https:\/\/apuntesdesanluis.com\/?s={search_term_string}"},"query-input":{"@type":"PropertyValueSpecification","valueRequired":true,"valueName":"search_term_string"}}],"inLanguage":"es-AR"},{"@type":["Person","Organization"],"@id":"https:\/\/apuntesdesanluis.com\/#\/schema\/person\/b55151d52296fcce64d1a72538a70b90","name":"apuntesdesanluis.com","image":{"@type":"ImageObject","inLanguage":"es-AR","@id":"https:\/\/apuntesdesanluis.com\/#\/schema\/person\/image\/","url":"https:\/\/apuntesdesanluis.com\/wp-content\/uploads\/2023\/07\/cropped-apuntesdesanluis.png","contentUrl":"https:\/\/apuntesdesanluis.com\/wp-content\/uploads\/2023\/07\/cropped-apuntesdesanluis.png","width":450,"height":112,"caption":"apuntesdesanluis.com"},"logo":{"@id":"https:\/\/apuntesdesanluis.com\/#\/schema\/person\/image\/"},"sameAs":["https:\/\/apuntesdesanluis.com"],"url":"https:\/\/apuntesdesanluis.com\/index.php\/author\/apuntesdesanluis-com\/"}]}},"featured_image_urls":{"full":["https:\/\/apuntesdesanluis.com\/wp-content\/uploads\/2024\/05\/traves.png",600,387,false],"thumbnail":["https:\/\/apuntesdesanluis.com\/wp-content\/uploads\/2024\/05\/traves-150x150.png",150,150,true],"medium":["https:\/\/apuntesdesanluis.com\/wp-content\/uploads\/2024\/05\/traves-300x194.png",300,194,true],"medium_large":["https:\/\/apuntesdesanluis.com\/wp-content\/uploads\/2024\/05\/traves.png",600,387,false],"large":["https:\/\/apuntesdesanluis.com\/wp-content\/uploads\/2024\/05\/traves.png",600,387,false],"1536x1536":["https:\/\/apuntesdesanluis.com\/wp-content\/uploads\/2024\/05\/traves.png",600,387,false],"2048x2048":["https:\/\/apuntesdesanluis.com\/wp-content\/uploads\/2024\/05\/traves.png",600,387,false],"newsever-slider-full":["https:\/\/apuntesdesanluis.com\/wp-content\/uploads\/2024\/05\/traves.png",600,387,false],"newsever-featured":["https:\/\/apuntesdesanluis.com\/wp-content\/uploads\/2024\/05\/traves.png",600,387,false],"newsever-medium":["https:\/\/apuntesdesanluis.com\/wp-content\/uploads\/2024\/05\/traves.png",600,387,false]},"author_info":{"display_name":"apuntesdesanluis.com","author_link":"https:\/\/apuntesdesanluis.com\/index.php\/author\/apuntesdesanluis-com\/"},"category_info":"<a href=\"https:\/\/apuntesdesanluis.com\/index.php\/category\/ciudad-provincia\/\" rel=\"category tag\">Ciudad\/Provincia<\/a>","tag_info":"Ciudad\/Provincia","comment_count":"0","_links":{"self":[{"href":"https:\/\/apuntesdesanluis.com\/index.php\/wp-json\/wp\/v2\/posts\/16209","targetHints":{"allow":["GET"]}}],"collection":[{"href":"https:\/\/apuntesdesanluis.com\/index.php\/wp-json\/wp\/v2\/posts"}],"about":[{"href":"https:\/\/apuntesdesanluis.com\/index.php\/wp-json\/wp\/v2\/types\/post"}],"author":[{"embeddable":true,"href":"https:\/\/apuntesdesanluis.com\/index.php\/wp-json\/wp\/v2\/users\/1"}],"replies":[{"embeddable":true,"href":"https:\/\/apuntesdesanluis.com\/index.php\/wp-json\/wp\/v2\/comments?post=16209"}],"version-history":[{"count":2,"href":"https:\/\/apuntesdesanluis.com\/index.php\/wp-json\/wp\/v2\/posts\/16209\/revisions"}],"predecessor-version":[{"id":16214,"href":"https:\/\/apuntesdesanluis.com\/index.php\/wp-json\/wp\/v2\/posts\/16209\/revisions\/16214"}],"wp:featuredmedia":[{"embeddable":true,"href":"https:\/\/apuntesdesanluis.com\/index.php\/wp-json\/wp\/v2\/media\/16212"}],"wp:attachment":[{"href":"https:\/\/apuntesdesanluis.com\/index.php\/wp-json\/wp\/v2\/media?parent=16209"}],"wp:term":[{"taxonomy":"category","embeddable":true,"href":"https:\/\/apuntesdesanluis.com\/index.php\/wp-json\/wp\/v2\/categories?post=16209"},{"taxonomy":"post_tag","embeddable":true,"href":"https:\/\/apuntesdesanluis.com\/index.php\/wp-json\/wp\/v2\/tags?post=16209"}],"curies":[{"name":"wp","href":"https:\/\/api.w.org\/{rel}","templated":true}]}}