{"id":1621,"date":"2023-08-15T14:30:20","date_gmt":"2023-08-15T17:30:20","guid":{"rendered":"https:\/\/apuntesdesanluis.com\/?p=1621"},"modified":"2023-08-15T14:30:20","modified_gmt":"2023-08-15T17:30:20","slug":"juzgan-a-una-pareja-acusada-de-maltratar-a-un-nino-de-5-anos","status":"publish","type":"post","link":"https:\/\/apuntesdesanluis.com\/index.php\/2023\/08\/15\/juzgan-a-una-pareja-acusada-de-maltratar-a-un-nino-de-5-anos\/","title":{"rendered":"JUZGAN A UNA PAREJA ACUSADA DE MALTRATAR A UN NI\u00d1O DE 5 A\u00d1OS"},"content":{"rendered":"<h3>Una mujer y su concubino comenzaron a ser juzgados este martes, acusados de golpear a un ni\u00f1o de 5 a\u00f1os, hijo de la imputada.<\/h3>\n<h3>En el desarrollo de su teor\u00eda del caso, el fiscal de Juicio, <strong>Fernando Rodr\u00edguez<\/strong>, dijo que la v\u00edctima sufri\u00f3 maltrato f\u00edsico en al menos seis oportunidades y que los golpes, adem\u00e1s de provocar lesiones externas, lastimaron \u00f3rganos internos como la vejiga y el p\u00e1ncreas.<\/h3>\n<h3>Por estos hechos, a la madre se le imput\u00f3 el delito de lesiones leves agravadas por el v\u00ednculo y por el ensa\u00f1amiento en concurso real y lleg\u00f3 al debate con un pedido de pena de 6 a\u00f1os de prisi\u00f3n.<\/h3>\n<h3>Su pareja, en cambio, es acusado por lesiones leves agravadas por el ensa\u00f1amiento en concurso real en comisi\u00f3n por omisi\u00f3n, es decir, de haber estado en el lugar de los hechos, ocupar el rol de guardador y, sin embargo, no hacer nada para evitar los maltratos hacia el ni\u00f1o. El hombre enfrenta una solicitud de condena de 3 a\u00f1os.<\/h3>\n<h3>El fiscal, en sus alegatos de apertura, dijo que el 26 de abril a la medianoche, una m\u00e9dica del \u00e1rea de Pediatr\u00eda del Hospital San Luis inform\u00f3 a la Polic\u00eda que cerca de las 19 horas ingres\u00f3 un ni\u00f1o con hematomas y moretones en sus brazos y piernas, y escoriaciones en sus partes \u00edntimas. Se encontraba acompa\u00f1ado por su mam\u00e1.<\/h3>\n<p><img fetchpriority=\"high\" decoding=\"async\" class=\"wp-image-1623 aligncenter\" src=\"https:\/\/apuntesdesanluis.com\/wp-content\/uploads\/2023\/08\/JUICIO-4-300x178.png\" alt=\"\" width=\"536\" height=\"318\" srcset=\"https:\/\/apuntesdesanluis.com\/wp-content\/uploads\/2023\/08\/JUICIO-4-300x178.png 300w, https:\/\/apuntesdesanluis.com\/wp-content\/uploads\/2023\/08\/JUICIO-4.png 600w\" sizes=\"(max-width: 536px) 100vw, 536px\" \/><\/p>\n<h3>Rodr\u00edguez agreg\u00f3 que ese fin de semana el ni\u00f1o estuvo en la casa de su abuela paterna y que el domingo 25 de abril, a la noche, regres\u00f3 a la casa de su mam\u00e1 y su padrastro, ubicada en el Barrio 60 Viviendas de la ciudad capital. Al d\u00eda siguiente, la mujer se fue a trabajar y a la tarde el peque\u00f1o comenz\u00f3 con v\u00f3mitos.<\/h3>\n<h3>De acuerdo a la acusaci\u00f3n fiscal, en el transcurso de tiempo, entre que el menor volvi\u00f3 a su hogar hasta que se descompuso, la madre habr\u00eda agredido al ni\u00f1o, tom\u00e1ndolo fuertemente de sus brazos y golpe\u00e1ndolo en su parte abdominal, genital y en su espalda. \u201cLos golpes fueron con tanta sa\u00f1a que no s\u00f3lo le produjo lesiones externas, sino internas, debiendo ser hospitalizado\u201d, complet\u00f3 Rodr\u00edguez.<\/h3>\n<h3>La Fiscal\u00eda agreg\u00f3 que la semana anterior a la internaci\u00f3n, la v\u00edctima sufri\u00f3 otras agresiones entre el 19 y 24 de abril, periodo que tambi\u00e9n se encontraba al cuidado de los imputados. \u201cEra golpeado por su madre en reiteradas oportunidades. Es por ello que la pareja de su madre y guardador del menor, no pod\u00eda dejar de conocer, y que, a pesar de poder haber evitado el maltrato, eligi\u00f3 no hacerlo\u201d, dijo el fiscal.<\/h3>\n<h3>La pareja es representada por Esteban Sala, de la Defensor\u00eda Penal N\u00b0 1. En su intervenci\u00f3n, pidi\u00f3 la absoluci\u00f3n de sus defendidos. \u201cSostengo que la imputada no fue la autora de los hechos descriptos en la acusaci\u00f3n fiscal y que existen otros motivos de esas lesiones que vamos a comprobar a lo largo del debate. Y respecto a mi defendido, se lo acusa por omisi\u00f3n y para esto se necesita de un conocimiento previo que aqu\u00ed no sucede. Por esto, adelanto que voy a pedir las absoluciones de ambos\u201d, expres\u00f3 el Defensor.<\/h3>\n<h3>El tribunal a cargo del debate estar\u00e1 integrado por Jos\u00e9 Luis Flores, como presidente, y por Hugo Sa\u00e1 Petrino y Fernando Julio De Viana en las vocal\u00edas. Por parte de la querella act\u00faa el abogado Marcelo Shortrede y como Defensor de Ni\u00f1ez, Adolescencia e Incapaces, Sebasti\u00e1n Privitera.<\/h3>\n<h3>En la audiencia de este martes declararon el padre del ni\u00f1o, quien al momento de la denuncia se encontraba en Jujuy, y la abuela paterna.<\/h3>\n","protected":false},"excerpt":{"rendered":"<p>Una mujer y su concubino comenzaron a ser juzgados este martes, acusados de golpear a&#8230;<\/p>\n","protected":false},"author":1,"featured_media":1622,"comment_status":"closed","ping_status":"closed","sticky":false,"template":"","format":"standard","meta":{"footnotes":""},"categories":[6],"tags":[],"class_list":["post-1621","post","type-post","status-publish","format-standard","has-post-thumbnail","hentry","category-ciudad-provincia"],"yoast_head":"<!-- This site is optimized with the Yoast SEO plugin v26.1.1 - https:\/\/yoast.com\/wordpress\/plugins\/seo\/ -->\n<title>JUZGAN A UNA PAREJA ACUSADA DE MALTRATAR A UN NI\u00d1O DE 5 A\u00d1OS - Apuntes de San Luis<\/title>\n<meta name=\"robots\" content=\"index, follow, max-snippet:-1, max-image-preview:large, max-video-preview:-1\" \/>\n<link rel=\"canonical\" href=\"https:\/\/apuntesdesanluis.com\/index.php\/2023\/08\/15\/juzgan-a-una-pareja-acusada-de-maltratar-a-un-nino-de-5-anos\/\" \/>\n<meta property=\"og:locale\" content=\"es_ES\" \/>\n<meta property=\"og:type\" content=\"article\" \/>\n<meta property=\"og:title\" content=\"JUZGAN A UNA PAREJA ACUSADA DE MALTRATAR A UN NI\u00d1O DE 5 A\u00d1OS - Apuntes de San Luis\" \/>\n<meta property=\"og:description\" content=\"Una mujer y su concubino comenzaron a ser juzgados este martes, acusados de golpear a...\" \/>\n<meta property=\"og:url\" content=\"https:\/\/apuntesdesanluis.com\/index.php\/2023\/08\/15\/juzgan-a-una-pareja-acusada-de-maltratar-a-un-nino-de-5-anos\/\" \/>\n<meta property=\"og:site_name\" content=\"Apuntes de San Luis\" \/>\n<meta property=\"article:published_time\" content=\"2023-08-15T17:30:20+00:00\" \/>\n<meta property=\"og:image\" content=\"https:\/\/apuntesdesanluis.com\/wp-content\/uploads\/2023\/08\/PAREJA-ACUSADA.png\" \/>\n\t<meta property=\"og:image:width\" content=\"744\" \/>\n\t<meta property=\"og:image:height\" content=\"491\" \/>\n\t<meta property=\"og:image:type\" content=\"image\/png\" \/>\n<meta name=\"author\" content=\"apuntesdesanluis.com\" \/>\n<meta name=\"twitter:card\" content=\"summary_large_image\" \/>\n<meta name=\"twitter:label1\" content=\"Escrito por\" \/>\n\t<meta name=\"twitter:data1\" content=\"apuntesdesanluis.com\" \/>\n\t<meta name=\"twitter:label2\" content=\"Tiempo de lectura\" \/>\n\t<meta name=\"twitter:data2\" content=\"3 minutos\" \/>\n<script type=\"application\/ld+json\" class=\"yoast-schema-graph\">{\"@context\":\"https:\/\/schema.org\",\"@graph\":[{\"@type\":\"Article\",\"@id\":\"https:\/\/apuntesdesanluis.com\/index.php\/2023\/08\/15\/juzgan-a-una-pareja-acusada-de-maltratar-a-un-nino-de-5-anos\/#article\",\"isPartOf\":{\"@id\":\"https:\/\/apuntesdesanluis.com\/index.php\/2023\/08\/15\/juzgan-a-una-pareja-acusada-de-maltratar-a-un-nino-de-5-anos\/\"},\"author\":{\"name\":\"apuntesdesanluis.com\",\"@id\":\"https:\/\/apuntesdesanluis.com\/#\/schema\/person\/b55151d52296fcce64d1a72538a70b90\"},\"headline\":\"JUZGAN A UNA PAREJA ACUSADA DE MALTRATAR A UN NI\u00d1O DE 5 A\u00d1OS\",\"datePublished\":\"2023-08-15T17:30:20+00:00\",\"mainEntityOfPage\":{\"@id\":\"https:\/\/apuntesdesanluis.com\/index.php\/2023\/08\/15\/juzgan-a-una-pareja-acusada-de-maltratar-a-un-nino-de-5-anos\/\"},\"wordCount\":648,\"publisher\":{\"@id\":\"https:\/\/apuntesdesanluis.com\/#\/schema\/person\/b55151d52296fcce64d1a72538a70b90\"},\"image\":{\"@id\":\"https:\/\/apuntesdesanluis.com\/index.php\/2023\/08\/15\/juzgan-a-una-pareja-acusada-de-maltratar-a-un-nino-de-5-anos\/#primaryimage\"},\"thumbnailUrl\":\"https:\/\/apuntesdesanluis.com\/wp-content\/uploads\/2023\/08\/PAREJA-ACUSADA.png\",\"articleSection\":[\"Ciudad\/Provincia\"],\"inLanguage\":\"es-AR\"},{\"@type\":\"WebPage\",\"@id\":\"https:\/\/apuntesdesanluis.com\/index.php\/2023\/08\/15\/juzgan-a-una-pareja-acusada-de-maltratar-a-un-nino-de-5-anos\/\",\"url\":\"https:\/\/apuntesdesanluis.com\/index.php\/2023\/08\/15\/juzgan-a-una-pareja-acusada-de-maltratar-a-un-nino-de-5-anos\/\",\"name\":\"JUZGAN A UNA PAREJA ACUSADA DE MALTRATAR A UN NI\u00d1O DE 5 A\u00d1OS - Apuntes de San Luis\",\"isPartOf\":{\"@id\":\"https:\/\/apuntesdesanluis.com\/#website\"},\"primaryImageOfPage\":{\"@id\":\"https:\/\/apuntesdesanluis.com\/index.php\/2023\/08\/15\/juzgan-a-una-pareja-acusada-de-maltratar-a-un-nino-de-5-anos\/#primaryimage\"},\"image\":{\"@id\":\"https:\/\/apuntesdesanluis.com\/index.php\/2023\/08\/15\/juzgan-a-una-pareja-acusada-de-maltratar-a-un-nino-de-5-anos\/#primaryimage\"},\"thumbnailUrl\":\"https:\/\/apuntesdesanluis.com\/wp-content\/uploads\/2023\/08\/PAREJA-ACUSADA.png\",\"datePublished\":\"2023-08-15T17:30:20+00:00\",\"breadcrumb\":{\"@id\":\"https:\/\/apuntesdesanluis.com\/index.php\/2023\/08\/15\/juzgan-a-una-pareja-acusada-de-maltratar-a-un-nino-de-5-anos\/#breadcrumb\"},\"inLanguage\":\"es-AR\",\"potentialAction\":[{\"@type\":\"ReadAction\",\"target\":[\"https:\/\/apuntesdesanluis.com\/index.php\/2023\/08\/15\/juzgan-a-una-pareja-acusada-de-maltratar-a-un-nino-de-5-anos\/\"]}]},{\"@type\":\"ImageObject\",\"inLanguage\":\"es-AR\",\"@id\":\"https:\/\/apuntesdesanluis.com\/index.php\/2023\/08\/15\/juzgan-a-una-pareja-acusada-de-maltratar-a-un-nino-de-5-anos\/#primaryimage\",\"url\":\"https:\/\/apuntesdesanluis.com\/wp-content\/uploads\/2023\/08\/PAREJA-ACUSADA.png\",\"contentUrl\":\"https:\/\/apuntesdesanluis.com\/wp-content\/uploads\/2023\/08\/PAREJA-ACUSADA.png\",\"width\":744,\"height\":491},{\"@type\":\"BreadcrumbList\",\"@id\":\"https:\/\/apuntesdesanluis.com\/index.php\/2023\/08\/15\/juzgan-a-una-pareja-acusada-de-maltratar-a-un-nino-de-5-anos\/#breadcrumb\",\"itemListElement\":[{\"@type\":\"ListItem\",\"position\":1,\"name\":\"Inicio\",\"item\":\"https:\/\/apuntesdesanluis.com\/\"},{\"@type\":\"ListItem\",\"position\":2,\"name\":\"JUZGAN A UNA PAREJA ACUSADA DE MALTRATAR A UN NI\u00d1O DE 5 A\u00d1OS\"}]},{\"@type\":\"WebSite\",\"@id\":\"https:\/\/apuntesdesanluis.com\/#website\",\"url\":\"https:\/\/apuntesdesanluis.com\/\",\"name\":\"Apuntes de San Luis\",\"description\":\"\",\"publisher\":{\"@id\":\"https:\/\/apuntesdesanluis.com\/#\/schema\/person\/b55151d52296fcce64d1a72538a70b90\"},\"potentialAction\":[{\"@type\":\"SearchAction\",\"target\":{\"@type\":\"EntryPoint\",\"urlTemplate\":\"https:\/\/apuntesdesanluis.com\/?s={search_term_string}\"},\"query-input\":{\"@type\":\"PropertyValueSpecification\",\"valueRequired\":true,\"valueName\":\"search_term_string\"}}],\"inLanguage\":\"es-AR\"},{\"@type\":[\"Person\",\"Organization\"],\"@id\":\"https:\/\/apuntesdesanluis.com\/#\/schema\/person\/b55151d52296fcce64d1a72538a70b90\",\"name\":\"apuntesdesanluis.com\",\"image\":{\"@type\":\"ImageObject\",\"inLanguage\":\"es-AR\",\"@id\":\"https:\/\/apuntesdesanluis.com\/#\/schema\/person\/image\/\",\"url\":\"https:\/\/apuntesdesanluis.com\/wp-content\/uploads\/2023\/07\/cropped-apuntesdesanluis.png\",\"contentUrl\":\"https:\/\/apuntesdesanluis.com\/wp-content\/uploads\/2023\/07\/cropped-apuntesdesanluis.png\",\"width\":450,\"height\":112,\"caption\":\"apuntesdesanluis.com\"},\"logo\":{\"@id\":\"https:\/\/apuntesdesanluis.com\/#\/schema\/person\/image\/\"},\"sameAs\":[\"https:\/\/apuntesdesanluis.com\"],\"url\":\"https:\/\/apuntesdesanluis.com\/index.php\/author\/apuntesdesanluis-com\/\"}]}<\/script>\n<!-- \/ Yoast SEO plugin. -->","yoast_head_json":{"title":"JUZGAN A UNA PAREJA ACUSADA DE MALTRATAR A UN NI\u00d1O DE 5 A\u00d1OS - Apuntes de San Luis","robots":{"index":"index","follow":"follow","max-snippet":"max-snippet:-1","max-image-preview":"max-image-preview:large","max-video-preview":"max-video-preview:-1"},"canonical":"https:\/\/apuntesdesanluis.com\/index.php\/2023\/08\/15\/juzgan-a-una-pareja-acusada-de-maltratar-a-un-nino-de-5-anos\/","og_locale":"es_ES","og_type":"article","og_title":"JUZGAN A UNA PAREJA ACUSADA DE MALTRATAR A UN NI\u00d1O DE 5 A\u00d1OS - Apuntes de San Luis","og_description":"Una mujer y su concubino comenzaron a ser juzgados este martes, acusados de golpear a...","og_url":"https:\/\/apuntesdesanluis.com\/index.php\/2023\/08\/15\/juzgan-a-una-pareja-acusada-de-maltratar-a-un-nino-de-5-anos\/","og_site_name":"Apuntes de San Luis","article_published_time":"2023-08-15T17:30:20+00:00","og_image":[{"width":744,"height":491,"url":"https:\/\/apuntesdesanluis.com\/wp-content\/uploads\/2023\/08\/PAREJA-ACUSADA.png","type":"image\/png"}],"author":"apuntesdesanluis.com","twitter_card":"summary_large_image","twitter_misc":{"Escrito por":"apuntesdesanluis.com","Tiempo de lectura":"3 minutos"},"schema":{"@context":"https:\/\/schema.org","@graph":[{"@type":"Article","@id":"https:\/\/apuntesdesanluis.com\/index.php\/2023\/08\/15\/juzgan-a-una-pareja-acusada-de-maltratar-a-un-nino-de-5-anos\/#article","isPartOf":{"@id":"https:\/\/apuntesdesanluis.com\/index.php\/2023\/08\/15\/juzgan-a-una-pareja-acusada-de-maltratar-a-un-nino-de-5-anos\/"},"author":{"name":"apuntesdesanluis.com","@id":"https:\/\/apuntesdesanluis.com\/#\/schema\/person\/b55151d52296fcce64d1a72538a70b90"},"headline":"JUZGAN A UNA PAREJA ACUSADA DE MALTRATAR A UN NI\u00d1O DE 5 A\u00d1OS","datePublished":"2023-08-15T17:30:20+00:00","mainEntityOfPage":{"@id":"https:\/\/apuntesdesanluis.com\/index.php\/2023\/08\/15\/juzgan-a-una-pareja-acusada-de-maltratar-a-un-nino-de-5-anos\/"},"wordCount":648,"publisher":{"@id":"https:\/\/apuntesdesanluis.com\/#\/schema\/person\/b55151d52296fcce64d1a72538a70b90"},"image":{"@id":"https:\/\/apuntesdesanluis.com\/index.php\/2023\/08\/15\/juzgan-a-una-pareja-acusada-de-maltratar-a-un-nino-de-5-anos\/#primaryimage"},"thumbnailUrl":"https:\/\/apuntesdesanluis.com\/wp-content\/uploads\/2023\/08\/PAREJA-ACUSADA.png","articleSection":["Ciudad\/Provincia"],"inLanguage":"es-AR"},{"@type":"WebPage","@id":"https:\/\/apuntesdesanluis.com\/index.php\/2023\/08\/15\/juzgan-a-una-pareja-acusada-de-maltratar-a-un-nino-de-5-anos\/","url":"https:\/\/apuntesdesanluis.com\/index.php\/2023\/08\/15\/juzgan-a-una-pareja-acusada-de-maltratar-a-un-nino-de-5-anos\/","name":"JUZGAN A UNA PAREJA ACUSADA DE MALTRATAR A UN NI\u00d1O DE 5 A\u00d1OS - Apuntes de San Luis","isPartOf":{"@id":"https:\/\/apuntesdesanluis.com\/#website"},"primaryImageOfPage":{"@id":"https:\/\/apuntesdesanluis.com\/index.php\/2023\/08\/15\/juzgan-a-una-pareja-acusada-de-maltratar-a-un-nino-de-5-anos\/#primaryimage"},"image":{"@id":"https:\/\/apuntesdesanluis.com\/index.php\/2023\/08\/15\/juzgan-a-una-pareja-acusada-de-maltratar-a-un-nino-de-5-anos\/#primaryimage"},"thumbnailUrl":"https:\/\/apuntesdesanluis.com\/wp-content\/uploads\/2023\/08\/PAREJA-ACUSADA.png","datePublished":"2023-08-15T17:30:20+00:00","breadcrumb":{"@id":"https:\/\/apuntesdesanluis.com\/index.php\/2023\/08\/15\/juzgan-a-una-pareja-acusada-de-maltratar-a-un-nino-de-5-anos\/#breadcrumb"},"inLanguage":"es-AR","potentialAction":[{"@type":"ReadAction","target":["https:\/\/apuntesdesanluis.com\/index.php\/2023\/08\/15\/juzgan-a-una-pareja-acusada-de-maltratar-a-un-nino-de-5-anos\/"]}]},{"@type":"ImageObject","inLanguage":"es-AR","@id":"https:\/\/apuntesdesanluis.com\/index.php\/2023\/08\/15\/juzgan-a-una-pareja-acusada-de-maltratar-a-un-nino-de-5-anos\/#primaryimage","url":"https:\/\/apuntesdesanluis.com\/wp-content\/uploads\/2023\/08\/PAREJA-ACUSADA.png","contentUrl":"https:\/\/apuntesdesanluis.com\/wp-content\/uploads\/2023\/08\/PAREJA-ACUSADA.png","width":744,"height":491},{"@type":"BreadcrumbList","@id":"https:\/\/apuntesdesanluis.com\/index.php\/2023\/08\/15\/juzgan-a-una-pareja-acusada-de-maltratar-a-un-nino-de-5-anos\/#breadcrumb","itemListElement":[{"@type":"ListItem","position":1,"name":"Inicio","item":"https:\/\/apuntesdesanluis.com\/"},{"@type":"ListItem","position":2,"name":"JUZGAN A UNA PAREJA ACUSADA DE MALTRATAR A UN NI\u00d1O DE 5 A\u00d1OS"}]},{"@type":"WebSite","@id":"https:\/\/apuntesdesanluis.com\/#website","url":"https:\/\/apuntesdesanluis.com\/","name":"Apuntes de San Luis","description":"","publisher":{"@id":"https:\/\/apuntesdesanluis.com\/#\/schema\/person\/b55151d52296fcce64d1a72538a70b90"},"potentialAction":[{"@type":"SearchAction","target":{"@type":"EntryPoint","urlTemplate":"https:\/\/apuntesdesanluis.com\/?s={search_term_string}"},"query-input":{"@type":"PropertyValueSpecification","valueRequired":true,"valueName":"search_term_string"}}],"inLanguage":"es-AR"},{"@type":["Person","Organization"],"@id":"https:\/\/apuntesdesanluis.com\/#\/schema\/person\/b55151d52296fcce64d1a72538a70b90","name":"apuntesdesanluis.com","image":{"@type":"ImageObject","inLanguage":"es-AR","@id":"https:\/\/apuntesdesanluis.com\/#\/schema\/person\/image\/","url":"https:\/\/apuntesdesanluis.com\/wp-content\/uploads\/2023\/07\/cropped-apuntesdesanluis.png","contentUrl":"https:\/\/apuntesdesanluis.com\/wp-content\/uploads\/2023\/07\/cropped-apuntesdesanluis.png","width":450,"height":112,"caption":"apuntesdesanluis.com"},"logo":{"@id":"https:\/\/apuntesdesanluis.com\/#\/schema\/person\/image\/"},"sameAs":["https:\/\/apuntesdesanluis.com"],"url":"https:\/\/apuntesdesanluis.com\/index.php\/author\/apuntesdesanluis-com\/"}]}},"featured_image_urls":{"full":["https:\/\/apuntesdesanluis.com\/wp-content\/uploads\/2023\/08\/PAREJA-ACUSADA.png",744,491,false],"thumbnail":["https:\/\/apuntesdesanluis.com\/wp-content\/uploads\/2023\/08\/PAREJA-ACUSADA-150x150.png",150,150,true],"medium":["https:\/\/apuntesdesanluis.com\/wp-content\/uploads\/2023\/08\/PAREJA-ACUSADA-300x198.png",300,198,true],"medium_large":["https:\/\/apuntesdesanluis.com\/wp-content\/uploads\/2023\/08\/PAREJA-ACUSADA.png",640,422,false],"large":["https:\/\/apuntesdesanluis.com\/wp-content\/uploads\/2023\/08\/PAREJA-ACUSADA.png",640,422,false],"1536x1536":["https:\/\/apuntesdesanluis.com\/wp-content\/uploads\/2023\/08\/PAREJA-ACUSADA.png",744,491,false],"2048x2048":["https:\/\/apuntesdesanluis.com\/wp-content\/uploads\/2023\/08\/PAREJA-ACUSADA.png",744,491,false],"newsever-slider-full":["https:\/\/apuntesdesanluis.com\/wp-content\/uploads\/2023\/08\/PAREJA-ACUSADA.png",744,491,false],"newsever-featured":["https:\/\/apuntesdesanluis.com\/wp-content\/uploads\/2023\/08\/PAREJA-ACUSADA.png",744,491,false],"newsever-medium":["https:\/\/apuntesdesanluis.com\/wp-content\/uploads\/2023\/08\/PAREJA-ACUSADA-720x475.png",720,475,true]},"author_info":{"display_name":"apuntesdesanluis.com","author_link":"https:\/\/apuntesdesanluis.com\/index.php\/author\/apuntesdesanluis-com\/"},"category_info":"<a href=\"https:\/\/apuntesdesanluis.com\/index.php\/category\/ciudad-provincia\/\" rel=\"category tag\">Ciudad\/Provincia<\/a>","tag_info":"Ciudad\/Provincia","comment_count":"0","_links":{"self":[{"href":"https:\/\/apuntesdesanluis.com\/index.php\/wp-json\/wp\/v2\/posts\/1621","targetHints":{"allow":["GET"]}}],"collection":[{"href":"https:\/\/apuntesdesanluis.com\/index.php\/wp-json\/wp\/v2\/posts"}],"about":[{"href":"https:\/\/apuntesdesanluis.com\/index.php\/wp-json\/wp\/v2\/types\/post"}],"author":[{"embeddable":true,"href":"https:\/\/apuntesdesanluis.com\/index.php\/wp-json\/wp\/v2\/users\/1"}],"replies":[{"embeddable":true,"href":"https:\/\/apuntesdesanluis.com\/index.php\/wp-json\/wp\/v2\/comments?post=1621"}],"version-history":[{"count":1,"href":"https:\/\/apuntesdesanluis.com\/index.php\/wp-json\/wp\/v2\/posts\/1621\/revisions"}],"predecessor-version":[{"id":1624,"href":"https:\/\/apuntesdesanluis.com\/index.php\/wp-json\/wp\/v2\/posts\/1621\/revisions\/1624"}],"wp:featuredmedia":[{"embeddable":true,"href":"https:\/\/apuntesdesanluis.com\/index.php\/wp-json\/wp\/v2\/media\/1622"}],"wp:attachment":[{"href":"https:\/\/apuntesdesanluis.com\/index.php\/wp-json\/wp\/v2\/media?parent=1621"}],"wp:term":[{"taxonomy":"category","embeddable":true,"href":"https:\/\/apuntesdesanluis.com\/index.php\/wp-json\/wp\/v2\/categories?post=1621"},{"taxonomy":"post_tag","embeddable":true,"href":"https:\/\/apuntesdesanluis.com\/index.php\/wp-json\/wp\/v2\/tags?post=1621"}],"curies":[{"name":"wp","href":"https:\/\/api.w.org\/{rel}","templated":true}]}}